{"id":15397,"date":"2021-07-19T18:52:44","date_gmt":"2021-07-19T15:52:44","guid":{"rendered":"https:\/\/super-news.info\/es\/escriva-avanza-que-la-afiliacion-crecera-en-150-000-trabajadores-en-julio-y-superara-los-niveles-precrisis\/"},"modified":"2021-07-19T18:52:45","modified_gmt":"2021-07-19T15:52:45","slug":"escriva-avanza-que-la-afiliacion-crecera-en-150-000-trabajadores-en-julio-y-superara-los-niveles-precrisis","status":"publish","type":"post","link":"https:\/\/super-news.info\/es\/escriva-avanza-que-la-afiliacion-crecera-en-150-000-trabajadores-en-julio-y-superara-los-niveles-precrisis\/","title":{"rendered":"Escriv\u00e1 avanza que la afiliaci\u00f3n crecer\u00e1 en 150.000 trabajadores en julio y superar\u00e1 los niveles precrisis"},"content":{"rendered":"<p>\nLa quinta ola no ha impactado en los datos de empleo del mes, seg\u00fan el ministro<br \/>\nMADRID, 19 (EUROPA PRESS)<br \/>\nEl ministro de Inclusi\u00f3n, Seguridad Social y Migraciones, Jos\u00e9 Luis Escriv\u00e1, ha avanzado este lunes que la afiliaci\u00f3n media en t\u00e9rminos desestacionalizados crecer\u00e1 en 150.000 trabajadores en julio respecto al mes anterior, lo que supone superar as\u00ed los niveles de empleo precrisis.<br \/>\nEn rueda de prensa para presentar los datos de afiliaci\u00f3n correspondientes al mes de julio que elabora el Ministerio a partir del avance quincenal, el ministro ha explicado que, sin el ajuste estacional, julio cerrar\u00e1 con entre 45.000 y 50.000 empleos m\u00e1s de media que el mes anterior.<br \/>\nEscriv\u00e1 ha destacado que el mes de julio est\u00e1 siendo &#8220;extraordinariamente din\u00e1mico&#8221; en t\u00e9rminos de empleo y ha descartado durante su intervenci\u00f3n que la quinta ola de la pandemia est\u00e9 impactando en los datos de empleo durante este mes, se\u00f1alando que en esta ocasi\u00f3n, al contrario que en olas anteriores, se est\u00e1n manteniendo los niveles de actividad.<br \/>\n&#8220;No hay comportamiento que haga pensar que el dinamismo que se inici\u00f3 a principios de mes se haya truncado. No hay se\u00f1ales de que se haya producido una vuelta atr\u00e1s en t\u00e9rminos agregados&#8221;, ha remarcado el titular de Inclusi\u00f3n, Seguridad Social y Migraciones.<br \/>\nY es que seg\u00fan los datos recabados por el Departamento que encabeza, la muestra de afiliados diarios correspondiente al mes de julio refleja que se est\u00e1 creando empleo &#8220;a mayor ritmo que antes de la pandemia&#8221;.<br \/>\nDe los trabajadores m\u00e1s &#8220;beneficiados&#8221;, de acuerdo con Escriv\u00e1, destacan los trabajadores del r\u00e9gimen de aut\u00f3nomos, con un total de 11.000 trabajadores m\u00e1s acumulados estas dos primeras semanas de julio respecto a 2019.<br \/>\n360.000 TRABAJADORES EN ERTE<br \/>\nEn cuanto al volumen de trabajadores afectados por Expedientes de Regulaci\u00f3n Temporal de Empleo, Escriv\u00e1 ha adelantado que a\u00fan quedan 360.000 personas bajo esta figura laboral, aunque ha destacado que en tan solo los primeros quince d\u00edas del mes de julio han salido de esta situaci\u00f3n un total de 87.000. &#8220;Se ha intensificado la salida de trabajadores en ERTE en las \u00faltimas dos semanas&#8221;, ha enfatizado.<br \/>\nDel conjunto de trabajadores que a\u00fan siguen en ERTE, 105.000 trabajadores est\u00e1n en suspensi\u00f3n parcial, manteniendo as\u00ed un porcentaje de la actividad.<br \/>\nDe su lado, el 45% de los ERTE actuales (162.713 personas) son sectoriales, mientras que el 21% (77.209) son de impedimento o limitaci\u00f3n y el 34% restante son anteriores al decreto 30\/2020, que entr\u00f3 en vigor en septiembre del a\u00f1o pasado, y que no reciben exoneraciones a la Seguridad Social.<br \/>\nEscriv\u00e1 ha destacado que desde el \u00faltimo acuerdo entre Gobierno y agentes sociales para prorrogar los ERTE, un total de 180.000 trabajadores han salido de esta situaci\u00f3n, 94.000 en junio y 87.000 en la primera quincena de julio. &#8220;El ritmo de reducci\u00f3n a partir del nuevo esquema est\u00e1 incentivando la activaci\u00f3n de trabajadores en ERTE&#8221;, ha remarcado.<br \/>\nLas actividades con menor recuperaci\u00f3n del nivel prepandemia son las que m\u00e1s siguen recurriendo a los ERTE, seg\u00fan Escriv\u00e1, quien ha explicado que solo los sectores de transporte a\u00e9reo y agencias de viajes est\u00e1n en t\u00e9rminos relativos en niveles de protecci\u00f3n del empleo superior al 20%.<br \/>\nSobre esto, el ministro ha destacado que todas las comunidades aut\u00f3nomas han reducido de forma &#8220;muy significativas&#8221; su porcentaje de trabajadores en ERTE sobre afiliados, remarcando la situaci\u00f3n en Canarias y en menor medida en Baleares, debido a su vinculaci\u00f3n a la actividad tur\u00edstica.<br \/>\nNo obstante, el ministro ha se\u00f1alado que a 15 de julio, Canarias cuenta a\u00fan con un 9% de sus trabajadores en ERTE, mientras que en Baleares es de un 6%. Tras estas dos comunidades, Andaluc\u00eda Catalu\u00f1a y Madrid est\u00e1n por encima del 2% y el resto de regiones por debajo de este porcentaje.<br \/>\nPENALIZACI\u00d3N A CONTRATOS MUY CORTOS, A LA VUELTA DEL VERANO<br \/>\nDurante la presentaci\u00f3n, el ministro ha explicado que hay m\u00e1s de 430.000 afiliados con contrato indefinido respecto a los que hab\u00eda en junio antes de la pandemia, en 2019.<br \/>\nSobre la situaci\u00f3n de la contrataci\u00f3n en Espa\u00f1a, y tras ser preguntado por la intenci\u00f3n del Gobierno de penalizar los contratos de muy corta duraci\u00f3n, el ministro ha explicado que es una medida que siguen afinando, pero cree que a la vuelta del verano se podr\u00e1 &#8220;ver desplegada y concretada&#8221;.<br \/>\n&#8220;Estamos en plazo respecto al compromiso fijado en el Plan de Recuperaci\u00f3n, Transformaci\u00f3n y Resiliencia&#8221;, ha remarcado Escriv\u00e1 en rueda de prensa.<br \/>\nEl gasto en protecci\u00f3n del empleo por parte de la Seguridad Social ha sido de m\u00e1s de 20.000 millones de euros en 2020 y 2021. En concreto, se destinaron un total de 14.400 millones en 2020, mientras que en el primer semestre de 2021 la cantidad es de unos 6.000 millones.<\/p>\n<p>\n<!--noindex--><br \/>\n<a href=\"https:\/\/www.europapress.es\/economia\/laboral-00346\/noticia-escriva-avanza-afiliacion-crecera-150000-trabajadores-julio-superara-niveles-precrisis-20210719134513.html\" rel=\"nofollow\">Source link <\/a><br \/>\n<!--\/noindex--><\/p>\n","protected":false},"excerpt":{"rendered":"<p>La quinta ola no ha impactado en los datos de empleo del mes, seg\u00fan el ministro MADRID, 19 (EUROPA PRESS) El ministro de Inclusi\u00f3n, Seguridad Social y Migraciones, Jos\u00e9 Luis Escriv\u00e1, ha avanzado este lunes que la afiliaci\u00f3n media en t\u00e9rminos desestacionalizados crecer\u00e1 en 150.000 trabajadores en julio respecto al mes anterior, lo que supone [&hellip;]<\/p>\n","protected":false},"author":2,"featured_media":15398,"comment_status":"open","ping_status":"open","sticky":false,"template":"","format":"standard","meta":{"footnotes":""},"categories":[1],"tags":[],"class_list":["post-15397","post","type-post","status-publish","format-standard","has-post-thumbnail","hentry","category-noticias-financieras"],"yoast_head":"<!-- This site is optimized with the Yoast SEO plugin v27.4 - https:\/\/yoast.com\/product\/yoast-seo-wordpress\/ -->\n<title>Escriv\u00e1 avanza que la afiliaci\u00f3n crecer\u00e1 en 150.000 trabajadores en julio y superar\u00e1 los niveles precrisis - Super News<\/title>\n<meta name=\"robots\" content=\"index, follow, max-snippet:-1, max-image-preview:large, max-video-preview:-1\" \/>\n<link rel=\"canonical\" href=\"https:\/\/super-news.info\/es\/escriva-avanza-que-la-afiliacion-crecera-en-150-000-trabajadores-en-julio-y-superara-los-niveles-precrisis\/\" \/>\n<meta property=\"og:locale\" content=\"en_US\" \/>\n<meta property=\"og:type\" content=\"article\" \/>\n<meta property=\"og:title\" content=\"Escriv\u00e1 avanza que la afiliaci\u00f3n crecer\u00e1 en 150.000 trabajadores en julio y superar\u00e1 los niveles precrisis - Super News\" \/>\n<meta property=\"og:description\" content=\"La quinta ola no ha impactado en los datos de empleo del mes, seg\u00fan el ministro MADRID, 19 (EUROPA PRESS) El ministro de Inclusi\u00f3n, Seguridad Social y Migraciones, Jos\u00e9 Luis Escriv\u00e1, ha avanzado este lunes que la afiliaci\u00f3n media en t\u00e9rminos desestacionalizados crecer\u00e1 en 150.000 trabajadores en julio respecto al mes anterior, lo que supone [&hellip;]\" \/>\n<meta property=\"og:url\" content=\"https:\/\/super-news.info\/es\/escriva-avanza-que-la-afiliacion-crecera-en-150-000-trabajadores-en-julio-y-superara-los-niveles-precrisis\/\" \/>\n<meta property=\"og:site_name\" content=\"Super News\" \/>\n<meta property=\"article:published_time\" content=\"2021-07-19T15:52:44+00:00\" \/>\n<meta property=\"article:modified_time\" content=\"2021-07-19T15:52:45+00:00\" \/>\n<meta property=\"og:image\" content=\"https:\/\/super-news.info\/es\/wp-content\/uploads\/sites\/4\/2021\/07\/Escriva-avanza-que-la-afiliacion-crecera-en-150000-trabajadores-en.jpg\" \/>\n\t<meta property=\"og:image:width\" content=\"120\" \/>\n\t<meta property=\"og:image:height\" content=\"80\" \/>\n\t<meta property=\"og:image:type\" content=\"image\/jpeg\" \/>\n<meta name=\"author\" content=\"super-news\" \/>\n<meta name=\"twitter:card\" content=\"summary_large_image\" \/>\n<meta name=\"twitter:label1\" content=\"Written by\" \/>\n\t<meta name=\"twitter:data1\" content=\"super-news\" \/>\n\t<meta name=\"twitter:label2\" content=\"Est. reading time\" \/>\n\t<meta name=\"twitter:data2\" content=\"4 minutes\" \/>\n<script type=\"application\/ld+json\" class=\"yoast-schema-graph\">{\"@context\":\"https:\\\/\\\/schema.org\",\"@graph\":[{\"@type\":\"Article\",\"@id\":\"https:\\\/\\\/super-news.info\\\/es\\\/escriva-avanza-que-la-afiliacion-crecera-en-150-000-trabajadores-en-julio-y-superara-los-niveles-precrisis\\\/#article\",\"isPartOf\":{\"@id\":\"https:\\\/\\\/super-news.info\\\/es\\\/escriva-avanza-que-la-afiliacion-crecera-en-150-000-trabajadores-en-julio-y-superara-los-niveles-precrisis\\\/\"},\"author\":{\"name\":\"super-news\",\"@id\":\"https:\\\/\\\/super-news.info\\\/es\\\/#\\\/schema\\\/person\\\/2d4068cb2f39cd10008c2fce578a7356\"},\"headline\":\"Escriv\u00e1 avanza que la afiliaci\u00f3n crecer\u00e1 en 150.000 trabajadores en julio y superar\u00e1 los niveles precrisis\",\"datePublished\":\"2021-07-19T15:52:44+00:00\",\"dateModified\":\"2021-07-19T15:52:45+00:00\",\"mainEntityOfPage\":{\"@id\":\"https:\\\/\\\/super-news.info\\\/es\\\/escriva-avanza-que-la-afiliacion-crecera-en-150-000-trabajadores-en-julio-y-superara-los-niveles-precrisis\\\/\"},\"wordCount\":830,\"commentCount\":0,\"image\":{\"@id\":\"https:\\\/\\\/super-news.info\\\/es\\\/escriva-avanza-que-la-afiliacion-crecera-en-150-000-trabajadores-en-julio-y-superara-los-niveles-precrisis\\\/#primaryimage\"},\"thumbnailUrl\":\"https:\\\/\\\/super-news.info\\\/es\\\/wp-content\\\/uploads\\\/sites\\\/4\\\/2021\\\/07\\\/Escriva-avanza-que-la-afiliacion-crecera-en-150000-trabajadores-en.jpg\",\"articleSection\":[\"NOTICIAS FINANCIERAS\"],\"inLanguage\":\"en-US\",\"potentialAction\":[{\"@type\":\"CommentAction\",\"name\":\"Comment\",\"target\":[\"https:\\\/\\\/super-news.info\\\/es\\\/escriva-avanza-que-la-afiliacion-crecera-en-150-000-trabajadores-en-julio-y-superara-los-niveles-precrisis\\\/#respond\"]}]},{\"@type\":\"WebPage\",\"@id\":\"https:\\\/\\\/super-news.info\\\/es\\\/escriva-avanza-que-la-afiliacion-crecera-en-150-000-trabajadores-en-julio-y-superara-los-niveles-precrisis\\\/\",\"url\":\"https:\\\/\\\/super-news.info\\\/es\\\/escriva-avanza-que-la-afiliacion-crecera-en-150-000-trabajadores-en-julio-y-superara-los-niveles-precrisis\\\/\",\"name\":\"Escriv\u00e1 avanza que la afiliaci\u00f3n crecer\u00e1 en 150.000 trabajadores en julio y superar\u00e1 los niveles precrisis - Super News\",\"isPartOf\":{\"@id\":\"https:\\\/\\\/super-news.info\\\/es\\\/#website\"},\"primaryImageOfPage\":{\"@id\":\"https:\\\/\\\/super-news.info\\\/es\\\/escriva-avanza-que-la-afiliacion-crecera-en-150-000-trabajadores-en-julio-y-superara-los-niveles-precrisis\\\/#primaryimage\"},\"image\":{\"@id\":\"https:\\\/\\\/super-news.info\\\/es\\\/escriva-avanza-que-la-afiliacion-crecera-en-150-000-trabajadores-en-julio-y-superara-los-niveles-precrisis\\\/#primaryimage\"},\"thumbnailUrl\":\"https:\\\/\\\/super-news.info\\\/es\\\/wp-content\\\/uploads\\\/sites\\\/4\\\/2021\\\/07\\\/Escriva-avanza-que-la-afiliacion-crecera-en-150000-trabajadores-en.jpg\",\"datePublished\":\"2021-07-19T15:52:44+00:00\",\"dateModified\":\"2021-07-19T15:52:45+00:00\",\"author\":{\"@id\":\"https:\\\/\\\/super-news.info\\\/es\\\/#\\\/schema\\\/person\\\/2d4068cb2f39cd10008c2fce578a7356\"},\"breadcrumb\":{\"@id\":\"https:\\\/\\\/super-news.info\\\/es\\\/escriva-avanza-que-la-afiliacion-crecera-en-150-000-trabajadores-en-julio-y-superara-los-niveles-precrisis\\\/#breadcrumb\"},\"inLanguage\":\"en-US\",\"potentialAction\":[{\"@type\":\"ReadAction\",\"target\":[\"https:\\\/\\\/super-news.info\\\/es\\\/escriva-avanza-que-la-afiliacion-crecera-en-150-000-trabajadores-en-julio-y-superara-los-niveles-precrisis\\\/\"]}]},{\"@type\":\"ImageObject\",\"inLanguage\":\"en-US\",\"@id\":\"https:\\\/\\\/super-news.info\\\/es\\\/escriva-avanza-que-la-afiliacion-crecera-en-150-000-trabajadores-en-julio-y-superara-los-niveles-precrisis\\\/#primaryimage\",\"url\":\"https:\\\/\\\/super-news.info\\\/es\\\/wp-content\\\/uploads\\\/sites\\\/4\\\/2021\\\/07\\\/Escriva-avanza-que-la-afiliacion-crecera-en-150000-trabajadores-en.jpg\",\"contentUrl\":\"https:\\\/\\\/super-news.info\\\/es\\\/wp-content\\\/uploads\\\/sites\\\/4\\\/2021\\\/07\\\/Escriva-avanza-que-la-afiliacion-crecera-en-150000-trabajadores-en.jpg\",\"width\":120,\"height\":80,\"caption\":\"Escriv\u00e1 avanza que la afiliaci\u00f3n crecer\u00e1 en 150.000 trabajadores en julio y superar\u00e1 los niveles precrisis\"},{\"@type\":\"BreadcrumbList\",\"@id\":\"https:\\\/\\\/super-news.info\\\/es\\\/escriva-avanza-que-la-afiliacion-crecera-en-150-000-trabajadores-en-julio-y-superara-los-niveles-precrisis\\\/#breadcrumb\",\"itemListElement\":[{\"@type\":\"ListItem\",\"position\":1,\"name\":\"\u0413\u043b\u0430\u0432\u043d\u0430\u044f \u0441\u0442\u0440\u0430\u043d\u0438\u0446\u0430\",\"item\":\"https:\\\/\\\/super-news.info\\\/es\\\/\"},{\"@type\":\"ListItem\",\"position\":2,\"name\":\"Escriv\u00e1 avanza que la afiliaci\u00f3n crecer\u00e1 en 150.000 trabajadores en julio y superar\u00e1 los niveles precrisis\"}]},{\"@type\":\"WebSite\",\"@id\":\"https:\\\/\\\/super-news.info\\\/es\\\/#website\",\"url\":\"https:\\\/\\\/super-news.info\\\/es\\\/\",\"name\":\"Super News\",\"description\":\"Super News Espa\u00f1a\",\"potentialAction\":[{\"@type\":\"SearchAction\",\"target\":{\"@type\":\"EntryPoint\",\"urlTemplate\":\"https:\\\/\\\/super-news.info\\\/es\\\/?s={search_term_string}\"},\"query-input\":{\"@type\":\"PropertyValueSpecification\",\"valueRequired\":true,\"valueName\":\"search_term_string\"}}],\"inLanguage\":\"en-US\"},{\"@type\":\"Person\",\"@id\":\"https:\\\/\\\/super-news.info\\\/es\\\/#\\\/schema\\\/person\\\/2d4068cb2f39cd10008c2fce578a7356\",\"name\":\"super-news\",\"image\":{\"@type\":\"ImageObject\",\"inLanguage\":\"en-US\",\"@id\":\"https:\\\/\\\/secure.gravatar.com\\\/avatar\\\/64ebac40b93f26a154f8a9b5b6fdccfc46f442b26b3dd6756dbff3bf9dc76fd7?s=96&d=mm&r=g\",\"url\":\"https:\\\/\\\/secure.gravatar.com\\\/avatar\\\/64ebac40b93f26a154f8a9b5b6fdccfc46f442b26b3dd6756dbff3bf9dc76fd7?s=96&d=mm&r=g\",\"contentUrl\":\"https:\\\/\\\/secure.gravatar.com\\\/avatar\\\/64ebac40b93f26a154f8a9b5b6fdccfc46f442b26b3dd6756dbff3bf9dc76fd7?s=96&d=mm&r=g\",\"caption\":\"super-news\"},\"url\":\"https:\\\/\\\/super-news.info\\\/es\\\/author\\\/pt\\\/\"}]}<\/script>\n<!-- \/ Yoast SEO plugin. -->","yoast_head_json":{"title":"Escriv\u00e1 avanza que la afiliaci\u00f3n crecer\u00e1 en 150.000 trabajadores en julio y superar\u00e1 los niveles precrisis - Super News","robots":{"index":"index","follow":"follow","max-snippet":"max-snippet:-1","max-image-preview":"max-image-preview:large","max-video-preview":"max-video-preview:-1"},"canonical":"https:\/\/super-news.info\/es\/escriva-avanza-que-la-afiliacion-crecera-en-150-000-trabajadores-en-julio-y-superara-los-niveles-precrisis\/","og_locale":"en_US","og_type":"article","og_title":"Escriv\u00e1 avanza que la afiliaci\u00f3n crecer\u00e1 en 150.000 trabajadores en julio y superar\u00e1 los niveles precrisis - Super News","og_description":"La quinta ola no ha impactado en los datos de empleo del mes, seg\u00fan el ministro MADRID, 19 (EUROPA PRESS) El ministro de Inclusi\u00f3n, Seguridad Social y Migraciones, Jos\u00e9 Luis Escriv\u00e1, ha avanzado este lunes que la afiliaci\u00f3n media en t\u00e9rminos desestacionalizados crecer\u00e1 en 150.000 trabajadores en julio respecto al mes anterior, lo que supone [&hellip;]","og_url":"https:\/\/super-news.info\/es\/escriva-avanza-que-la-afiliacion-crecera-en-150-000-trabajadores-en-julio-y-superara-los-niveles-precrisis\/","og_site_name":"Super News","article_published_time":"2021-07-19T15:52:44+00:00","article_modified_time":"2021-07-19T15:52:45+00:00","og_image":[{"width":120,"height":80,"url":"https:\/\/super-news.info\/es\/wp-content\/uploads\/sites\/4\/2021\/07\/Escriva-avanza-que-la-afiliacion-crecera-en-150000-trabajadores-en.jpg","type":"image\/jpeg"}],"author":"super-news","twitter_card":"summary_large_image","twitter_misc":{"Written by":"super-news","Est. reading time":"4 minutes"},"schema":{"@context":"https:\/\/schema.org","@graph":[{"@type":"Article","@id":"https:\/\/super-news.info\/es\/escriva-avanza-que-la-afiliacion-crecera-en-150-000-trabajadores-en-julio-y-superara-los-niveles-precrisis\/#article","isPartOf":{"@id":"https:\/\/super-news.info\/es\/escriva-avanza-que-la-afiliacion-crecera-en-150-000-trabajadores-en-julio-y-superara-los-niveles-precrisis\/"},"author":{"name":"super-news","@id":"https:\/\/super-news.info\/es\/#\/schema\/person\/2d4068cb2f39cd10008c2fce578a7356"},"headline":"Escriv\u00e1 avanza que la afiliaci\u00f3n crecer\u00e1 en 150.000 trabajadores en julio y superar\u00e1 los niveles precrisis","datePublished":"2021-07-19T15:52:44+00:00","dateModified":"2021-07-19T15:52:45+00:00","mainEntityOfPage":{"@id":"https:\/\/super-news.info\/es\/escriva-avanza-que-la-afiliacion-crecera-en-150-000-trabajadores-en-julio-y-superara-los-niveles-precrisis\/"},"wordCount":830,"commentCount":0,"image":{"@id":"https:\/\/super-news.info\/es\/escriva-avanza-que-la-afiliacion-crecera-en-150-000-trabajadores-en-julio-y-superara-los-niveles-precrisis\/#primaryimage"},"thumbnailUrl":"https:\/\/super-news.info\/es\/wp-content\/uploads\/sites\/4\/2021\/07\/Escriva-avanza-que-la-afiliacion-crecera-en-150000-trabajadores-en.jpg","articleSection":["NOTICIAS FINANCIERAS"],"inLanguage":"en-US","potentialAction":[{"@type":"CommentAction","name":"Comment","target":["https:\/\/super-news.info\/es\/escriva-avanza-que-la-afiliacion-crecera-en-150-000-trabajadores-en-julio-y-superara-los-niveles-precrisis\/#respond"]}]},{"@type":"WebPage","@id":"https:\/\/super-news.info\/es\/escriva-avanza-que-la-afiliacion-crecera-en-150-000-trabajadores-en-julio-y-superara-los-niveles-precrisis\/","url":"https:\/\/super-news.info\/es\/escriva-avanza-que-la-afiliacion-crecera-en-150-000-trabajadores-en-julio-y-superara-los-niveles-precrisis\/","name":"Escriv\u00e1 avanza que la afiliaci\u00f3n crecer\u00e1 en 150.000 trabajadores en julio y superar\u00e1 los niveles precrisis - Super News","isPartOf":{"@id":"https:\/\/super-news.info\/es\/#website"},"primaryImageOfPage":{"@id":"https:\/\/super-news.info\/es\/escriva-avanza-que-la-afiliacion-crecera-en-150-000-trabajadores-en-julio-y-superara-los-niveles-precrisis\/#primaryimage"},"image":{"@id":"https:\/\/super-news.info\/es\/escriva-avanza-que-la-afiliacion-crecera-en-150-000-trabajadores-en-julio-y-superara-los-niveles-precrisis\/#primaryimage"},"thumbnailUrl":"https:\/\/super-news.info\/es\/wp-content\/uploads\/sites\/4\/2021\/07\/Escriva-avanza-que-la-afiliacion-crecera-en-150000-trabajadores-en.jpg","datePublished":"2021-07-19T15:52:44+00:00","dateModified":"2021-07-19T15:52:45+00:00","author":{"@id":"https:\/\/super-news.info\/es\/#\/schema\/person\/2d4068cb2f39cd10008c2fce578a7356"},"breadcrumb":{"@id":"https:\/\/super-news.info\/es\/escriva-avanza-que-la-afiliacion-crecera-en-150-000-trabajadores-en-julio-y-superara-los-niveles-precrisis\/#breadcrumb"},"inLanguage":"en-US","potentialAction":[{"@type":"ReadAction","target":["https:\/\/super-news.info\/es\/escriva-avanza-que-la-afiliacion-crecera-en-150-000-trabajadores-en-julio-y-superara-los-niveles-precrisis\/"]}]},{"@type":"ImageObject","inLanguage":"en-US","@id":"https:\/\/super-news.info\/es\/escriva-avanza-que-la-afiliacion-crecera-en-150-000-trabajadores-en-julio-y-superara-los-niveles-precrisis\/#primaryimage","url":"https:\/\/super-news.info\/es\/wp-content\/uploads\/sites\/4\/2021\/07\/Escriva-avanza-que-la-afiliacion-crecera-en-150000-trabajadores-en.jpg","contentUrl":"https:\/\/super-news.info\/es\/wp-content\/uploads\/sites\/4\/2021\/07\/Escriva-avanza-que-la-afiliacion-crecera-en-150000-trabajadores-en.jpg","width":120,"height":80,"caption":"Escriv\u00e1 avanza que la afiliaci\u00f3n crecer\u00e1 en 150.000 trabajadores en julio y superar\u00e1 los niveles precrisis"},{"@type":"BreadcrumbList","@id":"https:\/\/super-news.info\/es\/escriva-avanza-que-la-afiliacion-crecera-en-150-000-trabajadores-en-julio-y-superara-los-niveles-precrisis\/#breadcrumb","itemListElement":[{"@type":"ListItem","position":1,"name":"\u0413\u043b\u0430\u0432\u043d\u0430\u044f \u0441\u0442\u0440\u0430\u043d\u0438\u0446\u0430","item":"https:\/\/super-news.info\/es\/"},{"@type":"ListItem","position":2,"name":"Escriv\u00e1 avanza que la afiliaci\u00f3n crecer\u00e1 en 150.000 trabajadores en julio y superar\u00e1 los niveles precrisis"}]},{"@type":"WebSite","@id":"https:\/\/super-news.info\/es\/#website","url":"https:\/\/super-news.info\/es\/","name":"Super News","description":"Super News Espa\u00f1a","potentialAction":[{"@type":"SearchAction","target":{"@type":"EntryPoint","urlTemplate":"https:\/\/super-news.info\/es\/?s={search_term_string}"},"query-input":{"@type":"PropertyValueSpecification","valueRequired":true,"valueName":"search_term_string"}}],"inLanguage":"en-US"},{"@type":"Person","@id":"https:\/\/super-news.info\/es\/#\/schema\/person\/2d4068cb2f39cd10008c2fce578a7356","name":"super-news","image":{"@type":"ImageObject","inLanguage":"en-US","@id":"https:\/\/secure.gravatar.com\/avatar\/64ebac40b93f26a154f8a9b5b6fdccfc46f442b26b3dd6756dbff3bf9dc76fd7?s=96&d=mm&r=g","url":"https:\/\/secure.gravatar.com\/avatar\/64ebac40b93f26a154f8a9b5b6fdccfc46f442b26b3dd6756dbff3bf9dc76fd7?s=96&d=mm&r=g","contentUrl":"https:\/\/secure.gravatar.com\/avatar\/64ebac40b93f26a154f8a9b5b6fdccfc46f442b26b3dd6756dbff3bf9dc76fd7?s=96&d=mm&r=g","caption":"super-news"},"url":"https:\/\/super-news.info\/es\/author\/pt\/"}]}},"_links":{"self":[{"href":"https:\/\/super-news.info\/es\/wp-json\/wp\/v2\/posts\/15397","targetHints":{"allow":["GET"]}}],"collection":[{"href":"https:\/\/super-news.info\/es\/wp-json\/wp\/v2\/posts"}],"about":[{"href":"https:\/\/super-news.info\/es\/wp-json\/wp\/v2\/types\/post"}],"author":[{"embeddable":true,"href":"https:\/\/super-news.info\/es\/wp-json\/wp\/v2\/users\/2"}],"replies":[{"embeddable":true,"href":"https:\/\/super-news.info\/es\/wp-json\/wp\/v2\/comments?post=15397"}],"version-history":[{"count":1,"href":"https:\/\/super-news.info\/es\/wp-json\/wp\/v2\/posts\/15397\/revisions"}],"predecessor-version":[{"id":15399,"href":"https:\/\/super-news.info\/es\/wp-json\/wp\/v2\/posts\/15397\/revisions\/15399"}],"wp:featuredmedia":[{"embeddable":true,"href":"https:\/\/super-news.info\/es\/wp-json\/wp\/v2\/media\/15398"}],"wp:attachment":[{"href":"https:\/\/super-news.info\/es\/wp-json\/wp\/v2\/media?parent=15397"}],"wp:term":[{"taxonomy":"category","embeddable":true,"href":"https:\/\/super-news.info\/es\/wp-json\/wp\/v2\/categories?post=15397"},{"taxonomy":"post_tag","embeddable":true,"href":"https:\/\/super-news.info\/es\/wp-json\/wp\/v2\/tags?post=15397"}],"curies":[{"name":"wp","href":"https:\/\/api.w.org\/{rel}","templated":true}]}}