{"id":15379,"date":"2021-07-18T06:49:21","date_gmt":"2021-07-18T03:49:21","guid":{"rendered":"http:\/\/super-news.info\/es\/planas-pide-a-las-ccaa-aportar-al-plan-de-la-pac-y-avisa-el-avion-despega-el-31-de-diciembre-y-hay-que-estar-a-bordo\/"},"modified":"2021-07-18T06:49:22","modified_gmt":"2021-07-18T03:49:22","slug":"planas-pide-a-las-ccaa-aportar-al-plan-de-la-pac-y-avisa-el-avion-despega-el-31-de-diciembre-y-hay-que-estar-a-bordo","status":"publish","type":"post","link":"https:\/\/super-news.info\/es\/planas-pide-a-las-ccaa-aportar-al-plan-de-la-pac-y-avisa-el-avion-despega-el-31-de-diciembre-y-hay-que-estar-a-bordo\/","title":{"rendered":"Planas pide a las CCAA aportar al plan de la PAC y avisa: &#8220;El avi\u00f3n despega el 31 de diciembre y hay que estar a bordo&#8221;"},"content":{"rendered":"<p>\nTOLEDO, 17 Jul. (EUROPA PRESS) &#8211;<br \/>\n   El ministro de Agricultura, Luis Planas, ha reclamado a las comunidades aut\u00f3nomas la m\u00e1xima participaci\u00f3n posible en la confecci\u00f3n del plan estrat\u00e9gico nacional a aplicar de cara al pr\u00f3ximo periodo de la PAC entre 2023 y 2027, una participaci\u00f3n que no ser\u00e1 &#8220;necesariamente una aprobaci\u00f3n&#8221; pero s\u00ed una &#8220;referencia com\u00fan&#8221;.<br \/>\n   En una entrevista en el programa &#8216;A pie de campo&#8217; en Castilla-La Mancha Media recogida por Europa Press, Luis Planas ha defendido que el dise\u00f1o de esta plan estrat\u00e9gico forma parte de un procedimiento &#8220;natural&#8221; en el cual &#8220;cada uno juega su papel&#8221;, y Espa\u00f1a, como pa\u00eds diverso y &#8220;con voluntades distintas del norte al sur&#8221;, encontrar\u00e1 la &#8220;plantilla com\u00fan&#8221; que rija los designios de la futura pol\u00edtica agraria.<br \/>\n   Tras la reuni\u00f3n mantenida esta semana con los distintos consejeros del ramo para abordar este asunto, ha querido valorar el trabajo de todos ellos, reconociendo que Espa\u00f1a es &#8220;un pa\u00eds muy diverso&#8221; que obliga a que su plan estrat\u00e9gico nacional sirva a modo de &#8220;plantilla com\u00fan al conjunto de la PAC&#8221; en lo que se refiere a ayudas directas y al desarrollo rural.<br \/>\n   Admitiendo que Espa\u00f1a es un &#8220;Estado auton\u00f3mico&#8221;, ha aseverado que su voluntad y la del Gobierno es concitar esa &#8220;m\u00e1xima participaci\u00f3n&#8221; de comunidades aut\u00f3nomas, una participaci\u00f3n que no ha de pasar &#8220;necesariamente por una aprobaci\u00f3n&#8221;. &#8220;Lo que quiero es tener una referencia com\u00fan. No hay mejor base que la que ha planteado el Ministerio y el Gobierno&#8221;, ha afirmado.<br \/>\n   En este sentido, se ha erigido como &#8220;\u00e1rbitro&#8221;, de esos que &#8220;hablan mucho con los jugadores&#8221;, sin perder de vista que hay &#8220;una fecha&#8221; para conseguir blindar ese plan y advirtiendo. &#8220;El avi\u00f3n despega el 31 de diciembre y tenemos que estar a bordo&#8221;.<br \/>\nNO APRECIA OPOSICIONES POL\u00cdTICAS, S\u00cd &#8220;INTERESES COMUNES&#8221;<br \/>\n   De este modo, la hoja de ruta pasa por el hecho de que en el primer trimestre de 2022 la Comisi\u00f3n Europea tendr\u00e1 que dar el visto bueno al plan planteado por Espa\u00f1a, y aqu\u00ed &#8220;lo importante es que, en lo sustancial, las comunidades aut\u00f3nomas por asentimiento ya han dicho por unanimidad que este es el buen camino&#8221;.<br \/>\n   En su opini\u00f3n y tras las distintas reuniones mantenidas, asegura el titular de Agricultura que entre los consejeros no ha comprobado posturas &#8220;basadas en etiquetas pol\u00edticas o de bloques&#8221;.<br \/>\n   S\u00ed que ha visto, en cambio, &#8220;coincidencias, pero en base a situaciones de intereses comunes como en torno al agricultor activo&#8221;.<br \/>\n  &#8220;Hay una parte que piensa que la parte de la renta general del agricultor activo debe ser la base para el c\u00e1lculo, pero hay otra parte de Espa\u00f1a que tiene una realidad donde hay agricultores y ganaderos que no s\u00f3lo son esos. Porque hay a tiempo parcial, o de manera ocasional, ha detallado.<br \/>\n   Por ello ve m\u00e1s equilibrado un reparto a 20 regiones agrarias que a 6, siendo esa la tasa entendida como &#8220;un buen punto de equilibrio&#8221;.<br \/>\n   Ahora, el problema es doble. Por un lado, &#8220;Bruselas ha dicho que hay que reducir de forma significativa el n\u00famero de regiones y avanzar en la convergencia&#8221;, al tiempo que &#8220;la diversidad agron\u00f3mica de Espa\u00f1a y la actividad de los agricultores necesita un elemento de continuidad&#8221;.<br \/>\nLAS AYUDAS AL OLIVAR TRADICIONAL, POR LA AGRUPACI\u00d3N COLECTIVA<br \/>\n   Preguntado por la situaci\u00f3n del olivar tradicional, ha admitido que se ve &#8220;c\u00f3mo cada vez se produce un foso mayor entre los agricultores de intensivo y los del tradicional con m\u00e1s superficie y menor rendimiento&#8221;.<br \/>\n   &#8220;Es muy importante la orientaci\u00f3n al olivar tradicional. Debemos primar aquellos elementos de reagrupamiento de los peque\u00f1os productores que les permita ser m\u00e1s competitivos para recibir esta ayuda comunitaria. Hay otros mecanismos por pagos de apoyo a la renta o los eco-esquemas, pero hay que darle una prima a todo aqu\u00e9l que se agrupe&#8221;, ha reivindicado.<br \/>\n<br \/>\n<!--noindex--><br \/>\n<a href=\"https:\/\/www.europapress.es\/galicia\/agro-00246\/noticia-planas-pide-ccaa-aportar-plan-pac-avisa-avion-despega-31-diciembre-hay-estar-bordo-20210717101752.html\" rel=\"nofollow\">Source link <\/a><br \/>\n<!--\/noindex--><\/p>\n","protected":false},"excerpt":{"rendered":"<p>TOLEDO, 17 Jul. (EUROPA PRESS) &#8211; El ministro de Agricultura, Luis Planas, ha reclamado a las comunidades aut\u00f3nomas la m\u00e1xima participaci\u00f3n posible en la confecci\u00f3n del plan estrat\u00e9gico nacional a aplicar de cara al pr\u00f3ximo periodo de la PAC entre 2023 y 2027, una participaci\u00f3n que no ser\u00e1 &#8220;necesariamente una aprobaci\u00f3n&#8221; pero s\u00ed una &#8220;referencia [&hellip;]<\/p>\n","protected":false},"author":2,"featured_media":15380,"comment_status":"open","ping_status":"open","sticky":false,"template":"","format":"standard","meta":{"footnotes":""},"categories":[1],"tags":[],"class_list":["post-15379","post","type-post","status-publish","format-standard","has-post-thumbnail","hentry","category-noticias-financieras"],"yoast_head":"<!-- This site is optimized with the Yoast SEO plugin v27.4 - https:\/\/yoast.com\/product\/yoast-seo-wordpress\/ -->\n<title>Planas pide a las CCAA aportar al plan de la PAC y avisa: &quot;El avi\u00f3n despega el 31 de diciembre y hay que estar a bordo&quot; - Super News<\/title>\n<meta name=\"robots\" content=\"index, follow, max-snippet:-1, max-image-preview:large, max-video-preview:-1\" \/>\n<link rel=\"canonical\" href=\"https:\/\/super-news.info\/es\/planas-pide-a-las-ccaa-aportar-al-plan-de-la-pac-y-avisa-el-avion-despega-el-31-de-diciembre-y-hay-que-estar-a-bordo\/\" \/>\n<meta property=\"og:locale\" content=\"en_US\" \/>\n<meta property=\"og:type\" content=\"article\" \/>\n<meta property=\"og:title\" content=\"Planas pide a las CCAA aportar al plan de la PAC y avisa: &quot;El avi\u00f3n despega el 31 de diciembre y hay que estar a bordo&quot; - Super News\" \/>\n<meta property=\"og:description\" content=\"TOLEDO, 17 Jul. (EUROPA PRESS) &#8211; El ministro de Agricultura, Luis Planas, ha reclamado a las comunidades aut\u00f3nomas la m\u00e1xima participaci\u00f3n posible en la confecci\u00f3n del plan estrat\u00e9gico nacional a aplicar de cara al pr\u00f3ximo periodo de la PAC entre 2023 y 2027, una participaci\u00f3n que no ser\u00e1 &#8220;necesariamente una aprobaci\u00f3n&#8221; pero s\u00ed una &#8220;referencia [&hellip;]\" \/>\n<meta property=\"og:url\" content=\"https:\/\/super-news.info\/es\/planas-pide-a-las-ccaa-aportar-al-plan-de-la-pac-y-avisa-el-avion-despega-el-31-de-diciembre-y-hay-que-estar-a-bordo\/\" \/>\n<meta property=\"og:site_name\" content=\"Super News\" \/>\n<meta property=\"article:published_time\" content=\"2021-07-18T03:49:21+00:00\" \/>\n<meta property=\"article:modified_time\" content=\"2021-07-18T03:49:22+00:00\" \/>\n<meta property=\"og:image\" content=\"https:\/\/super-news.info\/es\/wp-content\/uploads\/sites\/4\/2021\/07\/Planas-pide-a-las-CCAA-aportar-al-plan-de-la.jpg\" \/>\n\t<meta property=\"og:image:width\" content=\"120\" \/>\n\t<meta property=\"og:image:height\" content=\"80\" \/>\n\t<meta property=\"og:image:type\" content=\"image\/jpeg\" \/>\n<meta name=\"author\" content=\"super-news\" \/>\n<meta name=\"twitter:card\" content=\"summary_large_image\" \/>\n<meta name=\"twitter:label1\" content=\"Written by\" \/>\n\t<meta name=\"twitter:data1\" content=\"super-news\" \/>\n\t<meta name=\"twitter:label2\" content=\"Est. reading time\" \/>\n\t<meta name=\"twitter:data2\" content=\"3 minutes\" \/>\n<script type=\"application\/ld+json\" class=\"yoast-schema-graph\">{\"@context\":\"https:\\\/\\\/schema.org\",\"@graph\":[{\"@type\":\"Article\",\"@id\":\"https:\\\/\\\/super-news.info\\\/es\\\/planas-pide-a-las-ccaa-aportar-al-plan-de-la-pac-y-avisa-el-avion-despega-el-31-de-diciembre-y-hay-que-estar-a-bordo\\\/#article\",\"isPartOf\":{\"@id\":\"https:\\\/\\\/super-news.info\\\/es\\\/planas-pide-a-las-ccaa-aportar-al-plan-de-la-pac-y-avisa-el-avion-despega-el-31-de-diciembre-y-hay-que-estar-a-bordo\\\/\"},\"author\":{\"name\":\"super-news\",\"@id\":\"https:\\\/\\\/super-news.info\\\/es\\\/#\\\/schema\\\/person\\\/2d4068cb2f39cd10008c2fce578a7356\"},\"headline\":\"Planas pide a las CCAA aportar al plan de la PAC y avisa: &#8220;El avi\u00f3n despega el 31 de diciembre y hay que estar a bordo&#8221;\",\"datePublished\":\"2021-07-18T03:49:21+00:00\",\"dateModified\":\"2021-07-18T03:49:22+00:00\",\"mainEntityOfPage\":{\"@id\":\"https:\\\/\\\/super-news.info\\\/es\\\/planas-pide-a-las-ccaa-aportar-al-plan-de-la-pac-y-avisa-el-avion-despega-el-31-de-diciembre-y-hay-que-estar-a-bordo\\\/\"},\"wordCount\":701,\"commentCount\":0,\"image\":{\"@id\":\"https:\\\/\\\/super-news.info\\\/es\\\/planas-pide-a-las-ccaa-aportar-al-plan-de-la-pac-y-avisa-el-avion-despega-el-31-de-diciembre-y-hay-que-estar-a-bordo\\\/#primaryimage\"},\"thumbnailUrl\":\"https:\\\/\\\/super-news.info\\\/es\\\/wp-content\\\/uploads\\\/sites\\\/4\\\/2021\\\/07\\\/Planas-pide-a-las-CCAA-aportar-al-plan-de-la.jpg\",\"articleSection\":[\"NOTICIAS FINANCIERAS\"],\"inLanguage\":\"en-US\",\"potentialAction\":[{\"@type\":\"CommentAction\",\"name\":\"Comment\",\"target\":[\"https:\\\/\\\/super-news.info\\\/es\\\/planas-pide-a-las-ccaa-aportar-al-plan-de-la-pac-y-avisa-el-avion-despega-el-31-de-diciembre-y-hay-que-estar-a-bordo\\\/#respond\"]}]},{\"@type\":\"WebPage\",\"@id\":\"https:\\\/\\\/super-news.info\\\/es\\\/planas-pide-a-las-ccaa-aportar-al-plan-de-la-pac-y-avisa-el-avion-despega-el-31-de-diciembre-y-hay-que-estar-a-bordo\\\/\",\"url\":\"https:\\\/\\\/super-news.info\\\/es\\\/planas-pide-a-las-ccaa-aportar-al-plan-de-la-pac-y-avisa-el-avion-despega-el-31-de-diciembre-y-hay-que-estar-a-bordo\\\/\",\"name\":\"Planas pide a las CCAA aportar al plan de la PAC y avisa: \\\"El avi\u00f3n despega el 31 de diciembre y hay que estar a bordo\\\" - Super News\",\"isPartOf\":{\"@id\":\"https:\\\/\\\/super-news.info\\\/es\\\/#website\"},\"primaryImageOfPage\":{\"@id\":\"https:\\\/\\\/super-news.info\\\/es\\\/planas-pide-a-las-ccaa-aportar-al-plan-de-la-pac-y-avisa-el-avion-despega-el-31-de-diciembre-y-hay-que-estar-a-bordo\\\/#primaryimage\"},\"image\":{\"@id\":\"https:\\\/\\\/super-news.info\\\/es\\\/planas-pide-a-las-ccaa-aportar-al-plan-de-la-pac-y-avisa-el-avion-despega-el-31-de-diciembre-y-hay-que-estar-a-bordo\\\/#primaryimage\"},\"thumbnailUrl\":\"https:\\\/\\\/super-news.info\\\/es\\\/wp-content\\\/uploads\\\/sites\\\/4\\\/2021\\\/07\\\/Planas-pide-a-las-CCAA-aportar-al-plan-de-la.jpg\",\"datePublished\":\"2021-07-18T03:49:21+00:00\",\"dateModified\":\"2021-07-18T03:49:22+00:00\",\"author\":{\"@id\":\"https:\\\/\\\/super-news.info\\\/es\\\/#\\\/schema\\\/person\\\/2d4068cb2f39cd10008c2fce578a7356\"},\"breadcrumb\":{\"@id\":\"https:\\\/\\\/super-news.info\\\/es\\\/planas-pide-a-las-ccaa-aportar-al-plan-de-la-pac-y-avisa-el-avion-despega-el-31-de-diciembre-y-hay-que-estar-a-bordo\\\/#breadcrumb\"},\"inLanguage\":\"en-US\",\"potentialAction\":[{\"@type\":\"ReadAction\",\"target\":[\"https:\\\/\\\/super-news.info\\\/es\\\/planas-pide-a-las-ccaa-aportar-al-plan-de-la-pac-y-avisa-el-avion-despega-el-31-de-diciembre-y-hay-que-estar-a-bordo\\\/\"]}]},{\"@type\":\"ImageObject\",\"inLanguage\":\"en-US\",\"@id\":\"https:\\\/\\\/super-news.info\\\/es\\\/planas-pide-a-las-ccaa-aportar-al-plan-de-la-pac-y-avisa-el-avion-despega-el-31-de-diciembre-y-hay-que-estar-a-bordo\\\/#primaryimage\",\"url\":\"https:\\\/\\\/super-news.info\\\/es\\\/wp-content\\\/uploads\\\/sites\\\/4\\\/2021\\\/07\\\/Planas-pide-a-las-CCAA-aportar-al-plan-de-la.jpg\",\"contentUrl\":\"https:\\\/\\\/super-news.info\\\/es\\\/wp-content\\\/uploads\\\/sites\\\/4\\\/2021\\\/07\\\/Planas-pide-a-las-CCAA-aportar-al-plan-de-la.jpg\",\"width\":120,\"height\":80,\"caption\":\"Planas pide a las CCAA aportar al plan de la PAC y avisa: \\\"El avi\u00f3n despega el 31 de diciembre y hay que estar a bordo\\\"\"},{\"@type\":\"BreadcrumbList\",\"@id\":\"https:\\\/\\\/super-news.info\\\/es\\\/planas-pide-a-las-ccaa-aportar-al-plan-de-la-pac-y-avisa-el-avion-despega-el-31-de-diciembre-y-hay-que-estar-a-bordo\\\/#breadcrumb\",\"itemListElement\":[{\"@type\":\"ListItem\",\"position\":1,\"name\":\"\u0413\u043b\u0430\u0432\u043d\u0430\u044f \u0441\u0442\u0440\u0430\u043d\u0438\u0446\u0430\",\"item\":\"https:\\\/\\\/super-news.info\\\/es\\\/\"},{\"@type\":\"ListItem\",\"position\":2,\"name\":\"Planas pide a las CCAA aportar al plan de la PAC y avisa: &#8220;El avi\u00f3n despega el 31 de diciembre y hay que estar a bordo&#8221;\"}]},{\"@type\":\"WebSite\",\"@id\":\"https:\\\/\\\/super-news.info\\\/es\\\/#website\",\"url\":\"https:\\\/\\\/super-news.info\\\/es\\\/\",\"name\":\"Super News\",\"description\":\"Super News Espa\u00f1a\",\"potentialAction\":[{\"@type\":\"SearchAction\",\"target\":{\"@type\":\"EntryPoint\",\"urlTemplate\":\"https:\\\/\\\/super-news.info\\\/es\\\/?s={search_term_string}\"},\"query-input\":{\"@type\":\"PropertyValueSpecification\",\"valueRequired\":true,\"valueName\":\"search_term_string\"}}],\"inLanguage\":\"en-US\"},{\"@type\":\"Person\",\"@id\":\"https:\\\/\\\/super-news.info\\\/es\\\/#\\\/schema\\\/person\\\/2d4068cb2f39cd10008c2fce578a7356\",\"name\":\"super-news\",\"image\":{\"@type\":\"ImageObject\",\"inLanguage\":\"en-US\",\"@id\":\"https:\\\/\\\/secure.gravatar.com\\\/avatar\\\/64ebac40b93f26a154f8a9b5b6fdccfc46f442b26b3dd6756dbff3bf9dc76fd7?s=96&d=mm&r=g\",\"url\":\"https:\\\/\\\/secure.gravatar.com\\\/avatar\\\/64ebac40b93f26a154f8a9b5b6fdccfc46f442b26b3dd6756dbff3bf9dc76fd7?s=96&d=mm&r=g\",\"contentUrl\":\"https:\\\/\\\/secure.gravatar.com\\\/avatar\\\/64ebac40b93f26a154f8a9b5b6fdccfc46f442b26b3dd6756dbff3bf9dc76fd7?s=96&d=mm&r=g\",\"caption\":\"super-news\"},\"url\":\"https:\\\/\\\/super-news.info\\\/es\\\/author\\\/pt\\\/\"}]}<\/script>\n<!-- \/ Yoast SEO plugin. -->","yoast_head_json":{"title":"Planas pide a las CCAA aportar al plan de la PAC y avisa: \"El avi\u00f3n despega el 31 de diciembre y hay que estar a bordo\" - Super News","robots":{"index":"index","follow":"follow","max-snippet":"max-snippet:-1","max-image-preview":"max-image-preview:large","max-video-preview":"max-video-preview:-1"},"canonical":"https:\/\/super-news.info\/es\/planas-pide-a-las-ccaa-aportar-al-plan-de-la-pac-y-avisa-el-avion-despega-el-31-de-diciembre-y-hay-que-estar-a-bordo\/","og_locale":"en_US","og_type":"article","og_title":"Planas pide a las CCAA aportar al plan de la PAC y avisa: \"El avi\u00f3n despega el 31 de diciembre y hay que estar a bordo\" - Super News","og_description":"TOLEDO, 17 Jul. (EUROPA PRESS) &#8211; El ministro de Agricultura, Luis Planas, ha reclamado a las comunidades aut\u00f3nomas la m\u00e1xima participaci\u00f3n posible en la confecci\u00f3n del plan estrat\u00e9gico nacional a aplicar de cara al pr\u00f3ximo periodo de la PAC entre 2023 y 2027, una participaci\u00f3n que no ser\u00e1 &#8220;necesariamente una aprobaci\u00f3n&#8221; pero s\u00ed una &#8220;referencia [&hellip;]","og_url":"https:\/\/super-news.info\/es\/planas-pide-a-las-ccaa-aportar-al-plan-de-la-pac-y-avisa-el-avion-despega-el-31-de-diciembre-y-hay-que-estar-a-bordo\/","og_site_name":"Super News","article_published_time":"2021-07-18T03:49:21+00:00","article_modified_time":"2021-07-18T03:49:22+00:00","og_image":[{"width":120,"height":80,"url":"https:\/\/super-news.info\/es\/wp-content\/uploads\/sites\/4\/2021\/07\/Planas-pide-a-las-CCAA-aportar-al-plan-de-la.jpg","type":"image\/jpeg"}],"author":"super-news","twitter_card":"summary_large_image","twitter_misc":{"Written by":"super-news","Est. reading time":"3 minutes"},"schema":{"@context":"https:\/\/schema.org","@graph":[{"@type":"Article","@id":"https:\/\/super-news.info\/es\/planas-pide-a-las-ccaa-aportar-al-plan-de-la-pac-y-avisa-el-avion-despega-el-31-de-diciembre-y-hay-que-estar-a-bordo\/#article","isPartOf":{"@id":"https:\/\/super-news.info\/es\/planas-pide-a-las-ccaa-aportar-al-plan-de-la-pac-y-avisa-el-avion-despega-el-31-de-diciembre-y-hay-que-estar-a-bordo\/"},"author":{"name":"super-news","@id":"https:\/\/super-news.info\/es\/#\/schema\/person\/2d4068cb2f39cd10008c2fce578a7356"},"headline":"Planas pide a las CCAA aportar al plan de la PAC y avisa: &#8220;El avi\u00f3n despega el 31 de diciembre y hay que estar a bordo&#8221;","datePublished":"2021-07-18T03:49:21+00:00","dateModified":"2021-07-18T03:49:22+00:00","mainEntityOfPage":{"@id":"https:\/\/super-news.info\/es\/planas-pide-a-las-ccaa-aportar-al-plan-de-la-pac-y-avisa-el-avion-despega-el-31-de-diciembre-y-hay-que-estar-a-bordo\/"},"wordCount":701,"commentCount":0,"image":{"@id":"https:\/\/super-news.info\/es\/planas-pide-a-las-ccaa-aportar-al-plan-de-la-pac-y-avisa-el-avion-despega-el-31-de-diciembre-y-hay-que-estar-a-bordo\/#primaryimage"},"thumbnailUrl":"https:\/\/super-news.info\/es\/wp-content\/uploads\/sites\/4\/2021\/07\/Planas-pide-a-las-CCAA-aportar-al-plan-de-la.jpg","articleSection":["NOTICIAS FINANCIERAS"],"inLanguage":"en-US","potentialAction":[{"@type":"CommentAction","name":"Comment","target":["https:\/\/super-news.info\/es\/planas-pide-a-las-ccaa-aportar-al-plan-de-la-pac-y-avisa-el-avion-despega-el-31-de-diciembre-y-hay-que-estar-a-bordo\/#respond"]}]},{"@type":"WebPage","@id":"https:\/\/super-news.info\/es\/planas-pide-a-las-ccaa-aportar-al-plan-de-la-pac-y-avisa-el-avion-despega-el-31-de-diciembre-y-hay-que-estar-a-bordo\/","url":"https:\/\/super-news.info\/es\/planas-pide-a-las-ccaa-aportar-al-plan-de-la-pac-y-avisa-el-avion-despega-el-31-de-diciembre-y-hay-que-estar-a-bordo\/","name":"Planas pide a las CCAA aportar al plan de la PAC y avisa: \"El avi\u00f3n despega el 31 de diciembre y hay que estar a bordo\" - Super News","isPartOf":{"@id":"https:\/\/super-news.info\/es\/#website"},"primaryImageOfPage":{"@id":"https:\/\/super-news.info\/es\/planas-pide-a-las-ccaa-aportar-al-plan-de-la-pac-y-avisa-el-avion-despega-el-31-de-diciembre-y-hay-que-estar-a-bordo\/#primaryimage"},"image":{"@id":"https:\/\/super-news.info\/es\/planas-pide-a-las-ccaa-aportar-al-plan-de-la-pac-y-avisa-el-avion-despega-el-31-de-diciembre-y-hay-que-estar-a-bordo\/#primaryimage"},"thumbnailUrl":"https:\/\/super-news.info\/es\/wp-content\/uploads\/sites\/4\/2021\/07\/Planas-pide-a-las-CCAA-aportar-al-plan-de-la.jpg","datePublished":"2021-07-18T03:49:21+00:00","dateModified":"2021-07-18T03:49:22+00:00","author":{"@id":"https:\/\/super-news.info\/es\/#\/schema\/person\/2d4068cb2f39cd10008c2fce578a7356"},"breadcrumb":{"@id":"https:\/\/super-news.info\/es\/planas-pide-a-las-ccaa-aportar-al-plan-de-la-pac-y-avisa-el-avion-despega-el-31-de-diciembre-y-hay-que-estar-a-bordo\/#breadcrumb"},"inLanguage":"en-US","potentialAction":[{"@type":"ReadAction","target":["https:\/\/super-news.info\/es\/planas-pide-a-las-ccaa-aportar-al-plan-de-la-pac-y-avisa-el-avion-despega-el-31-de-diciembre-y-hay-que-estar-a-bordo\/"]}]},{"@type":"ImageObject","inLanguage":"en-US","@id":"https:\/\/super-news.info\/es\/planas-pide-a-las-ccaa-aportar-al-plan-de-la-pac-y-avisa-el-avion-despega-el-31-de-diciembre-y-hay-que-estar-a-bordo\/#primaryimage","url":"https:\/\/super-news.info\/es\/wp-content\/uploads\/sites\/4\/2021\/07\/Planas-pide-a-las-CCAA-aportar-al-plan-de-la.jpg","contentUrl":"https:\/\/super-news.info\/es\/wp-content\/uploads\/sites\/4\/2021\/07\/Planas-pide-a-las-CCAA-aportar-al-plan-de-la.jpg","width":120,"height":80,"caption":"Planas pide a las CCAA aportar al plan de la PAC y avisa: \"El avi\u00f3n despega el 31 de diciembre y hay que estar a bordo\""},{"@type":"BreadcrumbList","@id":"https:\/\/super-news.info\/es\/planas-pide-a-las-ccaa-aportar-al-plan-de-la-pac-y-avisa-el-avion-despega-el-31-de-diciembre-y-hay-que-estar-a-bordo\/#breadcrumb","itemListElement":[{"@type":"ListItem","position":1,"name":"\u0413\u043b\u0430\u0432\u043d\u0430\u044f \u0441\u0442\u0440\u0430\u043d\u0438\u0446\u0430","item":"https:\/\/super-news.info\/es\/"},{"@type":"ListItem","position":2,"name":"Planas pide a las CCAA aportar al plan de la PAC y avisa: &#8220;El avi\u00f3n despega el 31 de diciembre y hay que estar a bordo&#8221;"}]},{"@type":"WebSite","@id":"https:\/\/super-news.info\/es\/#website","url":"https:\/\/super-news.info\/es\/","name":"Super News","description":"Super News Espa\u00f1a","potentialAction":[{"@type":"SearchAction","target":{"@type":"EntryPoint","urlTemplate":"https:\/\/super-news.info\/es\/?s={search_term_string}"},"query-input":{"@type":"PropertyValueSpecification","valueRequired":true,"valueName":"search_term_string"}}],"inLanguage":"en-US"},{"@type":"Person","@id":"https:\/\/super-news.info\/es\/#\/schema\/person\/2d4068cb2f39cd10008c2fce578a7356","name":"super-news","image":{"@type":"ImageObject","inLanguage":"en-US","@id":"https:\/\/secure.gravatar.com\/avatar\/64ebac40b93f26a154f8a9b5b6fdccfc46f442b26b3dd6756dbff3bf9dc76fd7?s=96&d=mm&r=g","url":"https:\/\/secure.gravatar.com\/avatar\/64ebac40b93f26a154f8a9b5b6fdccfc46f442b26b3dd6756dbff3bf9dc76fd7?s=96&d=mm&r=g","contentUrl":"https:\/\/secure.gravatar.com\/avatar\/64ebac40b93f26a154f8a9b5b6fdccfc46f442b26b3dd6756dbff3bf9dc76fd7?s=96&d=mm&r=g","caption":"super-news"},"url":"https:\/\/super-news.info\/es\/author\/pt\/"}]}},"_links":{"self":[{"href":"https:\/\/super-news.info\/es\/wp-json\/wp\/v2\/posts\/15379","targetHints":{"allow":["GET"]}}],"collection":[{"href":"https:\/\/super-news.info\/es\/wp-json\/wp\/v2\/posts"}],"about":[{"href":"https:\/\/super-news.info\/es\/wp-json\/wp\/v2\/types\/post"}],"author":[{"embeddable":true,"href":"https:\/\/super-news.info\/es\/wp-json\/wp\/v2\/users\/2"}],"replies":[{"embeddable":true,"href":"https:\/\/super-news.info\/es\/wp-json\/wp\/v2\/comments?post=15379"}],"version-history":[{"count":1,"href":"https:\/\/super-news.info\/es\/wp-json\/wp\/v2\/posts\/15379\/revisions"}],"predecessor-version":[{"id":15381,"href":"https:\/\/super-news.info\/es\/wp-json\/wp\/v2\/posts\/15379\/revisions\/15381"}],"wp:featuredmedia":[{"embeddable":true,"href":"https:\/\/super-news.info\/es\/wp-json\/wp\/v2\/media\/15380"}],"wp:attachment":[{"href":"https:\/\/super-news.info\/es\/wp-json\/wp\/v2\/media?parent=15379"}],"wp:term":[{"taxonomy":"category","embeddable":true,"href":"https:\/\/super-news.info\/es\/wp-json\/wp\/v2\/categories?post=15379"},{"taxonomy":"post_tag","embeddable":true,"href":"https:\/\/super-news.info\/es\/wp-json\/wp\/v2\/tags?post=15379"}],"curies":[{"name":"wp","href":"https:\/\/api.w.org\/{rel}","templated":true}]}}