{"id":15373,"date":"2021-07-17T18:48:32","date_gmt":"2021-07-17T15:48:32","guid":{"rendered":"https:\/\/super-news.info\/es\/garamendi-duda-de-que-la-ue-vaya-a-permitir-una-reforma-laboral-como-la-que-quiere-el-gobierno\/"},"modified":"2021-07-17T18:48:33","modified_gmt":"2021-07-17T15:48:33","slug":"garamendi-duda-de-que-la-ue-vaya-a-permitir-una-reforma-laboral-como-la-que-quiere-el-gobierno","status":"publish","type":"post","link":"https:\/\/super-news.info\/es\/garamendi-duda-de-que-la-ue-vaya-a-permitir-una-reforma-laboral-como-la-que-quiere-el-gobierno\/","title":{"rendered":"Garamendi duda de que la UE vaya a &#8220;permitir una reforma laboral como la que quiere el Gobierno&#8221;"},"content":{"rendered":"<p>\nDice que &#8220;temporalidad y precariedad no son lo mismo&#8221;, ya que &#8220;un trabajo puede ser temporal, pero estar bien pagado&#8221;<br \/>\n   BILBAO, 17 Jul. (EUROPA PRESS) &#8211;<br \/>\n   El presidente de la CEOE, Antonio Garamendi, ha mostrado sus dudas de que &#8220;la UE vaya a permitir una reforma laboral como la que quiere el Gobierno&#8221;. Asimismo, ha defendido que es el momento de que los partidos pol\u00edticos &#8220;se mojen en el Parlamento y hagan una propuesta a toda la sociedad&#8221; respecto a la reforma de las pensiones.<br \/>\n   En una entrevista concedida a El Correo, recogida por Europa Press, Garamendi advierte adem\u00e1s que &#8220;temporalidad y precariedad no son lo mismo&#8221;, ya que &#8220;un trabajo puede ser temporal porque no existe otra f\u00f3rmula, pero estar bien pagado&#8221;.<br \/>\n   Tras afirmar que la preocupaci\u00f3n con la reforma laboral es &#8220;total&#8221; en la Patronal, considera que se corre &#8220;el peligro de constre\u00f1ir m\u00e1s el mercado de trabajo&#8221;. En este sentido, sostiene que temporalidad y precariedad no son lo mismo, ya que &#8220;un trabajo puede ser temporal porque no existe otra f\u00f3rmula, pero estar bien pagado&#8221;.<br \/>\n   &#8220;En Espa\u00f1a hay 300.000 establecimientos de hosteler\u00eda y muchos de ellos ligados al turismo. Necesariamente ah\u00ed existe temporalidad y es inevitable. Pero un empleo puede ser temporal, tener unas condiciones dignas y no ser precario&#8221;, detalla.<br \/>\n   Asimismo, dice que tres de cada cuatro contratos en el sector privado son indefinidos, mientras que en el sector p\u00fablico s\u00f3lo el 66% son indefinidos. &#8220;\u00bfDe verdad que el problema lo generan los empresarios? Y el foco creo que hay que ponerlo en la formaci\u00f3n, en dotar a los trabajadores de habilidades para poder mantenerse en el mercado de trabajo cuando no est\u00e1n, por ejemplo, en la hosteler\u00eda&#8221;, defiende.<br \/>\n   Garamendi, que recuerda que las leyes &#8220;no crean empleo&#8221;, sino que lo crean &#8220;los empresarios&#8221;, dice que &#8220;hay anuncios m\u00e1s da\u00f1inos que algunas leyes&#8221;, que provocan que los empresarios &#8220;paralicen la contrataci\u00f3n, a la espera de conocer c\u00f3mo es el terreno de juego&#8221;.<br \/>\n   Ante la posibilidad de que se apruebe la reforma del Estatuto de los Trabajadores antes de que acabe el a\u00f1o, Garamendi manifiesta que es un compromiso asumido con la Uni\u00f3n Europea y el Gobierno tiene que cumplir. &#8220;Otra cosa es que lo que quieran hacer es lo que la UE espera. Dudo que la UE vaya a permitir una reforma laboral como la que quiere el Gobierno&#8221;, advierte.<br \/>\nCAMBIOS DE MINISTROS<br \/>\n   Respecto a los cambios habidos en el Gabinete de S\u00e1nchez, Garamendi cree que en el Gobierno han cambiado algunas personas, &#8220;pero no la estrategia&#8221;.<br \/>\n   &#8220;Hay acuerdos adoptados por los partidos que est\u00e1n en el Ejecutivo que lo l\u00f3gico es que traten de cumplirlos. Pero no nos pueden pedir que estemos de acuerdo con algunas cosas y ser\u00e1 el Gobierno el responsable de las consecuencias&#8221;, expresa.<br \/>\n<br \/>\n<!--noindex--><br \/>\n<a href=\"https:\/\/www.europapress.es\/euskadi\/noticia-garamendi-duda-ue-vaya-permitir-reforma-laboral-quiere-gobierno-20210717120609.html\" rel=\"nofollow\">Source link <\/a><br \/>\n<!--\/noindex--><\/p>\n","protected":false},"excerpt":{"rendered":"<p>Dice que &#8220;temporalidad y precariedad no son lo mismo&#8221;, ya que &#8220;un trabajo puede ser temporal, pero estar bien pagado&#8221; BILBAO, 17 Jul. (EUROPA PRESS) &#8211; El presidente de la CEOE, Antonio Garamendi, ha mostrado sus dudas de que &#8220;la UE vaya a permitir una reforma laboral como la que quiere el Gobierno&#8221;. Asimismo, ha [&hellip;]<\/p>\n","protected":false},"author":2,"featured_media":15374,"comment_status":"open","ping_status":"open","sticky":false,"template":"","format":"standard","meta":{"footnotes":""},"categories":[1],"tags":[],"class_list":["post-15373","post","type-post","status-publish","format-standard","has-post-thumbnail","hentry","category-noticias-financieras"],"yoast_head":"<!-- This site is optimized with the Yoast SEO plugin v27.4 - https:\/\/yoast.com\/product\/yoast-seo-wordpress\/ -->\n<title>Garamendi duda de que la UE vaya a &quot;permitir una reforma laboral como la que quiere el Gobierno&quot; - Super News<\/title>\n<meta name=\"robots\" content=\"index, follow, max-snippet:-1, max-image-preview:large, max-video-preview:-1\" \/>\n<link rel=\"canonical\" href=\"https:\/\/super-news.info\/es\/garamendi-duda-de-que-la-ue-vaya-a-permitir-una-reforma-laboral-como-la-que-quiere-el-gobierno\/\" \/>\n<meta property=\"og:locale\" content=\"en_US\" \/>\n<meta property=\"og:type\" content=\"article\" \/>\n<meta property=\"og:title\" content=\"Garamendi duda de que la UE vaya a &quot;permitir una reforma laboral como la que quiere el Gobierno&quot; - Super News\" \/>\n<meta property=\"og:description\" content=\"Dice que &#8220;temporalidad y precariedad no son lo mismo&#8221;, ya que &#8220;un trabajo puede ser temporal, pero estar bien pagado&#8221; BILBAO, 17 Jul. (EUROPA PRESS) &#8211; El presidente de la CEOE, Antonio Garamendi, ha mostrado sus dudas de que &#8220;la UE vaya a permitir una reforma laboral como la que quiere el Gobierno&#8221;. Asimismo, ha [&hellip;]\" \/>\n<meta property=\"og:url\" content=\"https:\/\/super-news.info\/es\/garamendi-duda-de-que-la-ue-vaya-a-permitir-una-reforma-laboral-como-la-que-quiere-el-gobierno\/\" \/>\n<meta property=\"og:site_name\" content=\"Super News\" \/>\n<meta property=\"article:published_time\" content=\"2021-07-17T15:48:32+00:00\" \/>\n<meta property=\"article:modified_time\" content=\"2021-07-17T15:48:33+00:00\" \/>\n<meta property=\"og:image\" content=\"https:\/\/super-news.info\/es\/wp-content\/uploads\/sites\/4\/2021\/07\/Garamendi-duda-de-que-la-UE-vaya-a-permitir-una.jpg\" \/>\n\t<meta property=\"og:image:width\" content=\"120\" \/>\n\t<meta property=\"og:image:height\" content=\"80\" \/>\n\t<meta property=\"og:image:type\" content=\"image\/jpeg\" \/>\n<meta name=\"author\" content=\"super-news\" \/>\n<meta name=\"twitter:card\" content=\"summary_large_image\" \/>\n<meta name=\"twitter:label1\" content=\"Written by\" \/>\n\t<meta name=\"twitter:data1\" content=\"super-news\" \/>\n\t<meta name=\"twitter:label2\" content=\"Est. reading time\" \/>\n\t<meta name=\"twitter:data2\" content=\"2 minutes\" \/>\n<script type=\"application\/ld+json\" class=\"yoast-schema-graph\">{\"@context\":\"https:\\\/\\\/schema.org\",\"@graph\":[{\"@type\":\"Article\",\"@id\":\"https:\\\/\\\/super-news.info\\\/es\\\/garamendi-duda-de-que-la-ue-vaya-a-permitir-una-reforma-laboral-como-la-que-quiere-el-gobierno\\\/#article\",\"isPartOf\":{\"@id\":\"https:\\\/\\\/super-news.info\\\/es\\\/garamendi-duda-de-que-la-ue-vaya-a-permitir-una-reforma-laboral-como-la-que-quiere-el-gobierno\\\/\"},\"author\":{\"name\":\"super-news\",\"@id\":\"https:\\\/\\\/super-news.info\\\/es\\\/#\\\/schema\\\/person\\\/2d4068cb2f39cd10008c2fce578a7356\"},\"headline\":\"Garamendi duda de que la UE vaya a &#8220;permitir una reforma laboral como la que quiere el Gobierno&#8221;\",\"datePublished\":\"2021-07-17T15:48:32+00:00\",\"dateModified\":\"2021-07-17T15:48:33+00:00\",\"mainEntityOfPage\":{\"@id\":\"https:\\\/\\\/super-news.info\\\/es\\\/garamendi-duda-de-que-la-ue-vaya-a-permitir-una-reforma-laboral-como-la-que-quiere-el-gobierno\\\/\"},\"wordCount\":502,\"commentCount\":0,\"image\":{\"@id\":\"https:\\\/\\\/super-news.info\\\/es\\\/garamendi-duda-de-que-la-ue-vaya-a-permitir-una-reforma-laboral-como-la-que-quiere-el-gobierno\\\/#primaryimage\"},\"thumbnailUrl\":\"https:\\\/\\\/super-news.info\\\/es\\\/wp-content\\\/uploads\\\/sites\\\/4\\\/2021\\\/07\\\/Garamendi-duda-de-que-la-UE-vaya-a-permitir-una.jpg\",\"articleSection\":[\"NOTICIAS FINANCIERAS\"],\"inLanguage\":\"en-US\",\"potentialAction\":[{\"@type\":\"CommentAction\",\"name\":\"Comment\",\"target\":[\"https:\\\/\\\/super-news.info\\\/es\\\/garamendi-duda-de-que-la-ue-vaya-a-permitir-una-reforma-laboral-como-la-que-quiere-el-gobierno\\\/#respond\"]}]},{\"@type\":\"WebPage\",\"@id\":\"https:\\\/\\\/super-news.info\\\/es\\\/garamendi-duda-de-que-la-ue-vaya-a-permitir-una-reforma-laboral-como-la-que-quiere-el-gobierno\\\/\",\"url\":\"https:\\\/\\\/super-news.info\\\/es\\\/garamendi-duda-de-que-la-ue-vaya-a-permitir-una-reforma-laboral-como-la-que-quiere-el-gobierno\\\/\",\"name\":\"Garamendi duda de que la UE vaya a \\\"permitir una reforma laboral como la que quiere el Gobierno\\\" - Super News\",\"isPartOf\":{\"@id\":\"https:\\\/\\\/super-news.info\\\/es\\\/#website\"},\"primaryImageOfPage\":{\"@id\":\"https:\\\/\\\/super-news.info\\\/es\\\/garamendi-duda-de-que-la-ue-vaya-a-permitir-una-reforma-laboral-como-la-que-quiere-el-gobierno\\\/#primaryimage\"},\"image\":{\"@id\":\"https:\\\/\\\/super-news.info\\\/es\\\/garamendi-duda-de-que-la-ue-vaya-a-permitir-una-reforma-laboral-como-la-que-quiere-el-gobierno\\\/#primaryimage\"},\"thumbnailUrl\":\"https:\\\/\\\/super-news.info\\\/es\\\/wp-content\\\/uploads\\\/sites\\\/4\\\/2021\\\/07\\\/Garamendi-duda-de-que-la-UE-vaya-a-permitir-una.jpg\",\"datePublished\":\"2021-07-17T15:48:32+00:00\",\"dateModified\":\"2021-07-17T15:48:33+00:00\",\"author\":{\"@id\":\"https:\\\/\\\/super-news.info\\\/es\\\/#\\\/schema\\\/person\\\/2d4068cb2f39cd10008c2fce578a7356\"},\"breadcrumb\":{\"@id\":\"https:\\\/\\\/super-news.info\\\/es\\\/garamendi-duda-de-que-la-ue-vaya-a-permitir-una-reforma-laboral-como-la-que-quiere-el-gobierno\\\/#breadcrumb\"},\"inLanguage\":\"en-US\",\"potentialAction\":[{\"@type\":\"ReadAction\",\"target\":[\"https:\\\/\\\/super-news.info\\\/es\\\/garamendi-duda-de-que-la-ue-vaya-a-permitir-una-reforma-laboral-como-la-que-quiere-el-gobierno\\\/\"]}]},{\"@type\":\"ImageObject\",\"inLanguage\":\"en-US\",\"@id\":\"https:\\\/\\\/super-news.info\\\/es\\\/garamendi-duda-de-que-la-ue-vaya-a-permitir-una-reforma-laboral-como-la-que-quiere-el-gobierno\\\/#primaryimage\",\"url\":\"https:\\\/\\\/super-news.info\\\/es\\\/wp-content\\\/uploads\\\/sites\\\/4\\\/2021\\\/07\\\/Garamendi-duda-de-que-la-UE-vaya-a-permitir-una.jpg\",\"contentUrl\":\"https:\\\/\\\/super-news.info\\\/es\\\/wp-content\\\/uploads\\\/sites\\\/4\\\/2021\\\/07\\\/Garamendi-duda-de-que-la-UE-vaya-a-permitir-una.jpg\",\"width\":120,\"height\":80,\"caption\":\"Garamendi duda de que la UE vaya a \\\"permitir una reforma laboral como la que quiere el Gobierno\\\"\"},{\"@type\":\"BreadcrumbList\",\"@id\":\"https:\\\/\\\/super-news.info\\\/es\\\/garamendi-duda-de-que-la-ue-vaya-a-permitir-una-reforma-laboral-como-la-que-quiere-el-gobierno\\\/#breadcrumb\",\"itemListElement\":[{\"@type\":\"ListItem\",\"position\":1,\"name\":\"\u0413\u043b\u0430\u0432\u043d\u0430\u044f \u0441\u0442\u0440\u0430\u043d\u0438\u0446\u0430\",\"item\":\"https:\\\/\\\/super-news.info\\\/es\\\/\"},{\"@type\":\"ListItem\",\"position\":2,\"name\":\"Garamendi duda de que la UE vaya a &#8220;permitir una reforma laboral como la que quiere el Gobierno&#8221;\"}]},{\"@type\":\"WebSite\",\"@id\":\"https:\\\/\\\/super-news.info\\\/es\\\/#website\",\"url\":\"https:\\\/\\\/super-news.info\\\/es\\\/\",\"name\":\"Super News\",\"description\":\"Super News Espa\u00f1a\",\"potentialAction\":[{\"@type\":\"SearchAction\",\"target\":{\"@type\":\"EntryPoint\",\"urlTemplate\":\"https:\\\/\\\/super-news.info\\\/es\\\/?s={search_term_string}\"},\"query-input\":{\"@type\":\"PropertyValueSpecification\",\"valueRequired\":true,\"valueName\":\"search_term_string\"}}],\"inLanguage\":\"en-US\"},{\"@type\":\"Person\",\"@id\":\"https:\\\/\\\/super-news.info\\\/es\\\/#\\\/schema\\\/person\\\/2d4068cb2f39cd10008c2fce578a7356\",\"name\":\"super-news\",\"image\":{\"@type\":\"ImageObject\",\"inLanguage\":\"en-US\",\"@id\":\"https:\\\/\\\/secure.gravatar.com\\\/avatar\\\/64ebac40b93f26a154f8a9b5b6fdccfc46f442b26b3dd6756dbff3bf9dc76fd7?s=96&d=mm&r=g\",\"url\":\"https:\\\/\\\/secure.gravatar.com\\\/avatar\\\/64ebac40b93f26a154f8a9b5b6fdccfc46f442b26b3dd6756dbff3bf9dc76fd7?s=96&d=mm&r=g\",\"contentUrl\":\"https:\\\/\\\/secure.gravatar.com\\\/avatar\\\/64ebac40b93f26a154f8a9b5b6fdccfc46f442b26b3dd6756dbff3bf9dc76fd7?s=96&d=mm&r=g\",\"caption\":\"super-news\"},\"url\":\"https:\\\/\\\/super-news.info\\\/es\\\/author\\\/pt\\\/\"}]}<\/script>\n<!-- \/ Yoast SEO plugin. -->","yoast_head_json":{"title":"Garamendi duda de que la UE vaya a \"permitir una reforma laboral como la que quiere el Gobierno\" - Super News","robots":{"index":"index","follow":"follow","max-snippet":"max-snippet:-1","max-image-preview":"max-image-preview:large","max-video-preview":"max-video-preview:-1"},"canonical":"https:\/\/super-news.info\/es\/garamendi-duda-de-que-la-ue-vaya-a-permitir-una-reforma-laboral-como-la-que-quiere-el-gobierno\/","og_locale":"en_US","og_type":"article","og_title":"Garamendi duda de que la UE vaya a \"permitir una reforma laboral como la que quiere el Gobierno\" - Super News","og_description":"Dice que &#8220;temporalidad y precariedad no son lo mismo&#8221;, ya que &#8220;un trabajo puede ser temporal, pero estar bien pagado&#8221; BILBAO, 17 Jul. (EUROPA PRESS) &#8211; El presidente de la CEOE, Antonio Garamendi, ha mostrado sus dudas de que &#8220;la UE vaya a permitir una reforma laboral como la que quiere el Gobierno&#8221;. Asimismo, ha [&hellip;]","og_url":"https:\/\/super-news.info\/es\/garamendi-duda-de-que-la-ue-vaya-a-permitir-una-reforma-laboral-como-la-que-quiere-el-gobierno\/","og_site_name":"Super News","article_published_time":"2021-07-17T15:48:32+00:00","article_modified_time":"2021-07-17T15:48:33+00:00","og_image":[{"width":120,"height":80,"url":"https:\/\/super-news.info\/es\/wp-content\/uploads\/sites\/4\/2021\/07\/Garamendi-duda-de-que-la-UE-vaya-a-permitir-una.jpg","type":"image\/jpeg"}],"author":"super-news","twitter_card":"summary_large_image","twitter_misc":{"Written by":"super-news","Est. reading time":"2 minutes"},"schema":{"@context":"https:\/\/schema.org","@graph":[{"@type":"Article","@id":"https:\/\/super-news.info\/es\/garamendi-duda-de-que-la-ue-vaya-a-permitir-una-reforma-laboral-como-la-que-quiere-el-gobierno\/#article","isPartOf":{"@id":"https:\/\/super-news.info\/es\/garamendi-duda-de-que-la-ue-vaya-a-permitir-una-reforma-laboral-como-la-que-quiere-el-gobierno\/"},"author":{"name":"super-news","@id":"https:\/\/super-news.info\/es\/#\/schema\/person\/2d4068cb2f39cd10008c2fce578a7356"},"headline":"Garamendi duda de que la UE vaya a &#8220;permitir una reforma laboral como la que quiere el Gobierno&#8221;","datePublished":"2021-07-17T15:48:32+00:00","dateModified":"2021-07-17T15:48:33+00:00","mainEntityOfPage":{"@id":"https:\/\/super-news.info\/es\/garamendi-duda-de-que-la-ue-vaya-a-permitir-una-reforma-laboral-como-la-que-quiere-el-gobierno\/"},"wordCount":502,"commentCount":0,"image":{"@id":"https:\/\/super-news.info\/es\/garamendi-duda-de-que-la-ue-vaya-a-permitir-una-reforma-laboral-como-la-que-quiere-el-gobierno\/#primaryimage"},"thumbnailUrl":"https:\/\/super-news.info\/es\/wp-content\/uploads\/sites\/4\/2021\/07\/Garamendi-duda-de-que-la-UE-vaya-a-permitir-una.jpg","articleSection":["NOTICIAS FINANCIERAS"],"inLanguage":"en-US","potentialAction":[{"@type":"CommentAction","name":"Comment","target":["https:\/\/super-news.info\/es\/garamendi-duda-de-que-la-ue-vaya-a-permitir-una-reforma-laboral-como-la-que-quiere-el-gobierno\/#respond"]}]},{"@type":"WebPage","@id":"https:\/\/super-news.info\/es\/garamendi-duda-de-que-la-ue-vaya-a-permitir-una-reforma-laboral-como-la-que-quiere-el-gobierno\/","url":"https:\/\/super-news.info\/es\/garamendi-duda-de-que-la-ue-vaya-a-permitir-una-reforma-laboral-como-la-que-quiere-el-gobierno\/","name":"Garamendi duda de que la UE vaya a \"permitir una reforma laboral como la que quiere el Gobierno\" - Super News","isPartOf":{"@id":"https:\/\/super-news.info\/es\/#website"},"primaryImageOfPage":{"@id":"https:\/\/super-news.info\/es\/garamendi-duda-de-que-la-ue-vaya-a-permitir-una-reforma-laboral-como-la-que-quiere-el-gobierno\/#primaryimage"},"image":{"@id":"https:\/\/super-news.info\/es\/garamendi-duda-de-que-la-ue-vaya-a-permitir-una-reforma-laboral-como-la-que-quiere-el-gobierno\/#primaryimage"},"thumbnailUrl":"https:\/\/super-news.info\/es\/wp-content\/uploads\/sites\/4\/2021\/07\/Garamendi-duda-de-que-la-UE-vaya-a-permitir-una.jpg","datePublished":"2021-07-17T15:48:32+00:00","dateModified":"2021-07-17T15:48:33+00:00","author":{"@id":"https:\/\/super-news.info\/es\/#\/schema\/person\/2d4068cb2f39cd10008c2fce578a7356"},"breadcrumb":{"@id":"https:\/\/super-news.info\/es\/garamendi-duda-de-que-la-ue-vaya-a-permitir-una-reforma-laboral-como-la-que-quiere-el-gobierno\/#breadcrumb"},"inLanguage":"en-US","potentialAction":[{"@type":"ReadAction","target":["https:\/\/super-news.info\/es\/garamendi-duda-de-que-la-ue-vaya-a-permitir-una-reforma-laboral-como-la-que-quiere-el-gobierno\/"]}]},{"@type":"ImageObject","inLanguage":"en-US","@id":"https:\/\/super-news.info\/es\/garamendi-duda-de-que-la-ue-vaya-a-permitir-una-reforma-laboral-como-la-que-quiere-el-gobierno\/#primaryimage","url":"https:\/\/super-news.info\/es\/wp-content\/uploads\/sites\/4\/2021\/07\/Garamendi-duda-de-que-la-UE-vaya-a-permitir-una.jpg","contentUrl":"https:\/\/super-news.info\/es\/wp-content\/uploads\/sites\/4\/2021\/07\/Garamendi-duda-de-que-la-UE-vaya-a-permitir-una.jpg","width":120,"height":80,"caption":"Garamendi duda de que la UE vaya a \"permitir una reforma laboral como la que quiere el Gobierno\""},{"@type":"BreadcrumbList","@id":"https:\/\/super-news.info\/es\/garamendi-duda-de-que-la-ue-vaya-a-permitir-una-reforma-laboral-como-la-que-quiere-el-gobierno\/#breadcrumb","itemListElement":[{"@type":"ListItem","position":1,"name":"\u0413\u043b\u0430\u0432\u043d\u0430\u044f \u0441\u0442\u0440\u0430\u043d\u0438\u0446\u0430","item":"https:\/\/super-news.info\/es\/"},{"@type":"ListItem","position":2,"name":"Garamendi duda de que la UE vaya a &#8220;permitir una reforma laboral como la que quiere el Gobierno&#8221;"}]},{"@type":"WebSite","@id":"https:\/\/super-news.info\/es\/#website","url":"https:\/\/super-news.info\/es\/","name":"Super News","description":"Super News Espa\u00f1a","potentialAction":[{"@type":"SearchAction","target":{"@type":"EntryPoint","urlTemplate":"https:\/\/super-news.info\/es\/?s={search_term_string}"},"query-input":{"@type":"PropertyValueSpecification","valueRequired":true,"valueName":"search_term_string"}}],"inLanguage":"en-US"},{"@type":"Person","@id":"https:\/\/super-news.info\/es\/#\/schema\/person\/2d4068cb2f39cd10008c2fce578a7356","name":"super-news","image":{"@type":"ImageObject","inLanguage":"en-US","@id":"https:\/\/secure.gravatar.com\/avatar\/64ebac40b93f26a154f8a9b5b6fdccfc46f442b26b3dd6756dbff3bf9dc76fd7?s=96&d=mm&r=g","url":"https:\/\/secure.gravatar.com\/avatar\/64ebac40b93f26a154f8a9b5b6fdccfc46f442b26b3dd6756dbff3bf9dc76fd7?s=96&d=mm&r=g","contentUrl":"https:\/\/secure.gravatar.com\/avatar\/64ebac40b93f26a154f8a9b5b6fdccfc46f442b26b3dd6756dbff3bf9dc76fd7?s=96&d=mm&r=g","caption":"super-news"},"url":"https:\/\/super-news.info\/es\/author\/pt\/"}]}},"_links":{"self":[{"href":"https:\/\/super-news.info\/es\/wp-json\/wp\/v2\/posts\/15373","targetHints":{"allow":["GET"]}}],"collection":[{"href":"https:\/\/super-news.info\/es\/wp-json\/wp\/v2\/posts"}],"about":[{"href":"https:\/\/super-news.info\/es\/wp-json\/wp\/v2\/types\/post"}],"author":[{"embeddable":true,"href":"https:\/\/super-news.info\/es\/wp-json\/wp\/v2\/users\/2"}],"replies":[{"embeddable":true,"href":"https:\/\/super-news.info\/es\/wp-json\/wp\/v2\/comments?post=15373"}],"version-history":[{"count":1,"href":"https:\/\/super-news.info\/es\/wp-json\/wp\/v2\/posts\/15373\/revisions"}],"predecessor-version":[{"id":15375,"href":"https:\/\/super-news.info\/es\/wp-json\/wp\/v2\/posts\/15373\/revisions\/15375"}],"wp:featuredmedia":[{"embeddable":true,"href":"https:\/\/super-news.info\/es\/wp-json\/wp\/v2\/media\/15374"}],"wp:attachment":[{"href":"https:\/\/super-news.info\/es\/wp-json\/wp\/v2\/media?parent=15373"}],"wp:term":[{"taxonomy":"category","embeddable":true,"href":"https:\/\/super-news.info\/es\/wp-json\/wp\/v2\/categories?post=15373"},{"taxonomy":"post_tag","embeddable":true,"href":"https:\/\/super-news.info\/es\/wp-json\/wp\/v2\/tags?post=15373"}],"curies":[{"name":"wp","href":"https:\/\/api.w.org\/{rel}","templated":true}]}}