{"id":15367,"date":"2021-07-17T06:47:12","date_gmt":"2021-07-17T03:47:12","guid":{"rendered":"https:\/\/super-news.info\/es\/muere-el-economista-jose-maria-gay-de-liebana-a-los-68-anos\/"},"modified":"2021-07-17T06:47:13","modified_gmt":"2021-07-17T03:47:13","slug":"muere-el-economista-jose-maria-gay-de-liebana-a-los-68-anos","status":"publish","type":"post","link":"https:\/\/super-news.info\/es\/muere-el-economista-jose-maria-gay-de-liebana-a-los-68-anos\/","title":{"rendered":"Muere el economista Jos\u00e9 Mar\u00eda Gay de Li\u00e9bana a los 68 a\u00f1os"},"content":{"rendered":"<p><\/p>\n<p>Era habitual comentarista en radio, televisi\u00f3n y prensa escrita sobre actualidad econ\u00f3mica<br \/>\nBARCELONA, 16 (EUROPA PRESS)<br \/>\nEl economista Jos\u00e9 Mar\u00eda Gay de Li\u00e9bana ha muerto a los 68 a\u00f1os v\u00edctima de un c\u00e1ncer, seg\u00fan han informado a Europa Press fuentes de la Universidad de Barcelona (UB), donde era profesor de Econom\u00eda Financiera y Contabilidad.<br \/>\nHab\u00eda impartido clases tambi\u00e9n en otras instituciones como IQS, Esade o la EAE, adem\u00e1s de participar habitualmente como comentarista de actualidad econ\u00f3mica en cadenas como &#8216;La Sexta&#8217;, radios como &#8216;La Cope&#8217; o en medios de prensa escrita como &#8216;La Vanguardia&#8217;.<br \/>\nTambi\u00e9n hizo estudio contable, econ\u00f3mico y financiero del f\u00fatbol espa\u00f1ol y europeo, as\u00ed como de otras disciplinas deportivas y era fiel seguidor del club de f\u00fatbol RCD Espanyol.<br \/>\nRespecto a sus estudios, era diplomado en Ciencias Empresariales y Licenciado en Administraci\u00f3n y Direcci\u00f3n de Empresas, en Econom\u00eda y en Derecho, adem\u00e1s de tener otros t\u00edtulos como un M\u00e1ster Universitario en Negocios Internacionales.<br \/>\nEl economista tambi\u00e9n era miembro de la Asociaci\u00f3n Espa\u00f1ola de Asesores Fiscales (AEDAF) y recibi\u00f3 varios premios, como el de &#8216;Econom\u00eda&#8217; por la Asociaci\u00f3n Espa\u00f1ola de Prensa Extranjera (ACPE) en 2012 por &#8220;radiografiar y denunciar&#8221; la crisis espa\u00f1ola o el de Excelencia Acad\u00e9mica de la ACCID.<br \/>\nSUS LIBROS<br \/>\nEscribi\u00f3 decenas de libros sobre temas como la fiscalidad, el endeudamiento estatal, la digitalizaci\u00f3n o la crisis del coronavirus, entre los cuales est\u00e1n &#8216;Espa\u00f1a se escribe con E de endeudamiento&#8217; del Grupo Planeta o &#8216;\u00bfD\u00f3nde estamos?: verdades, mentiras y deberes pendientes de la recuperaci\u00f3n econ\u00f3mica&#8217;, de la misma editorial.<br \/>\nEn 1979 fund\u00f3 el despacho J.M. Gay &amp; Cia para el asesoramiento y la consultor\u00eda sobre todo en el \u00e1mbito legal, fiscal y empresarial.<br \/>\nEn 2014, Gay de Li\u00e9bana apareci\u00f3 en la saga Torrente despu\u00e9s de que su director, Santiago Segura, le viera en televisi\u00f3n y contactara \u00e9l.<\/p>\n<p>\n<!--noindex--><br \/>\n<a href=\"https:\/\/www.europapress.es\/economia\/macroeconomia-00338\/noticia-muere-economista-jose-maria-gay-liebana-68-anos-20210716114540.html\" rel=\"nofollow\">Source link <\/a><br \/>\n<!--\/noindex--><\/p>\n","protected":false},"excerpt":{"rendered":"<p>Era habitual comentarista en radio, televisi\u00f3n y prensa escrita sobre actualidad econ\u00f3mica BARCELONA, 16 (EUROPA PRESS) El economista Jos\u00e9 Mar\u00eda Gay de Li\u00e9bana ha muerto a los 68 a\u00f1os v\u00edctima de un c\u00e1ncer, seg\u00fan han informado a Europa Press fuentes de la Universidad de Barcelona (UB), donde era profesor de Econom\u00eda Financiera y Contabilidad. Hab\u00eda [&hellip;]<\/p>\n","protected":false},"author":2,"featured_media":15368,"comment_status":"open","ping_status":"open","sticky":false,"template":"","format":"standard","meta":{"footnotes":""},"categories":[1],"tags":[],"class_list":["post-15367","post","type-post","status-publish","format-standard","has-post-thumbnail","hentry","category-noticias-financieras"],"yoast_head":"<!-- This site is optimized with the Yoast SEO plugin v27.4 - https:\/\/yoast.com\/product\/yoast-seo-wordpress\/ -->\n<title>Muere el economista Jos\u00e9 Mar\u00eda Gay de Li\u00e9bana a los 68 a\u00f1os - Super News<\/title>\n<meta name=\"robots\" content=\"index, follow, max-snippet:-1, max-image-preview:large, max-video-preview:-1\" \/>\n<link rel=\"canonical\" href=\"https:\/\/super-news.info\/es\/muere-el-economista-jose-maria-gay-de-liebana-a-los-68-anos\/\" \/>\n<meta property=\"og:locale\" content=\"en_US\" \/>\n<meta property=\"og:type\" content=\"article\" \/>\n<meta property=\"og:title\" content=\"Muere el economista Jos\u00e9 Mar\u00eda Gay de Li\u00e9bana a los 68 a\u00f1os - Super News\" \/>\n<meta property=\"og:description\" content=\"Era habitual comentarista en radio, televisi\u00f3n y prensa escrita sobre actualidad econ\u00f3mica BARCELONA, 16 (EUROPA PRESS) El economista Jos\u00e9 Mar\u00eda Gay de Li\u00e9bana ha muerto a los 68 a\u00f1os v\u00edctima de un c\u00e1ncer, seg\u00fan han informado a Europa Press fuentes de la Universidad de Barcelona (UB), donde era profesor de Econom\u00eda Financiera y Contabilidad. Hab\u00eda [&hellip;]\" \/>\n<meta property=\"og:url\" content=\"https:\/\/super-news.info\/es\/muere-el-economista-jose-maria-gay-de-liebana-a-los-68-anos\/\" \/>\n<meta property=\"og:site_name\" content=\"Super News\" \/>\n<meta property=\"article:published_time\" content=\"2021-07-17T03:47:12+00:00\" \/>\n<meta property=\"article:modified_time\" content=\"2021-07-17T03:47:13+00:00\" \/>\n<meta property=\"og:image\" content=\"https:\/\/super-news.info\/es\/wp-content\/uploads\/sites\/4\/2021\/07\/Muere-el-economista-Jose-Maria-Gay-de-Liebana-a-los.jpg\" \/>\n\t<meta property=\"og:image:width\" content=\"120\" \/>\n\t<meta property=\"og:image:height\" content=\"80\" \/>\n\t<meta property=\"og:image:type\" content=\"image\/jpeg\" \/>\n<meta name=\"author\" content=\"super-news\" \/>\n<meta name=\"twitter:card\" content=\"summary_large_image\" \/>\n<meta name=\"twitter:label1\" content=\"Written by\" \/>\n\t<meta name=\"twitter:data1\" content=\"super-news\" \/>\n\t<meta name=\"twitter:label2\" content=\"Est. reading time\" \/>\n\t<meta name=\"twitter:data2\" content=\"2 minutes\" \/>\n<script type=\"application\/ld+json\" class=\"yoast-schema-graph\">{\"@context\":\"https:\\\/\\\/schema.org\",\"@graph\":[{\"@type\":\"Article\",\"@id\":\"https:\\\/\\\/super-news.info\\\/es\\\/muere-el-economista-jose-maria-gay-de-liebana-a-los-68-anos\\\/#article\",\"isPartOf\":{\"@id\":\"https:\\\/\\\/super-news.info\\\/es\\\/muere-el-economista-jose-maria-gay-de-liebana-a-los-68-anos\\\/\"},\"author\":{\"name\":\"super-news\",\"@id\":\"https:\\\/\\\/super-news.info\\\/es\\\/#\\\/schema\\\/person\\\/2d4068cb2f39cd10008c2fce578a7356\"},\"headline\":\"Muere el economista Jos\u00e9 Mar\u00eda Gay de Li\u00e9bana a los 68 a\u00f1os\",\"datePublished\":\"2021-07-17T03:47:12+00:00\",\"dateModified\":\"2021-07-17T03:47:13+00:00\",\"mainEntityOfPage\":{\"@id\":\"https:\\\/\\\/super-news.info\\\/es\\\/muere-el-economista-jose-maria-gay-de-liebana-a-los-68-anos\\\/\"},\"wordCount\":355,\"commentCount\":0,\"image\":{\"@id\":\"https:\\\/\\\/super-news.info\\\/es\\\/muere-el-economista-jose-maria-gay-de-liebana-a-los-68-anos\\\/#primaryimage\"},\"thumbnailUrl\":\"https:\\\/\\\/super-news.info\\\/es\\\/wp-content\\\/uploads\\\/sites\\\/4\\\/2021\\\/07\\\/Muere-el-economista-Jose-Maria-Gay-de-Liebana-a-los.jpg\",\"articleSection\":[\"NOTICIAS FINANCIERAS\"],\"inLanguage\":\"en-US\",\"potentialAction\":[{\"@type\":\"CommentAction\",\"name\":\"Comment\",\"target\":[\"https:\\\/\\\/super-news.info\\\/es\\\/muere-el-economista-jose-maria-gay-de-liebana-a-los-68-anos\\\/#respond\"]}]},{\"@type\":\"WebPage\",\"@id\":\"https:\\\/\\\/super-news.info\\\/es\\\/muere-el-economista-jose-maria-gay-de-liebana-a-los-68-anos\\\/\",\"url\":\"https:\\\/\\\/super-news.info\\\/es\\\/muere-el-economista-jose-maria-gay-de-liebana-a-los-68-anos\\\/\",\"name\":\"Muere el economista Jos\u00e9 Mar\u00eda Gay de Li\u00e9bana a los 68 a\u00f1os - Super News\",\"isPartOf\":{\"@id\":\"https:\\\/\\\/super-news.info\\\/es\\\/#website\"},\"primaryImageOfPage\":{\"@id\":\"https:\\\/\\\/super-news.info\\\/es\\\/muere-el-economista-jose-maria-gay-de-liebana-a-los-68-anos\\\/#primaryimage\"},\"image\":{\"@id\":\"https:\\\/\\\/super-news.info\\\/es\\\/muere-el-economista-jose-maria-gay-de-liebana-a-los-68-anos\\\/#primaryimage\"},\"thumbnailUrl\":\"https:\\\/\\\/super-news.info\\\/es\\\/wp-content\\\/uploads\\\/sites\\\/4\\\/2021\\\/07\\\/Muere-el-economista-Jose-Maria-Gay-de-Liebana-a-los.jpg\",\"datePublished\":\"2021-07-17T03:47:12+00:00\",\"dateModified\":\"2021-07-17T03:47:13+00:00\",\"author\":{\"@id\":\"https:\\\/\\\/super-news.info\\\/es\\\/#\\\/schema\\\/person\\\/2d4068cb2f39cd10008c2fce578a7356\"},\"breadcrumb\":{\"@id\":\"https:\\\/\\\/super-news.info\\\/es\\\/muere-el-economista-jose-maria-gay-de-liebana-a-los-68-anos\\\/#breadcrumb\"},\"inLanguage\":\"en-US\",\"potentialAction\":[{\"@type\":\"ReadAction\",\"target\":[\"https:\\\/\\\/super-news.info\\\/es\\\/muere-el-economista-jose-maria-gay-de-liebana-a-los-68-anos\\\/\"]}]},{\"@type\":\"ImageObject\",\"inLanguage\":\"en-US\",\"@id\":\"https:\\\/\\\/super-news.info\\\/es\\\/muere-el-economista-jose-maria-gay-de-liebana-a-los-68-anos\\\/#primaryimage\",\"url\":\"https:\\\/\\\/super-news.info\\\/es\\\/wp-content\\\/uploads\\\/sites\\\/4\\\/2021\\\/07\\\/Muere-el-economista-Jose-Maria-Gay-de-Liebana-a-los.jpg\",\"contentUrl\":\"https:\\\/\\\/super-news.info\\\/es\\\/wp-content\\\/uploads\\\/sites\\\/4\\\/2021\\\/07\\\/Muere-el-economista-Jose-Maria-Gay-de-Liebana-a-los.jpg\",\"width\":120,\"height\":80,\"caption\":\"Muere el economista Jos\u00e9 Mar\u00eda Gay de Li\u00e9bana a los 68 a\u00f1os\"},{\"@type\":\"BreadcrumbList\",\"@id\":\"https:\\\/\\\/super-news.info\\\/es\\\/muere-el-economista-jose-maria-gay-de-liebana-a-los-68-anos\\\/#breadcrumb\",\"itemListElement\":[{\"@type\":\"ListItem\",\"position\":1,\"name\":\"\u0413\u043b\u0430\u0432\u043d\u0430\u044f \u0441\u0442\u0440\u0430\u043d\u0438\u0446\u0430\",\"item\":\"https:\\\/\\\/super-news.info\\\/es\\\/\"},{\"@type\":\"ListItem\",\"position\":2,\"name\":\"Muere el economista Jos\u00e9 Mar\u00eda Gay de Li\u00e9bana a los 68 a\u00f1os\"}]},{\"@type\":\"WebSite\",\"@id\":\"https:\\\/\\\/super-news.info\\\/es\\\/#website\",\"url\":\"https:\\\/\\\/super-news.info\\\/es\\\/\",\"name\":\"Super News\",\"description\":\"Super News Espa\u00f1a\",\"potentialAction\":[{\"@type\":\"SearchAction\",\"target\":{\"@type\":\"EntryPoint\",\"urlTemplate\":\"https:\\\/\\\/super-news.info\\\/es\\\/?s={search_term_string}\"},\"query-input\":{\"@type\":\"PropertyValueSpecification\",\"valueRequired\":true,\"valueName\":\"search_term_string\"}}],\"inLanguage\":\"en-US\"},{\"@type\":\"Person\",\"@id\":\"https:\\\/\\\/super-news.info\\\/es\\\/#\\\/schema\\\/person\\\/2d4068cb2f39cd10008c2fce578a7356\",\"name\":\"super-news\",\"image\":{\"@type\":\"ImageObject\",\"inLanguage\":\"en-US\",\"@id\":\"https:\\\/\\\/secure.gravatar.com\\\/avatar\\\/64ebac40b93f26a154f8a9b5b6fdccfc46f442b26b3dd6756dbff3bf9dc76fd7?s=96&d=mm&r=g\",\"url\":\"https:\\\/\\\/secure.gravatar.com\\\/avatar\\\/64ebac40b93f26a154f8a9b5b6fdccfc46f442b26b3dd6756dbff3bf9dc76fd7?s=96&d=mm&r=g\",\"contentUrl\":\"https:\\\/\\\/secure.gravatar.com\\\/avatar\\\/64ebac40b93f26a154f8a9b5b6fdccfc46f442b26b3dd6756dbff3bf9dc76fd7?s=96&d=mm&r=g\",\"caption\":\"super-news\"},\"url\":\"https:\\\/\\\/super-news.info\\\/es\\\/author\\\/pt\\\/\"}]}<\/script>\n<!-- \/ Yoast SEO plugin. -->","yoast_head_json":{"title":"Muere el economista Jos\u00e9 Mar\u00eda Gay de Li\u00e9bana a los 68 a\u00f1os - Super News","robots":{"index":"index","follow":"follow","max-snippet":"max-snippet:-1","max-image-preview":"max-image-preview:large","max-video-preview":"max-video-preview:-1"},"canonical":"https:\/\/super-news.info\/es\/muere-el-economista-jose-maria-gay-de-liebana-a-los-68-anos\/","og_locale":"en_US","og_type":"article","og_title":"Muere el economista Jos\u00e9 Mar\u00eda Gay de Li\u00e9bana a los 68 a\u00f1os - Super News","og_description":"Era habitual comentarista en radio, televisi\u00f3n y prensa escrita sobre actualidad econ\u00f3mica BARCELONA, 16 (EUROPA PRESS) El economista Jos\u00e9 Mar\u00eda Gay de Li\u00e9bana ha muerto a los 68 a\u00f1os v\u00edctima de un c\u00e1ncer, seg\u00fan han informado a Europa Press fuentes de la Universidad de Barcelona (UB), donde era profesor de Econom\u00eda Financiera y Contabilidad. Hab\u00eda [&hellip;]","og_url":"https:\/\/super-news.info\/es\/muere-el-economista-jose-maria-gay-de-liebana-a-los-68-anos\/","og_site_name":"Super News","article_published_time":"2021-07-17T03:47:12+00:00","article_modified_time":"2021-07-17T03:47:13+00:00","og_image":[{"width":120,"height":80,"url":"https:\/\/super-news.info\/es\/wp-content\/uploads\/sites\/4\/2021\/07\/Muere-el-economista-Jose-Maria-Gay-de-Liebana-a-los.jpg","type":"image\/jpeg"}],"author":"super-news","twitter_card":"summary_large_image","twitter_misc":{"Written by":"super-news","Est. reading time":"2 minutes"},"schema":{"@context":"https:\/\/schema.org","@graph":[{"@type":"Article","@id":"https:\/\/super-news.info\/es\/muere-el-economista-jose-maria-gay-de-liebana-a-los-68-anos\/#article","isPartOf":{"@id":"https:\/\/super-news.info\/es\/muere-el-economista-jose-maria-gay-de-liebana-a-los-68-anos\/"},"author":{"name":"super-news","@id":"https:\/\/super-news.info\/es\/#\/schema\/person\/2d4068cb2f39cd10008c2fce578a7356"},"headline":"Muere el economista Jos\u00e9 Mar\u00eda Gay de Li\u00e9bana a los 68 a\u00f1os","datePublished":"2021-07-17T03:47:12+00:00","dateModified":"2021-07-17T03:47:13+00:00","mainEntityOfPage":{"@id":"https:\/\/super-news.info\/es\/muere-el-economista-jose-maria-gay-de-liebana-a-los-68-anos\/"},"wordCount":355,"commentCount":0,"image":{"@id":"https:\/\/super-news.info\/es\/muere-el-economista-jose-maria-gay-de-liebana-a-los-68-anos\/#primaryimage"},"thumbnailUrl":"https:\/\/super-news.info\/es\/wp-content\/uploads\/sites\/4\/2021\/07\/Muere-el-economista-Jose-Maria-Gay-de-Liebana-a-los.jpg","articleSection":["NOTICIAS FINANCIERAS"],"inLanguage":"en-US","potentialAction":[{"@type":"CommentAction","name":"Comment","target":["https:\/\/super-news.info\/es\/muere-el-economista-jose-maria-gay-de-liebana-a-los-68-anos\/#respond"]}]},{"@type":"WebPage","@id":"https:\/\/super-news.info\/es\/muere-el-economista-jose-maria-gay-de-liebana-a-los-68-anos\/","url":"https:\/\/super-news.info\/es\/muere-el-economista-jose-maria-gay-de-liebana-a-los-68-anos\/","name":"Muere el economista Jos\u00e9 Mar\u00eda Gay de Li\u00e9bana a los 68 a\u00f1os - Super News","isPartOf":{"@id":"https:\/\/super-news.info\/es\/#website"},"primaryImageOfPage":{"@id":"https:\/\/super-news.info\/es\/muere-el-economista-jose-maria-gay-de-liebana-a-los-68-anos\/#primaryimage"},"image":{"@id":"https:\/\/super-news.info\/es\/muere-el-economista-jose-maria-gay-de-liebana-a-los-68-anos\/#primaryimage"},"thumbnailUrl":"https:\/\/super-news.info\/es\/wp-content\/uploads\/sites\/4\/2021\/07\/Muere-el-economista-Jose-Maria-Gay-de-Liebana-a-los.jpg","datePublished":"2021-07-17T03:47:12+00:00","dateModified":"2021-07-17T03:47:13+00:00","author":{"@id":"https:\/\/super-news.info\/es\/#\/schema\/person\/2d4068cb2f39cd10008c2fce578a7356"},"breadcrumb":{"@id":"https:\/\/super-news.info\/es\/muere-el-economista-jose-maria-gay-de-liebana-a-los-68-anos\/#breadcrumb"},"inLanguage":"en-US","potentialAction":[{"@type":"ReadAction","target":["https:\/\/super-news.info\/es\/muere-el-economista-jose-maria-gay-de-liebana-a-los-68-anos\/"]}]},{"@type":"ImageObject","inLanguage":"en-US","@id":"https:\/\/super-news.info\/es\/muere-el-economista-jose-maria-gay-de-liebana-a-los-68-anos\/#primaryimage","url":"https:\/\/super-news.info\/es\/wp-content\/uploads\/sites\/4\/2021\/07\/Muere-el-economista-Jose-Maria-Gay-de-Liebana-a-los.jpg","contentUrl":"https:\/\/super-news.info\/es\/wp-content\/uploads\/sites\/4\/2021\/07\/Muere-el-economista-Jose-Maria-Gay-de-Liebana-a-los.jpg","width":120,"height":80,"caption":"Muere el economista Jos\u00e9 Mar\u00eda Gay de Li\u00e9bana a los 68 a\u00f1os"},{"@type":"BreadcrumbList","@id":"https:\/\/super-news.info\/es\/muere-el-economista-jose-maria-gay-de-liebana-a-los-68-anos\/#breadcrumb","itemListElement":[{"@type":"ListItem","position":1,"name":"\u0413\u043b\u0430\u0432\u043d\u0430\u044f \u0441\u0442\u0440\u0430\u043d\u0438\u0446\u0430","item":"https:\/\/super-news.info\/es\/"},{"@type":"ListItem","position":2,"name":"Muere el economista Jos\u00e9 Mar\u00eda Gay de Li\u00e9bana a los 68 a\u00f1os"}]},{"@type":"WebSite","@id":"https:\/\/super-news.info\/es\/#website","url":"https:\/\/super-news.info\/es\/","name":"Super News","description":"Super News Espa\u00f1a","potentialAction":[{"@type":"SearchAction","target":{"@type":"EntryPoint","urlTemplate":"https:\/\/super-news.info\/es\/?s={search_term_string}"},"query-input":{"@type":"PropertyValueSpecification","valueRequired":true,"valueName":"search_term_string"}}],"inLanguage":"en-US"},{"@type":"Person","@id":"https:\/\/super-news.info\/es\/#\/schema\/person\/2d4068cb2f39cd10008c2fce578a7356","name":"super-news","image":{"@type":"ImageObject","inLanguage":"en-US","@id":"https:\/\/secure.gravatar.com\/avatar\/64ebac40b93f26a154f8a9b5b6fdccfc46f442b26b3dd6756dbff3bf9dc76fd7?s=96&d=mm&r=g","url":"https:\/\/secure.gravatar.com\/avatar\/64ebac40b93f26a154f8a9b5b6fdccfc46f442b26b3dd6756dbff3bf9dc76fd7?s=96&d=mm&r=g","contentUrl":"https:\/\/secure.gravatar.com\/avatar\/64ebac40b93f26a154f8a9b5b6fdccfc46f442b26b3dd6756dbff3bf9dc76fd7?s=96&d=mm&r=g","caption":"super-news"},"url":"https:\/\/super-news.info\/es\/author\/pt\/"}]}},"_links":{"self":[{"href":"https:\/\/super-news.info\/es\/wp-json\/wp\/v2\/posts\/15367","targetHints":{"allow":["GET"]}}],"collection":[{"href":"https:\/\/super-news.info\/es\/wp-json\/wp\/v2\/posts"}],"about":[{"href":"https:\/\/super-news.info\/es\/wp-json\/wp\/v2\/types\/post"}],"author":[{"embeddable":true,"href":"https:\/\/super-news.info\/es\/wp-json\/wp\/v2\/users\/2"}],"replies":[{"embeddable":true,"href":"https:\/\/super-news.info\/es\/wp-json\/wp\/v2\/comments?post=15367"}],"version-history":[{"count":1,"href":"https:\/\/super-news.info\/es\/wp-json\/wp\/v2\/posts\/15367\/revisions"}],"predecessor-version":[{"id":15369,"href":"https:\/\/super-news.info\/es\/wp-json\/wp\/v2\/posts\/15367\/revisions\/15369"}],"wp:featuredmedia":[{"embeddable":true,"href":"https:\/\/super-news.info\/es\/wp-json\/wp\/v2\/media\/15368"}],"wp:attachment":[{"href":"https:\/\/super-news.info\/es\/wp-json\/wp\/v2\/media?parent=15367"}],"wp:term":[{"taxonomy":"category","embeddable":true,"href":"https:\/\/super-news.info\/es\/wp-json\/wp\/v2\/categories?post=15367"},{"taxonomy":"post_tag","embeddable":true,"href":"https:\/\/super-news.info\/es\/wp-json\/wp\/v2\/tags?post=15367"}],"curies":[{"name":"wp","href":"https:\/\/api.w.org\/{rel}","templated":true}]}}