{"id":15364,"date":"2021-07-16T18:53:12","date_gmt":"2021-07-16T15:53:12","guid":{"rendered":"https:\/\/super-news.info\/es\/bic-y-terracycle-celebran-el-10o-aniversario-de-su-lanzamiento-del-primer-programa-de-reciclaje-de-maquinillas-de-afeitar\/"},"modified":"2021-07-16T18:53:13","modified_gmt":"2021-07-16T15:53:13","slug":"bic-y-terracycle-celebran-el-10o-aniversario-de-su-lanzamiento-del-primer-programa-de-reciclaje-de-maquinillas-de-afeitar","status":"publish","type":"post","link":"https:\/\/super-news.info\/es\/bic-y-terracycle-celebran-el-10o-aniversario-de-su-lanzamiento-del-primer-programa-de-reciclaje-de-maquinillas-de-afeitar\/","title":{"rendered":"BIC y TerraCycle\u00ae celebran el 10\u00ba aniversario de su lanzamiento del primer programa de reciclaje de maquinillas de afeitar"},"content":{"rendered":"<p>Este es el lanzamiento m\u00e1s reciente de una larga colaboraci\u00f3n que comenz\u00f3 hace una d\u00e9cada con el primer programa de reciclado de material de escritura.<br \/>\nLa marca\u00a0BIC, l\u00edder mundial en papeler\u00eda, encendedores y maquinillas de afeitar, y TerraCycle\u00ae, l\u00edder mundial en el tratamiento de residuos dif\u00edciles de reciclar, han cerrado un acuerdo de cara a unir sus fuerzas para lanzar el primer programa gratuito en Espa\u00f1a de reciclaje de maquinillas de afeitar. A trav\u00e9s del\u00a0Programa de reciclaje BIC\u00ae de Maquinillas de afeitar, BIC\u00a0y Terracycle\u00ae\u00a0recoger\u00e1n maquinillas por todo el territorio\u00a0peninsular espa\u00f1ol, sea cual sea la marca, y las reciclar\u00e1 para transformarlas en jaboneras\u00a0u otros art\u00edculos de ba\u00f1o\u00a0impulsando la econom\u00eda circular. Con el lanzamiento de este programa,\u00a0BICafianza\u00a0a\u00fan m\u00e1s su compromiso con la sostenibilidad.<br \/>\nEl programa permite\u00a0recoger\u00a0y reciclar maquinillas\u00a0de afeitar de pl\u00e1stico de cualquier marca sean o no recargables.\u00a0Los diferentes puntos de recogida\u00a0p\u00fablicos\u00a0de maquinillas se pueden encontrar geolocalizados en la web de\u00a0TerraCycle. Una vez recogidos los productos, las piezas se separan y se reciclan para convertirlas en materia prima que dar\u00e1 vida a nuevos productos de pl\u00e1stico reciclado, potenciando as\u00ed la econom\u00eda circular.\u00a0En cuanto a las cuchillas, se fundir\u00e1n en lingotes para su reutilizaci\u00f3n en la industria metal\u00fargica.\u00a0De este modo, los residuos pueden ser utilizados de nuevo por los fabricantes y son reintroducidos\u00a0en el sistema productivo, contribuyendo a evitar el uso de materias primas.<br \/>\nBIC y\u00a0TerraCycle unidos una vez m\u00e1s por el reciclaje<br \/>\nBIC ha\u00a0encontrado en TerraCycle\u00ae\u00a0el aliado perfecto para impulsar estas iniciativas sostenibles. Se trata\u00a0de una empresa de reciclaje innovadora que se ha convertido en l\u00edder mundial en el tratamiento de residuos dif\u00edciles de reciclar, y que opera actualmente en 20 pa\u00edses. TerraCycle ayuda a m\u00e1s de un centenar de empresas multinacionales en la recogida de envases y residuos que no pueden reciclarse a trav\u00e9s de los canales tradicionales de separaci\u00f3n para que no acaben en el vertedero o incinerados.<br \/>\n\u00abEstamos muy orgullosos de lanzar junto a TerraCycle este nuevo programa de recogida y reciclaje de maquinillas de afeitar. Hace 10 a\u00f1os que iniciamos nuestra colaboraci\u00f3n lanzando el primer programa de recogida y reciclaje de material de escritura con el que, hasta la fecha, hemos conseguido\u00a0reciclar\u00a0varias toneladas de material de escritura en Espa\u00f1a\u00a0y darles una nueva\u00a0vida como mobiliario de exterior que, a su vez, es de nuevo reciclable\u00bb afirma Pedro Domingos, Director General de BIC Iberia.<br \/>\nPor su parte, Amanda Balada, de\u00a0TerraCycle\u00ae\u00a0en Espa\u00f1a ha declarado:\u00a0\u201cEstamos muy contentos de colaborar con BIC en este nuevo programa de recogida y reciclaje de maquinillas de afeitar. Esta soluci\u00f3n permitir\u00e1 a los espa\u00f1oles dar una segunda vida a sus maquinillas de afeitar evitando el\u00a0vertedero o\u00a0la incineraci\u00f3n. Gracias a este novedoso programa, BIC y\u00a0TerraCycle\u00a0reducen el impacto de este producto ofreciendo una forma gratuita y c\u00f3moda de reciclar las maquinillas de afeitar\u201d.<br \/>\n\u00bfC\u00f3mo participar en este programa?<br \/>\nEn el programa se puede colaborar a trav\u00e9s de una doble v\u00eda: depositando el producto en los puntos de recogida o bien formando parte de la red de recogedores p\u00fablicos, que est\u00e1 abierta a\u00a0residencias de estudiantes,\u00a0asociaciones, empresas o negocios. Para ello, s\u00f3lo hay que inscribirse en la p\u00e1gina del programa (www.terracycle.com\/registra-bic) para recibir sus cajas contenedoras. Los recogedores pueden entonces enviar sus cajas llenas de producto para reciclar entrando en su cuenta de\u00a0TerraCycle\u00ae\u00a0y programando una recogida con el transportista.<br \/>\nLas ventajas del programa van m\u00e1s all\u00e1 del reciclaje, ya que adem\u00e1s los participantes podr\u00e1n ayudar a conseguir donaciones para organizaciones ben\u00e9ficas. Por cada env\u00edo de m\u00e1s de 2 kilos, se dan 100 puntos\u00a0TerraCycle\u00ae\u00a0por kilo, puntos que pueden convertirse en donaciones para la organizaci\u00f3n ben\u00e9fica que elija el recolector.<br \/>\nEste programa es un paso m\u00e1s en camino de la sostenibilidad en BIC que comenz\u00f3 hace m\u00e1s de 15 a\u00f1os\u00a0y que se ha convertido en el elemento central y transversal de las diferentes actividades de la compa\u00f1\u00eda: empezando por la propia producci\u00f3n en origen utilizando para sus productos \u00fanicamente el material necesario y asegurando la duraci\u00f3n de sus productos. Todo ello formando parte de la filosof\u00eda 4R de BIC, cuyo objetivo a reducir, reciclar, emplear elementos reciclados y hacerlos recargables.<br \/>\nAdem\u00e1s, la compa\u00f1\u00eda se ha marcado unos objetivos muy importantes en relaci\u00f3n con la sostenibilidad para el 2025 como son reducir su impacto medioambiental y sus emisiones de carbono en la producci\u00f3n de sus productos y operaciones. En octubre del a\u00f1o pasado, la compa\u00f1\u00eda anunci\u00f3 dos compromisos adicionales respecto al uso del pl\u00e1stico: para el 2030\u00a0BIC\u00ae\u00a0aspira a que el 50% de sus productos sean de pl\u00e1stico no derivado del petr\u00f3leo, con un primer objetivo del 20% para 2025; y que el 100% de sus envases de pl\u00e1stico de consumo sean reutilizables, reciclables o compostables.<\/p>\n<p>Nota de Prensa. <\/p>\n<p>No te pierdas nada de MarketingDirecto.com y \u00fanete a nuestro Telegram t.me\/MarketingDirecto<\/p>\n<p>\n<!--noindex--><br \/>\n<a href=\"https:\/\/www.marketingdirecto.com\/marketing-general\/publicidad\/bic-terracycle-celebran-aniversario-lanzamiento-primer-programa-reciclaje-maquinillas-afeitar\" rel=\"nofollow\">Source link <\/a><br \/>\n<!--\/noindex--><\/p>\n","protected":false},"excerpt":{"rendered":"<p>Este es el lanzamiento m\u00e1s reciente de una larga colaboraci\u00f3n que comenz\u00f3 hace una d\u00e9cada con el primer programa de reciclado de material de escritura. La marca\u00a0BIC, l\u00edder mundial en papeler\u00eda, encendedores y maquinillas de afeitar, y TerraCycle\u00ae, l\u00edder mundial en el tratamiento de residuos dif\u00edciles de reciclar, han cerrado un acuerdo de cara a [&hellip;]<\/p>\n","protected":false},"author":2,"featured_media":15365,"comment_status":"open","ping_status":"open","sticky":false,"template":"","format":"standard","meta":{"footnotes":""},"categories":[2],"tags":[],"class_list":["post-15364","post","type-post","status-publish","format-standard","has-post-thumbnail","hentry","category-noticias-de-marketing-digital"],"yoast_head":"<!-- This site is optimized with the Yoast SEO plugin v27.4 - https:\/\/yoast.com\/product\/yoast-seo-wordpress\/ -->\n<title>BIC y TerraCycle\u00ae celebran el 10\u00ba aniversario de su lanzamiento del primer programa de reciclaje de maquinillas de afeitar - Super News<\/title>\n<meta name=\"robots\" content=\"index, follow, max-snippet:-1, max-image-preview:large, max-video-preview:-1\" \/>\n<link rel=\"canonical\" href=\"https:\/\/super-news.info\/es\/bic-y-terracycle-celebran-el-10o-aniversario-de-su-lanzamiento-del-primer-programa-de-reciclaje-de-maquinillas-de-afeitar\/\" \/>\n<meta property=\"og:locale\" content=\"en_US\" \/>\n<meta property=\"og:type\" content=\"article\" \/>\n<meta property=\"og:title\" content=\"BIC y TerraCycle\u00ae celebran el 10\u00ba aniversario de su lanzamiento del primer programa de reciclaje de maquinillas de afeitar - Super News\" \/>\n<meta property=\"og:description\" content=\"Este es el lanzamiento m\u00e1s reciente de una larga colaboraci\u00f3n que comenz\u00f3 hace una d\u00e9cada con el primer programa de reciclado de material de escritura. La marca\u00a0BIC, l\u00edder mundial en papeler\u00eda, encendedores y maquinillas de afeitar, y TerraCycle\u00ae, l\u00edder mundial en el tratamiento de residuos dif\u00edciles de reciclar, han cerrado un acuerdo de cara a [&hellip;]\" \/>\n<meta property=\"og:url\" content=\"https:\/\/super-news.info\/es\/bic-y-terracycle-celebran-el-10o-aniversario-de-su-lanzamiento-del-primer-programa-de-reciclaje-de-maquinillas-de-afeitar\/\" \/>\n<meta property=\"og:site_name\" content=\"Super News\" \/>\n<meta property=\"article:published_time\" content=\"2021-07-16T15:53:12+00:00\" \/>\n<meta property=\"article:modified_time\" content=\"2021-07-16T15:53:13+00:00\" \/>\n<meta property=\"og:image\" content=\"https:\/\/super-news.info\/es\/wp-content\/uploads\/sites\/4\/2021\/07\/BIC-y-TerraCycle-celebran-el-10o-aniversario-de-su-lanzamiento.jpg\" \/>\n\t<meta property=\"og:image:width\" content=\"1200\" \/>\n\t<meta property=\"og:image:height\" content=\"675\" \/>\n\t<meta property=\"og:image:type\" content=\"image\/jpeg\" \/>\n<meta name=\"author\" content=\"super-news\" \/>\n<meta name=\"twitter:card\" content=\"summary_large_image\" \/>\n<meta name=\"twitter:label1\" content=\"Written by\" \/>\n\t<meta name=\"twitter:data1\" content=\"super-news\" \/>\n\t<meta name=\"twitter:label2\" content=\"Est. reading time\" \/>\n\t<meta name=\"twitter:data2\" content=\"4 minutes\" \/>\n<script type=\"application\/ld+json\" class=\"yoast-schema-graph\">{\"@context\":\"https:\\\/\\\/schema.org\",\"@graph\":[{\"@type\":\"Article\",\"@id\":\"https:\\\/\\\/super-news.info\\\/es\\\/bic-y-terracycle-celebran-el-10o-aniversario-de-su-lanzamiento-del-primer-programa-de-reciclaje-de-maquinillas-de-afeitar\\\/#article\",\"isPartOf\":{\"@id\":\"https:\\\/\\\/super-news.info\\\/es\\\/bic-y-terracycle-celebran-el-10o-aniversario-de-su-lanzamiento-del-primer-programa-de-reciclaje-de-maquinillas-de-afeitar\\\/\"},\"author\":{\"name\":\"super-news\",\"@id\":\"https:\\\/\\\/super-news.info\\\/es\\\/#\\\/schema\\\/person\\\/2d4068cb2f39cd10008c2fce578a7356\"},\"headline\":\"BIC y TerraCycle\u00ae celebran el 10\u00ba aniversario de su lanzamiento del primer programa de reciclaje de maquinillas de afeitar\",\"datePublished\":\"2021-07-16T15:53:12+00:00\",\"dateModified\":\"2021-07-16T15:53:13+00:00\",\"mainEntityOfPage\":{\"@id\":\"https:\\\/\\\/super-news.info\\\/es\\\/bic-y-terracycle-celebran-el-10o-aniversario-de-su-lanzamiento-del-primer-programa-de-reciclaje-de-maquinillas-de-afeitar\\\/\"},\"wordCount\":903,\"commentCount\":0,\"image\":{\"@id\":\"https:\\\/\\\/super-news.info\\\/es\\\/bic-y-terracycle-celebran-el-10o-aniversario-de-su-lanzamiento-del-primer-programa-de-reciclaje-de-maquinillas-de-afeitar\\\/#primaryimage\"},\"thumbnailUrl\":\"https:\\\/\\\/super-news.info\\\/es\\\/wp-content\\\/uploads\\\/sites\\\/4\\\/2021\\\/07\\\/BIC-y-TerraCycle-celebran-el-10o-aniversario-de-su-lanzamiento.jpg\",\"articleSection\":[\"NOTICIAS DE MARKETING DIGITAL\"],\"inLanguage\":\"en-US\",\"potentialAction\":[{\"@type\":\"CommentAction\",\"name\":\"Comment\",\"target\":[\"https:\\\/\\\/super-news.info\\\/es\\\/bic-y-terracycle-celebran-el-10o-aniversario-de-su-lanzamiento-del-primer-programa-de-reciclaje-de-maquinillas-de-afeitar\\\/#respond\"]}]},{\"@type\":\"WebPage\",\"@id\":\"https:\\\/\\\/super-news.info\\\/es\\\/bic-y-terracycle-celebran-el-10o-aniversario-de-su-lanzamiento-del-primer-programa-de-reciclaje-de-maquinillas-de-afeitar\\\/\",\"url\":\"https:\\\/\\\/super-news.info\\\/es\\\/bic-y-terracycle-celebran-el-10o-aniversario-de-su-lanzamiento-del-primer-programa-de-reciclaje-de-maquinillas-de-afeitar\\\/\",\"name\":\"BIC y TerraCycle\u00ae celebran el 10\u00ba aniversario de su lanzamiento del primer programa de reciclaje de maquinillas de afeitar - Super News\",\"isPartOf\":{\"@id\":\"https:\\\/\\\/super-news.info\\\/es\\\/#website\"},\"primaryImageOfPage\":{\"@id\":\"https:\\\/\\\/super-news.info\\\/es\\\/bic-y-terracycle-celebran-el-10o-aniversario-de-su-lanzamiento-del-primer-programa-de-reciclaje-de-maquinillas-de-afeitar\\\/#primaryimage\"},\"image\":{\"@id\":\"https:\\\/\\\/super-news.info\\\/es\\\/bic-y-terracycle-celebran-el-10o-aniversario-de-su-lanzamiento-del-primer-programa-de-reciclaje-de-maquinillas-de-afeitar\\\/#primaryimage\"},\"thumbnailUrl\":\"https:\\\/\\\/super-news.info\\\/es\\\/wp-content\\\/uploads\\\/sites\\\/4\\\/2021\\\/07\\\/BIC-y-TerraCycle-celebran-el-10o-aniversario-de-su-lanzamiento.jpg\",\"datePublished\":\"2021-07-16T15:53:12+00:00\",\"dateModified\":\"2021-07-16T15:53:13+00:00\",\"author\":{\"@id\":\"https:\\\/\\\/super-news.info\\\/es\\\/#\\\/schema\\\/person\\\/2d4068cb2f39cd10008c2fce578a7356\"},\"breadcrumb\":{\"@id\":\"https:\\\/\\\/super-news.info\\\/es\\\/bic-y-terracycle-celebran-el-10o-aniversario-de-su-lanzamiento-del-primer-programa-de-reciclaje-de-maquinillas-de-afeitar\\\/#breadcrumb\"},\"inLanguage\":\"en-US\",\"potentialAction\":[{\"@type\":\"ReadAction\",\"target\":[\"https:\\\/\\\/super-news.info\\\/es\\\/bic-y-terracycle-celebran-el-10o-aniversario-de-su-lanzamiento-del-primer-programa-de-reciclaje-de-maquinillas-de-afeitar\\\/\"]}]},{\"@type\":\"ImageObject\",\"inLanguage\":\"en-US\",\"@id\":\"https:\\\/\\\/super-news.info\\\/es\\\/bic-y-terracycle-celebran-el-10o-aniversario-de-su-lanzamiento-del-primer-programa-de-reciclaje-de-maquinillas-de-afeitar\\\/#primaryimage\",\"url\":\"https:\\\/\\\/super-news.info\\\/es\\\/wp-content\\\/uploads\\\/sites\\\/4\\\/2021\\\/07\\\/BIC-y-TerraCycle-celebran-el-10o-aniversario-de-su-lanzamiento.jpg\",\"contentUrl\":\"https:\\\/\\\/super-news.info\\\/es\\\/wp-content\\\/uploads\\\/sites\\\/4\\\/2021\\\/07\\\/BIC-y-TerraCycle-celebran-el-10o-aniversario-de-su-lanzamiento.jpg\",\"width\":1200,\"height\":675,\"caption\":\"BIC y TerraCycle\u00ae celebran el 10\u00ba aniversario de su lanzamiento del primer programa de reciclaje de maquinillas de afeitar\"},{\"@type\":\"BreadcrumbList\",\"@id\":\"https:\\\/\\\/super-news.info\\\/es\\\/bic-y-terracycle-celebran-el-10o-aniversario-de-su-lanzamiento-del-primer-programa-de-reciclaje-de-maquinillas-de-afeitar\\\/#breadcrumb\",\"itemListElement\":[{\"@type\":\"ListItem\",\"position\":1,\"name\":\"\u0413\u043b\u0430\u0432\u043d\u0430\u044f \u0441\u0442\u0440\u0430\u043d\u0438\u0446\u0430\",\"item\":\"https:\\\/\\\/super-news.info\\\/es\\\/\"},{\"@type\":\"ListItem\",\"position\":2,\"name\":\"BIC y TerraCycle\u00ae celebran el 10\u00ba aniversario de su lanzamiento del primer programa de reciclaje de maquinillas de afeitar\"}]},{\"@type\":\"WebSite\",\"@id\":\"https:\\\/\\\/super-news.info\\\/es\\\/#website\",\"url\":\"https:\\\/\\\/super-news.info\\\/es\\\/\",\"name\":\"Super News\",\"description\":\"Super News Espa\u00f1a\",\"potentialAction\":[{\"@type\":\"SearchAction\",\"target\":{\"@type\":\"EntryPoint\",\"urlTemplate\":\"https:\\\/\\\/super-news.info\\\/es\\\/?s={search_term_string}\"},\"query-input\":{\"@type\":\"PropertyValueSpecification\",\"valueRequired\":true,\"valueName\":\"search_term_string\"}}],\"inLanguage\":\"en-US\"},{\"@type\":\"Person\",\"@id\":\"https:\\\/\\\/super-news.info\\\/es\\\/#\\\/schema\\\/person\\\/2d4068cb2f39cd10008c2fce578a7356\",\"name\":\"super-news\",\"image\":{\"@type\":\"ImageObject\",\"inLanguage\":\"en-US\",\"@id\":\"https:\\\/\\\/secure.gravatar.com\\\/avatar\\\/64ebac40b93f26a154f8a9b5b6fdccfc46f442b26b3dd6756dbff3bf9dc76fd7?s=96&d=mm&r=g\",\"url\":\"https:\\\/\\\/secure.gravatar.com\\\/avatar\\\/64ebac40b93f26a154f8a9b5b6fdccfc46f442b26b3dd6756dbff3bf9dc76fd7?s=96&d=mm&r=g\",\"contentUrl\":\"https:\\\/\\\/secure.gravatar.com\\\/avatar\\\/64ebac40b93f26a154f8a9b5b6fdccfc46f442b26b3dd6756dbff3bf9dc76fd7?s=96&d=mm&r=g\",\"caption\":\"super-news\"},\"url\":\"https:\\\/\\\/super-news.info\\\/es\\\/author\\\/pt\\\/\"}]}<\/script>\n<!-- \/ Yoast SEO plugin. -->","yoast_head_json":{"title":"BIC y TerraCycle\u00ae celebran el 10\u00ba aniversario de su lanzamiento del primer programa de reciclaje de maquinillas de afeitar - Super News","robots":{"index":"index","follow":"follow","max-snippet":"max-snippet:-1","max-image-preview":"max-image-preview:large","max-video-preview":"max-video-preview:-1"},"canonical":"https:\/\/super-news.info\/es\/bic-y-terracycle-celebran-el-10o-aniversario-de-su-lanzamiento-del-primer-programa-de-reciclaje-de-maquinillas-de-afeitar\/","og_locale":"en_US","og_type":"article","og_title":"BIC y TerraCycle\u00ae celebran el 10\u00ba aniversario de su lanzamiento del primer programa de reciclaje de maquinillas de afeitar - Super News","og_description":"Este es el lanzamiento m\u00e1s reciente de una larga colaboraci\u00f3n que comenz\u00f3 hace una d\u00e9cada con el primer programa de reciclado de material de escritura. La marca\u00a0BIC, l\u00edder mundial en papeler\u00eda, encendedores y maquinillas de afeitar, y TerraCycle\u00ae, l\u00edder mundial en el tratamiento de residuos dif\u00edciles de reciclar, han cerrado un acuerdo de cara a [&hellip;]","og_url":"https:\/\/super-news.info\/es\/bic-y-terracycle-celebran-el-10o-aniversario-de-su-lanzamiento-del-primer-programa-de-reciclaje-de-maquinillas-de-afeitar\/","og_site_name":"Super News","article_published_time":"2021-07-16T15:53:12+00:00","article_modified_time":"2021-07-16T15:53:13+00:00","og_image":[{"width":1200,"height":675,"url":"https:\/\/super-news.info\/es\/wp-content\/uploads\/sites\/4\/2021\/07\/BIC-y-TerraCycle-celebran-el-10o-aniversario-de-su-lanzamiento.jpg","type":"image\/jpeg"}],"author":"super-news","twitter_card":"summary_large_image","twitter_misc":{"Written by":"super-news","Est. reading time":"4 minutes"},"schema":{"@context":"https:\/\/schema.org","@graph":[{"@type":"Article","@id":"https:\/\/super-news.info\/es\/bic-y-terracycle-celebran-el-10o-aniversario-de-su-lanzamiento-del-primer-programa-de-reciclaje-de-maquinillas-de-afeitar\/#article","isPartOf":{"@id":"https:\/\/super-news.info\/es\/bic-y-terracycle-celebran-el-10o-aniversario-de-su-lanzamiento-del-primer-programa-de-reciclaje-de-maquinillas-de-afeitar\/"},"author":{"name":"super-news","@id":"https:\/\/super-news.info\/es\/#\/schema\/person\/2d4068cb2f39cd10008c2fce578a7356"},"headline":"BIC y TerraCycle\u00ae celebran el 10\u00ba aniversario de su lanzamiento del primer programa de reciclaje de maquinillas de afeitar","datePublished":"2021-07-16T15:53:12+00:00","dateModified":"2021-07-16T15:53:13+00:00","mainEntityOfPage":{"@id":"https:\/\/super-news.info\/es\/bic-y-terracycle-celebran-el-10o-aniversario-de-su-lanzamiento-del-primer-programa-de-reciclaje-de-maquinillas-de-afeitar\/"},"wordCount":903,"commentCount":0,"image":{"@id":"https:\/\/super-news.info\/es\/bic-y-terracycle-celebran-el-10o-aniversario-de-su-lanzamiento-del-primer-programa-de-reciclaje-de-maquinillas-de-afeitar\/#primaryimage"},"thumbnailUrl":"https:\/\/super-news.info\/es\/wp-content\/uploads\/sites\/4\/2021\/07\/BIC-y-TerraCycle-celebran-el-10o-aniversario-de-su-lanzamiento.jpg","articleSection":["NOTICIAS DE MARKETING DIGITAL"],"inLanguage":"en-US","potentialAction":[{"@type":"CommentAction","name":"Comment","target":["https:\/\/super-news.info\/es\/bic-y-terracycle-celebran-el-10o-aniversario-de-su-lanzamiento-del-primer-programa-de-reciclaje-de-maquinillas-de-afeitar\/#respond"]}]},{"@type":"WebPage","@id":"https:\/\/super-news.info\/es\/bic-y-terracycle-celebran-el-10o-aniversario-de-su-lanzamiento-del-primer-programa-de-reciclaje-de-maquinillas-de-afeitar\/","url":"https:\/\/super-news.info\/es\/bic-y-terracycle-celebran-el-10o-aniversario-de-su-lanzamiento-del-primer-programa-de-reciclaje-de-maquinillas-de-afeitar\/","name":"BIC y TerraCycle\u00ae celebran el 10\u00ba aniversario de su lanzamiento del primer programa de reciclaje de maquinillas de afeitar - Super News","isPartOf":{"@id":"https:\/\/super-news.info\/es\/#website"},"primaryImageOfPage":{"@id":"https:\/\/super-news.info\/es\/bic-y-terracycle-celebran-el-10o-aniversario-de-su-lanzamiento-del-primer-programa-de-reciclaje-de-maquinillas-de-afeitar\/#primaryimage"},"image":{"@id":"https:\/\/super-news.info\/es\/bic-y-terracycle-celebran-el-10o-aniversario-de-su-lanzamiento-del-primer-programa-de-reciclaje-de-maquinillas-de-afeitar\/#primaryimage"},"thumbnailUrl":"https:\/\/super-news.info\/es\/wp-content\/uploads\/sites\/4\/2021\/07\/BIC-y-TerraCycle-celebran-el-10o-aniversario-de-su-lanzamiento.jpg","datePublished":"2021-07-16T15:53:12+00:00","dateModified":"2021-07-16T15:53:13+00:00","author":{"@id":"https:\/\/super-news.info\/es\/#\/schema\/person\/2d4068cb2f39cd10008c2fce578a7356"},"breadcrumb":{"@id":"https:\/\/super-news.info\/es\/bic-y-terracycle-celebran-el-10o-aniversario-de-su-lanzamiento-del-primer-programa-de-reciclaje-de-maquinillas-de-afeitar\/#breadcrumb"},"inLanguage":"en-US","potentialAction":[{"@type":"ReadAction","target":["https:\/\/super-news.info\/es\/bic-y-terracycle-celebran-el-10o-aniversario-de-su-lanzamiento-del-primer-programa-de-reciclaje-de-maquinillas-de-afeitar\/"]}]},{"@type":"ImageObject","inLanguage":"en-US","@id":"https:\/\/super-news.info\/es\/bic-y-terracycle-celebran-el-10o-aniversario-de-su-lanzamiento-del-primer-programa-de-reciclaje-de-maquinillas-de-afeitar\/#primaryimage","url":"https:\/\/super-news.info\/es\/wp-content\/uploads\/sites\/4\/2021\/07\/BIC-y-TerraCycle-celebran-el-10o-aniversario-de-su-lanzamiento.jpg","contentUrl":"https:\/\/super-news.info\/es\/wp-content\/uploads\/sites\/4\/2021\/07\/BIC-y-TerraCycle-celebran-el-10o-aniversario-de-su-lanzamiento.jpg","width":1200,"height":675,"caption":"BIC y TerraCycle\u00ae celebran el 10\u00ba aniversario de su lanzamiento del primer programa de reciclaje de maquinillas de afeitar"},{"@type":"BreadcrumbList","@id":"https:\/\/super-news.info\/es\/bic-y-terracycle-celebran-el-10o-aniversario-de-su-lanzamiento-del-primer-programa-de-reciclaje-de-maquinillas-de-afeitar\/#breadcrumb","itemListElement":[{"@type":"ListItem","position":1,"name":"\u0413\u043b\u0430\u0432\u043d\u0430\u044f \u0441\u0442\u0440\u0430\u043d\u0438\u0446\u0430","item":"https:\/\/super-news.info\/es\/"},{"@type":"ListItem","position":2,"name":"BIC y TerraCycle\u00ae celebran el 10\u00ba aniversario de su lanzamiento del primer programa de reciclaje de maquinillas de afeitar"}]},{"@type":"WebSite","@id":"https:\/\/super-news.info\/es\/#website","url":"https:\/\/super-news.info\/es\/","name":"Super News","description":"Super News Espa\u00f1a","potentialAction":[{"@type":"SearchAction","target":{"@type":"EntryPoint","urlTemplate":"https:\/\/super-news.info\/es\/?s={search_term_string}"},"query-input":{"@type":"PropertyValueSpecification","valueRequired":true,"valueName":"search_term_string"}}],"inLanguage":"en-US"},{"@type":"Person","@id":"https:\/\/super-news.info\/es\/#\/schema\/person\/2d4068cb2f39cd10008c2fce578a7356","name":"super-news","image":{"@type":"ImageObject","inLanguage":"en-US","@id":"https:\/\/secure.gravatar.com\/avatar\/64ebac40b93f26a154f8a9b5b6fdccfc46f442b26b3dd6756dbff3bf9dc76fd7?s=96&d=mm&r=g","url":"https:\/\/secure.gravatar.com\/avatar\/64ebac40b93f26a154f8a9b5b6fdccfc46f442b26b3dd6756dbff3bf9dc76fd7?s=96&d=mm&r=g","contentUrl":"https:\/\/secure.gravatar.com\/avatar\/64ebac40b93f26a154f8a9b5b6fdccfc46f442b26b3dd6756dbff3bf9dc76fd7?s=96&d=mm&r=g","caption":"super-news"},"url":"https:\/\/super-news.info\/es\/author\/pt\/"}]}},"_links":{"self":[{"href":"https:\/\/super-news.info\/es\/wp-json\/wp\/v2\/posts\/15364","targetHints":{"allow":["GET"]}}],"collection":[{"href":"https:\/\/super-news.info\/es\/wp-json\/wp\/v2\/posts"}],"about":[{"href":"https:\/\/super-news.info\/es\/wp-json\/wp\/v2\/types\/post"}],"author":[{"embeddable":true,"href":"https:\/\/super-news.info\/es\/wp-json\/wp\/v2\/users\/2"}],"replies":[{"embeddable":true,"href":"https:\/\/super-news.info\/es\/wp-json\/wp\/v2\/comments?post=15364"}],"version-history":[{"count":1,"href":"https:\/\/super-news.info\/es\/wp-json\/wp\/v2\/posts\/15364\/revisions"}],"predecessor-version":[{"id":15366,"href":"https:\/\/super-news.info\/es\/wp-json\/wp\/v2\/posts\/15364\/revisions\/15366"}],"wp:featuredmedia":[{"embeddable":true,"href":"https:\/\/super-news.info\/es\/wp-json\/wp\/v2\/media\/15365"}],"wp:attachment":[{"href":"https:\/\/super-news.info\/es\/wp-json\/wp\/v2\/media?parent=15364"}],"wp:term":[{"taxonomy":"category","embeddable":true,"href":"https:\/\/super-news.info\/es\/wp-json\/wp\/v2\/categories?post=15364"},{"taxonomy":"post_tag","embeddable":true,"href":"https:\/\/super-news.info\/es\/wp-json\/wp\/v2\/tags?post=15364"}],"curies":[{"name":"wp","href":"https:\/\/api.w.org\/{rel}","templated":true}]}}