{"id":15358,"date":"2021-07-16T06:51:46","date_gmt":"2021-07-16T03:51:46","guid":{"rendered":"https:\/\/super-news.info\/es\/la-necesidad-de-mas-planes-de-diversidad-en-el-ambito-laboral\/"},"modified":"2021-07-16T06:51:48","modified_gmt":"2021-07-16T03:51:48","slug":"la-necesidad-de-mas-planes-de-diversidad-en-el-ambito-laboral","status":"publish","type":"post","link":"https:\/\/super-news.info\/es\/la-necesidad-de-mas-planes-de-diversidad-en-el-ambito-laboral\/","title":{"rendered":"La necesidad de m\u00e1s planes de diversidad en el \u00e1mbito laboral"},"content":{"rendered":"<p>FREE NOW ha organizado una mesa redonda sobre diversidad para hablar de los estereotipos sobre el colectivo LGTBIQA+.<br \/>\nLa sociedad todav\u00eda tiene que caminar en t\u00e9rminos de diversidad e inclusi\u00f3n. Esto se ve en datos como que todav\u00eda un 20% de los espa\u00f1oles piensa que no es necesario dar visibilidad al colectivo LGTBIQA+.<br \/>\nEste tema se ha tratado en la mesa redonda \u2018Haciendo frente a los estereotipos de g\u00e9nero\u2019 organizada por FREE NOW. El objetivo de la misma era presentar su I Estudio sobre Diversidad e Inclusi\u00f3n. En el encuentro han participado Apoyo Positivo, Chrysallis y la Fundaci\u00f3n 26 de Diciembre.<br \/>\nEspa\u00f1a es considerado uno de los pa\u00edses m\u00e1s inclusivos. De hecho, un 37% de los espa\u00f1oles le concede una media de notable, con una calificaci\u00f3n entre 7 y 8. Sin embargo, los ponentes han coincidido en que a\u00fan hay mucho por hacer. Uno de los aspectos clave que han resaltado ha sido que la educaci\u00f3n es primordial para acabar con los estereotipos de g\u00e9nero actuales.<br \/>\nEn base a los datos obtenidos en el estudio, alrededor de un 30% afirma no tener conocimiento de qu\u00e9 significan dichas siglas, y tan solo un 9,6% reconoce alguna de ellas. Reyes Velayos, presidenta de Apoyo Positivo, ha insistido en la \u00abnecesidad de la educaci\u00f3n en edades muy tempranas para que la diversidad sea vista como algo natural\u00bb.<br \/>\nLos estereotipos y prejuicios en relaci\u00f3n al colectivo LGTBIQA+<br \/>\nOtro de los temas principales han sido los estereotipos vinculados al g\u00e9nero y a la diversidad sexual. Por ejemplo, un 70% de los espa\u00f1oles cree que existen estereotipos ligados a la diversidad sexual. \u00abActualmente existen estereotipos vinculados a la orientaci\u00f3n sexual y el edadismo, como si los gays y lesbianas solo pudieran ser gente joven y atractiva, y las personas adultas no tuvieran derecho a vivir su sexualidad\u00bb, ha se\u00f1alado Federico Armenteros, presidente de la Fundaci\u00f3n 26 de Diciembre.<br \/>\n\u00abA d\u00eda de hoy sigue siendo un gran problema la vinculaci\u00f3n del colectivo a la promiscuidad y a las enfermedades de transmisi\u00f3n sexual\u00bb, ha apuntado, por su parte, Velayos.<br \/>\nAdem\u00e1s, 1 de cada 4 personas sigue sin saber la diferencia entre identidad de g\u00e9nero y orientaci\u00f3n sexual. \u00abEl alumnado ha de interiorizar que todas las personas son diversas y que tenemos los mismos derechos\u00bb, ha comentado Soledad Fern\u00e1ndez, vicepresidenta de Chrysallis.<br \/>\n\u00bfCu\u00e1l es la situaci\u00f3n del colectivo en el \u00e1mbito laboral?<br \/>\nUn 43% de los encuestados afirma haber sufrido o experimentado una situaci\u00f3n de discriminaci\u00f3n o acoso en el lugar de trabajo por ser diferente. Los tipos de discriminaci\u00f3n m\u00e1s comunes que sufren los encuestados son: discriminaci\u00f3n por g\u00e9nero (23%), por orientaci\u00f3n sexual (16%) y por etnia (14%).<br \/>\nLos ponentes coinciden con el 47% de los ciudadanos que cree que las compa\u00f1\u00edas espa\u00f1olas deber\u00edan llevar a cabo m\u00e1s iniciativas para la promoci\u00f3n de la diversidad e inclusi\u00f3n en el espacio laboral.<br \/>\n\u00abLas personas han de ser valoradas por su talento y sus capacidades para desempe\u00f1ar su puesto de trabajo, sin tener en cuenta su orientaci\u00f3n sexual, cultura, religi\u00f3n o g\u00e9nero. Es fundamental que las empresas pongan en marcha planes de diversidad e inclusi\u00f3n efectivos, con pol\u00edticas reales y eficientes que acaben con el heteropatriarcado que impera en el \u00e1mbito laboral\u00bb, asegura Reyes Velayos.<br \/>\nComo pol\u00edticas efectivas, los encuestados del estudio valoran iniciativas para garantizar la igualdad de oportunidades en el empleo y la educaci\u00f3n profesional (58%). Pero tambi\u00e9n perseguir el acoso y la discriminaci\u00f3n (46,8%) o facilitar el equilibrio entre la vida laboral y personal (46,3%), entre otras.<\/p>\n<p>No te pierdas nada de MarketingDirecto.com y \u00fanete a nuestro Telegram t.me\/MarketingDirecto<\/p>\n<p>\n<!--noindex--><br \/>\n<a href=\"https:\/\/www.marketingdirecto.com\/marketing-general\/publicidad\/personas-busca-empresas-fomenten-planes-diversidad-inclusion\" rel=\"nofollow\">Source link <\/a><br \/>\n<!--\/noindex--><\/p>\n","protected":false},"excerpt":{"rendered":"<p>FREE NOW ha organizado una mesa redonda sobre diversidad para hablar de los estereotipos sobre el colectivo LGTBIQA+. La sociedad todav\u00eda tiene que caminar en t\u00e9rminos de diversidad e inclusi\u00f3n. Esto se ve en datos como que todav\u00eda un 20% de los espa\u00f1oles piensa que no es necesario dar visibilidad al colectivo LGTBIQA+. Este tema [&hellip;]<\/p>\n","protected":false},"author":2,"featured_media":15359,"comment_status":"open","ping_status":"open","sticky":false,"template":"","format":"standard","meta":{"footnotes":""},"categories":[2],"tags":[],"class_list":["post-15358","post","type-post","status-publish","format-standard","has-post-thumbnail","hentry","category-noticias-de-marketing-digital"],"yoast_head":"<!-- This site is optimized with the Yoast SEO plugin v27.4 - https:\/\/yoast.com\/product\/yoast-seo-wordpress\/ -->\n<title>La necesidad de m\u00e1s planes de diversidad en el \u00e1mbito laboral - Super News<\/title>\n<meta name=\"robots\" content=\"index, follow, max-snippet:-1, max-image-preview:large, max-video-preview:-1\" \/>\n<link rel=\"canonical\" href=\"https:\/\/super-news.info\/es\/la-necesidad-de-mas-planes-de-diversidad-en-el-ambito-laboral\/\" \/>\n<meta property=\"og:locale\" content=\"en_US\" \/>\n<meta property=\"og:type\" content=\"article\" \/>\n<meta property=\"og:title\" content=\"La necesidad de m\u00e1s planes de diversidad en el \u00e1mbito laboral - Super News\" \/>\n<meta property=\"og:description\" content=\"FREE NOW ha organizado una mesa redonda sobre diversidad para hablar de los estereotipos sobre el colectivo LGTBIQA+. La sociedad todav\u00eda tiene que caminar en t\u00e9rminos de diversidad e inclusi\u00f3n. Esto se ve en datos como que todav\u00eda un 20% de los espa\u00f1oles piensa que no es necesario dar visibilidad al colectivo LGTBIQA+. Este tema [&hellip;]\" \/>\n<meta property=\"og:url\" content=\"https:\/\/super-news.info\/es\/la-necesidad-de-mas-planes-de-diversidad-en-el-ambito-laboral\/\" \/>\n<meta property=\"og:site_name\" content=\"Super News\" \/>\n<meta property=\"article:published_time\" content=\"2021-07-16T03:51:46+00:00\" \/>\n<meta property=\"article:modified_time\" content=\"2021-07-16T03:51:48+00:00\" \/>\n<meta property=\"og:image\" content=\"https:\/\/super-news.info\/es\/wp-content\/uploads\/sites\/4\/2021\/07\/La-necesidad-de-mas-planes-de-diversidad-en-el-ambito.jpg\" \/>\n\t<meta property=\"og:image:width\" content=\"1200\" \/>\n\t<meta property=\"og:image:height\" content=\"675\" \/>\n\t<meta property=\"og:image:type\" content=\"image\/jpeg\" \/>\n<meta name=\"author\" content=\"super-news\" \/>\n<meta name=\"twitter:card\" content=\"summary_large_image\" \/>\n<meta name=\"twitter:label1\" content=\"Written by\" \/>\n\t<meta name=\"twitter:data1\" content=\"super-news\" \/>\n\t<meta name=\"twitter:label2\" content=\"Est. reading time\" \/>\n\t<meta name=\"twitter:data2\" content=\"3 minutes\" \/>\n<script type=\"application\/ld+json\" class=\"yoast-schema-graph\">{\"@context\":\"https:\\\/\\\/schema.org\",\"@graph\":[{\"@type\":\"Article\",\"@id\":\"https:\\\/\\\/super-news.info\\\/es\\\/la-necesidad-de-mas-planes-de-diversidad-en-el-ambito-laboral\\\/#article\",\"isPartOf\":{\"@id\":\"https:\\\/\\\/super-news.info\\\/es\\\/la-necesidad-de-mas-planes-de-diversidad-en-el-ambito-laboral\\\/\"},\"author\":{\"name\":\"super-news\",\"@id\":\"https:\\\/\\\/super-news.info\\\/es\\\/#\\\/schema\\\/person\\\/2d4068cb2f39cd10008c2fce578a7356\"},\"headline\":\"La necesidad de m\u00e1s planes de diversidad en el \u00e1mbito laboral\",\"datePublished\":\"2021-07-16T03:51:46+00:00\",\"dateModified\":\"2021-07-16T03:51:48+00:00\",\"mainEntityOfPage\":{\"@id\":\"https:\\\/\\\/super-news.info\\\/es\\\/la-necesidad-de-mas-planes-de-diversidad-en-el-ambito-laboral\\\/\"},\"wordCount\":645,\"commentCount\":0,\"image\":{\"@id\":\"https:\\\/\\\/super-news.info\\\/es\\\/la-necesidad-de-mas-planes-de-diversidad-en-el-ambito-laboral\\\/#primaryimage\"},\"thumbnailUrl\":\"https:\\\/\\\/super-news.info\\\/es\\\/wp-content\\\/uploads\\\/sites\\\/4\\\/2021\\\/07\\\/La-necesidad-de-mas-planes-de-diversidad-en-el-ambito.jpg\",\"articleSection\":[\"NOTICIAS DE MARKETING DIGITAL\"],\"inLanguage\":\"en-US\",\"potentialAction\":[{\"@type\":\"CommentAction\",\"name\":\"Comment\",\"target\":[\"https:\\\/\\\/super-news.info\\\/es\\\/la-necesidad-de-mas-planes-de-diversidad-en-el-ambito-laboral\\\/#respond\"]}]},{\"@type\":\"WebPage\",\"@id\":\"https:\\\/\\\/super-news.info\\\/es\\\/la-necesidad-de-mas-planes-de-diversidad-en-el-ambito-laboral\\\/\",\"url\":\"https:\\\/\\\/super-news.info\\\/es\\\/la-necesidad-de-mas-planes-de-diversidad-en-el-ambito-laboral\\\/\",\"name\":\"La necesidad de m\u00e1s planes de diversidad en el \u00e1mbito laboral - Super News\",\"isPartOf\":{\"@id\":\"https:\\\/\\\/super-news.info\\\/es\\\/#website\"},\"primaryImageOfPage\":{\"@id\":\"https:\\\/\\\/super-news.info\\\/es\\\/la-necesidad-de-mas-planes-de-diversidad-en-el-ambito-laboral\\\/#primaryimage\"},\"image\":{\"@id\":\"https:\\\/\\\/super-news.info\\\/es\\\/la-necesidad-de-mas-planes-de-diversidad-en-el-ambito-laboral\\\/#primaryimage\"},\"thumbnailUrl\":\"https:\\\/\\\/super-news.info\\\/es\\\/wp-content\\\/uploads\\\/sites\\\/4\\\/2021\\\/07\\\/La-necesidad-de-mas-planes-de-diversidad-en-el-ambito.jpg\",\"datePublished\":\"2021-07-16T03:51:46+00:00\",\"dateModified\":\"2021-07-16T03:51:48+00:00\",\"author\":{\"@id\":\"https:\\\/\\\/super-news.info\\\/es\\\/#\\\/schema\\\/person\\\/2d4068cb2f39cd10008c2fce578a7356\"},\"breadcrumb\":{\"@id\":\"https:\\\/\\\/super-news.info\\\/es\\\/la-necesidad-de-mas-planes-de-diversidad-en-el-ambito-laboral\\\/#breadcrumb\"},\"inLanguage\":\"en-US\",\"potentialAction\":[{\"@type\":\"ReadAction\",\"target\":[\"https:\\\/\\\/super-news.info\\\/es\\\/la-necesidad-de-mas-planes-de-diversidad-en-el-ambito-laboral\\\/\"]}]},{\"@type\":\"ImageObject\",\"inLanguage\":\"en-US\",\"@id\":\"https:\\\/\\\/super-news.info\\\/es\\\/la-necesidad-de-mas-planes-de-diversidad-en-el-ambito-laboral\\\/#primaryimage\",\"url\":\"https:\\\/\\\/super-news.info\\\/es\\\/wp-content\\\/uploads\\\/sites\\\/4\\\/2021\\\/07\\\/La-necesidad-de-mas-planes-de-diversidad-en-el-ambito.jpg\",\"contentUrl\":\"https:\\\/\\\/super-news.info\\\/es\\\/wp-content\\\/uploads\\\/sites\\\/4\\\/2021\\\/07\\\/La-necesidad-de-mas-planes-de-diversidad-en-el-ambito.jpg\",\"width\":1200,\"height\":675,\"caption\":\"La necesidad de m\u00e1s planes de diversidad en el \u00e1mbito laboral\"},{\"@type\":\"BreadcrumbList\",\"@id\":\"https:\\\/\\\/super-news.info\\\/es\\\/la-necesidad-de-mas-planes-de-diversidad-en-el-ambito-laboral\\\/#breadcrumb\",\"itemListElement\":[{\"@type\":\"ListItem\",\"position\":1,\"name\":\"\u0413\u043b\u0430\u0432\u043d\u0430\u044f \u0441\u0442\u0440\u0430\u043d\u0438\u0446\u0430\",\"item\":\"https:\\\/\\\/super-news.info\\\/es\\\/\"},{\"@type\":\"ListItem\",\"position\":2,\"name\":\"La necesidad de m\u00e1s planes de diversidad en el \u00e1mbito laboral\"}]},{\"@type\":\"WebSite\",\"@id\":\"https:\\\/\\\/super-news.info\\\/es\\\/#website\",\"url\":\"https:\\\/\\\/super-news.info\\\/es\\\/\",\"name\":\"Super News\",\"description\":\"Super News Espa\u00f1a\",\"potentialAction\":[{\"@type\":\"SearchAction\",\"target\":{\"@type\":\"EntryPoint\",\"urlTemplate\":\"https:\\\/\\\/super-news.info\\\/es\\\/?s={search_term_string}\"},\"query-input\":{\"@type\":\"PropertyValueSpecification\",\"valueRequired\":true,\"valueName\":\"search_term_string\"}}],\"inLanguage\":\"en-US\"},{\"@type\":\"Person\",\"@id\":\"https:\\\/\\\/super-news.info\\\/es\\\/#\\\/schema\\\/person\\\/2d4068cb2f39cd10008c2fce578a7356\",\"name\":\"super-news\",\"image\":{\"@type\":\"ImageObject\",\"inLanguage\":\"en-US\",\"@id\":\"https:\\\/\\\/secure.gravatar.com\\\/avatar\\\/64ebac40b93f26a154f8a9b5b6fdccfc46f442b26b3dd6756dbff3bf9dc76fd7?s=96&d=mm&r=g\",\"url\":\"https:\\\/\\\/secure.gravatar.com\\\/avatar\\\/64ebac40b93f26a154f8a9b5b6fdccfc46f442b26b3dd6756dbff3bf9dc76fd7?s=96&d=mm&r=g\",\"contentUrl\":\"https:\\\/\\\/secure.gravatar.com\\\/avatar\\\/64ebac40b93f26a154f8a9b5b6fdccfc46f442b26b3dd6756dbff3bf9dc76fd7?s=96&d=mm&r=g\",\"caption\":\"super-news\"},\"url\":\"https:\\\/\\\/super-news.info\\\/es\\\/author\\\/pt\\\/\"}]}<\/script>\n<!-- \/ Yoast SEO plugin. -->","yoast_head_json":{"title":"La necesidad de m\u00e1s planes de diversidad en el \u00e1mbito laboral - Super News","robots":{"index":"index","follow":"follow","max-snippet":"max-snippet:-1","max-image-preview":"max-image-preview:large","max-video-preview":"max-video-preview:-1"},"canonical":"https:\/\/super-news.info\/es\/la-necesidad-de-mas-planes-de-diversidad-en-el-ambito-laboral\/","og_locale":"en_US","og_type":"article","og_title":"La necesidad de m\u00e1s planes de diversidad en el \u00e1mbito laboral - Super News","og_description":"FREE NOW ha organizado una mesa redonda sobre diversidad para hablar de los estereotipos sobre el colectivo LGTBIQA+. La sociedad todav\u00eda tiene que caminar en t\u00e9rminos de diversidad e inclusi\u00f3n. Esto se ve en datos como que todav\u00eda un 20% de los espa\u00f1oles piensa que no es necesario dar visibilidad al colectivo LGTBIQA+. Este tema [&hellip;]","og_url":"https:\/\/super-news.info\/es\/la-necesidad-de-mas-planes-de-diversidad-en-el-ambito-laboral\/","og_site_name":"Super News","article_published_time":"2021-07-16T03:51:46+00:00","article_modified_time":"2021-07-16T03:51:48+00:00","og_image":[{"width":1200,"height":675,"url":"https:\/\/super-news.info\/es\/wp-content\/uploads\/sites\/4\/2021\/07\/La-necesidad-de-mas-planes-de-diversidad-en-el-ambito.jpg","type":"image\/jpeg"}],"author":"super-news","twitter_card":"summary_large_image","twitter_misc":{"Written by":"super-news","Est. reading time":"3 minutes"},"schema":{"@context":"https:\/\/schema.org","@graph":[{"@type":"Article","@id":"https:\/\/super-news.info\/es\/la-necesidad-de-mas-planes-de-diversidad-en-el-ambito-laboral\/#article","isPartOf":{"@id":"https:\/\/super-news.info\/es\/la-necesidad-de-mas-planes-de-diversidad-en-el-ambito-laboral\/"},"author":{"name":"super-news","@id":"https:\/\/super-news.info\/es\/#\/schema\/person\/2d4068cb2f39cd10008c2fce578a7356"},"headline":"La necesidad de m\u00e1s planes de diversidad en el \u00e1mbito laboral","datePublished":"2021-07-16T03:51:46+00:00","dateModified":"2021-07-16T03:51:48+00:00","mainEntityOfPage":{"@id":"https:\/\/super-news.info\/es\/la-necesidad-de-mas-planes-de-diversidad-en-el-ambito-laboral\/"},"wordCount":645,"commentCount":0,"image":{"@id":"https:\/\/super-news.info\/es\/la-necesidad-de-mas-planes-de-diversidad-en-el-ambito-laboral\/#primaryimage"},"thumbnailUrl":"https:\/\/super-news.info\/es\/wp-content\/uploads\/sites\/4\/2021\/07\/La-necesidad-de-mas-planes-de-diversidad-en-el-ambito.jpg","articleSection":["NOTICIAS DE MARKETING DIGITAL"],"inLanguage":"en-US","potentialAction":[{"@type":"CommentAction","name":"Comment","target":["https:\/\/super-news.info\/es\/la-necesidad-de-mas-planes-de-diversidad-en-el-ambito-laboral\/#respond"]}]},{"@type":"WebPage","@id":"https:\/\/super-news.info\/es\/la-necesidad-de-mas-planes-de-diversidad-en-el-ambito-laboral\/","url":"https:\/\/super-news.info\/es\/la-necesidad-de-mas-planes-de-diversidad-en-el-ambito-laboral\/","name":"La necesidad de m\u00e1s planes de diversidad en el \u00e1mbito laboral - Super News","isPartOf":{"@id":"https:\/\/super-news.info\/es\/#website"},"primaryImageOfPage":{"@id":"https:\/\/super-news.info\/es\/la-necesidad-de-mas-planes-de-diversidad-en-el-ambito-laboral\/#primaryimage"},"image":{"@id":"https:\/\/super-news.info\/es\/la-necesidad-de-mas-planes-de-diversidad-en-el-ambito-laboral\/#primaryimage"},"thumbnailUrl":"https:\/\/super-news.info\/es\/wp-content\/uploads\/sites\/4\/2021\/07\/La-necesidad-de-mas-planes-de-diversidad-en-el-ambito.jpg","datePublished":"2021-07-16T03:51:46+00:00","dateModified":"2021-07-16T03:51:48+00:00","author":{"@id":"https:\/\/super-news.info\/es\/#\/schema\/person\/2d4068cb2f39cd10008c2fce578a7356"},"breadcrumb":{"@id":"https:\/\/super-news.info\/es\/la-necesidad-de-mas-planes-de-diversidad-en-el-ambito-laboral\/#breadcrumb"},"inLanguage":"en-US","potentialAction":[{"@type":"ReadAction","target":["https:\/\/super-news.info\/es\/la-necesidad-de-mas-planes-de-diversidad-en-el-ambito-laboral\/"]}]},{"@type":"ImageObject","inLanguage":"en-US","@id":"https:\/\/super-news.info\/es\/la-necesidad-de-mas-planes-de-diversidad-en-el-ambito-laboral\/#primaryimage","url":"https:\/\/super-news.info\/es\/wp-content\/uploads\/sites\/4\/2021\/07\/La-necesidad-de-mas-planes-de-diversidad-en-el-ambito.jpg","contentUrl":"https:\/\/super-news.info\/es\/wp-content\/uploads\/sites\/4\/2021\/07\/La-necesidad-de-mas-planes-de-diversidad-en-el-ambito.jpg","width":1200,"height":675,"caption":"La necesidad de m\u00e1s planes de diversidad en el \u00e1mbito laboral"},{"@type":"BreadcrumbList","@id":"https:\/\/super-news.info\/es\/la-necesidad-de-mas-planes-de-diversidad-en-el-ambito-laboral\/#breadcrumb","itemListElement":[{"@type":"ListItem","position":1,"name":"\u0413\u043b\u0430\u0432\u043d\u0430\u044f \u0441\u0442\u0440\u0430\u043d\u0438\u0446\u0430","item":"https:\/\/super-news.info\/es\/"},{"@type":"ListItem","position":2,"name":"La necesidad de m\u00e1s planes de diversidad en el \u00e1mbito laboral"}]},{"@type":"WebSite","@id":"https:\/\/super-news.info\/es\/#website","url":"https:\/\/super-news.info\/es\/","name":"Super News","description":"Super News Espa\u00f1a","potentialAction":[{"@type":"SearchAction","target":{"@type":"EntryPoint","urlTemplate":"https:\/\/super-news.info\/es\/?s={search_term_string}"},"query-input":{"@type":"PropertyValueSpecification","valueRequired":true,"valueName":"search_term_string"}}],"inLanguage":"en-US"},{"@type":"Person","@id":"https:\/\/super-news.info\/es\/#\/schema\/person\/2d4068cb2f39cd10008c2fce578a7356","name":"super-news","image":{"@type":"ImageObject","inLanguage":"en-US","@id":"https:\/\/secure.gravatar.com\/avatar\/64ebac40b93f26a154f8a9b5b6fdccfc46f442b26b3dd6756dbff3bf9dc76fd7?s=96&d=mm&r=g","url":"https:\/\/secure.gravatar.com\/avatar\/64ebac40b93f26a154f8a9b5b6fdccfc46f442b26b3dd6756dbff3bf9dc76fd7?s=96&d=mm&r=g","contentUrl":"https:\/\/secure.gravatar.com\/avatar\/64ebac40b93f26a154f8a9b5b6fdccfc46f442b26b3dd6756dbff3bf9dc76fd7?s=96&d=mm&r=g","caption":"super-news"},"url":"https:\/\/super-news.info\/es\/author\/pt\/"}]}},"_links":{"self":[{"href":"https:\/\/super-news.info\/es\/wp-json\/wp\/v2\/posts\/15358","targetHints":{"allow":["GET"]}}],"collection":[{"href":"https:\/\/super-news.info\/es\/wp-json\/wp\/v2\/posts"}],"about":[{"href":"https:\/\/super-news.info\/es\/wp-json\/wp\/v2\/types\/post"}],"author":[{"embeddable":true,"href":"https:\/\/super-news.info\/es\/wp-json\/wp\/v2\/users\/2"}],"replies":[{"embeddable":true,"href":"https:\/\/super-news.info\/es\/wp-json\/wp\/v2\/comments?post=15358"}],"version-history":[{"count":1,"href":"https:\/\/super-news.info\/es\/wp-json\/wp\/v2\/posts\/15358\/revisions"}],"predecessor-version":[{"id":15360,"href":"https:\/\/super-news.info\/es\/wp-json\/wp\/v2\/posts\/15358\/revisions\/15360"}],"wp:featuredmedia":[{"embeddable":true,"href":"https:\/\/super-news.info\/es\/wp-json\/wp\/v2\/media\/15359"}],"wp:attachment":[{"href":"https:\/\/super-news.info\/es\/wp-json\/wp\/v2\/media?parent=15358"}],"wp:term":[{"taxonomy":"category","embeddable":true,"href":"https:\/\/super-news.info\/es\/wp-json\/wp\/v2\/categories?post=15358"},{"taxonomy":"post_tag","embeddable":true,"href":"https:\/\/super-news.info\/es\/wp-json\/wp\/v2\/tags?post=15358"}],"curies":[{"name":"wp","href":"https:\/\/api.w.org\/{rel}","templated":true}]}}