{"id":15341,"date":"2021-07-14T18:40:26","date_gmt":"2021-07-14T15:40:26","guid":{"rendered":"https:\/\/super-news.info\/es\/tresaguas-pone-la-banda-sonora-al-verano-con-tresaguas-fest-2\/"},"modified":"2021-07-14T18:40:28","modified_gmt":"2021-07-14T15:40:28","slug":"tresaguas-pone-la-banda-sonora-al-verano-con-tresaguas-fest-2","status":"publish","type":"post","link":"https:\/\/super-news.info\/es\/tresaguas-pone-la-banda-sonora-al-verano-con-tresaguas-fest-2\/","title":{"rendered":"TresAguas pone la banda sonora al verano con \u201cTresAguas Fest 2\u201d"},"content":{"rendered":"<p>Los clientes podr\u00e1n pedir al dj sus temas preferidos y dedicarlos a trav\u00e9s del hashtag #TresAguasFest.<br \/>\nEl Centro Comercial TresAguas organiza hasta el 12 de septiembre \u201cTresAguas Fest 2\u201d. La segunda edici\u00f3n del festival de m\u00fasica que este a\u00f1o regresa con importantes novedades. Como en la anterior edici\u00f3n los Dj\u2019s de Unika FM amenizar\u00e1n las noches de domingos a jueves, de 20h a 23h. Pero, a estas actuaciones se suman este a\u00f1o los conciertos bajo la luz de las velas los viernes y s\u00e1bados a partir de las 22:00.<br \/>\nUna oportunidad \u00fanica de disfrutar de la zona de terrazas de la Plaza Exterior de TresAguas como nunca antes se hab\u00eda hecho. M\u00fasica de todos los tiempos, cl\u00e1sica, moderna y de cine en un ambiente m\u00e1gico para saborear las noches de verano tras una jornada de compras.<br \/>\nAdem\u00e1s, los clientes de TresAguas pueden participar activamente enviando a trav\u00e9s del hashtag #TresAguasFest la canci\u00f3n y dedicatoria que deseen escuchar en directo y que pondr\u00e1 el DJ.<br \/>\nUnos conciertos de acceso gratuito, que los clientes podr\u00e1n disfrutar mientras disfrutan de la oferta gastron\u00f3mica del Centro Comercial TresAguas, siempre respetando y manteniendo todas las medidas de seguridad. Una iniciativa que se suma a toda la actividad de ocio que el centro realiza a lo largo de todo el a\u00f1o para que la familia al completo disfrute al m\u00e1ximo de sus instalaciones.<br \/>\nY todo ello, en un Tres Aguas renovado que ha sido reformado a los nuevos h\u00e1bitos y exigencias del consumidor, para seguir proporcionando una experiencia \u00fanica de compra y seguir siendo el gran destino de ocio y comercio del suroeste de Madrid.<\/p>\n<p>Nota de prensa. <\/p>\n<p>No te pierdas nada de MarketingDirecto.com y \u00fanete a nuestro Telegram t.me\/MarketingDirecto<\/p>\n<p>\n<!--noindex--><br \/>\n<a href=\"https:\/\/www.marketingdirecto.com\/marketing-general\/publicidad\/tres-aguas-banda-sonora-verano-tresaguas-fest-2\" rel=\"nofollow\">Source link <\/a><br \/>\n<!--\/noindex--><\/p>\n","protected":false},"excerpt":{"rendered":"<p>Los clientes podr\u00e1n pedir al dj sus temas preferidos y dedicarlos a trav\u00e9s del hashtag #TresAguasFest. El Centro Comercial TresAguas organiza hasta el 12 de septiembre \u201cTresAguas Fest 2\u201d. La segunda edici\u00f3n del festival de m\u00fasica que este a\u00f1o regresa con importantes novedades. Como en la anterior edici\u00f3n los Dj\u2019s de Unika FM amenizar\u00e1n las [&hellip;]<\/p>\n","protected":false},"author":2,"featured_media":15342,"comment_status":"open","ping_status":"open","sticky":false,"template":"","format":"standard","meta":{"footnotes":""},"categories":[2],"tags":[],"class_list":["post-15341","post","type-post","status-publish","format-standard","has-post-thumbnail","hentry","category-noticias-de-marketing-digital"],"yoast_head":"<!-- This site is optimized with the Yoast SEO plugin v27.4 - https:\/\/yoast.com\/product\/yoast-seo-wordpress\/ -->\n<title>TresAguas pone la banda sonora al verano con \u201cTresAguas Fest 2\u201d - Super News<\/title>\n<meta name=\"robots\" content=\"index, follow, max-snippet:-1, max-image-preview:large, max-video-preview:-1\" \/>\n<link rel=\"canonical\" href=\"https:\/\/super-news.info\/es\/tresaguas-pone-la-banda-sonora-al-verano-con-tresaguas-fest-2\/\" \/>\n<meta property=\"og:locale\" content=\"en_US\" \/>\n<meta property=\"og:type\" content=\"article\" \/>\n<meta property=\"og:title\" content=\"TresAguas pone la banda sonora al verano con \u201cTresAguas Fest 2\u201d - Super News\" \/>\n<meta property=\"og:description\" content=\"Los clientes podr\u00e1n pedir al dj sus temas preferidos y dedicarlos a trav\u00e9s del hashtag #TresAguasFest. El Centro Comercial TresAguas organiza hasta el 12 de septiembre \u201cTresAguas Fest 2\u201d. La segunda edici\u00f3n del festival de m\u00fasica que este a\u00f1o regresa con importantes novedades. Como en la anterior edici\u00f3n los Dj\u2019s de Unika FM amenizar\u00e1n las [&hellip;]\" \/>\n<meta property=\"og:url\" content=\"https:\/\/super-news.info\/es\/tresaguas-pone-la-banda-sonora-al-verano-con-tresaguas-fest-2\/\" \/>\n<meta property=\"og:site_name\" content=\"Super News\" \/>\n<meta property=\"article:published_time\" content=\"2021-07-14T15:40:26+00:00\" \/>\n<meta property=\"article:modified_time\" content=\"2021-07-14T15:40:28+00:00\" \/>\n<meta property=\"og:image\" content=\"https:\/\/super-news.info\/es\/wp-content\/uploads\/sites\/4\/2021\/07\/TresAguas-pone-la-banda-sonora-al-verano-con-TresAguas-Fest.jpg\" \/>\n\t<meta property=\"og:image:width\" content=\"1200\" \/>\n\t<meta property=\"og:image:height\" content=\"675\" \/>\n\t<meta property=\"og:image:type\" content=\"image\/jpeg\" \/>\n<meta name=\"author\" content=\"super-news\" \/>\n<meta name=\"twitter:card\" content=\"summary_large_image\" \/>\n<meta name=\"twitter:label1\" content=\"Written by\" \/>\n\t<meta name=\"twitter:data1\" content=\"super-news\" \/>\n\t<meta name=\"twitter:label2\" content=\"Est. reading time\" \/>\n\t<meta name=\"twitter:data2\" content=\"2 minutes\" \/>\n<script type=\"application\/ld+json\" class=\"yoast-schema-graph\">{\"@context\":\"https:\\\/\\\/schema.org\",\"@graph\":[{\"@type\":\"Article\",\"@id\":\"https:\\\/\\\/super-news.info\\\/es\\\/tresaguas-pone-la-banda-sonora-al-verano-con-tresaguas-fest-2\\\/#article\",\"isPartOf\":{\"@id\":\"https:\\\/\\\/super-news.info\\\/es\\\/tresaguas-pone-la-banda-sonora-al-verano-con-tresaguas-fest-2\\\/\"},\"author\":{\"name\":\"super-news\",\"@id\":\"https:\\\/\\\/super-news.info\\\/es\\\/#\\\/schema\\\/person\\\/2d4068cb2f39cd10008c2fce578a7356\"},\"headline\":\"TresAguas pone la banda sonora al verano con \u201cTresAguas Fest 2\u201d\",\"datePublished\":\"2021-07-14T15:40:26+00:00\",\"dateModified\":\"2021-07-14T15:40:28+00:00\",\"mainEntityOfPage\":{\"@id\":\"https:\\\/\\\/super-news.info\\\/es\\\/tresaguas-pone-la-banda-sonora-al-verano-con-tresaguas-fest-2\\\/\"},\"wordCount\":318,\"commentCount\":0,\"image\":{\"@id\":\"https:\\\/\\\/super-news.info\\\/es\\\/tresaguas-pone-la-banda-sonora-al-verano-con-tresaguas-fest-2\\\/#primaryimage\"},\"thumbnailUrl\":\"https:\\\/\\\/super-news.info\\\/es\\\/wp-content\\\/uploads\\\/sites\\\/4\\\/2021\\\/07\\\/TresAguas-pone-la-banda-sonora-al-verano-con-TresAguas-Fest.jpg\",\"articleSection\":[\"NOTICIAS DE MARKETING DIGITAL\"],\"inLanguage\":\"en-US\",\"potentialAction\":[{\"@type\":\"CommentAction\",\"name\":\"Comment\",\"target\":[\"https:\\\/\\\/super-news.info\\\/es\\\/tresaguas-pone-la-banda-sonora-al-verano-con-tresaguas-fest-2\\\/#respond\"]}]},{\"@type\":\"WebPage\",\"@id\":\"https:\\\/\\\/super-news.info\\\/es\\\/tresaguas-pone-la-banda-sonora-al-verano-con-tresaguas-fest-2\\\/\",\"url\":\"https:\\\/\\\/super-news.info\\\/es\\\/tresaguas-pone-la-banda-sonora-al-verano-con-tresaguas-fest-2\\\/\",\"name\":\"TresAguas pone la banda sonora al verano con \u201cTresAguas Fest 2\u201d - Super News\",\"isPartOf\":{\"@id\":\"https:\\\/\\\/super-news.info\\\/es\\\/#website\"},\"primaryImageOfPage\":{\"@id\":\"https:\\\/\\\/super-news.info\\\/es\\\/tresaguas-pone-la-banda-sonora-al-verano-con-tresaguas-fest-2\\\/#primaryimage\"},\"image\":{\"@id\":\"https:\\\/\\\/super-news.info\\\/es\\\/tresaguas-pone-la-banda-sonora-al-verano-con-tresaguas-fest-2\\\/#primaryimage\"},\"thumbnailUrl\":\"https:\\\/\\\/super-news.info\\\/es\\\/wp-content\\\/uploads\\\/sites\\\/4\\\/2021\\\/07\\\/TresAguas-pone-la-banda-sonora-al-verano-con-TresAguas-Fest.jpg\",\"datePublished\":\"2021-07-14T15:40:26+00:00\",\"dateModified\":\"2021-07-14T15:40:28+00:00\",\"author\":{\"@id\":\"https:\\\/\\\/super-news.info\\\/es\\\/#\\\/schema\\\/person\\\/2d4068cb2f39cd10008c2fce578a7356\"},\"breadcrumb\":{\"@id\":\"https:\\\/\\\/super-news.info\\\/es\\\/tresaguas-pone-la-banda-sonora-al-verano-con-tresaguas-fest-2\\\/#breadcrumb\"},\"inLanguage\":\"en-US\",\"potentialAction\":[{\"@type\":\"ReadAction\",\"target\":[\"https:\\\/\\\/super-news.info\\\/es\\\/tresaguas-pone-la-banda-sonora-al-verano-con-tresaguas-fest-2\\\/\"]}]},{\"@type\":\"ImageObject\",\"inLanguage\":\"en-US\",\"@id\":\"https:\\\/\\\/super-news.info\\\/es\\\/tresaguas-pone-la-banda-sonora-al-verano-con-tresaguas-fest-2\\\/#primaryimage\",\"url\":\"https:\\\/\\\/super-news.info\\\/es\\\/wp-content\\\/uploads\\\/sites\\\/4\\\/2021\\\/07\\\/TresAguas-pone-la-banda-sonora-al-verano-con-TresAguas-Fest.jpg\",\"contentUrl\":\"https:\\\/\\\/super-news.info\\\/es\\\/wp-content\\\/uploads\\\/sites\\\/4\\\/2021\\\/07\\\/TresAguas-pone-la-banda-sonora-al-verano-con-TresAguas-Fest.jpg\",\"width\":1200,\"height\":675,\"caption\":\"TresAguas pone la banda sonora al verano con \u201cTresAguas Fest 2\u201d\"},{\"@type\":\"BreadcrumbList\",\"@id\":\"https:\\\/\\\/super-news.info\\\/es\\\/tresaguas-pone-la-banda-sonora-al-verano-con-tresaguas-fest-2\\\/#breadcrumb\",\"itemListElement\":[{\"@type\":\"ListItem\",\"position\":1,\"name\":\"\u0413\u043b\u0430\u0432\u043d\u0430\u044f \u0441\u0442\u0440\u0430\u043d\u0438\u0446\u0430\",\"item\":\"https:\\\/\\\/super-news.info\\\/es\\\/\"},{\"@type\":\"ListItem\",\"position\":2,\"name\":\"TresAguas pone la banda sonora al verano con \u201cTresAguas Fest 2\u201d\"}]},{\"@type\":\"WebSite\",\"@id\":\"https:\\\/\\\/super-news.info\\\/es\\\/#website\",\"url\":\"https:\\\/\\\/super-news.info\\\/es\\\/\",\"name\":\"Super News\",\"description\":\"Super News Espa\u00f1a\",\"potentialAction\":[{\"@type\":\"SearchAction\",\"target\":{\"@type\":\"EntryPoint\",\"urlTemplate\":\"https:\\\/\\\/super-news.info\\\/es\\\/?s={search_term_string}\"},\"query-input\":{\"@type\":\"PropertyValueSpecification\",\"valueRequired\":true,\"valueName\":\"search_term_string\"}}],\"inLanguage\":\"en-US\"},{\"@type\":\"Person\",\"@id\":\"https:\\\/\\\/super-news.info\\\/es\\\/#\\\/schema\\\/person\\\/2d4068cb2f39cd10008c2fce578a7356\",\"name\":\"super-news\",\"image\":{\"@type\":\"ImageObject\",\"inLanguage\":\"en-US\",\"@id\":\"https:\\\/\\\/secure.gravatar.com\\\/avatar\\\/64ebac40b93f26a154f8a9b5b6fdccfc46f442b26b3dd6756dbff3bf9dc76fd7?s=96&d=mm&r=g\",\"url\":\"https:\\\/\\\/secure.gravatar.com\\\/avatar\\\/64ebac40b93f26a154f8a9b5b6fdccfc46f442b26b3dd6756dbff3bf9dc76fd7?s=96&d=mm&r=g\",\"contentUrl\":\"https:\\\/\\\/secure.gravatar.com\\\/avatar\\\/64ebac40b93f26a154f8a9b5b6fdccfc46f442b26b3dd6756dbff3bf9dc76fd7?s=96&d=mm&r=g\",\"caption\":\"super-news\"},\"url\":\"https:\\\/\\\/super-news.info\\\/es\\\/author\\\/pt\\\/\"}]}<\/script>\n<!-- \/ Yoast SEO plugin. -->","yoast_head_json":{"title":"TresAguas pone la banda sonora al verano con \u201cTresAguas Fest 2\u201d - Super News","robots":{"index":"index","follow":"follow","max-snippet":"max-snippet:-1","max-image-preview":"max-image-preview:large","max-video-preview":"max-video-preview:-1"},"canonical":"https:\/\/super-news.info\/es\/tresaguas-pone-la-banda-sonora-al-verano-con-tresaguas-fest-2\/","og_locale":"en_US","og_type":"article","og_title":"TresAguas pone la banda sonora al verano con \u201cTresAguas Fest 2\u201d - Super News","og_description":"Los clientes podr\u00e1n pedir al dj sus temas preferidos y dedicarlos a trav\u00e9s del hashtag #TresAguasFest. El Centro Comercial TresAguas organiza hasta el 12 de septiembre \u201cTresAguas Fest 2\u201d. La segunda edici\u00f3n del festival de m\u00fasica que este a\u00f1o regresa con importantes novedades. Como en la anterior edici\u00f3n los Dj\u2019s de Unika FM amenizar\u00e1n las [&hellip;]","og_url":"https:\/\/super-news.info\/es\/tresaguas-pone-la-banda-sonora-al-verano-con-tresaguas-fest-2\/","og_site_name":"Super News","article_published_time":"2021-07-14T15:40:26+00:00","article_modified_time":"2021-07-14T15:40:28+00:00","og_image":[{"width":1200,"height":675,"url":"https:\/\/super-news.info\/es\/wp-content\/uploads\/sites\/4\/2021\/07\/TresAguas-pone-la-banda-sonora-al-verano-con-TresAguas-Fest.jpg","type":"image\/jpeg"}],"author":"super-news","twitter_card":"summary_large_image","twitter_misc":{"Written by":"super-news","Est. reading time":"2 minutes"},"schema":{"@context":"https:\/\/schema.org","@graph":[{"@type":"Article","@id":"https:\/\/super-news.info\/es\/tresaguas-pone-la-banda-sonora-al-verano-con-tresaguas-fest-2\/#article","isPartOf":{"@id":"https:\/\/super-news.info\/es\/tresaguas-pone-la-banda-sonora-al-verano-con-tresaguas-fest-2\/"},"author":{"name":"super-news","@id":"https:\/\/super-news.info\/es\/#\/schema\/person\/2d4068cb2f39cd10008c2fce578a7356"},"headline":"TresAguas pone la banda sonora al verano con \u201cTresAguas Fest 2\u201d","datePublished":"2021-07-14T15:40:26+00:00","dateModified":"2021-07-14T15:40:28+00:00","mainEntityOfPage":{"@id":"https:\/\/super-news.info\/es\/tresaguas-pone-la-banda-sonora-al-verano-con-tresaguas-fest-2\/"},"wordCount":318,"commentCount":0,"image":{"@id":"https:\/\/super-news.info\/es\/tresaguas-pone-la-banda-sonora-al-verano-con-tresaguas-fest-2\/#primaryimage"},"thumbnailUrl":"https:\/\/super-news.info\/es\/wp-content\/uploads\/sites\/4\/2021\/07\/TresAguas-pone-la-banda-sonora-al-verano-con-TresAguas-Fest.jpg","articleSection":["NOTICIAS DE MARKETING DIGITAL"],"inLanguage":"en-US","potentialAction":[{"@type":"CommentAction","name":"Comment","target":["https:\/\/super-news.info\/es\/tresaguas-pone-la-banda-sonora-al-verano-con-tresaguas-fest-2\/#respond"]}]},{"@type":"WebPage","@id":"https:\/\/super-news.info\/es\/tresaguas-pone-la-banda-sonora-al-verano-con-tresaguas-fest-2\/","url":"https:\/\/super-news.info\/es\/tresaguas-pone-la-banda-sonora-al-verano-con-tresaguas-fest-2\/","name":"TresAguas pone la banda sonora al verano con \u201cTresAguas Fest 2\u201d - Super News","isPartOf":{"@id":"https:\/\/super-news.info\/es\/#website"},"primaryImageOfPage":{"@id":"https:\/\/super-news.info\/es\/tresaguas-pone-la-banda-sonora-al-verano-con-tresaguas-fest-2\/#primaryimage"},"image":{"@id":"https:\/\/super-news.info\/es\/tresaguas-pone-la-banda-sonora-al-verano-con-tresaguas-fest-2\/#primaryimage"},"thumbnailUrl":"https:\/\/super-news.info\/es\/wp-content\/uploads\/sites\/4\/2021\/07\/TresAguas-pone-la-banda-sonora-al-verano-con-TresAguas-Fest.jpg","datePublished":"2021-07-14T15:40:26+00:00","dateModified":"2021-07-14T15:40:28+00:00","author":{"@id":"https:\/\/super-news.info\/es\/#\/schema\/person\/2d4068cb2f39cd10008c2fce578a7356"},"breadcrumb":{"@id":"https:\/\/super-news.info\/es\/tresaguas-pone-la-banda-sonora-al-verano-con-tresaguas-fest-2\/#breadcrumb"},"inLanguage":"en-US","potentialAction":[{"@type":"ReadAction","target":["https:\/\/super-news.info\/es\/tresaguas-pone-la-banda-sonora-al-verano-con-tresaguas-fest-2\/"]}]},{"@type":"ImageObject","inLanguage":"en-US","@id":"https:\/\/super-news.info\/es\/tresaguas-pone-la-banda-sonora-al-verano-con-tresaguas-fest-2\/#primaryimage","url":"https:\/\/super-news.info\/es\/wp-content\/uploads\/sites\/4\/2021\/07\/TresAguas-pone-la-banda-sonora-al-verano-con-TresAguas-Fest.jpg","contentUrl":"https:\/\/super-news.info\/es\/wp-content\/uploads\/sites\/4\/2021\/07\/TresAguas-pone-la-banda-sonora-al-verano-con-TresAguas-Fest.jpg","width":1200,"height":675,"caption":"TresAguas pone la banda sonora al verano con \u201cTresAguas Fest 2\u201d"},{"@type":"BreadcrumbList","@id":"https:\/\/super-news.info\/es\/tresaguas-pone-la-banda-sonora-al-verano-con-tresaguas-fest-2\/#breadcrumb","itemListElement":[{"@type":"ListItem","position":1,"name":"\u0413\u043b\u0430\u0432\u043d\u0430\u044f \u0441\u0442\u0440\u0430\u043d\u0438\u0446\u0430","item":"https:\/\/super-news.info\/es\/"},{"@type":"ListItem","position":2,"name":"TresAguas pone la banda sonora al verano con \u201cTresAguas Fest 2\u201d"}]},{"@type":"WebSite","@id":"https:\/\/super-news.info\/es\/#website","url":"https:\/\/super-news.info\/es\/","name":"Super News","description":"Super News Espa\u00f1a","potentialAction":[{"@type":"SearchAction","target":{"@type":"EntryPoint","urlTemplate":"https:\/\/super-news.info\/es\/?s={search_term_string}"},"query-input":{"@type":"PropertyValueSpecification","valueRequired":true,"valueName":"search_term_string"}}],"inLanguage":"en-US"},{"@type":"Person","@id":"https:\/\/super-news.info\/es\/#\/schema\/person\/2d4068cb2f39cd10008c2fce578a7356","name":"super-news","image":{"@type":"ImageObject","inLanguage":"en-US","@id":"https:\/\/secure.gravatar.com\/avatar\/64ebac40b93f26a154f8a9b5b6fdccfc46f442b26b3dd6756dbff3bf9dc76fd7?s=96&d=mm&r=g","url":"https:\/\/secure.gravatar.com\/avatar\/64ebac40b93f26a154f8a9b5b6fdccfc46f442b26b3dd6756dbff3bf9dc76fd7?s=96&d=mm&r=g","contentUrl":"https:\/\/secure.gravatar.com\/avatar\/64ebac40b93f26a154f8a9b5b6fdccfc46f442b26b3dd6756dbff3bf9dc76fd7?s=96&d=mm&r=g","caption":"super-news"},"url":"https:\/\/super-news.info\/es\/author\/pt\/"}]}},"_links":{"self":[{"href":"https:\/\/super-news.info\/es\/wp-json\/wp\/v2\/posts\/15341","targetHints":{"allow":["GET"]}}],"collection":[{"href":"https:\/\/super-news.info\/es\/wp-json\/wp\/v2\/posts"}],"about":[{"href":"https:\/\/super-news.info\/es\/wp-json\/wp\/v2\/types\/post"}],"author":[{"embeddable":true,"href":"https:\/\/super-news.info\/es\/wp-json\/wp\/v2\/users\/2"}],"replies":[{"embeddable":true,"href":"https:\/\/super-news.info\/es\/wp-json\/wp\/v2\/comments?post=15341"}],"version-history":[{"count":1,"href":"https:\/\/super-news.info\/es\/wp-json\/wp\/v2\/posts\/15341\/revisions"}],"predecessor-version":[{"id":15343,"href":"https:\/\/super-news.info\/es\/wp-json\/wp\/v2\/posts\/15341\/revisions\/15343"}],"wp:featuredmedia":[{"embeddable":true,"href":"https:\/\/super-news.info\/es\/wp-json\/wp\/v2\/media\/15342"}],"wp:attachment":[{"href":"https:\/\/super-news.info\/es\/wp-json\/wp\/v2\/media?parent=15341"}],"wp:term":[{"taxonomy":"category","embeddable":true,"href":"https:\/\/super-news.info\/es\/wp-json\/wp\/v2\/categories?post=15341"},{"taxonomy":"post_tag","embeddable":true,"href":"https:\/\/super-news.info\/es\/wp-json\/wp\/v2\/tags?post=15341"}],"curies":[{"name":"wp","href":"https:\/\/api.w.org\/{rel}","templated":true}]}}