{"id":15323,"date":"2021-07-13T06:36:31","date_gmt":"2021-07-13T03:36:31","guid":{"rendered":"https:\/\/super-news.info\/es\/kas-se-convierte-en-el-refresco-oficial-y-patrocinador-principal-de-la-clasica-de-san-sebastian-2021\/"},"modified":"2021-07-13T06:36:36","modified_gmt":"2021-07-13T03:36:36","slug":"kas-se-convierte-en-el-refresco-oficial-y-patrocinador-principal-de-la-clasica-de-san-sebastian-2021","status":"publish","type":"post","link":"https:\/\/super-news.info\/es\/kas-se-convierte-en-el-refresco-oficial-y-patrocinador-principal-de-la-clasica-de-san-sebastian-2021\/","title":{"rendered":"KAS se convierte en el refresco oficial y patrocinador principal de la Cl\u00e1sica de San Sebasti\u00e1n 2021"},"content":{"rendered":"<p>La triatleta Saleta Castro, miembro del equipo de embajadores locales de KAS, ser\u00e1 la encargada de entregar los trofeos al \u2018Primer corredor Euskaldun 2021\u2019 y a la \u2018Primera corredora Euskaldun 2021\u2019 en representaci\u00f3n de la marca.<br \/>\nKAS contin\u00faa apoyando la temporada ciclista, convirti\u00e9ndose esta vez en el refresco oficial y patrocinador principal de la Cl\u00e1sica de San Sebasti\u00e1n, m\u00e1s conocida como \u2018La Cl\u00e1sica\u2019. La marca de refrescos, originaria del norte, celebra el 40 aniversario de esta carrera de referencia otorgando los trofeos al \u2018Primer corredor Euskaldun 2021\u2019 y a la \u2018Primera corredora Euskaldun 2021\u2019 y redise\u00f1\u00e1ndolos para la ocasi\u00f3n.<br \/>\nLa triatleta de \u00e9lite Saleta Castro, en calidad de embajadora de KAS, ser\u00e1 la encargada de entregar este reconocimiento a los corredores vascos mejor clasificados al final de las pruebas masculina y femenina. \u201cPara las personas que somos del norte el ciclismo es una tradici\u00f3n y forma parte de nuestra cultura, por lo que es un verdadero orgullo ser part\u00edcipe del nuevo \u2018equipo KAS\u2019 y representar a la marca en su apuesta por este deporte\u201d, apunta la reciente subcampeona de Espa\u00f1a en Raids de aventura, una competici\u00f3n multidisciplinar que pone a prueba la capacidad de resistencia, navegaci\u00f3n y supervivencia.\u00a0<\/p>\n<p>\u201cPara nosotros apoyar la Cl\u00e1sica de San Sebasti\u00e1n significa reconectar con algo tan nuestro como es el ciclismo en el norte, al igual que ya hici\u00e9ramos con la Vuelta al Pa\u00eds Vasco o Itzulia Basque Country. No se nos ocurre mejor manera de hacerlo que concediendo los premios al \u2018Primer corredor Euskaldun 2021\u2019 y a la \u2018Primera corredora Euskaldun 2021\u2019 de la mano de Saleta, aprovechando adem\u00e1s este momento hist\u00f3rico para reversionar el dise\u00f1o del trofeo\u201d, se\u00f1ala Natalia Suazo, directora de la Categor\u00eda de Bebidas para el Suroeste de Europa.<br \/>\n\u201cEs genial contar con el apoyo de marcas que han nacido en Euskadi y representan los valores de casa. La entrada de KAS en La Itzulia fue una gran noticia, pero ver que la colaboraci\u00f3n crece en la Cl\u00e1sica de San Sebasti\u00e1n es algo muy importante para nosotros y para el ciclismo\u201d, a\u00f1ade por su parte Juli\u00e1n Eraso, presidente de Organizaciones Ciclistas de Euskadi (OCETA).<br \/>\nUn nuevo trofeo para la historia del ciclismo<br \/>\nEste a\u00f1o los galardones al \u2018Primer corredor Euskaldun 2021\u2019 y a la \u2018Primera corredora Euskaldun 2021\u2019 de la Cl\u00e1sica de San Sebasti\u00e1n, los cuales reconocen a los ciclistas vascos mejor clasificados tanto en la competici\u00f3n masculina como femenina, contar\u00e1n con un dise\u00f1o \u00fanico.<br \/>\nEmulando la chapa de las ic\u00f3nicas botellas de KAS, que tantas veces se han servido y disfrutado en los bares de Espa\u00f1a desde 1956, el trofeo rendir\u00e1 homenaje al legado de la marca en el mundo del ciclismo, luciendo en azul \u201cKAS MUY NUESTRO\u201d sobre el m\u00edtico amarillo de la compa\u00f1\u00eda.<br \/>\nKAS celebra los cuarenta a\u00f1os de \u2018La Cl\u00e1sica\u2019<br \/>\nCon motivo de su 40 aniversario, KAS vuelve a la Cl\u00e1sica de San Sebasti\u00e1n. La marca del grupo PepsiCo contin\u00faa en su af\u00e1n por acercar el ciclismo de competici\u00f3n al gran p\u00fablico, demostrando que su vinculaci\u00f3n con este deporte sigue viva y va m\u00e1s all\u00e1 de la nostalgia.<br \/>\nLa creaci\u00f3n de un equipo de embajadores locales compuesto por Joseba Beloki, Be\u00f1at Intxausti, Saleta Castro e Ibon Zugasti, el patrocinio de La Itzulia y La Cl\u00e1sica y el resto de iniciativas enmarcadas dentro del calendario ciclista de 2021 son la prueba de que la compa\u00f1\u00eda contin\u00faa construyendo sobre un legado que empez\u00f3 en 1958 con el nacimiento en Vitoria del equipo KAS y pas\u00f3 a formar parte de la historia del ciclismo espa\u00f1ol gracias a tres d\u00e9cadas de \u00e9xitos conquistados por el team amarillo.<br \/>\nNota de prensa. <\/p>\n<p>No te pierdas nada de MarketingDirecto.com y \u00fanete a nuestro Telegram t.me\/MarketingDirecto<\/p>\n<p>\n<!--noindex--><br \/>\n<a href=\"https:\/\/www.marketingdirecto.com\/marketing-general\/publicidad\/kas-convierte-refresco-oficial-patrocinador-principal-clasica-san-sebastian-2021\" rel=\"nofollow\">Source link <\/a><br \/>\n<!--\/noindex--><\/p>\n","protected":false},"excerpt":{"rendered":"<p>La triatleta Saleta Castro, miembro del equipo de embajadores locales de KAS, ser\u00e1 la encargada de entregar los trofeos al \u2018Primer corredor Euskaldun 2021\u2019 y a la \u2018Primera corredora Euskaldun 2021\u2019 en representaci\u00f3n de la marca. KAS contin\u00faa apoyando la temporada ciclista, convirti\u00e9ndose esta vez en el refresco oficial y patrocinador principal de la Cl\u00e1sica [&hellip;]<\/p>\n","protected":false},"author":2,"featured_media":15324,"comment_status":"open","ping_status":"open","sticky":false,"template":"","format":"standard","meta":{"footnotes":""},"categories":[2],"tags":[],"class_list":["post-15323","post","type-post","status-publish","format-standard","has-post-thumbnail","hentry","category-noticias-de-marketing-digital"],"yoast_head":"<!-- This site is optimized with the Yoast SEO plugin v27.4 - https:\/\/yoast.com\/product\/yoast-seo-wordpress\/ -->\n<title>KAS se convierte en el refresco oficial y patrocinador principal de la Cl\u00e1sica de San Sebasti\u00e1n 2021 - Super News<\/title>\n<meta name=\"robots\" content=\"index, follow, max-snippet:-1, max-image-preview:large, max-video-preview:-1\" \/>\n<link rel=\"canonical\" href=\"https:\/\/super-news.info\/es\/kas-se-convierte-en-el-refresco-oficial-y-patrocinador-principal-de-la-clasica-de-san-sebastian-2021\/\" \/>\n<meta property=\"og:locale\" content=\"en_US\" \/>\n<meta property=\"og:type\" content=\"article\" \/>\n<meta property=\"og:title\" content=\"KAS se convierte en el refresco oficial y patrocinador principal de la Cl\u00e1sica de San Sebasti\u00e1n 2021 - Super News\" \/>\n<meta property=\"og:description\" content=\"La triatleta Saleta Castro, miembro del equipo de embajadores locales de KAS, ser\u00e1 la encargada de entregar los trofeos al \u2018Primer corredor Euskaldun 2021\u2019 y a la \u2018Primera corredora Euskaldun 2021\u2019 en representaci\u00f3n de la marca. KAS contin\u00faa apoyando la temporada ciclista, convirti\u00e9ndose esta vez en el refresco oficial y patrocinador principal de la Cl\u00e1sica [&hellip;]\" \/>\n<meta property=\"og:url\" content=\"https:\/\/super-news.info\/es\/kas-se-convierte-en-el-refresco-oficial-y-patrocinador-principal-de-la-clasica-de-san-sebastian-2021\/\" \/>\n<meta property=\"og:site_name\" content=\"Super News\" \/>\n<meta property=\"article:published_time\" content=\"2021-07-13T03:36:31+00:00\" \/>\n<meta property=\"article:modified_time\" content=\"2021-07-13T03:36:36+00:00\" \/>\n<meta property=\"og:image\" content=\"https:\/\/super-news.info\/es\/wp-content\/uploads\/sites\/4\/2021\/07\/KAS-se-convierte-en-el-refresco-oficial-y-patrocinador-principal.jpg\" \/>\n\t<meta property=\"og:image:width\" content=\"1200\" \/>\n\t<meta property=\"og:image:height\" content=\"675\" \/>\n\t<meta property=\"og:image:type\" content=\"image\/jpeg\" \/>\n<meta name=\"author\" content=\"super-news\" \/>\n<meta name=\"twitter:card\" content=\"summary_large_image\" \/>\n<meta name=\"twitter:label1\" content=\"Written by\" \/>\n\t<meta name=\"twitter:data1\" content=\"super-news\" \/>\n\t<meta name=\"twitter:label2\" content=\"Est. reading time\" \/>\n\t<meta name=\"twitter:data2\" content=\"3 minutes\" \/>\n<script type=\"application\/ld+json\" class=\"yoast-schema-graph\">{\"@context\":\"https:\\\/\\\/schema.org\",\"@graph\":[{\"@type\":\"Article\",\"@id\":\"https:\\\/\\\/super-news.info\\\/es\\\/kas-se-convierte-en-el-refresco-oficial-y-patrocinador-principal-de-la-clasica-de-san-sebastian-2021\\\/#article\",\"isPartOf\":{\"@id\":\"https:\\\/\\\/super-news.info\\\/es\\\/kas-se-convierte-en-el-refresco-oficial-y-patrocinador-principal-de-la-clasica-de-san-sebastian-2021\\\/\"},\"author\":{\"name\":\"super-news\",\"@id\":\"https:\\\/\\\/super-news.info\\\/es\\\/#\\\/schema\\\/person\\\/2d4068cb2f39cd10008c2fce578a7356\"},\"headline\":\"KAS se convierte en el refresco oficial y patrocinador principal de la Cl\u00e1sica de San Sebasti\u00e1n 2021\",\"datePublished\":\"2021-07-13T03:36:31+00:00\",\"dateModified\":\"2021-07-13T03:36:36+00:00\",\"mainEntityOfPage\":{\"@id\":\"https:\\\/\\\/super-news.info\\\/es\\\/kas-se-convierte-en-el-refresco-oficial-y-patrocinador-principal-de-la-clasica-de-san-sebastian-2021\\\/\"},\"wordCount\":676,\"commentCount\":0,\"image\":{\"@id\":\"https:\\\/\\\/super-news.info\\\/es\\\/kas-se-convierte-en-el-refresco-oficial-y-patrocinador-principal-de-la-clasica-de-san-sebastian-2021\\\/#primaryimage\"},\"thumbnailUrl\":\"https:\\\/\\\/super-news.info\\\/es\\\/wp-content\\\/uploads\\\/sites\\\/4\\\/2021\\\/07\\\/KAS-se-convierte-en-el-refresco-oficial-y-patrocinador-principal.jpg\",\"articleSection\":[\"NOTICIAS DE MARKETING DIGITAL\"],\"inLanguage\":\"en-US\",\"potentialAction\":[{\"@type\":\"CommentAction\",\"name\":\"Comment\",\"target\":[\"https:\\\/\\\/super-news.info\\\/es\\\/kas-se-convierte-en-el-refresco-oficial-y-patrocinador-principal-de-la-clasica-de-san-sebastian-2021\\\/#respond\"]}]},{\"@type\":\"WebPage\",\"@id\":\"https:\\\/\\\/super-news.info\\\/es\\\/kas-se-convierte-en-el-refresco-oficial-y-patrocinador-principal-de-la-clasica-de-san-sebastian-2021\\\/\",\"url\":\"https:\\\/\\\/super-news.info\\\/es\\\/kas-se-convierte-en-el-refresco-oficial-y-patrocinador-principal-de-la-clasica-de-san-sebastian-2021\\\/\",\"name\":\"KAS se convierte en el refresco oficial y patrocinador principal de la Cl\u00e1sica de San Sebasti\u00e1n 2021 - Super News\",\"isPartOf\":{\"@id\":\"https:\\\/\\\/super-news.info\\\/es\\\/#website\"},\"primaryImageOfPage\":{\"@id\":\"https:\\\/\\\/super-news.info\\\/es\\\/kas-se-convierte-en-el-refresco-oficial-y-patrocinador-principal-de-la-clasica-de-san-sebastian-2021\\\/#primaryimage\"},\"image\":{\"@id\":\"https:\\\/\\\/super-news.info\\\/es\\\/kas-se-convierte-en-el-refresco-oficial-y-patrocinador-principal-de-la-clasica-de-san-sebastian-2021\\\/#primaryimage\"},\"thumbnailUrl\":\"https:\\\/\\\/super-news.info\\\/es\\\/wp-content\\\/uploads\\\/sites\\\/4\\\/2021\\\/07\\\/KAS-se-convierte-en-el-refresco-oficial-y-patrocinador-principal.jpg\",\"datePublished\":\"2021-07-13T03:36:31+00:00\",\"dateModified\":\"2021-07-13T03:36:36+00:00\",\"author\":{\"@id\":\"https:\\\/\\\/super-news.info\\\/es\\\/#\\\/schema\\\/person\\\/2d4068cb2f39cd10008c2fce578a7356\"},\"breadcrumb\":{\"@id\":\"https:\\\/\\\/super-news.info\\\/es\\\/kas-se-convierte-en-el-refresco-oficial-y-patrocinador-principal-de-la-clasica-de-san-sebastian-2021\\\/#breadcrumb\"},\"inLanguage\":\"en-US\",\"potentialAction\":[{\"@type\":\"ReadAction\",\"target\":[\"https:\\\/\\\/super-news.info\\\/es\\\/kas-se-convierte-en-el-refresco-oficial-y-patrocinador-principal-de-la-clasica-de-san-sebastian-2021\\\/\"]}]},{\"@type\":\"ImageObject\",\"inLanguage\":\"en-US\",\"@id\":\"https:\\\/\\\/super-news.info\\\/es\\\/kas-se-convierte-en-el-refresco-oficial-y-patrocinador-principal-de-la-clasica-de-san-sebastian-2021\\\/#primaryimage\",\"url\":\"https:\\\/\\\/super-news.info\\\/es\\\/wp-content\\\/uploads\\\/sites\\\/4\\\/2021\\\/07\\\/KAS-se-convierte-en-el-refresco-oficial-y-patrocinador-principal.jpg\",\"contentUrl\":\"https:\\\/\\\/super-news.info\\\/es\\\/wp-content\\\/uploads\\\/sites\\\/4\\\/2021\\\/07\\\/KAS-se-convierte-en-el-refresco-oficial-y-patrocinador-principal.jpg\",\"width\":1200,\"height\":675,\"caption\":\"KAS se convierte en el refresco oficial y patrocinador principal de la Cl\u00e1sica de San Sebasti\u00e1n 2021\"},{\"@type\":\"BreadcrumbList\",\"@id\":\"https:\\\/\\\/super-news.info\\\/es\\\/kas-se-convierte-en-el-refresco-oficial-y-patrocinador-principal-de-la-clasica-de-san-sebastian-2021\\\/#breadcrumb\",\"itemListElement\":[{\"@type\":\"ListItem\",\"position\":1,\"name\":\"\u0413\u043b\u0430\u0432\u043d\u0430\u044f \u0441\u0442\u0440\u0430\u043d\u0438\u0446\u0430\",\"item\":\"https:\\\/\\\/super-news.info\\\/es\\\/\"},{\"@type\":\"ListItem\",\"position\":2,\"name\":\"KAS se convierte en el refresco oficial y patrocinador principal de la Cl\u00e1sica de San Sebasti\u00e1n 2021\"}]},{\"@type\":\"WebSite\",\"@id\":\"https:\\\/\\\/super-news.info\\\/es\\\/#website\",\"url\":\"https:\\\/\\\/super-news.info\\\/es\\\/\",\"name\":\"Super News\",\"description\":\"Super News Espa\u00f1a\",\"potentialAction\":[{\"@type\":\"SearchAction\",\"target\":{\"@type\":\"EntryPoint\",\"urlTemplate\":\"https:\\\/\\\/super-news.info\\\/es\\\/?s={search_term_string}\"},\"query-input\":{\"@type\":\"PropertyValueSpecification\",\"valueRequired\":true,\"valueName\":\"search_term_string\"}}],\"inLanguage\":\"en-US\"},{\"@type\":\"Person\",\"@id\":\"https:\\\/\\\/super-news.info\\\/es\\\/#\\\/schema\\\/person\\\/2d4068cb2f39cd10008c2fce578a7356\",\"name\":\"super-news\",\"image\":{\"@type\":\"ImageObject\",\"inLanguage\":\"en-US\",\"@id\":\"https:\\\/\\\/secure.gravatar.com\\\/avatar\\\/64ebac40b93f26a154f8a9b5b6fdccfc46f442b26b3dd6756dbff3bf9dc76fd7?s=96&d=mm&r=g\",\"url\":\"https:\\\/\\\/secure.gravatar.com\\\/avatar\\\/64ebac40b93f26a154f8a9b5b6fdccfc46f442b26b3dd6756dbff3bf9dc76fd7?s=96&d=mm&r=g\",\"contentUrl\":\"https:\\\/\\\/secure.gravatar.com\\\/avatar\\\/64ebac40b93f26a154f8a9b5b6fdccfc46f442b26b3dd6756dbff3bf9dc76fd7?s=96&d=mm&r=g\",\"caption\":\"super-news\"},\"url\":\"https:\\\/\\\/super-news.info\\\/es\\\/author\\\/pt\\\/\"}]}<\/script>\n<!-- \/ Yoast SEO plugin. -->","yoast_head_json":{"title":"KAS se convierte en el refresco oficial y patrocinador principal de la Cl\u00e1sica de San Sebasti\u00e1n 2021 - Super News","robots":{"index":"index","follow":"follow","max-snippet":"max-snippet:-1","max-image-preview":"max-image-preview:large","max-video-preview":"max-video-preview:-1"},"canonical":"https:\/\/super-news.info\/es\/kas-se-convierte-en-el-refresco-oficial-y-patrocinador-principal-de-la-clasica-de-san-sebastian-2021\/","og_locale":"en_US","og_type":"article","og_title":"KAS se convierte en el refresco oficial y patrocinador principal de la Cl\u00e1sica de San Sebasti\u00e1n 2021 - Super News","og_description":"La triatleta Saleta Castro, miembro del equipo de embajadores locales de KAS, ser\u00e1 la encargada de entregar los trofeos al \u2018Primer corredor Euskaldun 2021\u2019 y a la \u2018Primera corredora Euskaldun 2021\u2019 en representaci\u00f3n de la marca. KAS contin\u00faa apoyando la temporada ciclista, convirti\u00e9ndose esta vez en el refresco oficial y patrocinador principal de la Cl\u00e1sica [&hellip;]","og_url":"https:\/\/super-news.info\/es\/kas-se-convierte-en-el-refresco-oficial-y-patrocinador-principal-de-la-clasica-de-san-sebastian-2021\/","og_site_name":"Super News","article_published_time":"2021-07-13T03:36:31+00:00","article_modified_time":"2021-07-13T03:36:36+00:00","og_image":[{"width":1200,"height":675,"url":"https:\/\/super-news.info\/es\/wp-content\/uploads\/sites\/4\/2021\/07\/KAS-se-convierte-en-el-refresco-oficial-y-patrocinador-principal.jpg","type":"image\/jpeg"}],"author":"super-news","twitter_card":"summary_large_image","twitter_misc":{"Written by":"super-news","Est. reading time":"3 minutes"},"schema":{"@context":"https:\/\/schema.org","@graph":[{"@type":"Article","@id":"https:\/\/super-news.info\/es\/kas-se-convierte-en-el-refresco-oficial-y-patrocinador-principal-de-la-clasica-de-san-sebastian-2021\/#article","isPartOf":{"@id":"https:\/\/super-news.info\/es\/kas-se-convierte-en-el-refresco-oficial-y-patrocinador-principal-de-la-clasica-de-san-sebastian-2021\/"},"author":{"name":"super-news","@id":"https:\/\/super-news.info\/es\/#\/schema\/person\/2d4068cb2f39cd10008c2fce578a7356"},"headline":"KAS se convierte en el refresco oficial y patrocinador principal de la Cl\u00e1sica de San Sebasti\u00e1n 2021","datePublished":"2021-07-13T03:36:31+00:00","dateModified":"2021-07-13T03:36:36+00:00","mainEntityOfPage":{"@id":"https:\/\/super-news.info\/es\/kas-se-convierte-en-el-refresco-oficial-y-patrocinador-principal-de-la-clasica-de-san-sebastian-2021\/"},"wordCount":676,"commentCount":0,"image":{"@id":"https:\/\/super-news.info\/es\/kas-se-convierte-en-el-refresco-oficial-y-patrocinador-principal-de-la-clasica-de-san-sebastian-2021\/#primaryimage"},"thumbnailUrl":"https:\/\/super-news.info\/es\/wp-content\/uploads\/sites\/4\/2021\/07\/KAS-se-convierte-en-el-refresco-oficial-y-patrocinador-principal.jpg","articleSection":["NOTICIAS DE MARKETING DIGITAL"],"inLanguage":"en-US","potentialAction":[{"@type":"CommentAction","name":"Comment","target":["https:\/\/super-news.info\/es\/kas-se-convierte-en-el-refresco-oficial-y-patrocinador-principal-de-la-clasica-de-san-sebastian-2021\/#respond"]}]},{"@type":"WebPage","@id":"https:\/\/super-news.info\/es\/kas-se-convierte-en-el-refresco-oficial-y-patrocinador-principal-de-la-clasica-de-san-sebastian-2021\/","url":"https:\/\/super-news.info\/es\/kas-se-convierte-en-el-refresco-oficial-y-patrocinador-principal-de-la-clasica-de-san-sebastian-2021\/","name":"KAS se convierte en el refresco oficial y patrocinador principal de la Cl\u00e1sica de San Sebasti\u00e1n 2021 - Super News","isPartOf":{"@id":"https:\/\/super-news.info\/es\/#website"},"primaryImageOfPage":{"@id":"https:\/\/super-news.info\/es\/kas-se-convierte-en-el-refresco-oficial-y-patrocinador-principal-de-la-clasica-de-san-sebastian-2021\/#primaryimage"},"image":{"@id":"https:\/\/super-news.info\/es\/kas-se-convierte-en-el-refresco-oficial-y-patrocinador-principal-de-la-clasica-de-san-sebastian-2021\/#primaryimage"},"thumbnailUrl":"https:\/\/super-news.info\/es\/wp-content\/uploads\/sites\/4\/2021\/07\/KAS-se-convierte-en-el-refresco-oficial-y-patrocinador-principal.jpg","datePublished":"2021-07-13T03:36:31+00:00","dateModified":"2021-07-13T03:36:36+00:00","author":{"@id":"https:\/\/super-news.info\/es\/#\/schema\/person\/2d4068cb2f39cd10008c2fce578a7356"},"breadcrumb":{"@id":"https:\/\/super-news.info\/es\/kas-se-convierte-en-el-refresco-oficial-y-patrocinador-principal-de-la-clasica-de-san-sebastian-2021\/#breadcrumb"},"inLanguage":"en-US","potentialAction":[{"@type":"ReadAction","target":["https:\/\/super-news.info\/es\/kas-se-convierte-en-el-refresco-oficial-y-patrocinador-principal-de-la-clasica-de-san-sebastian-2021\/"]}]},{"@type":"ImageObject","inLanguage":"en-US","@id":"https:\/\/super-news.info\/es\/kas-se-convierte-en-el-refresco-oficial-y-patrocinador-principal-de-la-clasica-de-san-sebastian-2021\/#primaryimage","url":"https:\/\/super-news.info\/es\/wp-content\/uploads\/sites\/4\/2021\/07\/KAS-se-convierte-en-el-refresco-oficial-y-patrocinador-principal.jpg","contentUrl":"https:\/\/super-news.info\/es\/wp-content\/uploads\/sites\/4\/2021\/07\/KAS-se-convierte-en-el-refresco-oficial-y-patrocinador-principal.jpg","width":1200,"height":675,"caption":"KAS se convierte en el refresco oficial y patrocinador principal de la Cl\u00e1sica de San Sebasti\u00e1n 2021"},{"@type":"BreadcrumbList","@id":"https:\/\/super-news.info\/es\/kas-se-convierte-en-el-refresco-oficial-y-patrocinador-principal-de-la-clasica-de-san-sebastian-2021\/#breadcrumb","itemListElement":[{"@type":"ListItem","position":1,"name":"\u0413\u043b\u0430\u0432\u043d\u0430\u044f \u0441\u0442\u0440\u0430\u043d\u0438\u0446\u0430","item":"https:\/\/super-news.info\/es\/"},{"@type":"ListItem","position":2,"name":"KAS se convierte en el refresco oficial y patrocinador principal de la Cl\u00e1sica de San Sebasti\u00e1n 2021"}]},{"@type":"WebSite","@id":"https:\/\/super-news.info\/es\/#website","url":"https:\/\/super-news.info\/es\/","name":"Super News","description":"Super News Espa\u00f1a","potentialAction":[{"@type":"SearchAction","target":{"@type":"EntryPoint","urlTemplate":"https:\/\/super-news.info\/es\/?s={search_term_string}"},"query-input":{"@type":"PropertyValueSpecification","valueRequired":true,"valueName":"search_term_string"}}],"inLanguage":"en-US"},{"@type":"Person","@id":"https:\/\/super-news.info\/es\/#\/schema\/person\/2d4068cb2f39cd10008c2fce578a7356","name":"super-news","image":{"@type":"ImageObject","inLanguage":"en-US","@id":"https:\/\/secure.gravatar.com\/avatar\/64ebac40b93f26a154f8a9b5b6fdccfc46f442b26b3dd6756dbff3bf9dc76fd7?s=96&d=mm&r=g","url":"https:\/\/secure.gravatar.com\/avatar\/64ebac40b93f26a154f8a9b5b6fdccfc46f442b26b3dd6756dbff3bf9dc76fd7?s=96&d=mm&r=g","contentUrl":"https:\/\/secure.gravatar.com\/avatar\/64ebac40b93f26a154f8a9b5b6fdccfc46f442b26b3dd6756dbff3bf9dc76fd7?s=96&d=mm&r=g","caption":"super-news"},"url":"https:\/\/super-news.info\/es\/author\/pt\/"}]}},"_links":{"self":[{"href":"https:\/\/super-news.info\/es\/wp-json\/wp\/v2\/posts\/15323","targetHints":{"allow":["GET"]}}],"collection":[{"href":"https:\/\/super-news.info\/es\/wp-json\/wp\/v2\/posts"}],"about":[{"href":"https:\/\/super-news.info\/es\/wp-json\/wp\/v2\/types\/post"}],"author":[{"embeddable":true,"href":"https:\/\/super-news.info\/es\/wp-json\/wp\/v2\/users\/2"}],"replies":[{"embeddable":true,"href":"https:\/\/super-news.info\/es\/wp-json\/wp\/v2\/comments?post=15323"}],"version-history":[{"count":1,"href":"https:\/\/super-news.info\/es\/wp-json\/wp\/v2\/posts\/15323\/revisions"}],"predecessor-version":[{"id":15325,"href":"https:\/\/super-news.info\/es\/wp-json\/wp\/v2\/posts\/15323\/revisions\/15325"}],"wp:featuredmedia":[{"embeddable":true,"href":"https:\/\/super-news.info\/es\/wp-json\/wp\/v2\/media\/15324"}],"wp:attachment":[{"href":"https:\/\/super-news.info\/es\/wp-json\/wp\/v2\/media?parent=15323"}],"wp:term":[{"taxonomy":"category","embeddable":true,"href":"https:\/\/super-news.info\/es\/wp-json\/wp\/v2\/categories?post=15323"},{"taxonomy":"post_tag","embeddable":true,"href":"https:\/\/super-news.info\/es\/wp-json\/wp\/v2\/tags?post=15323"}],"curies":[{"name":"wp","href":"https:\/\/api.w.org\/{rel}","templated":true}]}}