{"id":15285,"date":"2021-07-09T18:29:40","date_gmt":"2021-07-09T15:29:40","guid":{"rendered":"https:\/\/super-news.info\/es\/nueva-campana-zinkia-lleva-pocoyo-gran-canarias\/"},"modified":"2021-07-09T18:29:42","modified_gmt":"2021-07-09T15:29:42","slug":"nueva-campana-zinkia-lleva-pocoyo-gran-canarias","status":"publish","type":"post","link":"https:\/\/super-news.info\/es\/nueva-campana-zinkia-lleva-pocoyo-gran-canarias\/","title":{"rendered":"nueva- campa\u00f1a- Zinkia- lleva- Pocoy\u00f3- Gran- Canarias"},"content":{"rendered":"<p>\u201cIsla Drag\u00f3n\u201d, una coproducci\u00f3n con el Cabildo de Gran Canaria en la que recorrer\u00e1 la isla en busca de la leyenda del \u00faltimo drag\u00f3n negro.<br \/>\nPocoy\u00f3, uno de los personajes m\u00e1s queridos por el p\u00fablico infantil, presenta \u201cIsla Drag\u00f3n\u201d; una coproducci\u00f3n con el Cabildo de Gran Canaria, a trav\u00e9s del Patronato de Turismo, para promover la isla como destino tur\u00edstico familiar entre los viajeros internacionales.<br \/>\nEl \u00faltimo episodio de la serie, creada por la productora espa\u00f1ola Zinkia, muestra algunos de los lugares m\u00e1s emblem\u00e1ticos de Gran Canaria y supone un hito en la historia de la producci\u00f3n pues, por primera vez, cambia su tradicional fondo blanco para integrar im\u00e1genes reales.<br \/>\n\u201cIsla Drag\u00f3n\u201d recrea una milenaria leyenda que asegura que en Gran Canaria habita el \u00faltimo drag\u00f3n negro. La curiosidad y el esp\u00edritu inquieto de Pocoy\u00f3, le llevan a vivir una incre\u00edble aventura con el objetivo de encontrarle. Junto a sus amigos Pato, Lula y Elly, Pocoy\u00f3 visita lugares tan emblem\u00e1ticos como la Playa del Ingl\u00e9s, las Dunas de Maspalomas, el Monumento Natural del Roque Nublo o el bosque de los Tilos de Moya; y a lo largo del viaje tienen la oportunidad de conocer a los habitantes de la isla gracias a los simp\u00e1ticos \u201cprimos canarios\u201d de Pato.<\/p>\n<p>Reactivaci\u00f3n del turismo canario<br \/>\nEsta coproducci\u00f3n se emitir\u00e1 en televisiones y plataformas de streaming nacionales e internacionales, y es el punto de partida para una campa\u00f1a proyectada por el Patronato de Turismo de Gran Canaria para potenciar el desarrollo tur\u00edstico local y contribuir as\u00ed a la recuperaci\u00f3n econ\u00f3mica de las Islas Canarias.<br \/>\nDurante la presentaci\u00f3n del proyecto, Carlos \u00c1lamo, Consejero de Turismo, ha asegurado que \u201cGran Canaria es el destino preferido de muchas familias de toda Espa\u00f1a y de Europa para sus vacaciones, porque tiene todo lo necesario para disfrutar con los ni\u00f1os. La isla est\u00e1 preparada, con todas las garant\u00edas sanitarias, para recibir turistas y existen infinidad de propuestas de ocio y entretenimiento de primer nivel en cualquier \u00e9poca del a\u00f1o y que cubren las expectativas de todas las edades, ya que muchas de ellas est\u00e1n dise\u00f1adas para el disfrute de los m\u00e1s peque\u00f1os. Este cap\u00edtulo de Pocoy\u00f3 es una de las acciones m\u00e1s importante de Turismo de Gran Canaria para atraer al turismo familiar por su alcance internacional. En 2019, recibimos 650.000 turistas procedentes de este segmento, un 15% del total y estamos seguros de que contribuir\u00e1 a mejorar esas cifras\u201d.<br \/>\nAdem\u00e1s de agradecer el respaldo que ha recibido la productora por parte del Cabildo Insular en los \u00faltimos a\u00f1os, V\u00edctor M. L\u00f3pez, director general de Zinkia, ha afirmado que \u201cPocoy\u00f3 crece como contenido y como marca con \u201cIsla Drag\u00f3n\u201d, porque nos ofrece una est\u00e9tica completamente distinta a la habitual y, por primera vez, narra una aventura en el sentido estricto de la palabra. Si, adem\u00e1s, contribuye a dar un impulso a Gran Canaria por su atractivo como destino familiar, no podemos estar m\u00e1s satisfechos\u201d.<br \/>\nY es que la relaci\u00f3n entre Pocoy\u00f3 y Gran Canaria no es nueva. En 2019 Zinkia y la productora canaria KOYI inauguraban un estudio de animaci\u00f3n en las instalaciones de la Sociedad de Promoci\u00f3n de Gran Canaria ubicadas en el Recinto Ferial de Canarias (Infecar), desde donde han llevado a cabo la producci\u00f3n de la \u00faltima temporada de la serie.<br \/>\nAsimismo, y tambi\u00e9n en colaboraci\u00f3n con el Cabildo Insular de Gran Canaria, ambas compa\u00f1\u00edas han promovido \u201cBosque Pocoy\u00f3\u201d, un proyecto de reforestaci\u00f3n que surgi\u00f3 como consecuencia del devastador incendio que asol\u00f3 la isla hace unos a\u00f1os y que se ubica en el \u00e1rea recreativa de San Jos\u00e9 del \u00c1lamo, cercana a la ciudad de Las Palmas de Gran Canaria.<br \/>\nCon m\u00e1s de 16 a\u00f1os de trayectoria, \u201cPocoy\u00f3\u201d es una marca de sello espa\u00f1ol que est\u00e1 presente en 150 pa\u00edses con gran \u00e9xito de audiencia. Asimismo, est\u00e1 disponible en m\u00e1s 40 plataformas de VOD, entre ellas YouTube, Netflix, HBO o Amazon, y atesora 38 premios, como el Cristal de Annecy y el premio BAFTA, concedido por la Academia Brit\u00e1nica, ambos como Mejor Serie de Animaci\u00f3n.<\/p>\n<p>No te pierdas nada de MarketingDirecto.com y \u00fanete a nuestro Telegram t.me\/MarketingDirecto<\/p>\n<p>\n<!--noindex--><br \/>\n<a href=\"https:\/\/www.marketingdirecto.com\/creacion\/campanas-de-marketing\/la-nueva-campana-de-zinkia-lleva-a-pocoyo-a-gran-canarias\" rel=\"nofollow\">Source link <\/a><br \/>\n<!--\/noindex--><\/p>\n","protected":false},"excerpt":{"rendered":"<p>\u201cIsla Drag\u00f3n\u201d, una coproducci\u00f3n con el Cabildo de Gran Canaria en la que recorrer\u00e1 la isla en busca de la leyenda del \u00faltimo drag\u00f3n negro. Pocoy\u00f3, uno de los personajes m\u00e1s queridos por el p\u00fablico infantil, presenta \u201cIsla Drag\u00f3n\u201d; una coproducci\u00f3n con el Cabildo de Gran Canaria, a trav\u00e9s del Patronato de Turismo, para promover [&hellip;]<\/p>\n","protected":false},"author":2,"featured_media":15286,"comment_status":"open","ping_status":"open","sticky":false,"template":"","format":"standard","meta":{"footnotes":""},"categories":[2],"tags":[],"class_list":["post-15285","post","type-post","status-publish","format-standard","has-post-thumbnail","hentry","category-noticias-de-marketing-digital"],"yoast_head":"<!-- This site is optimized with the Yoast SEO plugin v27.4 - https:\/\/yoast.com\/product\/yoast-seo-wordpress\/ -->\n<title>nueva- campa\u00f1a- Zinkia- lleva- Pocoy\u00f3- Gran- Canarias - Super News<\/title>\n<meta name=\"robots\" content=\"index, follow, max-snippet:-1, max-image-preview:large, max-video-preview:-1\" \/>\n<link rel=\"canonical\" href=\"https:\/\/super-news.info\/es\/nueva-campana-zinkia-lleva-pocoyo-gran-canarias\/\" \/>\n<meta property=\"og:locale\" content=\"en_US\" \/>\n<meta property=\"og:type\" content=\"article\" \/>\n<meta property=\"og:title\" content=\"nueva- campa\u00f1a- Zinkia- lleva- Pocoy\u00f3- Gran- Canarias - Super News\" \/>\n<meta property=\"og:description\" content=\"\u201cIsla Drag\u00f3n\u201d, una coproducci\u00f3n con el Cabildo de Gran Canaria en la que recorrer\u00e1 la isla en busca de la leyenda del \u00faltimo drag\u00f3n negro. Pocoy\u00f3, uno de los personajes m\u00e1s queridos por el p\u00fablico infantil, presenta \u201cIsla Drag\u00f3n\u201d; una coproducci\u00f3n con el Cabildo de Gran Canaria, a trav\u00e9s del Patronato de Turismo, para promover [&hellip;]\" \/>\n<meta property=\"og:url\" content=\"https:\/\/super-news.info\/es\/nueva-campana-zinkia-lleva-pocoyo-gran-canarias\/\" \/>\n<meta property=\"og:site_name\" content=\"Super News\" \/>\n<meta property=\"article:published_time\" content=\"2021-07-09T15:29:40+00:00\" \/>\n<meta property=\"article:modified_time\" content=\"2021-07-09T15:29:42+00:00\" \/>\n<meta property=\"og:image\" content=\"https:\/\/super-news.info\/es\/wp-content\/uploads\/sites\/4\/2021\/07\/nueva-campana-Zinkia-lleva-Pocoyo-Gran-Canarias.jpg\" \/>\n\t<meta property=\"og:image:width\" content=\"1200\" \/>\n\t<meta property=\"og:image:height\" content=\"675\" \/>\n\t<meta property=\"og:image:type\" content=\"image\/jpeg\" \/>\n<meta name=\"author\" content=\"super-news\" \/>\n<meta name=\"twitter:card\" content=\"summary_large_image\" \/>\n<meta name=\"twitter:label1\" content=\"Written by\" \/>\n\t<meta name=\"twitter:data1\" content=\"super-news\" \/>\n\t<meta name=\"twitter:label2\" content=\"Est. reading time\" \/>\n\t<meta name=\"twitter:data2\" content=\"4 minutes\" \/>\n<script type=\"application\/ld+json\" class=\"yoast-schema-graph\">{\"@context\":\"https:\\\/\\\/schema.org\",\"@graph\":[{\"@type\":\"Article\",\"@id\":\"https:\\\/\\\/super-news.info\\\/es\\\/nueva-campana-zinkia-lleva-pocoyo-gran-canarias\\\/#article\",\"isPartOf\":{\"@id\":\"https:\\\/\\\/super-news.info\\\/es\\\/nueva-campana-zinkia-lleva-pocoyo-gran-canarias\\\/\"},\"author\":{\"name\":\"super-news\",\"@id\":\"https:\\\/\\\/super-news.info\\\/es\\\/#\\\/schema\\\/person\\\/2d4068cb2f39cd10008c2fce578a7356\"},\"headline\":\"nueva- campa\u00f1a- Zinkia- lleva- Pocoy\u00f3- Gran- Canarias\",\"datePublished\":\"2021-07-09T15:29:40+00:00\",\"dateModified\":\"2021-07-09T15:29:42+00:00\",\"mainEntityOfPage\":{\"@id\":\"https:\\\/\\\/super-news.info\\\/es\\\/nueva-campana-zinkia-lleva-pocoyo-gran-canarias\\\/\"},\"wordCount\":749,\"commentCount\":0,\"image\":{\"@id\":\"https:\\\/\\\/super-news.info\\\/es\\\/nueva-campana-zinkia-lleva-pocoyo-gran-canarias\\\/#primaryimage\"},\"thumbnailUrl\":\"https:\\\/\\\/super-news.info\\\/es\\\/wp-content\\\/uploads\\\/sites\\\/4\\\/2021\\\/07\\\/nueva-campana-Zinkia-lleva-Pocoyo-Gran-Canarias.jpg\",\"articleSection\":[\"NOTICIAS DE MARKETING DIGITAL\"],\"inLanguage\":\"en-US\",\"potentialAction\":[{\"@type\":\"CommentAction\",\"name\":\"Comment\",\"target\":[\"https:\\\/\\\/super-news.info\\\/es\\\/nueva-campana-zinkia-lleva-pocoyo-gran-canarias\\\/#respond\"]}]},{\"@type\":\"WebPage\",\"@id\":\"https:\\\/\\\/super-news.info\\\/es\\\/nueva-campana-zinkia-lleva-pocoyo-gran-canarias\\\/\",\"url\":\"https:\\\/\\\/super-news.info\\\/es\\\/nueva-campana-zinkia-lleva-pocoyo-gran-canarias\\\/\",\"name\":\"nueva- campa\u00f1a- Zinkia- lleva- Pocoy\u00f3- Gran- Canarias - Super News\",\"isPartOf\":{\"@id\":\"https:\\\/\\\/super-news.info\\\/es\\\/#website\"},\"primaryImageOfPage\":{\"@id\":\"https:\\\/\\\/super-news.info\\\/es\\\/nueva-campana-zinkia-lleva-pocoyo-gran-canarias\\\/#primaryimage\"},\"image\":{\"@id\":\"https:\\\/\\\/super-news.info\\\/es\\\/nueva-campana-zinkia-lleva-pocoyo-gran-canarias\\\/#primaryimage\"},\"thumbnailUrl\":\"https:\\\/\\\/super-news.info\\\/es\\\/wp-content\\\/uploads\\\/sites\\\/4\\\/2021\\\/07\\\/nueva-campana-Zinkia-lleva-Pocoyo-Gran-Canarias.jpg\",\"datePublished\":\"2021-07-09T15:29:40+00:00\",\"dateModified\":\"2021-07-09T15:29:42+00:00\",\"author\":{\"@id\":\"https:\\\/\\\/super-news.info\\\/es\\\/#\\\/schema\\\/person\\\/2d4068cb2f39cd10008c2fce578a7356\"},\"breadcrumb\":{\"@id\":\"https:\\\/\\\/super-news.info\\\/es\\\/nueva-campana-zinkia-lleva-pocoyo-gran-canarias\\\/#breadcrumb\"},\"inLanguage\":\"en-US\",\"potentialAction\":[{\"@type\":\"ReadAction\",\"target\":[\"https:\\\/\\\/super-news.info\\\/es\\\/nueva-campana-zinkia-lleva-pocoyo-gran-canarias\\\/\"]}]},{\"@type\":\"ImageObject\",\"inLanguage\":\"en-US\",\"@id\":\"https:\\\/\\\/super-news.info\\\/es\\\/nueva-campana-zinkia-lleva-pocoyo-gran-canarias\\\/#primaryimage\",\"url\":\"https:\\\/\\\/super-news.info\\\/es\\\/wp-content\\\/uploads\\\/sites\\\/4\\\/2021\\\/07\\\/nueva-campana-Zinkia-lleva-Pocoyo-Gran-Canarias.jpg\",\"contentUrl\":\"https:\\\/\\\/super-news.info\\\/es\\\/wp-content\\\/uploads\\\/sites\\\/4\\\/2021\\\/07\\\/nueva-campana-Zinkia-lleva-Pocoyo-Gran-Canarias.jpg\",\"width\":1200,\"height\":675,\"caption\":\"nueva- campa\u00f1a- Zinkia- lleva- Pocoy\u00f3- Gran- Canarias\"},{\"@type\":\"BreadcrumbList\",\"@id\":\"https:\\\/\\\/super-news.info\\\/es\\\/nueva-campana-zinkia-lleva-pocoyo-gran-canarias\\\/#breadcrumb\",\"itemListElement\":[{\"@type\":\"ListItem\",\"position\":1,\"name\":\"\u0413\u043b\u0430\u0432\u043d\u0430\u044f \u0441\u0442\u0440\u0430\u043d\u0438\u0446\u0430\",\"item\":\"https:\\\/\\\/super-news.info\\\/es\\\/\"},{\"@type\":\"ListItem\",\"position\":2,\"name\":\"nueva- campa\u00f1a- Zinkia- lleva- Pocoy\u00f3- Gran- Canarias\"}]},{\"@type\":\"WebSite\",\"@id\":\"https:\\\/\\\/super-news.info\\\/es\\\/#website\",\"url\":\"https:\\\/\\\/super-news.info\\\/es\\\/\",\"name\":\"Super News\",\"description\":\"Super News Espa\u00f1a\",\"potentialAction\":[{\"@type\":\"SearchAction\",\"target\":{\"@type\":\"EntryPoint\",\"urlTemplate\":\"https:\\\/\\\/super-news.info\\\/es\\\/?s={search_term_string}\"},\"query-input\":{\"@type\":\"PropertyValueSpecification\",\"valueRequired\":true,\"valueName\":\"search_term_string\"}}],\"inLanguage\":\"en-US\"},{\"@type\":\"Person\",\"@id\":\"https:\\\/\\\/super-news.info\\\/es\\\/#\\\/schema\\\/person\\\/2d4068cb2f39cd10008c2fce578a7356\",\"name\":\"super-news\",\"image\":{\"@type\":\"ImageObject\",\"inLanguage\":\"en-US\",\"@id\":\"https:\\\/\\\/secure.gravatar.com\\\/avatar\\\/64ebac40b93f26a154f8a9b5b6fdccfc46f442b26b3dd6756dbff3bf9dc76fd7?s=96&d=mm&r=g\",\"url\":\"https:\\\/\\\/secure.gravatar.com\\\/avatar\\\/64ebac40b93f26a154f8a9b5b6fdccfc46f442b26b3dd6756dbff3bf9dc76fd7?s=96&d=mm&r=g\",\"contentUrl\":\"https:\\\/\\\/secure.gravatar.com\\\/avatar\\\/64ebac40b93f26a154f8a9b5b6fdccfc46f442b26b3dd6756dbff3bf9dc76fd7?s=96&d=mm&r=g\",\"caption\":\"super-news\"},\"url\":\"https:\\\/\\\/super-news.info\\\/es\\\/author\\\/pt\\\/\"}]}<\/script>\n<!-- \/ Yoast SEO plugin. -->","yoast_head_json":{"title":"nueva- campa\u00f1a- Zinkia- lleva- Pocoy\u00f3- Gran- Canarias - Super News","robots":{"index":"index","follow":"follow","max-snippet":"max-snippet:-1","max-image-preview":"max-image-preview:large","max-video-preview":"max-video-preview:-1"},"canonical":"https:\/\/super-news.info\/es\/nueva-campana-zinkia-lleva-pocoyo-gran-canarias\/","og_locale":"en_US","og_type":"article","og_title":"nueva- campa\u00f1a- Zinkia- lleva- Pocoy\u00f3- Gran- Canarias - Super News","og_description":"\u201cIsla Drag\u00f3n\u201d, una coproducci\u00f3n con el Cabildo de Gran Canaria en la que recorrer\u00e1 la isla en busca de la leyenda del \u00faltimo drag\u00f3n negro. Pocoy\u00f3, uno de los personajes m\u00e1s queridos por el p\u00fablico infantil, presenta \u201cIsla Drag\u00f3n\u201d; una coproducci\u00f3n con el Cabildo de Gran Canaria, a trav\u00e9s del Patronato de Turismo, para promover [&hellip;]","og_url":"https:\/\/super-news.info\/es\/nueva-campana-zinkia-lleva-pocoyo-gran-canarias\/","og_site_name":"Super News","article_published_time":"2021-07-09T15:29:40+00:00","article_modified_time":"2021-07-09T15:29:42+00:00","og_image":[{"width":1200,"height":675,"url":"https:\/\/super-news.info\/es\/wp-content\/uploads\/sites\/4\/2021\/07\/nueva-campana-Zinkia-lleva-Pocoyo-Gran-Canarias.jpg","type":"image\/jpeg"}],"author":"super-news","twitter_card":"summary_large_image","twitter_misc":{"Written by":"super-news","Est. reading time":"4 minutes"},"schema":{"@context":"https:\/\/schema.org","@graph":[{"@type":"Article","@id":"https:\/\/super-news.info\/es\/nueva-campana-zinkia-lleva-pocoyo-gran-canarias\/#article","isPartOf":{"@id":"https:\/\/super-news.info\/es\/nueva-campana-zinkia-lleva-pocoyo-gran-canarias\/"},"author":{"name":"super-news","@id":"https:\/\/super-news.info\/es\/#\/schema\/person\/2d4068cb2f39cd10008c2fce578a7356"},"headline":"nueva- campa\u00f1a- Zinkia- lleva- Pocoy\u00f3- Gran- Canarias","datePublished":"2021-07-09T15:29:40+00:00","dateModified":"2021-07-09T15:29:42+00:00","mainEntityOfPage":{"@id":"https:\/\/super-news.info\/es\/nueva-campana-zinkia-lleva-pocoyo-gran-canarias\/"},"wordCount":749,"commentCount":0,"image":{"@id":"https:\/\/super-news.info\/es\/nueva-campana-zinkia-lleva-pocoyo-gran-canarias\/#primaryimage"},"thumbnailUrl":"https:\/\/super-news.info\/es\/wp-content\/uploads\/sites\/4\/2021\/07\/nueva-campana-Zinkia-lleva-Pocoyo-Gran-Canarias.jpg","articleSection":["NOTICIAS DE MARKETING DIGITAL"],"inLanguage":"en-US","potentialAction":[{"@type":"CommentAction","name":"Comment","target":["https:\/\/super-news.info\/es\/nueva-campana-zinkia-lleva-pocoyo-gran-canarias\/#respond"]}]},{"@type":"WebPage","@id":"https:\/\/super-news.info\/es\/nueva-campana-zinkia-lleva-pocoyo-gran-canarias\/","url":"https:\/\/super-news.info\/es\/nueva-campana-zinkia-lleva-pocoyo-gran-canarias\/","name":"nueva- campa\u00f1a- Zinkia- lleva- Pocoy\u00f3- Gran- Canarias - Super News","isPartOf":{"@id":"https:\/\/super-news.info\/es\/#website"},"primaryImageOfPage":{"@id":"https:\/\/super-news.info\/es\/nueva-campana-zinkia-lleva-pocoyo-gran-canarias\/#primaryimage"},"image":{"@id":"https:\/\/super-news.info\/es\/nueva-campana-zinkia-lleva-pocoyo-gran-canarias\/#primaryimage"},"thumbnailUrl":"https:\/\/super-news.info\/es\/wp-content\/uploads\/sites\/4\/2021\/07\/nueva-campana-Zinkia-lleva-Pocoyo-Gran-Canarias.jpg","datePublished":"2021-07-09T15:29:40+00:00","dateModified":"2021-07-09T15:29:42+00:00","author":{"@id":"https:\/\/super-news.info\/es\/#\/schema\/person\/2d4068cb2f39cd10008c2fce578a7356"},"breadcrumb":{"@id":"https:\/\/super-news.info\/es\/nueva-campana-zinkia-lleva-pocoyo-gran-canarias\/#breadcrumb"},"inLanguage":"en-US","potentialAction":[{"@type":"ReadAction","target":["https:\/\/super-news.info\/es\/nueva-campana-zinkia-lleva-pocoyo-gran-canarias\/"]}]},{"@type":"ImageObject","inLanguage":"en-US","@id":"https:\/\/super-news.info\/es\/nueva-campana-zinkia-lleva-pocoyo-gran-canarias\/#primaryimage","url":"https:\/\/super-news.info\/es\/wp-content\/uploads\/sites\/4\/2021\/07\/nueva-campana-Zinkia-lleva-Pocoyo-Gran-Canarias.jpg","contentUrl":"https:\/\/super-news.info\/es\/wp-content\/uploads\/sites\/4\/2021\/07\/nueva-campana-Zinkia-lleva-Pocoyo-Gran-Canarias.jpg","width":1200,"height":675,"caption":"nueva- campa\u00f1a- Zinkia- lleva- Pocoy\u00f3- Gran- Canarias"},{"@type":"BreadcrumbList","@id":"https:\/\/super-news.info\/es\/nueva-campana-zinkia-lleva-pocoyo-gran-canarias\/#breadcrumb","itemListElement":[{"@type":"ListItem","position":1,"name":"\u0413\u043b\u0430\u0432\u043d\u0430\u044f \u0441\u0442\u0440\u0430\u043d\u0438\u0446\u0430","item":"https:\/\/super-news.info\/es\/"},{"@type":"ListItem","position":2,"name":"nueva- campa\u00f1a- Zinkia- lleva- Pocoy\u00f3- Gran- Canarias"}]},{"@type":"WebSite","@id":"https:\/\/super-news.info\/es\/#website","url":"https:\/\/super-news.info\/es\/","name":"Super News","description":"Super News Espa\u00f1a","potentialAction":[{"@type":"SearchAction","target":{"@type":"EntryPoint","urlTemplate":"https:\/\/super-news.info\/es\/?s={search_term_string}"},"query-input":{"@type":"PropertyValueSpecification","valueRequired":true,"valueName":"search_term_string"}}],"inLanguage":"en-US"},{"@type":"Person","@id":"https:\/\/super-news.info\/es\/#\/schema\/person\/2d4068cb2f39cd10008c2fce578a7356","name":"super-news","image":{"@type":"ImageObject","inLanguage":"en-US","@id":"https:\/\/secure.gravatar.com\/avatar\/64ebac40b93f26a154f8a9b5b6fdccfc46f442b26b3dd6756dbff3bf9dc76fd7?s=96&d=mm&r=g","url":"https:\/\/secure.gravatar.com\/avatar\/64ebac40b93f26a154f8a9b5b6fdccfc46f442b26b3dd6756dbff3bf9dc76fd7?s=96&d=mm&r=g","contentUrl":"https:\/\/secure.gravatar.com\/avatar\/64ebac40b93f26a154f8a9b5b6fdccfc46f442b26b3dd6756dbff3bf9dc76fd7?s=96&d=mm&r=g","caption":"super-news"},"url":"https:\/\/super-news.info\/es\/author\/pt\/"}]}},"_links":{"self":[{"href":"https:\/\/super-news.info\/es\/wp-json\/wp\/v2\/posts\/15285","targetHints":{"allow":["GET"]}}],"collection":[{"href":"https:\/\/super-news.info\/es\/wp-json\/wp\/v2\/posts"}],"about":[{"href":"https:\/\/super-news.info\/es\/wp-json\/wp\/v2\/types\/post"}],"author":[{"embeddable":true,"href":"https:\/\/super-news.info\/es\/wp-json\/wp\/v2\/users\/2"}],"replies":[{"embeddable":true,"href":"https:\/\/super-news.info\/es\/wp-json\/wp\/v2\/comments?post=15285"}],"version-history":[{"count":1,"href":"https:\/\/super-news.info\/es\/wp-json\/wp\/v2\/posts\/15285\/revisions"}],"predecessor-version":[{"id":15287,"href":"https:\/\/super-news.info\/es\/wp-json\/wp\/v2\/posts\/15285\/revisions\/15287"}],"wp:featuredmedia":[{"embeddable":true,"href":"https:\/\/super-news.info\/es\/wp-json\/wp\/v2\/media\/15286"}],"wp:attachment":[{"href":"https:\/\/super-news.info\/es\/wp-json\/wp\/v2\/media?parent=15285"}],"wp:term":[{"taxonomy":"category","embeddable":true,"href":"https:\/\/super-news.info\/es\/wp-json\/wp\/v2\/categories?post=15285"},{"taxonomy":"post_tag","embeddable":true,"href":"https:\/\/super-news.info\/es\/wp-json\/wp\/v2\/tags?post=15285"}],"curies":[{"name":"wp","href":"https:\/\/api.w.org\/{rel}","templated":true}]}}