{"id":15279,"date":"2021-07-09T06:28:15","date_gmt":"2021-07-09T03:28:15","guid":{"rendered":"https:\/\/super-news.info\/es\/asi-ha-sido-el-paso-de-espana-en-twitter-por-la-eurocopa-2020\/"},"modified":"2021-07-09T06:28:16","modified_gmt":"2021-07-09T03:28:16","slug":"asi-ha-sido-el-paso-de-espana-en-twitter-por-la-eurocopa-2020","status":"publish","type":"post","link":"https:\/\/super-news.info\/es\/asi-ha-sido-el-paso-de-espana-en-twitter-por-la-eurocopa-2020\/","title":{"rendered":"As\u00ed ha sido el paso de Espa\u00f1a en Twitter por la Eurocopa 2020"},"content":{"rendered":"<p>Espa\u00f1a ha acaparado buena parte de la conversaci\u00f3n de la Eurocopa 2020 en Twitter, con cerca de siete millones de menciones.<br \/>\nEl paso de Espa\u00f1a por la Eurocopa 2020 ha finalizado, pero la conversaci\u00f3n sobre el tema ha sido candente en Twitter y continuar\u00e1 si\u00e9ndolo. Los penaltis ante Italia impidieron el pase de la Roja a la final, pero la Selecci\u00f3n Espa\u00f1ola ha logrado despertar el inter\u00e9s y el cari\u00f1o de la afici\u00f3n en la red social del p\u00e1jaro azul, que ha servido como un estadio para recoger el entusiasmo.<br \/>\nEl rugido de los fan\u00e1ticos se ha dejado sentir en las cerca de siete millones de menciones que ha recibido el equipo espa\u00f1ol, siendo la tercera selecci\u00f3n de la que m\u00e1s se ha hablado en Europa.<br \/>\nPor otro lado, la mitad de las personas que usa Twitter coincide en que ser parte de la conversaci\u00f3n en la plataforma les ayuda a sentirse m\u00e1s conectados con los partidos. En el caso de la afici\u00f3n espa\u00f1ola, esta ha acudido no solo para comentar en directo los encuentros, sino tambi\u00e9n para compartir las emociones con otros aficionados.<br \/>\nUna conexi\u00f3n a trav\u00e9s de Twitter que compensa no poder vivirlo en persona<br \/>\nUn 57% de los usuarios percibe Twitter como una especie de sustituto de la experiencia real cuando no se pueden seguir los partidos con los amigos en un bar. Por esta raz\u00f3n contactan en tiempo real e intercambian opiniones con otros fans.<br \/>\nLa Roja se ha ganado el coraz\u00f3n de los espa\u00f1oles, como demuestra que dos de los hashtags m\u00e1s utilizados sean #somosespa\u00f1a y #vamosespa\u00f1a. Entre los tuits m\u00e1s populares, figuran el apoyo a los jugadores y el sentido del humor.<br \/>\nAlgunos de los tuits que m\u00e1s han gustado han sido las votaciones para seleccionar la canci\u00f3n que se escuchar\u00e1 en el estadio de Wembley o los referentes a la comunicaci\u00f3n del estado del joven jugador de Dinamarca, Christian Eriksen. Tampoco ha faltado el apoyo de celebrities como Louis Tomlison a la competici\u00f3n o de jugadores como Raheem Sterling o <a rel=\"nofollow noopener noreferrer\" target=\"_blank\" href=\"https:\/\/twitter.com\/Benzema\/status\/1394739750721007624\">Karim Benzema<\/a>.<\/p>\n<p>Following the medical emergency involving Denmark\u2019s player Christian Eriksen, a crisis meeting has taken place with both teams and match officials and further information will be communicated at 19:45 CET. The player has been transferred to the hospital and has been stabilised.\u2014 UEFA (@UEFA) <a rel=\"nofollow noopener noreferrer\" target=\"_blank\" href=\"https:\/\/twitter.com\/UEFA\/status\/1403765507682193409?ref_src=twsrc%5Etfw\">June 12, 2021<\/a><\/p>\n<p>A continuaci\u00f3n, repasamos una serie de listas para conocer qu\u00e9 ha predominado en la conversaci\u00f3n de Twitter.<br \/>\nLos jugadores y personas m\u00e1s mencionados en Espa\u00f1a<br \/>\nLuis EnriqueUnai SimonKylian MbappeAlvaro MorataPedriGerard MorenoCristiano RonaldoLuka ModricChristian EriksenSergio Busquets<br \/>\nLos encuentros m\u00e1s comentados de la Eurocopa en Espa\u00f1a<br \/>\nEspa\u00f1a vs ItaliaCroacia vs Espa\u00f1aSuiza vs Espa\u00f1aEspa\u00f1a vs SueciaEslovaquia vs Espa\u00f1a<br \/>\nLos 10 equipos m\u00e1s mencionados<br \/>\nFranciaInglaterraEspa\u00f1aPortugalItaliaDinamarcaAlemaniaB\u00e9lgicaSuizaTurqu\u00eda<br \/>\nLos 10 jugadores y personas de los que m\u00e1s se ha hablado<br \/>\nKylian MbappeChristian EriksenPaul PogbaCristiano RonaldoRomelu LukakuGareth SouthgateHarry KaneRaheem SterlingKevin de BruyneLuis Enrique<br \/>\nLos partidos m\u00e1s comentados de la Eurocopa 2020<br \/>\nFrancia vs SuizaInglaterra vs AlemaniaDinamarca vs FinlandiaEspa\u00f1a vs ItaliaPortugal vs Francia<\/p>\n<p>No te pierdas nada de MarketingDirecto.com y \u00fanete a nuestro Telegram t.me\/MarketingDirecto<br \/>\n<script async src=\"https:\/\/platform.twitter.com\/widgets.js\" charset=\"utf-8\"><\/script><br \/>\n<br \/>\n<!--noindex--><br \/>\n<a href=\"https:\/\/www.marketingdirecto.com\/digital-general\/social-media-marketing\/equipos-jugadores-partidos-eurocopa-twitter\" rel=\"nofollow\">Source link <\/a><br \/>\n<!--\/noindex--><\/p>\n","protected":false},"excerpt":{"rendered":"<p>Espa\u00f1a ha acaparado buena parte de la conversaci\u00f3n de la Eurocopa 2020 en Twitter, con cerca de siete millones de menciones. El paso de Espa\u00f1a por la Eurocopa 2020 ha finalizado, pero la conversaci\u00f3n sobre el tema ha sido candente en Twitter y continuar\u00e1 si\u00e9ndolo. Los penaltis ante Italia impidieron el pase de la Roja [&hellip;]<\/p>\n","protected":false},"author":2,"featured_media":15280,"comment_status":"open","ping_status":"open","sticky":false,"template":"","format":"standard","meta":{"footnotes":""},"categories":[2],"tags":[],"class_list":["post-15279","post","type-post","status-publish","format-standard","has-post-thumbnail","hentry","category-noticias-de-marketing-digital"],"yoast_head":"<!-- This site is optimized with the Yoast SEO plugin v27.4 - https:\/\/yoast.com\/product\/yoast-seo-wordpress\/ -->\n<title>As\u00ed ha sido el paso de Espa\u00f1a en Twitter por la Eurocopa 2020 - Super News<\/title>\n<meta name=\"robots\" content=\"index, follow, max-snippet:-1, max-image-preview:large, max-video-preview:-1\" \/>\n<link rel=\"canonical\" href=\"https:\/\/super-news.info\/es\/asi-ha-sido-el-paso-de-espana-en-twitter-por-la-eurocopa-2020\/\" \/>\n<meta property=\"og:locale\" content=\"en_US\" \/>\n<meta property=\"og:type\" content=\"article\" \/>\n<meta property=\"og:title\" content=\"As\u00ed ha sido el paso de Espa\u00f1a en Twitter por la Eurocopa 2020 - Super News\" \/>\n<meta property=\"og:description\" content=\"Espa\u00f1a ha acaparado buena parte de la conversaci\u00f3n de la Eurocopa 2020 en Twitter, con cerca de siete millones de menciones. El paso de Espa\u00f1a por la Eurocopa 2020 ha finalizado, pero la conversaci\u00f3n sobre el tema ha sido candente en Twitter y continuar\u00e1 si\u00e9ndolo. Los penaltis ante Italia impidieron el pase de la Roja [&hellip;]\" \/>\n<meta property=\"og:url\" content=\"https:\/\/super-news.info\/es\/asi-ha-sido-el-paso-de-espana-en-twitter-por-la-eurocopa-2020\/\" \/>\n<meta property=\"og:site_name\" content=\"Super News\" \/>\n<meta property=\"article:published_time\" content=\"2021-07-09T03:28:15+00:00\" \/>\n<meta property=\"article:modified_time\" content=\"2021-07-09T03:28:16+00:00\" \/>\n<meta property=\"og:image\" content=\"https:\/\/super-news.info\/es\/wp-content\/uploads\/sites\/4\/2021\/07\/Asi-ha-sido-el-paso-de-Espana-en-Twitter-por.jpg\" \/>\n\t<meta property=\"og:image:width\" content=\"1200\" \/>\n\t<meta property=\"og:image:height\" content=\"675\" \/>\n\t<meta property=\"og:image:type\" content=\"image\/jpeg\" \/>\n<meta name=\"author\" content=\"super-news\" \/>\n<meta name=\"twitter:card\" content=\"summary_large_image\" \/>\n<meta name=\"twitter:label1\" content=\"Written by\" \/>\n\t<meta name=\"twitter:data1\" content=\"super-news\" \/>\n\t<meta name=\"twitter:label2\" content=\"Est. reading time\" \/>\n\t<meta name=\"twitter:data2\" content=\"3 minutes\" \/>\n<script type=\"application\/ld+json\" class=\"yoast-schema-graph\">{\"@context\":\"https:\\\/\\\/schema.org\",\"@graph\":[{\"@type\":\"Article\",\"@id\":\"https:\\\/\\\/super-news.info\\\/es\\\/asi-ha-sido-el-paso-de-espana-en-twitter-por-la-eurocopa-2020\\\/#article\",\"isPartOf\":{\"@id\":\"https:\\\/\\\/super-news.info\\\/es\\\/asi-ha-sido-el-paso-de-espana-en-twitter-por-la-eurocopa-2020\\\/\"},\"author\":{\"name\":\"super-news\",\"@id\":\"https:\\\/\\\/super-news.info\\\/es\\\/#\\\/schema\\\/person\\\/2d4068cb2f39cd10008c2fce578a7356\"},\"headline\":\"As\u00ed ha sido el paso de Espa\u00f1a en Twitter por la Eurocopa 2020\",\"datePublished\":\"2021-07-09T03:28:15+00:00\",\"dateModified\":\"2021-07-09T03:28:16+00:00\",\"mainEntityOfPage\":{\"@id\":\"https:\\\/\\\/super-news.info\\\/es\\\/asi-ha-sido-el-paso-de-espana-en-twitter-por-la-eurocopa-2020\\\/\"},\"wordCount\":563,\"commentCount\":0,\"image\":{\"@id\":\"https:\\\/\\\/super-news.info\\\/es\\\/asi-ha-sido-el-paso-de-espana-en-twitter-por-la-eurocopa-2020\\\/#primaryimage\"},\"thumbnailUrl\":\"https:\\\/\\\/super-news.info\\\/es\\\/wp-content\\\/uploads\\\/sites\\\/4\\\/2021\\\/07\\\/Asi-ha-sido-el-paso-de-Espana-en-Twitter-por.jpg\",\"articleSection\":[\"NOTICIAS DE MARKETING DIGITAL\"],\"inLanguage\":\"en-US\",\"potentialAction\":[{\"@type\":\"CommentAction\",\"name\":\"Comment\",\"target\":[\"https:\\\/\\\/super-news.info\\\/es\\\/asi-ha-sido-el-paso-de-espana-en-twitter-por-la-eurocopa-2020\\\/#respond\"]}]},{\"@type\":\"WebPage\",\"@id\":\"https:\\\/\\\/super-news.info\\\/es\\\/asi-ha-sido-el-paso-de-espana-en-twitter-por-la-eurocopa-2020\\\/\",\"url\":\"https:\\\/\\\/super-news.info\\\/es\\\/asi-ha-sido-el-paso-de-espana-en-twitter-por-la-eurocopa-2020\\\/\",\"name\":\"As\u00ed ha sido el paso de Espa\u00f1a en Twitter por la Eurocopa 2020 - Super News\",\"isPartOf\":{\"@id\":\"https:\\\/\\\/super-news.info\\\/es\\\/#website\"},\"primaryImageOfPage\":{\"@id\":\"https:\\\/\\\/super-news.info\\\/es\\\/asi-ha-sido-el-paso-de-espana-en-twitter-por-la-eurocopa-2020\\\/#primaryimage\"},\"image\":{\"@id\":\"https:\\\/\\\/super-news.info\\\/es\\\/asi-ha-sido-el-paso-de-espana-en-twitter-por-la-eurocopa-2020\\\/#primaryimage\"},\"thumbnailUrl\":\"https:\\\/\\\/super-news.info\\\/es\\\/wp-content\\\/uploads\\\/sites\\\/4\\\/2021\\\/07\\\/Asi-ha-sido-el-paso-de-Espana-en-Twitter-por.jpg\",\"datePublished\":\"2021-07-09T03:28:15+00:00\",\"dateModified\":\"2021-07-09T03:28:16+00:00\",\"author\":{\"@id\":\"https:\\\/\\\/super-news.info\\\/es\\\/#\\\/schema\\\/person\\\/2d4068cb2f39cd10008c2fce578a7356\"},\"breadcrumb\":{\"@id\":\"https:\\\/\\\/super-news.info\\\/es\\\/asi-ha-sido-el-paso-de-espana-en-twitter-por-la-eurocopa-2020\\\/#breadcrumb\"},\"inLanguage\":\"en-US\",\"potentialAction\":[{\"@type\":\"ReadAction\",\"target\":[\"https:\\\/\\\/super-news.info\\\/es\\\/asi-ha-sido-el-paso-de-espana-en-twitter-por-la-eurocopa-2020\\\/\"]}]},{\"@type\":\"ImageObject\",\"inLanguage\":\"en-US\",\"@id\":\"https:\\\/\\\/super-news.info\\\/es\\\/asi-ha-sido-el-paso-de-espana-en-twitter-por-la-eurocopa-2020\\\/#primaryimage\",\"url\":\"https:\\\/\\\/super-news.info\\\/es\\\/wp-content\\\/uploads\\\/sites\\\/4\\\/2021\\\/07\\\/Asi-ha-sido-el-paso-de-Espana-en-Twitter-por.jpg\",\"contentUrl\":\"https:\\\/\\\/super-news.info\\\/es\\\/wp-content\\\/uploads\\\/sites\\\/4\\\/2021\\\/07\\\/Asi-ha-sido-el-paso-de-Espana-en-Twitter-por.jpg\",\"width\":1200,\"height\":675,\"caption\":\"As\u00ed ha sido el paso de Espa\u00f1a en Twitter por la Eurocopa 2020\"},{\"@type\":\"BreadcrumbList\",\"@id\":\"https:\\\/\\\/super-news.info\\\/es\\\/asi-ha-sido-el-paso-de-espana-en-twitter-por-la-eurocopa-2020\\\/#breadcrumb\",\"itemListElement\":[{\"@type\":\"ListItem\",\"position\":1,\"name\":\"\u0413\u043b\u0430\u0432\u043d\u0430\u044f \u0441\u0442\u0440\u0430\u043d\u0438\u0446\u0430\",\"item\":\"https:\\\/\\\/super-news.info\\\/es\\\/\"},{\"@type\":\"ListItem\",\"position\":2,\"name\":\"As\u00ed ha sido el paso de Espa\u00f1a en Twitter por la Eurocopa 2020\"}]},{\"@type\":\"WebSite\",\"@id\":\"https:\\\/\\\/super-news.info\\\/es\\\/#website\",\"url\":\"https:\\\/\\\/super-news.info\\\/es\\\/\",\"name\":\"Super News\",\"description\":\"Super News Espa\u00f1a\",\"potentialAction\":[{\"@type\":\"SearchAction\",\"target\":{\"@type\":\"EntryPoint\",\"urlTemplate\":\"https:\\\/\\\/super-news.info\\\/es\\\/?s={search_term_string}\"},\"query-input\":{\"@type\":\"PropertyValueSpecification\",\"valueRequired\":true,\"valueName\":\"search_term_string\"}}],\"inLanguage\":\"en-US\"},{\"@type\":\"Person\",\"@id\":\"https:\\\/\\\/super-news.info\\\/es\\\/#\\\/schema\\\/person\\\/2d4068cb2f39cd10008c2fce578a7356\",\"name\":\"super-news\",\"image\":{\"@type\":\"ImageObject\",\"inLanguage\":\"en-US\",\"@id\":\"https:\\\/\\\/secure.gravatar.com\\\/avatar\\\/64ebac40b93f26a154f8a9b5b6fdccfc46f442b26b3dd6756dbff3bf9dc76fd7?s=96&d=mm&r=g\",\"url\":\"https:\\\/\\\/secure.gravatar.com\\\/avatar\\\/64ebac40b93f26a154f8a9b5b6fdccfc46f442b26b3dd6756dbff3bf9dc76fd7?s=96&d=mm&r=g\",\"contentUrl\":\"https:\\\/\\\/secure.gravatar.com\\\/avatar\\\/64ebac40b93f26a154f8a9b5b6fdccfc46f442b26b3dd6756dbff3bf9dc76fd7?s=96&d=mm&r=g\",\"caption\":\"super-news\"},\"url\":\"https:\\\/\\\/super-news.info\\\/es\\\/author\\\/pt\\\/\"}]}<\/script>\n<!-- \/ Yoast SEO plugin. -->","yoast_head_json":{"title":"As\u00ed ha sido el paso de Espa\u00f1a en Twitter por la Eurocopa 2020 - Super News","robots":{"index":"index","follow":"follow","max-snippet":"max-snippet:-1","max-image-preview":"max-image-preview:large","max-video-preview":"max-video-preview:-1"},"canonical":"https:\/\/super-news.info\/es\/asi-ha-sido-el-paso-de-espana-en-twitter-por-la-eurocopa-2020\/","og_locale":"en_US","og_type":"article","og_title":"As\u00ed ha sido el paso de Espa\u00f1a en Twitter por la Eurocopa 2020 - Super News","og_description":"Espa\u00f1a ha acaparado buena parte de la conversaci\u00f3n de la Eurocopa 2020 en Twitter, con cerca de siete millones de menciones. El paso de Espa\u00f1a por la Eurocopa 2020 ha finalizado, pero la conversaci\u00f3n sobre el tema ha sido candente en Twitter y continuar\u00e1 si\u00e9ndolo. Los penaltis ante Italia impidieron el pase de la Roja [&hellip;]","og_url":"https:\/\/super-news.info\/es\/asi-ha-sido-el-paso-de-espana-en-twitter-por-la-eurocopa-2020\/","og_site_name":"Super News","article_published_time":"2021-07-09T03:28:15+00:00","article_modified_time":"2021-07-09T03:28:16+00:00","og_image":[{"width":1200,"height":675,"url":"https:\/\/super-news.info\/es\/wp-content\/uploads\/sites\/4\/2021\/07\/Asi-ha-sido-el-paso-de-Espana-en-Twitter-por.jpg","type":"image\/jpeg"}],"author":"super-news","twitter_card":"summary_large_image","twitter_misc":{"Written by":"super-news","Est. reading time":"3 minutes"},"schema":{"@context":"https:\/\/schema.org","@graph":[{"@type":"Article","@id":"https:\/\/super-news.info\/es\/asi-ha-sido-el-paso-de-espana-en-twitter-por-la-eurocopa-2020\/#article","isPartOf":{"@id":"https:\/\/super-news.info\/es\/asi-ha-sido-el-paso-de-espana-en-twitter-por-la-eurocopa-2020\/"},"author":{"name":"super-news","@id":"https:\/\/super-news.info\/es\/#\/schema\/person\/2d4068cb2f39cd10008c2fce578a7356"},"headline":"As\u00ed ha sido el paso de Espa\u00f1a en Twitter por la Eurocopa 2020","datePublished":"2021-07-09T03:28:15+00:00","dateModified":"2021-07-09T03:28:16+00:00","mainEntityOfPage":{"@id":"https:\/\/super-news.info\/es\/asi-ha-sido-el-paso-de-espana-en-twitter-por-la-eurocopa-2020\/"},"wordCount":563,"commentCount":0,"image":{"@id":"https:\/\/super-news.info\/es\/asi-ha-sido-el-paso-de-espana-en-twitter-por-la-eurocopa-2020\/#primaryimage"},"thumbnailUrl":"https:\/\/super-news.info\/es\/wp-content\/uploads\/sites\/4\/2021\/07\/Asi-ha-sido-el-paso-de-Espana-en-Twitter-por.jpg","articleSection":["NOTICIAS DE MARKETING DIGITAL"],"inLanguage":"en-US","potentialAction":[{"@type":"CommentAction","name":"Comment","target":["https:\/\/super-news.info\/es\/asi-ha-sido-el-paso-de-espana-en-twitter-por-la-eurocopa-2020\/#respond"]}]},{"@type":"WebPage","@id":"https:\/\/super-news.info\/es\/asi-ha-sido-el-paso-de-espana-en-twitter-por-la-eurocopa-2020\/","url":"https:\/\/super-news.info\/es\/asi-ha-sido-el-paso-de-espana-en-twitter-por-la-eurocopa-2020\/","name":"As\u00ed ha sido el paso de Espa\u00f1a en Twitter por la Eurocopa 2020 - Super News","isPartOf":{"@id":"https:\/\/super-news.info\/es\/#website"},"primaryImageOfPage":{"@id":"https:\/\/super-news.info\/es\/asi-ha-sido-el-paso-de-espana-en-twitter-por-la-eurocopa-2020\/#primaryimage"},"image":{"@id":"https:\/\/super-news.info\/es\/asi-ha-sido-el-paso-de-espana-en-twitter-por-la-eurocopa-2020\/#primaryimage"},"thumbnailUrl":"https:\/\/super-news.info\/es\/wp-content\/uploads\/sites\/4\/2021\/07\/Asi-ha-sido-el-paso-de-Espana-en-Twitter-por.jpg","datePublished":"2021-07-09T03:28:15+00:00","dateModified":"2021-07-09T03:28:16+00:00","author":{"@id":"https:\/\/super-news.info\/es\/#\/schema\/person\/2d4068cb2f39cd10008c2fce578a7356"},"breadcrumb":{"@id":"https:\/\/super-news.info\/es\/asi-ha-sido-el-paso-de-espana-en-twitter-por-la-eurocopa-2020\/#breadcrumb"},"inLanguage":"en-US","potentialAction":[{"@type":"ReadAction","target":["https:\/\/super-news.info\/es\/asi-ha-sido-el-paso-de-espana-en-twitter-por-la-eurocopa-2020\/"]}]},{"@type":"ImageObject","inLanguage":"en-US","@id":"https:\/\/super-news.info\/es\/asi-ha-sido-el-paso-de-espana-en-twitter-por-la-eurocopa-2020\/#primaryimage","url":"https:\/\/super-news.info\/es\/wp-content\/uploads\/sites\/4\/2021\/07\/Asi-ha-sido-el-paso-de-Espana-en-Twitter-por.jpg","contentUrl":"https:\/\/super-news.info\/es\/wp-content\/uploads\/sites\/4\/2021\/07\/Asi-ha-sido-el-paso-de-Espana-en-Twitter-por.jpg","width":1200,"height":675,"caption":"As\u00ed ha sido el paso de Espa\u00f1a en Twitter por la Eurocopa 2020"},{"@type":"BreadcrumbList","@id":"https:\/\/super-news.info\/es\/asi-ha-sido-el-paso-de-espana-en-twitter-por-la-eurocopa-2020\/#breadcrumb","itemListElement":[{"@type":"ListItem","position":1,"name":"\u0413\u043b\u0430\u0432\u043d\u0430\u044f \u0441\u0442\u0440\u0430\u043d\u0438\u0446\u0430","item":"https:\/\/super-news.info\/es\/"},{"@type":"ListItem","position":2,"name":"As\u00ed ha sido el paso de Espa\u00f1a en Twitter por la Eurocopa 2020"}]},{"@type":"WebSite","@id":"https:\/\/super-news.info\/es\/#website","url":"https:\/\/super-news.info\/es\/","name":"Super News","description":"Super News Espa\u00f1a","potentialAction":[{"@type":"SearchAction","target":{"@type":"EntryPoint","urlTemplate":"https:\/\/super-news.info\/es\/?s={search_term_string}"},"query-input":{"@type":"PropertyValueSpecification","valueRequired":true,"valueName":"search_term_string"}}],"inLanguage":"en-US"},{"@type":"Person","@id":"https:\/\/super-news.info\/es\/#\/schema\/person\/2d4068cb2f39cd10008c2fce578a7356","name":"super-news","image":{"@type":"ImageObject","inLanguage":"en-US","@id":"https:\/\/secure.gravatar.com\/avatar\/64ebac40b93f26a154f8a9b5b6fdccfc46f442b26b3dd6756dbff3bf9dc76fd7?s=96&d=mm&r=g","url":"https:\/\/secure.gravatar.com\/avatar\/64ebac40b93f26a154f8a9b5b6fdccfc46f442b26b3dd6756dbff3bf9dc76fd7?s=96&d=mm&r=g","contentUrl":"https:\/\/secure.gravatar.com\/avatar\/64ebac40b93f26a154f8a9b5b6fdccfc46f442b26b3dd6756dbff3bf9dc76fd7?s=96&d=mm&r=g","caption":"super-news"},"url":"https:\/\/super-news.info\/es\/author\/pt\/"}]}},"_links":{"self":[{"href":"https:\/\/super-news.info\/es\/wp-json\/wp\/v2\/posts\/15279","targetHints":{"allow":["GET"]}}],"collection":[{"href":"https:\/\/super-news.info\/es\/wp-json\/wp\/v2\/posts"}],"about":[{"href":"https:\/\/super-news.info\/es\/wp-json\/wp\/v2\/types\/post"}],"author":[{"embeddable":true,"href":"https:\/\/super-news.info\/es\/wp-json\/wp\/v2\/users\/2"}],"replies":[{"embeddable":true,"href":"https:\/\/super-news.info\/es\/wp-json\/wp\/v2\/comments?post=15279"}],"version-history":[{"count":1,"href":"https:\/\/super-news.info\/es\/wp-json\/wp\/v2\/posts\/15279\/revisions"}],"predecessor-version":[{"id":15281,"href":"https:\/\/super-news.info\/es\/wp-json\/wp\/v2\/posts\/15279\/revisions\/15281"}],"wp:featuredmedia":[{"embeddable":true,"href":"https:\/\/super-news.info\/es\/wp-json\/wp\/v2\/media\/15280"}],"wp:attachment":[{"href":"https:\/\/super-news.info\/es\/wp-json\/wp\/v2\/media?parent=15279"}],"wp:term":[{"taxonomy":"category","embeddable":true,"href":"https:\/\/super-news.info\/es\/wp-json\/wp\/v2\/categories?post=15279"},{"taxonomy":"post_tag","embeddable":true,"href":"https:\/\/super-news.info\/es\/wp-json\/wp\/v2\/tags?post=15279"}],"curies":[{"name":"wp","href":"https:\/\/api.w.org\/{rel}","templated":true}]}}