{"id":15261,"date":"2021-07-07T18:23:54","date_gmt":"2021-07-07T15:23:54","guid":{"rendered":"https:\/\/super-news.info\/es\/las-cifras-de-las-rebajas-de-verano-2021-caen-frente-a-2020\/"},"modified":"2021-07-07T18:23:55","modified_gmt":"2021-07-07T15:23:55","slug":"las-cifras-de-las-rebajas-de-verano-2021-caen-frente-a-2020","status":"publish","type":"post","link":"https:\/\/super-news.info\/es\/las-cifras-de-las-rebajas-de-verano-2021-caen-frente-a-2020\/","title":{"rendered":"Las cifras de las rebajas de verano 2021 caen frente a 2020"},"content":{"rendered":"<p>Los datos de la campa\u00f1a de rebajas de verano de 2021 no son tan favorables como se preve\u00eda, dado el menor n\u00famero de restricciones.<br \/>\nLa llegada del verano es sin\u00f3nimo de la campa\u00f1a de rebajas a las tiendas. Siempre es una \u00e9poca determinante, pero este 2021 lo es todav\u00eda m\u00e1s porque es crucial para hacer frente a las p\u00e9rdidas ocasionadas por la pandemia.<br \/>\nNo obstante, de momento el balance de las primeras semanas no ha sido tan positivo como se esperaba. En un principio, la bajada de las restricciones sanitarias, tambi\u00e9n las de movilidad, apuntaba a que hubiera una mayor afluencia, pero parece que no est\u00e1 siendo de este modo.<br \/>\nSeg\u00fan un estudio elaborado por Tiendeo.com, ha habido una ca\u00edda generalizada de las visitas a tienda del 45% en toda Espa\u00f1a en comparaci\u00f3n con el mismo per\u00edodo de 2020. Lo ha elaborado a partir del an\u00e1lisis de las b\u00fasquedas de productos realizadas en su plataforma y el estudio de afluencia a los puntos de venta de sus usuarios.<br \/>\nAdem\u00e1s del tr\u00e1fico a los establecimientos, tambi\u00e9n se ha visto notablemente reducido el volumen de b\u00fasquedas de ofertas y rebajas, que se desploman hasta el 41%. Una bajada del 59% sorprendente teniendo en cuenta que durante las rebajas los consumidores buscan descubrir las mejores gangas o encontrar las ofertas con descuentos m\u00e1s atractivos.<br \/>\nLas categor\u00edas y productos con mayor demanda en las rebajas de verano 2021<br \/>\nNo todo son malas noticias. Ha habido dos categor\u00edas concretas que han registrado datos m\u00e1s positivos durante las primeras semanas de rebajas. Una de ellas ha sido moda, que ha ganado un 6% en volumen de b\u00fasquedas respecto al a\u00f1o anterior.<br \/>\nPor otro lado, el sector del deporte es el que m\u00e1s ha crecido. Para ser exactos, lo ha hecho en un 453%. Esta subida se puede deber a los nuevos h\u00e1bitos adquiridos a ra\u00edz de la pandemia. Esta hizo que mucha gente se replanteara retomar su costumbre de hacer ejercicio o empezar a hacerlo de cero, directamente. Aparte, con la llegada del verano son m\u00e1s las personas que se activan para ponerse en forma.<br \/>\nOtras categor\u00edas no han tenido tanta suerte, como jard\u00edn y bricolaje (-68%), hogar (-39%) y electr\u00f3nica (-32%). Los productos favoritos en este inicio de rebajas han sido los neum\u00e1ticos, que han ascendido en un 5041% y las maletas, que lo han hecho en un 955%.<br \/>\nCon un mayor margen de diferencia encontramos las lavadoras, con un 27%, y los smartphones, con un 34%. Estas cifras apuntan a que los espa\u00f1oles se preparan para unas incipientes vacaciones.<\/p>\n<p>No te pierdas nada de MarketingDirecto.com y \u00fanete a nuestro Telegram t.me\/MarketingDirecto<\/p>\n<p>\n<!--noindex--><br \/>\n<a href=\"https:\/\/www.marketingdirecto.com\/digital-general\/digital\/cifras-rebajas-verano\" rel=\"nofollow\">Source link <\/a><br \/>\n<!--\/noindex--><\/p>\n","protected":false},"excerpt":{"rendered":"<p>Los datos de la campa\u00f1a de rebajas de verano de 2021 no son tan favorables como se preve\u00eda, dado el menor n\u00famero de restricciones. La llegada del verano es sin\u00f3nimo de la campa\u00f1a de rebajas a las tiendas. Siempre es una \u00e9poca determinante, pero este 2021 lo es todav\u00eda m\u00e1s porque es crucial para hacer [&hellip;]<\/p>\n","protected":false},"author":2,"featured_media":15262,"comment_status":"open","ping_status":"open","sticky":false,"template":"","format":"standard","meta":{"footnotes":""},"categories":[2],"tags":[],"class_list":["post-15261","post","type-post","status-publish","format-standard","has-post-thumbnail","hentry","category-noticias-de-marketing-digital"],"yoast_head":"<!-- This site is optimized with the Yoast SEO plugin v27.4 - https:\/\/yoast.com\/product\/yoast-seo-wordpress\/ -->\n<title>Las cifras de las rebajas de verano 2021 caen frente a 2020 - Super News<\/title>\n<meta name=\"robots\" content=\"index, follow, max-snippet:-1, max-image-preview:large, max-video-preview:-1\" \/>\n<link rel=\"canonical\" href=\"https:\/\/super-news.info\/es\/las-cifras-de-las-rebajas-de-verano-2021-caen-frente-a-2020\/\" \/>\n<meta property=\"og:locale\" content=\"en_US\" \/>\n<meta property=\"og:type\" content=\"article\" \/>\n<meta property=\"og:title\" content=\"Las cifras de las rebajas de verano 2021 caen frente a 2020 - Super News\" \/>\n<meta property=\"og:description\" content=\"Los datos de la campa\u00f1a de rebajas de verano de 2021 no son tan favorables como se preve\u00eda, dado el menor n\u00famero de restricciones. La llegada del verano es sin\u00f3nimo de la campa\u00f1a de rebajas a las tiendas. Siempre es una \u00e9poca determinante, pero este 2021 lo es todav\u00eda m\u00e1s porque es crucial para hacer [&hellip;]\" \/>\n<meta property=\"og:url\" content=\"https:\/\/super-news.info\/es\/las-cifras-de-las-rebajas-de-verano-2021-caen-frente-a-2020\/\" \/>\n<meta property=\"og:site_name\" content=\"Super News\" \/>\n<meta property=\"article:published_time\" content=\"2021-07-07T15:23:54+00:00\" \/>\n<meta property=\"article:modified_time\" content=\"2021-07-07T15:23:55+00:00\" \/>\n<meta property=\"og:image\" content=\"https:\/\/super-news.info\/es\/wp-content\/uploads\/sites\/4\/2021\/07\/Las-cifras-de-las-rebajas-de-verano-2021-caen-frente.jpg\" \/>\n\t<meta property=\"og:image:width\" content=\"1200\" \/>\n\t<meta property=\"og:image:height\" content=\"675\" \/>\n\t<meta property=\"og:image:type\" content=\"image\/jpeg\" \/>\n<meta name=\"author\" content=\"super-news\" \/>\n<meta name=\"twitter:card\" content=\"summary_large_image\" \/>\n<meta name=\"twitter:label1\" content=\"Written by\" \/>\n\t<meta name=\"twitter:data1\" content=\"super-news\" \/>\n\t<meta name=\"twitter:label2\" content=\"Est. reading time\" \/>\n\t<meta name=\"twitter:data2\" content=\"2 minutes\" \/>\n<script type=\"application\/ld+json\" class=\"yoast-schema-graph\">{\"@context\":\"https:\\\/\\\/schema.org\",\"@graph\":[{\"@type\":\"Article\",\"@id\":\"https:\\\/\\\/super-news.info\\\/es\\\/las-cifras-de-las-rebajas-de-verano-2021-caen-frente-a-2020\\\/#article\",\"isPartOf\":{\"@id\":\"https:\\\/\\\/super-news.info\\\/es\\\/las-cifras-de-las-rebajas-de-verano-2021-caen-frente-a-2020\\\/\"},\"author\":{\"name\":\"super-news\",\"@id\":\"https:\\\/\\\/super-news.info\\\/es\\\/#\\\/schema\\\/person\\\/2d4068cb2f39cd10008c2fce578a7356\"},\"headline\":\"Las cifras de las rebajas de verano 2021 caen frente a 2020\",\"datePublished\":\"2021-07-07T15:23:54+00:00\",\"dateModified\":\"2021-07-07T15:23:55+00:00\",\"mainEntityOfPage\":{\"@id\":\"https:\\\/\\\/super-news.info\\\/es\\\/las-cifras-de-las-rebajas-de-verano-2021-caen-frente-a-2020\\\/\"},\"wordCount\":475,\"commentCount\":0,\"image\":{\"@id\":\"https:\\\/\\\/super-news.info\\\/es\\\/las-cifras-de-las-rebajas-de-verano-2021-caen-frente-a-2020\\\/#primaryimage\"},\"thumbnailUrl\":\"https:\\\/\\\/super-news.info\\\/es\\\/wp-content\\\/uploads\\\/sites\\\/4\\\/2021\\\/07\\\/Las-cifras-de-las-rebajas-de-verano-2021-caen-frente.jpg\",\"articleSection\":[\"NOTICIAS DE MARKETING DIGITAL\"],\"inLanguage\":\"en-US\",\"potentialAction\":[{\"@type\":\"CommentAction\",\"name\":\"Comment\",\"target\":[\"https:\\\/\\\/super-news.info\\\/es\\\/las-cifras-de-las-rebajas-de-verano-2021-caen-frente-a-2020\\\/#respond\"]}]},{\"@type\":\"WebPage\",\"@id\":\"https:\\\/\\\/super-news.info\\\/es\\\/las-cifras-de-las-rebajas-de-verano-2021-caen-frente-a-2020\\\/\",\"url\":\"https:\\\/\\\/super-news.info\\\/es\\\/las-cifras-de-las-rebajas-de-verano-2021-caen-frente-a-2020\\\/\",\"name\":\"Las cifras de las rebajas de verano 2021 caen frente a 2020 - Super News\",\"isPartOf\":{\"@id\":\"https:\\\/\\\/super-news.info\\\/es\\\/#website\"},\"primaryImageOfPage\":{\"@id\":\"https:\\\/\\\/super-news.info\\\/es\\\/las-cifras-de-las-rebajas-de-verano-2021-caen-frente-a-2020\\\/#primaryimage\"},\"image\":{\"@id\":\"https:\\\/\\\/super-news.info\\\/es\\\/las-cifras-de-las-rebajas-de-verano-2021-caen-frente-a-2020\\\/#primaryimage\"},\"thumbnailUrl\":\"https:\\\/\\\/super-news.info\\\/es\\\/wp-content\\\/uploads\\\/sites\\\/4\\\/2021\\\/07\\\/Las-cifras-de-las-rebajas-de-verano-2021-caen-frente.jpg\",\"datePublished\":\"2021-07-07T15:23:54+00:00\",\"dateModified\":\"2021-07-07T15:23:55+00:00\",\"author\":{\"@id\":\"https:\\\/\\\/super-news.info\\\/es\\\/#\\\/schema\\\/person\\\/2d4068cb2f39cd10008c2fce578a7356\"},\"breadcrumb\":{\"@id\":\"https:\\\/\\\/super-news.info\\\/es\\\/las-cifras-de-las-rebajas-de-verano-2021-caen-frente-a-2020\\\/#breadcrumb\"},\"inLanguage\":\"en-US\",\"potentialAction\":[{\"@type\":\"ReadAction\",\"target\":[\"https:\\\/\\\/super-news.info\\\/es\\\/las-cifras-de-las-rebajas-de-verano-2021-caen-frente-a-2020\\\/\"]}]},{\"@type\":\"ImageObject\",\"inLanguage\":\"en-US\",\"@id\":\"https:\\\/\\\/super-news.info\\\/es\\\/las-cifras-de-las-rebajas-de-verano-2021-caen-frente-a-2020\\\/#primaryimage\",\"url\":\"https:\\\/\\\/super-news.info\\\/es\\\/wp-content\\\/uploads\\\/sites\\\/4\\\/2021\\\/07\\\/Las-cifras-de-las-rebajas-de-verano-2021-caen-frente.jpg\",\"contentUrl\":\"https:\\\/\\\/super-news.info\\\/es\\\/wp-content\\\/uploads\\\/sites\\\/4\\\/2021\\\/07\\\/Las-cifras-de-las-rebajas-de-verano-2021-caen-frente.jpg\",\"width\":1200,\"height\":675,\"caption\":\"Las cifras de las rebajas de verano 2021 caen frente a 2020\"},{\"@type\":\"BreadcrumbList\",\"@id\":\"https:\\\/\\\/super-news.info\\\/es\\\/las-cifras-de-las-rebajas-de-verano-2021-caen-frente-a-2020\\\/#breadcrumb\",\"itemListElement\":[{\"@type\":\"ListItem\",\"position\":1,\"name\":\"\u0413\u043b\u0430\u0432\u043d\u0430\u044f \u0441\u0442\u0440\u0430\u043d\u0438\u0446\u0430\",\"item\":\"https:\\\/\\\/super-news.info\\\/es\\\/\"},{\"@type\":\"ListItem\",\"position\":2,\"name\":\"Las cifras de las rebajas de verano 2021 caen frente a 2020\"}]},{\"@type\":\"WebSite\",\"@id\":\"https:\\\/\\\/super-news.info\\\/es\\\/#website\",\"url\":\"https:\\\/\\\/super-news.info\\\/es\\\/\",\"name\":\"Super News\",\"description\":\"Super News Espa\u00f1a\",\"potentialAction\":[{\"@type\":\"SearchAction\",\"target\":{\"@type\":\"EntryPoint\",\"urlTemplate\":\"https:\\\/\\\/super-news.info\\\/es\\\/?s={search_term_string}\"},\"query-input\":{\"@type\":\"PropertyValueSpecification\",\"valueRequired\":true,\"valueName\":\"search_term_string\"}}],\"inLanguage\":\"en-US\"},{\"@type\":\"Person\",\"@id\":\"https:\\\/\\\/super-news.info\\\/es\\\/#\\\/schema\\\/person\\\/2d4068cb2f39cd10008c2fce578a7356\",\"name\":\"super-news\",\"image\":{\"@type\":\"ImageObject\",\"inLanguage\":\"en-US\",\"@id\":\"https:\\\/\\\/secure.gravatar.com\\\/avatar\\\/64ebac40b93f26a154f8a9b5b6fdccfc46f442b26b3dd6756dbff3bf9dc76fd7?s=96&d=mm&r=g\",\"url\":\"https:\\\/\\\/secure.gravatar.com\\\/avatar\\\/64ebac40b93f26a154f8a9b5b6fdccfc46f442b26b3dd6756dbff3bf9dc76fd7?s=96&d=mm&r=g\",\"contentUrl\":\"https:\\\/\\\/secure.gravatar.com\\\/avatar\\\/64ebac40b93f26a154f8a9b5b6fdccfc46f442b26b3dd6756dbff3bf9dc76fd7?s=96&d=mm&r=g\",\"caption\":\"super-news\"},\"url\":\"https:\\\/\\\/super-news.info\\\/es\\\/author\\\/pt\\\/\"}]}<\/script>\n<!-- \/ Yoast SEO plugin. -->","yoast_head_json":{"title":"Las cifras de las rebajas de verano 2021 caen frente a 2020 - Super News","robots":{"index":"index","follow":"follow","max-snippet":"max-snippet:-1","max-image-preview":"max-image-preview:large","max-video-preview":"max-video-preview:-1"},"canonical":"https:\/\/super-news.info\/es\/las-cifras-de-las-rebajas-de-verano-2021-caen-frente-a-2020\/","og_locale":"en_US","og_type":"article","og_title":"Las cifras de las rebajas de verano 2021 caen frente a 2020 - Super News","og_description":"Los datos de la campa\u00f1a de rebajas de verano de 2021 no son tan favorables como se preve\u00eda, dado el menor n\u00famero de restricciones. La llegada del verano es sin\u00f3nimo de la campa\u00f1a de rebajas a las tiendas. Siempre es una \u00e9poca determinante, pero este 2021 lo es todav\u00eda m\u00e1s porque es crucial para hacer [&hellip;]","og_url":"https:\/\/super-news.info\/es\/las-cifras-de-las-rebajas-de-verano-2021-caen-frente-a-2020\/","og_site_name":"Super News","article_published_time":"2021-07-07T15:23:54+00:00","article_modified_time":"2021-07-07T15:23:55+00:00","og_image":[{"width":1200,"height":675,"url":"https:\/\/super-news.info\/es\/wp-content\/uploads\/sites\/4\/2021\/07\/Las-cifras-de-las-rebajas-de-verano-2021-caen-frente.jpg","type":"image\/jpeg"}],"author":"super-news","twitter_card":"summary_large_image","twitter_misc":{"Written by":"super-news","Est. reading time":"2 minutes"},"schema":{"@context":"https:\/\/schema.org","@graph":[{"@type":"Article","@id":"https:\/\/super-news.info\/es\/las-cifras-de-las-rebajas-de-verano-2021-caen-frente-a-2020\/#article","isPartOf":{"@id":"https:\/\/super-news.info\/es\/las-cifras-de-las-rebajas-de-verano-2021-caen-frente-a-2020\/"},"author":{"name":"super-news","@id":"https:\/\/super-news.info\/es\/#\/schema\/person\/2d4068cb2f39cd10008c2fce578a7356"},"headline":"Las cifras de las rebajas de verano 2021 caen frente a 2020","datePublished":"2021-07-07T15:23:54+00:00","dateModified":"2021-07-07T15:23:55+00:00","mainEntityOfPage":{"@id":"https:\/\/super-news.info\/es\/las-cifras-de-las-rebajas-de-verano-2021-caen-frente-a-2020\/"},"wordCount":475,"commentCount":0,"image":{"@id":"https:\/\/super-news.info\/es\/las-cifras-de-las-rebajas-de-verano-2021-caen-frente-a-2020\/#primaryimage"},"thumbnailUrl":"https:\/\/super-news.info\/es\/wp-content\/uploads\/sites\/4\/2021\/07\/Las-cifras-de-las-rebajas-de-verano-2021-caen-frente.jpg","articleSection":["NOTICIAS DE MARKETING DIGITAL"],"inLanguage":"en-US","potentialAction":[{"@type":"CommentAction","name":"Comment","target":["https:\/\/super-news.info\/es\/las-cifras-de-las-rebajas-de-verano-2021-caen-frente-a-2020\/#respond"]}]},{"@type":"WebPage","@id":"https:\/\/super-news.info\/es\/las-cifras-de-las-rebajas-de-verano-2021-caen-frente-a-2020\/","url":"https:\/\/super-news.info\/es\/las-cifras-de-las-rebajas-de-verano-2021-caen-frente-a-2020\/","name":"Las cifras de las rebajas de verano 2021 caen frente a 2020 - Super News","isPartOf":{"@id":"https:\/\/super-news.info\/es\/#website"},"primaryImageOfPage":{"@id":"https:\/\/super-news.info\/es\/las-cifras-de-las-rebajas-de-verano-2021-caen-frente-a-2020\/#primaryimage"},"image":{"@id":"https:\/\/super-news.info\/es\/las-cifras-de-las-rebajas-de-verano-2021-caen-frente-a-2020\/#primaryimage"},"thumbnailUrl":"https:\/\/super-news.info\/es\/wp-content\/uploads\/sites\/4\/2021\/07\/Las-cifras-de-las-rebajas-de-verano-2021-caen-frente.jpg","datePublished":"2021-07-07T15:23:54+00:00","dateModified":"2021-07-07T15:23:55+00:00","author":{"@id":"https:\/\/super-news.info\/es\/#\/schema\/person\/2d4068cb2f39cd10008c2fce578a7356"},"breadcrumb":{"@id":"https:\/\/super-news.info\/es\/las-cifras-de-las-rebajas-de-verano-2021-caen-frente-a-2020\/#breadcrumb"},"inLanguage":"en-US","potentialAction":[{"@type":"ReadAction","target":["https:\/\/super-news.info\/es\/las-cifras-de-las-rebajas-de-verano-2021-caen-frente-a-2020\/"]}]},{"@type":"ImageObject","inLanguage":"en-US","@id":"https:\/\/super-news.info\/es\/las-cifras-de-las-rebajas-de-verano-2021-caen-frente-a-2020\/#primaryimage","url":"https:\/\/super-news.info\/es\/wp-content\/uploads\/sites\/4\/2021\/07\/Las-cifras-de-las-rebajas-de-verano-2021-caen-frente.jpg","contentUrl":"https:\/\/super-news.info\/es\/wp-content\/uploads\/sites\/4\/2021\/07\/Las-cifras-de-las-rebajas-de-verano-2021-caen-frente.jpg","width":1200,"height":675,"caption":"Las cifras de las rebajas de verano 2021 caen frente a 2020"},{"@type":"BreadcrumbList","@id":"https:\/\/super-news.info\/es\/las-cifras-de-las-rebajas-de-verano-2021-caen-frente-a-2020\/#breadcrumb","itemListElement":[{"@type":"ListItem","position":1,"name":"\u0413\u043b\u0430\u0432\u043d\u0430\u044f \u0441\u0442\u0440\u0430\u043d\u0438\u0446\u0430","item":"https:\/\/super-news.info\/es\/"},{"@type":"ListItem","position":2,"name":"Las cifras de las rebajas de verano 2021 caen frente a 2020"}]},{"@type":"WebSite","@id":"https:\/\/super-news.info\/es\/#website","url":"https:\/\/super-news.info\/es\/","name":"Super News","description":"Super News Espa\u00f1a","potentialAction":[{"@type":"SearchAction","target":{"@type":"EntryPoint","urlTemplate":"https:\/\/super-news.info\/es\/?s={search_term_string}"},"query-input":{"@type":"PropertyValueSpecification","valueRequired":true,"valueName":"search_term_string"}}],"inLanguage":"en-US"},{"@type":"Person","@id":"https:\/\/super-news.info\/es\/#\/schema\/person\/2d4068cb2f39cd10008c2fce578a7356","name":"super-news","image":{"@type":"ImageObject","inLanguage":"en-US","@id":"https:\/\/secure.gravatar.com\/avatar\/64ebac40b93f26a154f8a9b5b6fdccfc46f442b26b3dd6756dbff3bf9dc76fd7?s=96&d=mm&r=g","url":"https:\/\/secure.gravatar.com\/avatar\/64ebac40b93f26a154f8a9b5b6fdccfc46f442b26b3dd6756dbff3bf9dc76fd7?s=96&d=mm&r=g","contentUrl":"https:\/\/secure.gravatar.com\/avatar\/64ebac40b93f26a154f8a9b5b6fdccfc46f442b26b3dd6756dbff3bf9dc76fd7?s=96&d=mm&r=g","caption":"super-news"},"url":"https:\/\/super-news.info\/es\/author\/pt\/"}]}},"_links":{"self":[{"href":"https:\/\/super-news.info\/es\/wp-json\/wp\/v2\/posts\/15261","targetHints":{"allow":["GET"]}}],"collection":[{"href":"https:\/\/super-news.info\/es\/wp-json\/wp\/v2\/posts"}],"about":[{"href":"https:\/\/super-news.info\/es\/wp-json\/wp\/v2\/types\/post"}],"author":[{"embeddable":true,"href":"https:\/\/super-news.info\/es\/wp-json\/wp\/v2\/users\/2"}],"replies":[{"embeddable":true,"href":"https:\/\/super-news.info\/es\/wp-json\/wp\/v2\/comments?post=15261"}],"version-history":[{"count":1,"href":"https:\/\/super-news.info\/es\/wp-json\/wp\/v2\/posts\/15261\/revisions"}],"predecessor-version":[{"id":15263,"href":"https:\/\/super-news.info\/es\/wp-json\/wp\/v2\/posts\/15261\/revisions\/15263"}],"wp:featuredmedia":[{"embeddable":true,"href":"https:\/\/super-news.info\/es\/wp-json\/wp\/v2\/media\/15262"}],"wp:attachment":[{"href":"https:\/\/super-news.info\/es\/wp-json\/wp\/v2\/media?parent=15261"}],"wp:term":[{"taxonomy":"category","embeddable":true,"href":"https:\/\/super-news.info\/es\/wp-json\/wp\/v2\/categories?post=15261"},{"taxonomy":"post_tag","embeddable":true,"href":"https:\/\/super-news.info\/es\/wp-json\/wp\/v2\/tags?post=15261"}],"curies":[{"name":"wp","href":"https:\/\/api.w.org\/{rel}","templated":true}]}}