{"id":15246,"date":"2021-07-06T18:15:27","date_gmt":"2021-07-06T15:15:27","guid":{"rendered":"https:\/\/super-news.info\/es\/el-nuevo-reglamento-europeo-de-vigilancia-del-mercado-entrara-en-vigor-el-16-de-julio\/"},"modified":"2021-07-06T18:15:27","modified_gmt":"2021-07-06T15:15:27","slug":"el-nuevo-reglamento-europeo-de-vigilancia-del-mercado-entrara-en-vigor-el-16-de-julio","status":"publish","type":"post","link":"https:\/\/super-news.info\/es\/el-nuevo-reglamento-europeo-de-vigilancia-del-mercado-entrara-en-vigor-el-16-de-julio\/","title":{"rendered":"El nuevo Reglamento Europeo de vigilancia del mercado entrar\u00e1 en vigor el 16 de julio"},"content":{"rendered":"<p>\nMADRID, 6 Jul. (EUROPA PRESS) &#8211;<br \/>\n   El nuevo Reglamento Europeo (UE) 2019\/1020 relativo a la vigilancia del mercado y la conformidad de productos, que tiene como principal objetivo reforzar los mecanismos de control mediante la colaboraci\u00f3n p\u00fablico-privada entre las autoridades de vigilancia de mercado con los operadores econ\u00f3micos en todos los pa\u00edses de la Uni\u00f3n Europa, entrar\u00e1 en vigor el pr\u00f3ximo 16 de julio.<br \/>\n   Se trata de un \u00e1mbito bajo la competencia de las Administraciones P\u00fablicas que la nueva regulaci\u00f3n comunitaria pretender reforzar a trav\u00e9s de la cooperaci\u00f3n.<br \/>\n   As\u00ed se ha revelado en el Encuentro online Vigilancia de Mercado. Entrada en vigor del Reglamento Europeo (UE) 2019\/1020, que ha organizado hoy la Asociaci\u00f3n Espa\u00f1ola de Normalizaci\u00f3n, UNE, en el que expertos de Administraciones P\u00fablicas y sectores econ\u00f3micos espa\u00f1oles han valorado muy positivamente la nueva reglamentaci\u00f3n.<br \/>\n   Adem\u00e1s, han subrayado la necesidad de cumplir con las normas t\u00e9cnicas y la legislaci\u00f3n para evitar la comercializaci\u00f3n de productos y servicios inseguros, que provocan un grave perjuicio a la econom\u00eda y a los consumidores y suponen una competencia desleal para las empresas que s\u00ed cumplen.<br \/>\n   El cumplimiento de las normas t\u00e9cnicas tiene numerosos beneficios; entre ellos, proporciona credibilidad en los mercados, impulsa la actividad industrial y supone una garant\u00eda para los consumidores, seg\u00fan se pone de manifiesto en el reciente documento publicado por UNE Observatorio Vigilancia de Mercado.<br \/>\n   Adem\u00e1s, el nuevo reglamento europeo tiene como objetivo proporcionar un nivel elevado de protecci\u00f3n de intereses p\u00fablicos, como la salud y la seguridad en general, la protecci\u00f3n de los consumidores y del medio ambiente, la seguridad p\u00fablica y la protecci\u00f3n de cualquier otro inter\u00e9s p\u00fablico.<br \/>\n   Para fortalecer la colaboraci\u00f3n p\u00fablico-privada, UNE ha puesto en marcha el Observatorio de Vigilancia de Mercado, que ya est\u00e1 integrado por m\u00e1s de 30 relevantes organizaciones empresariales espa\u00f1olas y el Ministerio de Consumo, el Ministerio de Industria, Comercio y Turismo y el Ministerio de Asuntos Econ\u00f3micos y Transformaci\u00f3n Digital. El OVM es una oportunidad de establecer bases de colaboraci\u00f3n entre empresas, autoridades y responsables de vigilancia del mercado basada en la confianza mutua y con un objetivo com\u00fan.<br \/>\n   La apertura del Encuentro la ha realizado Javier Garc\u00eda, director general de UNE. El evento se ha articulado en dos mesas redondas, presentadas por Paloma Garc\u00eda, directora de normalizaci\u00f3n y grupos de inter\u00e9s de UNE.<br \/>\n   Dando la visi\u00f3n de las Administraciones P\u00fablicas, han participado la directora general de Consumo del Ministerio de Consumo, Bibiana Medialdea; el jefe de Seguridad Industrial del Ministerio de Industria, Comercio y Turismo, Jos\u00e9 Antonio Delgado-Echag\u00fce; Nelson Castro, de la Direcci\u00f3n General de Consumo; Ana Acero, subdirectora de la Direcci\u00f3n General de Consumo; Bel\u00e9n Alonso, coordinadora Nacional de Normalizaci\u00f3n, Certificaci\u00f3n y Evaluaci\u00f3n de la Conformidad de Soivre- Mincotur.<br \/>\n   Tambi\u00e9n han estado los representantes de la Secretar\u00eda de Estado de Telecomunicaciones e Infraestructuras Digitales (Seteleco) del Ministerio de Asuntos Econ\u00f3micos y Transformaci\u00f3n Digital (MINECO) y Jorge I\u00f1esta, subdirector general de Industria e Inspecci\u00f3n de la Direcci\u00f3n General de Promoci\u00f3n Econ\u00f3mica e Industrial de la Consejer\u00eda de Econom\u00eda, Hacienda y Empleo de la Comunidad de Madrid.<br \/>\n   La mesa redonda con la visi\u00f3n de la industria ha sido moderada por Alfredo Berges, presidente del Observatorio de Vigilancia de Mercado y vicepresidente de UNE, y han participado Cristina Mir\u00f3, secretaria t\u00e9cnica de la Asociaci\u00f3n Espa\u00f1ola de Fabricantes de Juguetes (AEFJ); Jose Luis D\u00edez, secretario general de la Asociaci\u00f3n Espa\u00f1ola de Fabricantes de Pinturas y Tinta de Imprimir (Asefapi) y \u00d3scar Querol, director del Departamento T\u00e9cnico de la Asociaci\u00f3n de Fabricantes de Material El\u00e9ctrico (AFME).<br \/>\n<br \/>\n<!--noindex--><br \/>\n<a href=\"https:\/\/www.europapress.es\/economia\/legal-00345\/noticia-nuevo-reglamento-europeo-vigilancia-mercado-entrara-vigor-16-julio-20210706161823.html\" rel=\"nofollow\">Source link <\/a><br \/>\n<!--\/noindex--><\/p>\n","protected":false},"excerpt":{"rendered":"<p>MADRID, 6 Jul. (EUROPA PRESS) &#8211; El nuevo Reglamento Europeo (UE) 2019\/1020 relativo a la vigilancia del mercado y la conformidad de productos, que tiene como principal objetivo reforzar los mecanismos de control mediante la colaboraci\u00f3n p\u00fablico-privada entre las autoridades de vigilancia de mercado con los operadores econ\u00f3micos en todos los pa\u00edses de la Uni\u00f3n [&hellip;]<\/p>\n","protected":false},"author":2,"featured_media":15247,"comment_status":"open","ping_status":"open","sticky":false,"template":"","format":"standard","meta":{"footnotes":""},"categories":[1],"tags":[],"class_list":["post-15246","post","type-post","status-publish","format-standard","has-post-thumbnail","hentry","category-noticias-financieras"],"yoast_head":"<!-- This site is optimized with the Yoast SEO plugin v27.4 - https:\/\/yoast.com\/product\/yoast-seo-wordpress\/ -->\n<title>El nuevo Reglamento Europeo de vigilancia del mercado entrar\u00e1 en vigor el 16 de julio - Super News<\/title>\n<meta name=\"robots\" content=\"index, follow, max-snippet:-1, max-image-preview:large, max-video-preview:-1\" \/>\n<link rel=\"canonical\" href=\"https:\/\/super-news.info\/es\/el-nuevo-reglamento-europeo-de-vigilancia-del-mercado-entrara-en-vigor-el-16-de-julio\/\" \/>\n<meta property=\"og:locale\" content=\"en_US\" \/>\n<meta property=\"og:type\" content=\"article\" \/>\n<meta property=\"og:title\" content=\"El nuevo Reglamento Europeo de vigilancia del mercado entrar\u00e1 en vigor el 16 de julio - Super News\" \/>\n<meta property=\"og:description\" content=\"MADRID, 6 Jul. (EUROPA PRESS) &#8211; El nuevo Reglamento Europeo (UE) 2019\/1020 relativo a la vigilancia del mercado y la conformidad de productos, que tiene como principal objetivo reforzar los mecanismos de control mediante la colaboraci\u00f3n p\u00fablico-privada entre las autoridades de vigilancia de mercado con los operadores econ\u00f3micos en todos los pa\u00edses de la Uni\u00f3n [&hellip;]\" \/>\n<meta property=\"og:url\" content=\"https:\/\/super-news.info\/es\/el-nuevo-reglamento-europeo-de-vigilancia-del-mercado-entrara-en-vigor-el-16-de-julio\/\" \/>\n<meta property=\"og:site_name\" content=\"Super News\" \/>\n<meta property=\"article:published_time\" content=\"2021-07-06T15:15:27+00:00\" \/>\n<meta property=\"og:image\" content=\"https:\/\/super-news.info\/es\/wp-content\/uploads\/sites\/4\/2021\/07\/El-nuevo-Reglamento-Europeo-de-vigilancia-del-mercado-entrara-en.jpg\" \/>\n\t<meta property=\"og:image:width\" content=\"120\" \/>\n\t<meta property=\"og:image:height\" content=\"93\" \/>\n\t<meta property=\"og:image:type\" content=\"image\/jpeg\" \/>\n<meta name=\"author\" content=\"super-news\" \/>\n<meta name=\"twitter:card\" content=\"summary_large_image\" \/>\n<meta name=\"twitter:label1\" content=\"Written by\" \/>\n\t<meta name=\"twitter:data1\" content=\"super-news\" \/>\n\t<meta name=\"twitter:label2\" content=\"Est. reading time\" \/>\n\t<meta name=\"twitter:data2\" content=\"3 minutes\" \/>\n<script type=\"application\/ld+json\" class=\"yoast-schema-graph\">{\"@context\":\"https:\\\/\\\/schema.org\",\"@graph\":[{\"@type\":\"Article\",\"@id\":\"https:\\\/\\\/super-news.info\\\/es\\\/el-nuevo-reglamento-europeo-de-vigilancia-del-mercado-entrara-en-vigor-el-16-de-julio\\\/#article\",\"isPartOf\":{\"@id\":\"https:\\\/\\\/super-news.info\\\/es\\\/el-nuevo-reglamento-europeo-de-vigilancia-del-mercado-entrara-en-vigor-el-16-de-julio\\\/\"},\"author\":{\"name\":\"super-news\",\"@id\":\"https:\\\/\\\/super-news.info\\\/es\\\/#\\\/schema\\\/person\\\/2d4068cb2f39cd10008c2fce578a7356\"},\"headline\":\"El nuevo Reglamento Europeo de vigilancia del mercado entrar\u00e1 en vigor el 16 de julio\",\"datePublished\":\"2021-07-06T15:15:27+00:00\",\"mainEntityOfPage\":{\"@id\":\"https:\\\/\\\/super-news.info\\\/es\\\/el-nuevo-reglamento-europeo-de-vigilancia-del-mercado-entrara-en-vigor-el-16-de-julio\\\/\"},\"wordCount\":667,\"commentCount\":0,\"image\":{\"@id\":\"https:\\\/\\\/super-news.info\\\/es\\\/el-nuevo-reglamento-europeo-de-vigilancia-del-mercado-entrara-en-vigor-el-16-de-julio\\\/#primaryimage\"},\"thumbnailUrl\":\"https:\\\/\\\/super-news.info\\\/es\\\/wp-content\\\/uploads\\\/sites\\\/4\\\/2021\\\/07\\\/El-nuevo-Reglamento-Europeo-de-vigilancia-del-mercado-entrara-en.jpg\",\"articleSection\":[\"NOTICIAS FINANCIERAS\"],\"inLanguage\":\"en-US\",\"potentialAction\":[{\"@type\":\"CommentAction\",\"name\":\"Comment\",\"target\":[\"https:\\\/\\\/super-news.info\\\/es\\\/el-nuevo-reglamento-europeo-de-vigilancia-del-mercado-entrara-en-vigor-el-16-de-julio\\\/#respond\"]}]},{\"@type\":\"WebPage\",\"@id\":\"https:\\\/\\\/super-news.info\\\/es\\\/el-nuevo-reglamento-europeo-de-vigilancia-del-mercado-entrara-en-vigor-el-16-de-julio\\\/\",\"url\":\"https:\\\/\\\/super-news.info\\\/es\\\/el-nuevo-reglamento-europeo-de-vigilancia-del-mercado-entrara-en-vigor-el-16-de-julio\\\/\",\"name\":\"El nuevo Reglamento Europeo de vigilancia del mercado entrar\u00e1 en vigor el 16 de julio - Super News\",\"isPartOf\":{\"@id\":\"https:\\\/\\\/super-news.info\\\/es\\\/#website\"},\"primaryImageOfPage\":{\"@id\":\"https:\\\/\\\/super-news.info\\\/es\\\/el-nuevo-reglamento-europeo-de-vigilancia-del-mercado-entrara-en-vigor-el-16-de-julio\\\/#primaryimage\"},\"image\":{\"@id\":\"https:\\\/\\\/super-news.info\\\/es\\\/el-nuevo-reglamento-europeo-de-vigilancia-del-mercado-entrara-en-vigor-el-16-de-julio\\\/#primaryimage\"},\"thumbnailUrl\":\"https:\\\/\\\/super-news.info\\\/es\\\/wp-content\\\/uploads\\\/sites\\\/4\\\/2021\\\/07\\\/El-nuevo-Reglamento-Europeo-de-vigilancia-del-mercado-entrara-en.jpg\",\"datePublished\":\"2021-07-06T15:15:27+00:00\",\"author\":{\"@id\":\"https:\\\/\\\/super-news.info\\\/es\\\/#\\\/schema\\\/person\\\/2d4068cb2f39cd10008c2fce578a7356\"},\"breadcrumb\":{\"@id\":\"https:\\\/\\\/super-news.info\\\/es\\\/el-nuevo-reglamento-europeo-de-vigilancia-del-mercado-entrara-en-vigor-el-16-de-julio\\\/#breadcrumb\"},\"inLanguage\":\"en-US\",\"potentialAction\":[{\"@type\":\"ReadAction\",\"target\":[\"https:\\\/\\\/super-news.info\\\/es\\\/el-nuevo-reglamento-europeo-de-vigilancia-del-mercado-entrara-en-vigor-el-16-de-julio\\\/\"]}]},{\"@type\":\"ImageObject\",\"inLanguage\":\"en-US\",\"@id\":\"https:\\\/\\\/super-news.info\\\/es\\\/el-nuevo-reglamento-europeo-de-vigilancia-del-mercado-entrara-en-vigor-el-16-de-julio\\\/#primaryimage\",\"url\":\"https:\\\/\\\/super-news.info\\\/es\\\/wp-content\\\/uploads\\\/sites\\\/4\\\/2021\\\/07\\\/El-nuevo-Reglamento-Europeo-de-vigilancia-del-mercado-entrara-en.jpg\",\"contentUrl\":\"https:\\\/\\\/super-news.info\\\/es\\\/wp-content\\\/uploads\\\/sites\\\/4\\\/2021\\\/07\\\/El-nuevo-Reglamento-Europeo-de-vigilancia-del-mercado-entrara-en.jpg\",\"width\":120,\"height\":93,\"caption\":\"El nuevo Reglamento Europeo de vigilancia del mercado entrar\u00e1 en vigor el 16 de julio\"},{\"@type\":\"BreadcrumbList\",\"@id\":\"https:\\\/\\\/super-news.info\\\/es\\\/el-nuevo-reglamento-europeo-de-vigilancia-del-mercado-entrara-en-vigor-el-16-de-julio\\\/#breadcrumb\",\"itemListElement\":[{\"@type\":\"ListItem\",\"position\":1,\"name\":\"\u0413\u043b\u0430\u0432\u043d\u0430\u044f \u0441\u0442\u0440\u0430\u043d\u0438\u0446\u0430\",\"item\":\"https:\\\/\\\/super-news.info\\\/es\\\/\"},{\"@type\":\"ListItem\",\"position\":2,\"name\":\"El nuevo Reglamento Europeo de vigilancia del mercado entrar\u00e1 en vigor el 16 de julio\"}]},{\"@type\":\"WebSite\",\"@id\":\"https:\\\/\\\/super-news.info\\\/es\\\/#website\",\"url\":\"https:\\\/\\\/super-news.info\\\/es\\\/\",\"name\":\"Super News\",\"description\":\"Super News Espa\u00f1a\",\"potentialAction\":[{\"@type\":\"SearchAction\",\"target\":{\"@type\":\"EntryPoint\",\"urlTemplate\":\"https:\\\/\\\/super-news.info\\\/es\\\/?s={search_term_string}\"},\"query-input\":{\"@type\":\"PropertyValueSpecification\",\"valueRequired\":true,\"valueName\":\"search_term_string\"}}],\"inLanguage\":\"en-US\"},{\"@type\":\"Person\",\"@id\":\"https:\\\/\\\/super-news.info\\\/es\\\/#\\\/schema\\\/person\\\/2d4068cb2f39cd10008c2fce578a7356\",\"name\":\"super-news\",\"image\":{\"@type\":\"ImageObject\",\"inLanguage\":\"en-US\",\"@id\":\"https:\\\/\\\/secure.gravatar.com\\\/avatar\\\/64ebac40b93f26a154f8a9b5b6fdccfc46f442b26b3dd6756dbff3bf9dc76fd7?s=96&d=mm&r=g\",\"url\":\"https:\\\/\\\/secure.gravatar.com\\\/avatar\\\/64ebac40b93f26a154f8a9b5b6fdccfc46f442b26b3dd6756dbff3bf9dc76fd7?s=96&d=mm&r=g\",\"contentUrl\":\"https:\\\/\\\/secure.gravatar.com\\\/avatar\\\/64ebac40b93f26a154f8a9b5b6fdccfc46f442b26b3dd6756dbff3bf9dc76fd7?s=96&d=mm&r=g\",\"caption\":\"super-news\"},\"url\":\"https:\\\/\\\/super-news.info\\\/es\\\/author\\\/pt\\\/\"}]}<\/script>\n<!-- \/ Yoast SEO plugin. -->","yoast_head_json":{"title":"El nuevo Reglamento Europeo de vigilancia del mercado entrar\u00e1 en vigor el 16 de julio - Super News","robots":{"index":"index","follow":"follow","max-snippet":"max-snippet:-1","max-image-preview":"max-image-preview:large","max-video-preview":"max-video-preview:-1"},"canonical":"https:\/\/super-news.info\/es\/el-nuevo-reglamento-europeo-de-vigilancia-del-mercado-entrara-en-vigor-el-16-de-julio\/","og_locale":"en_US","og_type":"article","og_title":"El nuevo Reglamento Europeo de vigilancia del mercado entrar\u00e1 en vigor el 16 de julio - Super News","og_description":"MADRID, 6 Jul. (EUROPA PRESS) &#8211; El nuevo Reglamento Europeo (UE) 2019\/1020 relativo a la vigilancia del mercado y la conformidad de productos, que tiene como principal objetivo reforzar los mecanismos de control mediante la colaboraci\u00f3n p\u00fablico-privada entre las autoridades de vigilancia de mercado con los operadores econ\u00f3micos en todos los pa\u00edses de la Uni\u00f3n [&hellip;]","og_url":"https:\/\/super-news.info\/es\/el-nuevo-reglamento-europeo-de-vigilancia-del-mercado-entrara-en-vigor-el-16-de-julio\/","og_site_name":"Super News","article_published_time":"2021-07-06T15:15:27+00:00","og_image":[{"width":120,"height":93,"url":"https:\/\/super-news.info\/es\/wp-content\/uploads\/sites\/4\/2021\/07\/El-nuevo-Reglamento-Europeo-de-vigilancia-del-mercado-entrara-en.jpg","type":"image\/jpeg"}],"author":"super-news","twitter_card":"summary_large_image","twitter_misc":{"Written by":"super-news","Est. reading time":"3 minutes"},"schema":{"@context":"https:\/\/schema.org","@graph":[{"@type":"Article","@id":"https:\/\/super-news.info\/es\/el-nuevo-reglamento-europeo-de-vigilancia-del-mercado-entrara-en-vigor-el-16-de-julio\/#article","isPartOf":{"@id":"https:\/\/super-news.info\/es\/el-nuevo-reglamento-europeo-de-vigilancia-del-mercado-entrara-en-vigor-el-16-de-julio\/"},"author":{"name":"super-news","@id":"https:\/\/super-news.info\/es\/#\/schema\/person\/2d4068cb2f39cd10008c2fce578a7356"},"headline":"El nuevo Reglamento Europeo de vigilancia del mercado entrar\u00e1 en vigor el 16 de julio","datePublished":"2021-07-06T15:15:27+00:00","mainEntityOfPage":{"@id":"https:\/\/super-news.info\/es\/el-nuevo-reglamento-europeo-de-vigilancia-del-mercado-entrara-en-vigor-el-16-de-julio\/"},"wordCount":667,"commentCount":0,"image":{"@id":"https:\/\/super-news.info\/es\/el-nuevo-reglamento-europeo-de-vigilancia-del-mercado-entrara-en-vigor-el-16-de-julio\/#primaryimage"},"thumbnailUrl":"https:\/\/super-news.info\/es\/wp-content\/uploads\/sites\/4\/2021\/07\/El-nuevo-Reglamento-Europeo-de-vigilancia-del-mercado-entrara-en.jpg","articleSection":["NOTICIAS FINANCIERAS"],"inLanguage":"en-US","potentialAction":[{"@type":"CommentAction","name":"Comment","target":["https:\/\/super-news.info\/es\/el-nuevo-reglamento-europeo-de-vigilancia-del-mercado-entrara-en-vigor-el-16-de-julio\/#respond"]}]},{"@type":"WebPage","@id":"https:\/\/super-news.info\/es\/el-nuevo-reglamento-europeo-de-vigilancia-del-mercado-entrara-en-vigor-el-16-de-julio\/","url":"https:\/\/super-news.info\/es\/el-nuevo-reglamento-europeo-de-vigilancia-del-mercado-entrara-en-vigor-el-16-de-julio\/","name":"El nuevo Reglamento Europeo de vigilancia del mercado entrar\u00e1 en vigor el 16 de julio - Super News","isPartOf":{"@id":"https:\/\/super-news.info\/es\/#website"},"primaryImageOfPage":{"@id":"https:\/\/super-news.info\/es\/el-nuevo-reglamento-europeo-de-vigilancia-del-mercado-entrara-en-vigor-el-16-de-julio\/#primaryimage"},"image":{"@id":"https:\/\/super-news.info\/es\/el-nuevo-reglamento-europeo-de-vigilancia-del-mercado-entrara-en-vigor-el-16-de-julio\/#primaryimage"},"thumbnailUrl":"https:\/\/super-news.info\/es\/wp-content\/uploads\/sites\/4\/2021\/07\/El-nuevo-Reglamento-Europeo-de-vigilancia-del-mercado-entrara-en.jpg","datePublished":"2021-07-06T15:15:27+00:00","author":{"@id":"https:\/\/super-news.info\/es\/#\/schema\/person\/2d4068cb2f39cd10008c2fce578a7356"},"breadcrumb":{"@id":"https:\/\/super-news.info\/es\/el-nuevo-reglamento-europeo-de-vigilancia-del-mercado-entrara-en-vigor-el-16-de-julio\/#breadcrumb"},"inLanguage":"en-US","potentialAction":[{"@type":"ReadAction","target":["https:\/\/super-news.info\/es\/el-nuevo-reglamento-europeo-de-vigilancia-del-mercado-entrara-en-vigor-el-16-de-julio\/"]}]},{"@type":"ImageObject","inLanguage":"en-US","@id":"https:\/\/super-news.info\/es\/el-nuevo-reglamento-europeo-de-vigilancia-del-mercado-entrara-en-vigor-el-16-de-julio\/#primaryimage","url":"https:\/\/super-news.info\/es\/wp-content\/uploads\/sites\/4\/2021\/07\/El-nuevo-Reglamento-Europeo-de-vigilancia-del-mercado-entrara-en.jpg","contentUrl":"https:\/\/super-news.info\/es\/wp-content\/uploads\/sites\/4\/2021\/07\/El-nuevo-Reglamento-Europeo-de-vigilancia-del-mercado-entrara-en.jpg","width":120,"height":93,"caption":"El nuevo Reglamento Europeo de vigilancia del mercado entrar\u00e1 en vigor el 16 de julio"},{"@type":"BreadcrumbList","@id":"https:\/\/super-news.info\/es\/el-nuevo-reglamento-europeo-de-vigilancia-del-mercado-entrara-en-vigor-el-16-de-julio\/#breadcrumb","itemListElement":[{"@type":"ListItem","position":1,"name":"\u0413\u043b\u0430\u0432\u043d\u0430\u044f \u0441\u0442\u0440\u0430\u043d\u0438\u0446\u0430","item":"https:\/\/super-news.info\/es\/"},{"@type":"ListItem","position":2,"name":"El nuevo Reglamento Europeo de vigilancia del mercado entrar\u00e1 en vigor el 16 de julio"}]},{"@type":"WebSite","@id":"https:\/\/super-news.info\/es\/#website","url":"https:\/\/super-news.info\/es\/","name":"Super News","description":"Super News Espa\u00f1a","potentialAction":[{"@type":"SearchAction","target":{"@type":"EntryPoint","urlTemplate":"https:\/\/super-news.info\/es\/?s={search_term_string}"},"query-input":{"@type":"PropertyValueSpecification","valueRequired":true,"valueName":"search_term_string"}}],"inLanguage":"en-US"},{"@type":"Person","@id":"https:\/\/super-news.info\/es\/#\/schema\/person\/2d4068cb2f39cd10008c2fce578a7356","name":"super-news","image":{"@type":"ImageObject","inLanguage":"en-US","@id":"https:\/\/secure.gravatar.com\/avatar\/64ebac40b93f26a154f8a9b5b6fdccfc46f442b26b3dd6756dbff3bf9dc76fd7?s=96&d=mm&r=g","url":"https:\/\/secure.gravatar.com\/avatar\/64ebac40b93f26a154f8a9b5b6fdccfc46f442b26b3dd6756dbff3bf9dc76fd7?s=96&d=mm&r=g","contentUrl":"https:\/\/secure.gravatar.com\/avatar\/64ebac40b93f26a154f8a9b5b6fdccfc46f442b26b3dd6756dbff3bf9dc76fd7?s=96&d=mm&r=g","caption":"super-news"},"url":"https:\/\/super-news.info\/es\/author\/pt\/"}]}},"_links":{"self":[{"href":"https:\/\/super-news.info\/es\/wp-json\/wp\/v2\/posts\/15246","targetHints":{"allow":["GET"]}}],"collection":[{"href":"https:\/\/super-news.info\/es\/wp-json\/wp\/v2\/posts"}],"about":[{"href":"https:\/\/super-news.info\/es\/wp-json\/wp\/v2\/types\/post"}],"author":[{"embeddable":true,"href":"https:\/\/super-news.info\/es\/wp-json\/wp\/v2\/users\/2"}],"replies":[{"embeddable":true,"href":"https:\/\/super-news.info\/es\/wp-json\/wp\/v2\/comments?post=15246"}],"version-history":[{"count":1,"href":"https:\/\/super-news.info\/es\/wp-json\/wp\/v2\/posts\/15246\/revisions"}],"predecessor-version":[{"id":15248,"href":"https:\/\/super-news.info\/es\/wp-json\/wp\/v2\/posts\/15246\/revisions\/15248"}],"wp:featuredmedia":[{"embeddable":true,"href":"https:\/\/super-news.info\/es\/wp-json\/wp\/v2\/media\/15247"}],"wp:attachment":[{"href":"https:\/\/super-news.info\/es\/wp-json\/wp\/v2\/media?parent=15246"}],"wp:term":[{"taxonomy":"category","embeddable":true,"href":"https:\/\/super-news.info\/es\/wp-json\/wp\/v2\/categories?post=15246"},{"taxonomy":"post_tag","embeddable":true,"href":"https:\/\/super-news.info\/es\/wp-json\/wp\/v2\/tags?post=15246"}],"curies":[{"name":"wp","href":"https:\/\/api.w.org\/{rel}","templated":true}]}}