{"id":15219,"date":"2021-07-04T06:14:23","date_gmt":"2021-07-04T03:14:23","guid":{"rendered":"https:\/\/super-news.info\/es\/tony-roma-s-celebra-el-dia-de-la-independencia-americana\/"},"modified":"2021-07-04T06:14:25","modified_gmt":"2021-07-04T03:14:25","slug":"tony-roma-s-celebra-el-dia-de-la-independencia-americana","status":"publish","type":"post","link":"https:\/\/super-news.info\/es\/tony-roma-s-celebra-el-dia-de-la-independencia-americana\/","title":{"rendered":"Tony Roma\u00b4s celebra el D\u00eda de la Independencia Americana"},"content":{"rendered":"<p>Una celebraci\u00f3n por todo lo alto que podr\u00e1 disfrutarse en todos los establecimientos, tanto en sala como en sus terrazas, con las m\u00e1ximas garant\u00edas de seguridad y calidad para todos.<br \/>\nTony Roma\u2019s, cadena de restauraci\u00f3n tematizada 100% americana del grupo Avanza Food, se une un a\u00f1o m\u00e1s a la celebraci\u00f3n de \u00a0la Fiesta Nacional de Estados Unidos, para ofrecer a sus clientes una aut\u00e9ntica experiencia gastron\u00f3mica a todos los niveles.<br \/>\nPara ello, la marca, que puede presumir de ser la primera cadena con procedencia y ADN 100% americanos en abrir sus puertas en Espa\u00f1a hace m\u00e1s de 25 a\u00f1os, ha lanzado su nuevo \u201cCombo 4 de julio\u201d,formado por algunas de sus recetas m\u00e1s representativas, con todo el sabor a las tradicionales parrillas americanas, todo un s\u00edmbolo de esta fecha en EE.UU.<br \/>\nSe trata de un Combo especial para compartir, formado por un entrante a elegir entre sus famosos\u00a0\u201cOnion Loaf\u201d, \u201cPotato Skins\u201d, \u201cChicken Nugets\u201d, o \u201cEnsalada Santa Fe\u201d, elaborada con pechuga de pollo rebozada, trocitos de bacon, tomate cherry asado, queso cheddar y su inimitable salsa de mostaza dulce.<br \/>\nAsimismo, incluye dos platos principales a elegir entre medio costillar de sus World-Famous costillas \u201cBaby Back\u201d, su jugoso \u201cBBQ Chicken\u201d o sus deliciosas hamburguesas \u201cBaby Back Ribs Burger\u201d, \u00a0\u201cOriginal Roma Burger\u201d y \u201cThe 1972\u2019s Original N. Miami Half Pound Burger\u201d. Finalmente, incluye tambi\u00e9n bebida a elegir entre refresco, ca\u00f1a doble, agua o copa de vino y terminar\u00e1 con su \u201cSkillet Cookie Sundae\u201d, sin duda su postre m\u00e1s emblem\u00e1tico, y todo un s\u00edmbolo de la gastronom\u00eda americana. Todo ello a un precio de 15.95\u20ac por persona.<br \/>\nUna celebraci\u00f3n por todo lo alto que podr\u00e1 disfrutarse en los establecimientos de Tony Roma\u2019s desde el 28 de junio hasta el 4 de julio, tanto en sala como en sus terrazas, con las m\u00e1ximas garant\u00edas de seguridad y calidad para todos.<br \/>\nTony Roma\u00b4s, una leyenda en la restauraci\u00f3n americana<br \/>\nHablar de Tony Roma\u2019s es hablar de las mejores costillas del mundo. Una marca que puede presumir de una procedencia y un ADN 100% americanos, pionera en la elaboraci\u00f3n de las costillas Baby Back a nivel mundial. La cadena, nacida en 1972 en Miami, est\u00e1 presente en 26 pa\u00edses, con fuerte implantaci\u00f3n en Estados Unidos, Canad\u00e1, Europa, Asia y Caribe.<br \/>\nTony Roma\u2019s lleg\u00f3 a Espa\u00f1a en 1994, y fue la primera marca tematizada 100% americana en abrir sus puertas, con su restaurante en la calle G\u00e9nova de Madrid, trayendo as\u00ed un concepto de negocio \u00fanico.<br \/>\nDesde entonces, durante estos m\u00e1s de 25 a\u00f1os, ha ofrecido la mejor experiencia gastron\u00f3mica a todos los niveles, donde poder disfrutar de sus famosas costillas, las m\u00e1s tiernas y las m\u00e1s sabrosas, as\u00ed como de sus nachos, aros de cebolla, hamburguesas y carnes a la parrilla, o su famosa cookie, que se han consolidado como grandes referentes de la restauraci\u00f3n tem\u00e1tica americana en Espa\u00f1a.<br \/>\nEn marzo de 2018, Avanza Food anunci\u00f3 un acuerdo con Romacorp, para la adquisici\u00f3n de la Masterfranquicia de Tony Roma\u2019s en Espa\u00f1a, Francia, Portugal y Andorra. Desde entonces, se ha convertido en una de las marcas m\u00e1s s\u00f3lidas, m\u00e1s rentables y con mayor potencial de crecimiento en el sector de la restauraci\u00f3n organizada de nuestro pa\u00eds, y en una de las ense\u00f1as de referencia de todo el portfolio de Avanza Food.<br \/>\nEn diciembre de 2020, el grupo dio un paso m\u00e1s, convirti\u00e9ndose en el propietario de la marca en dichos mercados, lo que le permitir\u00e1 tener una total autonom\u00eda y flexibilidad para hacer crecer una marca tan estrat\u00e9gica, tanto a nivel nacional como internacional.<br \/>\nAvanza Food, un gran grupo de restauraci\u00f3n:<br \/>\nEl grupo Avanza Food, participado por el fondo Abac Solutions, es una de las principales plataformas mutimarca de restauraci\u00f3n que operan en nuestro pa\u00eds.<br \/>\nLa compa\u00f1\u00eda cuenta actualmente con m\u00e1s de 400 establecimientos, con marcas de reconocido prestigio tanto a nivel nacional como internacional, entre las que destacan Carl\u2019s Jr., Tony Roma\u2019s, Tommy Mel\u2019s, La Chelinda, Cervecer\u00eda Gambrinus, Official Irish Pub y Cervecer\u00eda Cruz Blanca.<br \/>\nNota de Prensa. <\/p>\n<p>No te pierdas nada de MarketingDirecto.com y \u00fanete a nuestro Telegram t.me\/MarketingDirecto<\/p>\n<p>\n<!--noindex--><br \/>\n<a href=\"https:\/\/www.marketingdirecto.com\/marketing-general\/publicidad\/tony-romas-celebra-dia-independencia-americana\" rel=\"nofollow\">Source link <\/a><br \/>\n<!--\/noindex--><\/p>\n","protected":false},"excerpt":{"rendered":"<p>Una celebraci\u00f3n por todo lo alto que podr\u00e1 disfrutarse en todos los establecimientos, tanto en sala como en sus terrazas, con las m\u00e1ximas garant\u00edas de seguridad y calidad para todos. Tony Roma\u2019s, cadena de restauraci\u00f3n tematizada 100% americana del grupo Avanza Food, se une un a\u00f1o m\u00e1s a la celebraci\u00f3n de \u00a0la Fiesta Nacional de [&hellip;]<\/p>\n","protected":false},"author":2,"featured_media":15220,"comment_status":"open","ping_status":"open","sticky":false,"template":"","format":"standard","meta":{"footnotes":""},"categories":[2],"tags":[],"class_list":["post-15219","post","type-post","status-publish","format-standard","has-post-thumbnail","hentry","category-noticias-de-marketing-digital"],"yoast_head":"<!-- This site is optimized with the Yoast SEO plugin v27.4 - https:\/\/yoast.com\/product\/yoast-seo-wordpress\/ -->\n<title>Tony Roma\u00b4s celebra el D\u00eda de la Independencia Americana - Super News<\/title>\n<meta name=\"robots\" content=\"index, follow, max-snippet:-1, max-image-preview:large, max-video-preview:-1\" \/>\n<link rel=\"canonical\" href=\"https:\/\/super-news.info\/es\/tony-roma-s-celebra-el-dia-de-la-independencia-americana\/\" \/>\n<meta property=\"og:locale\" content=\"en_US\" \/>\n<meta property=\"og:type\" content=\"article\" \/>\n<meta property=\"og:title\" content=\"Tony Roma\u00b4s celebra el D\u00eda de la Independencia Americana - Super News\" \/>\n<meta property=\"og:description\" content=\"Una celebraci\u00f3n por todo lo alto que podr\u00e1 disfrutarse en todos los establecimientos, tanto en sala como en sus terrazas, con las m\u00e1ximas garant\u00edas de seguridad y calidad para todos. Tony Roma\u2019s, cadena de restauraci\u00f3n tematizada 100% americana del grupo Avanza Food, se une un a\u00f1o m\u00e1s a la celebraci\u00f3n de \u00a0la Fiesta Nacional de [&hellip;]\" \/>\n<meta property=\"og:url\" content=\"https:\/\/super-news.info\/es\/tony-roma-s-celebra-el-dia-de-la-independencia-americana\/\" \/>\n<meta property=\"og:site_name\" content=\"Super News\" \/>\n<meta property=\"article:published_time\" content=\"2021-07-04T03:14:23+00:00\" \/>\n<meta property=\"article:modified_time\" content=\"2021-07-04T03:14:25+00:00\" \/>\n<meta property=\"og:image\" content=\"https:\/\/super-news.info\/es\/wp-content\/uploads\/sites\/4\/2021\/07\/Tony-Roma-s-celebra-el-Dia-de-la-Independencia-Americana.jpg\" \/>\n\t<meta property=\"og:image:width\" content=\"1200\" \/>\n\t<meta property=\"og:image:height\" content=\"675\" \/>\n\t<meta property=\"og:image:type\" content=\"image\/jpeg\" \/>\n<meta name=\"author\" content=\"super-news\" \/>\n<meta name=\"twitter:card\" content=\"summary_large_image\" \/>\n<meta name=\"twitter:label1\" content=\"Written by\" \/>\n\t<meta name=\"twitter:data1\" content=\"super-news\" \/>\n\t<meta name=\"twitter:label2\" content=\"Est. reading time\" \/>\n\t<meta name=\"twitter:data2\" content=\"4 minutes\" \/>\n<script type=\"application\/ld+json\" class=\"yoast-schema-graph\">{\"@context\":\"https:\\\/\\\/schema.org\",\"@graph\":[{\"@type\":\"Article\",\"@id\":\"https:\\\/\\\/super-news.info\\\/es\\\/tony-roma-s-celebra-el-dia-de-la-independencia-americana\\\/#article\",\"isPartOf\":{\"@id\":\"https:\\\/\\\/super-news.info\\\/es\\\/tony-roma-s-celebra-el-dia-de-la-independencia-americana\\\/\"},\"author\":{\"name\":\"super-news\",\"@id\":\"https:\\\/\\\/super-news.info\\\/es\\\/#\\\/schema\\\/person\\\/2d4068cb2f39cd10008c2fce578a7356\"},\"headline\":\"Tony Roma\u00b4s celebra el D\u00eda de la Independencia Americana\",\"datePublished\":\"2021-07-04T03:14:23+00:00\",\"dateModified\":\"2021-07-04T03:14:25+00:00\",\"mainEntityOfPage\":{\"@id\":\"https:\\\/\\\/super-news.info\\\/es\\\/tony-roma-s-celebra-el-dia-de-la-independencia-americana\\\/\"},\"wordCount\":741,\"commentCount\":0,\"image\":{\"@id\":\"https:\\\/\\\/super-news.info\\\/es\\\/tony-roma-s-celebra-el-dia-de-la-independencia-americana\\\/#primaryimage\"},\"thumbnailUrl\":\"https:\\\/\\\/super-news.info\\\/es\\\/wp-content\\\/uploads\\\/sites\\\/4\\\/2021\\\/07\\\/Tony-Roma-s-celebra-el-Dia-de-la-Independencia-Americana.jpg\",\"articleSection\":[\"NOTICIAS DE MARKETING DIGITAL\"],\"inLanguage\":\"en-US\",\"potentialAction\":[{\"@type\":\"CommentAction\",\"name\":\"Comment\",\"target\":[\"https:\\\/\\\/super-news.info\\\/es\\\/tony-roma-s-celebra-el-dia-de-la-independencia-americana\\\/#respond\"]}]},{\"@type\":\"WebPage\",\"@id\":\"https:\\\/\\\/super-news.info\\\/es\\\/tony-roma-s-celebra-el-dia-de-la-independencia-americana\\\/\",\"url\":\"https:\\\/\\\/super-news.info\\\/es\\\/tony-roma-s-celebra-el-dia-de-la-independencia-americana\\\/\",\"name\":\"Tony Roma\u00b4s celebra el D\u00eda de la Independencia Americana - Super News\",\"isPartOf\":{\"@id\":\"https:\\\/\\\/super-news.info\\\/es\\\/#website\"},\"primaryImageOfPage\":{\"@id\":\"https:\\\/\\\/super-news.info\\\/es\\\/tony-roma-s-celebra-el-dia-de-la-independencia-americana\\\/#primaryimage\"},\"image\":{\"@id\":\"https:\\\/\\\/super-news.info\\\/es\\\/tony-roma-s-celebra-el-dia-de-la-independencia-americana\\\/#primaryimage\"},\"thumbnailUrl\":\"https:\\\/\\\/super-news.info\\\/es\\\/wp-content\\\/uploads\\\/sites\\\/4\\\/2021\\\/07\\\/Tony-Roma-s-celebra-el-Dia-de-la-Independencia-Americana.jpg\",\"datePublished\":\"2021-07-04T03:14:23+00:00\",\"dateModified\":\"2021-07-04T03:14:25+00:00\",\"author\":{\"@id\":\"https:\\\/\\\/super-news.info\\\/es\\\/#\\\/schema\\\/person\\\/2d4068cb2f39cd10008c2fce578a7356\"},\"breadcrumb\":{\"@id\":\"https:\\\/\\\/super-news.info\\\/es\\\/tony-roma-s-celebra-el-dia-de-la-independencia-americana\\\/#breadcrumb\"},\"inLanguage\":\"en-US\",\"potentialAction\":[{\"@type\":\"ReadAction\",\"target\":[\"https:\\\/\\\/super-news.info\\\/es\\\/tony-roma-s-celebra-el-dia-de-la-independencia-americana\\\/\"]}]},{\"@type\":\"ImageObject\",\"inLanguage\":\"en-US\",\"@id\":\"https:\\\/\\\/super-news.info\\\/es\\\/tony-roma-s-celebra-el-dia-de-la-independencia-americana\\\/#primaryimage\",\"url\":\"https:\\\/\\\/super-news.info\\\/es\\\/wp-content\\\/uploads\\\/sites\\\/4\\\/2021\\\/07\\\/Tony-Roma-s-celebra-el-Dia-de-la-Independencia-Americana.jpg\",\"contentUrl\":\"https:\\\/\\\/super-news.info\\\/es\\\/wp-content\\\/uploads\\\/sites\\\/4\\\/2021\\\/07\\\/Tony-Roma-s-celebra-el-Dia-de-la-Independencia-Americana.jpg\",\"width\":1200,\"height\":675,\"caption\":\"Tony Roma\u00b4s celebra el D\u00eda de la Independencia Americana\"},{\"@type\":\"BreadcrumbList\",\"@id\":\"https:\\\/\\\/super-news.info\\\/es\\\/tony-roma-s-celebra-el-dia-de-la-independencia-americana\\\/#breadcrumb\",\"itemListElement\":[{\"@type\":\"ListItem\",\"position\":1,\"name\":\"\u0413\u043b\u0430\u0432\u043d\u0430\u044f \u0441\u0442\u0440\u0430\u043d\u0438\u0446\u0430\",\"item\":\"https:\\\/\\\/super-news.info\\\/es\\\/\"},{\"@type\":\"ListItem\",\"position\":2,\"name\":\"Tony Roma\u00b4s celebra el D\u00eda de la Independencia Americana\"}]},{\"@type\":\"WebSite\",\"@id\":\"https:\\\/\\\/super-news.info\\\/es\\\/#website\",\"url\":\"https:\\\/\\\/super-news.info\\\/es\\\/\",\"name\":\"Super News\",\"description\":\"Super News Espa\u00f1a\",\"potentialAction\":[{\"@type\":\"SearchAction\",\"target\":{\"@type\":\"EntryPoint\",\"urlTemplate\":\"https:\\\/\\\/super-news.info\\\/es\\\/?s={search_term_string}\"},\"query-input\":{\"@type\":\"PropertyValueSpecification\",\"valueRequired\":true,\"valueName\":\"search_term_string\"}}],\"inLanguage\":\"en-US\"},{\"@type\":\"Person\",\"@id\":\"https:\\\/\\\/super-news.info\\\/es\\\/#\\\/schema\\\/person\\\/2d4068cb2f39cd10008c2fce578a7356\",\"name\":\"super-news\",\"image\":{\"@type\":\"ImageObject\",\"inLanguage\":\"en-US\",\"@id\":\"https:\\\/\\\/secure.gravatar.com\\\/avatar\\\/64ebac40b93f26a154f8a9b5b6fdccfc46f442b26b3dd6756dbff3bf9dc76fd7?s=96&d=mm&r=g\",\"url\":\"https:\\\/\\\/secure.gravatar.com\\\/avatar\\\/64ebac40b93f26a154f8a9b5b6fdccfc46f442b26b3dd6756dbff3bf9dc76fd7?s=96&d=mm&r=g\",\"contentUrl\":\"https:\\\/\\\/secure.gravatar.com\\\/avatar\\\/64ebac40b93f26a154f8a9b5b6fdccfc46f442b26b3dd6756dbff3bf9dc76fd7?s=96&d=mm&r=g\",\"caption\":\"super-news\"},\"url\":\"https:\\\/\\\/super-news.info\\\/es\\\/author\\\/pt\\\/\"}]}<\/script>\n<!-- \/ Yoast SEO plugin. -->","yoast_head_json":{"title":"Tony Roma\u00b4s celebra el D\u00eda de la Independencia Americana - Super News","robots":{"index":"index","follow":"follow","max-snippet":"max-snippet:-1","max-image-preview":"max-image-preview:large","max-video-preview":"max-video-preview:-1"},"canonical":"https:\/\/super-news.info\/es\/tony-roma-s-celebra-el-dia-de-la-independencia-americana\/","og_locale":"en_US","og_type":"article","og_title":"Tony Roma\u00b4s celebra el D\u00eda de la Independencia Americana - Super News","og_description":"Una celebraci\u00f3n por todo lo alto que podr\u00e1 disfrutarse en todos los establecimientos, tanto en sala como en sus terrazas, con las m\u00e1ximas garant\u00edas de seguridad y calidad para todos. Tony Roma\u2019s, cadena de restauraci\u00f3n tematizada 100% americana del grupo Avanza Food, se une un a\u00f1o m\u00e1s a la celebraci\u00f3n de \u00a0la Fiesta Nacional de [&hellip;]","og_url":"https:\/\/super-news.info\/es\/tony-roma-s-celebra-el-dia-de-la-independencia-americana\/","og_site_name":"Super News","article_published_time":"2021-07-04T03:14:23+00:00","article_modified_time":"2021-07-04T03:14:25+00:00","og_image":[{"width":1200,"height":675,"url":"https:\/\/super-news.info\/es\/wp-content\/uploads\/sites\/4\/2021\/07\/Tony-Roma-s-celebra-el-Dia-de-la-Independencia-Americana.jpg","type":"image\/jpeg"}],"author":"super-news","twitter_card":"summary_large_image","twitter_misc":{"Written by":"super-news","Est. reading time":"4 minutes"},"schema":{"@context":"https:\/\/schema.org","@graph":[{"@type":"Article","@id":"https:\/\/super-news.info\/es\/tony-roma-s-celebra-el-dia-de-la-independencia-americana\/#article","isPartOf":{"@id":"https:\/\/super-news.info\/es\/tony-roma-s-celebra-el-dia-de-la-independencia-americana\/"},"author":{"name":"super-news","@id":"https:\/\/super-news.info\/es\/#\/schema\/person\/2d4068cb2f39cd10008c2fce578a7356"},"headline":"Tony Roma\u00b4s celebra el D\u00eda de la Independencia Americana","datePublished":"2021-07-04T03:14:23+00:00","dateModified":"2021-07-04T03:14:25+00:00","mainEntityOfPage":{"@id":"https:\/\/super-news.info\/es\/tony-roma-s-celebra-el-dia-de-la-independencia-americana\/"},"wordCount":741,"commentCount":0,"image":{"@id":"https:\/\/super-news.info\/es\/tony-roma-s-celebra-el-dia-de-la-independencia-americana\/#primaryimage"},"thumbnailUrl":"https:\/\/super-news.info\/es\/wp-content\/uploads\/sites\/4\/2021\/07\/Tony-Roma-s-celebra-el-Dia-de-la-Independencia-Americana.jpg","articleSection":["NOTICIAS DE MARKETING DIGITAL"],"inLanguage":"en-US","potentialAction":[{"@type":"CommentAction","name":"Comment","target":["https:\/\/super-news.info\/es\/tony-roma-s-celebra-el-dia-de-la-independencia-americana\/#respond"]}]},{"@type":"WebPage","@id":"https:\/\/super-news.info\/es\/tony-roma-s-celebra-el-dia-de-la-independencia-americana\/","url":"https:\/\/super-news.info\/es\/tony-roma-s-celebra-el-dia-de-la-independencia-americana\/","name":"Tony Roma\u00b4s celebra el D\u00eda de la Independencia Americana - Super News","isPartOf":{"@id":"https:\/\/super-news.info\/es\/#website"},"primaryImageOfPage":{"@id":"https:\/\/super-news.info\/es\/tony-roma-s-celebra-el-dia-de-la-independencia-americana\/#primaryimage"},"image":{"@id":"https:\/\/super-news.info\/es\/tony-roma-s-celebra-el-dia-de-la-independencia-americana\/#primaryimage"},"thumbnailUrl":"https:\/\/super-news.info\/es\/wp-content\/uploads\/sites\/4\/2021\/07\/Tony-Roma-s-celebra-el-Dia-de-la-Independencia-Americana.jpg","datePublished":"2021-07-04T03:14:23+00:00","dateModified":"2021-07-04T03:14:25+00:00","author":{"@id":"https:\/\/super-news.info\/es\/#\/schema\/person\/2d4068cb2f39cd10008c2fce578a7356"},"breadcrumb":{"@id":"https:\/\/super-news.info\/es\/tony-roma-s-celebra-el-dia-de-la-independencia-americana\/#breadcrumb"},"inLanguage":"en-US","potentialAction":[{"@type":"ReadAction","target":["https:\/\/super-news.info\/es\/tony-roma-s-celebra-el-dia-de-la-independencia-americana\/"]}]},{"@type":"ImageObject","inLanguage":"en-US","@id":"https:\/\/super-news.info\/es\/tony-roma-s-celebra-el-dia-de-la-independencia-americana\/#primaryimage","url":"https:\/\/super-news.info\/es\/wp-content\/uploads\/sites\/4\/2021\/07\/Tony-Roma-s-celebra-el-Dia-de-la-Independencia-Americana.jpg","contentUrl":"https:\/\/super-news.info\/es\/wp-content\/uploads\/sites\/4\/2021\/07\/Tony-Roma-s-celebra-el-Dia-de-la-Independencia-Americana.jpg","width":1200,"height":675,"caption":"Tony Roma\u00b4s celebra el D\u00eda de la Independencia Americana"},{"@type":"BreadcrumbList","@id":"https:\/\/super-news.info\/es\/tony-roma-s-celebra-el-dia-de-la-independencia-americana\/#breadcrumb","itemListElement":[{"@type":"ListItem","position":1,"name":"\u0413\u043b\u0430\u0432\u043d\u0430\u044f \u0441\u0442\u0440\u0430\u043d\u0438\u0446\u0430","item":"https:\/\/super-news.info\/es\/"},{"@type":"ListItem","position":2,"name":"Tony Roma\u00b4s celebra el D\u00eda de la Independencia Americana"}]},{"@type":"WebSite","@id":"https:\/\/super-news.info\/es\/#website","url":"https:\/\/super-news.info\/es\/","name":"Super News","description":"Super News Espa\u00f1a","potentialAction":[{"@type":"SearchAction","target":{"@type":"EntryPoint","urlTemplate":"https:\/\/super-news.info\/es\/?s={search_term_string}"},"query-input":{"@type":"PropertyValueSpecification","valueRequired":true,"valueName":"search_term_string"}}],"inLanguage":"en-US"},{"@type":"Person","@id":"https:\/\/super-news.info\/es\/#\/schema\/person\/2d4068cb2f39cd10008c2fce578a7356","name":"super-news","image":{"@type":"ImageObject","inLanguage":"en-US","@id":"https:\/\/secure.gravatar.com\/avatar\/64ebac40b93f26a154f8a9b5b6fdccfc46f442b26b3dd6756dbff3bf9dc76fd7?s=96&d=mm&r=g","url":"https:\/\/secure.gravatar.com\/avatar\/64ebac40b93f26a154f8a9b5b6fdccfc46f442b26b3dd6756dbff3bf9dc76fd7?s=96&d=mm&r=g","contentUrl":"https:\/\/secure.gravatar.com\/avatar\/64ebac40b93f26a154f8a9b5b6fdccfc46f442b26b3dd6756dbff3bf9dc76fd7?s=96&d=mm&r=g","caption":"super-news"},"url":"https:\/\/super-news.info\/es\/author\/pt\/"}]}},"_links":{"self":[{"href":"https:\/\/super-news.info\/es\/wp-json\/wp\/v2\/posts\/15219","targetHints":{"allow":["GET"]}}],"collection":[{"href":"https:\/\/super-news.info\/es\/wp-json\/wp\/v2\/posts"}],"about":[{"href":"https:\/\/super-news.info\/es\/wp-json\/wp\/v2\/types\/post"}],"author":[{"embeddable":true,"href":"https:\/\/super-news.info\/es\/wp-json\/wp\/v2\/users\/2"}],"replies":[{"embeddable":true,"href":"https:\/\/super-news.info\/es\/wp-json\/wp\/v2\/comments?post=15219"}],"version-history":[{"count":1,"href":"https:\/\/super-news.info\/es\/wp-json\/wp\/v2\/posts\/15219\/revisions"}],"predecessor-version":[{"id":15221,"href":"https:\/\/super-news.info\/es\/wp-json\/wp\/v2\/posts\/15219\/revisions\/15221"}],"wp:featuredmedia":[{"embeddable":true,"href":"https:\/\/super-news.info\/es\/wp-json\/wp\/v2\/media\/15220"}],"wp:attachment":[{"href":"https:\/\/super-news.info\/es\/wp-json\/wp\/v2\/media?parent=15219"}],"wp:term":[{"taxonomy":"category","embeddable":true,"href":"https:\/\/super-news.info\/es\/wp-json\/wp\/v2\/categories?post=15219"},{"taxonomy":"post_tag","embeddable":true,"href":"https:\/\/super-news.info\/es\/wp-json\/wp\/v2\/tags?post=15219"}],"curies":[{"name":"wp","href":"https:\/\/api.w.org\/{rel}","templated":true}]}}