{"id":15216,"date":"2021-07-04T06:10:43","date_gmt":"2021-07-04T03:10:43","guid":{"rendered":"https:\/\/super-news.info\/es\/el-precio-de-la-electricidad-bate-hoy-su-record-anual-en-sabado\/"},"modified":"2021-07-04T06:10:45","modified_gmt":"2021-07-04T03:10:45","slug":"el-precio-de-la-electricidad-bate-hoy-su-record-anual-en-sabado","status":"publish","type":"post","link":"https:\/\/super-news.info\/es\/el-precio-de-la-electricidad-bate-hoy-su-record-anual-en-sabado\/","title":{"rendered":"El precio de la electricidad bate hoy su r\u00e9cord anual en s\u00e1bado"},"content":{"rendered":"<p>MADRID, 3 Jul. (EUROPA PRESS) &#8211;<br \/>\nEl precio de la electricidad en el mercado mayorista se sit\u00faa este 3 de julio en 94,23 euros el megavatio\/hora (MWh), un nivel inusual al tratarse de un s\u00e1bado, d\u00eda en el que se reduce considerablemente la actividad industrial.<br \/>\nDe este modo, el precio de este d\u00eda bate el r\u00e9cord anual en s\u00e1bado, desbancando el alcanzado el pasado 19 de junio, de 89,22 euros por MWh, que super\u00f3 incluso al del 26 de junio (83,99 euros\/MWh), 29 de mayo (81,77 euros\/MWh) y al registrado el s\u00e1bado 9 de enero en plena tormenta Filomena (80,66 euros\/MWh).<br \/>\nPor hacer una comparaci\u00f3n anual, el s\u00e1bado que corresponder\u00eda al a\u00f1o anterior, el 4 de julio, el precio fue de 28,68 euros\/MWh, seg\u00fan datos del Operador del Mercado Ib\u00e9rico de Electricidad (OMIE) recabados por Europa Press.<br \/>\nEl precio m\u00e1ximo se situar\u00e1 en 106,95 euros\/MWh y el m\u00ednimo en 73,75 euros\/MWh. El precio medio de ma\u00f1ana supera, por tanto, la marca alcanzada en junio, en el que se registr\u00f3 una media mensual r\u00e9cord de 83,30 euros.<br \/>\nEl precio de la electricidad ha alcanzado el pasado viernes su r\u00e9cord anual, 99,80 euros el MWh.<br \/>\nFuentes del sector consultadas por Europa Press atribuyen este m\u00e1ximo a una combinaci\u00f3n de factores, como las altas temperaturas en la pen\u00ednsula, los costes de los derechos de emisi\u00f3n de CO2, que han superado los 50 euros por tonelada, y a la subida en el precio del gas. Estos factores pesan m\u00e1s que el hecho de que se trate de un d\u00eda de fin semana, en el que la actividad industrial se reduce notablemente.<br \/>\nEstos precios penalizan a la industria y a los particulares, especialmente a los 10,5 millones acogidos al precio voluntario para el peque\u00f1o consumidor (PVPC), que ven c\u00f3mo las medidas de contenci\u00f3n de precios adoptadas por el Gobierno no est\u00e1n causando a\u00fan el efecto deseado.<br \/>\nEst\u00e1n exentos los consumidores que est\u00e1n en el mercado libre -unos 17 millones-, ya que cuentan con un precio pactado con su compa\u00f1\u00eda.<br \/>\nCabe recordar que este mes han entrado en vigor las medidas de suspensi\u00f3n temporal del impuesto del 7% a la generaci\u00f3n el\u00e9ctrica en el tercer trimestre de este a\u00f1o. A ello habr\u00eda que a\u00f1adir la reducci\u00f3n del IVA del 21% al 10%, aplicada desde el pasado s\u00e1bado.<br \/>\nEl precio de la energ\u00eda tiene un peso cercano en la factura de en torno al 24%, mientras que alrededor del 50-55% corresponde a los peajes -el coste de las redes de transporte y distribuci\u00f3n- y cargos -los costes asociados al fomento de las renovables, a las extrapeninsulares y las anualidades del d\u00e9ficit de tarifa- y algo m\u00e1s del 21% a los impuestos.<br \/>\nEl alto precio de la electricidad se registra despu\u00e9s de que en junio entrara en vigor el nuevo esquema por periodos horarios. As\u00ed, los precios de los peajes y cargos son diferentes entre los periodos horarios, tanto de potencia como de energ\u00eda.<\/p>\n<p>\n<!--noindex--><br \/>\n<a href=\"https:\/\/www.europapress.es\/economia\/energia-00341\/noticia-precio-electricidad-bate-manana-record-anual-sabado-20210702184830.html\" rel=\"nofollow\">Source link <\/a><br \/>\n<!--\/noindex--><\/p>\n","protected":false},"excerpt":{"rendered":"<p>MADRID, 3 Jul. (EUROPA PRESS) &#8211; El precio de la electricidad en el mercado mayorista se sit\u00faa este 3 de julio en 94,23 euros el megavatio\/hora (MWh), un nivel inusual al tratarse de un s\u00e1bado, d\u00eda en el que se reduce considerablemente la actividad industrial. De este modo, el precio de este d\u00eda bate el [&hellip;]<\/p>\n","protected":false},"author":2,"featured_media":15217,"comment_status":"open","ping_status":"open","sticky":false,"template":"","format":"standard","meta":{"footnotes":""},"categories":[1],"tags":[],"class_list":["post-15216","post","type-post","status-publish","format-standard","has-post-thumbnail","hentry","category-noticias-financieras"],"yoast_head":"<!-- This site is optimized with the Yoast SEO plugin v27.4 - https:\/\/yoast.com\/product\/yoast-seo-wordpress\/ -->\n<title>El precio de la electricidad bate hoy su r\u00e9cord anual en s\u00e1bado - Super News<\/title>\n<meta name=\"robots\" content=\"index, follow, max-snippet:-1, max-image-preview:large, max-video-preview:-1\" \/>\n<link rel=\"canonical\" href=\"https:\/\/super-news.info\/es\/el-precio-de-la-electricidad-bate-hoy-su-record-anual-en-sabado\/\" \/>\n<meta property=\"og:locale\" content=\"en_US\" \/>\n<meta property=\"og:type\" content=\"article\" \/>\n<meta property=\"og:title\" content=\"El precio de la electricidad bate hoy su r\u00e9cord anual en s\u00e1bado - Super News\" \/>\n<meta property=\"og:description\" content=\"MADRID, 3 Jul. (EUROPA PRESS) &#8211; El precio de la electricidad en el mercado mayorista se sit\u00faa este 3 de julio en 94,23 euros el megavatio\/hora (MWh), un nivel inusual al tratarse de un s\u00e1bado, d\u00eda en el que se reduce considerablemente la actividad industrial. De este modo, el precio de este d\u00eda bate el [&hellip;]\" \/>\n<meta property=\"og:url\" content=\"https:\/\/super-news.info\/es\/el-precio-de-la-electricidad-bate-hoy-su-record-anual-en-sabado\/\" \/>\n<meta property=\"og:site_name\" content=\"Super News\" \/>\n<meta property=\"article:published_time\" content=\"2021-07-04T03:10:43+00:00\" \/>\n<meta property=\"article:modified_time\" content=\"2021-07-04T03:10:45+00:00\" \/>\n<meta property=\"og:image\" content=\"https:\/\/super-news.info\/es\/wp-content\/uploads\/sites\/4\/2021\/07\/El-precio-de-la-electricidad-bate-hoy-su-record-anual.jpg\" \/>\n\t<meta property=\"og:image:width\" content=\"1024\" \/>\n\t<meta property=\"og:image:height\" content=\"603\" \/>\n\t<meta property=\"og:image:type\" content=\"image\/jpeg\" \/>\n<meta name=\"author\" content=\"super-news\" \/>\n<meta name=\"twitter:card\" content=\"summary_large_image\" \/>\n<meta name=\"twitter:label1\" content=\"Written by\" \/>\n\t<meta name=\"twitter:data1\" content=\"super-news\" \/>\n\t<meta name=\"twitter:label2\" content=\"Est. reading time\" \/>\n\t<meta name=\"twitter:data2\" content=\"3 minutes\" \/>\n<script type=\"application\/ld+json\" class=\"yoast-schema-graph\">{\"@context\":\"https:\\\/\\\/schema.org\",\"@graph\":[{\"@type\":\"Article\",\"@id\":\"https:\\\/\\\/super-news.info\\\/es\\\/el-precio-de-la-electricidad-bate-hoy-su-record-anual-en-sabado\\\/#article\",\"isPartOf\":{\"@id\":\"https:\\\/\\\/super-news.info\\\/es\\\/el-precio-de-la-electricidad-bate-hoy-su-record-anual-en-sabado\\\/\"},\"author\":{\"name\":\"super-news\",\"@id\":\"https:\\\/\\\/super-news.info\\\/es\\\/#\\\/schema\\\/person\\\/2d4068cb2f39cd10008c2fce578a7356\"},\"headline\":\"El precio de la electricidad bate hoy su r\u00e9cord anual en s\u00e1bado\",\"datePublished\":\"2021-07-04T03:10:43+00:00\",\"dateModified\":\"2021-07-04T03:10:45+00:00\",\"mainEntityOfPage\":{\"@id\":\"https:\\\/\\\/super-news.info\\\/es\\\/el-precio-de-la-electricidad-bate-hoy-su-record-anual-en-sabado\\\/\"},\"wordCount\":530,\"commentCount\":0,\"image\":{\"@id\":\"https:\\\/\\\/super-news.info\\\/es\\\/el-precio-de-la-electricidad-bate-hoy-su-record-anual-en-sabado\\\/#primaryimage\"},\"thumbnailUrl\":\"https:\\\/\\\/super-news.info\\\/es\\\/wp-content\\\/uploads\\\/sites\\\/4\\\/2021\\\/07\\\/El-precio-de-la-electricidad-bate-hoy-su-record-anual.jpg\",\"articleSection\":[\"NOTICIAS FINANCIERAS\"],\"inLanguage\":\"en-US\",\"potentialAction\":[{\"@type\":\"CommentAction\",\"name\":\"Comment\",\"target\":[\"https:\\\/\\\/super-news.info\\\/es\\\/el-precio-de-la-electricidad-bate-hoy-su-record-anual-en-sabado\\\/#respond\"]}]},{\"@type\":\"WebPage\",\"@id\":\"https:\\\/\\\/super-news.info\\\/es\\\/el-precio-de-la-electricidad-bate-hoy-su-record-anual-en-sabado\\\/\",\"url\":\"https:\\\/\\\/super-news.info\\\/es\\\/el-precio-de-la-electricidad-bate-hoy-su-record-anual-en-sabado\\\/\",\"name\":\"El precio de la electricidad bate hoy su r\u00e9cord anual en s\u00e1bado - Super News\",\"isPartOf\":{\"@id\":\"https:\\\/\\\/super-news.info\\\/es\\\/#website\"},\"primaryImageOfPage\":{\"@id\":\"https:\\\/\\\/super-news.info\\\/es\\\/el-precio-de-la-electricidad-bate-hoy-su-record-anual-en-sabado\\\/#primaryimage\"},\"image\":{\"@id\":\"https:\\\/\\\/super-news.info\\\/es\\\/el-precio-de-la-electricidad-bate-hoy-su-record-anual-en-sabado\\\/#primaryimage\"},\"thumbnailUrl\":\"https:\\\/\\\/super-news.info\\\/es\\\/wp-content\\\/uploads\\\/sites\\\/4\\\/2021\\\/07\\\/El-precio-de-la-electricidad-bate-hoy-su-record-anual.jpg\",\"datePublished\":\"2021-07-04T03:10:43+00:00\",\"dateModified\":\"2021-07-04T03:10:45+00:00\",\"author\":{\"@id\":\"https:\\\/\\\/super-news.info\\\/es\\\/#\\\/schema\\\/person\\\/2d4068cb2f39cd10008c2fce578a7356\"},\"breadcrumb\":{\"@id\":\"https:\\\/\\\/super-news.info\\\/es\\\/el-precio-de-la-electricidad-bate-hoy-su-record-anual-en-sabado\\\/#breadcrumb\"},\"inLanguage\":\"en-US\",\"potentialAction\":[{\"@type\":\"ReadAction\",\"target\":[\"https:\\\/\\\/super-news.info\\\/es\\\/el-precio-de-la-electricidad-bate-hoy-su-record-anual-en-sabado\\\/\"]}]},{\"@type\":\"ImageObject\",\"inLanguage\":\"en-US\",\"@id\":\"https:\\\/\\\/super-news.info\\\/es\\\/el-precio-de-la-electricidad-bate-hoy-su-record-anual-en-sabado\\\/#primaryimage\",\"url\":\"https:\\\/\\\/super-news.info\\\/es\\\/wp-content\\\/uploads\\\/sites\\\/4\\\/2021\\\/07\\\/El-precio-de-la-electricidad-bate-hoy-su-record-anual.jpg\",\"contentUrl\":\"https:\\\/\\\/super-news.info\\\/es\\\/wp-content\\\/uploads\\\/sites\\\/4\\\/2021\\\/07\\\/El-precio-de-la-electricidad-bate-hoy-su-record-anual.jpg\",\"width\":1024,\"height\":603,\"caption\":\"El precio de la electricidad bate hoy su r\u00e9cord anual en s\u00e1bado\"},{\"@type\":\"BreadcrumbList\",\"@id\":\"https:\\\/\\\/super-news.info\\\/es\\\/el-precio-de-la-electricidad-bate-hoy-su-record-anual-en-sabado\\\/#breadcrumb\",\"itemListElement\":[{\"@type\":\"ListItem\",\"position\":1,\"name\":\"\u0413\u043b\u0430\u0432\u043d\u0430\u044f \u0441\u0442\u0440\u0430\u043d\u0438\u0446\u0430\",\"item\":\"https:\\\/\\\/super-news.info\\\/es\\\/\"},{\"@type\":\"ListItem\",\"position\":2,\"name\":\"El precio de la electricidad bate hoy su r\u00e9cord anual en s\u00e1bado\"}]},{\"@type\":\"WebSite\",\"@id\":\"https:\\\/\\\/super-news.info\\\/es\\\/#website\",\"url\":\"https:\\\/\\\/super-news.info\\\/es\\\/\",\"name\":\"Super News\",\"description\":\"Super News Espa\u00f1a\",\"potentialAction\":[{\"@type\":\"SearchAction\",\"target\":{\"@type\":\"EntryPoint\",\"urlTemplate\":\"https:\\\/\\\/super-news.info\\\/es\\\/?s={search_term_string}\"},\"query-input\":{\"@type\":\"PropertyValueSpecification\",\"valueRequired\":true,\"valueName\":\"search_term_string\"}}],\"inLanguage\":\"en-US\"},{\"@type\":\"Person\",\"@id\":\"https:\\\/\\\/super-news.info\\\/es\\\/#\\\/schema\\\/person\\\/2d4068cb2f39cd10008c2fce578a7356\",\"name\":\"super-news\",\"image\":{\"@type\":\"ImageObject\",\"inLanguage\":\"en-US\",\"@id\":\"https:\\\/\\\/secure.gravatar.com\\\/avatar\\\/64ebac40b93f26a154f8a9b5b6fdccfc46f442b26b3dd6756dbff3bf9dc76fd7?s=96&d=mm&r=g\",\"url\":\"https:\\\/\\\/secure.gravatar.com\\\/avatar\\\/64ebac40b93f26a154f8a9b5b6fdccfc46f442b26b3dd6756dbff3bf9dc76fd7?s=96&d=mm&r=g\",\"contentUrl\":\"https:\\\/\\\/secure.gravatar.com\\\/avatar\\\/64ebac40b93f26a154f8a9b5b6fdccfc46f442b26b3dd6756dbff3bf9dc76fd7?s=96&d=mm&r=g\",\"caption\":\"super-news\"},\"url\":\"https:\\\/\\\/super-news.info\\\/es\\\/author\\\/pt\\\/\"}]}<\/script>\n<!-- \/ Yoast SEO plugin. -->","yoast_head_json":{"title":"El precio de la electricidad bate hoy su r\u00e9cord anual en s\u00e1bado - Super News","robots":{"index":"index","follow":"follow","max-snippet":"max-snippet:-1","max-image-preview":"max-image-preview:large","max-video-preview":"max-video-preview:-1"},"canonical":"https:\/\/super-news.info\/es\/el-precio-de-la-electricidad-bate-hoy-su-record-anual-en-sabado\/","og_locale":"en_US","og_type":"article","og_title":"El precio de la electricidad bate hoy su r\u00e9cord anual en s\u00e1bado - Super News","og_description":"MADRID, 3 Jul. (EUROPA PRESS) &#8211; El precio de la electricidad en el mercado mayorista se sit\u00faa este 3 de julio en 94,23 euros el megavatio\/hora (MWh), un nivel inusual al tratarse de un s\u00e1bado, d\u00eda en el que se reduce considerablemente la actividad industrial. De este modo, el precio de este d\u00eda bate el [&hellip;]","og_url":"https:\/\/super-news.info\/es\/el-precio-de-la-electricidad-bate-hoy-su-record-anual-en-sabado\/","og_site_name":"Super News","article_published_time":"2021-07-04T03:10:43+00:00","article_modified_time":"2021-07-04T03:10:45+00:00","og_image":[{"width":1024,"height":603,"url":"https:\/\/super-news.info\/es\/wp-content\/uploads\/sites\/4\/2021\/07\/El-precio-de-la-electricidad-bate-hoy-su-record-anual.jpg","type":"image\/jpeg"}],"author":"super-news","twitter_card":"summary_large_image","twitter_misc":{"Written by":"super-news","Est. reading time":"3 minutes"},"schema":{"@context":"https:\/\/schema.org","@graph":[{"@type":"Article","@id":"https:\/\/super-news.info\/es\/el-precio-de-la-electricidad-bate-hoy-su-record-anual-en-sabado\/#article","isPartOf":{"@id":"https:\/\/super-news.info\/es\/el-precio-de-la-electricidad-bate-hoy-su-record-anual-en-sabado\/"},"author":{"name":"super-news","@id":"https:\/\/super-news.info\/es\/#\/schema\/person\/2d4068cb2f39cd10008c2fce578a7356"},"headline":"El precio de la electricidad bate hoy su r\u00e9cord anual en s\u00e1bado","datePublished":"2021-07-04T03:10:43+00:00","dateModified":"2021-07-04T03:10:45+00:00","mainEntityOfPage":{"@id":"https:\/\/super-news.info\/es\/el-precio-de-la-electricidad-bate-hoy-su-record-anual-en-sabado\/"},"wordCount":530,"commentCount":0,"image":{"@id":"https:\/\/super-news.info\/es\/el-precio-de-la-electricidad-bate-hoy-su-record-anual-en-sabado\/#primaryimage"},"thumbnailUrl":"https:\/\/super-news.info\/es\/wp-content\/uploads\/sites\/4\/2021\/07\/El-precio-de-la-electricidad-bate-hoy-su-record-anual.jpg","articleSection":["NOTICIAS FINANCIERAS"],"inLanguage":"en-US","potentialAction":[{"@type":"CommentAction","name":"Comment","target":["https:\/\/super-news.info\/es\/el-precio-de-la-electricidad-bate-hoy-su-record-anual-en-sabado\/#respond"]}]},{"@type":"WebPage","@id":"https:\/\/super-news.info\/es\/el-precio-de-la-electricidad-bate-hoy-su-record-anual-en-sabado\/","url":"https:\/\/super-news.info\/es\/el-precio-de-la-electricidad-bate-hoy-su-record-anual-en-sabado\/","name":"El precio de la electricidad bate hoy su r\u00e9cord anual en s\u00e1bado - Super News","isPartOf":{"@id":"https:\/\/super-news.info\/es\/#website"},"primaryImageOfPage":{"@id":"https:\/\/super-news.info\/es\/el-precio-de-la-electricidad-bate-hoy-su-record-anual-en-sabado\/#primaryimage"},"image":{"@id":"https:\/\/super-news.info\/es\/el-precio-de-la-electricidad-bate-hoy-su-record-anual-en-sabado\/#primaryimage"},"thumbnailUrl":"https:\/\/super-news.info\/es\/wp-content\/uploads\/sites\/4\/2021\/07\/El-precio-de-la-electricidad-bate-hoy-su-record-anual.jpg","datePublished":"2021-07-04T03:10:43+00:00","dateModified":"2021-07-04T03:10:45+00:00","author":{"@id":"https:\/\/super-news.info\/es\/#\/schema\/person\/2d4068cb2f39cd10008c2fce578a7356"},"breadcrumb":{"@id":"https:\/\/super-news.info\/es\/el-precio-de-la-electricidad-bate-hoy-su-record-anual-en-sabado\/#breadcrumb"},"inLanguage":"en-US","potentialAction":[{"@type":"ReadAction","target":["https:\/\/super-news.info\/es\/el-precio-de-la-electricidad-bate-hoy-su-record-anual-en-sabado\/"]}]},{"@type":"ImageObject","inLanguage":"en-US","@id":"https:\/\/super-news.info\/es\/el-precio-de-la-electricidad-bate-hoy-su-record-anual-en-sabado\/#primaryimage","url":"https:\/\/super-news.info\/es\/wp-content\/uploads\/sites\/4\/2021\/07\/El-precio-de-la-electricidad-bate-hoy-su-record-anual.jpg","contentUrl":"https:\/\/super-news.info\/es\/wp-content\/uploads\/sites\/4\/2021\/07\/El-precio-de-la-electricidad-bate-hoy-su-record-anual.jpg","width":1024,"height":603,"caption":"El precio de la electricidad bate hoy su r\u00e9cord anual en s\u00e1bado"},{"@type":"BreadcrumbList","@id":"https:\/\/super-news.info\/es\/el-precio-de-la-electricidad-bate-hoy-su-record-anual-en-sabado\/#breadcrumb","itemListElement":[{"@type":"ListItem","position":1,"name":"\u0413\u043b\u0430\u0432\u043d\u0430\u044f \u0441\u0442\u0440\u0430\u043d\u0438\u0446\u0430","item":"https:\/\/super-news.info\/es\/"},{"@type":"ListItem","position":2,"name":"El precio de la electricidad bate hoy su r\u00e9cord anual en s\u00e1bado"}]},{"@type":"WebSite","@id":"https:\/\/super-news.info\/es\/#website","url":"https:\/\/super-news.info\/es\/","name":"Super News","description":"Super News Espa\u00f1a","potentialAction":[{"@type":"SearchAction","target":{"@type":"EntryPoint","urlTemplate":"https:\/\/super-news.info\/es\/?s={search_term_string}"},"query-input":{"@type":"PropertyValueSpecification","valueRequired":true,"valueName":"search_term_string"}}],"inLanguage":"en-US"},{"@type":"Person","@id":"https:\/\/super-news.info\/es\/#\/schema\/person\/2d4068cb2f39cd10008c2fce578a7356","name":"super-news","image":{"@type":"ImageObject","inLanguage":"en-US","@id":"https:\/\/secure.gravatar.com\/avatar\/64ebac40b93f26a154f8a9b5b6fdccfc46f442b26b3dd6756dbff3bf9dc76fd7?s=96&d=mm&r=g","url":"https:\/\/secure.gravatar.com\/avatar\/64ebac40b93f26a154f8a9b5b6fdccfc46f442b26b3dd6756dbff3bf9dc76fd7?s=96&d=mm&r=g","contentUrl":"https:\/\/secure.gravatar.com\/avatar\/64ebac40b93f26a154f8a9b5b6fdccfc46f442b26b3dd6756dbff3bf9dc76fd7?s=96&d=mm&r=g","caption":"super-news"},"url":"https:\/\/super-news.info\/es\/author\/pt\/"}]}},"_links":{"self":[{"href":"https:\/\/super-news.info\/es\/wp-json\/wp\/v2\/posts\/15216","targetHints":{"allow":["GET"]}}],"collection":[{"href":"https:\/\/super-news.info\/es\/wp-json\/wp\/v2\/posts"}],"about":[{"href":"https:\/\/super-news.info\/es\/wp-json\/wp\/v2\/types\/post"}],"author":[{"embeddable":true,"href":"https:\/\/super-news.info\/es\/wp-json\/wp\/v2\/users\/2"}],"replies":[{"embeddable":true,"href":"https:\/\/super-news.info\/es\/wp-json\/wp\/v2\/comments?post=15216"}],"version-history":[{"count":1,"href":"https:\/\/super-news.info\/es\/wp-json\/wp\/v2\/posts\/15216\/revisions"}],"predecessor-version":[{"id":15218,"href":"https:\/\/super-news.info\/es\/wp-json\/wp\/v2\/posts\/15216\/revisions\/15218"}],"wp:featuredmedia":[{"embeddable":true,"href":"https:\/\/super-news.info\/es\/wp-json\/wp\/v2\/media\/15217"}],"wp:attachment":[{"href":"https:\/\/super-news.info\/es\/wp-json\/wp\/v2\/media?parent=15216"}],"wp:term":[{"taxonomy":"category","embeddable":true,"href":"https:\/\/super-news.info\/es\/wp-json\/wp\/v2\/categories?post=15216"},{"taxonomy":"post_tag","embeddable":true,"href":"https:\/\/super-news.info\/es\/wp-json\/wp\/v2\/tags?post=15216"}],"curies":[{"name":"wp","href":"https:\/\/api.w.org\/{rel}","templated":true}]}}