{"id":15192,"date":"2021-07-02T06:05:23","date_gmt":"2021-07-02T03:05:23","guid":{"rendered":"https:\/\/super-news.info\/es\/la-ceoe-no-comparte-un-ajuste-moderado-de-la-pension-de-baby-boomers-y-afirma-que-no-forma-parte-del-acuerdo\/"},"modified":"2021-07-02T06:05:24","modified_gmt":"2021-07-02T03:05:24","slug":"la-ceoe-no-comparte-un-ajuste-moderado-de-la-pension-de-baby-boomers-y-afirma-que-no-forma-parte-del-acuerdo","status":"publish","type":"post","link":"https:\/\/super-news.info\/es\/la-ceoe-no-comparte-un-ajuste-moderado-de-la-pension-de-baby-boomers-y-afirma-que-no-forma-parte-del-acuerdo\/","title":{"rendered":"La CEOE no comparte un &#8220;ajuste moderado&#8221; de la pensi\u00f3n de &#8216;baby boomers&#8217; y afirma que no forma parte del acuerdo"},"content":{"rendered":"<p>\nMADRID, 1 Jul. (EUROPA PRESS) &#8211;<br \/>\n   La Confederaci\u00f3n Espa\u00f1ola de Organizaciones Empresariales (CEOE) y la Confederaci\u00f3n Espa\u00f1ola de la Peque\u00f1a y Mediana Empresa (Cepyme) han se\u00f1alado que no comparten un &#8220;ajuste moderado&#8221; de la pensi\u00f3n de los &#8216;baby boomers&#8217; con el nuevo factor de sostenibilidad y han dejado claro que esta pretensi\u00f3n &#8220;no forma parte del acuerdo alcanzado&#8221;.<br \/>\n   El ministro de Inclusi\u00f3n, Seguridad Social y Migraciones, Jos\u00e9 Luis Escriv\u00e1, ha afirmado este jueves que el nuevo mecanismo de equidad intergeneracional que sustituir\u00e1 al factor de sostenibilidad producir\u00e1 un &#8220;ajuste moderado&#8221; sobre la pensi\u00f3n de los llamados &#8216;baby boomers&#8217;.<br \/>\n   &#8220;Ante la confusi\u00f3n generada por las desafortunadas declaraciones realizadas por el ministro Escriv\u00e1 en relaci\u00f3n con los ajustes de la pensi\u00f3n de la generaci\u00f3n del &#8216;baby boom&#8217;, el mismo d\u00eda en que se produc\u00eda la firma del acuerdo relativo a la primera parte de la reforma de las pensiones, CEOE y Cepyme quieren aclarar que dicha pretensi\u00f3n no forma parte del acuerdo&#8221;, han apuntado en un comunicado tras las declaraciones de EScriv\u00e1.<br \/>\n   La patronal ha resaltado que la definici\u00f3n del nuevo factor de sostenibilidad, en sustituci\u00f3n del actual y que ha quedado supeditada a una futura negociaci\u00f3n, debe sustentarse en la equidad y la solidaridad intergeneracional evitando &#8220;que recaiga solo sobre algunas generaciones la sostenibilidad del sistema&#8221;.<br \/>\n<br \/>\n<!--noindex--><br \/>\n<a href=\"https:\/\/www.europapress.es\/economia\/laboral-00346\/noticia-ceoe-no-comparte-ajuste-moderado-pension-baby-boomers-afirma-no-forma-parte-acuerdo-20210701183237.html\" rel=\"nofollow\">Source link <\/a><br \/>\n<!--\/noindex--><\/p>\n","protected":false},"excerpt":{"rendered":"<p>MADRID, 1 Jul. (EUROPA PRESS) &#8211; La Confederaci\u00f3n Espa\u00f1ola de Organizaciones Empresariales (CEOE) y la Confederaci\u00f3n Espa\u00f1ola de la Peque\u00f1a y Mediana Empresa (Cepyme) han se\u00f1alado que no comparten un &#8220;ajuste moderado&#8221; de la pensi\u00f3n de los &#8216;baby boomers&#8217; con el nuevo factor de sostenibilidad y han dejado claro que esta pretensi\u00f3n &#8220;no forma parte [&hellip;]<\/p>\n","protected":false},"author":2,"featured_media":15193,"comment_status":"open","ping_status":"open","sticky":false,"template":"","format":"standard","meta":{"footnotes":""},"categories":[1],"tags":[],"class_list":["post-15192","post","type-post","status-publish","format-standard","has-post-thumbnail","hentry","category-noticias-financieras"],"yoast_head":"<!-- This site is optimized with the Yoast SEO plugin v27.4 - https:\/\/yoast.com\/product\/yoast-seo-wordpress\/ -->\n<title>La CEOE no comparte un &quot;ajuste moderado&quot; de la pensi\u00f3n de &#039;baby boomers&#039; y afirma que no forma parte del acuerdo - Super News<\/title>\n<meta name=\"robots\" content=\"index, follow, max-snippet:-1, max-image-preview:large, max-video-preview:-1\" \/>\n<link rel=\"canonical\" href=\"https:\/\/super-news.info\/es\/la-ceoe-no-comparte-un-ajuste-moderado-de-la-pension-de-baby-boomers-y-afirma-que-no-forma-parte-del-acuerdo\/\" \/>\n<meta property=\"og:locale\" content=\"en_US\" \/>\n<meta property=\"og:type\" content=\"article\" \/>\n<meta property=\"og:title\" content=\"La CEOE no comparte un &quot;ajuste moderado&quot; de la pensi\u00f3n de &#039;baby boomers&#039; y afirma que no forma parte del acuerdo - Super News\" \/>\n<meta property=\"og:description\" content=\"MADRID, 1 Jul. (EUROPA PRESS) &#8211; La Confederaci\u00f3n Espa\u00f1ola de Organizaciones Empresariales (CEOE) y la Confederaci\u00f3n Espa\u00f1ola de la Peque\u00f1a y Mediana Empresa (Cepyme) han se\u00f1alado que no comparten un &#8220;ajuste moderado&#8221; de la pensi\u00f3n de los &#8216;baby boomers&#8217; con el nuevo factor de sostenibilidad y han dejado claro que esta pretensi\u00f3n &#8220;no forma parte [&hellip;]\" \/>\n<meta property=\"og:url\" content=\"https:\/\/super-news.info\/es\/la-ceoe-no-comparte-un-ajuste-moderado-de-la-pension-de-baby-boomers-y-afirma-que-no-forma-parte-del-acuerdo\/\" \/>\n<meta property=\"og:site_name\" content=\"Super News\" \/>\n<meta property=\"article:published_time\" content=\"2021-07-02T03:05:23+00:00\" \/>\n<meta property=\"article:modified_time\" content=\"2021-07-02T03:05:24+00:00\" \/>\n<meta property=\"og:image\" content=\"https:\/\/super-news.info\/es\/wp-content\/uploads\/sites\/4\/2021\/07\/La-CEOE-no-comparte-un-ajuste-moderado-de-la-pension.jpg\" \/>\n\t<meta property=\"og:image:width\" content=\"120\" \/>\n\t<meta property=\"og:image:height\" content=\"80\" \/>\n\t<meta property=\"og:image:type\" content=\"image\/jpeg\" \/>\n<meta name=\"author\" content=\"super-news\" \/>\n<meta name=\"twitter:card\" content=\"summary_large_image\" \/>\n<meta name=\"twitter:label1\" content=\"Written by\" \/>\n\t<meta name=\"twitter:data1\" content=\"super-news\" \/>\n\t<meta name=\"twitter:label2\" content=\"Est. reading time\" \/>\n\t<meta name=\"twitter:data2\" content=\"1 minute\" \/>\n<script type=\"application\/ld+json\" class=\"yoast-schema-graph\">{\"@context\":\"https:\\\/\\\/schema.org\",\"@graph\":[{\"@type\":\"Article\",\"@id\":\"https:\\\/\\\/super-news.info\\\/es\\\/la-ceoe-no-comparte-un-ajuste-moderado-de-la-pension-de-baby-boomers-y-afirma-que-no-forma-parte-del-acuerdo\\\/#article\",\"isPartOf\":{\"@id\":\"https:\\\/\\\/super-news.info\\\/es\\\/la-ceoe-no-comparte-un-ajuste-moderado-de-la-pension-de-baby-boomers-y-afirma-que-no-forma-parte-del-acuerdo\\\/\"},\"author\":{\"name\":\"super-news\",\"@id\":\"https:\\\/\\\/super-news.info\\\/es\\\/#\\\/schema\\\/person\\\/2d4068cb2f39cd10008c2fce578a7356\"},\"headline\":\"La CEOE no comparte un &#8220;ajuste moderado&#8221; de la pensi\u00f3n de &#8216;baby boomers&#8217; y afirma que no forma parte del acuerdo\",\"datePublished\":\"2021-07-02T03:05:23+00:00\",\"dateModified\":\"2021-07-02T03:05:24+00:00\",\"mainEntityOfPage\":{\"@id\":\"https:\\\/\\\/super-news.info\\\/es\\\/la-ceoe-no-comparte-un-ajuste-moderado-de-la-pension-de-baby-boomers-y-afirma-que-no-forma-parte-del-acuerdo\\\/\"},\"wordCount\":258,\"commentCount\":0,\"image\":{\"@id\":\"https:\\\/\\\/super-news.info\\\/es\\\/la-ceoe-no-comparte-un-ajuste-moderado-de-la-pension-de-baby-boomers-y-afirma-que-no-forma-parte-del-acuerdo\\\/#primaryimage\"},\"thumbnailUrl\":\"https:\\\/\\\/super-news.info\\\/es\\\/wp-content\\\/uploads\\\/sites\\\/4\\\/2021\\\/07\\\/La-CEOE-no-comparte-un-ajuste-moderado-de-la-pension.jpg\",\"articleSection\":[\"NOTICIAS FINANCIERAS\"],\"inLanguage\":\"en-US\",\"potentialAction\":[{\"@type\":\"CommentAction\",\"name\":\"Comment\",\"target\":[\"https:\\\/\\\/super-news.info\\\/es\\\/la-ceoe-no-comparte-un-ajuste-moderado-de-la-pension-de-baby-boomers-y-afirma-que-no-forma-parte-del-acuerdo\\\/#respond\"]}]},{\"@type\":\"WebPage\",\"@id\":\"https:\\\/\\\/super-news.info\\\/es\\\/la-ceoe-no-comparte-un-ajuste-moderado-de-la-pension-de-baby-boomers-y-afirma-que-no-forma-parte-del-acuerdo\\\/\",\"url\":\"https:\\\/\\\/super-news.info\\\/es\\\/la-ceoe-no-comparte-un-ajuste-moderado-de-la-pension-de-baby-boomers-y-afirma-que-no-forma-parte-del-acuerdo\\\/\",\"name\":\"La CEOE no comparte un \\\"ajuste moderado\\\" de la pensi\u00f3n de 'baby boomers' y afirma que no forma parte del acuerdo - Super News\",\"isPartOf\":{\"@id\":\"https:\\\/\\\/super-news.info\\\/es\\\/#website\"},\"primaryImageOfPage\":{\"@id\":\"https:\\\/\\\/super-news.info\\\/es\\\/la-ceoe-no-comparte-un-ajuste-moderado-de-la-pension-de-baby-boomers-y-afirma-que-no-forma-parte-del-acuerdo\\\/#primaryimage\"},\"image\":{\"@id\":\"https:\\\/\\\/super-news.info\\\/es\\\/la-ceoe-no-comparte-un-ajuste-moderado-de-la-pension-de-baby-boomers-y-afirma-que-no-forma-parte-del-acuerdo\\\/#primaryimage\"},\"thumbnailUrl\":\"https:\\\/\\\/super-news.info\\\/es\\\/wp-content\\\/uploads\\\/sites\\\/4\\\/2021\\\/07\\\/La-CEOE-no-comparte-un-ajuste-moderado-de-la-pension.jpg\",\"datePublished\":\"2021-07-02T03:05:23+00:00\",\"dateModified\":\"2021-07-02T03:05:24+00:00\",\"author\":{\"@id\":\"https:\\\/\\\/super-news.info\\\/es\\\/#\\\/schema\\\/person\\\/2d4068cb2f39cd10008c2fce578a7356\"},\"breadcrumb\":{\"@id\":\"https:\\\/\\\/super-news.info\\\/es\\\/la-ceoe-no-comparte-un-ajuste-moderado-de-la-pension-de-baby-boomers-y-afirma-que-no-forma-parte-del-acuerdo\\\/#breadcrumb\"},\"inLanguage\":\"en-US\",\"potentialAction\":[{\"@type\":\"ReadAction\",\"target\":[\"https:\\\/\\\/super-news.info\\\/es\\\/la-ceoe-no-comparte-un-ajuste-moderado-de-la-pension-de-baby-boomers-y-afirma-que-no-forma-parte-del-acuerdo\\\/\"]}]},{\"@type\":\"ImageObject\",\"inLanguage\":\"en-US\",\"@id\":\"https:\\\/\\\/super-news.info\\\/es\\\/la-ceoe-no-comparte-un-ajuste-moderado-de-la-pension-de-baby-boomers-y-afirma-que-no-forma-parte-del-acuerdo\\\/#primaryimage\",\"url\":\"https:\\\/\\\/super-news.info\\\/es\\\/wp-content\\\/uploads\\\/sites\\\/4\\\/2021\\\/07\\\/La-CEOE-no-comparte-un-ajuste-moderado-de-la-pension.jpg\",\"contentUrl\":\"https:\\\/\\\/super-news.info\\\/es\\\/wp-content\\\/uploads\\\/sites\\\/4\\\/2021\\\/07\\\/La-CEOE-no-comparte-un-ajuste-moderado-de-la-pension.jpg\",\"width\":120,\"height\":80,\"caption\":\"La CEOE no comparte un \\\"ajuste moderado\\\" de la pensi\u00f3n de 'baby boomers' y afirma que no forma parte del acuerdo\"},{\"@type\":\"BreadcrumbList\",\"@id\":\"https:\\\/\\\/super-news.info\\\/es\\\/la-ceoe-no-comparte-un-ajuste-moderado-de-la-pension-de-baby-boomers-y-afirma-que-no-forma-parte-del-acuerdo\\\/#breadcrumb\",\"itemListElement\":[{\"@type\":\"ListItem\",\"position\":1,\"name\":\"\u0413\u043b\u0430\u0432\u043d\u0430\u044f \u0441\u0442\u0440\u0430\u043d\u0438\u0446\u0430\",\"item\":\"https:\\\/\\\/super-news.info\\\/es\\\/\"},{\"@type\":\"ListItem\",\"position\":2,\"name\":\"La CEOE no comparte un &#8220;ajuste moderado&#8221; de la pensi\u00f3n de &#8216;baby boomers&#8217; y afirma que no forma parte del acuerdo\"}]},{\"@type\":\"WebSite\",\"@id\":\"https:\\\/\\\/super-news.info\\\/es\\\/#website\",\"url\":\"https:\\\/\\\/super-news.info\\\/es\\\/\",\"name\":\"Super News\",\"description\":\"Super News Espa\u00f1a\",\"potentialAction\":[{\"@type\":\"SearchAction\",\"target\":{\"@type\":\"EntryPoint\",\"urlTemplate\":\"https:\\\/\\\/super-news.info\\\/es\\\/?s={search_term_string}\"},\"query-input\":{\"@type\":\"PropertyValueSpecification\",\"valueRequired\":true,\"valueName\":\"search_term_string\"}}],\"inLanguage\":\"en-US\"},{\"@type\":\"Person\",\"@id\":\"https:\\\/\\\/super-news.info\\\/es\\\/#\\\/schema\\\/person\\\/2d4068cb2f39cd10008c2fce578a7356\",\"name\":\"super-news\",\"image\":{\"@type\":\"ImageObject\",\"inLanguage\":\"en-US\",\"@id\":\"https:\\\/\\\/secure.gravatar.com\\\/avatar\\\/64ebac40b93f26a154f8a9b5b6fdccfc46f442b26b3dd6756dbff3bf9dc76fd7?s=96&d=mm&r=g\",\"url\":\"https:\\\/\\\/secure.gravatar.com\\\/avatar\\\/64ebac40b93f26a154f8a9b5b6fdccfc46f442b26b3dd6756dbff3bf9dc76fd7?s=96&d=mm&r=g\",\"contentUrl\":\"https:\\\/\\\/secure.gravatar.com\\\/avatar\\\/64ebac40b93f26a154f8a9b5b6fdccfc46f442b26b3dd6756dbff3bf9dc76fd7?s=96&d=mm&r=g\",\"caption\":\"super-news\"},\"url\":\"https:\\\/\\\/super-news.info\\\/es\\\/author\\\/pt\\\/\"}]}<\/script>\n<!-- \/ Yoast SEO plugin. -->","yoast_head_json":{"title":"La CEOE no comparte un \"ajuste moderado\" de la pensi\u00f3n de 'baby boomers' y afirma que no forma parte del acuerdo - Super News","robots":{"index":"index","follow":"follow","max-snippet":"max-snippet:-1","max-image-preview":"max-image-preview:large","max-video-preview":"max-video-preview:-1"},"canonical":"https:\/\/super-news.info\/es\/la-ceoe-no-comparte-un-ajuste-moderado-de-la-pension-de-baby-boomers-y-afirma-que-no-forma-parte-del-acuerdo\/","og_locale":"en_US","og_type":"article","og_title":"La CEOE no comparte un \"ajuste moderado\" de la pensi\u00f3n de 'baby boomers' y afirma que no forma parte del acuerdo - Super News","og_description":"MADRID, 1 Jul. (EUROPA PRESS) &#8211; La Confederaci\u00f3n Espa\u00f1ola de Organizaciones Empresariales (CEOE) y la Confederaci\u00f3n Espa\u00f1ola de la Peque\u00f1a y Mediana Empresa (Cepyme) han se\u00f1alado que no comparten un &#8220;ajuste moderado&#8221; de la pensi\u00f3n de los &#8216;baby boomers&#8217; con el nuevo factor de sostenibilidad y han dejado claro que esta pretensi\u00f3n &#8220;no forma parte [&hellip;]","og_url":"https:\/\/super-news.info\/es\/la-ceoe-no-comparte-un-ajuste-moderado-de-la-pension-de-baby-boomers-y-afirma-que-no-forma-parte-del-acuerdo\/","og_site_name":"Super News","article_published_time":"2021-07-02T03:05:23+00:00","article_modified_time":"2021-07-02T03:05:24+00:00","og_image":[{"width":120,"height":80,"url":"https:\/\/super-news.info\/es\/wp-content\/uploads\/sites\/4\/2021\/07\/La-CEOE-no-comparte-un-ajuste-moderado-de-la-pension.jpg","type":"image\/jpeg"}],"author":"super-news","twitter_card":"summary_large_image","twitter_misc":{"Written by":"super-news","Est. reading time":"1 minute"},"schema":{"@context":"https:\/\/schema.org","@graph":[{"@type":"Article","@id":"https:\/\/super-news.info\/es\/la-ceoe-no-comparte-un-ajuste-moderado-de-la-pension-de-baby-boomers-y-afirma-que-no-forma-parte-del-acuerdo\/#article","isPartOf":{"@id":"https:\/\/super-news.info\/es\/la-ceoe-no-comparte-un-ajuste-moderado-de-la-pension-de-baby-boomers-y-afirma-que-no-forma-parte-del-acuerdo\/"},"author":{"name":"super-news","@id":"https:\/\/super-news.info\/es\/#\/schema\/person\/2d4068cb2f39cd10008c2fce578a7356"},"headline":"La CEOE no comparte un &#8220;ajuste moderado&#8221; de la pensi\u00f3n de &#8216;baby boomers&#8217; y afirma que no forma parte del acuerdo","datePublished":"2021-07-02T03:05:23+00:00","dateModified":"2021-07-02T03:05:24+00:00","mainEntityOfPage":{"@id":"https:\/\/super-news.info\/es\/la-ceoe-no-comparte-un-ajuste-moderado-de-la-pension-de-baby-boomers-y-afirma-que-no-forma-parte-del-acuerdo\/"},"wordCount":258,"commentCount":0,"image":{"@id":"https:\/\/super-news.info\/es\/la-ceoe-no-comparte-un-ajuste-moderado-de-la-pension-de-baby-boomers-y-afirma-que-no-forma-parte-del-acuerdo\/#primaryimage"},"thumbnailUrl":"https:\/\/super-news.info\/es\/wp-content\/uploads\/sites\/4\/2021\/07\/La-CEOE-no-comparte-un-ajuste-moderado-de-la-pension.jpg","articleSection":["NOTICIAS FINANCIERAS"],"inLanguage":"en-US","potentialAction":[{"@type":"CommentAction","name":"Comment","target":["https:\/\/super-news.info\/es\/la-ceoe-no-comparte-un-ajuste-moderado-de-la-pension-de-baby-boomers-y-afirma-que-no-forma-parte-del-acuerdo\/#respond"]}]},{"@type":"WebPage","@id":"https:\/\/super-news.info\/es\/la-ceoe-no-comparte-un-ajuste-moderado-de-la-pension-de-baby-boomers-y-afirma-que-no-forma-parte-del-acuerdo\/","url":"https:\/\/super-news.info\/es\/la-ceoe-no-comparte-un-ajuste-moderado-de-la-pension-de-baby-boomers-y-afirma-que-no-forma-parte-del-acuerdo\/","name":"La CEOE no comparte un \"ajuste moderado\" de la pensi\u00f3n de 'baby boomers' y afirma que no forma parte del acuerdo - Super News","isPartOf":{"@id":"https:\/\/super-news.info\/es\/#website"},"primaryImageOfPage":{"@id":"https:\/\/super-news.info\/es\/la-ceoe-no-comparte-un-ajuste-moderado-de-la-pension-de-baby-boomers-y-afirma-que-no-forma-parte-del-acuerdo\/#primaryimage"},"image":{"@id":"https:\/\/super-news.info\/es\/la-ceoe-no-comparte-un-ajuste-moderado-de-la-pension-de-baby-boomers-y-afirma-que-no-forma-parte-del-acuerdo\/#primaryimage"},"thumbnailUrl":"https:\/\/super-news.info\/es\/wp-content\/uploads\/sites\/4\/2021\/07\/La-CEOE-no-comparte-un-ajuste-moderado-de-la-pension.jpg","datePublished":"2021-07-02T03:05:23+00:00","dateModified":"2021-07-02T03:05:24+00:00","author":{"@id":"https:\/\/super-news.info\/es\/#\/schema\/person\/2d4068cb2f39cd10008c2fce578a7356"},"breadcrumb":{"@id":"https:\/\/super-news.info\/es\/la-ceoe-no-comparte-un-ajuste-moderado-de-la-pension-de-baby-boomers-y-afirma-que-no-forma-parte-del-acuerdo\/#breadcrumb"},"inLanguage":"en-US","potentialAction":[{"@type":"ReadAction","target":["https:\/\/super-news.info\/es\/la-ceoe-no-comparte-un-ajuste-moderado-de-la-pension-de-baby-boomers-y-afirma-que-no-forma-parte-del-acuerdo\/"]}]},{"@type":"ImageObject","inLanguage":"en-US","@id":"https:\/\/super-news.info\/es\/la-ceoe-no-comparte-un-ajuste-moderado-de-la-pension-de-baby-boomers-y-afirma-que-no-forma-parte-del-acuerdo\/#primaryimage","url":"https:\/\/super-news.info\/es\/wp-content\/uploads\/sites\/4\/2021\/07\/La-CEOE-no-comparte-un-ajuste-moderado-de-la-pension.jpg","contentUrl":"https:\/\/super-news.info\/es\/wp-content\/uploads\/sites\/4\/2021\/07\/La-CEOE-no-comparte-un-ajuste-moderado-de-la-pension.jpg","width":120,"height":80,"caption":"La CEOE no comparte un \"ajuste moderado\" de la pensi\u00f3n de 'baby boomers' y afirma que no forma parte del acuerdo"},{"@type":"BreadcrumbList","@id":"https:\/\/super-news.info\/es\/la-ceoe-no-comparte-un-ajuste-moderado-de-la-pension-de-baby-boomers-y-afirma-que-no-forma-parte-del-acuerdo\/#breadcrumb","itemListElement":[{"@type":"ListItem","position":1,"name":"\u0413\u043b\u0430\u0432\u043d\u0430\u044f \u0441\u0442\u0440\u0430\u043d\u0438\u0446\u0430","item":"https:\/\/super-news.info\/es\/"},{"@type":"ListItem","position":2,"name":"La CEOE no comparte un &#8220;ajuste moderado&#8221; de la pensi\u00f3n de &#8216;baby boomers&#8217; y afirma que no forma parte del acuerdo"}]},{"@type":"WebSite","@id":"https:\/\/super-news.info\/es\/#website","url":"https:\/\/super-news.info\/es\/","name":"Super News","description":"Super News Espa\u00f1a","potentialAction":[{"@type":"SearchAction","target":{"@type":"EntryPoint","urlTemplate":"https:\/\/super-news.info\/es\/?s={search_term_string}"},"query-input":{"@type":"PropertyValueSpecification","valueRequired":true,"valueName":"search_term_string"}}],"inLanguage":"en-US"},{"@type":"Person","@id":"https:\/\/super-news.info\/es\/#\/schema\/person\/2d4068cb2f39cd10008c2fce578a7356","name":"super-news","image":{"@type":"ImageObject","inLanguage":"en-US","@id":"https:\/\/secure.gravatar.com\/avatar\/64ebac40b93f26a154f8a9b5b6fdccfc46f442b26b3dd6756dbff3bf9dc76fd7?s=96&d=mm&r=g","url":"https:\/\/secure.gravatar.com\/avatar\/64ebac40b93f26a154f8a9b5b6fdccfc46f442b26b3dd6756dbff3bf9dc76fd7?s=96&d=mm&r=g","contentUrl":"https:\/\/secure.gravatar.com\/avatar\/64ebac40b93f26a154f8a9b5b6fdccfc46f442b26b3dd6756dbff3bf9dc76fd7?s=96&d=mm&r=g","caption":"super-news"},"url":"https:\/\/super-news.info\/es\/author\/pt\/"}]}},"_links":{"self":[{"href":"https:\/\/super-news.info\/es\/wp-json\/wp\/v2\/posts\/15192","targetHints":{"allow":["GET"]}}],"collection":[{"href":"https:\/\/super-news.info\/es\/wp-json\/wp\/v2\/posts"}],"about":[{"href":"https:\/\/super-news.info\/es\/wp-json\/wp\/v2\/types\/post"}],"author":[{"embeddable":true,"href":"https:\/\/super-news.info\/es\/wp-json\/wp\/v2\/users\/2"}],"replies":[{"embeddable":true,"href":"https:\/\/super-news.info\/es\/wp-json\/wp\/v2\/comments?post=15192"}],"version-history":[{"count":1,"href":"https:\/\/super-news.info\/es\/wp-json\/wp\/v2\/posts\/15192\/revisions"}],"predecessor-version":[{"id":15194,"href":"https:\/\/super-news.info\/es\/wp-json\/wp\/v2\/posts\/15192\/revisions\/15194"}],"wp:featuredmedia":[{"embeddable":true,"href":"https:\/\/super-news.info\/es\/wp-json\/wp\/v2\/media\/15193"}],"wp:attachment":[{"href":"https:\/\/super-news.info\/es\/wp-json\/wp\/v2\/media?parent=15192"}],"wp:term":[{"taxonomy":"category","embeddable":true,"href":"https:\/\/super-news.info\/es\/wp-json\/wp\/v2\/categories?post=15192"},{"taxonomy":"post_tag","embeddable":true,"href":"https:\/\/super-news.info\/es\/wp-json\/wp\/v2\/tags?post=15192"}],"curies":[{"name":"wp","href":"https:\/\/api.w.org\/{rel}","templated":true}]}}