{"id":15029,"date":"2021-06-19T05:31:33","date_gmt":"2021-06-19T02:31:33","guid":{"rendered":"https:\/\/super-news.info\/es\/se-esta-demandado-mas-humanidad-de-las-marcas-tiff-rolfe-r-ga\/"},"modified":"2021-06-19T05:31:34","modified_gmt":"2021-06-19T02:31:34","slug":"se-esta-demandado-mas-humanidad-de-las-marcas-tiff-rolfe-r-ga","status":"publish","type":"post","link":"https:\/\/super-news.info\/es\/se-esta-demandado-mas-humanidad-de-las-marcas-tiff-rolfe-r-ga\/","title":{"rendered":"&#8220;Se est\u00e1 demandado m\u00e1s humanidad de las marcas&#8221;, Tiff Rolfe (R\/GA)"},"content":{"rendered":"<p>Tiff Rolfe, Global Chief Creative Officer de R\/GA, ha hablado en el D\u00eda C 2021 sobre el binomio tecnolog\u00eda y humanidad.<br \/>\nEl 80% de los consumidores globales quieren que las marcas resuelvan los problemas sociales. Este ha sido uno de los reveladores datos en los que se ha apoyado Tiff Rolfe, Global Chief Creative Officer de R\/GA, durante su ponencia en el D\u00eda C 2021, que hoy se ha celebrado de forma presencial, con aforo limitado, y tambi\u00e9n se ha retransmitido por streaming.<br \/>\nDurante su charla, la creativa ha hablado de la visi\u00f3n de R\/GA, empresa que bajo su inspirador lema \u00abWe design businesses and brands for a more human future\u00bb (Dise\u00f1amos negocios y marcas para un futuro m\u00e1s humano), abraza el cambio y defiende firmemente la necesidad de adaptarse.<br \/>\n\u00abCada 9 a\u00f1os nos reinventamos, y ahora estamos en otro cambio\u00bb, ha dicho Tiff Rolfe haciendo referencia a los cambios que ha tra\u00eddo la pandemia. \u00abNuestro nuevo rol comienza con los cambios en el mundo\u00bb, ha recalcado, explicando que en R\/GA fueron pioneros en hablar del poder disruptor de la tecnolog\u00eda y de la necesidad de transformarse. \u00abEste ha sido el a\u00f1o del \u2018digital first&#8217;\u00bb, ha recordado. Tras la llegada de la crisis del COVID-19, los equipos han tenido que adaptarse a trabajar en lugares donde antes no sol\u00edan trabajar, algo que de momento parece que no va a cambiar.<\/p>\n<p>? &#8220;La gente est\u00e1 demandado m\u00e1s humanidad de las marcas y los negocios. El 80% de los consumidores quieren que las marcas resuelvan los problemas sociales&#8221;?Tiff Rolfe, Global Chief Creative Officer en <a rel=\"nofollow noopener noreferrer\" target=\"_blank\" href=\"https:\/\/twitter.com\/RGA?ref_src=twsrc%5Etfw\">@RGA<\/a><a rel=\"nofollow noopener noreferrer\" target=\"_blank\" href=\"https:\/\/twitter.com\/hashtag\/cdec2021?src=hash&amp;ref_src=twsrc%5Etfw\">#cdec2021<\/a> <a rel=\"nofollow noopener noreferrer\" target=\"_blank\" href=\"https:\/\/twitter.com\/hashtag\/D%C3%ADaC2021?src=hash&amp;ref_src=twsrc%5Etfw\">#D\u00edaC2021<\/a> <a rel=\"nofollow noopener noreferrer\" target=\"_blank\" href=\"https:\/\/t.co\/HQ7NO8Ppkc\">pic.twitter.com\/HQ7NO8Ppkc<\/a>\u2014 MarketingDirecto.com (@mkdirecto) <a rel=\"nofollow noopener noreferrer\" target=\"_blank\" href=\"https:\/\/twitter.com\/mkdirecto\/status\/1405911247858589698?ref_src=twsrc%5Etfw\">June 18, 2021<\/a><\/p>\n<p>\u00abHay una victoria de la tecnolog\u00eda y es una de las fuerzas definitorias de nuestro mundo. La otra es la demanda de humanidad\u00bb, ha asegurado la creativa durante su ponencia: \u00abEstamos viendo que la gente est\u00e1 demandado m\u00e1s humanidad de las marcas y los negocios\u00bb.<br \/>\nCon esto sobre la mesa y haciendo un repaso por la historia y c\u00f3mo los humanos han utilizado la tecnolog\u00eda para resolver sus necesidades, pensaron en su prop\u00f3sito y dieron con el lema que les acompa\u00f1a desde entonces. \u00abEl futuro es el objetivo, tenemos que ver c\u00f3mo la tecnolog\u00eda va a ayudar a la gente para lograr un mejor resultado para todos\u00ab, ha afirmado.<\/p>\n<p>Desde R\/GA ven a una marca es un sistema operativo. \u00abLas marcas tienen que cambiar, lo hemos visto durante la pandemia. Tienes que conocer a tu marca para adaptarte y cambiar con las necesidades\u00bb, ha explicado. A la hora de dise\u00f1ar una marca, se centran en cuatro aspectos: branding, comunicaciones, relaciones y experiencias. \u00abTodas tienen que funcionar en t\u00e1ndem para que la experiencia de la gente sea coherente. Si una est\u00e1 \u2018off\u2019, ser\u00e1 una experiencia desconectada\u00bb, ha advertido. Como ejemplos de empresas que han combinado estos puntos ha citado a Reddit, Patagonia, Nike y Verizon. \u00abEs un gran ejemplo de c\u00f3mo aprovechar la tecnolog\u00eda de una manera muy humana\u00bb, ha dicho sobre el estadio 5G de Verizon en Fortnite.<\/p>\n<p>Si no visualiza correctamente el v\u00eddeo embedded, haga clic aqu\u00ed.<\/p>\n<p>No te pierdas nada de MarketingDirecto.com y \u00fanete a nuestro Telegram t.me\/MarketingDirecto<br \/>\n<script async src=\"https:\/\/platform.twitter.com\/widgets.js\" charset=\"utf-8\"><\/script><br \/>\n<br \/>\n<!--noindex--><br \/>\n<a href=\"https:\/\/www.marketingdirecto.com\/marketing-general\/publicidad\/gente-demandado-humanidad-marcas-negocios-tiff-rolfe-rga\" rel=\"nofollow\">Source link <\/a><br \/>\n<!--\/noindex--><\/p>\n","protected":false},"excerpt":{"rendered":"<p>Tiff Rolfe, Global Chief Creative Officer de R\/GA, ha hablado en el D\u00eda C 2021 sobre el binomio tecnolog\u00eda y humanidad. El 80% de los consumidores globales quieren que las marcas resuelvan los problemas sociales. Este ha sido uno de los reveladores datos en los que se ha apoyado Tiff Rolfe, Global Chief Creative Officer [&hellip;]<\/p>\n","protected":false},"author":2,"featured_media":15030,"comment_status":"open","ping_status":"open","sticky":false,"template":"","format":"standard","meta":{"footnotes":""},"categories":[2],"tags":[],"class_list":["post-15029","post","type-post","status-publish","format-standard","has-post-thumbnail","hentry","category-noticias-de-marketing-digital"],"yoast_head":"<!-- This site is optimized with the Yoast SEO plugin v27.4 - https:\/\/yoast.com\/product\/yoast-seo-wordpress\/ -->\n<title>&quot;Se est\u00e1 demandado m\u00e1s humanidad de las marcas&quot;, Tiff Rolfe (R\/GA) - Super News<\/title>\n<meta name=\"robots\" content=\"index, follow, max-snippet:-1, max-image-preview:large, max-video-preview:-1\" \/>\n<link rel=\"canonical\" href=\"https:\/\/super-news.info\/es\/se-esta-demandado-mas-humanidad-de-las-marcas-tiff-rolfe-r-ga\/\" \/>\n<meta property=\"og:locale\" content=\"en_US\" \/>\n<meta property=\"og:type\" content=\"article\" \/>\n<meta property=\"og:title\" content=\"&quot;Se est\u00e1 demandado m\u00e1s humanidad de las marcas&quot;, Tiff Rolfe (R\/GA) - Super News\" \/>\n<meta property=\"og:description\" content=\"Tiff Rolfe, Global Chief Creative Officer de R\/GA, ha hablado en el D\u00eda C 2021 sobre el binomio tecnolog\u00eda y humanidad. El 80% de los consumidores globales quieren que las marcas resuelvan los problemas sociales. Este ha sido uno de los reveladores datos en los que se ha apoyado Tiff Rolfe, Global Chief Creative Officer [&hellip;]\" \/>\n<meta property=\"og:url\" content=\"https:\/\/super-news.info\/es\/se-esta-demandado-mas-humanidad-de-las-marcas-tiff-rolfe-r-ga\/\" \/>\n<meta property=\"og:site_name\" content=\"Super News\" \/>\n<meta property=\"article:published_time\" content=\"2021-06-19T02:31:33+00:00\" \/>\n<meta property=\"article:modified_time\" content=\"2021-06-19T02:31:34+00:00\" \/>\n<meta property=\"og:image\" content=\"https:\/\/super-news.info\/es\/wp-content\/uploads\/sites\/4\/2021\/06\/Se-esta-demandado-mas-humanidad-de-las-marcas-Tiff-Rolfe.jpg\" \/>\n\t<meta property=\"og:image:width\" content=\"1200\" \/>\n\t<meta property=\"og:image:height\" content=\"675\" \/>\n\t<meta property=\"og:image:type\" content=\"image\/jpeg\" \/>\n<meta name=\"author\" content=\"super-news\" \/>\n<meta name=\"twitter:card\" content=\"summary_large_image\" \/>\n<meta name=\"twitter:label1\" content=\"Written by\" \/>\n\t<meta name=\"twitter:data1\" content=\"super-news\" \/>\n\t<meta name=\"twitter:label2\" content=\"Est. reading time\" \/>\n\t<meta name=\"twitter:data2\" content=\"3 minutes\" \/>\n<script type=\"application\/ld+json\" class=\"yoast-schema-graph\">{\"@context\":\"https:\\\/\\\/schema.org\",\"@graph\":[{\"@type\":\"Article\",\"@id\":\"https:\\\/\\\/super-news.info\\\/es\\\/se-esta-demandado-mas-humanidad-de-las-marcas-tiff-rolfe-r-ga\\\/#article\",\"isPartOf\":{\"@id\":\"https:\\\/\\\/super-news.info\\\/es\\\/se-esta-demandado-mas-humanidad-de-las-marcas-tiff-rolfe-r-ga\\\/\"},\"author\":{\"name\":\"super-news\",\"@id\":\"https:\\\/\\\/super-news.info\\\/es\\\/#\\\/schema\\\/person\\\/2d4068cb2f39cd10008c2fce578a7356\"},\"headline\":\"&#8220;Se est\u00e1 demandado m\u00e1s humanidad de las marcas&#8221;, Tiff Rolfe (R\\\/GA)\",\"datePublished\":\"2021-06-19T02:31:33+00:00\",\"dateModified\":\"2021-06-19T02:31:34+00:00\",\"mainEntityOfPage\":{\"@id\":\"https:\\\/\\\/super-news.info\\\/es\\\/se-esta-demandado-mas-humanidad-de-las-marcas-tiff-rolfe-r-ga\\\/\"},\"wordCount\":570,\"commentCount\":0,\"image\":{\"@id\":\"https:\\\/\\\/super-news.info\\\/es\\\/se-esta-demandado-mas-humanidad-de-las-marcas-tiff-rolfe-r-ga\\\/#primaryimage\"},\"thumbnailUrl\":\"https:\\\/\\\/super-news.info\\\/es\\\/wp-content\\\/uploads\\\/sites\\\/4\\\/2021\\\/06\\\/Se-esta-demandado-mas-humanidad-de-las-marcas-Tiff-Rolfe.jpg\",\"articleSection\":[\"NOTICIAS DE MARKETING DIGITAL\"],\"inLanguage\":\"en-US\",\"potentialAction\":[{\"@type\":\"CommentAction\",\"name\":\"Comment\",\"target\":[\"https:\\\/\\\/super-news.info\\\/es\\\/se-esta-demandado-mas-humanidad-de-las-marcas-tiff-rolfe-r-ga\\\/#respond\"]}]},{\"@type\":\"WebPage\",\"@id\":\"https:\\\/\\\/super-news.info\\\/es\\\/se-esta-demandado-mas-humanidad-de-las-marcas-tiff-rolfe-r-ga\\\/\",\"url\":\"https:\\\/\\\/super-news.info\\\/es\\\/se-esta-demandado-mas-humanidad-de-las-marcas-tiff-rolfe-r-ga\\\/\",\"name\":\"\\\"Se est\u00e1 demandado m\u00e1s humanidad de las marcas\\\", Tiff Rolfe (R\\\/GA) - Super News\",\"isPartOf\":{\"@id\":\"https:\\\/\\\/super-news.info\\\/es\\\/#website\"},\"primaryImageOfPage\":{\"@id\":\"https:\\\/\\\/super-news.info\\\/es\\\/se-esta-demandado-mas-humanidad-de-las-marcas-tiff-rolfe-r-ga\\\/#primaryimage\"},\"image\":{\"@id\":\"https:\\\/\\\/super-news.info\\\/es\\\/se-esta-demandado-mas-humanidad-de-las-marcas-tiff-rolfe-r-ga\\\/#primaryimage\"},\"thumbnailUrl\":\"https:\\\/\\\/super-news.info\\\/es\\\/wp-content\\\/uploads\\\/sites\\\/4\\\/2021\\\/06\\\/Se-esta-demandado-mas-humanidad-de-las-marcas-Tiff-Rolfe.jpg\",\"datePublished\":\"2021-06-19T02:31:33+00:00\",\"dateModified\":\"2021-06-19T02:31:34+00:00\",\"author\":{\"@id\":\"https:\\\/\\\/super-news.info\\\/es\\\/#\\\/schema\\\/person\\\/2d4068cb2f39cd10008c2fce578a7356\"},\"breadcrumb\":{\"@id\":\"https:\\\/\\\/super-news.info\\\/es\\\/se-esta-demandado-mas-humanidad-de-las-marcas-tiff-rolfe-r-ga\\\/#breadcrumb\"},\"inLanguage\":\"en-US\",\"potentialAction\":[{\"@type\":\"ReadAction\",\"target\":[\"https:\\\/\\\/super-news.info\\\/es\\\/se-esta-demandado-mas-humanidad-de-las-marcas-tiff-rolfe-r-ga\\\/\"]}]},{\"@type\":\"ImageObject\",\"inLanguage\":\"en-US\",\"@id\":\"https:\\\/\\\/super-news.info\\\/es\\\/se-esta-demandado-mas-humanidad-de-las-marcas-tiff-rolfe-r-ga\\\/#primaryimage\",\"url\":\"https:\\\/\\\/super-news.info\\\/es\\\/wp-content\\\/uploads\\\/sites\\\/4\\\/2021\\\/06\\\/Se-esta-demandado-mas-humanidad-de-las-marcas-Tiff-Rolfe.jpg\",\"contentUrl\":\"https:\\\/\\\/super-news.info\\\/es\\\/wp-content\\\/uploads\\\/sites\\\/4\\\/2021\\\/06\\\/Se-esta-demandado-mas-humanidad-de-las-marcas-Tiff-Rolfe.jpg\",\"width\":1200,\"height\":675,\"caption\":\"\\\"Se est\u00e1 demandado m\u00e1s humanidad de las marcas\\\", Tiff Rolfe (R\\\/GA)\"},{\"@type\":\"BreadcrumbList\",\"@id\":\"https:\\\/\\\/super-news.info\\\/es\\\/se-esta-demandado-mas-humanidad-de-las-marcas-tiff-rolfe-r-ga\\\/#breadcrumb\",\"itemListElement\":[{\"@type\":\"ListItem\",\"position\":1,\"name\":\"\u0413\u043b\u0430\u0432\u043d\u0430\u044f \u0441\u0442\u0440\u0430\u043d\u0438\u0446\u0430\",\"item\":\"https:\\\/\\\/super-news.info\\\/es\\\/\"},{\"@type\":\"ListItem\",\"position\":2,\"name\":\"&#8220;Se est\u00e1 demandado m\u00e1s humanidad de las marcas&#8221;, Tiff Rolfe (R\\\/GA)\"}]},{\"@type\":\"WebSite\",\"@id\":\"https:\\\/\\\/super-news.info\\\/es\\\/#website\",\"url\":\"https:\\\/\\\/super-news.info\\\/es\\\/\",\"name\":\"Super News\",\"description\":\"Super News Espa\u00f1a\",\"potentialAction\":[{\"@type\":\"SearchAction\",\"target\":{\"@type\":\"EntryPoint\",\"urlTemplate\":\"https:\\\/\\\/super-news.info\\\/es\\\/?s={search_term_string}\"},\"query-input\":{\"@type\":\"PropertyValueSpecification\",\"valueRequired\":true,\"valueName\":\"search_term_string\"}}],\"inLanguage\":\"en-US\"},{\"@type\":\"Person\",\"@id\":\"https:\\\/\\\/super-news.info\\\/es\\\/#\\\/schema\\\/person\\\/2d4068cb2f39cd10008c2fce578a7356\",\"name\":\"super-news\",\"image\":{\"@type\":\"ImageObject\",\"inLanguage\":\"en-US\",\"@id\":\"https:\\\/\\\/secure.gravatar.com\\\/avatar\\\/64ebac40b93f26a154f8a9b5b6fdccfc46f442b26b3dd6756dbff3bf9dc76fd7?s=96&d=mm&r=g\",\"url\":\"https:\\\/\\\/secure.gravatar.com\\\/avatar\\\/64ebac40b93f26a154f8a9b5b6fdccfc46f442b26b3dd6756dbff3bf9dc76fd7?s=96&d=mm&r=g\",\"contentUrl\":\"https:\\\/\\\/secure.gravatar.com\\\/avatar\\\/64ebac40b93f26a154f8a9b5b6fdccfc46f442b26b3dd6756dbff3bf9dc76fd7?s=96&d=mm&r=g\",\"caption\":\"super-news\"},\"url\":\"https:\\\/\\\/super-news.info\\\/es\\\/author\\\/pt\\\/\"}]}<\/script>\n<!-- \/ Yoast SEO plugin. -->","yoast_head_json":{"title":"\"Se est\u00e1 demandado m\u00e1s humanidad de las marcas\", Tiff Rolfe (R\/GA) - Super News","robots":{"index":"index","follow":"follow","max-snippet":"max-snippet:-1","max-image-preview":"max-image-preview:large","max-video-preview":"max-video-preview:-1"},"canonical":"https:\/\/super-news.info\/es\/se-esta-demandado-mas-humanidad-de-las-marcas-tiff-rolfe-r-ga\/","og_locale":"en_US","og_type":"article","og_title":"\"Se est\u00e1 demandado m\u00e1s humanidad de las marcas\", Tiff Rolfe (R\/GA) - Super News","og_description":"Tiff Rolfe, Global Chief Creative Officer de R\/GA, ha hablado en el D\u00eda C 2021 sobre el binomio tecnolog\u00eda y humanidad. El 80% de los consumidores globales quieren que las marcas resuelvan los problemas sociales. Este ha sido uno de los reveladores datos en los que se ha apoyado Tiff Rolfe, Global Chief Creative Officer [&hellip;]","og_url":"https:\/\/super-news.info\/es\/se-esta-demandado-mas-humanidad-de-las-marcas-tiff-rolfe-r-ga\/","og_site_name":"Super News","article_published_time":"2021-06-19T02:31:33+00:00","article_modified_time":"2021-06-19T02:31:34+00:00","og_image":[{"width":1200,"height":675,"url":"https:\/\/super-news.info\/es\/wp-content\/uploads\/sites\/4\/2021\/06\/Se-esta-demandado-mas-humanidad-de-las-marcas-Tiff-Rolfe.jpg","type":"image\/jpeg"}],"author":"super-news","twitter_card":"summary_large_image","twitter_misc":{"Written by":"super-news","Est. reading time":"3 minutes"},"schema":{"@context":"https:\/\/schema.org","@graph":[{"@type":"Article","@id":"https:\/\/super-news.info\/es\/se-esta-demandado-mas-humanidad-de-las-marcas-tiff-rolfe-r-ga\/#article","isPartOf":{"@id":"https:\/\/super-news.info\/es\/se-esta-demandado-mas-humanidad-de-las-marcas-tiff-rolfe-r-ga\/"},"author":{"name":"super-news","@id":"https:\/\/super-news.info\/es\/#\/schema\/person\/2d4068cb2f39cd10008c2fce578a7356"},"headline":"&#8220;Se est\u00e1 demandado m\u00e1s humanidad de las marcas&#8221;, Tiff Rolfe (R\/GA)","datePublished":"2021-06-19T02:31:33+00:00","dateModified":"2021-06-19T02:31:34+00:00","mainEntityOfPage":{"@id":"https:\/\/super-news.info\/es\/se-esta-demandado-mas-humanidad-de-las-marcas-tiff-rolfe-r-ga\/"},"wordCount":570,"commentCount":0,"image":{"@id":"https:\/\/super-news.info\/es\/se-esta-demandado-mas-humanidad-de-las-marcas-tiff-rolfe-r-ga\/#primaryimage"},"thumbnailUrl":"https:\/\/super-news.info\/es\/wp-content\/uploads\/sites\/4\/2021\/06\/Se-esta-demandado-mas-humanidad-de-las-marcas-Tiff-Rolfe.jpg","articleSection":["NOTICIAS DE MARKETING DIGITAL"],"inLanguage":"en-US","potentialAction":[{"@type":"CommentAction","name":"Comment","target":["https:\/\/super-news.info\/es\/se-esta-demandado-mas-humanidad-de-las-marcas-tiff-rolfe-r-ga\/#respond"]}]},{"@type":"WebPage","@id":"https:\/\/super-news.info\/es\/se-esta-demandado-mas-humanidad-de-las-marcas-tiff-rolfe-r-ga\/","url":"https:\/\/super-news.info\/es\/se-esta-demandado-mas-humanidad-de-las-marcas-tiff-rolfe-r-ga\/","name":"\"Se est\u00e1 demandado m\u00e1s humanidad de las marcas\", Tiff Rolfe (R\/GA) - Super News","isPartOf":{"@id":"https:\/\/super-news.info\/es\/#website"},"primaryImageOfPage":{"@id":"https:\/\/super-news.info\/es\/se-esta-demandado-mas-humanidad-de-las-marcas-tiff-rolfe-r-ga\/#primaryimage"},"image":{"@id":"https:\/\/super-news.info\/es\/se-esta-demandado-mas-humanidad-de-las-marcas-tiff-rolfe-r-ga\/#primaryimage"},"thumbnailUrl":"https:\/\/super-news.info\/es\/wp-content\/uploads\/sites\/4\/2021\/06\/Se-esta-demandado-mas-humanidad-de-las-marcas-Tiff-Rolfe.jpg","datePublished":"2021-06-19T02:31:33+00:00","dateModified":"2021-06-19T02:31:34+00:00","author":{"@id":"https:\/\/super-news.info\/es\/#\/schema\/person\/2d4068cb2f39cd10008c2fce578a7356"},"breadcrumb":{"@id":"https:\/\/super-news.info\/es\/se-esta-demandado-mas-humanidad-de-las-marcas-tiff-rolfe-r-ga\/#breadcrumb"},"inLanguage":"en-US","potentialAction":[{"@type":"ReadAction","target":["https:\/\/super-news.info\/es\/se-esta-demandado-mas-humanidad-de-las-marcas-tiff-rolfe-r-ga\/"]}]},{"@type":"ImageObject","inLanguage":"en-US","@id":"https:\/\/super-news.info\/es\/se-esta-demandado-mas-humanidad-de-las-marcas-tiff-rolfe-r-ga\/#primaryimage","url":"https:\/\/super-news.info\/es\/wp-content\/uploads\/sites\/4\/2021\/06\/Se-esta-demandado-mas-humanidad-de-las-marcas-Tiff-Rolfe.jpg","contentUrl":"https:\/\/super-news.info\/es\/wp-content\/uploads\/sites\/4\/2021\/06\/Se-esta-demandado-mas-humanidad-de-las-marcas-Tiff-Rolfe.jpg","width":1200,"height":675,"caption":"\"Se est\u00e1 demandado m\u00e1s humanidad de las marcas\", Tiff Rolfe (R\/GA)"},{"@type":"BreadcrumbList","@id":"https:\/\/super-news.info\/es\/se-esta-demandado-mas-humanidad-de-las-marcas-tiff-rolfe-r-ga\/#breadcrumb","itemListElement":[{"@type":"ListItem","position":1,"name":"\u0413\u043b\u0430\u0432\u043d\u0430\u044f \u0441\u0442\u0440\u0430\u043d\u0438\u0446\u0430","item":"https:\/\/super-news.info\/es\/"},{"@type":"ListItem","position":2,"name":"&#8220;Se est\u00e1 demandado m\u00e1s humanidad de las marcas&#8221;, Tiff Rolfe (R\/GA)"}]},{"@type":"WebSite","@id":"https:\/\/super-news.info\/es\/#website","url":"https:\/\/super-news.info\/es\/","name":"Super News","description":"Super News Espa\u00f1a","potentialAction":[{"@type":"SearchAction","target":{"@type":"EntryPoint","urlTemplate":"https:\/\/super-news.info\/es\/?s={search_term_string}"},"query-input":{"@type":"PropertyValueSpecification","valueRequired":true,"valueName":"search_term_string"}}],"inLanguage":"en-US"},{"@type":"Person","@id":"https:\/\/super-news.info\/es\/#\/schema\/person\/2d4068cb2f39cd10008c2fce578a7356","name":"super-news","image":{"@type":"ImageObject","inLanguage":"en-US","@id":"https:\/\/secure.gravatar.com\/avatar\/64ebac40b93f26a154f8a9b5b6fdccfc46f442b26b3dd6756dbff3bf9dc76fd7?s=96&d=mm&r=g","url":"https:\/\/secure.gravatar.com\/avatar\/64ebac40b93f26a154f8a9b5b6fdccfc46f442b26b3dd6756dbff3bf9dc76fd7?s=96&d=mm&r=g","contentUrl":"https:\/\/secure.gravatar.com\/avatar\/64ebac40b93f26a154f8a9b5b6fdccfc46f442b26b3dd6756dbff3bf9dc76fd7?s=96&d=mm&r=g","caption":"super-news"},"url":"https:\/\/super-news.info\/es\/author\/pt\/"}]}},"_links":{"self":[{"href":"https:\/\/super-news.info\/es\/wp-json\/wp\/v2\/posts\/15029","targetHints":{"allow":["GET"]}}],"collection":[{"href":"https:\/\/super-news.info\/es\/wp-json\/wp\/v2\/posts"}],"about":[{"href":"https:\/\/super-news.info\/es\/wp-json\/wp\/v2\/types\/post"}],"author":[{"embeddable":true,"href":"https:\/\/super-news.info\/es\/wp-json\/wp\/v2\/users\/2"}],"replies":[{"embeddable":true,"href":"https:\/\/super-news.info\/es\/wp-json\/wp\/v2\/comments?post=15029"}],"version-history":[{"count":1,"href":"https:\/\/super-news.info\/es\/wp-json\/wp\/v2\/posts\/15029\/revisions"}],"predecessor-version":[{"id":15031,"href":"https:\/\/super-news.info\/es\/wp-json\/wp\/v2\/posts\/15029\/revisions\/15031"}],"wp:featuredmedia":[{"embeddable":true,"href":"https:\/\/super-news.info\/es\/wp-json\/wp\/v2\/media\/15030"}],"wp:attachment":[{"href":"https:\/\/super-news.info\/es\/wp-json\/wp\/v2\/media?parent=15029"}],"wp:term":[{"taxonomy":"category","embeddable":true,"href":"https:\/\/super-news.info\/es\/wp-json\/wp\/v2\/categories?post=15029"},{"taxonomy":"post_tag","embeddable":true,"href":"https:\/\/super-news.info\/es\/wp-json\/wp\/v2\/tags?post=15029"}],"curies":[{"name":"wp","href":"https:\/\/api.w.org\/{rel}","templated":true}]}}