{"id":15023,"date":"2021-06-18T17:30:26","date_gmt":"2021-06-18T14:30:26","guid":{"rendered":"https:\/\/super-news.info\/es\/amazon-quema-a-su-plantilla-y-podria-quedarse-sin-mano-de-obra\/"},"modified":"2021-06-18T17:30:28","modified_gmt":"2021-06-18T14:30:28","slug":"amazon-quema-a-su-plantilla-y-podria-quedarse-sin-mano-de-obra","status":"publish","type":"post","link":"https:\/\/super-news.info\/es\/amazon-quema-a-su-plantilla-y-podria-quedarse-sin-mano-de-obra\/","title":{"rendered":"Amazon &#8220;quema&#8221; a su plantilla (y podr\u00eda quedarse sin mano de obra)"},"content":{"rendered":"<p>De acuerdo con un informe publicado el pasado martes por The New York Times, muchos de los m\u00e1s de 350.000 trabajadores que la empresa liderada por Jeff Bezos contrat\u00f3 entre julio y octubre del a\u00f1o pasado aguantaron en la compa\u00f1\u00eda apenas unos d\u00edas o unas semanas.<br \/>\nAunque en los \u00faltimos tiempos Amazon se ha esforzado por dar brillo y esplendor a su algo imagen (algo magullada) en calidad de empleador, lo cierto es que sobre el trabajo en sus centros de log\u00edstica sigue planeando la sombra de la malas condiciones laborales.<br \/>\nSi bien el gigante del software ha contratado a centenares de de miles de trabajadores para cubrir puestos de trabajo en sus almacenes, las personas que ha tenido a bien reclutar est\u00e1n renunciando a sus empleos a pr\u00e1cticamente la misma velocidad a la que se incorporan a las filas de Amazon.\u00a0<br \/>\nDe acuerdo con un informe publicado el pasado martes por The New York Times, muchos de los m\u00e1s de 350.000 trabajadores que la empresa liderada por Jeff Bezos contrat\u00f3 entre julio y octubre del a\u00f1o pasado aguantaron en la compa\u00f1\u00eda apenas unos d\u00edas o unas semanas.<br \/>\nEl a\u00f1o pasado hubo un tasa de rotaci\u00f3n del alrededor del 150% en el personal de los centros de log\u00edstica de Amazon, seg\u00fan el diario neoyorkino.<br \/>\n\u00bfSe quedar\u00e1n vac\u00edos los almacenes de Amazon si sigue escalando el \u00edndice de rotaci\u00f3n?<br \/>\nTan monstruosa tasa de rotaci\u00f3n ha llevado a algunos ejecutivos de Amazon a temer una eventual ausencia de mano de obra disponible para ocupar los puestos de trabajo en los almacenes de la compa\u00f1\u00eda en Estados Unidos.<br \/>\nEn 2020 Amazon ampli\u00f3 de manera masiva su plantilla en sus centros de log\u00edstica para hacer frente a los fuertes picos en la demanda como consecuencia del confinamiento solapado al coronavirus.<br \/>\nHace solo un mes, en mayo de este a\u00f1o, Amazon comenz\u00f3 ofrecer primas de 1.000 d\u00f3lares a los nuevos empleados de sus almacenes (quiz\u00e1s un s\u00edntoma de que la compa\u00f1\u00eda tiene efectivamente un problema de rotaci\u00f3n en su plantilla y est\u00e1 tratando de atajarlo mediante incentivos para los trabajadores de nueva hornada).<br \/>\nEn el informe de The New York Times un exejecutivo de Amazon que supervis\u00f3 el \u00e1rea de recursos de humanos en los centros de log\u00edstica de la compa\u00f1\u00eda compara la insoportable rotaci\u00f3n de empleados en los almacenes de la empresa con el uso de combustibles f\u00f3siles. \u00abContinuamos us\u00e1ndolos aun cuando sabemos que con su uso contribuimos lentamente a nuestra propia extinci\u00f3n\u00bb, dice.<\/p>\n<p>No te pierdas nada de MarketingDirecto.com y \u00fanete a nuestro Telegram t.me\/MarketingDirecto<\/p>\n<p>\n<!--noindex--><br \/>\n<a href=\"https:\/\/www.marketingdirecto.com\/digital-general\/e-commerce\/amazon-quema-tan-rapido-empleados-podria-quedarse-mano-de-obra\" rel=\"nofollow\">Source link <\/a><br \/>\n<!--\/noindex--><\/p>\n","protected":false},"excerpt":{"rendered":"<p>De acuerdo con un informe publicado el pasado martes por The New York Times, muchos de los m\u00e1s de 350.000 trabajadores que la empresa liderada por Jeff Bezos contrat\u00f3 entre julio y octubre del a\u00f1o pasado aguantaron en la compa\u00f1\u00eda apenas unos d\u00edas o unas semanas. Aunque en los \u00faltimos tiempos Amazon se ha esforzado [&hellip;]<\/p>\n","protected":false},"author":2,"featured_media":15024,"comment_status":"open","ping_status":"open","sticky":false,"template":"","format":"standard","meta":{"footnotes":""},"categories":[2],"tags":[],"class_list":["post-15023","post","type-post","status-publish","format-standard","has-post-thumbnail","hentry","category-noticias-de-marketing-digital"],"yoast_head":"<!-- This site is optimized with the Yoast SEO plugin v27.4 - https:\/\/yoast.com\/product\/yoast-seo-wordpress\/ -->\n<title>Amazon &quot;quema&quot; a su plantilla (y podr\u00eda quedarse sin mano de obra) - Super News<\/title>\n<meta name=\"robots\" content=\"index, follow, max-snippet:-1, max-image-preview:large, max-video-preview:-1\" \/>\n<link rel=\"canonical\" href=\"https:\/\/super-news.info\/es\/amazon-quema-a-su-plantilla-y-podria-quedarse-sin-mano-de-obra\/\" \/>\n<meta property=\"og:locale\" content=\"en_US\" \/>\n<meta property=\"og:type\" content=\"article\" \/>\n<meta property=\"og:title\" content=\"Amazon &quot;quema&quot; a su plantilla (y podr\u00eda quedarse sin mano de obra) - Super News\" \/>\n<meta property=\"og:description\" content=\"De acuerdo con un informe publicado el pasado martes por The New York Times, muchos de los m\u00e1s de 350.000 trabajadores que la empresa liderada por Jeff Bezos contrat\u00f3 entre julio y octubre del a\u00f1o pasado aguantaron en la compa\u00f1\u00eda apenas unos d\u00edas o unas semanas. Aunque en los \u00faltimos tiempos Amazon se ha esforzado [&hellip;]\" \/>\n<meta property=\"og:url\" content=\"https:\/\/super-news.info\/es\/amazon-quema-a-su-plantilla-y-podria-quedarse-sin-mano-de-obra\/\" \/>\n<meta property=\"og:site_name\" content=\"Super News\" \/>\n<meta property=\"article:published_time\" content=\"2021-06-18T14:30:26+00:00\" \/>\n<meta property=\"article:modified_time\" content=\"2021-06-18T14:30:28+00:00\" \/>\n<meta property=\"og:image\" content=\"https:\/\/super-news.info\/es\/wp-content\/uploads\/sites\/4\/2021\/06\/Amazon-quema-a-su-plantilla-y-podria-quedarse-sin-mano.jpg\" \/>\n\t<meta property=\"og:image:width\" content=\"1200\" \/>\n\t<meta property=\"og:image:height\" content=\"675\" \/>\n\t<meta property=\"og:image:type\" content=\"image\/jpeg\" \/>\n<meta name=\"author\" content=\"super-news\" \/>\n<meta name=\"twitter:card\" content=\"summary_large_image\" \/>\n<meta name=\"twitter:label1\" content=\"Written by\" \/>\n\t<meta name=\"twitter:data1\" content=\"super-news\" \/>\n\t<meta name=\"twitter:label2\" content=\"Est. reading time\" \/>\n\t<meta name=\"twitter:data2\" content=\"2 minutes\" \/>\n<script type=\"application\/ld+json\" class=\"yoast-schema-graph\">{\"@context\":\"https:\\\/\\\/schema.org\",\"@graph\":[{\"@type\":\"Article\",\"@id\":\"https:\\\/\\\/super-news.info\\\/es\\\/amazon-quema-a-su-plantilla-y-podria-quedarse-sin-mano-de-obra\\\/#article\",\"isPartOf\":{\"@id\":\"https:\\\/\\\/super-news.info\\\/es\\\/amazon-quema-a-su-plantilla-y-podria-quedarse-sin-mano-de-obra\\\/\"},\"author\":{\"name\":\"super-news\",\"@id\":\"https:\\\/\\\/super-news.info\\\/es\\\/#\\\/schema\\\/person\\\/2d4068cb2f39cd10008c2fce578a7356\"},\"headline\":\"Amazon &#8220;quema&#8221; a su plantilla (y podr\u00eda quedarse sin mano de obra)\",\"datePublished\":\"2021-06-18T14:30:26+00:00\",\"dateModified\":\"2021-06-18T14:30:28+00:00\",\"mainEntityOfPage\":{\"@id\":\"https:\\\/\\\/super-news.info\\\/es\\\/amazon-quema-a-su-plantilla-y-podria-quedarse-sin-mano-de-obra\\\/\"},\"wordCount\":468,\"commentCount\":0,\"image\":{\"@id\":\"https:\\\/\\\/super-news.info\\\/es\\\/amazon-quema-a-su-plantilla-y-podria-quedarse-sin-mano-de-obra\\\/#primaryimage\"},\"thumbnailUrl\":\"https:\\\/\\\/super-news.info\\\/es\\\/wp-content\\\/uploads\\\/sites\\\/4\\\/2021\\\/06\\\/Amazon-quema-a-su-plantilla-y-podria-quedarse-sin-mano.jpg\",\"articleSection\":[\"NOTICIAS DE MARKETING DIGITAL\"],\"inLanguage\":\"en-US\",\"potentialAction\":[{\"@type\":\"CommentAction\",\"name\":\"Comment\",\"target\":[\"https:\\\/\\\/super-news.info\\\/es\\\/amazon-quema-a-su-plantilla-y-podria-quedarse-sin-mano-de-obra\\\/#respond\"]}]},{\"@type\":\"WebPage\",\"@id\":\"https:\\\/\\\/super-news.info\\\/es\\\/amazon-quema-a-su-plantilla-y-podria-quedarse-sin-mano-de-obra\\\/\",\"url\":\"https:\\\/\\\/super-news.info\\\/es\\\/amazon-quema-a-su-plantilla-y-podria-quedarse-sin-mano-de-obra\\\/\",\"name\":\"Amazon \\\"quema\\\" a su plantilla (y podr\u00eda quedarse sin mano de obra) - Super News\",\"isPartOf\":{\"@id\":\"https:\\\/\\\/super-news.info\\\/es\\\/#website\"},\"primaryImageOfPage\":{\"@id\":\"https:\\\/\\\/super-news.info\\\/es\\\/amazon-quema-a-su-plantilla-y-podria-quedarse-sin-mano-de-obra\\\/#primaryimage\"},\"image\":{\"@id\":\"https:\\\/\\\/super-news.info\\\/es\\\/amazon-quema-a-su-plantilla-y-podria-quedarse-sin-mano-de-obra\\\/#primaryimage\"},\"thumbnailUrl\":\"https:\\\/\\\/super-news.info\\\/es\\\/wp-content\\\/uploads\\\/sites\\\/4\\\/2021\\\/06\\\/Amazon-quema-a-su-plantilla-y-podria-quedarse-sin-mano.jpg\",\"datePublished\":\"2021-06-18T14:30:26+00:00\",\"dateModified\":\"2021-06-18T14:30:28+00:00\",\"author\":{\"@id\":\"https:\\\/\\\/super-news.info\\\/es\\\/#\\\/schema\\\/person\\\/2d4068cb2f39cd10008c2fce578a7356\"},\"breadcrumb\":{\"@id\":\"https:\\\/\\\/super-news.info\\\/es\\\/amazon-quema-a-su-plantilla-y-podria-quedarse-sin-mano-de-obra\\\/#breadcrumb\"},\"inLanguage\":\"en-US\",\"potentialAction\":[{\"@type\":\"ReadAction\",\"target\":[\"https:\\\/\\\/super-news.info\\\/es\\\/amazon-quema-a-su-plantilla-y-podria-quedarse-sin-mano-de-obra\\\/\"]}]},{\"@type\":\"ImageObject\",\"inLanguage\":\"en-US\",\"@id\":\"https:\\\/\\\/super-news.info\\\/es\\\/amazon-quema-a-su-plantilla-y-podria-quedarse-sin-mano-de-obra\\\/#primaryimage\",\"url\":\"https:\\\/\\\/super-news.info\\\/es\\\/wp-content\\\/uploads\\\/sites\\\/4\\\/2021\\\/06\\\/Amazon-quema-a-su-plantilla-y-podria-quedarse-sin-mano.jpg\",\"contentUrl\":\"https:\\\/\\\/super-news.info\\\/es\\\/wp-content\\\/uploads\\\/sites\\\/4\\\/2021\\\/06\\\/Amazon-quema-a-su-plantilla-y-podria-quedarse-sin-mano.jpg\",\"width\":1200,\"height\":675,\"caption\":\"Amazon \\\"quema\\\" a su plantilla (y podr\u00eda quedarse sin mano de obra)\"},{\"@type\":\"BreadcrumbList\",\"@id\":\"https:\\\/\\\/super-news.info\\\/es\\\/amazon-quema-a-su-plantilla-y-podria-quedarse-sin-mano-de-obra\\\/#breadcrumb\",\"itemListElement\":[{\"@type\":\"ListItem\",\"position\":1,\"name\":\"\u0413\u043b\u0430\u0432\u043d\u0430\u044f \u0441\u0442\u0440\u0430\u043d\u0438\u0446\u0430\",\"item\":\"https:\\\/\\\/super-news.info\\\/es\\\/\"},{\"@type\":\"ListItem\",\"position\":2,\"name\":\"Amazon &#8220;quema&#8221; a su plantilla (y podr\u00eda quedarse sin mano de obra)\"}]},{\"@type\":\"WebSite\",\"@id\":\"https:\\\/\\\/super-news.info\\\/es\\\/#website\",\"url\":\"https:\\\/\\\/super-news.info\\\/es\\\/\",\"name\":\"Super News\",\"description\":\"Super News Espa\u00f1a\",\"potentialAction\":[{\"@type\":\"SearchAction\",\"target\":{\"@type\":\"EntryPoint\",\"urlTemplate\":\"https:\\\/\\\/super-news.info\\\/es\\\/?s={search_term_string}\"},\"query-input\":{\"@type\":\"PropertyValueSpecification\",\"valueRequired\":true,\"valueName\":\"search_term_string\"}}],\"inLanguage\":\"en-US\"},{\"@type\":\"Person\",\"@id\":\"https:\\\/\\\/super-news.info\\\/es\\\/#\\\/schema\\\/person\\\/2d4068cb2f39cd10008c2fce578a7356\",\"name\":\"super-news\",\"image\":{\"@type\":\"ImageObject\",\"inLanguage\":\"en-US\",\"@id\":\"https:\\\/\\\/secure.gravatar.com\\\/avatar\\\/64ebac40b93f26a154f8a9b5b6fdccfc46f442b26b3dd6756dbff3bf9dc76fd7?s=96&d=mm&r=g\",\"url\":\"https:\\\/\\\/secure.gravatar.com\\\/avatar\\\/64ebac40b93f26a154f8a9b5b6fdccfc46f442b26b3dd6756dbff3bf9dc76fd7?s=96&d=mm&r=g\",\"contentUrl\":\"https:\\\/\\\/secure.gravatar.com\\\/avatar\\\/64ebac40b93f26a154f8a9b5b6fdccfc46f442b26b3dd6756dbff3bf9dc76fd7?s=96&d=mm&r=g\",\"caption\":\"super-news\"},\"url\":\"https:\\\/\\\/super-news.info\\\/es\\\/author\\\/pt\\\/\"}]}<\/script>\n<!-- \/ Yoast SEO plugin. -->","yoast_head_json":{"title":"Amazon \"quema\" a su plantilla (y podr\u00eda quedarse sin mano de obra) - Super News","robots":{"index":"index","follow":"follow","max-snippet":"max-snippet:-1","max-image-preview":"max-image-preview:large","max-video-preview":"max-video-preview:-1"},"canonical":"https:\/\/super-news.info\/es\/amazon-quema-a-su-plantilla-y-podria-quedarse-sin-mano-de-obra\/","og_locale":"en_US","og_type":"article","og_title":"Amazon \"quema\" a su plantilla (y podr\u00eda quedarse sin mano de obra) - Super News","og_description":"De acuerdo con un informe publicado el pasado martes por The New York Times, muchos de los m\u00e1s de 350.000 trabajadores que la empresa liderada por Jeff Bezos contrat\u00f3 entre julio y octubre del a\u00f1o pasado aguantaron en la compa\u00f1\u00eda apenas unos d\u00edas o unas semanas. Aunque en los \u00faltimos tiempos Amazon se ha esforzado [&hellip;]","og_url":"https:\/\/super-news.info\/es\/amazon-quema-a-su-plantilla-y-podria-quedarse-sin-mano-de-obra\/","og_site_name":"Super News","article_published_time":"2021-06-18T14:30:26+00:00","article_modified_time":"2021-06-18T14:30:28+00:00","og_image":[{"width":1200,"height":675,"url":"https:\/\/super-news.info\/es\/wp-content\/uploads\/sites\/4\/2021\/06\/Amazon-quema-a-su-plantilla-y-podria-quedarse-sin-mano.jpg","type":"image\/jpeg"}],"author":"super-news","twitter_card":"summary_large_image","twitter_misc":{"Written by":"super-news","Est. reading time":"2 minutes"},"schema":{"@context":"https:\/\/schema.org","@graph":[{"@type":"Article","@id":"https:\/\/super-news.info\/es\/amazon-quema-a-su-plantilla-y-podria-quedarse-sin-mano-de-obra\/#article","isPartOf":{"@id":"https:\/\/super-news.info\/es\/amazon-quema-a-su-plantilla-y-podria-quedarse-sin-mano-de-obra\/"},"author":{"name":"super-news","@id":"https:\/\/super-news.info\/es\/#\/schema\/person\/2d4068cb2f39cd10008c2fce578a7356"},"headline":"Amazon &#8220;quema&#8221; a su plantilla (y podr\u00eda quedarse sin mano de obra)","datePublished":"2021-06-18T14:30:26+00:00","dateModified":"2021-06-18T14:30:28+00:00","mainEntityOfPage":{"@id":"https:\/\/super-news.info\/es\/amazon-quema-a-su-plantilla-y-podria-quedarse-sin-mano-de-obra\/"},"wordCount":468,"commentCount":0,"image":{"@id":"https:\/\/super-news.info\/es\/amazon-quema-a-su-plantilla-y-podria-quedarse-sin-mano-de-obra\/#primaryimage"},"thumbnailUrl":"https:\/\/super-news.info\/es\/wp-content\/uploads\/sites\/4\/2021\/06\/Amazon-quema-a-su-plantilla-y-podria-quedarse-sin-mano.jpg","articleSection":["NOTICIAS DE MARKETING DIGITAL"],"inLanguage":"en-US","potentialAction":[{"@type":"CommentAction","name":"Comment","target":["https:\/\/super-news.info\/es\/amazon-quema-a-su-plantilla-y-podria-quedarse-sin-mano-de-obra\/#respond"]}]},{"@type":"WebPage","@id":"https:\/\/super-news.info\/es\/amazon-quema-a-su-plantilla-y-podria-quedarse-sin-mano-de-obra\/","url":"https:\/\/super-news.info\/es\/amazon-quema-a-su-plantilla-y-podria-quedarse-sin-mano-de-obra\/","name":"Amazon \"quema\" a su plantilla (y podr\u00eda quedarse sin mano de obra) - Super News","isPartOf":{"@id":"https:\/\/super-news.info\/es\/#website"},"primaryImageOfPage":{"@id":"https:\/\/super-news.info\/es\/amazon-quema-a-su-plantilla-y-podria-quedarse-sin-mano-de-obra\/#primaryimage"},"image":{"@id":"https:\/\/super-news.info\/es\/amazon-quema-a-su-plantilla-y-podria-quedarse-sin-mano-de-obra\/#primaryimage"},"thumbnailUrl":"https:\/\/super-news.info\/es\/wp-content\/uploads\/sites\/4\/2021\/06\/Amazon-quema-a-su-plantilla-y-podria-quedarse-sin-mano.jpg","datePublished":"2021-06-18T14:30:26+00:00","dateModified":"2021-06-18T14:30:28+00:00","author":{"@id":"https:\/\/super-news.info\/es\/#\/schema\/person\/2d4068cb2f39cd10008c2fce578a7356"},"breadcrumb":{"@id":"https:\/\/super-news.info\/es\/amazon-quema-a-su-plantilla-y-podria-quedarse-sin-mano-de-obra\/#breadcrumb"},"inLanguage":"en-US","potentialAction":[{"@type":"ReadAction","target":["https:\/\/super-news.info\/es\/amazon-quema-a-su-plantilla-y-podria-quedarse-sin-mano-de-obra\/"]}]},{"@type":"ImageObject","inLanguage":"en-US","@id":"https:\/\/super-news.info\/es\/amazon-quema-a-su-plantilla-y-podria-quedarse-sin-mano-de-obra\/#primaryimage","url":"https:\/\/super-news.info\/es\/wp-content\/uploads\/sites\/4\/2021\/06\/Amazon-quema-a-su-plantilla-y-podria-quedarse-sin-mano.jpg","contentUrl":"https:\/\/super-news.info\/es\/wp-content\/uploads\/sites\/4\/2021\/06\/Amazon-quema-a-su-plantilla-y-podria-quedarse-sin-mano.jpg","width":1200,"height":675,"caption":"Amazon \"quema\" a su plantilla (y podr\u00eda quedarse sin mano de obra)"},{"@type":"BreadcrumbList","@id":"https:\/\/super-news.info\/es\/amazon-quema-a-su-plantilla-y-podria-quedarse-sin-mano-de-obra\/#breadcrumb","itemListElement":[{"@type":"ListItem","position":1,"name":"\u0413\u043b\u0430\u0432\u043d\u0430\u044f \u0441\u0442\u0440\u0430\u043d\u0438\u0446\u0430","item":"https:\/\/super-news.info\/es\/"},{"@type":"ListItem","position":2,"name":"Amazon &#8220;quema&#8221; a su plantilla (y podr\u00eda quedarse sin mano de obra)"}]},{"@type":"WebSite","@id":"https:\/\/super-news.info\/es\/#website","url":"https:\/\/super-news.info\/es\/","name":"Super News","description":"Super News Espa\u00f1a","potentialAction":[{"@type":"SearchAction","target":{"@type":"EntryPoint","urlTemplate":"https:\/\/super-news.info\/es\/?s={search_term_string}"},"query-input":{"@type":"PropertyValueSpecification","valueRequired":true,"valueName":"search_term_string"}}],"inLanguage":"en-US"},{"@type":"Person","@id":"https:\/\/super-news.info\/es\/#\/schema\/person\/2d4068cb2f39cd10008c2fce578a7356","name":"super-news","image":{"@type":"ImageObject","inLanguage":"en-US","@id":"https:\/\/secure.gravatar.com\/avatar\/64ebac40b93f26a154f8a9b5b6fdccfc46f442b26b3dd6756dbff3bf9dc76fd7?s=96&d=mm&r=g","url":"https:\/\/secure.gravatar.com\/avatar\/64ebac40b93f26a154f8a9b5b6fdccfc46f442b26b3dd6756dbff3bf9dc76fd7?s=96&d=mm&r=g","contentUrl":"https:\/\/secure.gravatar.com\/avatar\/64ebac40b93f26a154f8a9b5b6fdccfc46f442b26b3dd6756dbff3bf9dc76fd7?s=96&d=mm&r=g","caption":"super-news"},"url":"https:\/\/super-news.info\/es\/author\/pt\/"}]}},"_links":{"self":[{"href":"https:\/\/super-news.info\/es\/wp-json\/wp\/v2\/posts\/15023","targetHints":{"allow":["GET"]}}],"collection":[{"href":"https:\/\/super-news.info\/es\/wp-json\/wp\/v2\/posts"}],"about":[{"href":"https:\/\/super-news.info\/es\/wp-json\/wp\/v2\/types\/post"}],"author":[{"embeddable":true,"href":"https:\/\/super-news.info\/es\/wp-json\/wp\/v2\/users\/2"}],"replies":[{"embeddable":true,"href":"https:\/\/super-news.info\/es\/wp-json\/wp\/v2\/comments?post=15023"}],"version-history":[{"count":1,"href":"https:\/\/super-news.info\/es\/wp-json\/wp\/v2\/posts\/15023\/revisions"}],"predecessor-version":[{"id":15025,"href":"https:\/\/super-news.info\/es\/wp-json\/wp\/v2\/posts\/15023\/revisions\/15025"}],"wp:featuredmedia":[{"embeddable":true,"href":"https:\/\/super-news.info\/es\/wp-json\/wp\/v2\/media\/15024"}],"wp:attachment":[{"href":"https:\/\/super-news.info\/es\/wp-json\/wp\/v2\/media?parent=15023"}],"wp:term":[{"taxonomy":"category","embeddable":true,"href":"https:\/\/super-news.info\/es\/wp-json\/wp\/v2\/categories?post=15023"},{"taxonomy":"post_tag","embeddable":true,"href":"https:\/\/super-news.info\/es\/wp-json\/wp\/v2\/tags?post=15023"}],"curies":[{"name":"wp","href":"https:\/\/api.w.org\/{rel}","templated":true}]}}