{"id":1486,"date":"2019-05-12T05:29:27","date_gmt":"2019-05-12T02:29:27","guid":{"rendered":"https:\/\/super-news.info\/es\/trasladar-la-industria-de-la-tierra-al-espacio-la-idea-de-jeff-bezos-para-salvar-el-planeta\/"},"modified":"2019-05-12T05:29:29","modified_gmt":"2019-05-12T02:29:29","slug":"trasladar-la-industria-de-la-tierra-al-espacio-la-idea-de-jeff-bezos-para-salvar-el-planeta","status":"publish","type":"post","link":"https:\/\/super-news.info\/es\/trasladar-la-industria-de-la-tierra-al-espacio-la-idea-de-jeff-bezos-para-salvar-el-planeta\/","title":{"rendered":"Trasladar la industria de la Tierra al espacio: la idea de Jeff Bezos para salvar el planeta"},"content":{"rendered":"<p> [ad_1]<br \/>\n<\/p>\n<div id=\"textoNoticia\">\n<p class=\"excerpt-single\">En un encuentro con periodistas, Jeff Bezos ha ofrecido nuevos detalles sobre los planes y proyectos que est\u00e1 desarrollado su compa\u00f1\u00eda espacial Blue Origin. <\/p>\n<p>Aunque<strong> Jeff Bezos<\/strong> ha sido muchas veces tachado de loco por sus estramb\u00f3ticas ideas, lo cierto es que el l\u00edder tecnol\u00f3gico ha demostrado que no hay nada imposible. Una vez m\u00e1s, el fundador de Amazon ha sorprendido a la prensa en un evento en Washington donde expuso su visi\u00f3n sobre un futuro en el que la Tierra sea el hogar exclusivo de los humanos.<\/p>\n<p>Para ello, Bezos propone <strong>convertir el planeta en un territorio principalmente residencial<\/strong> con una industria m\u00ednima y trasladar la industria pesada al espacio.<\/p>\n<p>Adem\u00e1s, para lidiar con el crecimiento poblacional, el ejecutivo pretende <strong>crear una constelaci\u00f3n de estaciones espaciales<\/strong> creadas a partir de las ideas del f\u00edsico Gerard O\u2019Neill, y que consisten en estructuras cil\u00edndricas kilom\u00e9tricas que rotan utilizando la fuerza centr\u00edfuga para generar gravedad artificial.<\/p>\n<p>Esta visi\u00f3n del futuro tiene numerosas barreras y la principal es el coste. No obstante, Bezos podr\u00eda alivianar el gasto apostando por reutilizar cohetes como New Glenn que realizar\u00e1 su primer viaje en 2021.<\/p>\n<p>Hasta el momento,<strong> Blue Origin,<\/strong> compa\u00f1\u00eda espacial de Bezos, ha conseguido lanzar al espacio el cohete subespacial New Shepard y ha completado con \u00e9xito 11 misiones no tripuladas. La primera con humanos a bordo se espera llevar a cabo a finales de este mismo a\u00f1o.<\/p>\n<p>Jeff Bezos aprovech\u00f3 la cita para <strong>desvelar algunas im\u00e1genes de la sonda lunar Blue Moon,<\/strong> dise\u00f1ada para transportar carga y, en un futuro, personas a la superficie lunar. Un proyecto que ha requerido tres a\u00f1os de trabajo y cuyas pruebas comenzar\u00e1n este a\u00f1o.<\/p>\n<p>\n\t\t\t\t<iframe loading=\"lazy\" src=\"http:\/\/www.youtube.com\/embed\/hmk1oHzvNKA?enablejsapi=1&amp;version=3&amp;rel=0&amp;showinfo=0&amp;controls=0\" id=\"iframePlayer\" width=\"940\" height=\"529\" frameborder=\"0\" webkitallowfullscreen=\"\" mozallowfullscreen=\"\" allowfullscreen=\"\"><\/iframe>\n\t\t\t<\/p>\n<p>Si no visualiza correctamente el v\u00eddeo embbeded, haga clic aqu\u00ed.\u00a0<\/p>\n<p class=\"link-telegram\">\n\t\t\t\t\t\t\t\t\t\t\tNo te pierdas nada de MarketingDirecto.com y \u00fanete a nuestro Telegram t.me\/MarketingDirecto\n\t\t\t\t\t\t\t\t\t\t<\/p>\n<\/p><\/div>\n<p><script>(function(d, s, id) {\n  var js, fjs = d.getElementsByTagName(s)[0];\n  if (d.getElementById(id)) return;\n  js = d.createElement(s); js.id = id;\n  js.src = \"http:\/\/connect.facebook.net\/es_LA\/sdk.js#xfbml=1&appId=408746052611679&version=v2.3\";\n  fjs.parentNode.insertBefore(js, fjs);\n}(document, 'script', 'facebook-jssdk'));<\/script><br \/>\n<br \/>[ad_2]<br \/>\n<br \/><a href=\"https:\/\/www.marketingdirecto.com\/digital-general\/digital\/trasladar-la-industria-de-la-tierra-al-espacio-la-idea-de-jeff-bezos-para-salvar-el-planeta\">Source link <\/a><\/p>\n","protected":false},"excerpt":{"rendered":"<p>[ad_1] En un encuentro con periodistas, Jeff Bezos ha ofrecido nuevos detalles sobre los planes y proyectos que est\u00e1 desarrollado su compa\u00f1\u00eda espacial Blue Origin. Aunque Jeff Bezos ha sido muchas veces tachado de loco por sus estramb\u00f3ticas ideas, lo cierto es que el l\u00edder tecnol\u00f3gico ha demostrado que no hay nada imposible. Una vez [&hellip;]<\/p>\n","protected":false},"author":2,"featured_media":1487,"comment_status":"open","ping_status":"open","sticky":false,"template":"","format":"standard","meta":{"footnotes":""},"categories":[2],"tags":[],"class_list":["post-1486","post","type-post","status-publish","format-standard","has-post-thumbnail","hentry","category-noticias-de-marketing-digital"],"yoast_head":"<!-- This site is optimized with the Yoast SEO plugin v27.4 - https:\/\/yoast.com\/product\/yoast-seo-wordpress\/ -->\n<title>Trasladar la industria de la Tierra al espacio: la idea de Jeff Bezos para salvar el planeta - Super News<\/title>\n<meta name=\"robots\" content=\"index, follow, max-snippet:-1, max-image-preview:large, max-video-preview:-1\" \/>\n<link rel=\"canonical\" href=\"https:\/\/super-news.info\/es\/trasladar-la-industria-de-la-tierra-al-espacio-la-idea-de-jeff-bezos-para-salvar-el-planeta\/\" \/>\n<meta property=\"og:locale\" content=\"en_US\" \/>\n<meta property=\"og:type\" content=\"article\" \/>\n<meta property=\"og:title\" content=\"Trasladar la industria de la Tierra al espacio: la idea de Jeff Bezos para salvar el planeta - Super News\" \/>\n<meta property=\"og:description\" content=\"[ad_1] En un encuentro con periodistas, Jeff Bezos ha ofrecido nuevos detalles sobre los planes y proyectos que est\u00e1 desarrollado su compa\u00f1\u00eda espacial Blue Origin. Aunque Jeff Bezos ha sido muchas veces tachado de loco por sus estramb\u00f3ticas ideas, lo cierto es que el l\u00edder tecnol\u00f3gico ha demostrado que no hay nada imposible. Una vez [&hellip;]\" \/>\n<meta property=\"og:url\" content=\"https:\/\/super-news.info\/es\/trasladar-la-industria-de-la-tierra-al-espacio-la-idea-de-jeff-bezos-para-salvar-el-planeta\/\" \/>\n<meta property=\"og:site_name\" content=\"Super News\" \/>\n<meta property=\"article:published_time\" content=\"2019-05-12T02:29:27+00:00\" \/>\n<meta property=\"article:modified_time\" content=\"2019-05-12T02:29:29+00:00\" \/>\n<meta property=\"og:image\" content=\"https:\/\/super-news.info\/es\/wp-content\/uploads\/sites\/4\/2019\/05\/Trasladar-la-industria-de-la-Tierra-al-espacio-la-idea.jpg\" \/>\n\t<meta property=\"og:image:width\" content=\"626\" \/>\n\t<meta property=\"og:image:height\" content=\"364\" \/>\n\t<meta property=\"og:image:type\" content=\"image\/jpeg\" \/>\n<meta name=\"author\" content=\"super-news\" \/>\n<meta name=\"twitter:card\" content=\"summary_large_image\" \/>\n<meta name=\"twitter:label1\" content=\"Written by\" \/>\n\t<meta name=\"twitter:data1\" content=\"super-news\" \/>\n\t<meta name=\"twitter:label2\" content=\"Est. reading time\" \/>\n\t<meta name=\"twitter:data2\" content=\"2 minutes\" \/>\n<script type=\"application\/ld+json\" class=\"yoast-schema-graph\">{\"@context\":\"https:\\\/\\\/schema.org\",\"@graph\":[{\"@type\":\"Article\",\"@id\":\"https:\\\/\\\/super-news.info\\\/es\\\/trasladar-la-industria-de-la-tierra-al-espacio-la-idea-de-jeff-bezos-para-salvar-el-planeta\\\/#article\",\"isPartOf\":{\"@id\":\"https:\\\/\\\/super-news.info\\\/es\\\/trasladar-la-industria-de-la-tierra-al-espacio-la-idea-de-jeff-bezos-para-salvar-el-planeta\\\/\"},\"author\":{\"name\":\"super-news\",\"@id\":\"https:\\\/\\\/super-news.info\\\/es\\\/#\\\/schema\\\/person\\\/2d4068cb2f39cd10008c2fce578a7356\"},\"headline\":\"Trasladar la industria de la Tierra al espacio: la idea de Jeff Bezos para salvar el planeta\",\"datePublished\":\"2019-05-12T02:29:27+00:00\",\"dateModified\":\"2019-05-12T02:29:29+00:00\",\"mainEntityOfPage\":{\"@id\":\"https:\\\/\\\/super-news.info\\\/es\\\/trasladar-la-industria-de-la-tierra-al-espacio-la-idea-de-jeff-bezos-para-salvar-el-planeta\\\/\"},\"wordCount\":344,\"commentCount\":0,\"image\":{\"@id\":\"https:\\\/\\\/super-news.info\\\/es\\\/trasladar-la-industria-de-la-tierra-al-espacio-la-idea-de-jeff-bezos-para-salvar-el-planeta\\\/#primaryimage\"},\"thumbnailUrl\":\"https:\\\/\\\/super-news.info\\\/es\\\/wp-content\\\/uploads\\\/sites\\\/4\\\/2019\\\/05\\\/Trasladar-la-industria-de-la-Tierra-al-espacio-la-idea.jpg\",\"articleSection\":[\"NOTICIAS DE MARKETING DIGITAL\"],\"inLanguage\":\"en-US\",\"potentialAction\":[{\"@type\":\"CommentAction\",\"name\":\"Comment\",\"target\":[\"https:\\\/\\\/super-news.info\\\/es\\\/trasladar-la-industria-de-la-tierra-al-espacio-la-idea-de-jeff-bezos-para-salvar-el-planeta\\\/#respond\"]}]},{\"@type\":\"WebPage\",\"@id\":\"https:\\\/\\\/super-news.info\\\/es\\\/trasladar-la-industria-de-la-tierra-al-espacio-la-idea-de-jeff-bezos-para-salvar-el-planeta\\\/\",\"url\":\"https:\\\/\\\/super-news.info\\\/es\\\/trasladar-la-industria-de-la-tierra-al-espacio-la-idea-de-jeff-bezos-para-salvar-el-planeta\\\/\",\"name\":\"Trasladar la industria de la Tierra al espacio: la idea de Jeff Bezos para salvar el planeta - Super News\",\"isPartOf\":{\"@id\":\"https:\\\/\\\/super-news.info\\\/es\\\/#website\"},\"primaryImageOfPage\":{\"@id\":\"https:\\\/\\\/super-news.info\\\/es\\\/trasladar-la-industria-de-la-tierra-al-espacio-la-idea-de-jeff-bezos-para-salvar-el-planeta\\\/#primaryimage\"},\"image\":{\"@id\":\"https:\\\/\\\/super-news.info\\\/es\\\/trasladar-la-industria-de-la-tierra-al-espacio-la-idea-de-jeff-bezos-para-salvar-el-planeta\\\/#primaryimage\"},\"thumbnailUrl\":\"https:\\\/\\\/super-news.info\\\/es\\\/wp-content\\\/uploads\\\/sites\\\/4\\\/2019\\\/05\\\/Trasladar-la-industria-de-la-Tierra-al-espacio-la-idea.jpg\",\"datePublished\":\"2019-05-12T02:29:27+00:00\",\"dateModified\":\"2019-05-12T02:29:29+00:00\",\"author\":{\"@id\":\"https:\\\/\\\/super-news.info\\\/es\\\/#\\\/schema\\\/person\\\/2d4068cb2f39cd10008c2fce578a7356\"},\"breadcrumb\":{\"@id\":\"https:\\\/\\\/super-news.info\\\/es\\\/trasladar-la-industria-de-la-tierra-al-espacio-la-idea-de-jeff-bezos-para-salvar-el-planeta\\\/#breadcrumb\"},\"inLanguage\":\"en-US\",\"potentialAction\":[{\"@type\":\"ReadAction\",\"target\":[\"https:\\\/\\\/super-news.info\\\/es\\\/trasladar-la-industria-de-la-tierra-al-espacio-la-idea-de-jeff-bezos-para-salvar-el-planeta\\\/\"]}]},{\"@type\":\"ImageObject\",\"inLanguage\":\"en-US\",\"@id\":\"https:\\\/\\\/super-news.info\\\/es\\\/trasladar-la-industria-de-la-tierra-al-espacio-la-idea-de-jeff-bezos-para-salvar-el-planeta\\\/#primaryimage\",\"url\":\"https:\\\/\\\/super-news.info\\\/es\\\/wp-content\\\/uploads\\\/sites\\\/4\\\/2019\\\/05\\\/Trasladar-la-industria-de-la-Tierra-al-espacio-la-idea.jpg\",\"contentUrl\":\"https:\\\/\\\/super-news.info\\\/es\\\/wp-content\\\/uploads\\\/sites\\\/4\\\/2019\\\/05\\\/Trasladar-la-industria-de-la-Tierra-al-espacio-la-idea.jpg\",\"width\":626,\"height\":364,\"caption\":\"amazon\"},{\"@type\":\"BreadcrumbList\",\"@id\":\"https:\\\/\\\/super-news.info\\\/es\\\/trasladar-la-industria-de-la-tierra-al-espacio-la-idea-de-jeff-bezos-para-salvar-el-planeta\\\/#breadcrumb\",\"itemListElement\":[{\"@type\":\"ListItem\",\"position\":1,\"name\":\"\u0413\u043b\u0430\u0432\u043d\u0430\u044f \u0441\u0442\u0440\u0430\u043d\u0438\u0446\u0430\",\"item\":\"https:\\\/\\\/super-news.info\\\/es\\\/\"},{\"@type\":\"ListItem\",\"position\":2,\"name\":\"Trasladar la industria de la Tierra al espacio: la idea de Jeff Bezos para salvar el planeta\"}]},{\"@type\":\"WebSite\",\"@id\":\"https:\\\/\\\/super-news.info\\\/es\\\/#website\",\"url\":\"https:\\\/\\\/super-news.info\\\/es\\\/\",\"name\":\"Super News\",\"description\":\"Super News Espa\u00f1a\",\"potentialAction\":[{\"@type\":\"SearchAction\",\"target\":{\"@type\":\"EntryPoint\",\"urlTemplate\":\"https:\\\/\\\/super-news.info\\\/es\\\/?s={search_term_string}\"},\"query-input\":{\"@type\":\"PropertyValueSpecification\",\"valueRequired\":true,\"valueName\":\"search_term_string\"}}],\"inLanguage\":\"en-US\"},{\"@type\":\"Person\",\"@id\":\"https:\\\/\\\/super-news.info\\\/es\\\/#\\\/schema\\\/person\\\/2d4068cb2f39cd10008c2fce578a7356\",\"name\":\"super-news\",\"image\":{\"@type\":\"ImageObject\",\"inLanguage\":\"en-US\",\"@id\":\"https:\\\/\\\/secure.gravatar.com\\\/avatar\\\/64ebac40b93f26a154f8a9b5b6fdccfc46f442b26b3dd6756dbff3bf9dc76fd7?s=96&d=mm&r=g\",\"url\":\"https:\\\/\\\/secure.gravatar.com\\\/avatar\\\/64ebac40b93f26a154f8a9b5b6fdccfc46f442b26b3dd6756dbff3bf9dc76fd7?s=96&d=mm&r=g\",\"contentUrl\":\"https:\\\/\\\/secure.gravatar.com\\\/avatar\\\/64ebac40b93f26a154f8a9b5b6fdccfc46f442b26b3dd6756dbff3bf9dc76fd7?s=96&d=mm&r=g\",\"caption\":\"super-news\"},\"url\":\"https:\\\/\\\/super-news.info\\\/es\\\/author\\\/pt\\\/\"}]}<\/script>\n<!-- \/ Yoast SEO plugin. -->","yoast_head_json":{"title":"Trasladar la industria de la Tierra al espacio: la idea de Jeff Bezos para salvar el planeta - Super News","robots":{"index":"index","follow":"follow","max-snippet":"max-snippet:-1","max-image-preview":"max-image-preview:large","max-video-preview":"max-video-preview:-1"},"canonical":"https:\/\/super-news.info\/es\/trasladar-la-industria-de-la-tierra-al-espacio-la-idea-de-jeff-bezos-para-salvar-el-planeta\/","og_locale":"en_US","og_type":"article","og_title":"Trasladar la industria de la Tierra al espacio: la idea de Jeff Bezos para salvar el planeta - Super News","og_description":"[ad_1] En un encuentro con periodistas, Jeff Bezos ha ofrecido nuevos detalles sobre los planes y proyectos que est\u00e1 desarrollado su compa\u00f1\u00eda espacial Blue Origin. Aunque Jeff Bezos ha sido muchas veces tachado de loco por sus estramb\u00f3ticas ideas, lo cierto es que el l\u00edder tecnol\u00f3gico ha demostrado que no hay nada imposible. Una vez [&hellip;]","og_url":"https:\/\/super-news.info\/es\/trasladar-la-industria-de-la-tierra-al-espacio-la-idea-de-jeff-bezos-para-salvar-el-planeta\/","og_site_name":"Super News","article_published_time":"2019-05-12T02:29:27+00:00","article_modified_time":"2019-05-12T02:29:29+00:00","og_image":[{"width":626,"height":364,"url":"https:\/\/super-news.info\/es\/wp-content\/uploads\/sites\/4\/2019\/05\/Trasladar-la-industria-de-la-Tierra-al-espacio-la-idea.jpg","type":"image\/jpeg"}],"author":"super-news","twitter_card":"summary_large_image","twitter_misc":{"Written by":"super-news","Est. reading time":"2 minutes"},"schema":{"@context":"https:\/\/schema.org","@graph":[{"@type":"Article","@id":"https:\/\/super-news.info\/es\/trasladar-la-industria-de-la-tierra-al-espacio-la-idea-de-jeff-bezos-para-salvar-el-planeta\/#article","isPartOf":{"@id":"https:\/\/super-news.info\/es\/trasladar-la-industria-de-la-tierra-al-espacio-la-idea-de-jeff-bezos-para-salvar-el-planeta\/"},"author":{"name":"super-news","@id":"https:\/\/super-news.info\/es\/#\/schema\/person\/2d4068cb2f39cd10008c2fce578a7356"},"headline":"Trasladar la industria de la Tierra al espacio: la idea de Jeff Bezos para salvar el planeta","datePublished":"2019-05-12T02:29:27+00:00","dateModified":"2019-05-12T02:29:29+00:00","mainEntityOfPage":{"@id":"https:\/\/super-news.info\/es\/trasladar-la-industria-de-la-tierra-al-espacio-la-idea-de-jeff-bezos-para-salvar-el-planeta\/"},"wordCount":344,"commentCount":0,"image":{"@id":"https:\/\/super-news.info\/es\/trasladar-la-industria-de-la-tierra-al-espacio-la-idea-de-jeff-bezos-para-salvar-el-planeta\/#primaryimage"},"thumbnailUrl":"https:\/\/super-news.info\/es\/wp-content\/uploads\/sites\/4\/2019\/05\/Trasladar-la-industria-de-la-Tierra-al-espacio-la-idea.jpg","articleSection":["NOTICIAS DE MARKETING DIGITAL"],"inLanguage":"en-US","potentialAction":[{"@type":"CommentAction","name":"Comment","target":["https:\/\/super-news.info\/es\/trasladar-la-industria-de-la-tierra-al-espacio-la-idea-de-jeff-bezos-para-salvar-el-planeta\/#respond"]}]},{"@type":"WebPage","@id":"https:\/\/super-news.info\/es\/trasladar-la-industria-de-la-tierra-al-espacio-la-idea-de-jeff-bezos-para-salvar-el-planeta\/","url":"https:\/\/super-news.info\/es\/trasladar-la-industria-de-la-tierra-al-espacio-la-idea-de-jeff-bezos-para-salvar-el-planeta\/","name":"Trasladar la industria de la Tierra al espacio: la idea de Jeff Bezos para salvar el planeta - Super News","isPartOf":{"@id":"https:\/\/super-news.info\/es\/#website"},"primaryImageOfPage":{"@id":"https:\/\/super-news.info\/es\/trasladar-la-industria-de-la-tierra-al-espacio-la-idea-de-jeff-bezos-para-salvar-el-planeta\/#primaryimage"},"image":{"@id":"https:\/\/super-news.info\/es\/trasladar-la-industria-de-la-tierra-al-espacio-la-idea-de-jeff-bezos-para-salvar-el-planeta\/#primaryimage"},"thumbnailUrl":"https:\/\/super-news.info\/es\/wp-content\/uploads\/sites\/4\/2019\/05\/Trasladar-la-industria-de-la-Tierra-al-espacio-la-idea.jpg","datePublished":"2019-05-12T02:29:27+00:00","dateModified":"2019-05-12T02:29:29+00:00","author":{"@id":"https:\/\/super-news.info\/es\/#\/schema\/person\/2d4068cb2f39cd10008c2fce578a7356"},"breadcrumb":{"@id":"https:\/\/super-news.info\/es\/trasladar-la-industria-de-la-tierra-al-espacio-la-idea-de-jeff-bezos-para-salvar-el-planeta\/#breadcrumb"},"inLanguage":"en-US","potentialAction":[{"@type":"ReadAction","target":["https:\/\/super-news.info\/es\/trasladar-la-industria-de-la-tierra-al-espacio-la-idea-de-jeff-bezos-para-salvar-el-planeta\/"]}]},{"@type":"ImageObject","inLanguage":"en-US","@id":"https:\/\/super-news.info\/es\/trasladar-la-industria-de-la-tierra-al-espacio-la-idea-de-jeff-bezos-para-salvar-el-planeta\/#primaryimage","url":"https:\/\/super-news.info\/es\/wp-content\/uploads\/sites\/4\/2019\/05\/Trasladar-la-industria-de-la-Tierra-al-espacio-la-idea.jpg","contentUrl":"https:\/\/super-news.info\/es\/wp-content\/uploads\/sites\/4\/2019\/05\/Trasladar-la-industria-de-la-Tierra-al-espacio-la-idea.jpg","width":626,"height":364,"caption":"amazon"},{"@type":"BreadcrumbList","@id":"https:\/\/super-news.info\/es\/trasladar-la-industria-de-la-tierra-al-espacio-la-idea-de-jeff-bezos-para-salvar-el-planeta\/#breadcrumb","itemListElement":[{"@type":"ListItem","position":1,"name":"\u0413\u043b\u0430\u0432\u043d\u0430\u044f \u0441\u0442\u0440\u0430\u043d\u0438\u0446\u0430","item":"https:\/\/super-news.info\/es\/"},{"@type":"ListItem","position":2,"name":"Trasladar la industria de la Tierra al espacio: la idea de Jeff Bezos para salvar el planeta"}]},{"@type":"WebSite","@id":"https:\/\/super-news.info\/es\/#website","url":"https:\/\/super-news.info\/es\/","name":"Super News","description":"Super News Espa\u00f1a","potentialAction":[{"@type":"SearchAction","target":{"@type":"EntryPoint","urlTemplate":"https:\/\/super-news.info\/es\/?s={search_term_string}"},"query-input":{"@type":"PropertyValueSpecification","valueRequired":true,"valueName":"search_term_string"}}],"inLanguage":"en-US"},{"@type":"Person","@id":"https:\/\/super-news.info\/es\/#\/schema\/person\/2d4068cb2f39cd10008c2fce578a7356","name":"super-news","image":{"@type":"ImageObject","inLanguage":"en-US","@id":"https:\/\/secure.gravatar.com\/avatar\/64ebac40b93f26a154f8a9b5b6fdccfc46f442b26b3dd6756dbff3bf9dc76fd7?s=96&d=mm&r=g","url":"https:\/\/secure.gravatar.com\/avatar\/64ebac40b93f26a154f8a9b5b6fdccfc46f442b26b3dd6756dbff3bf9dc76fd7?s=96&d=mm&r=g","contentUrl":"https:\/\/secure.gravatar.com\/avatar\/64ebac40b93f26a154f8a9b5b6fdccfc46f442b26b3dd6756dbff3bf9dc76fd7?s=96&d=mm&r=g","caption":"super-news"},"url":"https:\/\/super-news.info\/es\/author\/pt\/"}]}},"_links":{"self":[{"href":"https:\/\/super-news.info\/es\/wp-json\/wp\/v2\/posts\/1486","targetHints":{"allow":["GET"]}}],"collection":[{"href":"https:\/\/super-news.info\/es\/wp-json\/wp\/v2\/posts"}],"about":[{"href":"https:\/\/super-news.info\/es\/wp-json\/wp\/v2\/types\/post"}],"author":[{"embeddable":true,"href":"https:\/\/super-news.info\/es\/wp-json\/wp\/v2\/users\/2"}],"replies":[{"embeddable":true,"href":"https:\/\/super-news.info\/es\/wp-json\/wp\/v2\/comments?post=1486"}],"version-history":[{"count":1,"href":"https:\/\/super-news.info\/es\/wp-json\/wp\/v2\/posts\/1486\/revisions"}],"predecessor-version":[{"id":1488,"href":"https:\/\/super-news.info\/es\/wp-json\/wp\/v2\/posts\/1486\/revisions\/1488"}],"wp:featuredmedia":[{"embeddable":true,"href":"https:\/\/super-news.info\/es\/wp-json\/wp\/v2\/media\/1487"}],"wp:attachment":[{"href":"https:\/\/super-news.info\/es\/wp-json\/wp\/v2\/media?parent=1486"}],"wp:term":[{"taxonomy":"category","embeddable":true,"href":"https:\/\/super-news.info\/es\/wp-json\/wp\/v2\/categories?post=1486"},{"taxonomy":"post_tag","embeddable":true,"href":"https:\/\/super-news.info\/es\/wp-json\/wp\/v2\/tags?post=1486"}],"curies":[{"name":"wp","href":"https:\/\/api.w.org\/{rel}","templated":true}]}}