{"id":14215,"date":"2021-04-11T19:39:49","date_gmt":"2021-04-11T16:39:49","guid":{"rendered":"https:\/\/super-news.info\/es\/trabajadores-de-tubacex-dicen-que-solo-cesaran-la-lucha-cuando-encima-de-la-mesa-no-haya-ni-un-solo-despido\/"},"modified":"2021-04-11T19:39:52","modified_gmt":"2021-04-11T16:39:52","slug":"trabajadores-de-tubacex-dicen-que-solo-cesaran-la-lucha-cuando-encima-de-la-mesa-no-haya-ni-un-solo-despido","status":"publish","type":"post","link":"https:\/\/super-news.info\/es\/trabajadores-de-tubacex-dicen-que-solo-cesaran-la-lucha-cuando-encima-de-la-mesa-no-haya-ni-un-solo-despido\/","title":{"rendered":"Trabajadores de Tubacex dicen que solo cesar\u00e1n la &#8220;lucha cuando encima de la mesa no haya ni un solo despido&#8221;"},"content":{"rendered":"<p>\nUna manifestaci\u00f3n recorre Bilbao para denunciar el ERE planteado por la direcci\u00f3n, a la que acusan de &#8220;aprovecharse de una crisis coyuntural&#8221;<br \/>\n   BILBAO, 11 Abr. (EUROPA PRESS) &#8211;<br \/>\n   Los trabajadores de Tubacex se han manifestado este domingo por Bilbao para denunciar el Expediente de Regulaci\u00f3n de Empleo (ERE) presentado por la direcci\u00f3n, que afecta a 129 empleados, y advertir de que solo cesar\u00e1n la &#8220;lucha cuando encima de la mesa no haya ni un solo despido&#8221;.<br \/>\n   Asimismo, han instado al Gobierno Vasco a no ser un &#8220;mero portavoz de la patronal&#8221; y le han reclamado que no se olvide &#8220;de la clase trabajadora, a la que no se puede dejar tirada&#8221;.<br \/>\n   La manifestaci\u00f3n, que ha arrancado pasadas las 11.30 horas desde el Sagrado Coraz\u00f3n, y que ha finalizado una hora despu\u00e9s frente al Ayuntamiento de Bilbao, ha estado encabezada por una pancarta en la que se pod\u00eda leer &#8220;No al ERE en Tubacex&#8221; y ha transcurrido entre gritos contra el lehendakari, los despidos y la direcci\u00f3n de la empresa.<br \/>\n   En varias hileras para respetar las medidas sanitarias impuestas por la pandemia de covid-19, y entre sonido de bocinas y petardos, la marcha multitudinaria ha transcurrido sin incidentes y bajo una notable presencia policial. Entre los asistentes se ha podido ver al diputado de EH Bildu, Oskar Matute, as\u00ed como al parlamentario Iker Casanova, entre otros.<br \/>\n   En declaraciones a los medios de comunicaci\u00f3n, el representante de ELA en el comit\u00e9 de empresa Eduardo Ibernia ha manifestado que no se puede admitir &#8220;ni un solo despido&#8221; y ha subrayado que mantendr\u00e1n las dos v\u00edas abiertas: la movilizaci\u00f3n sindical y la v\u00eda judicial.<br \/>\n   A la finalizaci\u00f3n de la manifestaci\u00f3n se ha le\u00eddo un comunicado en el que el comit\u00e9 de empresa ha agradecido los apoyos recibidos y ha resaltado el ejemplo &#8220;de uni\u00f3n y fuerza&#8221; demostrado hasta el momento.&#8221;Hoy es Tubacex, pero ma\u00f1ana puede ser cualquier otra empresa&#8221;, han incidido, para a\u00f1adir que, tras 60 d\u00edas de huelga, mantienen &#8220;intactas&#8221; las fuerzas para &#8220;seguir luchando y lograr el objetivo de despidos cero&#8221;.<br \/>\n   Asimismo, han acusado a la direcci\u00f3n de recurrir a una estrategia de &#8220;comunicados internos amenazantes&#8221;, con los que busca hacer a los trabajadores &#8220;responsables de una situaci\u00f3n que ellos han generado&#8221;.&#8221;Han querido aprovecharse de una crisis coyuntural, fruto de la pandemia, para tomar decisiones estructurales en forma de despidos. Nosotros solo somos responsables de defender el convenio colectivo y nuestros puestos de trabajo&#8221;, han resaltado.<br \/>\n   Adem\u00e1s, el comit\u00e9 de empresa ha insistido en el &#8220;papel importante&#8221; que deben jugar tanto los partidos pol\u00edticos como el Gobierno Vasco que, seg\u00fan ha afirmado, &#8220;no puede limitarse a ser mero portavoz de la patronal y olvidarse de la clase trabajadora, a la que no se puede dejar tirada&#8221;.<br \/>\n   &#8220;Y deber\u00e1 pedir explicaciones por las ayudas que dan a empresas como Tubacex para que, en caso de seguir con los despidos, devuelvan hasta el \u00faltimo c\u00e9ntimo recibido&#8221;, han defendido, al tiempo que han reclamado la derogaci\u00f3n de la reforma laboral.<br \/>\n   Tras sostener que, &#8220;a diferencia de la direcci\u00f3n&#8221;, los trabajadores s\u00ed creen en el futuro de la empresa, han asegurado que no contemplan otro escenario que no pase por el regreso de todos los trabajadores despedidos. En esta l\u00ednea, han advertido de que la comarca de Ayala &#8220;no se merece&#8221; lo que est\u00e1 sucediendo y han apuntado que su lucha solo tiene un final que llegar\u00e1 cuando &#8220;encima de la mesa no haya ni un solo despido&#8221;.<br \/>\n<br \/>\n<!--noindex--><br \/>\n<a href=\"https:\/\/www.europapress.es\/euskadi\/noticia-trabajadores-tubacex-dicen-solo-cesaran-lucha-cuando-encima-mesa-no-haya-solo-despido-20210411142925.html\" rel=\"nofollow\">Source link <\/a><br \/>\n<!--\/noindex--><\/p>\n","protected":false},"excerpt":{"rendered":"<p>Una manifestaci\u00f3n recorre Bilbao para denunciar el ERE planteado por la direcci\u00f3n, a la que acusan de &#8220;aprovecharse de una crisis coyuntural&#8221; BILBAO, 11 Abr. (EUROPA PRESS) &#8211; Los trabajadores de Tubacex se han manifestado este domingo por Bilbao para denunciar el Expediente de Regulaci\u00f3n de Empleo (ERE) presentado por la direcci\u00f3n, que afecta a [&hellip;]<\/p>\n","protected":false},"author":2,"featured_media":14216,"comment_status":"open","ping_status":"open","sticky":false,"template":"","format":"standard","meta":{"footnotes":""},"categories":[1],"tags":[],"class_list":["post-14215","post","type-post","status-publish","format-standard","has-post-thumbnail","hentry","category-noticias-financieras"],"yoast_head":"<!-- This site is optimized with the Yoast SEO plugin v27.4 - https:\/\/yoast.com\/product\/yoast-seo-wordpress\/ -->\n<title>Trabajadores de Tubacex dicen que solo cesar\u00e1n la &quot;lucha cuando encima de la mesa no haya ni un solo despido&quot; - Super News<\/title>\n<meta name=\"robots\" content=\"index, follow, max-snippet:-1, max-image-preview:large, max-video-preview:-1\" \/>\n<link rel=\"canonical\" href=\"https:\/\/super-news.info\/es\/trabajadores-de-tubacex-dicen-que-solo-cesaran-la-lucha-cuando-encima-de-la-mesa-no-haya-ni-un-solo-despido\/\" \/>\n<meta property=\"og:locale\" content=\"en_US\" \/>\n<meta property=\"og:type\" content=\"article\" \/>\n<meta property=\"og:title\" content=\"Trabajadores de Tubacex dicen que solo cesar\u00e1n la &quot;lucha cuando encima de la mesa no haya ni un solo despido&quot; - Super News\" \/>\n<meta property=\"og:description\" content=\"Una manifestaci\u00f3n recorre Bilbao para denunciar el ERE planteado por la direcci\u00f3n, a la que acusan de &#8220;aprovecharse de una crisis coyuntural&#8221; BILBAO, 11 Abr. (EUROPA PRESS) &#8211; Los trabajadores de Tubacex se han manifestado este domingo por Bilbao para denunciar el Expediente de Regulaci\u00f3n de Empleo (ERE) presentado por la direcci\u00f3n, que afecta a [&hellip;]\" \/>\n<meta property=\"og:url\" content=\"https:\/\/super-news.info\/es\/trabajadores-de-tubacex-dicen-que-solo-cesaran-la-lucha-cuando-encima-de-la-mesa-no-haya-ni-un-solo-despido\/\" \/>\n<meta property=\"og:site_name\" content=\"Super News\" \/>\n<meta property=\"article:published_time\" content=\"2021-04-11T16:39:49+00:00\" \/>\n<meta property=\"article:modified_time\" content=\"2021-04-11T16:39:52+00:00\" \/>\n<meta property=\"og:image\" content=\"https:\/\/super-news.info\/es\/wp-content\/uploads\/sites\/4\/2021\/04\/Trabajadores-de-Tubacex-dicen-que-solo-cesaran-la-lucha-cuando.jpg\" \/>\n\t<meta property=\"og:image:width\" content=\"120\" \/>\n\t<meta property=\"og:image:height\" content=\"80\" \/>\n\t<meta property=\"og:image:type\" content=\"image\/jpeg\" \/>\n<meta name=\"author\" content=\"super-news\" \/>\n<meta name=\"twitter:card\" content=\"summary_large_image\" \/>\n<meta name=\"twitter:label1\" content=\"Written by\" \/>\n\t<meta name=\"twitter:data1\" content=\"super-news\" \/>\n\t<meta name=\"twitter:label2\" content=\"Est. reading time\" \/>\n\t<meta name=\"twitter:data2\" content=\"3 minutes\" \/>\n<script type=\"application\/ld+json\" class=\"yoast-schema-graph\">{\"@context\":\"https:\\\/\\\/schema.org\",\"@graph\":[{\"@type\":\"Article\",\"@id\":\"https:\\\/\\\/super-news.info\\\/es\\\/trabajadores-de-tubacex-dicen-que-solo-cesaran-la-lucha-cuando-encima-de-la-mesa-no-haya-ni-un-solo-despido\\\/#article\",\"isPartOf\":{\"@id\":\"https:\\\/\\\/super-news.info\\\/es\\\/trabajadores-de-tubacex-dicen-que-solo-cesaran-la-lucha-cuando-encima-de-la-mesa-no-haya-ni-un-solo-despido\\\/\"},\"author\":{\"name\":\"super-news\",\"@id\":\"https:\\\/\\\/super-news.info\\\/es\\\/#\\\/schema\\\/person\\\/2d4068cb2f39cd10008c2fce578a7356\"},\"headline\":\"Trabajadores de Tubacex dicen que solo cesar\u00e1n la &#8220;lucha cuando encima de la mesa no haya ni un solo despido&#8221;\",\"datePublished\":\"2021-04-11T16:39:49+00:00\",\"dateModified\":\"2021-04-11T16:39:52+00:00\",\"mainEntityOfPage\":{\"@id\":\"https:\\\/\\\/super-news.info\\\/es\\\/trabajadores-de-tubacex-dicen-que-solo-cesaran-la-lucha-cuando-encima-de-la-mesa-no-haya-ni-un-solo-despido\\\/\"},\"wordCount\":624,\"commentCount\":0,\"image\":{\"@id\":\"https:\\\/\\\/super-news.info\\\/es\\\/trabajadores-de-tubacex-dicen-que-solo-cesaran-la-lucha-cuando-encima-de-la-mesa-no-haya-ni-un-solo-despido\\\/#primaryimage\"},\"thumbnailUrl\":\"https:\\\/\\\/super-news.info\\\/es\\\/wp-content\\\/uploads\\\/sites\\\/4\\\/2021\\\/04\\\/Trabajadores-de-Tubacex-dicen-que-solo-cesaran-la-lucha-cuando.jpg\",\"articleSection\":[\"NOTICIAS FINANCIERAS\"],\"inLanguage\":\"en-US\",\"potentialAction\":[{\"@type\":\"CommentAction\",\"name\":\"Comment\",\"target\":[\"https:\\\/\\\/super-news.info\\\/es\\\/trabajadores-de-tubacex-dicen-que-solo-cesaran-la-lucha-cuando-encima-de-la-mesa-no-haya-ni-un-solo-despido\\\/#respond\"]}]},{\"@type\":\"WebPage\",\"@id\":\"https:\\\/\\\/super-news.info\\\/es\\\/trabajadores-de-tubacex-dicen-que-solo-cesaran-la-lucha-cuando-encima-de-la-mesa-no-haya-ni-un-solo-despido\\\/\",\"url\":\"https:\\\/\\\/super-news.info\\\/es\\\/trabajadores-de-tubacex-dicen-que-solo-cesaran-la-lucha-cuando-encima-de-la-mesa-no-haya-ni-un-solo-despido\\\/\",\"name\":\"Trabajadores de Tubacex dicen que solo cesar\u00e1n la \\\"lucha cuando encima de la mesa no haya ni un solo despido\\\" - Super News\",\"isPartOf\":{\"@id\":\"https:\\\/\\\/super-news.info\\\/es\\\/#website\"},\"primaryImageOfPage\":{\"@id\":\"https:\\\/\\\/super-news.info\\\/es\\\/trabajadores-de-tubacex-dicen-que-solo-cesaran-la-lucha-cuando-encima-de-la-mesa-no-haya-ni-un-solo-despido\\\/#primaryimage\"},\"image\":{\"@id\":\"https:\\\/\\\/super-news.info\\\/es\\\/trabajadores-de-tubacex-dicen-que-solo-cesaran-la-lucha-cuando-encima-de-la-mesa-no-haya-ni-un-solo-despido\\\/#primaryimage\"},\"thumbnailUrl\":\"https:\\\/\\\/super-news.info\\\/es\\\/wp-content\\\/uploads\\\/sites\\\/4\\\/2021\\\/04\\\/Trabajadores-de-Tubacex-dicen-que-solo-cesaran-la-lucha-cuando.jpg\",\"datePublished\":\"2021-04-11T16:39:49+00:00\",\"dateModified\":\"2021-04-11T16:39:52+00:00\",\"author\":{\"@id\":\"https:\\\/\\\/super-news.info\\\/es\\\/#\\\/schema\\\/person\\\/2d4068cb2f39cd10008c2fce578a7356\"},\"breadcrumb\":{\"@id\":\"https:\\\/\\\/super-news.info\\\/es\\\/trabajadores-de-tubacex-dicen-que-solo-cesaran-la-lucha-cuando-encima-de-la-mesa-no-haya-ni-un-solo-despido\\\/#breadcrumb\"},\"inLanguage\":\"en-US\",\"potentialAction\":[{\"@type\":\"ReadAction\",\"target\":[\"https:\\\/\\\/super-news.info\\\/es\\\/trabajadores-de-tubacex-dicen-que-solo-cesaran-la-lucha-cuando-encima-de-la-mesa-no-haya-ni-un-solo-despido\\\/\"]}]},{\"@type\":\"ImageObject\",\"inLanguage\":\"en-US\",\"@id\":\"https:\\\/\\\/super-news.info\\\/es\\\/trabajadores-de-tubacex-dicen-que-solo-cesaran-la-lucha-cuando-encima-de-la-mesa-no-haya-ni-un-solo-despido\\\/#primaryimage\",\"url\":\"https:\\\/\\\/super-news.info\\\/es\\\/wp-content\\\/uploads\\\/sites\\\/4\\\/2021\\\/04\\\/Trabajadores-de-Tubacex-dicen-que-solo-cesaran-la-lucha-cuando.jpg\",\"contentUrl\":\"https:\\\/\\\/super-news.info\\\/es\\\/wp-content\\\/uploads\\\/sites\\\/4\\\/2021\\\/04\\\/Trabajadores-de-Tubacex-dicen-que-solo-cesaran-la-lucha-cuando.jpg\",\"width\":120,\"height\":80,\"caption\":\"Trabajadores de Tubacex dicen que solo cesar\u00e1n la \\\"lucha cuando encima de la mesa no haya ni un solo despido\\\"\"},{\"@type\":\"BreadcrumbList\",\"@id\":\"https:\\\/\\\/super-news.info\\\/es\\\/trabajadores-de-tubacex-dicen-que-solo-cesaran-la-lucha-cuando-encima-de-la-mesa-no-haya-ni-un-solo-despido\\\/#breadcrumb\",\"itemListElement\":[{\"@type\":\"ListItem\",\"position\":1,\"name\":\"\u0413\u043b\u0430\u0432\u043d\u0430\u044f \u0441\u0442\u0440\u0430\u043d\u0438\u0446\u0430\",\"item\":\"https:\\\/\\\/super-news.info\\\/es\\\/\"},{\"@type\":\"ListItem\",\"position\":2,\"name\":\"Trabajadores de Tubacex dicen que solo cesar\u00e1n la &#8220;lucha cuando encima de la mesa no haya ni un solo despido&#8221;\"}]},{\"@type\":\"WebSite\",\"@id\":\"https:\\\/\\\/super-news.info\\\/es\\\/#website\",\"url\":\"https:\\\/\\\/super-news.info\\\/es\\\/\",\"name\":\"Super News\",\"description\":\"Super News Espa\u00f1a\",\"potentialAction\":[{\"@type\":\"SearchAction\",\"target\":{\"@type\":\"EntryPoint\",\"urlTemplate\":\"https:\\\/\\\/super-news.info\\\/es\\\/?s={search_term_string}\"},\"query-input\":{\"@type\":\"PropertyValueSpecification\",\"valueRequired\":true,\"valueName\":\"search_term_string\"}}],\"inLanguage\":\"en-US\"},{\"@type\":\"Person\",\"@id\":\"https:\\\/\\\/super-news.info\\\/es\\\/#\\\/schema\\\/person\\\/2d4068cb2f39cd10008c2fce578a7356\",\"name\":\"super-news\",\"image\":{\"@type\":\"ImageObject\",\"inLanguage\":\"en-US\",\"@id\":\"https:\\\/\\\/secure.gravatar.com\\\/avatar\\\/64ebac40b93f26a154f8a9b5b6fdccfc46f442b26b3dd6756dbff3bf9dc76fd7?s=96&d=mm&r=g\",\"url\":\"https:\\\/\\\/secure.gravatar.com\\\/avatar\\\/64ebac40b93f26a154f8a9b5b6fdccfc46f442b26b3dd6756dbff3bf9dc76fd7?s=96&d=mm&r=g\",\"contentUrl\":\"https:\\\/\\\/secure.gravatar.com\\\/avatar\\\/64ebac40b93f26a154f8a9b5b6fdccfc46f442b26b3dd6756dbff3bf9dc76fd7?s=96&d=mm&r=g\",\"caption\":\"super-news\"},\"url\":\"https:\\\/\\\/super-news.info\\\/es\\\/author\\\/pt\\\/\"}]}<\/script>\n<!-- \/ Yoast SEO plugin. -->","yoast_head_json":{"title":"Trabajadores de Tubacex dicen que solo cesar\u00e1n la \"lucha cuando encima de la mesa no haya ni un solo despido\" - Super News","robots":{"index":"index","follow":"follow","max-snippet":"max-snippet:-1","max-image-preview":"max-image-preview:large","max-video-preview":"max-video-preview:-1"},"canonical":"https:\/\/super-news.info\/es\/trabajadores-de-tubacex-dicen-que-solo-cesaran-la-lucha-cuando-encima-de-la-mesa-no-haya-ni-un-solo-despido\/","og_locale":"en_US","og_type":"article","og_title":"Trabajadores de Tubacex dicen que solo cesar\u00e1n la \"lucha cuando encima de la mesa no haya ni un solo despido\" - Super News","og_description":"Una manifestaci\u00f3n recorre Bilbao para denunciar el ERE planteado por la direcci\u00f3n, a la que acusan de &#8220;aprovecharse de una crisis coyuntural&#8221; BILBAO, 11 Abr. (EUROPA PRESS) &#8211; Los trabajadores de Tubacex se han manifestado este domingo por Bilbao para denunciar el Expediente de Regulaci\u00f3n de Empleo (ERE) presentado por la direcci\u00f3n, que afecta a [&hellip;]","og_url":"https:\/\/super-news.info\/es\/trabajadores-de-tubacex-dicen-que-solo-cesaran-la-lucha-cuando-encima-de-la-mesa-no-haya-ni-un-solo-despido\/","og_site_name":"Super News","article_published_time":"2021-04-11T16:39:49+00:00","article_modified_time":"2021-04-11T16:39:52+00:00","og_image":[{"width":120,"height":80,"url":"https:\/\/super-news.info\/es\/wp-content\/uploads\/sites\/4\/2021\/04\/Trabajadores-de-Tubacex-dicen-que-solo-cesaran-la-lucha-cuando.jpg","type":"image\/jpeg"}],"author":"super-news","twitter_card":"summary_large_image","twitter_misc":{"Written by":"super-news","Est. reading time":"3 minutes"},"schema":{"@context":"https:\/\/schema.org","@graph":[{"@type":"Article","@id":"https:\/\/super-news.info\/es\/trabajadores-de-tubacex-dicen-que-solo-cesaran-la-lucha-cuando-encima-de-la-mesa-no-haya-ni-un-solo-despido\/#article","isPartOf":{"@id":"https:\/\/super-news.info\/es\/trabajadores-de-tubacex-dicen-que-solo-cesaran-la-lucha-cuando-encima-de-la-mesa-no-haya-ni-un-solo-despido\/"},"author":{"name":"super-news","@id":"https:\/\/super-news.info\/es\/#\/schema\/person\/2d4068cb2f39cd10008c2fce578a7356"},"headline":"Trabajadores de Tubacex dicen que solo cesar\u00e1n la &#8220;lucha cuando encima de la mesa no haya ni un solo despido&#8221;","datePublished":"2021-04-11T16:39:49+00:00","dateModified":"2021-04-11T16:39:52+00:00","mainEntityOfPage":{"@id":"https:\/\/super-news.info\/es\/trabajadores-de-tubacex-dicen-que-solo-cesaran-la-lucha-cuando-encima-de-la-mesa-no-haya-ni-un-solo-despido\/"},"wordCount":624,"commentCount":0,"image":{"@id":"https:\/\/super-news.info\/es\/trabajadores-de-tubacex-dicen-que-solo-cesaran-la-lucha-cuando-encima-de-la-mesa-no-haya-ni-un-solo-despido\/#primaryimage"},"thumbnailUrl":"https:\/\/super-news.info\/es\/wp-content\/uploads\/sites\/4\/2021\/04\/Trabajadores-de-Tubacex-dicen-que-solo-cesaran-la-lucha-cuando.jpg","articleSection":["NOTICIAS FINANCIERAS"],"inLanguage":"en-US","potentialAction":[{"@type":"CommentAction","name":"Comment","target":["https:\/\/super-news.info\/es\/trabajadores-de-tubacex-dicen-que-solo-cesaran-la-lucha-cuando-encima-de-la-mesa-no-haya-ni-un-solo-despido\/#respond"]}]},{"@type":"WebPage","@id":"https:\/\/super-news.info\/es\/trabajadores-de-tubacex-dicen-que-solo-cesaran-la-lucha-cuando-encima-de-la-mesa-no-haya-ni-un-solo-despido\/","url":"https:\/\/super-news.info\/es\/trabajadores-de-tubacex-dicen-que-solo-cesaran-la-lucha-cuando-encima-de-la-mesa-no-haya-ni-un-solo-despido\/","name":"Trabajadores de Tubacex dicen que solo cesar\u00e1n la \"lucha cuando encima de la mesa no haya ni un solo despido\" - Super News","isPartOf":{"@id":"https:\/\/super-news.info\/es\/#website"},"primaryImageOfPage":{"@id":"https:\/\/super-news.info\/es\/trabajadores-de-tubacex-dicen-que-solo-cesaran-la-lucha-cuando-encima-de-la-mesa-no-haya-ni-un-solo-despido\/#primaryimage"},"image":{"@id":"https:\/\/super-news.info\/es\/trabajadores-de-tubacex-dicen-que-solo-cesaran-la-lucha-cuando-encima-de-la-mesa-no-haya-ni-un-solo-despido\/#primaryimage"},"thumbnailUrl":"https:\/\/super-news.info\/es\/wp-content\/uploads\/sites\/4\/2021\/04\/Trabajadores-de-Tubacex-dicen-que-solo-cesaran-la-lucha-cuando.jpg","datePublished":"2021-04-11T16:39:49+00:00","dateModified":"2021-04-11T16:39:52+00:00","author":{"@id":"https:\/\/super-news.info\/es\/#\/schema\/person\/2d4068cb2f39cd10008c2fce578a7356"},"breadcrumb":{"@id":"https:\/\/super-news.info\/es\/trabajadores-de-tubacex-dicen-que-solo-cesaran-la-lucha-cuando-encima-de-la-mesa-no-haya-ni-un-solo-despido\/#breadcrumb"},"inLanguage":"en-US","potentialAction":[{"@type":"ReadAction","target":["https:\/\/super-news.info\/es\/trabajadores-de-tubacex-dicen-que-solo-cesaran-la-lucha-cuando-encima-de-la-mesa-no-haya-ni-un-solo-despido\/"]}]},{"@type":"ImageObject","inLanguage":"en-US","@id":"https:\/\/super-news.info\/es\/trabajadores-de-tubacex-dicen-que-solo-cesaran-la-lucha-cuando-encima-de-la-mesa-no-haya-ni-un-solo-despido\/#primaryimage","url":"https:\/\/super-news.info\/es\/wp-content\/uploads\/sites\/4\/2021\/04\/Trabajadores-de-Tubacex-dicen-que-solo-cesaran-la-lucha-cuando.jpg","contentUrl":"https:\/\/super-news.info\/es\/wp-content\/uploads\/sites\/4\/2021\/04\/Trabajadores-de-Tubacex-dicen-que-solo-cesaran-la-lucha-cuando.jpg","width":120,"height":80,"caption":"Trabajadores de Tubacex dicen que solo cesar\u00e1n la \"lucha cuando encima de la mesa no haya ni un solo despido\""},{"@type":"BreadcrumbList","@id":"https:\/\/super-news.info\/es\/trabajadores-de-tubacex-dicen-que-solo-cesaran-la-lucha-cuando-encima-de-la-mesa-no-haya-ni-un-solo-despido\/#breadcrumb","itemListElement":[{"@type":"ListItem","position":1,"name":"\u0413\u043b\u0430\u0432\u043d\u0430\u044f \u0441\u0442\u0440\u0430\u043d\u0438\u0446\u0430","item":"https:\/\/super-news.info\/es\/"},{"@type":"ListItem","position":2,"name":"Trabajadores de Tubacex dicen que solo cesar\u00e1n la &#8220;lucha cuando encima de la mesa no haya ni un solo despido&#8221;"}]},{"@type":"WebSite","@id":"https:\/\/super-news.info\/es\/#website","url":"https:\/\/super-news.info\/es\/","name":"Super News","description":"Super News Espa\u00f1a","potentialAction":[{"@type":"SearchAction","target":{"@type":"EntryPoint","urlTemplate":"https:\/\/super-news.info\/es\/?s={search_term_string}"},"query-input":{"@type":"PropertyValueSpecification","valueRequired":true,"valueName":"search_term_string"}}],"inLanguage":"en-US"},{"@type":"Person","@id":"https:\/\/super-news.info\/es\/#\/schema\/person\/2d4068cb2f39cd10008c2fce578a7356","name":"super-news","image":{"@type":"ImageObject","inLanguage":"en-US","@id":"https:\/\/secure.gravatar.com\/avatar\/64ebac40b93f26a154f8a9b5b6fdccfc46f442b26b3dd6756dbff3bf9dc76fd7?s=96&d=mm&r=g","url":"https:\/\/secure.gravatar.com\/avatar\/64ebac40b93f26a154f8a9b5b6fdccfc46f442b26b3dd6756dbff3bf9dc76fd7?s=96&d=mm&r=g","contentUrl":"https:\/\/secure.gravatar.com\/avatar\/64ebac40b93f26a154f8a9b5b6fdccfc46f442b26b3dd6756dbff3bf9dc76fd7?s=96&d=mm&r=g","caption":"super-news"},"url":"https:\/\/super-news.info\/es\/author\/pt\/"}]}},"_links":{"self":[{"href":"https:\/\/super-news.info\/es\/wp-json\/wp\/v2\/posts\/14215","targetHints":{"allow":["GET"]}}],"collection":[{"href":"https:\/\/super-news.info\/es\/wp-json\/wp\/v2\/posts"}],"about":[{"href":"https:\/\/super-news.info\/es\/wp-json\/wp\/v2\/types\/post"}],"author":[{"embeddable":true,"href":"https:\/\/super-news.info\/es\/wp-json\/wp\/v2\/users\/2"}],"replies":[{"embeddable":true,"href":"https:\/\/super-news.info\/es\/wp-json\/wp\/v2\/comments?post=14215"}],"version-history":[{"count":1,"href":"https:\/\/super-news.info\/es\/wp-json\/wp\/v2\/posts\/14215\/revisions"}],"predecessor-version":[{"id":14217,"href":"https:\/\/super-news.info\/es\/wp-json\/wp\/v2\/posts\/14215\/revisions\/14217"}],"wp:featuredmedia":[{"embeddable":true,"href":"https:\/\/super-news.info\/es\/wp-json\/wp\/v2\/media\/14216"}],"wp:attachment":[{"href":"https:\/\/super-news.info\/es\/wp-json\/wp\/v2\/media?parent=14215"}],"wp:term":[{"taxonomy":"category","embeddable":true,"href":"https:\/\/super-news.info\/es\/wp-json\/wp\/v2\/categories?post=14215"},{"taxonomy":"post_tag","embeddable":true,"href":"https:\/\/super-news.info\/es\/wp-json\/wp\/v2\/tags?post=14215"}],"curies":[{"name":"wp","href":"https:\/\/api.w.org\/{rel}","templated":true}]}}