{"id":14197,"date":"2021-04-10T07:36:21","date_gmt":"2021-04-10T04:36:21","guid":{"rendered":"https:\/\/super-news.info\/es\/los-reyes-inauguran-el-campus-de-iberdrola-y-conocen-de-primera-mano-la-apuesta-del-grupo-por-las-renovables\/"},"modified":"2021-04-10T07:36:26","modified_gmt":"2021-04-10T04:36:26","slug":"los-reyes-inauguran-el-campus-de-iberdrola-y-conocen-de-primera-mano-la-apuesta-del-grupo-por-las-renovables","status":"publish","type":"post","link":"https:\/\/super-news.info\/es\/los-reyes-inauguran-el-campus-de-iberdrola-y-conocen-de-primera-mano-la-apuesta-del-grupo-por-las-renovables\/","title":{"rendered":"Los Reyes inauguran el Campus de Iberdrola y conocen de primera mano la apuesta del grupo por las renovables"},"content":{"rendered":"<p>\nMADRID, 9 Abr. (EUROPA PRESS) &#8211;<br \/>\n   Los Reyes don Felipe y do\u00f1a Letizia, junto al presidente de Iberdrola, Ignacio S\u00e1nchez Gal\u00e1n, han inaugurado este viernes el Campus de Innovaci\u00f3n y Formaci\u00f3n de la compa\u00f1\u00eda en San Agust\u00edn del Guadalix (Madrid), en el marco de la Jornada Iberdrola RETO, con el foco puesto en la recuperaci\u00f3n, las energ\u00edas limpias, la transici\u00f3n energ\u00e9tica y los objetivos de desarrollo sostenible (ODS).<br \/>\n   En un acto, que tambi\u00e9n cont\u00f3 con la presencia de la ministra de Educaci\u00f3n y Formaci\u00f3n Profesional, Isabel Cela\u00e1, la compa\u00f1\u00eda dio el pistoletazo de salida oficial a unas instalaciones de \u00faltima generaci\u00f3n que est\u00e1n llamadas a ser un centro global para el conocimiento, la innovaci\u00f3n y la empleabilidad de la compa\u00f1\u00eda.<br \/>\n   Gal\u00e1n puso en valor que este Campus, que con cerca de 13.000 personas recibiendo desarrollo formativo en sus aulas anualmente representa la apuesta de Iberdrola por la tecnolog\u00eda, ya &#8220;se concibe desde la convicci\u00f3n de que el futuro no es de quien lo adivina, sino de quien lo crea&#8221;.<br \/>\n   &#8220;El mayor par\u00f3n vivido en dos generaciones, provocado por la pandemia, nos ha dado la capacidad de librarnos de inercias que llevan d\u00e9cadas alej\u00e1ndonos de un verdadero desarrollo sostenible para avanzar hacia una recuperaci\u00f3n que no deje a nadie atr\u00e1s. Ese es el &#8216;RETO&#8217; al que debemos hacer frente juntos. Y contamos con las herramientas para superarlo: Recuperaci\u00f3n, Energ\u00edas limpias, Transici\u00f3n energ\u00e9tica y Objetivos de Desarrollo Sostenible (ODS)&#8221;, dijo.<br \/>\nLA LEY DE CAMBIO CLIM\u00c1TICO, &#8220;UNA GRAN NOTICIA PARA ESPA\u00d1A&#8221;<br \/>\n   Adem\u00e1s, el presidente de Iberdrola aprovech\u00f3 el acto para aplaudir p\u00fablicamente la aprobaci\u00f3n este jueves por el Congreso de los Diputados de la Ley de Cambio Clim\u00e1tico y Transici\u00f3n Energ\u00e9tica, ya que representa &#8220;una gran noticia para Espa\u00f1a&#8221;.<br \/>\n   Asimismo, los Reyes de Espa\u00f1a han tenido la oportunidad de conocer de primera mano las instalaciones de la energ\u00e9tica y su compromiso con el programa europeo &#8216;Re-skilling 4 Employment&#8217; para capacitar profesionalmente y promover el empleo entre 2,5 y 5 millones de personas en Europa y entre 500.000 y 1 mill\u00f3n en Espa\u00f1a de j\u00f3venes, parados y profesionales senior a 2030.<br \/>\n   Adem\u00e1s, en un recorrido por el Campus, los Reyes han podido tomar contacto con la apuesta de la compa\u00f1\u00eda por liderar la transici\u00f3n energ\u00e9tica a trav\u00e9s de sus proyectos en renovables, destacando la e\u00f3lica marina o el hidr\u00f3geno verde, entre otros.<br \/>\n   En las aulas y talleres del Campus, se imparten muchas de las 53 horas de formaci\u00f3n que cada empleado de Iberdrola recibe al a\u00f1o. La compa\u00f1\u00eda, adem\u00e1s, lleva a cabo numerosas iniciativas en colaboraci\u00f3n con universidades, como la Pontificia de Comillas o la de Deusto, en el Pa\u00eds Vasco; el Massachusetts Institute of Technology, en Estados Unidos; la Universidad de Strathclyde, en el Reino Unido; el Tecnol\u00f3gico de Monterrey, en M\u00e9xico; o la Universidad Hamad Bin Khalifa, en Catar.<br \/>\nPREMIOS IBERDROLA RETO AL PROVEEDOR DEL A\u00d1O<br \/>\n   Durante la inauguraci\u00f3n, Don Felipe y Do\u00f1a Letizia, junto con Ignacio Gal\u00e1n, tambi\u00e9n han entregado los Premios Iberdrola RETO (Recuperaci\u00f3n, Energ\u00eda, Transici\u00f3n y ODS) al Proveedor del A\u00f1o a cuatro empresas.<br \/>\n   &#8220;Dos de ellas han destacado en el impulso de dos ejes marcados por Europa para la recuperaci\u00f3n, como son la transici\u00f3n energ\u00e9tica y la digitalizaci\u00f3n. Y otras dos son ejemplo de dos grandes objetivos de nuestra sociedad, el empleo y la igualdad&#8221;, afirm\u00f3 Gal\u00e1n.<br \/>\n   As\u00ed, Mapfre ha sido reconocida por su compromiso con la igualdad; la compa\u00f1\u00eda brit\u00e1nica Kirby por su apuesta por la digitalizaci\u00f3n; el reconocimiento a los avances en transici\u00f3n energ\u00e9tica ha reca\u00eddo en la compa\u00f1\u00eda holandesa especializada en construcciones mar\u00edtimas, Van Oord; y la consultora vasca Iberm\u00e1tica, especializada en tecnolog\u00edas de la informaci\u00f3n, ha sido premiada por su impulso al empleo de calidad.<br \/>\n   Asimismo, Iberdrola ha otorgado una menci\u00f3n especial Covid a cinco compa\u00f1\u00edas -Amara, Ormazabal, Iturri, Wottoline y DSV-, por el compromiso demostrado durante la pandemia.<br \/>\n   &#8220;Empresas que, en plena crisis, trabajaron codo con codo con nosotros para entregar desinteresadamente el material sanitario que proveemos a las autoridades en los momentos en los que tanto escaseaba&#8221;, asegur\u00f3 Gal\u00e1n.<br \/>\n   Con estos premios, la energ\u00e9tica ha querido destacar la labor de los socios estrat\u00e9gicos que integran su cadena de valor y culminar un a\u00f1o de colaboraci\u00f3n especialmente estrecho por la situaci\u00f3n de pandemia.<br \/>\n<br \/>\n<!--noindex--><br \/>\n<a href=\"https:\/\/www.europapress.es\/economia\/energia-medio-ambiente-00183\/noticia-reyes-inauguran-campus-iberdrola-conocen-primera-mano-apuesta-grupo-renovables-20210409145959.html\" rel=\"nofollow\">Source link <\/a><br \/>\n<!--\/noindex--><\/p>\n","protected":false},"excerpt":{"rendered":"<p>MADRID, 9 Abr. (EUROPA PRESS) &#8211; Los Reyes don Felipe y do\u00f1a Letizia, junto al presidente de Iberdrola, Ignacio S\u00e1nchez Gal\u00e1n, han inaugurado este viernes el Campus de Innovaci\u00f3n y Formaci\u00f3n de la compa\u00f1\u00eda en San Agust\u00edn del Guadalix (Madrid), en el marco de la Jornada Iberdrola RETO, con el foco puesto en la recuperaci\u00f3n, [&hellip;]<\/p>\n","protected":false},"author":2,"featured_media":14198,"comment_status":"open","ping_status":"open","sticky":false,"template":"","format":"standard","meta":{"footnotes":""},"categories":[1],"tags":[],"class_list":["post-14197","post","type-post","status-publish","format-standard","has-post-thumbnail","hentry","category-noticias-financieras"],"yoast_head":"<!-- This site is optimized with the Yoast SEO plugin v27.4 - https:\/\/yoast.com\/product\/yoast-seo-wordpress\/ -->\n<title>Los Reyes inauguran el Campus de Iberdrola y conocen de primera mano la apuesta del grupo por las renovables - Super News<\/title>\n<meta name=\"robots\" content=\"index, follow, max-snippet:-1, max-image-preview:large, max-video-preview:-1\" \/>\n<link rel=\"canonical\" href=\"https:\/\/super-news.info\/es\/los-reyes-inauguran-el-campus-de-iberdrola-y-conocen-de-primera-mano-la-apuesta-del-grupo-por-las-renovables\/\" \/>\n<meta property=\"og:locale\" content=\"en_US\" \/>\n<meta property=\"og:type\" content=\"article\" \/>\n<meta property=\"og:title\" content=\"Los Reyes inauguran el Campus de Iberdrola y conocen de primera mano la apuesta del grupo por las renovables - Super News\" \/>\n<meta property=\"og:description\" content=\"MADRID, 9 Abr. (EUROPA PRESS) &#8211; Los Reyes don Felipe y do\u00f1a Letizia, junto al presidente de Iberdrola, Ignacio S\u00e1nchez Gal\u00e1n, han inaugurado este viernes el Campus de Innovaci\u00f3n y Formaci\u00f3n de la compa\u00f1\u00eda en San Agust\u00edn del Guadalix (Madrid), en el marco de la Jornada Iberdrola RETO, con el foco puesto en la recuperaci\u00f3n, [&hellip;]\" \/>\n<meta property=\"og:url\" content=\"https:\/\/super-news.info\/es\/los-reyes-inauguran-el-campus-de-iberdrola-y-conocen-de-primera-mano-la-apuesta-del-grupo-por-las-renovables\/\" \/>\n<meta property=\"og:site_name\" content=\"Super News\" \/>\n<meta property=\"article:published_time\" content=\"2021-04-10T04:36:21+00:00\" \/>\n<meta property=\"article:modified_time\" content=\"2021-04-10T04:36:26+00:00\" \/>\n<meta property=\"og:image\" content=\"https:\/\/super-news.info\/es\/wp-content\/uploads\/sites\/4\/2021\/04\/Los-Reyes-inauguran-el-Campus-de-Iberdrola-y-conocen-de.jpg\" \/>\n\t<meta property=\"og:image:width\" content=\"120\" \/>\n\t<meta property=\"og:image:height\" content=\"80\" \/>\n\t<meta property=\"og:image:type\" content=\"image\/jpeg\" \/>\n<meta name=\"author\" content=\"super-news\" \/>\n<meta name=\"twitter:card\" content=\"summary_large_image\" \/>\n<meta name=\"twitter:label1\" content=\"Written by\" \/>\n\t<meta name=\"twitter:data1\" content=\"super-news\" \/>\n\t<meta name=\"twitter:label2\" content=\"Est. reading time\" \/>\n\t<meta name=\"twitter:data2\" content=\"4 minutes\" \/>\n<script type=\"application\/ld+json\" class=\"yoast-schema-graph\">{\"@context\":\"https:\\\/\\\/schema.org\",\"@graph\":[{\"@type\":\"Article\",\"@id\":\"https:\\\/\\\/super-news.info\\\/es\\\/los-reyes-inauguran-el-campus-de-iberdrola-y-conocen-de-primera-mano-la-apuesta-del-grupo-por-las-renovables\\\/#article\",\"isPartOf\":{\"@id\":\"https:\\\/\\\/super-news.info\\\/es\\\/los-reyes-inauguran-el-campus-de-iberdrola-y-conocen-de-primera-mano-la-apuesta-del-grupo-por-las-renovables\\\/\"},\"author\":{\"name\":\"super-news\",\"@id\":\"https:\\\/\\\/super-news.info\\\/es\\\/#\\\/schema\\\/person\\\/2d4068cb2f39cd10008c2fce578a7356\"},\"headline\":\"Los Reyes inauguran el Campus de Iberdrola y conocen de primera mano la apuesta del grupo por las renovables\",\"datePublished\":\"2021-04-10T04:36:21+00:00\",\"dateModified\":\"2021-04-10T04:36:26+00:00\",\"mainEntityOfPage\":{\"@id\":\"https:\\\/\\\/super-news.info\\\/es\\\/los-reyes-inauguran-el-campus-de-iberdrola-y-conocen-de-primera-mano-la-apuesta-del-grupo-por-las-renovables\\\/\"},\"wordCount\":805,\"commentCount\":0,\"image\":{\"@id\":\"https:\\\/\\\/super-news.info\\\/es\\\/los-reyes-inauguran-el-campus-de-iberdrola-y-conocen-de-primera-mano-la-apuesta-del-grupo-por-las-renovables\\\/#primaryimage\"},\"thumbnailUrl\":\"https:\\\/\\\/super-news.info\\\/es\\\/wp-content\\\/uploads\\\/sites\\\/4\\\/2021\\\/04\\\/Los-Reyes-inauguran-el-Campus-de-Iberdrola-y-conocen-de.jpg\",\"articleSection\":[\"NOTICIAS FINANCIERAS\"],\"inLanguage\":\"en-US\",\"potentialAction\":[{\"@type\":\"CommentAction\",\"name\":\"Comment\",\"target\":[\"https:\\\/\\\/super-news.info\\\/es\\\/los-reyes-inauguran-el-campus-de-iberdrola-y-conocen-de-primera-mano-la-apuesta-del-grupo-por-las-renovables\\\/#respond\"]}]},{\"@type\":\"WebPage\",\"@id\":\"https:\\\/\\\/super-news.info\\\/es\\\/los-reyes-inauguran-el-campus-de-iberdrola-y-conocen-de-primera-mano-la-apuesta-del-grupo-por-las-renovables\\\/\",\"url\":\"https:\\\/\\\/super-news.info\\\/es\\\/los-reyes-inauguran-el-campus-de-iberdrola-y-conocen-de-primera-mano-la-apuesta-del-grupo-por-las-renovables\\\/\",\"name\":\"Los Reyes inauguran el Campus de Iberdrola y conocen de primera mano la apuesta del grupo por las renovables - Super News\",\"isPartOf\":{\"@id\":\"https:\\\/\\\/super-news.info\\\/es\\\/#website\"},\"primaryImageOfPage\":{\"@id\":\"https:\\\/\\\/super-news.info\\\/es\\\/los-reyes-inauguran-el-campus-de-iberdrola-y-conocen-de-primera-mano-la-apuesta-del-grupo-por-las-renovables\\\/#primaryimage\"},\"image\":{\"@id\":\"https:\\\/\\\/super-news.info\\\/es\\\/los-reyes-inauguran-el-campus-de-iberdrola-y-conocen-de-primera-mano-la-apuesta-del-grupo-por-las-renovables\\\/#primaryimage\"},\"thumbnailUrl\":\"https:\\\/\\\/super-news.info\\\/es\\\/wp-content\\\/uploads\\\/sites\\\/4\\\/2021\\\/04\\\/Los-Reyes-inauguran-el-Campus-de-Iberdrola-y-conocen-de.jpg\",\"datePublished\":\"2021-04-10T04:36:21+00:00\",\"dateModified\":\"2021-04-10T04:36:26+00:00\",\"author\":{\"@id\":\"https:\\\/\\\/super-news.info\\\/es\\\/#\\\/schema\\\/person\\\/2d4068cb2f39cd10008c2fce578a7356\"},\"breadcrumb\":{\"@id\":\"https:\\\/\\\/super-news.info\\\/es\\\/los-reyes-inauguran-el-campus-de-iberdrola-y-conocen-de-primera-mano-la-apuesta-del-grupo-por-las-renovables\\\/#breadcrumb\"},\"inLanguage\":\"en-US\",\"potentialAction\":[{\"@type\":\"ReadAction\",\"target\":[\"https:\\\/\\\/super-news.info\\\/es\\\/los-reyes-inauguran-el-campus-de-iberdrola-y-conocen-de-primera-mano-la-apuesta-del-grupo-por-las-renovables\\\/\"]}]},{\"@type\":\"ImageObject\",\"inLanguage\":\"en-US\",\"@id\":\"https:\\\/\\\/super-news.info\\\/es\\\/los-reyes-inauguran-el-campus-de-iberdrola-y-conocen-de-primera-mano-la-apuesta-del-grupo-por-las-renovables\\\/#primaryimage\",\"url\":\"https:\\\/\\\/super-news.info\\\/es\\\/wp-content\\\/uploads\\\/sites\\\/4\\\/2021\\\/04\\\/Los-Reyes-inauguran-el-Campus-de-Iberdrola-y-conocen-de.jpg\",\"contentUrl\":\"https:\\\/\\\/super-news.info\\\/es\\\/wp-content\\\/uploads\\\/sites\\\/4\\\/2021\\\/04\\\/Los-Reyes-inauguran-el-Campus-de-Iberdrola-y-conocen-de.jpg\",\"width\":120,\"height\":80,\"caption\":\"Los Reyes inauguran el Campus de Iberdrola y conocen de primera mano la apuesta del grupo por las renovables\"},{\"@type\":\"BreadcrumbList\",\"@id\":\"https:\\\/\\\/super-news.info\\\/es\\\/los-reyes-inauguran-el-campus-de-iberdrola-y-conocen-de-primera-mano-la-apuesta-del-grupo-por-las-renovables\\\/#breadcrumb\",\"itemListElement\":[{\"@type\":\"ListItem\",\"position\":1,\"name\":\"\u0413\u043b\u0430\u0432\u043d\u0430\u044f \u0441\u0442\u0440\u0430\u043d\u0438\u0446\u0430\",\"item\":\"https:\\\/\\\/super-news.info\\\/es\\\/\"},{\"@type\":\"ListItem\",\"position\":2,\"name\":\"Los Reyes inauguran el Campus de Iberdrola y conocen de primera mano la apuesta del grupo por las renovables\"}]},{\"@type\":\"WebSite\",\"@id\":\"https:\\\/\\\/super-news.info\\\/es\\\/#website\",\"url\":\"https:\\\/\\\/super-news.info\\\/es\\\/\",\"name\":\"Super News\",\"description\":\"Super News Espa\u00f1a\",\"potentialAction\":[{\"@type\":\"SearchAction\",\"target\":{\"@type\":\"EntryPoint\",\"urlTemplate\":\"https:\\\/\\\/super-news.info\\\/es\\\/?s={search_term_string}\"},\"query-input\":{\"@type\":\"PropertyValueSpecification\",\"valueRequired\":true,\"valueName\":\"search_term_string\"}}],\"inLanguage\":\"en-US\"},{\"@type\":\"Person\",\"@id\":\"https:\\\/\\\/super-news.info\\\/es\\\/#\\\/schema\\\/person\\\/2d4068cb2f39cd10008c2fce578a7356\",\"name\":\"super-news\",\"image\":{\"@type\":\"ImageObject\",\"inLanguage\":\"en-US\",\"@id\":\"https:\\\/\\\/secure.gravatar.com\\\/avatar\\\/64ebac40b93f26a154f8a9b5b6fdccfc46f442b26b3dd6756dbff3bf9dc76fd7?s=96&d=mm&r=g\",\"url\":\"https:\\\/\\\/secure.gravatar.com\\\/avatar\\\/64ebac40b93f26a154f8a9b5b6fdccfc46f442b26b3dd6756dbff3bf9dc76fd7?s=96&d=mm&r=g\",\"contentUrl\":\"https:\\\/\\\/secure.gravatar.com\\\/avatar\\\/64ebac40b93f26a154f8a9b5b6fdccfc46f442b26b3dd6756dbff3bf9dc76fd7?s=96&d=mm&r=g\",\"caption\":\"super-news\"},\"url\":\"https:\\\/\\\/super-news.info\\\/es\\\/author\\\/pt\\\/\"}]}<\/script>\n<!-- \/ Yoast SEO plugin. -->","yoast_head_json":{"title":"Los Reyes inauguran el Campus de Iberdrola y conocen de primera mano la apuesta del grupo por las renovables - Super News","robots":{"index":"index","follow":"follow","max-snippet":"max-snippet:-1","max-image-preview":"max-image-preview:large","max-video-preview":"max-video-preview:-1"},"canonical":"https:\/\/super-news.info\/es\/los-reyes-inauguran-el-campus-de-iberdrola-y-conocen-de-primera-mano-la-apuesta-del-grupo-por-las-renovables\/","og_locale":"en_US","og_type":"article","og_title":"Los Reyes inauguran el Campus de Iberdrola y conocen de primera mano la apuesta del grupo por las renovables - Super News","og_description":"MADRID, 9 Abr. (EUROPA PRESS) &#8211; Los Reyes don Felipe y do\u00f1a Letizia, junto al presidente de Iberdrola, Ignacio S\u00e1nchez Gal\u00e1n, han inaugurado este viernes el Campus de Innovaci\u00f3n y Formaci\u00f3n de la compa\u00f1\u00eda en San Agust\u00edn del Guadalix (Madrid), en el marco de la Jornada Iberdrola RETO, con el foco puesto en la recuperaci\u00f3n, [&hellip;]","og_url":"https:\/\/super-news.info\/es\/los-reyes-inauguran-el-campus-de-iberdrola-y-conocen-de-primera-mano-la-apuesta-del-grupo-por-las-renovables\/","og_site_name":"Super News","article_published_time":"2021-04-10T04:36:21+00:00","article_modified_time":"2021-04-10T04:36:26+00:00","og_image":[{"width":120,"height":80,"url":"https:\/\/super-news.info\/es\/wp-content\/uploads\/sites\/4\/2021\/04\/Los-Reyes-inauguran-el-Campus-de-Iberdrola-y-conocen-de.jpg","type":"image\/jpeg"}],"author":"super-news","twitter_card":"summary_large_image","twitter_misc":{"Written by":"super-news","Est. reading time":"4 minutes"},"schema":{"@context":"https:\/\/schema.org","@graph":[{"@type":"Article","@id":"https:\/\/super-news.info\/es\/los-reyes-inauguran-el-campus-de-iberdrola-y-conocen-de-primera-mano-la-apuesta-del-grupo-por-las-renovables\/#article","isPartOf":{"@id":"https:\/\/super-news.info\/es\/los-reyes-inauguran-el-campus-de-iberdrola-y-conocen-de-primera-mano-la-apuesta-del-grupo-por-las-renovables\/"},"author":{"name":"super-news","@id":"https:\/\/super-news.info\/es\/#\/schema\/person\/2d4068cb2f39cd10008c2fce578a7356"},"headline":"Los Reyes inauguran el Campus de Iberdrola y conocen de primera mano la apuesta del grupo por las renovables","datePublished":"2021-04-10T04:36:21+00:00","dateModified":"2021-04-10T04:36:26+00:00","mainEntityOfPage":{"@id":"https:\/\/super-news.info\/es\/los-reyes-inauguran-el-campus-de-iberdrola-y-conocen-de-primera-mano-la-apuesta-del-grupo-por-las-renovables\/"},"wordCount":805,"commentCount":0,"image":{"@id":"https:\/\/super-news.info\/es\/los-reyes-inauguran-el-campus-de-iberdrola-y-conocen-de-primera-mano-la-apuesta-del-grupo-por-las-renovables\/#primaryimage"},"thumbnailUrl":"https:\/\/super-news.info\/es\/wp-content\/uploads\/sites\/4\/2021\/04\/Los-Reyes-inauguran-el-Campus-de-Iberdrola-y-conocen-de.jpg","articleSection":["NOTICIAS FINANCIERAS"],"inLanguage":"en-US","potentialAction":[{"@type":"CommentAction","name":"Comment","target":["https:\/\/super-news.info\/es\/los-reyes-inauguran-el-campus-de-iberdrola-y-conocen-de-primera-mano-la-apuesta-del-grupo-por-las-renovables\/#respond"]}]},{"@type":"WebPage","@id":"https:\/\/super-news.info\/es\/los-reyes-inauguran-el-campus-de-iberdrola-y-conocen-de-primera-mano-la-apuesta-del-grupo-por-las-renovables\/","url":"https:\/\/super-news.info\/es\/los-reyes-inauguran-el-campus-de-iberdrola-y-conocen-de-primera-mano-la-apuesta-del-grupo-por-las-renovables\/","name":"Los Reyes inauguran el Campus de Iberdrola y conocen de primera mano la apuesta del grupo por las renovables - Super News","isPartOf":{"@id":"https:\/\/super-news.info\/es\/#website"},"primaryImageOfPage":{"@id":"https:\/\/super-news.info\/es\/los-reyes-inauguran-el-campus-de-iberdrola-y-conocen-de-primera-mano-la-apuesta-del-grupo-por-las-renovables\/#primaryimage"},"image":{"@id":"https:\/\/super-news.info\/es\/los-reyes-inauguran-el-campus-de-iberdrola-y-conocen-de-primera-mano-la-apuesta-del-grupo-por-las-renovables\/#primaryimage"},"thumbnailUrl":"https:\/\/super-news.info\/es\/wp-content\/uploads\/sites\/4\/2021\/04\/Los-Reyes-inauguran-el-Campus-de-Iberdrola-y-conocen-de.jpg","datePublished":"2021-04-10T04:36:21+00:00","dateModified":"2021-04-10T04:36:26+00:00","author":{"@id":"https:\/\/super-news.info\/es\/#\/schema\/person\/2d4068cb2f39cd10008c2fce578a7356"},"breadcrumb":{"@id":"https:\/\/super-news.info\/es\/los-reyes-inauguran-el-campus-de-iberdrola-y-conocen-de-primera-mano-la-apuesta-del-grupo-por-las-renovables\/#breadcrumb"},"inLanguage":"en-US","potentialAction":[{"@type":"ReadAction","target":["https:\/\/super-news.info\/es\/los-reyes-inauguran-el-campus-de-iberdrola-y-conocen-de-primera-mano-la-apuesta-del-grupo-por-las-renovables\/"]}]},{"@type":"ImageObject","inLanguage":"en-US","@id":"https:\/\/super-news.info\/es\/los-reyes-inauguran-el-campus-de-iberdrola-y-conocen-de-primera-mano-la-apuesta-del-grupo-por-las-renovables\/#primaryimage","url":"https:\/\/super-news.info\/es\/wp-content\/uploads\/sites\/4\/2021\/04\/Los-Reyes-inauguran-el-Campus-de-Iberdrola-y-conocen-de.jpg","contentUrl":"https:\/\/super-news.info\/es\/wp-content\/uploads\/sites\/4\/2021\/04\/Los-Reyes-inauguran-el-Campus-de-Iberdrola-y-conocen-de.jpg","width":120,"height":80,"caption":"Los Reyes inauguran el Campus de Iberdrola y conocen de primera mano la apuesta del grupo por las renovables"},{"@type":"BreadcrumbList","@id":"https:\/\/super-news.info\/es\/los-reyes-inauguran-el-campus-de-iberdrola-y-conocen-de-primera-mano-la-apuesta-del-grupo-por-las-renovables\/#breadcrumb","itemListElement":[{"@type":"ListItem","position":1,"name":"\u0413\u043b\u0430\u0432\u043d\u0430\u044f \u0441\u0442\u0440\u0430\u043d\u0438\u0446\u0430","item":"https:\/\/super-news.info\/es\/"},{"@type":"ListItem","position":2,"name":"Los Reyes inauguran el Campus de Iberdrola y conocen de primera mano la apuesta del grupo por las renovables"}]},{"@type":"WebSite","@id":"https:\/\/super-news.info\/es\/#website","url":"https:\/\/super-news.info\/es\/","name":"Super News","description":"Super News Espa\u00f1a","potentialAction":[{"@type":"SearchAction","target":{"@type":"EntryPoint","urlTemplate":"https:\/\/super-news.info\/es\/?s={search_term_string}"},"query-input":{"@type":"PropertyValueSpecification","valueRequired":true,"valueName":"search_term_string"}}],"inLanguage":"en-US"},{"@type":"Person","@id":"https:\/\/super-news.info\/es\/#\/schema\/person\/2d4068cb2f39cd10008c2fce578a7356","name":"super-news","image":{"@type":"ImageObject","inLanguage":"en-US","@id":"https:\/\/secure.gravatar.com\/avatar\/64ebac40b93f26a154f8a9b5b6fdccfc46f442b26b3dd6756dbff3bf9dc76fd7?s=96&d=mm&r=g","url":"https:\/\/secure.gravatar.com\/avatar\/64ebac40b93f26a154f8a9b5b6fdccfc46f442b26b3dd6756dbff3bf9dc76fd7?s=96&d=mm&r=g","contentUrl":"https:\/\/secure.gravatar.com\/avatar\/64ebac40b93f26a154f8a9b5b6fdccfc46f442b26b3dd6756dbff3bf9dc76fd7?s=96&d=mm&r=g","caption":"super-news"},"url":"https:\/\/super-news.info\/es\/author\/pt\/"}]}},"_links":{"self":[{"href":"https:\/\/super-news.info\/es\/wp-json\/wp\/v2\/posts\/14197","targetHints":{"allow":["GET"]}}],"collection":[{"href":"https:\/\/super-news.info\/es\/wp-json\/wp\/v2\/posts"}],"about":[{"href":"https:\/\/super-news.info\/es\/wp-json\/wp\/v2\/types\/post"}],"author":[{"embeddable":true,"href":"https:\/\/super-news.info\/es\/wp-json\/wp\/v2\/users\/2"}],"replies":[{"embeddable":true,"href":"https:\/\/super-news.info\/es\/wp-json\/wp\/v2\/comments?post=14197"}],"version-history":[{"count":1,"href":"https:\/\/super-news.info\/es\/wp-json\/wp\/v2\/posts\/14197\/revisions"}],"predecessor-version":[{"id":14199,"href":"https:\/\/super-news.info\/es\/wp-json\/wp\/v2\/posts\/14197\/revisions\/14199"}],"wp:featuredmedia":[{"embeddable":true,"href":"https:\/\/super-news.info\/es\/wp-json\/wp\/v2\/media\/14198"}],"wp:attachment":[{"href":"https:\/\/super-news.info\/es\/wp-json\/wp\/v2\/media?parent=14197"}],"wp:term":[{"taxonomy":"category","embeddable":true,"href":"https:\/\/super-news.info\/es\/wp-json\/wp\/v2\/categories?post=14197"},{"taxonomy":"post_tag","embeddable":true,"href":"https:\/\/super-news.info\/es\/wp-json\/wp\/v2\/tags?post=14197"}],"curies":[{"name":"wp","href":"https:\/\/api.w.org\/{rel}","templated":true}]}}