{"id":14158,"date":"2021-04-06T21:10:32","date_gmt":"2021-04-06T18:10:32","guid":{"rendered":"https:\/\/super-news.info\/es\/homenaje-al-museo-del-prado-la-tecnologia-impulsa-la-cultura\/"},"modified":"2021-04-06T21:10:34","modified_gmt":"2021-04-06T18:10:34","slug":"homenaje-al-museo-del-prado-la-tecnologia-impulsa-la-cultura","status":"publish","type":"post","link":"https:\/\/super-news.info\/es\/homenaje-al-museo-del-prado-la-tecnologia-impulsa-la-cultura\/","title":{"rendered":"Homenaje al Museo del Prado: La tecnolog\u00eda impulsa la cultura"},"content":{"rendered":"<p>El Museo del Prado y Samsung han demostrado, una vez m\u00e1s, que la tecnolog\u00eda puede servir para impulsar la cultura, con la inauguraci\u00f3n de una exposici\u00f3n que homenajea la historia de la entidad madrile\u00f1a.La digitalizaci\u00f3n es beneficiosa para cualquier \u00e1mbito que se tercie, incluido el de la cultura. En esta ocasi\u00f3n lo hace dentro de la categor\u00eda del arte, puesto que el Museo del Prado de Madrid ha inaugurado de la mano de Samsung una exposici\u00f3n que recorre la historia de esta emblem\u00e1tica entidad de la capital desde su nacimiento en 1819.<br \/>\nLa sala llamada como \u00abHistoria del Museo del Prado y sus edificios\u00bb incluye una producci\u00f3n audiovisual en 4K que dura cinco minutos y que combina im\u00e1genes hist\u00f3ricas del museo, as\u00ed como grafismos, ilustraciones, t\u00e9cnicas de modelado y animaci\u00f3n 3D para recrear la evoluci\u00f3n arquitect\u00f3nica del Museo del Prado hasta nuestros d\u00edas.<br \/>\nAsimismo, cuenta con una aplicaci\u00f3n accesible desde seis puestos diferentes dotados de tabletas Samsung que permite ampliar la informaci\u00f3n sobre las diferentes etapas que ha vivido el museo.<br \/>\nLo que sucede cuando la tecnolog\u00eda y la cultura se dan la mano<br \/>\n\u00abLa tecnolog\u00eda debe tener un papel fundamental a la hora de impulsar el conocimiento y el enriquecimiento cultural de la sociedad. Nuestra colaboraci\u00f3n con el Museo permite que m\u00e1s gente pueda disfrutar de sus exposiciones y sus contenidos\u00bb, afirma Alfonso Fern\u00e1ndez, director de marketing y transformaci\u00f3n digital de Samsung Iberia.<br \/>\nLa colaboraci\u00f3n entre Samsung y el Museo del Prado se remonta a 2013, a\u00f1o en el que pensaron que ser\u00eda fruct\u00edfero que la tecnolog\u00eda sirviera para impulsar la cultura. As\u00ed, uno de los proyectos m\u00e1s representativos tiene que ver con \u00abEl Tesoro del Delf\u00edn\u00bb, la primera exposici\u00f3n permanente que aunaba arte y tecnolog\u00eda a trav\u00e9s de una aplicaci\u00f3n interactiva. Esta incluye im\u00e1genes 360\u00ba y ofrece la posibilidad de hacer zoom sobre cada obra para disfrutar hasta el m\u00e1s m\u00ednimo detalle.<br \/>\nAdem\u00e1s, se cre\u00f3 una pieza audiovisual y una app para smartphones y tabletas que permite contextualizar las 254 piezas que componen el Tesoro antes, durante y despu\u00e9s de la visita. \u00abRoma en el bolsillo\u00bb o \u00abGoya en Madrid\u00bb son algunas de las exposiciones temporales en las que Samsung ha formado parte.<br \/>\nPor otro lado, el Museo Nacional del Prado y Samsung han llevado a cabo diferentes talleres que combinan educaci\u00f3n y tecnolog\u00eda. En este sentido, destaca \u00abEl Prado para Todos\u00bb, una iniciativa que acerca la cultura a las personas con dificultades para acceder a ella.<\/p>\n<p>No te pierdas nada de MarketingDirecto.com y \u00fanete a nuestro Telegram t.me\/MarketingDirecto<\/p>\n<p>\n<!--noindex--><br \/>\n<a href=\"https:\/\/www.marketingdirecto.com\/marketing-general\/publicidad\/homenaje-museo-prado-tecnologia-impulsa-cultura\" rel=\"nofollow\">Source link <\/a><br \/>\n<!--\/noindex--><\/p>\n","protected":false},"excerpt":{"rendered":"<p>El Museo del Prado y Samsung han demostrado, una vez m\u00e1s, que la tecnolog\u00eda puede servir para impulsar la cultura, con la inauguraci\u00f3n de una exposici\u00f3n que homenajea la historia de la entidad madrile\u00f1a.La digitalizaci\u00f3n es beneficiosa para cualquier \u00e1mbito que se tercie, incluido el de la cultura. En esta ocasi\u00f3n lo hace dentro de [&hellip;]<\/p>\n","protected":false},"author":2,"featured_media":14159,"comment_status":"open","ping_status":"open","sticky":false,"template":"","format":"standard","meta":{"footnotes":""},"categories":[2],"tags":[],"class_list":["post-14158","post","type-post","status-publish","format-standard","has-post-thumbnail","hentry","category-noticias-de-marketing-digital"],"yoast_head":"<!-- This site is optimized with the Yoast SEO plugin v27.4 - https:\/\/yoast.com\/product\/yoast-seo-wordpress\/ -->\n<title>Homenaje al Museo del Prado: La tecnolog\u00eda impulsa la cultura - Super News<\/title>\n<meta name=\"robots\" content=\"index, follow, max-snippet:-1, max-image-preview:large, max-video-preview:-1\" \/>\n<link rel=\"canonical\" href=\"https:\/\/super-news.info\/es\/homenaje-al-museo-del-prado-la-tecnologia-impulsa-la-cultura\/\" \/>\n<meta property=\"og:locale\" content=\"en_US\" \/>\n<meta property=\"og:type\" content=\"article\" \/>\n<meta property=\"og:title\" content=\"Homenaje al Museo del Prado: La tecnolog\u00eda impulsa la cultura - Super News\" \/>\n<meta property=\"og:description\" content=\"El Museo del Prado y Samsung han demostrado, una vez m\u00e1s, que la tecnolog\u00eda puede servir para impulsar la cultura, con la inauguraci\u00f3n de una exposici\u00f3n que homenajea la historia de la entidad madrile\u00f1a.La digitalizaci\u00f3n es beneficiosa para cualquier \u00e1mbito que se tercie, incluido el de la cultura. En esta ocasi\u00f3n lo hace dentro de [&hellip;]\" \/>\n<meta property=\"og:url\" content=\"https:\/\/super-news.info\/es\/homenaje-al-museo-del-prado-la-tecnologia-impulsa-la-cultura\/\" \/>\n<meta property=\"og:site_name\" content=\"Super News\" \/>\n<meta property=\"article:published_time\" content=\"2021-04-06T18:10:32+00:00\" \/>\n<meta property=\"article:modified_time\" content=\"2021-04-06T18:10:34+00:00\" \/>\n<meta property=\"og:image\" content=\"https:\/\/super-news.info\/es\/wp-content\/uploads\/sites\/4\/2021\/04\/Homenaje-al-Museo-del-Prado-La-tecnologia-impulsa-la-cultura.jpg\" \/>\n\t<meta property=\"og:image:width\" content=\"1200\" \/>\n\t<meta property=\"og:image:height\" content=\"675\" \/>\n\t<meta property=\"og:image:type\" content=\"image\/jpeg\" \/>\n<meta name=\"author\" content=\"super-news\" \/>\n<meta name=\"twitter:card\" content=\"summary_large_image\" \/>\n<meta name=\"twitter:label1\" content=\"Written by\" \/>\n\t<meta name=\"twitter:data1\" content=\"super-news\" \/>\n\t<meta name=\"twitter:label2\" content=\"Est. reading time\" \/>\n\t<meta name=\"twitter:data2\" content=\"2 minutes\" \/>\n<script type=\"application\/ld+json\" class=\"yoast-schema-graph\">{\"@context\":\"https:\\\/\\\/schema.org\",\"@graph\":[{\"@type\":\"Article\",\"@id\":\"https:\\\/\\\/super-news.info\\\/es\\\/homenaje-al-museo-del-prado-la-tecnologia-impulsa-la-cultura\\\/#article\",\"isPartOf\":{\"@id\":\"https:\\\/\\\/super-news.info\\\/es\\\/homenaje-al-museo-del-prado-la-tecnologia-impulsa-la-cultura\\\/\"},\"author\":{\"name\":\"super-news\",\"@id\":\"https:\\\/\\\/super-news.info\\\/es\\\/#\\\/schema\\\/person\\\/2d4068cb2f39cd10008c2fce578a7356\"},\"headline\":\"Homenaje al Museo del Prado: La tecnolog\u00eda impulsa la cultura\",\"datePublished\":\"2021-04-06T18:10:32+00:00\",\"dateModified\":\"2021-04-06T18:10:34+00:00\",\"mainEntityOfPage\":{\"@id\":\"https:\\\/\\\/super-news.info\\\/es\\\/homenaje-al-museo-del-prado-la-tecnologia-impulsa-la-cultura\\\/\"},\"wordCount\":478,\"commentCount\":0,\"image\":{\"@id\":\"https:\\\/\\\/super-news.info\\\/es\\\/homenaje-al-museo-del-prado-la-tecnologia-impulsa-la-cultura\\\/#primaryimage\"},\"thumbnailUrl\":\"https:\\\/\\\/super-news.info\\\/es\\\/wp-content\\\/uploads\\\/sites\\\/4\\\/2021\\\/04\\\/Homenaje-al-Museo-del-Prado-La-tecnologia-impulsa-la-cultura.jpg\",\"articleSection\":[\"NOTICIAS DE MARKETING DIGITAL\"],\"inLanguage\":\"en-US\",\"potentialAction\":[{\"@type\":\"CommentAction\",\"name\":\"Comment\",\"target\":[\"https:\\\/\\\/super-news.info\\\/es\\\/homenaje-al-museo-del-prado-la-tecnologia-impulsa-la-cultura\\\/#respond\"]}]},{\"@type\":\"WebPage\",\"@id\":\"https:\\\/\\\/super-news.info\\\/es\\\/homenaje-al-museo-del-prado-la-tecnologia-impulsa-la-cultura\\\/\",\"url\":\"https:\\\/\\\/super-news.info\\\/es\\\/homenaje-al-museo-del-prado-la-tecnologia-impulsa-la-cultura\\\/\",\"name\":\"Homenaje al Museo del Prado: La tecnolog\u00eda impulsa la cultura - Super News\",\"isPartOf\":{\"@id\":\"https:\\\/\\\/super-news.info\\\/es\\\/#website\"},\"primaryImageOfPage\":{\"@id\":\"https:\\\/\\\/super-news.info\\\/es\\\/homenaje-al-museo-del-prado-la-tecnologia-impulsa-la-cultura\\\/#primaryimage\"},\"image\":{\"@id\":\"https:\\\/\\\/super-news.info\\\/es\\\/homenaje-al-museo-del-prado-la-tecnologia-impulsa-la-cultura\\\/#primaryimage\"},\"thumbnailUrl\":\"https:\\\/\\\/super-news.info\\\/es\\\/wp-content\\\/uploads\\\/sites\\\/4\\\/2021\\\/04\\\/Homenaje-al-Museo-del-Prado-La-tecnologia-impulsa-la-cultura.jpg\",\"datePublished\":\"2021-04-06T18:10:32+00:00\",\"dateModified\":\"2021-04-06T18:10:34+00:00\",\"author\":{\"@id\":\"https:\\\/\\\/super-news.info\\\/es\\\/#\\\/schema\\\/person\\\/2d4068cb2f39cd10008c2fce578a7356\"},\"breadcrumb\":{\"@id\":\"https:\\\/\\\/super-news.info\\\/es\\\/homenaje-al-museo-del-prado-la-tecnologia-impulsa-la-cultura\\\/#breadcrumb\"},\"inLanguage\":\"en-US\",\"potentialAction\":[{\"@type\":\"ReadAction\",\"target\":[\"https:\\\/\\\/super-news.info\\\/es\\\/homenaje-al-museo-del-prado-la-tecnologia-impulsa-la-cultura\\\/\"]}]},{\"@type\":\"ImageObject\",\"inLanguage\":\"en-US\",\"@id\":\"https:\\\/\\\/super-news.info\\\/es\\\/homenaje-al-museo-del-prado-la-tecnologia-impulsa-la-cultura\\\/#primaryimage\",\"url\":\"https:\\\/\\\/super-news.info\\\/es\\\/wp-content\\\/uploads\\\/sites\\\/4\\\/2021\\\/04\\\/Homenaje-al-Museo-del-Prado-La-tecnologia-impulsa-la-cultura.jpg\",\"contentUrl\":\"https:\\\/\\\/super-news.info\\\/es\\\/wp-content\\\/uploads\\\/sites\\\/4\\\/2021\\\/04\\\/Homenaje-al-Museo-del-Prado-La-tecnologia-impulsa-la-cultura.jpg\",\"width\":1200,\"height\":675,\"caption\":\"Homenaje al Museo del Prado: La tecnolog\u00eda impulsa la cultura\"},{\"@type\":\"BreadcrumbList\",\"@id\":\"https:\\\/\\\/super-news.info\\\/es\\\/homenaje-al-museo-del-prado-la-tecnologia-impulsa-la-cultura\\\/#breadcrumb\",\"itemListElement\":[{\"@type\":\"ListItem\",\"position\":1,\"name\":\"\u0413\u043b\u0430\u0432\u043d\u0430\u044f \u0441\u0442\u0440\u0430\u043d\u0438\u0446\u0430\",\"item\":\"https:\\\/\\\/super-news.info\\\/es\\\/\"},{\"@type\":\"ListItem\",\"position\":2,\"name\":\"Homenaje al Museo del Prado: La tecnolog\u00eda impulsa la cultura\"}]},{\"@type\":\"WebSite\",\"@id\":\"https:\\\/\\\/super-news.info\\\/es\\\/#website\",\"url\":\"https:\\\/\\\/super-news.info\\\/es\\\/\",\"name\":\"Super News\",\"description\":\"Super News Espa\u00f1a\",\"potentialAction\":[{\"@type\":\"SearchAction\",\"target\":{\"@type\":\"EntryPoint\",\"urlTemplate\":\"https:\\\/\\\/super-news.info\\\/es\\\/?s={search_term_string}\"},\"query-input\":{\"@type\":\"PropertyValueSpecification\",\"valueRequired\":true,\"valueName\":\"search_term_string\"}}],\"inLanguage\":\"en-US\"},{\"@type\":\"Person\",\"@id\":\"https:\\\/\\\/super-news.info\\\/es\\\/#\\\/schema\\\/person\\\/2d4068cb2f39cd10008c2fce578a7356\",\"name\":\"super-news\",\"image\":{\"@type\":\"ImageObject\",\"inLanguage\":\"en-US\",\"@id\":\"https:\\\/\\\/secure.gravatar.com\\\/avatar\\\/64ebac40b93f26a154f8a9b5b6fdccfc46f442b26b3dd6756dbff3bf9dc76fd7?s=96&d=mm&r=g\",\"url\":\"https:\\\/\\\/secure.gravatar.com\\\/avatar\\\/64ebac40b93f26a154f8a9b5b6fdccfc46f442b26b3dd6756dbff3bf9dc76fd7?s=96&d=mm&r=g\",\"contentUrl\":\"https:\\\/\\\/secure.gravatar.com\\\/avatar\\\/64ebac40b93f26a154f8a9b5b6fdccfc46f442b26b3dd6756dbff3bf9dc76fd7?s=96&d=mm&r=g\",\"caption\":\"super-news\"},\"url\":\"https:\\\/\\\/super-news.info\\\/es\\\/author\\\/pt\\\/\"}]}<\/script>\n<!-- \/ Yoast SEO plugin. -->","yoast_head_json":{"title":"Homenaje al Museo del Prado: La tecnolog\u00eda impulsa la cultura - Super News","robots":{"index":"index","follow":"follow","max-snippet":"max-snippet:-1","max-image-preview":"max-image-preview:large","max-video-preview":"max-video-preview:-1"},"canonical":"https:\/\/super-news.info\/es\/homenaje-al-museo-del-prado-la-tecnologia-impulsa-la-cultura\/","og_locale":"en_US","og_type":"article","og_title":"Homenaje al Museo del Prado: La tecnolog\u00eda impulsa la cultura - Super News","og_description":"El Museo del Prado y Samsung han demostrado, una vez m\u00e1s, que la tecnolog\u00eda puede servir para impulsar la cultura, con la inauguraci\u00f3n de una exposici\u00f3n que homenajea la historia de la entidad madrile\u00f1a.La digitalizaci\u00f3n es beneficiosa para cualquier \u00e1mbito que se tercie, incluido el de la cultura. En esta ocasi\u00f3n lo hace dentro de [&hellip;]","og_url":"https:\/\/super-news.info\/es\/homenaje-al-museo-del-prado-la-tecnologia-impulsa-la-cultura\/","og_site_name":"Super News","article_published_time":"2021-04-06T18:10:32+00:00","article_modified_time":"2021-04-06T18:10:34+00:00","og_image":[{"width":1200,"height":675,"url":"https:\/\/super-news.info\/es\/wp-content\/uploads\/sites\/4\/2021\/04\/Homenaje-al-Museo-del-Prado-La-tecnologia-impulsa-la-cultura.jpg","type":"image\/jpeg"}],"author":"super-news","twitter_card":"summary_large_image","twitter_misc":{"Written by":"super-news","Est. reading time":"2 minutes"},"schema":{"@context":"https:\/\/schema.org","@graph":[{"@type":"Article","@id":"https:\/\/super-news.info\/es\/homenaje-al-museo-del-prado-la-tecnologia-impulsa-la-cultura\/#article","isPartOf":{"@id":"https:\/\/super-news.info\/es\/homenaje-al-museo-del-prado-la-tecnologia-impulsa-la-cultura\/"},"author":{"name":"super-news","@id":"https:\/\/super-news.info\/es\/#\/schema\/person\/2d4068cb2f39cd10008c2fce578a7356"},"headline":"Homenaje al Museo del Prado: La tecnolog\u00eda impulsa la cultura","datePublished":"2021-04-06T18:10:32+00:00","dateModified":"2021-04-06T18:10:34+00:00","mainEntityOfPage":{"@id":"https:\/\/super-news.info\/es\/homenaje-al-museo-del-prado-la-tecnologia-impulsa-la-cultura\/"},"wordCount":478,"commentCount":0,"image":{"@id":"https:\/\/super-news.info\/es\/homenaje-al-museo-del-prado-la-tecnologia-impulsa-la-cultura\/#primaryimage"},"thumbnailUrl":"https:\/\/super-news.info\/es\/wp-content\/uploads\/sites\/4\/2021\/04\/Homenaje-al-Museo-del-Prado-La-tecnologia-impulsa-la-cultura.jpg","articleSection":["NOTICIAS DE MARKETING DIGITAL"],"inLanguage":"en-US","potentialAction":[{"@type":"CommentAction","name":"Comment","target":["https:\/\/super-news.info\/es\/homenaje-al-museo-del-prado-la-tecnologia-impulsa-la-cultura\/#respond"]}]},{"@type":"WebPage","@id":"https:\/\/super-news.info\/es\/homenaje-al-museo-del-prado-la-tecnologia-impulsa-la-cultura\/","url":"https:\/\/super-news.info\/es\/homenaje-al-museo-del-prado-la-tecnologia-impulsa-la-cultura\/","name":"Homenaje al Museo del Prado: La tecnolog\u00eda impulsa la cultura - Super News","isPartOf":{"@id":"https:\/\/super-news.info\/es\/#website"},"primaryImageOfPage":{"@id":"https:\/\/super-news.info\/es\/homenaje-al-museo-del-prado-la-tecnologia-impulsa-la-cultura\/#primaryimage"},"image":{"@id":"https:\/\/super-news.info\/es\/homenaje-al-museo-del-prado-la-tecnologia-impulsa-la-cultura\/#primaryimage"},"thumbnailUrl":"https:\/\/super-news.info\/es\/wp-content\/uploads\/sites\/4\/2021\/04\/Homenaje-al-Museo-del-Prado-La-tecnologia-impulsa-la-cultura.jpg","datePublished":"2021-04-06T18:10:32+00:00","dateModified":"2021-04-06T18:10:34+00:00","author":{"@id":"https:\/\/super-news.info\/es\/#\/schema\/person\/2d4068cb2f39cd10008c2fce578a7356"},"breadcrumb":{"@id":"https:\/\/super-news.info\/es\/homenaje-al-museo-del-prado-la-tecnologia-impulsa-la-cultura\/#breadcrumb"},"inLanguage":"en-US","potentialAction":[{"@type":"ReadAction","target":["https:\/\/super-news.info\/es\/homenaje-al-museo-del-prado-la-tecnologia-impulsa-la-cultura\/"]}]},{"@type":"ImageObject","inLanguage":"en-US","@id":"https:\/\/super-news.info\/es\/homenaje-al-museo-del-prado-la-tecnologia-impulsa-la-cultura\/#primaryimage","url":"https:\/\/super-news.info\/es\/wp-content\/uploads\/sites\/4\/2021\/04\/Homenaje-al-Museo-del-Prado-La-tecnologia-impulsa-la-cultura.jpg","contentUrl":"https:\/\/super-news.info\/es\/wp-content\/uploads\/sites\/4\/2021\/04\/Homenaje-al-Museo-del-Prado-La-tecnologia-impulsa-la-cultura.jpg","width":1200,"height":675,"caption":"Homenaje al Museo del Prado: La tecnolog\u00eda impulsa la cultura"},{"@type":"BreadcrumbList","@id":"https:\/\/super-news.info\/es\/homenaje-al-museo-del-prado-la-tecnologia-impulsa-la-cultura\/#breadcrumb","itemListElement":[{"@type":"ListItem","position":1,"name":"\u0413\u043b\u0430\u0432\u043d\u0430\u044f \u0441\u0442\u0440\u0430\u043d\u0438\u0446\u0430","item":"https:\/\/super-news.info\/es\/"},{"@type":"ListItem","position":2,"name":"Homenaje al Museo del Prado: La tecnolog\u00eda impulsa la cultura"}]},{"@type":"WebSite","@id":"https:\/\/super-news.info\/es\/#website","url":"https:\/\/super-news.info\/es\/","name":"Super News","description":"Super News Espa\u00f1a","potentialAction":[{"@type":"SearchAction","target":{"@type":"EntryPoint","urlTemplate":"https:\/\/super-news.info\/es\/?s={search_term_string}"},"query-input":{"@type":"PropertyValueSpecification","valueRequired":true,"valueName":"search_term_string"}}],"inLanguage":"en-US"},{"@type":"Person","@id":"https:\/\/super-news.info\/es\/#\/schema\/person\/2d4068cb2f39cd10008c2fce578a7356","name":"super-news","image":{"@type":"ImageObject","inLanguage":"en-US","@id":"https:\/\/secure.gravatar.com\/avatar\/64ebac40b93f26a154f8a9b5b6fdccfc46f442b26b3dd6756dbff3bf9dc76fd7?s=96&d=mm&r=g","url":"https:\/\/secure.gravatar.com\/avatar\/64ebac40b93f26a154f8a9b5b6fdccfc46f442b26b3dd6756dbff3bf9dc76fd7?s=96&d=mm&r=g","contentUrl":"https:\/\/secure.gravatar.com\/avatar\/64ebac40b93f26a154f8a9b5b6fdccfc46f442b26b3dd6756dbff3bf9dc76fd7?s=96&d=mm&r=g","caption":"super-news"},"url":"https:\/\/super-news.info\/es\/author\/pt\/"}]}},"_links":{"self":[{"href":"https:\/\/super-news.info\/es\/wp-json\/wp\/v2\/posts\/14158","targetHints":{"allow":["GET"]}}],"collection":[{"href":"https:\/\/super-news.info\/es\/wp-json\/wp\/v2\/posts"}],"about":[{"href":"https:\/\/super-news.info\/es\/wp-json\/wp\/v2\/types\/post"}],"author":[{"embeddable":true,"href":"https:\/\/super-news.info\/es\/wp-json\/wp\/v2\/users\/2"}],"replies":[{"embeddable":true,"href":"https:\/\/super-news.info\/es\/wp-json\/wp\/v2\/comments?post=14158"}],"version-history":[{"count":1,"href":"https:\/\/super-news.info\/es\/wp-json\/wp\/v2\/posts\/14158\/revisions"}],"predecessor-version":[{"id":14160,"href":"https:\/\/super-news.info\/es\/wp-json\/wp\/v2\/posts\/14158\/revisions\/14160"}],"wp:featuredmedia":[{"embeddable":true,"href":"https:\/\/super-news.info\/es\/wp-json\/wp\/v2\/media\/14159"}],"wp:attachment":[{"href":"https:\/\/super-news.info\/es\/wp-json\/wp\/v2\/media?parent=14158"}],"wp:term":[{"taxonomy":"category","embeddable":true,"href":"https:\/\/super-news.info\/es\/wp-json\/wp\/v2\/categories?post=14158"},{"taxonomy":"post_tag","embeddable":true,"href":"https:\/\/super-news.info\/es\/wp-json\/wp\/v2\/tags?post=14158"}],"curies":[{"name":"wp","href":"https:\/\/api.w.org\/{rel}","templated":true}]}}