{"id":14131,"date":"2021-04-04T19:20:17","date_gmt":"2021-04-04T16:20:17","guid":{"rendered":"https:\/\/super-news.info\/es\/el-consumo-electrico-en-esta-semana-santa-similar-al-del-ultimo-lustro-prepandemia\/"},"modified":"2021-04-04T19:20:20","modified_gmt":"2021-04-04T16:20:20","slug":"el-consumo-electrico-en-esta-semana-santa-similar-al-del-ultimo-lustro-prepandemia","status":"publish","type":"post","link":"https:\/\/super-news.info\/es\/el-consumo-electrico-en-esta-semana-santa-similar-al-del-ultimo-lustro-prepandemia\/","title":{"rendered":"El consumo el\u00e9ctrico en esta Semana Santa, similar al del \u00faltimo lustro prepandemia"},"content":{"rendered":"<p>\nEl Viernes Santo registr\u00f3 un baj\u00f3n en la demanda debido a que muchos ciudadanos lo vivierion fuera de casa pese a que no hab\u00eda procesiones<br \/>\n   MADRID, 4 Abr. (EUROPA PRESS) &#8211;<br \/>\n   La Semana Santa de este 2021, en la que por segundo a\u00f1o consecutivo no salieron procesiones ni se celebraron otros eventos tradicionales multitudinarios debido a la pandemia, ha sido pr\u00e1cticamente normal y apenas pudo distinguirse de la media de los cinco a\u00f1os anteriores al Covid-19 (del 2015 al 2019).<br \/>\n   Seg\u00fan se desprende del an\u00e1lisis de la comercializadora de energ\u00edas renovables Uniel\u00e9ctrica de los datos de Red El\u00e9ctrica Espa\u00f1ola, esto viene a indicar una &#8220;relativa vuelta a las costumbres familiares para vivir estas fechas&#8221;, incluido el &#8216;t\u00edpico&#8217; baj\u00f3n en la demanda del Viernes Santo por la tarde como reflejo de que muchos hogares estaban sin sus residentes.<br \/>\n   El informe revela que el Jueves Santo (d\u00eda 1 de abril) se registr\u00f3 un pico a las 21.23 horas de 27.718 MW de demanda, algo por debajo de la media entre 2015 al 2019 (28.322 MW), igual que ocurri\u00f3 el Viernes Santo (2 de abril), que se registr\u00f3 un pico de 26.365 MW a las 21.25 horas frente a los 26.889 MW de media de la demanda m\u00e1xima, as\u00ed como el s\u00e1bado 3 de abril, con 27.392 MW a las 21.28 horas frente a los 28.374 MW del lustro prepandemia.<br \/>\n   Seg\u00fan el an\u00e1lisis, la gran diferencia en la Semana Santa de este a\u00f1o se encuentra con la Semana Santa del 2020, con la poblaci\u00f3n entonces confinada en los hogares y en la que el consumo cay\u00f3 con picos de demanda m\u00e1xima casi a las mismas horas pero mucho m\u00e1s bajos al registrarse 25.566 MW el Jueves Santo (un 9,7% menos de la media del lustro anterior), los 24.939 MW del Viernes Santo del 2020 (el 7,3% menos) y el s\u00e1bado, un 11,6% m\u00e1s bajo que la media de entre el a\u00f1o 2015 y el 2019.<br \/>\n   Pero independientemente de los picos, que se producen al anochecer, Uniel\u00e9ctrica considera llamativo la curva de estos d\u00edas, ya que hasta el 2020 siempre se registraba un aumento notable entre las 10.00 y las 14.00 horas, tramo del d\u00eda coincidente con la actividad industrial y comercial y en la que se formaba una meseta en la demanda de electricidad.<br \/>\n   Esta meseta desapareci\u00f3 durante el confinamiento, con un ascenso que, de la mano de los hogares y sin actividad comercial y hostelera, fue continuo desde la madrugada del Jueves y Viernes Santo y el S\u00e1bado de Gloria hasta las 14.00 horas aproximadamente, para descender despu\u00e9s a media tarde y elevarse de nuevo para alcanzar el pico diario.<br \/>\n   Al respecto, las curvas de los d\u00edas fuertes de la Semana Santa de 2021 han vuelto a registrar esta vuelta a cierta normalidad, reapareciendo la citada meseta entre las 10.00 y las 14.00 horas, se\u00f1al de una actividad que no ten\u00eda que ver solamente con el consumo en los hogares.<br \/>\n   Por otro lado, el informe tambi\u00e9n aprecia que en el 2021 se ha producido el t\u00edpico descenso en la tarde del Viernes Santo en la demanda del consumo respecto al d\u00eda anterior (Jueves Santo) y el posterior (S\u00e1bado de Gloria) como reflejo de que muchos hogares no estaban ocupados en esos momentos y las familias aprovecharon para salir, todo ello pese a las restricciones de actos y las de movilidad entre territorios.<br \/>\n   De hecho, el descenso de la demanda este Viernes Santo estuvo en l\u00ednea con la media, ya que en el 2021 la energ\u00eda suministrada el 2 de abril en su mayor pico fue del 3,7% menor respecto a la del S\u00e1bado de Gloria (la jornada posterior) mientras que la media en los cinco a\u00f1os prepandemia este descenso fue del 5,2%.<br \/>\n<br \/>\n<!--noindex--><br \/>\n<a href=\"https:\/\/www.europapress.es\/economia\/energia-00341\/noticia-consumo-electrico-semana-santa-similar-ultimo-lustro-prepandemia-20210404143340.html\" rel=\"nofollow\">Source link <\/a><br \/>\n<!--\/noindex--><\/p>\n","protected":false},"excerpt":{"rendered":"<p>El Viernes Santo registr\u00f3 un baj\u00f3n en la demanda debido a que muchos ciudadanos lo vivierion fuera de casa pese a que no hab\u00eda procesiones MADRID, 4 Abr. (EUROPA PRESS) &#8211; La Semana Santa de este 2021, en la que por segundo a\u00f1o consecutivo no salieron procesiones ni se celebraron otros eventos tradicionales multitudinarios debido [&hellip;]<\/p>\n","protected":false},"author":2,"featured_media":14132,"comment_status":"open","ping_status":"open","sticky":false,"template":"","format":"standard","meta":{"footnotes":""},"categories":[1],"tags":[],"class_list":["post-14131","post","type-post","status-publish","format-standard","has-post-thumbnail","hentry","category-noticias-financieras"],"yoast_head":"<!-- This site is optimized with the Yoast SEO plugin v27.4 - https:\/\/yoast.com\/product\/yoast-seo-wordpress\/ -->\n<title>El consumo el\u00e9ctrico en esta Semana Santa, similar al del \u00faltimo lustro prepandemia - Super News<\/title>\n<meta name=\"robots\" content=\"index, follow, max-snippet:-1, max-image-preview:large, max-video-preview:-1\" \/>\n<link rel=\"canonical\" href=\"https:\/\/super-news.info\/es\/el-consumo-electrico-en-esta-semana-santa-similar-al-del-ultimo-lustro-prepandemia\/\" \/>\n<meta property=\"og:locale\" content=\"en_US\" \/>\n<meta property=\"og:type\" content=\"article\" \/>\n<meta property=\"og:title\" content=\"El consumo el\u00e9ctrico en esta Semana Santa, similar al del \u00faltimo lustro prepandemia - Super News\" \/>\n<meta property=\"og:description\" content=\"El Viernes Santo registr\u00f3 un baj\u00f3n en la demanda debido a que muchos ciudadanos lo vivierion fuera de casa pese a que no hab\u00eda procesiones MADRID, 4 Abr. (EUROPA PRESS) &#8211; La Semana Santa de este 2021, en la que por segundo a\u00f1o consecutivo no salieron procesiones ni se celebraron otros eventos tradicionales multitudinarios debido [&hellip;]\" \/>\n<meta property=\"og:url\" content=\"https:\/\/super-news.info\/es\/el-consumo-electrico-en-esta-semana-santa-similar-al-del-ultimo-lustro-prepandemia\/\" \/>\n<meta property=\"og:site_name\" content=\"Super News\" \/>\n<meta property=\"article:published_time\" content=\"2021-04-04T16:20:17+00:00\" \/>\n<meta property=\"article:modified_time\" content=\"2021-04-04T16:20:20+00:00\" \/>\n<meta property=\"og:image\" content=\"https:\/\/super-news.info\/es\/wp-content\/uploads\/sites\/4\/2021\/04\/El-consumo-electrico-en-esta-Semana-Santa-similar-al-del.jpg\" \/>\n\t<meta property=\"og:image:width\" content=\"120\" \/>\n\t<meta property=\"og:image:height\" content=\"80\" \/>\n\t<meta property=\"og:image:type\" content=\"image\/jpeg\" \/>\n<meta name=\"author\" content=\"super-news\" \/>\n<meta name=\"twitter:card\" content=\"summary_large_image\" \/>\n<meta name=\"twitter:label1\" content=\"Written by\" \/>\n\t<meta name=\"twitter:data1\" content=\"super-news\" \/>\n\t<meta name=\"twitter:label2\" content=\"Est. reading time\" \/>\n\t<meta name=\"twitter:data2\" content=\"3 minutes\" \/>\n<script type=\"application\/ld+json\" class=\"yoast-schema-graph\">{\"@context\":\"https:\\\/\\\/schema.org\",\"@graph\":[{\"@type\":\"Article\",\"@id\":\"https:\\\/\\\/super-news.info\\\/es\\\/el-consumo-electrico-en-esta-semana-santa-similar-al-del-ultimo-lustro-prepandemia\\\/#article\",\"isPartOf\":{\"@id\":\"https:\\\/\\\/super-news.info\\\/es\\\/el-consumo-electrico-en-esta-semana-santa-similar-al-del-ultimo-lustro-prepandemia\\\/\"},\"author\":{\"name\":\"super-news\",\"@id\":\"https:\\\/\\\/super-news.info\\\/es\\\/#\\\/schema\\\/person\\\/2d4068cb2f39cd10008c2fce578a7356\"},\"headline\":\"El consumo el\u00e9ctrico en esta Semana Santa, similar al del \u00faltimo lustro prepandemia\",\"datePublished\":\"2021-04-04T16:20:17+00:00\",\"dateModified\":\"2021-04-04T16:20:20+00:00\",\"mainEntityOfPage\":{\"@id\":\"https:\\\/\\\/super-news.info\\\/es\\\/el-consumo-electrico-en-esta-semana-santa-similar-al-del-ultimo-lustro-prepandemia\\\/\"},\"wordCount\":638,\"commentCount\":0,\"image\":{\"@id\":\"https:\\\/\\\/super-news.info\\\/es\\\/el-consumo-electrico-en-esta-semana-santa-similar-al-del-ultimo-lustro-prepandemia\\\/#primaryimage\"},\"thumbnailUrl\":\"https:\\\/\\\/super-news.info\\\/es\\\/wp-content\\\/uploads\\\/sites\\\/4\\\/2021\\\/04\\\/El-consumo-electrico-en-esta-Semana-Santa-similar-al-del.jpg\",\"articleSection\":[\"NOTICIAS FINANCIERAS\"],\"inLanguage\":\"en-US\",\"potentialAction\":[{\"@type\":\"CommentAction\",\"name\":\"Comment\",\"target\":[\"https:\\\/\\\/super-news.info\\\/es\\\/el-consumo-electrico-en-esta-semana-santa-similar-al-del-ultimo-lustro-prepandemia\\\/#respond\"]}]},{\"@type\":\"WebPage\",\"@id\":\"https:\\\/\\\/super-news.info\\\/es\\\/el-consumo-electrico-en-esta-semana-santa-similar-al-del-ultimo-lustro-prepandemia\\\/\",\"url\":\"https:\\\/\\\/super-news.info\\\/es\\\/el-consumo-electrico-en-esta-semana-santa-similar-al-del-ultimo-lustro-prepandemia\\\/\",\"name\":\"El consumo el\u00e9ctrico en esta Semana Santa, similar al del \u00faltimo lustro prepandemia - Super News\",\"isPartOf\":{\"@id\":\"https:\\\/\\\/super-news.info\\\/es\\\/#website\"},\"primaryImageOfPage\":{\"@id\":\"https:\\\/\\\/super-news.info\\\/es\\\/el-consumo-electrico-en-esta-semana-santa-similar-al-del-ultimo-lustro-prepandemia\\\/#primaryimage\"},\"image\":{\"@id\":\"https:\\\/\\\/super-news.info\\\/es\\\/el-consumo-electrico-en-esta-semana-santa-similar-al-del-ultimo-lustro-prepandemia\\\/#primaryimage\"},\"thumbnailUrl\":\"https:\\\/\\\/super-news.info\\\/es\\\/wp-content\\\/uploads\\\/sites\\\/4\\\/2021\\\/04\\\/El-consumo-electrico-en-esta-Semana-Santa-similar-al-del.jpg\",\"datePublished\":\"2021-04-04T16:20:17+00:00\",\"dateModified\":\"2021-04-04T16:20:20+00:00\",\"author\":{\"@id\":\"https:\\\/\\\/super-news.info\\\/es\\\/#\\\/schema\\\/person\\\/2d4068cb2f39cd10008c2fce578a7356\"},\"breadcrumb\":{\"@id\":\"https:\\\/\\\/super-news.info\\\/es\\\/el-consumo-electrico-en-esta-semana-santa-similar-al-del-ultimo-lustro-prepandemia\\\/#breadcrumb\"},\"inLanguage\":\"en-US\",\"potentialAction\":[{\"@type\":\"ReadAction\",\"target\":[\"https:\\\/\\\/super-news.info\\\/es\\\/el-consumo-electrico-en-esta-semana-santa-similar-al-del-ultimo-lustro-prepandemia\\\/\"]}]},{\"@type\":\"ImageObject\",\"inLanguage\":\"en-US\",\"@id\":\"https:\\\/\\\/super-news.info\\\/es\\\/el-consumo-electrico-en-esta-semana-santa-similar-al-del-ultimo-lustro-prepandemia\\\/#primaryimage\",\"url\":\"https:\\\/\\\/super-news.info\\\/es\\\/wp-content\\\/uploads\\\/sites\\\/4\\\/2021\\\/04\\\/El-consumo-electrico-en-esta-Semana-Santa-similar-al-del.jpg\",\"contentUrl\":\"https:\\\/\\\/super-news.info\\\/es\\\/wp-content\\\/uploads\\\/sites\\\/4\\\/2021\\\/04\\\/El-consumo-electrico-en-esta-Semana-Santa-similar-al-del.jpg\",\"width\":120,\"height\":80,\"caption\":\"El consumo el\u00e9ctrico en esta Semana Santa, similar al del \u00faltimo lustro prepandemia\"},{\"@type\":\"BreadcrumbList\",\"@id\":\"https:\\\/\\\/super-news.info\\\/es\\\/el-consumo-electrico-en-esta-semana-santa-similar-al-del-ultimo-lustro-prepandemia\\\/#breadcrumb\",\"itemListElement\":[{\"@type\":\"ListItem\",\"position\":1,\"name\":\"\u0413\u043b\u0430\u0432\u043d\u0430\u044f \u0441\u0442\u0440\u0430\u043d\u0438\u0446\u0430\",\"item\":\"https:\\\/\\\/super-news.info\\\/es\\\/\"},{\"@type\":\"ListItem\",\"position\":2,\"name\":\"El consumo el\u00e9ctrico en esta Semana Santa, similar al del \u00faltimo lustro prepandemia\"}]},{\"@type\":\"WebSite\",\"@id\":\"https:\\\/\\\/super-news.info\\\/es\\\/#website\",\"url\":\"https:\\\/\\\/super-news.info\\\/es\\\/\",\"name\":\"Super News\",\"description\":\"Super News Espa\u00f1a\",\"potentialAction\":[{\"@type\":\"SearchAction\",\"target\":{\"@type\":\"EntryPoint\",\"urlTemplate\":\"https:\\\/\\\/super-news.info\\\/es\\\/?s={search_term_string}\"},\"query-input\":{\"@type\":\"PropertyValueSpecification\",\"valueRequired\":true,\"valueName\":\"search_term_string\"}}],\"inLanguage\":\"en-US\"},{\"@type\":\"Person\",\"@id\":\"https:\\\/\\\/super-news.info\\\/es\\\/#\\\/schema\\\/person\\\/2d4068cb2f39cd10008c2fce578a7356\",\"name\":\"super-news\",\"image\":{\"@type\":\"ImageObject\",\"inLanguage\":\"en-US\",\"@id\":\"https:\\\/\\\/secure.gravatar.com\\\/avatar\\\/64ebac40b93f26a154f8a9b5b6fdccfc46f442b26b3dd6756dbff3bf9dc76fd7?s=96&d=mm&r=g\",\"url\":\"https:\\\/\\\/secure.gravatar.com\\\/avatar\\\/64ebac40b93f26a154f8a9b5b6fdccfc46f442b26b3dd6756dbff3bf9dc76fd7?s=96&d=mm&r=g\",\"contentUrl\":\"https:\\\/\\\/secure.gravatar.com\\\/avatar\\\/64ebac40b93f26a154f8a9b5b6fdccfc46f442b26b3dd6756dbff3bf9dc76fd7?s=96&d=mm&r=g\",\"caption\":\"super-news\"},\"url\":\"https:\\\/\\\/super-news.info\\\/es\\\/author\\\/pt\\\/\"}]}<\/script>\n<!-- \/ Yoast SEO plugin. -->","yoast_head_json":{"title":"El consumo el\u00e9ctrico en esta Semana Santa, similar al del \u00faltimo lustro prepandemia - Super News","robots":{"index":"index","follow":"follow","max-snippet":"max-snippet:-1","max-image-preview":"max-image-preview:large","max-video-preview":"max-video-preview:-1"},"canonical":"https:\/\/super-news.info\/es\/el-consumo-electrico-en-esta-semana-santa-similar-al-del-ultimo-lustro-prepandemia\/","og_locale":"en_US","og_type":"article","og_title":"El consumo el\u00e9ctrico en esta Semana Santa, similar al del \u00faltimo lustro prepandemia - Super News","og_description":"El Viernes Santo registr\u00f3 un baj\u00f3n en la demanda debido a que muchos ciudadanos lo vivierion fuera de casa pese a que no hab\u00eda procesiones MADRID, 4 Abr. (EUROPA PRESS) &#8211; La Semana Santa de este 2021, en la que por segundo a\u00f1o consecutivo no salieron procesiones ni se celebraron otros eventos tradicionales multitudinarios debido [&hellip;]","og_url":"https:\/\/super-news.info\/es\/el-consumo-electrico-en-esta-semana-santa-similar-al-del-ultimo-lustro-prepandemia\/","og_site_name":"Super News","article_published_time":"2021-04-04T16:20:17+00:00","article_modified_time":"2021-04-04T16:20:20+00:00","og_image":[{"width":120,"height":80,"url":"https:\/\/super-news.info\/es\/wp-content\/uploads\/sites\/4\/2021\/04\/El-consumo-electrico-en-esta-Semana-Santa-similar-al-del.jpg","type":"image\/jpeg"}],"author":"super-news","twitter_card":"summary_large_image","twitter_misc":{"Written by":"super-news","Est. reading time":"3 minutes"},"schema":{"@context":"https:\/\/schema.org","@graph":[{"@type":"Article","@id":"https:\/\/super-news.info\/es\/el-consumo-electrico-en-esta-semana-santa-similar-al-del-ultimo-lustro-prepandemia\/#article","isPartOf":{"@id":"https:\/\/super-news.info\/es\/el-consumo-electrico-en-esta-semana-santa-similar-al-del-ultimo-lustro-prepandemia\/"},"author":{"name":"super-news","@id":"https:\/\/super-news.info\/es\/#\/schema\/person\/2d4068cb2f39cd10008c2fce578a7356"},"headline":"El consumo el\u00e9ctrico en esta Semana Santa, similar al del \u00faltimo lustro prepandemia","datePublished":"2021-04-04T16:20:17+00:00","dateModified":"2021-04-04T16:20:20+00:00","mainEntityOfPage":{"@id":"https:\/\/super-news.info\/es\/el-consumo-electrico-en-esta-semana-santa-similar-al-del-ultimo-lustro-prepandemia\/"},"wordCount":638,"commentCount":0,"image":{"@id":"https:\/\/super-news.info\/es\/el-consumo-electrico-en-esta-semana-santa-similar-al-del-ultimo-lustro-prepandemia\/#primaryimage"},"thumbnailUrl":"https:\/\/super-news.info\/es\/wp-content\/uploads\/sites\/4\/2021\/04\/El-consumo-electrico-en-esta-Semana-Santa-similar-al-del.jpg","articleSection":["NOTICIAS FINANCIERAS"],"inLanguage":"en-US","potentialAction":[{"@type":"CommentAction","name":"Comment","target":["https:\/\/super-news.info\/es\/el-consumo-electrico-en-esta-semana-santa-similar-al-del-ultimo-lustro-prepandemia\/#respond"]}]},{"@type":"WebPage","@id":"https:\/\/super-news.info\/es\/el-consumo-electrico-en-esta-semana-santa-similar-al-del-ultimo-lustro-prepandemia\/","url":"https:\/\/super-news.info\/es\/el-consumo-electrico-en-esta-semana-santa-similar-al-del-ultimo-lustro-prepandemia\/","name":"El consumo el\u00e9ctrico en esta Semana Santa, similar al del \u00faltimo lustro prepandemia - Super News","isPartOf":{"@id":"https:\/\/super-news.info\/es\/#website"},"primaryImageOfPage":{"@id":"https:\/\/super-news.info\/es\/el-consumo-electrico-en-esta-semana-santa-similar-al-del-ultimo-lustro-prepandemia\/#primaryimage"},"image":{"@id":"https:\/\/super-news.info\/es\/el-consumo-electrico-en-esta-semana-santa-similar-al-del-ultimo-lustro-prepandemia\/#primaryimage"},"thumbnailUrl":"https:\/\/super-news.info\/es\/wp-content\/uploads\/sites\/4\/2021\/04\/El-consumo-electrico-en-esta-Semana-Santa-similar-al-del.jpg","datePublished":"2021-04-04T16:20:17+00:00","dateModified":"2021-04-04T16:20:20+00:00","author":{"@id":"https:\/\/super-news.info\/es\/#\/schema\/person\/2d4068cb2f39cd10008c2fce578a7356"},"breadcrumb":{"@id":"https:\/\/super-news.info\/es\/el-consumo-electrico-en-esta-semana-santa-similar-al-del-ultimo-lustro-prepandemia\/#breadcrumb"},"inLanguage":"en-US","potentialAction":[{"@type":"ReadAction","target":["https:\/\/super-news.info\/es\/el-consumo-electrico-en-esta-semana-santa-similar-al-del-ultimo-lustro-prepandemia\/"]}]},{"@type":"ImageObject","inLanguage":"en-US","@id":"https:\/\/super-news.info\/es\/el-consumo-electrico-en-esta-semana-santa-similar-al-del-ultimo-lustro-prepandemia\/#primaryimage","url":"https:\/\/super-news.info\/es\/wp-content\/uploads\/sites\/4\/2021\/04\/El-consumo-electrico-en-esta-Semana-Santa-similar-al-del.jpg","contentUrl":"https:\/\/super-news.info\/es\/wp-content\/uploads\/sites\/4\/2021\/04\/El-consumo-electrico-en-esta-Semana-Santa-similar-al-del.jpg","width":120,"height":80,"caption":"El consumo el\u00e9ctrico en esta Semana Santa, similar al del \u00faltimo lustro prepandemia"},{"@type":"BreadcrumbList","@id":"https:\/\/super-news.info\/es\/el-consumo-electrico-en-esta-semana-santa-similar-al-del-ultimo-lustro-prepandemia\/#breadcrumb","itemListElement":[{"@type":"ListItem","position":1,"name":"\u0413\u043b\u0430\u0432\u043d\u0430\u044f \u0441\u0442\u0440\u0430\u043d\u0438\u0446\u0430","item":"https:\/\/super-news.info\/es\/"},{"@type":"ListItem","position":2,"name":"El consumo el\u00e9ctrico en esta Semana Santa, similar al del \u00faltimo lustro prepandemia"}]},{"@type":"WebSite","@id":"https:\/\/super-news.info\/es\/#website","url":"https:\/\/super-news.info\/es\/","name":"Super News","description":"Super News Espa\u00f1a","potentialAction":[{"@type":"SearchAction","target":{"@type":"EntryPoint","urlTemplate":"https:\/\/super-news.info\/es\/?s={search_term_string}"},"query-input":{"@type":"PropertyValueSpecification","valueRequired":true,"valueName":"search_term_string"}}],"inLanguage":"en-US"},{"@type":"Person","@id":"https:\/\/super-news.info\/es\/#\/schema\/person\/2d4068cb2f39cd10008c2fce578a7356","name":"super-news","image":{"@type":"ImageObject","inLanguage":"en-US","@id":"https:\/\/secure.gravatar.com\/avatar\/64ebac40b93f26a154f8a9b5b6fdccfc46f442b26b3dd6756dbff3bf9dc76fd7?s=96&d=mm&r=g","url":"https:\/\/secure.gravatar.com\/avatar\/64ebac40b93f26a154f8a9b5b6fdccfc46f442b26b3dd6756dbff3bf9dc76fd7?s=96&d=mm&r=g","contentUrl":"https:\/\/secure.gravatar.com\/avatar\/64ebac40b93f26a154f8a9b5b6fdccfc46f442b26b3dd6756dbff3bf9dc76fd7?s=96&d=mm&r=g","caption":"super-news"},"url":"https:\/\/super-news.info\/es\/author\/pt\/"}]}},"_links":{"self":[{"href":"https:\/\/super-news.info\/es\/wp-json\/wp\/v2\/posts\/14131","targetHints":{"allow":["GET"]}}],"collection":[{"href":"https:\/\/super-news.info\/es\/wp-json\/wp\/v2\/posts"}],"about":[{"href":"https:\/\/super-news.info\/es\/wp-json\/wp\/v2\/types\/post"}],"author":[{"embeddable":true,"href":"https:\/\/super-news.info\/es\/wp-json\/wp\/v2\/users\/2"}],"replies":[{"embeddable":true,"href":"https:\/\/super-news.info\/es\/wp-json\/wp\/v2\/comments?post=14131"}],"version-history":[{"count":1,"href":"https:\/\/super-news.info\/es\/wp-json\/wp\/v2\/posts\/14131\/revisions"}],"predecessor-version":[{"id":14133,"href":"https:\/\/super-news.info\/es\/wp-json\/wp\/v2\/posts\/14131\/revisions\/14133"}],"wp:featuredmedia":[{"embeddable":true,"href":"https:\/\/super-news.info\/es\/wp-json\/wp\/v2\/media\/14132"}],"wp:attachment":[{"href":"https:\/\/super-news.info\/es\/wp-json\/wp\/v2\/media?parent=14131"}],"wp:term":[{"taxonomy":"category","embeddable":true,"href":"https:\/\/super-news.info\/es\/wp-json\/wp\/v2\/categories?post=14131"},{"taxonomy":"post_tag","embeddable":true,"href":"https:\/\/super-news.info\/es\/wp-json\/wp\/v2\/tags?post=14131"}],"curies":[{"name":"wp","href":"https:\/\/api.w.org\/{rel}","templated":true}]}}