{"id":14113,"date":"2021-04-03T07:12:48","date_gmt":"2021-04-03T04:12:48","guid":{"rendered":"https:\/\/super-news.info\/es\/la-factura-de-la-luz-subio-casi-11-euros-en-marzo-respecto-al-mismo-mes-del-ano-pasado-segun-facua\/"},"modified":"2021-04-03T07:12:50","modified_gmt":"2021-04-03T04:12:50","slug":"la-factura-de-la-luz-subio-casi-11-euros-en-marzo-respecto-al-mismo-mes-del-ano-pasado-segun-facua","status":"publish","type":"post","link":"https:\/\/super-news.info\/es\/la-factura-de-la-luz-subio-casi-11-euros-en-marzo-respecto-al-mismo-mes-del-ano-pasado-segun-facua\/","title":{"rendered":"La factura de la luz subi\u00f3 casi 11 euros en marzo respecto al mismo mes del a\u00f1o pasado, seg\u00fan Facua"},"content":{"rendered":"<p>\nLa organizaci\u00f3n de consumidores asegura que el incremento en marzo fue mayor que el de enero, marcado por Filomena<br \/>\n   MADRID, 2 Abr. (EUROPA PRESS) &#8211;<br \/>\n   La factura de la luz para un usuario medio subi\u00f3 casi 11 euros de media en marzo respecto al mismo mes del a\u00f1o pasado, seg\u00fan un an\u00e1lisis realizado por Facua-Consumidores en Acci\u00f3n.<br \/>\n   En concreto, el informe se\u00f1ala que marzo finaliz\u00f3 con una subida interanual del 26,5 por ciento en el precio medio del kilovatio hora (kWh) de electricidad, que se ha situado en 14,13 c\u00e9ntimos (impuestos indirectos incluidos), frente a los 11,16 c\u00e9ntimos del mismo mes de 2020. As\u00ed lo pone de manifiesto el an\u00e1lisis de Facua-Consumidores en Acci\u00f3n sobre la evoluci\u00f3n de la tarifa semirregulada PVPC.<br \/>\n   De hecho, la organizaci\u00f3n alerta de que este incremento es a\u00fan mayor que el que se registr\u00f3 durante el mes de enero, cuando lleg\u00f3 al 25,8 por ciento. No obstante, a\u00f1ade que el precio del kWh no ha alcanzado este mes los niveles del primer mes de 2021, cuando estuvo en una media de 16,75 c\u00e9ntimos y oscil\u00f3 entre los 7,30 c\u00e9ntimos el d\u00eda m\u00e1s barato y 22,14 el m\u00e1s caro.<br \/>\n   Facua-Consumidores en Acci\u00f3n explica que la subida se debe al incremento de los precios en el mercado de generaci\u00f3n de la electricidad procedente de centrales hidroel\u00e9ctricas y el hecho de que el mercado de los derechos de emisi\u00f3n de CO2 se ha disparado.<br \/>\n   Con todo, la factura del usuario medio sube as\u00ed un 18 por ciento, ya que de los 80,48 euros de enero y los 62,08 euros de febrero, la factura mensual del usuario medio ha quedado en marzo en 70,90 euros. Esto representa un incremento del 18 por ciento con respecto a los 60,06 euros de marzo del a\u00f1o pasado. La diferencia alcanz\u00f3 10,84 euros.<br \/>\n   En este contexto, la organizaci\u00f3n aconseja &#8220;desconfiar de reclamos&#8221; basados en tarifas planas o la estabilidad de precios durante un a\u00f1o&#8221; y que no se pasen al mercado libre porque all\u00ed las compa\u00f1\u00edas no ofrecen tarifas m\u00e1s econ\u00f3micas sino todo lo contrario.<br \/>\n   As\u00ed, Facua exige al Gobierno que acelere el cumplimiento de los compromisos program\u00e1ticos adoptados por PSOE y Unidas Podemos al inicio de la legislatura en materia de pol\u00edtica energ\u00e9tica.<br \/>\n   Entre ellas, destaca su demanda de rebajar el &#8220;elevad\u00edsimo&#8221; precio del t\u00e9rmino de potencia, la aplicaci\u00f3n de un precio m\u00e1s bajo para los primeros kWh consumidos y la eliminaci\u00f3n de la sobre-retribuci\u00f3n que reciben en el mercado mayorista determinadas tecnolog\u00edas que fueron instaladas en un marco regulatorio diferente, anterior a la liberalizaci\u00f3n y que han recuperado sobradamente sus costes de inversi\u00f3n.<br \/>\n   Por otro lado, exige una bajada &#8220;sustancial&#8221; de los impuestos indirectos que se aplican a la factura el\u00e9ctrica de las familias, que seg\u00fan la organizaci\u00f3n superan el 27 por ciento, al sumarse el IVA general del 21 por ciento con el impuesto especial sobre la electricidad. Por \u00faltimo, espera que una reforma del bono social para que muchos m\u00e1s consumidores puedan acceder a \u00e9l y aumente el descuento que representa sobre la tarifa semirregulada PVPC.<br \/>\n<br \/>\n<!--noindex--><br \/>\n<a href=\"https:\/\/www.europapress.es\/economia\/energia-00341\/noticia-factura-luz-subio-casi-11-euros-marzo-respecto-mismo-mes-ano-pasado-facua-20210402115350.html\" rel=\"nofollow\">Source link <\/a><br \/>\n<!--\/noindex--><\/p>\n","protected":false},"excerpt":{"rendered":"<p>La organizaci\u00f3n de consumidores asegura que el incremento en marzo fue mayor que el de enero, marcado por Filomena MADRID, 2 Abr. (EUROPA PRESS) &#8211; La factura de la luz para un usuario medio subi\u00f3 casi 11 euros de media en marzo respecto al mismo mes del a\u00f1o pasado, seg\u00fan un an\u00e1lisis realizado por Facua-Consumidores [&hellip;]<\/p>\n","protected":false},"author":2,"featured_media":14114,"comment_status":"open","ping_status":"open","sticky":false,"template":"","format":"standard","meta":{"footnotes":""},"categories":[1],"tags":[],"class_list":["post-14113","post","type-post","status-publish","format-standard","has-post-thumbnail","hentry","category-noticias-financieras"],"yoast_head":"<!-- This site is optimized with the Yoast SEO plugin v27.4 - https:\/\/yoast.com\/product\/yoast-seo-wordpress\/ -->\n<title>La factura de la luz subi\u00f3 casi 11 euros en marzo respecto al mismo mes del a\u00f1o pasado, seg\u00fan Facua - Super News<\/title>\n<meta name=\"robots\" content=\"index, follow, max-snippet:-1, max-image-preview:large, max-video-preview:-1\" \/>\n<link rel=\"canonical\" href=\"https:\/\/super-news.info\/es\/la-factura-de-la-luz-subio-casi-11-euros-en-marzo-respecto-al-mismo-mes-del-ano-pasado-segun-facua\/\" \/>\n<meta property=\"og:locale\" content=\"en_US\" \/>\n<meta property=\"og:type\" content=\"article\" \/>\n<meta property=\"og:title\" content=\"La factura de la luz subi\u00f3 casi 11 euros en marzo respecto al mismo mes del a\u00f1o pasado, seg\u00fan Facua - Super News\" \/>\n<meta property=\"og:description\" content=\"La organizaci\u00f3n de consumidores asegura que el incremento en marzo fue mayor que el de enero, marcado por Filomena MADRID, 2 Abr. (EUROPA PRESS) &#8211; La factura de la luz para un usuario medio subi\u00f3 casi 11 euros de media en marzo respecto al mismo mes del a\u00f1o pasado, seg\u00fan un an\u00e1lisis realizado por Facua-Consumidores [&hellip;]\" \/>\n<meta property=\"og:url\" content=\"https:\/\/super-news.info\/es\/la-factura-de-la-luz-subio-casi-11-euros-en-marzo-respecto-al-mismo-mes-del-ano-pasado-segun-facua\/\" \/>\n<meta property=\"og:site_name\" content=\"Super News\" \/>\n<meta property=\"article:published_time\" content=\"2021-04-03T04:12:48+00:00\" \/>\n<meta property=\"article:modified_time\" content=\"2021-04-03T04:12:50+00:00\" \/>\n<meta property=\"og:image\" content=\"https:\/\/super-news.info\/es\/wp-content\/uploads\/sites\/4\/2021\/04\/La-factura-de-la-luz-subio-casi-11-euros-en.jpg\" \/>\n\t<meta property=\"og:image:width\" content=\"120\" \/>\n\t<meta property=\"og:image:height\" content=\"120\" \/>\n\t<meta property=\"og:image:type\" content=\"image\/jpeg\" \/>\n<meta name=\"author\" content=\"super-news\" \/>\n<meta name=\"twitter:card\" content=\"summary_large_image\" \/>\n<meta name=\"twitter:label1\" content=\"Written by\" \/>\n\t<meta name=\"twitter:data1\" content=\"super-news\" \/>\n\t<meta name=\"twitter:label2\" content=\"Est. reading time\" \/>\n\t<meta name=\"twitter:data2\" content=\"3 minutes\" \/>\n<script type=\"application\/ld+json\" class=\"yoast-schema-graph\">{\"@context\":\"https:\\\/\\\/schema.org\",\"@graph\":[{\"@type\":\"Article\",\"@id\":\"https:\\\/\\\/super-news.info\\\/es\\\/la-factura-de-la-luz-subio-casi-11-euros-en-marzo-respecto-al-mismo-mes-del-ano-pasado-segun-facua\\\/#article\",\"isPartOf\":{\"@id\":\"https:\\\/\\\/super-news.info\\\/es\\\/la-factura-de-la-luz-subio-casi-11-euros-en-marzo-respecto-al-mismo-mes-del-ano-pasado-segun-facua\\\/\"},\"author\":{\"name\":\"super-news\",\"@id\":\"https:\\\/\\\/super-news.info\\\/es\\\/#\\\/schema\\\/person\\\/2d4068cb2f39cd10008c2fce578a7356\"},\"headline\":\"La factura de la luz subi\u00f3 casi 11 euros en marzo respecto al mismo mes del a\u00f1o pasado, seg\u00fan Facua\",\"datePublished\":\"2021-04-03T04:12:48+00:00\",\"dateModified\":\"2021-04-03T04:12:50+00:00\",\"mainEntityOfPage\":{\"@id\":\"https:\\\/\\\/super-news.info\\\/es\\\/la-factura-de-la-luz-subio-casi-11-euros-en-marzo-respecto-al-mismo-mes-del-ano-pasado-segun-facua\\\/\"},\"wordCount\":555,\"commentCount\":0,\"image\":{\"@id\":\"https:\\\/\\\/super-news.info\\\/es\\\/la-factura-de-la-luz-subio-casi-11-euros-en-marzo-respecto-al-mismo-mes-del-ano-pasado-segun-facua\\\/#primaryimage\"},\"thumbnailUrl\":\"https:\\\/\\\/super-news.info\\\/es\\\/wp-content\\\/uploads\\\/sites\\\/4\\\/2021\\\/04\\\/La-factura-de-la-luz-subio-casi-11-euros-en.jpg\",\"articleSection\":[\"NOTICIAS FINANCIERAS\"],\"inLanguage\":\"en-US\",\"potentialAction\":[{\"@type\":\"CommentAction\",\"name\":\"Comment\",\"target\":[\"https:\\\/\\\/super-news.info\\\/es\\\/la-factura-de-la-luz-subio-casi-11-euros-en-marzo-respecto-al-mismo-mes-del-ano-pasado-segun-facua\\\/#respond\"]}]},{\"@type\":\"WebPage\",\"@id\":\"https:\\\/\\\/super-news.info\\\/es\\\/la-factura-de-la-luz-subio-casi-11-euros-en-marzo-respecto-al-mismo-mes-del-ano-pasado-segun-facua\\\/\",\"url\":\"https:\\\/\\\/super-news.info\\\/es\\\/la-factura-de-la-luz-subio-casi-11-euros-en-marzo-respecto-al-mismo-mes-del-ano-pasado-segun-facua\\\/\",\"name\":\"La factura de la luz subi\u00f3 casi 11 euros en marzo respecto al mismo mes del a\u00f1o pasado, seg\u00fan Facua - Super News\",\"isPartOf\":{\"@id\":\"https:\\\/\\\/super-news.info\\\/es\\\/#website\"},\"primaryImageOfPage\":{\"@id\":\"https:\\\/\\\/super-news.info\\\/es\\\/la-factura-de-la-luz-subio-casi-11-euros-en-marzo-respecto-al-mismo-mes-del-ano-pasado-segun-facua\\\/#primaryimage\"},\"image\":{\"@id\":\"https:\\\/\\\/super-news.info\\\/es\\\/la-factura-de-la-luz-subio-casi-11-euros-en-marzo-respecto-al-mismo-mes-del-ano-pasado-segun-facua\\\/#primaryimage\"},\"thumbnailUrl\":\"https:\\\/\\\/super-news.info\\\/es\\\/wp-content\\\/uploads\\\/sites\\\/4\\\/2021\\\/04\\\/La-factura-de-la-luz-subio-casi-11-euros-en.jpg\",\"datePublished\":\"2021-04-03T04:12:48+00:00\",\"dateModified\":\"2021-04-03T04:12:50+00:00\",\"author\":{\"@id\":\"https:\\\/\\\/super-news.info\\\/es\\\/#\\\/schema\\\/person\\\/2d4068cb2f39cd10008c2fce578a7356\"},\"breadcrumb\":{\"@id\":\"https:\\\/\\\/super-news.info\\\/es\\\/la-factura-de-la-luz-subio-casi-11-euros-en-marzo-respecto-al-mismo-mes-del-ano-pasado-segun-facua\\\/#breadcrumb\"},\"inLanguage\":\"en-US\",\"potentialAction\":[{\"@type\":\"ReadAction\",\"target\":[\"https:\\\/\\\/super-news.info\\\/es\\\/la-factura-de-la-luz-subio-casi-11-euros-en-marzo-respecto-al-mismo-mes-del-ano-pasado-segun-facua\\\/\"]}]},{\"@type\":\"ImageObject\",\"inLanguage\":\"en-US\",\"@id\":\"https:\\\/\\\/super-news.info\\\/es\\\/la-factura-de-la-luz-subio-casi-11-euros-en-marzo-respecto-al-mismo-mes-del-ano-pasado-segun-facua\\\/#primaryimage\",\"url\":\"https:\\\/\\\/super-news.info\\\/es\\\/wp-content\\\/uploads\\\/sites\\\/4\\\/2021\\\/04\\\/La-factura-de-la-luz-subio-casi-11-euros-en.jpg\",\"contentUrl\":\"https:\\\/\\\/super-news.info\\\/es\\\/wp-content\\\/uploads\\\/sites\\\/4\\\/2021\\\/04\\\/La-factura-de-la-luz-subio-casi-11-euros-en.jpg\",\"width\":120,\"height\":120,\"caption\":\"La factura de la luz subi\u00f3 casi 11 euros en marzo respecto al mismo mes del a\u00f1o pasado, seg\u00fan Facua\"},{\"@type\":\"BreadcrumbList\",\"@id\":\"https:\\\/\\\/super-news.info\\\/es\\\/la-factura-de-la-luz-subio-casi-11-euros-en-marzo-respecto-al-mismo-mes-del-ano-pasado-segun-facua\\\/#breadcrumb\",\"itemListElement\":[{\"@type\":\"ListItem\",\"position\":1,\"name\":\"\u0413\u043b\u0430\u0432\u043d\u0430\u044f \u0441\u0442\u0440\u0430\u043d\u0438\u0446\u0430\",\"item\":\"https:\\\/\\\/super-news.info\\\/es\\\/\"},{\"@type\":\"ListItem\",\"position\":2,\"name\":\"La factura de la luz subi\u00f3 casi 11 euros en marzo respecto al mismo mes del a\u00f1o pasado, seg\u00fan Facua\"}]},{\"@type\":\"WebSite\",\"@id\":\"https:\\\/\\\/super-news.info\\\/es\\\/#website\",\"url\":\"https:\\\/\\\/super-news.info\\\/es\\\/\",\"name\":\"Super News\",\"description\":\"Super News Espa\u00f1a\",\"potentialAction\":[{\"@type\":\"SearchAction\",\"target\":{\"@type\":\"EntryPoint\",\"urlTemplate\":\"https:\\\/\\\/super-news.info\\\/es\\\/?s={search_term_string}\"},\"query-input\":{\"@type\":\"PropertyValueSpecification\",\"valueRequired\":true,\"valueName\":\"search_term_string\"}}],\"inLanguage\":\"en-US\"},{\"@type\":\"Person\",\"@id\":\"https:\\\/\\\/super-news.info\\\/es\\\/#\\\/schema\\\/person\\\/2d4068cb2f39cd10008c2fce578a7356\",\"name\":\"super-news\",\"image\":{\"@type\":\"ImageObject\",\"inLanguage\":\"en-US\",\"@id\":\"https:\\\/\\\/secure.gravatar.com\\\/avatar\\\/64ebac40b93f26a154f8a9b5b6fdccfc46f442b26b3dd6756dbff3bf9dc76fd7?s=96&d=mm&r=g\",\"url\":\"https:\\\/\\\/secure.gravatar.com\\\/avatar\\\/64ebac40b93f26a154f8a9b5b6fdccfc46f442b26b3dd6756dbff3bf9dc76fd7?s=96&d=mm&r=g\",\"contentUrl\":\"https:\\\/\\\/secure.gravatar.com\\\/avatar\\\/64ebac40b93f26a154f8a9b5b6fdccfc46f442b26b3dd6756dbff3bf9dc76fd7?s=96&d=mm&r=g\",\"caption\":\"super-news\"},\"url\":\"https:\\\/\\\/super-news.info\\\/es\\\/author\\\/pt\\\/\"}]}<\/script>\n<!-- \/ Yoast SEO plugin. -->","yoast_head_json":{"title":"La factura de la luz subi\u00f3 casi 11 euros en marzo respecto al mismo mes del a\u00f1o pasado, seg\u00fan Facua - Super News","robots":{"index":"index","follow":"follow","max-snippet":"max-snippet:-1","max-image-preview":"max-image-preview:large","max-video-preview":"max-video-preview:-1"},"canonical":"https:\/\/super-news.info\/es\/la-factura-de-la-luz-subio-casi-11-euros-en-marzo-respecto-al-mismo-mes-del-ano-pasado-segun-facua\/","og_locale":"en_US","og_type":"article","og_title":"La factura de la luz subi\u00f3 casi 11 euros en marzo respecto al mismo mes del a\u00f1o pasado, seg\u00fan Facua - Super News","og_description":"La organizaci\u00f3n de consumidores asegura que el incremento en marzo fue mayor que el de enero, marcado por Filomena MADRID, 2 Abr. (EUROPA PRESS) &#8211; La factura de la luz para un usuario medio subi\u00f3 casi 11 euros de media en marzo respecto al mismo mes del a\u00f1o pasado, seg\u00fan un an\u00e1lisis realizado por Facua-Consumidores [&hellip;]","og_url":"https:\/\/super-news.info\/es\/la-factura-de-la-luz-subio-casi-11-euros-en-marzo-respecto-al-mismo-mes-del-ano-pasado-segun-facua\/","og_site_name":"Super News","article_published_time":"2021-04-03T04:12:48+00:00","article_modified_time":"2021-04-03T04:12:50+00:00","og_image":[{"width":120,"height":120,"url":"https:\/\/super-news.info\/es\/wp-content\/uploads\/sites\/4\/2021\/04\/La-factura-de-la-luz-subio-casi-11-euros-en.jpg","type":"image\/jpeg"}],"author":"super-news","twitter_card":"summary_large_image","twitter_misc":{"Written by":"super-news","Est. reading time":"3 minutes"},"schema":{"@context":"https:\/\/schema.org","@graph":[{"@type":"Article","@id":"https:\/\/super-news.info\/es\/la-factura-de-la-luz-subio-casi-11-euros-en-marzo-respecto-al-mismo-mes-del-ano-pasado-segun-facua\/#article","isPartOf":{"@id":"https:\/\/super-news.info\/es\/la-factura-de-la-luz-subio-casi-11-euros-en-marzo-respecto-al-mismo-mes-del-ano-pasado-segun-facua\/"},"author":{"name":"super-news","@id":"https:\/\/super-news.info\/es\/#\/schema\/person\/2d4068cb2f39cd10008c2fce578a7356"},"headline":"La factura de la luz subi\u00f3 casi 11 euros en marzo respecto al mismo mes del a\u00f1o pasado, seg\u00fan Facua","datePublished":"2021-04-03T04:12:48+00:00","dateModified":"2021-04-03T04:12:50+00:00","mainEntityOfPage":{"@id":"https:\/\/super-news.info\/es\/la-factura-de-la-luz-subio-casi-11-euros-en-marzo-respecto-al-mismo-mes-del-ano-pasado-segun-facua\/"},"wordCount":555,"commentCount":0,"image":{"@id":"https:\/\/super-news.info\/es\/la-factura-de-la-luz-subio-casi-11-euros-en-marzo-respecto-al-mismo-mes-del-ano-pasado-segun-facua\/#primaryimage"},"thumbnailUrl":"https:\/\/super-news.info\/es\/wp-content\/uploads\/sites\/4\/2021\/04\/La-factura-de-la-luz-subio-casi-11-euros-en.jpg","articleSection":["NOTICIAS FINANCIERAS"],"inLanguage":"en-US","potentialAction":[{"@type":"CommentAction","name":"Comment","target":["https:\/\/super-news.info\/es\/la-factura-de-la-luz-subio-casi-11-euros-en-marzo-respecto-al-mismo-mes-del-ano-pasado-segun-facua\/#respond"]}]},{"@type":"WebPage","@id":"https:\/\/super-news.info\/es\/la-factura-de-la-luz-subio-casi-11-euros-en-marzo-respecto-al-mismo-mes-del-ano-pasado-segun-facua\/","url":"https:\/\/super-news.info\/es\/la-factura-de-la-luz-subio-casi-11-euros-en-marzo-respecto-al-mismo-mes-del-ano-pasado-segun-facua\/","name":"La factura de la luz subi\u00f3 casi 11 euros en marzo respecto al mismo mes del a\u00f1o pasado, seg\u00fan Facua - Super News","isPartOf":{"@id":"https:\/\/super-news.info\/es\/#website"},"primaryImageOfPage":{"@id":"https:\/\/super-news.info\/es\/la-factura-de-la-luz-subio-casi-11-euros-en-marzo-respecto-al-mismo-mes-del-ano-pasado-segun-facua\/#primaryimage"},"image":{"@id":"https:\/\/super-news.info\/es\/la-factura-de-la-luz-subio-casi-11-euros-en-marzo-respecto-al-mismo-mes-del-ano-pasado-segun-facua\/#primaryimage"},"thumbnailUrl":"https:\/\/super-news.info\/es\/wp-content\/uploads\/sites\/4\/2021\/04\/La-factura-de-la-luz-subio-casi-11-euros-en.jpg","datePublished":"2021-04-03T04:12:48+00:00","dateModified":"2021-04-03T04:12:50+00:00","author":{"@id":"https:\/\/super-news.info\/es\/#\/schema\/person\/2d4068cb2f39cd10008c2fce578a7356"},"breadcrumb":{"@id":"https:\/\/super-news.info\/es\/la-factura-de-la-luz-subio-casi-11-euros-en-marzo-respecto-al-mismo-mes-del-ano-pasado-segun-facua\/#breadcrumb"},"inLanguage":"en-US","potentialAction":[{"@type":"ReadAction","target":["https:\/\/super-news.info\/es\/la-factura-de-la-luz-subio-casi-11-euros-en-marzo-respecto-al-mismo-mes-del-ano-pasado-segun-facua\/"]}]},{"@type":"ImageObject","inLanguage":"en-US","@id":"https:\/\/super-news.info\/es\/la-factura-de-la-luz-subio-casi-11-euros-en-marzo-respecto-al-mismo-mes-del-ano-pasado-segun-facua\/#primaryimage","url":"https:\/\/super-news.info\/es\/wp-content\/uploads\/sites\/4\/2021\/04\/La-factura-de-la-luz-subio-casi-11-euros-en.jpg","contentUrl":"https:\/\/super-news.info\/es\/wp-content\/uploads\/sites\/4\/2021\/04\/La-factura-de-la-luz-subio-casi-11-euros-en.jpg","width":120,"height":120,"caption":"La factura de la luz subi\u00f3 casi 11 euros en marzo respecto al mismo mes del a\u00f1o pasado, seg\u00fan Facua"},{"@type":"BreadcrumbList","@id":"https:\/\/super-news.info\/es\/la-factura-de-la-luz-subio-casi-11-euros-en-marzo-respecto-al-mismo-mes-del-ano-pasado-segun-facua\/#breadcrumb","itemListElement":[{"@type":"ListItem","position":1,"name":"\u0413\u043b\u0430\u0432\u043d\u0430\u044f \u0441\u0442\u0440\u0430\u043d\u0438\u0446\u0430","item":"https:\/\/super-news.info\/es\/"},{"@type":"ListItem","position":2,"name":"La factura de la luz subi\u00f3 casi 11 euros en marzo respecto al mismo mes del a\u00f1o pasado, seg\u00fan Facua"}]},{"@type":"WebSite","@id":"https:\/\/super-news.info\/es\/#website","url":"https:\/\/super-news.info\/es\/","name":"Super News","description":"Super News Espa\u00f1a","potentialAction":[{"@type":"SearchAction","target":{"@type":"EntryPoint","urlTemplate":"https:\/\/super-news.info\/es\/?s={search_term_string}"},"query-input":{"@type":"PropertyValueSpecification","valueRequired":true,"valueName":"search_term_string"}}],"inLanguage":"en-US"},{"@type":"Person","@id":"https:\/\/super-news.info\/es\/#\/schema\/person\/2d4068cb2f39cd10008c2fce578a7356","name":"super-news","image":{"@type":"ImageObject","inLanguage":"en-US","@id":"https:\/\/secure.gravatar.com\/avatar\/64ebac40b93f26a154f8a9b5b6fdccfc46f442b26b3dd6756dbff3bf9dc76fd7?s=96&d=mm&r=g","url":"https:\/\/secure.gravatar.com\/avatar\/64ebac40b93f26a154f8a9b5b6fdccfc46f442b26b3dd6756dbff3bf9dc76fd7?s=96&d=mm&r=g","contentUrl":"https:\/\/secure.gravatar.com\/avatar\/64ebac40b93f26a154f8a9b5b6fdccfc46f442b26b3dd6756dbff3bf9dc76fd7?s=96&d=mm&r=g","caption":"super-news"},"url":"https:\/\/super-news.info\/es\/author\/pt\/"}]}},"_links":{"self":[{"href":"https:\/\/super-news.info\/es\/wp-json\/wp\/v2\/posts\/14113","targetHints":{"allow":["GET"]}}],"collection":[{"href":"https:\/\/super-news.info\/es\/wp-json\/wp\/v2\/posts"}],"about":[{"href":"https:\/\/super-news.info\/es\/wp-json\/wp\/v2\/types\/post"}],"author":[{"embeddable":true,"href":"https:\/\/super-news.info\/es\/wp-json\/wp\/v2\/users\/2"}],"replies":[{"embeddable":true,"href":"https:\/\/super-news.info\/es\/wp-json\/wp\/v2\/comments?post=14113"}],"version-history":[{"count":1,"href":"https:\/\/super-news.info\/es\/wp-json\/wp\/v2\/posts\/14113\/revisions"}],"predecessor-version":[{"id":14115,"href":"https:\/\/super-news.info\/es\/wp-json\/wp\/v2\/posts\/14113\/revisions\/14115"}],"wp:featuredmedia":[{"embeddable":true,"href":"https:\/\/super-news.info\/es\/wp-json\/wp\/v2\/media\/14114"}],"wp:attachment":[{"href":"https:\/\/super-news.info\/es\/wp-json\/wp\/v2\/media?parent=14113"}],"wp:term":[{"taxonomy":"category","embeddable":true,"href":"https:\/\/super-news.info\/es\/wp-json\/wp\/v2\/categories?post=14113"},{"taxonomy":"post_tag","embeddable":true,"href":"https:\/\/super-news.info\/es\/wp-json\/wp\/v2\/tags?post=14113"}],"curies":[{"name":"wp","href":"https:\/\/api.w.org\/{rel}","templated":true}]}}