{"id":14089,"date":"2021-04-01T07:07:13","date_gmt":"2021-04-01T04:07:13","guid":{"rendered":"https:\/\/super-news.info\/es\/masmovil-condiciona-tambien-la-opa-al-visto-bueno-de-las-autoridades-de-competencia-de-espana-y-serbia\/"},"modified":"2021-04-01T07:07:14","modified_gmt":"2021-04-01T04:07:14","slug":"masmovil-condiciona-tambien-la-opa-al-visto-bueno-de-las-autoridades-de-competencia-de-espana-y-serbia","status":"publish","type":"post","link":"https:\/\/super-news.info\/es\/masmovil-condiciona-tambien-la-opa-al-visto-bueno-de-las-autoridades-de-competencia-de-espana-y-serbia\/","title":{"rendered":"M\u00e1sM\u00f3vil condiciona tambi\u00e9n la OPA al visto bueno de las autoridades de competencia de Espa\u00f1a y Serbia"},"content":{"rendered":"<p>\nPresenta los avales por importe de 1.995 millones para garantizar la contraprestaci\u00f3n ofrecida<br \/>\n   MADRID, 31 Mar. (EUROPA PRESS) &#8211;<br \/>\n   M\u00e1sM\u00f3vil ha presentado ante la Comisi\u00f3n Nacional del Mercado de Valores (CNMV) la solicitud de autorizaci\u00f3n de la OPA sobre el 100% de Euskaltel, y a las condiciones para la efectividad de la oferta fijadas en el anuncio del pasado domingo ha a\u00f1adido la necesidad de obtener &#8216;luz verde&#8217; a la misma por parte de las autoridades de Competencia de Serbia.<br \/>\n   En concreto, tras realizar el an\u00e1lisis oportuno, M\u00e1sM\u00f3vil considera que la toma de control de Euskaltel puede estar sujeta a procedimientos de notificaci\u00f3n y autorizaci\u00f3n en materia de Derecho de la Competencia en Serbia.<br \/>\n   Por tanto, requerir\u00e1 confirmaci\u00f3n por parte de la Comisi\u00f3n para la Protecci\u00f3n de la Competencia de Serbia de que la adquisici\u00f3n del operador vasco no cumple con los umbrales aplicables por la norma en materia de control de concentraciones, o en caso de resultar aplicable el umbral bajo dicha normativa, la aprobaci\u00f3n o no oposici\u00f3n de la autoridad serbia de competencia a la operaci\u00f3n.<br \/>\n   Asimismo, el grupo que dirige Meinrad Spenger detalla que present\u00f3 el lunes 29 la notificaci\u00f3n de la operaci\u00f3n de concentraci\u00f3n ante la Comisi\u00f3n Nacional de los Mercados y de la Competencia (CNMC), as\u00ed como la solicitud de autorizaci\u00f3n ante la Direcci\u00f3n de Telecomunicaciones y del Sector Audiovisual de este organismo.<br \/>\n   La oferta, de car\u00e1cter &#8220;amistoso y voluntario&#8221;, est\u00e1 condicionada tambi\u00e9n a lograr la aceptaci\u00f3n de al menos un 75% m\u00e1s una acci\u00f3n del capital. A pesar de que la oferta no es una OPA de exclusi\u00f3n, M\u00e1sM\u00f3vil tiene intenci\u00f3n de promover la exclusi\u00f3n de negociaci\u00f3n de las acciones de Euskaltel de las Bolsas de valores.<br \/>\n   La OPA cuenta ya con el respaldo imprescindible de un 52,32% del capital social de Euskaltel, ya que, sus principales accionistas, Zegona Limited (por medio de su matriz, Zegona Communications), Kutxabank y Alba Europe se han comprometido a aceptar la misma mediante acuerdos irrevocables alcanzados con M\u00e1sM\u00f3vil.<br \/>\nPRESENTA LOS AVALES<br \/>\n   Adem\u00e1s, con el fin de garantizar el pago de la contraprestaci\u00f3n ofrecida (1.995 millones de euros) M\u00e1sM\u00f3vil ha presentadoante la CNMV, junto con la solicitud de autorizaci\u00f3n, la documentaci\u00f3n acreditativa de la constituci\u00f3n de cinco avales, emitidos con fecha 30 de marzo, por un importe agregado de 1.995,46 millones de euros.<br \/>\n   BNP Paribas es la entidad que aporta el mayor aval, por importe de 439 millones de euros, mientras que el resto (Banco Santander, Deusche Bank, Barclays y Goldman Sachs) aportan la misma cantidad cada uno, 389,11 millones.<br \/>\n<br \/>\n<!--noindex--><br \/>\n<a href=\"https:\/\/www.europapress.es\/economia\/noticia-masmovil-condiciona-tambien-opa-visto-bueno-autoridades-competencia-espana-serbia-20210331195616.html\" rel=\"nofollow\">Source link <\/a><br \/>\n<!--\/noindex--><\/p>\n","protected":false},"excerpt":{"rendered":"<p>Presenta los avales por importe de 1.995 millones para garantizar la contraprestaci\u00f3n ofrecida MADRID, 31 Mar. (EUROPA PRESS) &#8211; M\u00e1sM\u00f3vil ha presentado ante la Comisi\u00f3n Nacional del Mercado de Valores (CNMV) la solicitud de autorizaci\u00f3n de la OPA sobre el 100% de Euskaltel, y a las condiciones para la efectividad de la oferta fijadas en [&hellip;]<\/p>\n","protected":false},"author":2,"featured_media":14090,"comment_status":"open","ping_status":"open","sticky":false,"template":"","format":"standard","meta":{"footnotes":""},"categories":[1],"tags":[],"class_list":["post-14089","post","type-post","status-publish","format-standard","has-post-thumbnail","hentry","category-noticias-financieras"],"yoast_head":"<!-- This site is optimized with the Yoast SEO plugin v27.4 - https:\/\/yoast.com\/product\/yoast-seo-wordpress\/ -->\n<title>M\u00e1sM\u00f3vil condiciona tambi\u00e9n la OPA al visto bueno de las autoridades de competencia de Espa\u00f1a y Serbia - Super News<\/title>\n<meta name=\"robots\" content=\"index, follow, max-snippet:-1, max-image-preview:large, max-video-preview:-1\" \/>\n<link rel=\"canonical\" href=\"https:\/\/super-news.info\/es\/masmovil-condiciona-tambien-la-opa-al-visto-bueno-de-las-autoridades-de-competencia-de-espana-y-serbia\/\" \/>\n<meta property=\"og:locale\" content=\"en_US\" \/>\n<meta property=\"og:type\" content=\"article\" \/>\n<meta property=\"og:title\" content=\"M\u00e1sM\u00f3vil condiciona tambi\u00e9n la OPA al visto bueno de las autoridades de competencia de Espa\u00f1a y Serbia - Super News\" \/>\n<meta property=\"og:description\" content=\"Presenta los avales por importe de 1.995 millones para garantizar la contraprestaci\u00f3n ofrecida MADRID, 31 Mar. (EUROPA PRESS) &#8211; M\u00e1sM\u00f3vil ha presentado ante la Comisi\u00f3n Nacional del Mercado de Valores (CNMV) la solicitud de autorizaci\u00f3n de la OPA sobre el 100% de Euskaltel, y a las condiciones para la efectividad de la oferta fijadas en [&hellip;]\" \/>\n<meta property=\"og:url\" content=\"https:\/\/super-news.info\/es\/masmovil-condiciona-tambien-la-opa-al-visto-bueno-de-las-autoridades-de-competencia-de-espana-y-serbia\/\" \/>\n<meta property=\"og:site_name\" content=\"Super News\" \/>\n<meta property=\"article:published_time\" content=\"2021-04-01T04:07:13+00:00\" \/>\n<meta property=\"article:modified_time\" content=\"2021-04-01T04:07:14+00:00\" \/>\n<meta property=\"og:image\" content=\"https:\/\/super-news.info\/es\/wp-content\/uploads\/sites\/4\/2021\/04\/MasMovil-condiciona-tambien-la-OPA-al-visto-bueno-de-las.jpg\" \/>\n\t<meta property=\"og:image:width\" content=\"120\" \/>\n\t<meta property=\"og:image:height\" content=\"80\" \/>\n\t<meta property=\"og:image:type\" content=\"image\/jpeg\" \/>\n<meta name=\"author\" content=\"super-news\" \/>\n<meta name=\"twitter:card\" content=\"summary_large_image\" \/>\n<meta name=\"twitter:label1\" content=\"Written by\" \/>\n\t<meta name=\"twitter:data1\" content=\"super-news\" \/>\n\t<meta name=\"twitter:label2\" content=\"Est. reading time\" \/>\n\t<meta name=\"twitter:data2\" content=\"2 minutes\" \/>\n<script type=\"application\/ld+json\" class=\"yoast-schema-graph\">{\"@context\":\"https:\\\/\\\/schema.org\",\"@graph\":[{\"@type\":\"Article\",\"@id\":\"https:\\\/\\\/super-news.info\\\/es\\\/masmovil-condiciona-tambien-la-opa-al-visto-bueno-de-las-autoridades-de-competencia-de-espana-y-serbia\\\/#article\",\"isPartOf\":{\"@id\":\"https:\\\/\\\/super-news.info\\\/es\\\/masmovil-condiciona-tambien-la-opa-al-visto-bueno-de-las-autoridades-de-competencia-de-espana-y-serbia\\\/\"},\"author\":{\"name\":\"super-news\",\"@id\":\"https:\\\/\\\/super-news.info\\\/es\\\/#\\\/schema\\\/person\\\/2d4068cb2f39cd10008c2fce578a7356\"},\"headline\":\"M\u00e1sM\u00f3vil condiciona tambi\u00e9n la OPA al visto bueno de las autoridades de competencia de Espa\u00f1a y Serbia\",\"datePublished\":\"2021-04-01T04:07:13+00:00\",\"dateModified\":\"2021-04-01T04:07:14+00:00\",\"mainEntityOfPage\":{\"@id\":\"https:\\\/\\\/super-news.info\\\/es\\\/masmovil-condiciona-tambien-la-opa-al-visto-bueno-de-las-autoridades-de-competencia-de-espana-y-serbia\\\/\"},\"wordCount\":477,\"commentCount\":0,\"image\":{\"@id\":\"https:\\\/\\\/super-news.info\\\/es\\\/masmovil-condiciona-tambien-la-opa-al-visto-bueno-de-las-autoridades-de-competencia-de-espana-y-serbia\\\/#primaryimage\"},\"thumbnailUrl\":\"https:\\\/\\\/super-news.info\\\/es\\\/wp-content\\\/uploads\\\/sites\\\/4\\\/2021\\\/04\\\/MasMovil-condiciona-tambien-la-OPA-al-visto-bueno-de-las.jpg\",\"articleSection\":[\"NOTICIAS FINANCIERAS\"],\"inLanguage\":\"en-US\",\"potentialAction\":[{\"@type\":\"CommentAction\",\"name\":\"Comment\",\"target\":[\"https:\\\/\\\/super-news.info\\\/es\\\/masmovil-condiciona-tambien-la-opa-al-visto-bueno-de-las-autoridades-de-competencia-de-espana-y-serbia\\\/#respond\"]}]},{\"@type\":\"WebPage\",\"@id\":\"https:\\\/\\\/super-news.info\\\/es\\\/masmovil-condiciona-tambien-la-opa-al-visto-bueno-de-las-autoridades-de-competencia-de-espana-y-serbia\\\/\",\"url\":\"https:\\\/\\\/super-news.info\\\/es\\\/masmovil-condiciona-tambien-la-opa-al-visto-bueno-de-las-autoridades-de-competencia-de-espana-y-serbia\\\/\",\"name\":\"M\u00e1sM\u00f3vil condiciona tambi\u00e9n la OPA al visto bueno de las autoridades de competencia de Espa\u00f1a y Serbia - Super News\",\"isPartOf\":{\"@id\":\"https:\\\/\\\/super-news.info\\\/es\\\/#website\"},\"primaryImageOfPage\":{\"@id\":\"https:\\\/\\\/super-news.info\\\/es\\\/masmovil-condiciona-tambien-la-opa-al-visto-bueno-de-las-autoridades-de-competencia-de-espana-y-serbia\\\/#primaryimage\"},\"image\":{\"@id\":\"https:\\\/\\\/super-news.info\\\/es\\\/masmovil-condiciona-tambien-la-opa-al-visto-bueno-de-las-autoridades-de-competencia-de-espana-y-serbia\\\/#primaryimage\"},\"thumbnailUrl\":\"https:\\\/\\\/super-news.info\\\/es\\\/wp-content\\\/uploads\\\/sites\\\/4\\\/2021\\\/04\\\/MasMovil-condiciona-tambien-la-OPA-al-visto-bueno-de-las.jpg\",\"datePublished\":\"2021-04-01T04:07:13+00:00\",\"dateModified\":\"2021-04-01T04:07:14+00:00\",\"author\":{\"@id\":\"https:\\\/\\\/super-news.info\\\/es\\\/#\\\/schema\\\/person\\\/2d4068cb2f39cd10008c2fce578a7356\"},\"breadcrumb\":{\"@id\":\"https:\\\/\\\/super-news.info\\\/es\\\/masmovil-condiciona-tambien-la-opa-al-visto-bueno-de-las-autoridades-de-competencia-de-espana-y-serbia\\\/#breadcrumb\"},\"inLanguage\":\"en-US\",\"potentialAction\":[{\"@type\":\"ReadAction\",\"target\":[\"https:\\\/\\\/super-news.info\\\/es\\\/masmovil-condiciona-tambien-la-opa-al-visto-bueno-de-las-autoridades-de-competencia-de-espana-y-serbia\\\/\"]}]},{\"@type\":\"ImageObject\",\"inLanguage\":\"en-US\",\"@id\":\"https:\\\/\\\/super-news.info\\\/es\\\/masmovil-condiciona-tambien-la-opa-al-visto-bueno-de-las-autoridades-de-competencia-de-espana-y-serbia\\\/#primaryimage\",\"url\":\"https:\\\/\\\/super-news.info\\\/es\\\/wp-content\\\/uploads\\\/sites\\\/4\\\/2021\\\/04\\\/MasMovil-condiciona-tambien-la-OPA-al-visto-bueno-de-las.jpg\",\"contentUrl\":\"https:\\\/\\\/super-news.info\\\/es\\\/wp-content\\\/uploads\\\/sites\\\/4\\\/2021\\\/04\\\/MasMovil-condiciona-tambien-la-OPA-al-visto-bueno-de-las.jpg\",\"width\":120,\"height\":80,\"caption\":\"M\u00e1sM\u00f3vil condiciona tambi\u00e9n la OPA al visto bueno de las autoridades de competencia de Espa\u00f1a y Serbia\"},{\"@type\":\"BreadcrumbList\",\"@id\":\"https:\\\/\\\/super-news.info\\\/es\\\/masmovil-condiciona-tambien-la-opa-al-visto-bueno-de-las-autoridades-de-competencia-de-espana-y-serbia\\\/#breadcrumb\",\"itemListElement\":[{\"@type\":\"ListItem\",\"position\":1,\"name\":\"\u0413\u043b\u0430\u0432\u043d\u0430\u044f \u0441\u0442\u0440\u0430\u043d\u0438\u0446\u0430\",\"item\":\"https:\\\/\\\/super-news.info\\\/es\\\/\"},{\"@type\":\"ListItem\",\"position\":2,\"name\":\"M\u00e1sM\u00f3vil condiciona tambi\u00e9n la OPA al visto bueno de las autoridades de competencia de Espa\u00f1a y Serbia\"}]},{\"@type\":\"WebSite\",\"@id\":\"https:\\\/\\\/super-news.info\\\/es\\\/#website\",\"url\":\"https:\\\/\\\/super-news.info\\\/es\\\/\",\"name\":\"Super News\",\"description\":\"Super News Espa\u00f1a\",\"potentialAction\":[{\"@type\":\"SearchAction\",\"target\":{\"@type\":\"EntryPoint\",\"urlTemplate\":\"https:\\\/\\\/super-news.info\\\/es\\\/?s={search_term_string}\"},\"query-input\":{\"@type\":\"PropertyValueSpecification\",\"valueRequired\":true,\"valueName\":\"search_term_string\"}}],\"inLanguage\":\"en-US\"},{\"@type\":\"Person\",\"@id\":\"https:\\\/\\\/super-news.info\\\/es\\\/#\\\/schema\\\/person\\\/2d4068cb2f39cd10008c2fce578a7356\",\"name\":\"super-news\",\"image\":{\"@type\":\"ImageObject\",\"inLanguage\":\"en-US\",\"@id\":\"https:\\\/\\\/secure.gravatar.com\\\/avatar\\\/64ebac40b93f26a154f8a9b5b6fdccfc46f442b26b3dd6756dbff3bf9dc76fd7?s=96&d=mm&r=g\",\"url\":\"https:\\\/\\\/secure.gravatar.com\\\/avatar\\\/64ebac40b93f26a154f8a9b5b6fdccfc46f442b26b3dd6756dbff3bf9dc76fd7?s=96&d=mm&r=g\",\"contentUrl\":\"https:\\\/\\\/secure.gravatar.com\\\/avatar\\\/64ebac40b93f26a154f8a9b5b6fdccfc46f442b26b3dd6756dbff3bf9dc76fd7?s=96&d=mm&r=g\",\"caption\":\"super-news\"},\"url\":\"https:\\\/\\\/super-news.info\\\/es\\\/author\\\/pt\\\/\"}]}<\/script>\n<!-- \/ Yoast SEO plugin. -->","yoast_head_json":{"title":"M\u00e1sM\u00f3vil condiciona tambi\u00e9n la OPA al visto bueno de las autoridades de competencia de Espa\u00f1a y Serbia - Super News","robots":{"index":"index","follow":"follow","max-snippet":"max-snippet:-1","max-image-preview":"max-image-preview:large","max-video-preview":"max-video-preview:-1"},"canonical":"https:\/\/super-news.info\/es\/masmovil-condiciona-tambien-la-opa-al-visto-bueno-de-las-autoridades-de-competencia-de-espana-y-serbia\/","og_locale":"en_US","og_type":"article","og_title":"M\u00e1sM\u00f3vil condiciona tambi\u00e9n la OPA al visto bueno de las autoridades de competencia de Espa\u00f1a y Serbia - Super News","og_description":"Presenta los avales por importe de 1.995 millones para garantizar la contraprestaci\u00f3n ofrecida MADRID, 31 Mar. (EUROPA PRESS) &#8211; M\u00e1sM\u00f3vil ha presentado ante la Comisi\u00f3n Nacional del Mercado de Valores (CNMV) la solicitud de autorizaci\u00f3n de la OPA sobre el 100% de Euskaltel, y a las condiciones para la efectividad de la oferta fijadas en [&hellip;]","og_url":"https:\/\/super-news.info\/es\/masmovil-condiciona-tambien-la-opa-al-visto-bueno-de-las-autoridades-de-competencia-de-espana-y-serbia\/","og_site_name":"Super News","article_published_time":"2021-04-01T04:07:13+00:00","article_modified_time":"2021-04-01T04:07:14+00:00","og_image":[{"width":120,"height":80,"url":"https:\/\/super-news.info\/es\/wp-content\/uploads\/sites\/4\/2021\/04\/MasMovil-condiciona-tambien-la-OPA-al-visto-bueno-de-las.jpg","type":"image\/jpeg"}],"author":"super-news","twitter_card":"summary_large_image","twitter_misc":{"Written by":"super-news","Est. reading time":"2 minutes"},"schema":{"@context":"https:\/\/schema.org","@graph":[{"@type":"Article","@id":"https:\/\/super-news.info\/es\/masmovil-condiciona-tambien-la-opa-al-visto-bueno-de-las-autoridades-de-competencia-de-espana-y-serbia\/#article","isPartOf":{"@id":"https:\/\/super-news.info\/es\/masmovil-condiciona-tambien-la-opa-al-visto-bueno-de-las-autoridades-de-competencia-de-espana-y-serbia\/"},"author":{"name":"super-news","@id":"https:\/\/super-news.info\/es\/#\/schema\/person\/2d4068cb2f39cd10008c2fce578a7356"},"headline":"M\u00e1sM\u00f3vil condiciona tambi\u00e9n la OPA al visto bueno de las autoridades de competencia de Espa\u00f1a y Serbia","datePublished":"2021-04-01T04:07:13+00:00","dateModified":"2021-04-01T04:07:14+00:00","mainEntityOfPage":{"@id":"https:\/\/super-news.info\/es\/masmovil-condiciona-tambien-la-opa-al-visto-bueno-de-las-autoridades-de-competencia-de-espana-y-serbia\/"},"wordCount":477,"commentCount":0,"image":{"@id":"https:\/\/super-news.info\/es\/masmovil-condiciona-tambien-la-opa-al-visto-bueno-de-las-autoridades-de-competencia-de-espana-y-serbia\/#primaryimage"},"thumbnailUrl":"https:\/\/super-news.info\/es\/wp-content\/uploads\/sites\/4\/2021\/04\/MasMovil-condiciona-tambien-la-OPA-al-visto-bueno-de-las.jpg","articleSection":["NOTICIAS FINANCIERAS"],"inLanguage":"en-US","potentialAction":[{"@type":"CommentAction","name":"Comment","target":["https:\/\/super-news.info\/es\/masmovil-condiciona-tambien-la-opa-al-visto-bueno-de-las-autoridades-de-competencia-de-espana-y-serbia\/#respond"]}]},{"@type":"WebPage","@id":"https:\/\/super-news.info\/es\/masmovil-condiciona-tambien-la-opa-al-visto-bueno-de-las-autoridades-de-competencia-de-espana-y-serbia\/","url":"https:\/\/super-news.info\/es\/masmovil-condiciona-tambien-la-opa-al-visto-bueno-de-las-autoridades-de-competencia-de-espana-y-serbia\/","name":"M\u00e1sM\u00f3vil condiciona tambi\u00e9n la OPA al visto bueno de las autoridades de competencia de Espa\u00f1a y Serbia - Super News","isPartOf":{"@id":"https:\/\/super-news.info\/es\/#website"},"primaryImageOfPage":{"@id":"https:\/\/super-news.info\/es\/masmovil-condiciona-tambien-la-opa-al-visto-bueno-de-las-autoridades-de-competencia-de-espana-y-serbia\/#primaryimage"},"image":{"@id":"https:\/\/super-news.info\/es\/masmovil-condiciona-tambien-la-opa-al-visto-bueno-de-las-autoridades-de-competencia-de-espana-y-serbia\/#primaryimage"},"thumbnailUrl":"https:\/\/super-news.info\/es\/wp-content\/uploads\/sites\/4\/2021\/04\/MasMovil-condiciona-tambien-la-OPA-al-visto-bueno-de-las.jpg","datePublished":"2021-04-01T04:07:13+00:00","dateModified":"2021-04-01T04:07:14+00:00","author":{"@id":"https:\/\/super-news.info\/es\/#\/schema\/person\/2d4068cb2f39cd10008c2fce578a7356"},"breadcrumb":{"@id":"https:\/\/super-news.info\/es\/masmovil-condiciona-tambien-la-opa-al-visto-bueno-de-las-autoridades-de-competencia-de-espana-y-serbia\/#breadcrumb"},"inLanguage":"en-US","potentialAction":[{"@type":"ReadAction","target":["https:\/\/super-news.info\/es\/masmovil-condiciona-tambien-la-opa-al-visto-bueno-de-las-autoridades-de-competencia-de-espana-y-serbia\/"]}]},{"@type":"ImageObject","inLanguage":"en-US","@id":"https:\/\/super-news.info\/es\/masmovil-condiciona-tambien-la-opa-al-visto-bueno-de-las-autoridades-de-competencia-de-espana-y-serbia\/#primaryimage","url":"https:\/\/super-news.info\/es\/wp-content\/uploads\/sites\/4\/2021\/04\/MasMovil-condiciona-tambien-la-OPA-al-visto-bueno-de-las.jpg","contentUrl":"https:\/\/super-news.info\/es\/wp-content\/uploads\/sites\/4\/2021\/04\/MasMovil-condiciona-tambien-la-OPA-al-visto-bueno-de-las.jpg","width":120,"height":80,"caption":"M\u00e1sM\u00f3vil condiciona tambi\u00e9n la OPA al visto bueno de las autoridades de competencia de Espa\u00f1a y Serbia"},{"@type":"BreadcrumbList","@id":"https:\/\/super-news.info\/es\/masmovil-condiciona-tambien-la-opa-al-visto-bueno-de-las-autoridades-de-competencia-de-espana-y-serbia\/#breadcrumb","itemListElement":[{"@type":"ListItem","position":1,"name":"\u0413\u043b\u0430\u0432\u043d\u0430\u044f \u0441\u0442\u0440\u0430\u043d\u0438\u0446\u0430","item":"https:\/\/super-news.info\/es\/"},{"@type":"ListItem","position":2,"name":"M\u00e1sM\u00f3vil condiciona tambi\u00e9n la OPA al visto bueno de las autoridades de competencia de Espa\u00f1a y Serbia"}]},{"@type":"WebSite","@id":"https:\/\/super-news.info\/es\/#website","url":"https:\/\/super-news.info\/es\/","name":"Super News","description":"Super News Espa\u00f1a","potentialAction":[{"@type":"SearchAction","target":{"@type":"EntryPoint","urlTemplate":"https:\/\/super-news.info\/es\/?s={search_term_string}"},"query-input":{"@type":"PropertyValueSpecification","valueRequired":true,"valueName":"search_term_string"}}],"inLanguage":"en-US"},{"@type":"Person","@id":"https:\/\/super-news.info\/es\/#\/schema\/person\/2d4068cb2f39cd10008c2fce578a7356","name":"super-news","image":{"@type":"ImageObject","inLanguage":"en-US","@id":"https:\/\/secure.gravatar.com\/avatar\/64ebac40b93f26a154f8a9b5b6fdccfc46f442b26b3dd6756dbff3bf9dc76fd7?s=96&d=mm&r=g","url":"https:\/\/secure.gravatar.com\/avatar\/64ebac40b93f26a154f8a9b5b6fdccfc46f442b26b3dd6756dbff3bf9dc76fd7?s=96&d=mm&r=g","contentUrl":"https:\/\/secure.gravatar.com\/avatar\/64ebac40b93f26a154f8a9b5b6fdccfc46f442b26b3dd6756dbff3bf9dc76fd7?s=96&d=mm&r=g","caption":"super-news"},"url":"https:\/\/super-news.info\/es\/author\/pt\/"}]}},"_links":{"self":[{"href":"https:\/\/super-news.info\/es\/wp-json\/wp\/v2\/posts\/14089","targetHints":{"allow":["GET"]}}],"collection":[{"href":"https:\/\/super-news.info\/es\/wp-json\/wp\/v2\/posts"}],"about":[{"href":"https:\/\/super-news.info\/es\/wp-json\/wp\/v2\/types\/post"}],"author":[{"embeddable":true,"href":"https:\/\/super-news.info\/es\/wp-json\/wp\/v2\/users\/2"}],"replies":[{"embeddable":true,"href":"https:\/\/super-news.info\/es\/wp-json\/wp\/v2\/comments?post=14089"}],"version-history":[{"count":1,"href":"https:\/\/super-news.info\/es\/wp-json\/wp\/v2\/posts\/14089\/revisions"}],"predecessor-version":[{"id":14091,"href":"https:\/\/super-news.info\/es\/wp-json\/wp\/v2\/posts\/14089\/revisions\/14091"}],"wp:featuredmedia":[{"embeddable":true,"href":"https:\/\/super-news.info\/es\/wp-json\/wp\/v2\/media\/14090"}],"wp:attachment":[{"href":"https:\/\/super-news.info\/es\/wp-json\/wp\/v2\/media?parent=14089"}],"wp:term":[{"taxonomy":"category","embeddable":true,"href":"https:\/\/super-news.info\/es\/wp-json\/wp\/v2\/categories?post=14089"},{"taxonomy":"post_tag","embeddable":true,"href":"https:\/\/super-news.info\/es\/wp-json\/wp\/v2\/tags?post=14089"}],"curies":[{"name":"wp","href":"https:\/\/api.w.org\/{rel}","templated":true}]}}