{"id":14053,"date":"2021-03-29T06:59:35","date_gmt":"2021-03-29T03:59:35","guid":{"rendered":"https:\/\/super-news.info\/es\/calvino-defiende-el-plan-de-recuperacion-estatal-y-que-las-autonomias-tengan-protagonismo-para-desplegar-los-proyectos\/"},"modified":"2021-03-29T06:59:36","modified_gmt":"2021-03-29T03:59:36","slug":"calvino-defiende-el-plan-de-recuperacion-estatal-y-que-las-autonomias-tengan-protagonismo-para-desplegar-los-proyectos","status":"publish","type":"post","link":"https:\/\/super-news.info\/es\/calvino-defiende-el-plan-de-recuperacion-estatal-y-que-las-autonomias-tengan-protagonismo-para-desplegar-los-proyectos\/","title":{"rendered":"Calvi\u00f1o defiende el plan de recuperaci\u00f3n estatal y que las autonom\u00edas tengan protagonismo para desplegar los proyectos"},"content":{"rendered":"<p>\nEspera &#8220;responsabilidad&#8221; de agentes pol\u00edticos y sociales para que el Ejecutivo siga gobernando ante los retos a los que se enfrenta Espa\u00f1a<br \/>\n   BILBAO, 28 Mar. (EUROPA PRESS) &#8211;<br \/>\n   La vicepresidenta tercera y ministra de Asuntos Econ\u00f3micos y Transformaci\u00f3n Digital, Nadia Calvi\u00f1o, ha afirmado que el plan de recuperaci\u00f3n &#8220;ha de ser nacional&#8221;, pero considera que las comunidades aut\u00f3nomas y ayuntamientos deben tener &#8220;un protagonismo especial en el despliegue de los proyectos&#8221;.<br \/>\n   Calvi\u00f1o ha respondido, de esta forma, a las cr\u00edticas del Gobierno Vasco al Ejecutivo de Pedro S\u00e1nchez por el modelo de gesti\u00f3n de los fondos europeos. Precisamente, el pasado viernes, 26 de marzo, el Lehendakari, I\u00f1igo Urkullu, reclam\u00f3 en el Parlamento Vasco al Gobierno central que permita que las autonom\u00edas tengan &#8220;un papel m\u00e1s activo&#8221; en la toma de decisiones sobre la gesti\u00f3n de los fondos europeos para la recuperaci\u00f3n.<br \/>\n    En una entrevista concedida al diario El Correo, recogida por Europa Press, la vicepresidenta tercera ha precisado que, frente a los fondos europeos &#8216;tradicionales&#8217; de cohesi\u00f3n, el plan de recuperaci\u00f3n &#8220;no tiene un car\u00e1cter regional, sino que ha de ser un plan nacional de medidas que tengan impacto macroeconomico significativo y que pongan en marcha reformas con impacto en todo el territorio&#8221;.<br \/>\n   &#8220;Hemos de pensar en t\u00e9rminos de pa\u00eds, pero los ayuntamientos y las comunidades aut\u00f3nomas tienen que tener un papel protagonista en el despliegue de los proyectos&#8221;, ha afirmado.<br \/>\n   Seg\u00fan ha explicado, la industria &#8220;est\u00e1 en el coraz\u00f3n del plan de recuperaci\u00f3n, con inversiones muy importantes&#8221;, pero ha dicho que &#8220;tampoco hay que minimizar la importancia de la industria tur\u00edstica, una actividad muy importante para la vertebraci\u00f3n territorial y que puede proporcionar alternativas econ\u00f3micas y sociales en todos los pueblos de Espa\u00f1a&#8221;.<br \/>\nPABLO IGLESIAS<br \/>\n   La vicepresidenta tercera ha admitido que le caus\u00f3 sorpresa que Pablo Iglesias dejara el Gobierno porque, a su juicio, ser vicepresidente de Asuntos Sociales abre la oportunidad de hacer &#8220;grandes y muy importantes cosas&#8221; para el pa\u00eds y es &#8220;un \u00e1mbito en el que queda mucho por hacer&#8221;.<br \/>\n   No obstante, ha dicho que no va a entrar a juzgar las decisiones personales de otros y supone que habr\u00e1 sido algo &#8220;bien meditado&#8221;. Adem\u00e1s, se ha mostrado convencida de que el Gobierno de Espa\u00f1a &#8220;seguir\u00e1 siendo un factor de estabilidad para el conjunto del pa\u00eds&#8221;.<br \/>\n   En todo caso, ha indicado que desear\u00eda que bajara el nivel de crispaci\u00f3n&#8221; que existe. &#8220;Creo que estamos haciendo un gran trabajo que ser\u00eda m\u00e1s efectivo si no estuvi\u00e9ramos constantemente rodeados de esa tensi\u00f3n que no aporta nada a mejorar el bienestar de los ciudadanos&#8221;, ha a\u00f1adido.<br \/>\n   Seg\u00fan ha asegurado, &#8220;estas mismas situaciones de polarizaci\u00f3n pol\u00edtica y de tensi\u00f3n social por la crisis se dan en otros muchos pa\u00edses&#8221;. &#8220;Lo que percibo de nuestros socios y de los inversores es una enorme confianza en la capacidad de nuestro pa\u00eds y su potencial de crecimiento&#8221;, ha destacado.<br \/>\nRESPONSABILIDAD<br \/>\n   Nadia Calvi\u00f1o tambi\u00e9n se ha referido a la amenaza de Podemos de dejar caer al Gobierno por la Ley de Alquiler, mientras ERC hace lo mismo si no se produce un indulto de los presos del proc\u00e9s, ha mostrado su esperanza en que, en la actual situaci\u00f3n, &#8220;todos los agentes pol\u00edticos y sociales act\u00faen con responsabilidad&#8221;.<br \/>\n   &#8220;Las prioridades econ\u00f3micas est\u00e1n claras: acelerar la vacunaci\u00f3n, mantener una pol\u00edtica fiscal expansiva que acompa\u00f1e la pol\u00edtica monetaria, apoyar el tejido productivo, a las familias, al empleo, y desplegar cuanto antes el plan de recuperaci\u00f3n&#8221;, ha aseverado.<br \/>\n   Por ello, espera que haya &#8220;responsabilidad&#8221; por todas las partes. En su opini\u00f3n, hay que ser &#8220;conscientes&#8221; de lo que hay en juego, &#8220;y poner el bienestar de los ciudadanos y el futuro de Espa\u00f1a por delante de cualquier otra consideraci\u00f3n&#8221;.<br \/>\n   Preguntada por su relaci\u00f3n con la ministra de Trabajo, Yolanda D\u00edaz, y los posibles choques entre vicepresidencias, ha rechazado las especulaciones y ha considerado que &#8220;se magnifica el aspecto personal&#8221;. &#8220;Lo importante es que hemos estado trabajando desde hace un a\u00f1o para llevar adelante los acuerdos del di\u00e1logo social, encauzando negociaciones para llegar acuerdos equilibrados que respondiesen a las necesidades nuestro pa\u00eds&#8221;, ha explicado, para se\u00f1alar que espera seguir en ese misma l\u00ednea.<br \/>\n   En cuanto al pr\u00f3ximo Ejecutivo de la Comunidad de Madrid tras las elecciones, conf\u00eda en que gane el socialista \u00c1ngel Gabilondo &#8220;porque ser\u00eda muy positivo que haya un Gobierno responsable que piense los ciudadanos, y no en hacer oposici\u00f3n al Gobierno de Espa\u00f1a&#8221;.<br \/>\nREFORMA LABORAL<br \/>\n   Tras precisar que lleva tres a\u00f1os de ministra &#8220;con la voluntad de no mirar hacia atr\u00e1s, sino adelante, al futuro, y salir de la dial\u00e9ctica de que los problemas del mercado laboral se resuelven cambiando un art\u00edculo u otro del Estatuto de los Trabajadores&#8221;, ha subrayado los problemas existentes, como una &#8220;excesiva temporalidad, la dualidad, la precariedad, la falta de capital humano o las dificultades de acceso para los j\u00f3venes&#8221;.<br \/>\n   &#8220;Son problemas que arrastramos desde hace d\u00e9cadas. Hay que actuar en el conjunto de \u00e1mbitos como la educaci\u00f3n, la renovaci\u00f3n del tejido productivo o el tama\u00f1o de las empresas, y no solo en la legislaci\u00f3n laboral. Crear empleos de calidad debe ser la prioridad absoluta&#8221;, ha manifestado.<br \/>\n   A su juicio, para realizar una reforma laboral, el acuerdo entre empresarios y sindicatos &#8220;es uno de los elementos m\u00e1s importantes, sin duda&#8221;. &#8220;Tenemos que alcanzar acuerdos equilibrados, como los que se han alcanzado en el \u00faltimo a\u00f1o, para que las reformas ser\u00e1n eficaces y permanentes. El buen funcionamiento del mercado laboral ser\u00e1 un factor importante de dinamismo y crecimiento de nuestro pa\u00eds&#8221;, ha remarcado.<br \/>\n   Para la vicepresidenta tercera, los representantes sindicales y empresariales &#8220;han dado muestras de una enorme responsabilidad y han trabajado codo a codo para encontrar soluciones&#8221;. Conf\u00edo en que sea energ\u00eda positiva y ese esp\u00edritu constructivo se mantenga&#8221;, ha declarado.<br \/>\n   Nadia Calvi\u00f1o cree que los pr\u00f3ximos meses son &#8220;claves&#8221; para un acuerdo entre sindicatos y empresarios porque hay que aprovechar la fase de crecimiento econ\u00f3mico para construir la recuperaci\u00f3n sobre una base m\u00e1s s\u00f3lida y empezar a resolver los problemas&#8221; que se &#8220;arrastran en el mercado laboral&#8221;. &#8220;No tenemos tiempo de perder para resolver esos problemas y poner las bases del Estatuto de los trabajadores del siglo XXI&#8221;, ha advertido.<br \/>\n   Tambi\u00e9n se muestran convencida de que los empresarios &#8220;son conscientes de que la temporalidad, la precariedad y la excesiva volatilidad de contratos no pueden ser una soluci\u00f3n permanente para tener un mercado laboral \u00e1gil y flexible&#8221;.<br \/>\n   &#8220;Tiene que haber mecanismos de flexibilidad internos, por ejemplo, inspirados en los ERTEs, que permiten responder a ca\u00eddas de actividad sin recurrir a los despidos. El contrato estable debe ser normal, reservar el temporal para aquellas actividades que lo sean y reformar el de formaci\u00f3n&#8221;, ha se\u00f1alado.<br \/>\n<br \/>\n<!--noindex--><br \/>\n<a href=\"https:\/\/www.europapress.es\/euskadi\/noticia-calvino-defiende-plan-recuperacion-estatal-autonomias-tengan-protagonismo-desplegar-proyectos-20210328125100.html\" rel=\"nofollow\">Source link <\/a><br \/>\n<!--\/noindex--><\/p>\n","protected":false},"excerpt":{"rendered":"<p>Espera &#8220;responsabilidad&#8221; de agentes pol\u00edticos y sociales para que el Ejecutivo siga gobernando ante los retos a los que se enfrenta Espa\u00f1a BILBAO, 28 Mar. (EUROPA PRESS) &#8211; La vicepresidenta tercera y ministra de Asuntos Econ\u00f3micos y Transformaci\u00f3n Digital, Nadia Calvi\u00f1o, ha afirmado que el plan de recuperaci\u00f3n &#8220;ha de ser nacional&#8221;, pero considera que [&hellip;]<\/p>\n","protected":false},"author":2,"featured_media":14054,"comment_status":"open","ping_status":"open","sticky":false,"template":"","format":"standard","meta":{"footnotes":""},"categories":[1],"tags":[],"class_list":["post-14053","post","type-post","status-publish","format-standard","has-post-thumbnail","hentry","category-noticias-financieras"],"yoast_head":"<!-- This site is optimized with the Yoast SEO plugin v27.4 - https:\/\/yoast.com\/product\/yoast-seo-wordpress\/ -->\n<title>Calvi\u00f1o defiende el plan de recuperaci\u00f3n estatal y que las autonom\u00edas tengan protagonismo para desplegar los proyectos - Super News<\/title>\n<meta name=\"robots\" content=\"index, follow, max-snippet:-1, max-image-preview:large, max-video-preview:-1\" \/>\n<link rel=\"canonical\" href=\"https:\/\/super-news.info\/es\/calvino-defiende-el-plan-de-recuperacion-estatal-y-que-las-autonomias-tengan-protagonismo-para-desplegar-los-proyectos\/\" \/>\n<meta property=\"og:locale\" content=\"en_US\" \/>\n<meta property=\"og:type\" content=\"article\" \/>\n<meta property=\"og:title\" content=\"Calvi\u00f1o defiende el plan de recuperaci\u00f3n estatal y que las autonom\u00edas tengan protagonismo para desplegar los proyectos - Super News\" \/>\n<meta property=\"og:description\" content=\"Espera &#8220;responsabilidad&#8221; de agentes pol\u00edticos y sociales para que el Ejecutivo siga gobernando ante los retos a los que se enfrenta Espa\u00f1a BILBAO, 28 Mar. (EUROPA PRESS) &#8211; La vicepresidenta tercera y ministra de Asuntos Econ\u00f3micos y Transformaci\u00f3n Digital, Nadia Calvi\u00f1o, ha afirmado que el plan de recuperaci\u00f3n &#8220;ha de ser nacional&#8221;, pero considera que [&hellip;]\" \/>\n<meta property=\"og:url\" content=\"https:\/\/super-news.info\/es\/calvino-defiende-el-plan-de-recuperacion-estatal-y-que-las-autonomias-tengan-protagonismo-para-desplegar-los-proyectos\/\" \/>\n<meta property=\"og:site_name\" content=\"Super News\" \/>\n<meta property=\"article:published_time\" content=\"2021-03-29T03:59:35+00:00\" \/>\n<meta property=\"article:modified_time\" content=\"2021-03-29T03:59:36+00:00\" \/>\n<meta property=\"og:image\" content=\"https:\/\/super-news.info\/es\/wp-content\/uploads\/sites\/4\/2021\/03\/Calvino-defiende-el-plan-de-recuperacion-estatal-y-que-las.jpg\" \/>\n\t<meta property=\"og:image:width\" content=\"120\" \/>\n\t<meta property=\"og:image:height\" content=\"82\" \/>\n\t<meta property=\"og:image:type\" content=\"image\/jpeg\" \/>\n<meta name=\"author\" content=\"super-news\" \/>\n<meta name=\"twitter:card\" content=\"summary_large_image\" \/>\n<meta name=\"twitter:label1\" content=\"Written by\" \/>\n\t<meta name=\"twitter:data1\" content=\"super-news\" \/>\n\t<meta name=\"twitter:label2\" content=\"Est. reading time\" \/>\n\t<meta name=\"twitter:data2\" content=\"6 minutes\" \/>\n<script type=\"application\/ld+json\" class=\"yoast-schema-graph\">{\"@context\":\"https:\\\/\\\/schema.org\",\"@graph\":[{\"@type\":\"Article\",\"@id\":\"https:\\\/\\\/super-news.info\\\/es\\\/calvino-defiende-el-plan-de-recuperacion-estatal-y-que-las-autonomias-tengan-protagonismo-para-desplegar-los-proyectos\\\/#article\",\"isPartOf\":{\"@id\":\"https:\\\/\\\/super-news.info\\\/es\\\/calvino-defiende-el-plan-de-recuperacion-estatal-y-que-las-autonomias-tengan-protagonismo-para-desplegar-los-proyectos\\\/\"},\"author\":{\"name\":\"super-news\",\"@id\":\"https:\\\/\\\/super-news.info\\\/es\\\/#\\\/schema\\\/person\\\/2d4068cb2f39cd10008c2fce578a7356\"},\"headline\":\"Calvi\u00f1o defiende el plan de recuperaci\u00f3n estatal y que las autonom\u00edas tengan protagonismo para desplegar los proyectos\",\"datePublished\":\"2021-03-29T03:59:35+00:00\",\"dateModified\":\"2021-03-29T03:59:36+00:00\",\"mainEntityOfPage\":{\"@id\":\"https:\\\/\\\/super-news.info\\\/es\\\/calvino-defiende-el-plan-de-recuperacion-estatal-y-que-las-autonomias-tengan-protagonismo-para-desplegar-los-proyectos\\\/\"},\"wordCount\":1225,\"commentCount\":0,\"image\":{\"@id\":\"https:\\\/\\\/super-news.info\\\/es\\\/calvino-defiende-el-plan-de-recuperacion-estatal-y-que-las-autonomias-tengan-protagonismo-para-desplegar-los-proyectos\\\/#primaryimage\"},\"thumbnailUrl\":\"https:\\\/\\\/super-news.info\\\/es\\\/wp-content\\\/uploads\\\/sites\\\/4\\\/2021\\\/03\\\/Calvino-defiende-el-plan-de-recuperacion-estatal-y-que-las.jpg\",\"articleSection\":[\"NOTICIAS FINANCIERAS\"],\"inLanguage\":\"en-US\",\"potentialAction\":[{\"@type\":\"CommentAction\",\"name\":\"Comment\",\"target\":[\"https:\\\/\\\/super-news.info\\\/es\\\/calvino-defiende-el-plan-de-recuperacion-estatal-y-que-las-autonomias-tengan-protagonismo-para-desplegar-los-proyectos\\\/#respond\"]}]},{\"@type\":\"WebPage\",\"@id\":\"https:\\\/\\\/super-news.info\\\/es\\\/calvino-defiende-el-plan-de-recuperacion-estatal-y-que-las-autonomias-tengan-protagonismo-para-desplegar-los-proyectos\\\/\",\"url\":\"https:\\\/\\\/super-news.info\\\/es\\\/calvino-defiende-el-plan-de-recuperacion-estatal-y-que-las-autonomias-tengan-protagonismo-para-desplegar-los-proyectos\\\/\",\"name\":\"Calvi\u00f1o defiende el plan de recuperaci\u00f3n estatal y que las autonom\u00edas tengan protagonismo para desplegar los proyectos - Super News\",\"isPartOf\":{\"@id\":\"https:\\\/\\\/super-news.info\\\/es\\\/#website\"},\"primaryImageOfPage\":{\"@id\":\"https:\\\/\\\/super-news.info\\\/es\\\/calvino-defiende-el-plan-de-recuperacion-estatal-y-que-las-autonomias-tengan-protagonismo-para-desplegar-los-proyectos\\\/#primaryimage\"},\"image\":{\"@id\":\"https:\\\/\\\/super-news.info\\\/es\\\/calvino-defiende-el-plan-de-recuperacion-estatal-y-que-las-autonomias-tengan-protagonismo-para-desplegar-los-proyectos\\\/#primaryimage\"},\"thumbnailUrl\":\"https:\\\/\\\/super-news.info\\\/es\\\/wp-content\\\/uploads\\\/sites\\\/4\\\/2021\\\/03\\\/Calvino-defiende-el-plan-de-recuperacion-estatal-y-que-las.jpg\",\"datePublished\":\"2021-03-29T03:59:35+00:00\",\"dateModified\":\"2021-03-29T03:59:36+00:00\",\"author\":{\"@id\":\"https:\\\/\\\/super-news.info\\\/es\\\/#\\\/schema\\\/person\\\/2d4068cb2f39cd10008c2fce578a7356\"},\"breadcrumb\":{\"@id\":\"https:\\\/\\\/super-news.info\\\/es\\\/calvino-defiende-el-plan-de-recuperacion-estatal-y-que-las-autonomias-tengan-protagonismo-para-desplegar-los-proyectos\\\/#breadcrumb\"},\"inLanguage\":\"en-US\",\"potentialAction\":[{\"@type\":\"ReadAction\",\"target\":[\"https:\\\/\\\/super-news.info\\\/es\\\/calvino-defiende-el-plan-de-recuperacion-estatal-y-que-las-autonomias-tengan-protagonismo-para-desplegar-los-proyectos\\\/\"]}]},{\"@type\":\"ImageObject\",\"inLanguage\":\"en-US\",\"@id\":\"https:\\\/\\\/super-news.info\\\/es\\\/calvino-defiende-el-plan-de-recuperacion-estatal-y-que-las-autonomias-tengan-protagonismo-para-desplegar-los-proyectos\\\/#primaryimage\",\"url\":\"https:\\\/\\\/super-news.info\\\/es\\\/wp-content\\\/uploads\\\/sites\\\/4\\\/2021\\\/03\\\/Calvino-defiende-el-plan-de-recuperacion-estatal-y-que-las.jpg\",\"contentUrl\":\"https:\\\/\\\/super-news.info\\\/es\\\/wp-content\\\/uploads\\\/sites\\\/4\\\/2021\\\/03\\\/Calvino-defiende-el-plan-de-recuperacion-estatal-y-que-las.jpg\",\"width\":120,\"height\":82,\"caption\":\"Calvi\u00f1o defiende el plan de recuperaci\u00f3n estatal y que las autonom\u00edas tengan protagonismo para desplegar los proyectos\"},{\"@type\":\"BreadcrumbList\",\"@id\":\"https:\\\/\\\/super-news.info\\\/es\\\/calvino-defiende-el-plan-de-recuperacion-estatal-y-que-las-autonomias-tengan-protagonismo-para-desplegar-los-proyectos\\\/#breadcrumb\",\"itemListElement\":[{\"@type\":\"ListItem\",\"position\":1,\"name\":\"\u0413\u043b\u0430\u0432\u043d\u0430\u044f \u0441\u0442\u0440\u0430\u043d\u0438\u0446\u0430\",\"item\":\"https:\\\/\\\/super-news.info\\\/es\\\/\"},{\"@type\":\"ListItem\",\"position\":2,\"name\":\"Calvi\u00f1o defiende el plan de recuperaci\u00f3n estatal y que las autonom\u00edas tengan protagonismo para desplegar los proyectos\"}]},{\"@type\":\"WebSite\",\"@id\":\"https:\\\/\\\/super-news.info\\\/es\\\/#website\",\"url\":\"https:\\\/\\\/super-news.info\\\/es\\\/\",\"name\":\"Super News\",\"description\":\"Super News Espa\u00f1a\",\"potentialAction\":[{\"@type\":\"SearchAction\",\"target\":{\"@type\":\"EntryPoint\",\"urlTemplate\":\"https:\\\/\\\/super-news.info\\\/es\\\/?s={search_term_string}\"},\"query-input\":{\"@type\":\"PropertyValueSpecification\",\"valueRequired\":true,\"valueName\":\"search_term_string\"}}],\"inLanguage\":\"en-US\"},{\"@type\":\"Person\",\"@id\":\"https:\\\/\\\/super-news.info\\\/es\\\/#\\\/schema\\\/person\\\/2d4068cb2f39cd10008c2fce578a7356\",\"name\":\"super-news\",\"image\":{\"@type\":\"ImageObject\",\"inLanguage\":\"en-US\",\"@id\":\"https:\\\/\\\/secure.gravatar.com\\\/avatar\\\/64ebac40b93f26a154f8a9b5b6fdccfc46f442b26b3dd6756dbff3bf9dc76fd7?s=96&d=mm&r=g\",\"url\":\"https:\\\/\\\/secure.gravatar.com\\\/avatar\\\/64ebac40b93f26a154f8a9b5b6fdccfc46f442b26b3dd6756dbff3bf9dc76fd7?s=96&d=mm&r=g\",\"contentUrl\":\"https:\\\/\\\/secure.gravatar.com\\\/avatar\\\/64ebac40b93f26a154f8a9b5b6fdccfc46f442b26b3dd6756dbff3bf9dc76fd7?s=96&d=mm&r=g\",\"caption\":\"super-news\"},\"url\":\"https:\\\/\\\/super-news.info\\\/es\\\/author\\\/pt\\\/\"}]}<\/script>\n<!-- \/ Yoast SEO plugin. -->","yoast_head_json":{"title":"Calvi\u00f1o defiende el plan de recuperaci\u00f3n estatal y que las autonom\u00edas tengan protagonismo para desplegar los proyectos - Super News","robots":{"index":"index","follow":"follow","max-snippet":"max-snippet:-1","max-image-preview":"max-image-preview:large","max-video-preview":"max-video-preview:-1"},"canonical":"https:\/\/super-news.info\/es\/calvino-defiende-el-plan-de-recuperacion-estatal-y-que-las-autonomias-tengan-protagonismo-para-desplegar-los-proyectos\/","og_locale":"en_US","og_type":"article","og_title":"Calvi\u00f1o defiende el plan de recuperaci\u00f3n estatal y que las autonom\u00edas tengan protagonismo para desplegar los proyectos - Super News","og_description":"Espera &#8220;responsabilidad&#8221; de agentes pol\u00edticos y sociales para que el Ejecutivo siga gobernando ante los retos a los que se enfrenta Espa\u00f1a BILBAO, 28 Mar. (EUROPA PRESS) &#8211; La vicepresidenta tercera y ministra de Asuntos Econ\u00f3micos y Transformaci\u00f3n Digital, Nadia Calvi\u00f1o, ha afirmado que el plan de recuperaci\u00f3n &#8220;ha de ser nacional&#8221;, pero considera que [&hellip;]","og_url":"https:\/\/super-news.info\/es\/calvino-defiende-el-plan-de-recuperacion-estatal-y-que-las-autonomias-tengan-protagonismo-para-desplegar-los-proyectos\/","og_site_name":"Super News","article_published_time":"2021-03-29T03:59:35+00:00","article_modified_time":"2021-03-29T03:59:36+00:00","og_image":[{"width":120,"height":82,"url":"https:\/\/super-news.info\/es\/wp-content\/uploads\/sites\/4\/2021\/03\/Calvino-defiende-el-plan-de-recuperacion-estatal-y-que-las.jpg","type":"image\/jpeg"}],"author":"super-news","twitter_card":"summary_large_image","twitter_misc":{"Written by":"super-news","Est. reading time":"6 minutes"},"schema":{"@context":"https:\/\/schema.org","@graph":[{"@type":"Article","@id":"https:\/\/super-news.info\/es\/calvino-defiende-el-plan-de-recuperacion-estatal-y-que-las-autonomias-tengan-protagonismo-para-desplegar-los-proyectos\/#article","isPartOf":{"@id":"https:\/\/super-news.info\/es\/calvino-defiende-el-plan-de-recuperacion-estatal-y-que-las-autonomias-tengan-protagonismo-para-desplegar-los-proyectos\/"},"author":{"name":"super-news","@id":"https:\/\/super-news.info\/es\/#\/schema\/person\/2d4068cb2f39cd10008c2fce578a7356"},"headline":"Calvi\u00f1o defiende el plan de recuperaci\u00f3n estatal y que las autonom\u00edas tengan protagonismo para desplegar los proyectos","datePublished":"2021-03-29T03:59:35+00:00","dateModified":"2021-03-29T03:59:36+00:00","mainEntityOfPage":{"@id":"https:\/\/super-news.info\/es\/calvino-defiende-el-plan-de-recuperacion-estatal-y-que-las-autonomias-tengan-protagonismo-para-desplegar-los-proyectos\/"},"wordCount":1225,"commentCount":0,"image":{"@id":"https:\/\/super-news.info\/es\/calvino-defiende-el-plan-de-recuperacion-estatal-y-que-las-autonomias-tengan-protagonismo-para-desplegar-los-proyectos\/#primaryimage"},"thumbnailUrl":"https:\/\/super-news.info\/es\/wp-content\/uploads\/sites\/4\/2021\/03\/Calvino-defiende-el-plan-de-recuperacion-estatal-y-que-las.jpg","articleSection":["NOTICIAS FINANCIERAS"],"inLanguage":"en-US","potentialAction":[{"@type":"CommentAction","name":"Comment","target":["https:\/\/super-news.info\/es\/calvino-defiende-el-plan-de-recuperacion-estatal-y-que-las-autonomias-tengan-protagonismo-para-desplegar-los-proyectos\/#respond"]}]},{"@type":"WebPage","@id":"https:\/\/super-news.info\/es\/calvino-defiende-el-plan-de-recuperacion-estatal-y-que-las-autonomias-tengan-protagonismo-para-desplegar-los-proyectos\/","url":"https:\/\/super-news.info\/es\/calvino-defiende-el-plan-de-recuperacion-estatal-y-que-las-autonomias-tengan-protagonismo-para-desplegar-los-proyectos\/","name":"Calvi\u00f1o defiende el plan de recuperaci\u00f3n estatal y que las autonom\u00edas tengan protagonismo para desplegar los proyectos - Super News","isPartOf":{"@id":"https:\/\/super-news.info\/es\/#website"},"primaryImageOfPage":{"@id":"https:\/\/super-news.info\/es\/calvino-defiende-el-plan-de-recuperacion-estatal-y-que-las-autonomias-tengan-protagonismo-para-desplegar-los-proyectos\/#primaryimage"},"image":{"@id":"https:\/\/super-news.info\/es\/calvino-defiende-el-plan-de-recuperacion-estatal-y-que-las-autonomias-tengan-protagonismo-para-desplegar-los-proyectos\/#primaryimage"},"thumbnailUrl":"https:\/\/super-news.info\/es\/wp-content\/uploads\/sites\/4\/2021\/03\/Calvino-defiende-el-plan-de-recuperacion-estatal-y-que-las.jpg","datePublished":"2021-03-29T03:59:35+00:00","dateModified":"2021-03-29T03:59:36+00:00","author":{"@id":"https:\/\/super-news.info\/es\/#\/schema\/person\/2d4068cb2f39cd10008c2fce578a7356"},"breadcrumb":{"@id":"https:\/\/super-news.info\/es\/calvino-defiende-el-plan-de-recuperacion-estatal-y-que-las-autonomias-tengan-protagonismo-para-desplegar-los-proyectos\/#breadcrumb"},"inLanguage":"en-US","potentialAction":[{"@type":"ReadAction","target":["https:\/\/super-news.info\/es\/calvino-defiende-el-plan-de-recuperacion-estatal-y-que-las-autonomias-tengan-protagonismo-para-desplegar-los-proyectos\/"]}]},{"@type":"ImageObject","inLanguage":"en-US","@id":"https:\/\/super-news.info\/es\/calvino-defiende-el-plan-de-recuperacion-estatal-y-que-las-autonomias-tengan-protagonismo-para-desplegar-los-proyectos\/#primaryimage","url":"https:\/\/super-news.info\/es\/wp-content\/uploads\/sites\/4\/2021\/03\/Calvino-defiende-el-plan-de-recuperacion-estatal-y-que-las.jpg","contentUrl":"https:\/\/super-news.info\/es\/wp-content\/uploads\/sites\/4\/2021\/03\/Calvino-defiende-el-plan-de-recuperacion-estatal-y-que-las.jpg","width":120,"height":82,"caption":"Calvi\u00f1o defiende el plan de recuperaci\u00f3n estatal y que las autonom\u00edas tengan protagonismo para desplegar los proyectos"},{"@type":"BreadcrumbList","@id":"https:\/\/super-news.info\/es\/calvino-defiende-el-plan-de-recuperacion-estatal-y-que-las-autonomias-tengan-protagonismo-para-desplegar-los-proyectos\/#breadcrumb","itemListElement":[{"@type":"ListItem","position":1,"name":"\u0413\u043b\u0430\u0432\u043d\u0430\u044f \u0441\u0442\u0440\u0430\u043d\u0438\u0446\u0430","item":"https:\/\/super-news.info\/es\/"},{"@type":"ListItem","position":2,"name":"Calvi\u00f1o defiende el plan de recuperaci\u00f3n estatal y que las autonom\u00edas tengan protagonismo para desplegar los proyectos"}]},{"@type":"WebSite","@id":"https:\/\/super-news.info\/es\/#website","url":"https:\/\/super-news.info\/es\/","name":"Super News","description":"Super News Espa\u00f1a","potentialAction":[{"@type":"SearchAction","target":{"@type":"EntryPoint","urlTemplate":"https:\/\/super-news.info\/es\/?s={search_term_string}"},"query-input":{"@type":"PropertyValueSpecification","valueRequired":true,"valueName":"search_term_string"}}],"inLanguage":"en-US"},{"@type":"Person","@id":"https:\/\/super-news.info\/es\/#\/schema\/person\/2d4068cb2f39cd10008c2fce578a7356","name":"super-news","image":{"@type":"ImageObject","inLanguage":"en-US","@id":"https:\/\/secure.gravatar.com\/avatar\/64ebac40b93f26a154f8a9b5b6fdccfc46f442b26b3dd6756dbff3bf9dc76fd7?s=96&d=mm&r=g","url":"https:\/\/secure.gravatar.com\/avatar\/64ebac40b93f26a154f8a9b5b6fdccfc46f442b26b3dd6756dbff3bf9dc76fd7?s=96&d=mm&r=g","contentUrl":"https:\/\/secure.gravatar.com\/avatar\/64ebac40b93f26a154f8a9b5b6fdccfc46f442b26b3dd6756dbff3bf9dc76fd7?s=96&d=mm&r=g","caption":"super-news"},"url":"https:\/\/super-news.info\/es\/author\/pt\/"}]}},"_links":{"self":[{"href":"https:\/\/super-news.info\/es\/wp-json\/wp\/v2\/posts\/14053","targetHints":{"allow":["GET"]}}],"collection":[{"href":"https:\/\/super-news.info\/es\/wp-json\/wp\/v2\/posts"}],"about":[{"href":"https:\/\/super-news.info\/es\/wp-json\/wp\/v2\/types\/post"}],"author":[{"embeddable":true,"href":"https:\/\/super-news.info\/es\/wp-json\/wp\/v2\/users\/2"}],"replies":[{"embeddable":true,"href":"https:\/\/super-news.info\/es\/wp-json\/wp\/v2\/comments?post=14053"}],"version-history":[{"count":1,"href":"https:\/\/super-news.info\/es\/wp-json\/wp\/v2\/posts\/14053\/revisions"}],"predecessor-version":[{"id":14055,"href":"https:\/\/super-news.info\/es\/wp-json\/wp\/v2\/posts\/14053\/revisions\/14055"}],"wp:featuredmedia":[{"embeddable":true,"href":"https:\/\/super-news.info\/es\/wp-json\/wp\/v2\/media\/14054"}],"wp:attachment":[{"href":"https:\/\/super-news.info\/es\/wp-json\/wp\/v2\/media?parent=14053"}],"wp:term":[{"taxonomy":"category","embeddable":true,"href":"https:\/\/super-news.info\/es\/wp-json\/wp\/v2\/categories?post=14053"},{"taxonomy":"post_tag","embeddable":true,"href":"https:\/\/super-news.info\/es\/wp-json\/wp\/v2\/tags?post=14053"}],"curies":[{"name":"wp","href":"https:\/\/api.w.org\/{rel}","templated":true}]}}