{"id":14047,"date":"2021-03-28T18:58:15","date_gmt":"2021-03-28T15:58:15","guid":{"rendered":"https:\/\/super-news.info\/es\/la-airef-eleva-al-1-6-la-caida-del-pib-en-el-primer-trimestre\/"},"modified":"2021-03-28T18:58:17","modified_gmt":"2021-03-28T15:58:17","slug":"la-airef-eleva-al-1-6-la-caida-del-pib-en-el-primer-trimestre","status":"publish","type":"post","link":"https:\/\/super-news.info\/es\/la-airef-eleva-al-1-6-la-caida-del-pib-en-el-primer-trimestre\/","title":{"rendered":"La AIReF eleva al 1,6% la ca\u00edda del PIB en el primer trimestre"},"content":{"rendered":"<p>\nMADRID, 28 Mar. (EUROPA PRESS) &#8211;<br \/>\n   La Autoridad Independiente de Responsabilidad Fiscal (AIReF) ha elevado al 1,6% la ca\u00edda de la econom\u00eda espa\u00f1ola en el primer trimestre del a\u00f1o, en tasa intertrimestral, despu\u00e9s de incorporar los \u00faltimos datos de Contabilidad Nacional publicados por el Instituto Nacional de Estad\u00edstica (INE), que estiman un crecimiento nulo en el cuarto trimestre de 2020, frente al alza del 0,4% estimado anteriormente.<br \/>\n   As\u00ed se desprende de la actualizaci\u00f3n del Modelo MIPred de la Autoridad Fiscal, que empeora la \u00faltima previsi\u00f3n del pasado 17 de marzo, cuando situ\u00f3 en el 1,4% la estimaci\u00f3n de ca\u00edda del Producto Interior Bruto (PIB) en el primer trimestre.<br \/>\n   El Modelo MIPred de la Autoridad Fiscal se va modificando de acuerdo con los nuevos indicadores disponibles. Entre los pr\u00f3ximos datos pendientes de su publicaci\u00f3n destacan el consumo de energ\u00eda el\u00e9ctrica corregido de temperatura correspondiente al mes de marzo (5 de abril) o la estad\u00edstica de trabajadores en alta laboral en la Seguridad Social en media mensual de marzo (5 de abril).<br \/>\n   Este modelo incorpora en la estimaci\u00f3n un 37,5% de los datos del primer trimestre de 2021 (75% de los datos de enero, 37,5% de febrero, 0% de marzo). El indicador se seguir\u00e1 actualizando en las pr\u00f3ximas semanas seg\u00fan se vayan publicando nuevos datos.<br \/>\n   Igualmente, el organismo se\u00f1ala que la informaci\u00f3n empleada para realizar las estimaciones est\u00e1 &#8220;plenamente disponible en bases a datos p\u00fablicos y contrastados&#8221;, y explica que los acontecimientos excepcionales que provocan cambios r\u00e1pidos e intensos en la situaci\u00f3n econ\u00f3mica no pueden verse reflejados en las previsiones del modelo hasta que se disponga de los indicadores correspondientes al momento en que se ha producido la circunstancia que ha motivado esa alteraci\u00f3n.<br \/>\n   Esto sucede actualmente, seg\u00fan explica la AIReF, con el potencial impacto del Covid-19 en la evoluci\u00f3n de la econom\u00eda espa\u00f1ola.<br \/>\n<br \/>\n<!--noindex--><br \/>\n<a href=\"https:\/\/www.europapress.es\/economia\/macroeconomia-00338\/noticia-airef-eleva-16-caida-pib-primer-trimestre-20210328134441.html\" rel=\"nofollow\">Source link <\/a><br \/>\n<!--\/noindex--><\/p>\n","protected":false},"excerpt":{"rendered":"<p>MADRID, 28 Mar. (EUROPA PRESS) &#8211; La Autoridad Independiente de Responsabilidad Fiscal (AIReF) ha elevado al 1,6% la ca\u00edda de la econom\u00eda espa\u00f1ola en el primer trimestre del a\u00f1o, en tasa intertrimestral, despu\u00e9s de incorporar los \u00faltimos datos de Contabilidad Nacional publicados por el Instituto Nacional de Estad\u00edstica (INE), que estiman un crecimiento nulo en [&hellip;]<\/p>\n","protected":false},"author":2,"featured_media":14048,"comment_status":"open","ping_status":"open","sticky":false,"template":"","format":"standard","meta":{"footnotes":""},"categories":[1],"tags":[],"class_list":["post-14047","post","type-post","status-publish","format-standard","has-post-thumbnail","hentry","category-noticias-financieras"],"yoast_head":"<!-- This site is optimized with the Yoast SEO plugin v27.4 - https:\/\/yoast.com\/product\/yoast-seo-wordpress\/ -->\n<title>La AIReF eleva al 1,6% la ca\u00edda del PIB en el primer trimestre - Super News<\/title>\n<meta name=\"robots\" content=\"index, follow, max-snippet:-1, max-image-preview:large, max-video-preview:-1\" \/>\n<link rel=\"canonical\" href=\"https:\/\/super-news.info\/es\/la-airef-eleva-al-1-6-la-caida-del-pib-en-el-primer-trimestre\/\" \/>\n<meta property=\"og:locale\" content=\"en_US\" \/>\n<meta property=\"og:type\" content=\"article\" \/>\n<meta property=\"og:title\" content=\"La AIReF eleva al 1,6% la ca\u00edda del PIB en el primer trimestre - Super News\" \/>\n<meta property=\"og:description\" content=\"MADRID, 28 Mar. (EUROPA PRESS) &#8211; La Autoridad Independiente de Responsabilidad Fiscal (AIReF) ha elevado al 1,6% la ca\u00edda de la econom\u00eda espa\u00f1ola en el primer trimestre del a\u00f1o, en tasa intertrimestral, despu\u00e9s de incorporar los \u00faltimos datos de Contabilidad Nacional publicados por el Instituto Nacional de Estad\u00edstica (INE), que estiman un crecimiento nulo en [&hellip;]\" \/>\n<meta property=\"og:url\" content=\"https:\/\/super-news.info\/es\/la-airef-eleva-al-1-6-la-caida-del-pib-en-el-primer-trimestre\/\" \/>\n<meta property=\"og:site_name\" content=\"Super News\" \/>\n<meta property=\"article:published_time\" content=\"2021-03-28T15:58:15+00:00\" \/>\n<meta property=\"article:modified_time\" content=\"2021-03-28T15:58:17+00:00\" \/>\n<meta property=\"og:image\" content=\"https:\/\/super-news.info\/es\/wp-content\/uploads\/sites\/4\/2021\/03\/La-AIReF-eleva-al-16-la-caida-del-PIB-en.jpg\" \/>\n\t<meta property=\"og:image:width\" content=\"120\" \/>\n\t<meta property=\"og:image:height\" content=\"80\" \/>\n\t<meta property=\"og:image:type\" content=\"image\/jpeg\" \/>\n<meta name=\"author\" content=\"super-news\" \/>\n<meta name=\"twitter:card\" content=\"summary_large_image\" \/>\n<meta name=\"twitter:label1\" content=\"Written by\" \/>\n\t<meta name=\"twitter:data1\" content=\"super-news\" \/>\n\t<meta name=\"twitter:label2\" content=\"Est. reading time\" \/>\n\t<meta name=\"twitter:data2\" content=\"2 minutes\" \/>\n<script type=\"application\/ld+json\" class=\"yoast-schema-graph\">{\"@context\":\"https:\\\/\\\/schema.org\",\"@graph\":[{\"@type\":\"Article\",\"@id\":\"https:\\\/\\\/super-news.info\\\/es\\\/la-airef-eleva-al-1-6-la-caida-del-pib-en-el-primer-trimestre\\\/#article\",\"isPartOf\":{\"@id\":\"https:\\\/\\\/super-news.info\\\/es\\\/la-airef-eleva-al-1-6-la-caida-del-pib-en-el-primer-trimestre\\\/\"},\"author\":{\"name\":\"super-news\",\"@id\":\"https:\\\/\\\/super-news.info\\\/es\\\/#\\\/schema\\\/person\\\/2d4068cb2f39cd10008c2fce578a7356\"},\"headline\":\"La AIReF eleva al 1,6% la ca\u00edda del PIB en el primer trimestre\",\"datePublished\":\"2021-03-28T15:58:15+00:00\",\"dateModified\":\"2021-03-28T15:58:17+00:00\",\"mainEntityOfPage\":{\"@id\":\"https:\\\/\\\/super-news.info\\\/es\\\/la-airef-eleva-al-1-6-la-caida-del-pib-en-el-primer-trimestre\\\/\"},\"wordCount\":333,\"commentCount\":0,\"image\":{\"@id\":\"https:\\\/\\\/super-news.info\\\/es\\\/la-airef-eleva-al-1-6-la-caida-del-pib-en-el-primer-trimestre\\\/#primaryimage\"},\"thumbnailUrl\":\"https:\\\/\\\/super-news.info\\\/es\\\/wp-content\\\/uploads\\\/sites\\\/4\\\/2021\\\/03\\\/La-AIReF-eleva-al-16-la-caida-del-PIB-en.jpg\",\"articleSection\":[\"NOTICIAS FINANCIERAS\"],\"inLanguage\":\"en-US\",\"potentialAction\":[{\"@type\":\"CommentAction\",\"name\":\"Comment\",\"target\":[\"https:\\\/\\\/super-news.info\\\/es\\\/la-airef-eleva-al-1-6-la-caida-del-pib-en-el-primer-trimestre\\\/#respond\"]}]},{\"@type\":\"WebPage\",\"@id\":\"https:\\\/\\\/super-news.info\\\/es\\\/la-airef-eleva-al-1-6-la-caida-del-pib-en-el-primer-trimestre\\\/\",\"url\":\"https:\\\/\\\/super-news.info\\\/es\\\/la-airef-eleva-al-1-6-la-caida-del-pib-en-el-primer-trimestre\\\/\",\"name\":\"La AIReF eleva al 1,6% la ca\u00edda del PIB en el primer trimestre - Super News\",\"isPartOf\":{\"@id\":\"https:\\\/\\\/super-news.info\\\/es\\\/#website\"},\"primaryImageOfPage\":{\"@id\":\"https:\\\/\\\/super-news.info\\\/es\\\/la-airef-eleva-al-1-6-la-caida-del-pib-en-el-primer-trimestre\\\/#primaryimage\"},\"image\":{\"@id\":\"https:\\\/\\\/super-news.info\\\/es\\\/la-airef-eleva-al-1-6-la-caida-del-pib-en-el-primer-trimestre\\\/#primaryimage\"},\"thumbnailUrl\":\"https:\\\/\\\/super-news.info\\\/es\\\/wp-content\\\/uploads\\\/sites\\\/4\\\/2021\\\/03\\\/La-AIReF-eleva-al-16-la-caida-del-PIB-en.jpg\",\"datePublished\":\"2021-03-28T15:58:15+00:00\",\"dateModified\":\"2021-03-28T15:58:17+00:00\",\"author\":{\"@id\":\"https:\\\/\\\/super-news.info\\\/es\\\/#\\\/schema\\\/person\\\/2d4068cb2f39cd10008c2fce578a7356\"},\"breadcrumb\":{\"@id\":\"https:\\\/\\\/super-news.info\\\/es\\\/la-airef-eleva-al-1-6-la-caida-del-pib-en-el-primer-trimestre\\\/#breadcrumb\"},\"inLanguage\":\"en-US\",\"potentialAction\":[{\"@type\":\"ReadAction\",\"target\":[\"https:\\\/\\\/super-news.info\\\/es\\\/la-airef-eleva-al-1-6-la-caida-del-pib-en-el-primer-trimestre\\\/\"]}]},{\"@type\":\"ImageObject\",\"inLanguage\":\"en-US\",\"@id\":\"https:\\\/\\\/super-news.info\\\/es\\\/la-airef-eleva-al-1-6-la-caida-del-pib-en-el-primer-trimestre\\\/#primaryimage\",\"url\":\"https:\\\/\\\/super-news.info\\\/es\\\/wp-content\\\/uploads\\\/sites\\\/4\\\/2021\\\/03\\\/La-AIReF-eleva-al-16-la-caida-del-PIB-en.jpg\",\"contentUrl\":\"https:\\\/\\\/super-news.info\\\/es\\\/wp-content\\\/uploads\\\/sites\\\/4\\\/2021\\\/03\\\/La-AIReF-eleva-al-16-la-caida-del-PIB-en.jpg\",\"width\":120,\"height\":80,\"caption\":\"La AIReF eleva al 1,6% la ca\u00edda del PIB en el primer trimestre\"},{\"@type\":\"BreadcrumbList\",\"@id\":\"https:\\\/\\\/super-news.info\\\/es\\\/la-airef-eleva-al-1-6-la-caida-del-pib-en-el-primer-trimestre\\\/#breadcrumb\",\"itemListElement\":[{\"@type\":\"ListItem\",\"position\":1,\"name\":\"\u0413\u043b\u0430\u0432\u043d\u0430\u044f \u0441\u0442\u0440\u0430\u043d\u0438\u0446\u0430\",\"item\":\"https:\\\/\\\/super-news.info\\\/es\\\/\"},{\"@type\":\"ListItem\",\"position\":2,\"name\":\"La AIReF eleva al 1,6% la ca\u00edda del PIB en el primer trimestre\"}]},{\"@type\":\"WebSite\",\"@id\":\"https:\\\/\\\/super-news.info\\\/es\\\/#website\",\"url\":\"https:\\\/\\\/super-news.info\\\/es\\\/\",\"name\":\"Super News\",\"description\":\"Super News Espa\u00f1a\",\"potentialAction\":[{\"@type\":\"SearchAction\",\"target\":{\"@type\":\"EntryPoint\",\"urlTemplate\":\"https:\\\/\\\/super-news.info\\\/es\\\/?s={search_term_string}\"},\"query-input\":{\"@type\":\"PropertyValueSpecification\",\"valueRequired\":true,\"valueName\":\"search_term_string\"}}],\"inLanguage\":\"en-US\"},{\"@type\":\"Person\",\"@id\":\"https:\\\/\\\/super-news.info\\\/es\\\/#\\\/schema\\\/person\\\/2d4068cb2f39cd10008c2fce578a7356\",\"name\":\"super-news\",\"image\":{\"@type\":\"ImageObject\",\"inLanguage\":\"en-US\",\"@id\":\"https:\\\/\\\/secure.gravatar.com\\\/avatar\\\/64ebac40b93f26a154f8a9b5b6fdccfc46f442b26b3dd6756dbff3bf9dc76fd7?s=96&d=mm&r=g\",\"url\":\"https:\\\/\\\/secure.gravatar.com\\\/avatar\\\/64ebac40b93f26a154f8a9b5b6fdccfc46f442b26b3dd6756dbff3bf9dc76fd7?s=96&d=mm&r=g\",\"contentUrl\":\"https:\\\/\\\/secure.gravatar.com\\\/avatar\\\/64ebac40b93f26a154f8a9b5b6fdccfc46f442b26b3dd6756dbff3bf9dc76fd7?s=96&d=mm&r=g\",\"caption\":\"super-news\"},\"url\":\"https:\\\/\\\/super-news.info\\\/es\\\/author\\\/pt\\\/\"}]}<\/script>\n<!-- \/ Yoast SEO plugin. -->","yoast_head_json":{"title":"La AIReF eleva al 1,6% la ca\u00edda del PIB en el primer trimestre - Super News","robots":{"index":"index","follow":"follow","max-snippet":"max-snippet:-1","max-image-preview":"max-image-preview:large","max-video-preview":"max-video-preview:-1"},"canonical":"https:\/\/super-news.info\/es\/la-airef-eleva-al-1-6-la-caida-del-pib-en-el-primer-trimestre\/","og_locale":"en_US","og_type":"article","og_title":"La AIReF eleva al 1,6% la ca\u00edda del PIB en el primer trimestre - Super News","og_description":"MADRID, 28 Mar. (EUROPA PRESS) &#8211; La Autoridad Independiente de Responsabilidad Fiscal (AIReF) ha elevado al 1,6% la ca\u00edda de la econom\u00eda espa\u00f1ola en el primer trimestre del a\u00f1o, en tasa intertrimestral, despu\u00e9s de incorporar los \u00faltimos datos de Contabilidad Nacional publicados por el Instituto Nacional de Estad\u00edstica (INE), que estiman un crecimiento nulo en [&hellip;]","og_url":"https:\/\/super-news.info\/es\/la-airef-eleva-al-1-6-la-caida-del-pib-en-el-primer-trimestre\/","og_site_name":"Super News","article_published_time":"2021-03-28T15:58:15+00:00","article_modified_time":"2021-03-28T15:58:17+00:00","og_image":[{"width":120,"height":80,"url":"https:\/\/super-news.info\/es\/wp-content\/uploads\/sites\/4\/2021\/03\/La-AIReF-eleva-al-16-la-caida-del-PIB-en.jpg","type":"image\/jpeg"}],"author":"super-news","twitter_card":"summary_large_image","twitter_misc":{"Written by":"super-news","Est. reading time":"2 minutes"},"schema":{"@context":"https:\/\/schema.org","@graph":[{"@type":"Article","@id":"https:\/\/super-news.info\/es\/la-airef-eleva-al-1-6-la-caida-del-pib-en-el-primer-trimestre\/#article","isPartOf":{"@id":"https:\/\/super-news.info\/es\/la-airef-eleva-al-1-6-la-caida-del-pib-en-el-primer-trimestre\/"},"author":{"name":"super-news","@id":"https:\/\/super-news.info\/es\/#\/schema\/person\/2d4068cb2f39cd10008c2fce578a7356"},"headline":"La AIReF eleva al 1,6% la ca\u00edda del PIB en el primer trimestre","datePublished":"2021-03-28T15:58:15+00:00","dateModified":"2021-03-28T15:58:17+00:00","mainEntityOfPage":{"@id":"https:\/\/super-news.info\/es\/la-airef-eleva-al-1-6-la-caida-del-pib-en-el-primer-trimestre\/"},"wordCount":333,"commentCount":0,"image":{"@id":"https:\/\/super-news.info\/es\/la-airef-eleva-al-1-6-la-caida-del-pib-en-el-primer-trimestre\/#primaryimage"},"thumbnailUrl":"https:\/\/super-news.info\/es\/wp-content\/uploads\/sites\/4\/2021\/03\/La-AIReF-eleva-al-16-la-caida-del-PIB-en.jpg","articleSection":["NOTICIAS FINANCIERAS"],"inLanguage":"en-US","potentialAction":[{"@type":"CommentAction","name":"Comment","target":["https:\/\/super-news.info\/es\/la-airef-eleva-al-1-6-la-caida-del-pib-en-el-primer-trimestre\/#respond"]}]},{"@type":"WebPage","@id":"https:\/\/super-news.info\/es\/la-airef-eleva-al-1-6-la-caida-del-pib-en-el-primer-trimestre\/","url":"https:\/\/super-news.info\/es\/la-airef-eleva-al-1-6-la-caida-del-pib-en-el-primer-trimestre\/","name":"La AIReF eleva al 1,6% la ca\u00edda del PIB en el primer trimestre - Super News","isPartOf":{"@id":"https:\/\/super-news.info\/es\/#website"},"primaryImageOfPage":{"@id":"https:\/\/super-news.info\/es\/la-airef-eleva-al-1-6-la-caida-del-pib-en-el-primer-trimestre\/#primaryimage"},"image":{"@id":"https:\/\/super-news.info\/es\/la-airef-eleva-al-1-6-la-caida-del-pib-en-el-primer-trimestre\/#primaryimage"},"thumbnailUrl":"https:\/\/super-news.info\/es\/wp-content\/uploads\/sites\/4\/2021\/03\/La-AIReF-eleva-al-16-la-caida-del-PIB-en.jpg","datePublished":"2021-03-28T15:58:15+00:00","dateModified":"2021-03-28T15:58:17+00:00","author":{"@id":"https:\/\/super-news.info\/es\/#\/schema\/person\/2d4068cb2f39cd10008c2fce578a7356"},"breadcrumb":{"@id":"https:\/\/super-news.info\/es\/la-airef-eleva-al-1-6-la-caida-del-pib-en-el-primer-trimestre\/#breadcrumb"},"inLanguage":"en-US","potentialAction":[{"@type":"ReadAction","target":["https:\/\/super-news.info\/es\/la-airef-eleva-al-1-6-la-caida-del-pib-en-el-primer-trimestre\/"]}]},{"@type":"ImageObject","inLanguage":"en-US","@id":"https:\/\/super-news.info\/es\/la-airef-eleva-al-1-6-la-caida-del-pib-en-el-primer-trimestre\/#primaryimage","url":"https:\/\/super-news.info\/es\/wp-content\/uploads\/sites\/4\/2021\/03\/La-AIReF-eleva-al-16-la-caida-del-PIB-en.jpg","contentUrl":"https:\/\/super-news.info\/es\/wp-content\/uploads\/sites\/4\/2021\/03\/La-AIReF-eleva-al-16-la-caida-del-PIB-en.jpg","width":120,"height":80,"caption":"La AIReF eleva al 1,6% la ca\u00edda del PIB en el primer trimestre"},{"@type":"BreadcrumbList","@id":"https:\/\/super-news.info\/es\/la-airef-eleva-al-1-6-la-caida-del-pib-en-el-primer-trimestre\/#breadcrumb","itemListElement":[{"@type":"ListItem","position":1,"name":"\u0413\u043b\u0430\u0432\u043d\u0430\u044f \u0441\u0442\u0440\u0430\u043d\u0438\u0446\u0430","item":"https:\/\/super-news.info\/es\/"},{"@type":"ListItem","position":2,"name":"La AIReF eleva al 1,6% la ca\u00edda del PIB en el primer trimestre"}]},{"@type":"WebSite","@id":"https:\/\/super-news.info\/es\/#website","url":"https:\/\/super-news.info\/es\/","name":"Super News","description":"Super News Espa\u00f1a","potentialAction":[{"@type":"SearchAction","target":{"@type":"EntryPoint","urlTemplate":"https:\/\/super-news.info\/es\/?s={search_term_string}"},"query-input":{"@type":"PropertyValueSpecification","valueRequired":true,"valueName":"search_term_string"}}],"inLanguage":"en-US"},{"@type":"Person","@id":"https:\/\/super-news.info\/es\/#\/schema\/person\/2d4068cb2f39cd10008c2fce578a7356","name":"super-news","image":{"@type":"ImageObject","inLanguage":"en-US","@id":"https:\/\/secure.gravatar.com\/avatar\/64ebac40b93f26a154f8a9b5b6fdccfc46f442b26b3dd6756dbff3bf9dc76fd7?s=96&d=mm&r=g","url":"https:\/\/secure.gravatar.com\/avatar\/64ebac40b93f26a154f8a9b5b6fdccfc46f442b26b3dd6756dbff3bf9dc76fd7?s=96&d=mm&r=g","contentUrl":"https:\/\/secure.gravatar.com\/avatar\/64ebac40b93f26a154f8a9b5b6fdccfc46f442b26b3dd6756dbff3bf9dc76fd7?s=96&d=mm&r=g","caption":"super-news"},"url":"https:\/\/super-news.info\/es\/author\/pt\/"}]}},"_links":{"self":[{"href":"https:\/\/super-news.info\/es\/wp-json\/wp\/v2\/posts\/14047","targetHints":{"allow":["GET"]}}],"collection":[{"href":"https:\/\/super-news.info\/es\/wp-json\/wp\/v2\/posts"}],"about":[{"href":"https:\/\/super-news.info\/es\/wp-json\/wp\/v2\/types\/post"}],"author":[{"embeddable":true,"href":"https:\/\/super-news.info\/es\/wp-json\/wp\/v2\/users\/2"}],"replies":[{"embeddable":true,"href":"https:\/\/super-news.info\/es\/wp-json\/wp\/v2\/comments?post=14047"}],"version-history":[{"count":1,"href":"https:\/\/super-news.info\/es\/wp-json\/wp\/v2\/posts\/14047\/revisions"}],"predecessor-version":[{"id":14049,"href":"https:\/\/super-news.info\/es\/wp-json\/wp\/v2\/posts\/14047\/revisions\/14049"}],"wp:featuredmedia":[{"embeddable":true,"href":"https:\/\/super-news.info\/es\/wp-json\/wp\/v2\/media\/14048"}],"wp:attachment":[{"href":"https:\/\/super-news.info\/es\/wp-json\/wp\/v2\/media?parent=14047"}],"wp:term":[{"taxonomy":"category","embeddable":true,"href":"https:\/\/super-news.info\/es\/wp-json\/wp\/v2\/categories?post=14047"},{"taxonomy":"post_tag","embeddable":true,"href":"https:\/\/super-news.info\/es\/wp-json\/wp\/v2\/tags?post=14047"}],"curies":[{"name":"wp","href":"https:\/\/api.w.org\/{rel}","templated":true}]}}