{"id":14035,"date":"2021-03-27T18:55:03","date_gmt":"2021-03-27T15:55:03","guid":{"rendered":"https:\/\/super-news.info\/es\/el-logo-de-caixabank-ya-luce-en-la-torre-kio-que-albergaba-la-sede-central-de-bankia-en-madrid\/"},"modified":"2021-03-27T18:55:05","modified_gmt":"2021-03-27T15:55:05","slug":"el-logo-de-caixabank-ya-luce-en-la-torre-kio-que-albergaba-la-sede-central-de-bankia-en-madrid","status":"publish","type":"post","link":"https:\/\/super-news.info\/es\/el-logo-de-caixabank-ya-luce-en-la-torre-kio-que-albergaba-la-sede-central-de-bankia-en-madrid\/","title":{"rendered":"El logo de CaixaBank ya luce en la Torre Kio que albergaba la sede central de Bankia en Madrid"},"content":{"rendered":"<p>\nMADRID, 27 Mar. (EUROPA PRESS) &#8211;<br \/>\n   El logo de CaixaBank corona desde este s\u00e1bado la torre Kio que albergaba la sede de Bankia y a lo largo del fin de semana se ir\u00e1n sustituyendo los logos de los edificios m\u00e1s emblem\u00e1ticos de la entidad disuelta, en tanto que en los pr\u00f3ximos quince d\u00edas se comenzar\u00e1 a cambiar la marca en las oficinas.<br \/>\n   Se prev\u00e9 que este \u00faltimo proceso se finalice en junio o julio, seg\u00fan avanz\u00f3 ayer el presidente de la nueva CaixaBank, Jos\u00e9 Ignacio Goirigolzarri, en una rueda de prensa celebraba tras la efectividad de la fusi\u00f3n jur\u00eddica.<br \/>\n   &#8220;Hoy desaparece Bankia, es absolutamente cierto, se termina una etapa de nueve a\u00f1os en los que hemos trabajado much\u00edsimo, ha habido una transformaci\u00f3n extraordinaria&#8221;, destac\u00f3.<br \/>\n   Las torres Kio, construidas entre 1990 y 1996, ya albergaban la sede de Caja Madrid, al ser una de ellas adquirida por la entidad, y pasaron a ser la de Bankia a partir de 2010.<br \/>\n   La fusi\u00f3n entre Bankia y CaixaBank se oficializ\u00f3 este viernes con la inscripci\u00f3n de la nueva entidad en el Registro Mercantil, tal y como estaba previsto desde septiembre.<br \/>\n   No obstante, la nueva CaixaBank ha asegurado que la operativa de los clientes no cambiar\u00e1 pr\u00e1cticamente, hasta la migraci\u00f3n de la plataforma operativa de cada entidad, en un proceso que tiene previsto ejecutarse antes de que finalice el a\u00f1o.<\/p>\n<p>556256.1.260.149.20210327141356 <\/p>\n<p>\n<!--noindex--><br \/>\n<a href=\"https:\/\/www.europapress.es\/economia\/finanzas-00340\/noticia-logo-caixabank-ya-luce-torre-kio-albergaba-sede-central-bankia-madrid-20210327141356.html\" rel=\"nofollow\">Source link <\/a><br \/>\n<!--\/noindex--><\/p>\n","protected":false},"excerpt":{"rendered":"<p>MADRID, 27 Mar. (EUROPA PRESS) &#8211; El logo de CaixaBank corona desde este s\u00e1bado la torre Kio que albergaba la sede de Bankia y a lo largo del fin de semana se ir\u00e1n sustituyendo los logos de los edificios m\u00e1s emblem\u00e1ticos de la entidad disuelta, en tanto que en los pr\u00f3ximos quince d\u00edas se comenzar\u00e1 [&hellip;]<\/p>\n","protected":false},"author":2,"featured_media":14036,"comment_status":"open","ping_status":"open","sticky":false,"template":"","format":"standard","meta":{"footnotes":""},"categories":[1],"tags":[],"class_list":["post-14035","post","type-post","status-publish","format-standard","has-post-thumbnail","hentry","category-noticias-financieras"],"yoast_head":"<!-- This site is optimized with the Yoast SEO plugin v27.4 - https:\/\/yoast.com\/product\/yoast-seo-wordpress\/ -->\n<title>El logo de CaixaBank ya luce en la Torre Kio que albergaba la sede central de Bankia en Madrid - Super News<\/title>\n<meta name=\"robots\" content=\"index, follow, max-snippet:-1, max-image-preview:large, max-video-preview:-1\" \/>\n<link rel=\"canonical\" href=\"https:\/\/super-news.info\/es\/el-logo-de-caixabank-ya-luce-en-la-torre-kio-que-albergaba-la-sede-central-de-bankia-en-madrid\/\" \/>\n<meta property=\"og:locale\" content=\"en_US\" \/>\n<meta property=\"og:type\" content=\"article\" \/>\n<meta property=\"og:title\" content=\"El logo de CaixaBank ya luce en la Torre Kio que albergaba la sede central de Bankia en Madrid - Super News\" \/>\n<meta property=\"og:description\" content=\"MADRID, 27 Mar. (EUROPA PRESS) &#8211; El logo de CaixaBank corona desde este s\u00e1bado la torre Kio que albergaba la sede de Bankia y a lo largo del fin de semana se ir\u00e1n sustituyendo los logos de los edificios m\u00e1s emblem\u00e1ticos de la entidad disuelta, en tanto que en los pr\u00f3ximos quince d\u00edas se comenzar\u00e1 [&hellip;]\" \/>\n<meta property=\"og:url\" content=\"https:\/\/super-news.info\/es\/el-logo-de-caixabank-ya-luce-en-la-torre-kio-que-albergaba-la-sede-central-de-bankia-en-madrid\/\" \/>\n<meta property=\"og:site_name\" content=\"Super News\" \/>\n<meta property=\"article:published_time\" content=\"2021-03-27T15:55:03+00:00\" \/>\n<meta property=\"article:modified_time\" content=\"2021-03-27T15:55:05+00:00\" \/>\n<meta property=\"og:image\" content=\"https:\/\/super-news.info\/es\/wp-content\/uploads\/sites\/4\/2021\/03\/El-logo-de-CaixaBank-ya-luce-en-la-Torre-Kio.jpg\" \/>\n\t<meta property=\"og:image:width\" content=\"120\" \/>\n\t<meta property=\"og:image:height\" content=\"65\" \/>\n\t<meta property=\"og:image:type\" content=\"image\/jpeg\" \/>\n<meta name=\"author\" content=\"super-news\" \/>\n<meta name=\"twitter:card\" content=\"summary_large_image\" \/>\n<meta name=\"twitter:label1\" content=\"Written by\" \/>\n\t<meta name=\"twitter:data1\" content=\"super-news\" \/>\n\t<meta name=\"twitter:label2\" content=\"Est. reading time\" \/>\n\t<meta name=\"twitter:data2\" content=\"1 minute\" \/>\n<script type=\"application\/ld+json\" class=\"yoast-schema-graph\">{\"@context\":\"https:\\\/\\\/schema.org\",\"@graph\":[{\"@type\":\"Article\",\"@id\":\"https:\\\/\\\/super-news.info\\\/es\\\/el-logo-de-caixabank-ya-luce-en-la-torre-kio-que-albergaba-la-sede-central-de-bankia-en-madrid\\\/#article\",\"isPartOf\":{\"@id\":\"https:\\\/\\\/super-news.info\\\/es\\\/el-logo-de-caixabank-ya-luce-en-la-torre-kio-que-albergaba-la-sede-central-de-bankia-en-madrid\\\/\"},\"author\":{\"name\":\"super-news\",\"@id\":\"https:\\\/\\\/super-news.info\\\/es\\\/#\\\/schema\\\/person\\\/2d4068cb2f39cd10008c2fce578a7356\"},\"headline\":\"El logo de CaixaBank ya luce en la Torre Kio que albergaba la sede central de Bankia en Madrid\",\"datePublished\":\"2021-03-27T15:55:03+00:00\",\"dateModified\":\"2021-03-27T15:55:05+00:00\",\"mainEntityOfPage\":{\"@id\":\"https:\\\/\\\/super-news.info\\\/es\\\/el-logo-de-caixabank-ya-luce-en-la-torre-kio-que-albergaba-la-sede-central-de-bankia-en-madrid\\\/\"},\"wordCount\":260,\"commentCount\":0,\"image\":{\"@id\":\"https:\\\/\\\/super-news.info\\\/es\\\/el-logo-de-caixabank-ya-luce-en-la-torre-kio-que-albergaba-la-sede-central-de-bankia-en-madrid\\\/#primaryimage\"},\"thumbnailUrl\":\"https:\\\/\\\/super-news.info\\\/es\\\/wp-content\\\/uploads\\\/sites\\\/4\\\/2021\\\/03\\\/El-logo-de-CaixaBank-ya-luce-en-la-Torre-Kio.jpg\",\"articleSection\":[\"NOTICIAS FINANCIERAS\"],\"inLanguage\":\"en-US\",\"potentialAction\":[{\"@type\":\"CommentAction\",\"name\":\"Comment\",\"target\":[\"https:\\\/\\\/super-news.info\\\/es\\\/el-logo-de-caixabank-ya-luce-en-la-torre-kio-que-albergaba-la-sede-central-de-bankia-en-madrid\\\/#respond\"]}]},{\"@type\":\"WebPage\",\"@id\":\"https:\\\/\\\/super-news.info\\\/es\\\/el-logo-de-caixabank-ya-luce-en-la-torre-kio-que-albergaba-la-sede-central-de-bankia-en-madrid\\\/\",\"url\":\"https:\\\/\\\/super-news.info\\\/es\\\/el-logo-de-caixabank-ya-luce-en-la-torre-kio-que-albergaba-la-sede-central-de-bankia-en-madrid\\\/\",\"name\":\"El logo de CaixaBank ya luce en la Torre Kio que albergaba la sede central de Bankia en Madrid - Super News\",\"isPartOf\":{\"@id\":\"https:\\\/\\\/super-news.info\\\/es\\\/#website\"},\"primaryImageOfPage\":{\"@id\":\"https:\\\/\\\/super-news.info\\\/es\\\/el-logo-de-caixabank-ya-luce-en-la-torre-kio-que-albergaba-la-sede-central-de-bankia-en-madrid\\\/#primaryimage\"},\"image\":{\"@id\":\"https:\\\/\\\/super-news.info\\\/es\\\/el-logo-de-caixabank-ya-luce-en-la-torre-kio-que-albergaba-la-sede-central-de-bankia-en-madrid\\\/#primaryimage\"},\"thumbnailUrl\":\"https:\\\/\\\/super-news.info\\\/es\\\/wp-content\\\/uploads\\\/sites\\\/4\\\/2021\\\/03\\\/El-logo-de-CaixaBank-ya-luce-en-la-Torre-Kio.jpg\",\"datePublished\":\"2021-03-27T15:55:03+00:00\",\"dateModified\":\"2021-03-27T15:55:05+00:00\",\"author\":{\"@id\":\"https:\\\/\\\/super-news.info\\\/es\\\/#\\\/schema\\\/person\\\/2d4068cb2f39cd10008c2fce578a7356\"},\"breadcrumb\":{\"@id\":\"https:\\\/\\\/super-news.info\\\/es\\\/el-logo-de-caixabank-ya-luce-en-la-torre-kio-que-albergaba-la-sede-central-de-bankia-en-madrid\\\/#breadcrumb\"},\"inLanguage\":\"en-US\",\"potentialAction\":[{\"@type\":\"ReadAction\",\"target\":[\"https:\\\/\\\/super-news.info\\\/es\\\/el-logo-de-caixabank-ya-luce-en-la-torre-kio-que-albergaba-la-sede-central-de-bankia-en-madrid\\\/\"]}]},{\"@type\":\"ImageObject\",\"inLanguage\":\"en-US\",\"@id\":\"https:\\\/\\\/super-news.info\\\/es\\\/el-logo-de-caixabank-ya-luce-en-la-torre-kio-que-albergaba-la-sede-central-de-bankia-en-madrid\\\/#primaryimage\",\"url\":\"https:\\\/\\\/super-news.info\\\/es\\\/wp-content\\\/uploads\\\/sites\\\/4\\\/2021\\\/03\\\/El-logo-de-CaixaBank-ya-luce-en-la-Torre-Kio.jpg\",\"contentUrl\":\"https:\\\/\\\/super-news.info\\\/es\\\/wp-content\\\/uploads\\\/sites\\\/4\\\/2021\\\/03\\\/El-logo-de-CaixaBank-ya-luce-en-la-Torre-Kio.jpg\",\"width\":120,\"height\":65,\"caption\":\"El logo de CaixaBank ya luce en la Torre Kio que albergaba la sede central de Bankia en Madrid\"},{\"@type\":\"BreadcrumbList\",\"@id\":\"https:\\\/\\\/super-news.info\\\/es\\\/el-logo-de-caixabank-ya-luce-en-la-torre-kio-que-albergaba-la-sede-central-de-bankia-en-madrid\\\/#breadcrumb\",\"itemListElement\":[{\"@type\":\"ListItem\",\"position\":1,\"name\":\"\u0413\u043b\u0430\u0432\u043d\u0430\u044f \u0441\u0442\u0440\u0430\u043d\u0438\u0446\u0430\",\"item\":\"https:\\\/\\\/super-news.info\\\/es\\\/\"},{\"@type\":\"ListItem\",\"position\":2,\"name\":\"El logo de CaixaBank ya luce en la Torre Kio que albergaba la sede central de Bankia en Madrid\"}]},{\"@type\":\"WebSite\",\"@id\":\"https:\\\/\\\/super-news.info\\\/es\\\/#website\",\"url\":\"https:\\\/\\\/super-news.info\\\/es\\\/\",\"name\":\"Super News\",\"description\":\"Super News Espa\u00f1a\",\"potentialAction\":[{\"@type\":\"SearchAction\",\"target\":{\"@type\":\"EntryPoint\",\"urlTemplate\":\"https:\\\/\\\/super-news.info\\\/es\\\/?s={search_term_string}\"},\"query-input\":{\"@type\":\"PropertyValueSpecification\",\"valueRequired\":true,\"valueName\":\"search_term_string\"}}],\"inLanguage\":\"en-US\"},{\"@type\":\"Person\",\"@id\":\"https:\\\/\\\/super-news.info\\\/es\\\/#\\\/schema\\\/person\\\/2d4068cb2f39cd10008c2fce578a7356\",\"name\":\"super-news\",\"image\":{\"@type\":\"ImageObject\",\"inLanguage\":\"en-US\",\"@id\":\"https:\\\/\\\/secure.gravatar.com\\\/avatar\\\/64ebac40b93f26a154f8a9b5b6fdccfc46f442b26b3dd6756dbff3bf9dc76fd7?s=96&d=mm&r=g\",\"url\":\"https:\\\/\\\/secure.gravatar.com\\\/avatar\\\/64ebac40b93f26a154f8a9b5b6fdccfc46f442b26b3dd6756dbff3bf9dc76fd7?s=96&d=mm&r=g\",\"contentUrl\":\"https:\\\/\\\/secure.gravatar.com\\\/avatar\\\/64ebac40b93f26a154f8a9b5b6fdccfc46f442b26b3dd6756dbff3bf9dc76fd7?s=96&d=mm&r=g\",\"caption\":\"super-news\"},\"url\":\"https:\\\/\\\/super-news.info\\\/es\\\/author\\\/pt\\\/\"}]}<\/script>\n<!-- \/ Yoast SEO plugin. -->","yoast_head_json":{"title":"El logo de CaixaBank ya luce en la Torre Kio que albergaba la sede central de Bankia en Madrid - Super News","robots":{"index":"index","follow":"follow","max-snippet":"max-snippet:-1","max-image-preview":"max-image-preview:large","max-video-preview":"max-video-preview:-1"},"canonical":"https:\/\/super-news.info\/es\/el-logo-de-caixabank-ya-luce-en-la-torre-kio-que-albergaba-la-sede-central-de-bankia-en-madrid\/","og_locale":"en_US","og_type":"article","og_title":"El logo de CaixaBank ya luce en la Torre Kio que albergaba la sede central de Bankia en Madrid - Super News","og_description":"MADRID, 27 Mar. (EUROPA PRESS) &#8211; El logo de CaixaBank corona desde este s\u00e1bado la torre Kio que albergaba la sede de Bankia y a lo largo del fin de semana se ir\u00e1n sustituyendo los logos de los edificios m\u00e1s emblem\u00e1ticos de la entidad disuelta, en tanto que en los pr\u00f3ximos quince d\u00edas se comenzar\u00e1 [&hellip;]","og_url":"https:\/\/super-news.info\/es\/el-logo-de-caixabank-ya-luce-en-la-torre-kio-que-albergaba-la-sede-central-de-bankia-en-madrid\/","og_site_name":"Super News","article_published_time":"2021-03-27T15:55:03+00:00","article_modified_time":"2021-03-27T15:55:05+00:00","og_image":[{"width":120,"height":65,"url":"https:\/\/super-news.info\/es\/wp-content\/uploads\/sites\/4\/2021\/03\/El-logo-de-CaixaBank-ya-luce-en-la-Torre-Kio.jpg","type":"image\/jpeg"}],"author":"super-news","twitter_card":"summary_large_image","twitter_misc":{"Written by":"super-news","Est. reading time":"1 minute"},"schema":{"@context":"https:\/\/schema.org","@graph":[{"@type":"Article","@id":"https:\/\/super-news.info\/es\/el-logo-de-caixabank-ya-luce-en-la-torre-kio-que-albergaba-la-sede-central-de-bankia-en-madrid\/#article","isPartOf":{"@id":"https:\/\/super-news.info\/es\/el-logo-de-caixabank-ya-luce-en-la-torre-kio-que-albergaba-la-sede-central-de-bankia-en-madrid\/"},"author":{"name":"super-news","@id":"https:\/\/super-news.info\/es\/#\/schema\/person\/2d4068cb2f39cd10008c2fce578a7356"},"headline":"El logo de CaixaBank ya luce en la Torre Kio que albergaba la sede central de Bankia en Madrid","datePublished":"2021-03-27T15:55:03+00:00","dateModified":"2021-03-27T15:55:05+00:00","mainEntityOfPage":{"@id":"https:\/\/super-news.info\/es\/el-logo-de-caixabank-ya-luce-en-la-torre-kio-que-albergaba-la-sede-central-de-bankia-en-madrid\/"},"wordCount":260,"commentCount":0,"image":{"@id":"https:\/\/super-news.info\/es\/el-logo-de-caixabank-ya-luce-en-la-torre-kio-que-albergaba-la-sede-central-de-bankia-en-madrid\/#primaryimage"},"thumbnailUrl":"https:\/\/super-news.info\/es\/wp-content\/uploads\/sites\/4\/2021\/03\/El-logo-de-CaixaBank-ya-luce-en-la-Torre-Kio.jpg","articleSection":["NOTICIAS FINANCIERAS"],"inLanguage":"en-US","potentialAction":[{"@type":"CommentAction","name":"Comment","target":["https:\/\/super-news.info\/es\/el-logo-de-caixabank-ya-luce-en-la-torre-kio-que-albergaba-la-sede-central-de-bankia-en-madrid\/#respond"]}]},{"@type":"WebPage","@id":"https:\/\/super-news.info\/es\/el-logo-de-caixabank-ya-luce-en-la-torre-kio-que-albergaba-la-sede-central-de-bankia-en-madrid\/","url":"https:\/\/super-news.info\/es\/el-logo-de-caixabank-ya-luce-en-la-torre-kio-que-albergaba-la-sede-central-de-bankia-en-madrid\/","name":"El logo de CaixaBank ya luce en la Torre Kio que albergaba la sede central de Bankia en Madrid - Super News","isPartOf":{"@id":"https:\/\/super-news.info\/es\/#website"},"primaryImageOfPage":{"@id":"https:\/\/super-news.info\/es\/el-logo-de-caixabank-ya-luce-en-la-torre-kio-que-albergaba-la-sede-central-de-bankia-en-madrid\/#primaryimage"},"image":{"@id":"https:\/\/super-news.info\/es\/el-logo-de-caixabank-ya-luce-en-la-torre-kio-que-albergaba-la-sede-central-de-bankia-en-madrid\/#primaryimage"},"thumbnailUrl":"https:\/\/super-news.info\/es\/wp-content\/uploads\/sites\/4\/2021\/03\/El-logo-de-CaixaBank-ya-luce-en-la-Torre-Kio.jpg","datePublished":"2021-03-27T15:55:03+00:00","dateModified":"2021-03-27T15:55:05+00:00","author":{"@id":"https:\/\/super-news.info\/es\/#\/schema\/person\/2d4068cb2f39cd10008c2fce578a7356"},"breadcrumb":{"@id":"https:\/\/super-news.info\/es\/el-logo-de-caixabank-ya-luce-en-la-torre-kio-que-albergaba-la-sede-central-de-bankia-en-madrid\/#breadcrumb"},"inLanguage":"en-US","potentialAction":[{"@type":"ReadAction","target":["https:\/\/super-news.info\/es\/el-logo-de-caixabank-ya-luce-en-la-torre-kio-que-albergaba-la-sede-central-de-bankia-en-madrid\/"]}]},{"@type":"ImageObject","inLanguage":"en-US","@id":"https:\/\/super-news.info\/es\/el-logo-de-caixabank-ya-luce-en-la-torre-kio-que-albergaba-la-sede-central-de-bankia-en-madrid\/#primaryimage","url":"https:\/\/super-news.info\/es\/wp-content\/uploads\/sites\/4\/2021\/03\/El-logo-de-CaixaBank-ya-luce-en-la-Torre-Kio.jpg","contentUrl":"https:\/\/super-news.info\/es\/wp-content\/uploads\/sites\/4\/2021\/03\/El-logo-de-CaixaBank-ya-luce-en-la-Torre-Kio.jpg","width":120,"height":65,"caption":"El logo de CaixaBank ya luce en la Torre Kio que albergaba la sede central de Bankia en Madrid"},{"@type":"BreadcrumbList","@id":"https:\/\/super-news.info\/es\/el-logo-de-caixabank-ya-luce-en-la-torre-kio-que-albergaba-la-sede-central-de-bankia-en-madrid\/#breadcrumb","itemListElement":[{"@type":"ListItem","position":1,"name":"\u0413\u043b\u0430\u0432\u043d\u0430\u044f \u0441\u0442\u0440\u0430\u043d\u0438\u0446\u0430","item":"https:\/\/super-news.info\/es\/"},{"@type":"ListItem","position":2,"name":"El logo de CaixaBank ya luce en la Torre Kio que albergaba la sede central de Bankia en Madrid"}]},{"@type":"WebSite","@id":"https:\/\/super-news.info\/es\/#website","url":"https:\/\/super-news.info\/es\/","name":"Super News","description":"Super News Espa\u00f1a","potentialAction":[{"@type":"SearchAction","target":{"@type":"EntryPoint","urlTemplate":"https:\/\/super-news.info\/es\/?s={search_term_string}"},"query-input":{"@type":"PropertyValueSpecification","valueRequired":true,"valueName":"search_term_string"}}],"inLanguage":"en-US"},{"@type":"Person","@id":"https:\/\/super-news.info\/es\/#\/schema\/person\/2d4068cb2f39cd10008c2fce578a7356","name":"super-news","image":{"@type":"ImageObject","inLanguage":"en-US","@id":"https:\/\/secure.gravatar.com\/avatar\/64ebac40b93f26a154f8a9b5b6fdccfc46f442b26b3dd6756dbff3bf9dc76fd7?s=96&d=mm&r=g","url":"https:\/\/secure.gravatar.com\/avatar\/64ebac40b93f26a154f8a9b5b6fdccfc46f442b26b3dd6756dbff3bf9dc76fd7?s=96&d=mm&r=g","contentUrl":"https:\/\/secure.gravatar.com\/avatar\/64ebac40b93f26a154f8a9b5b6fdccfc46f442b26b3dd6756dbff3bf9dc76fd7?s=96&d=mm&r=g","caption":"super-news"},"url":"https:\/\/super-news.info\/es\/author\/pt\/"}]}},"_links":{"self":[{"href":"https:\/\/super-news.info\/es\/wp-json\/wp\/v2\/posts\/14035","targetHints":{"allow":["GET"]}}],"collection":[{"href":"https:\/\/super-news.info\/es\/wp-json\/wp\/v2\/posts"}],"about":[{"href":"https:\/\/super-news.info\/es\/wp-json\/wp\/v2\/types\/post"}],"author":[{"embeddable":true,"href":"https:\/\/super-news.info\/es\/wp-json\/wp\/v2\/users\/2"}],"replies":[{"embeddable":true,"href":"https:\/\/super-news.info\/es\/wp-json\/wp\/v2\/comments?post=14035"}],"version-history":[{"count":1,"href":"https:\/\/super-news.info\/es\/wp-json\/wp\/v2\/posts\/14035\/revisions"}],"predecessor-version":[{"id":14037,"href":"https:\/\/super-news.info\/es\/wp-json\/wp\/v2\/posts\/14035\/revisions\/14037"}],"wp:featuredmedia":[{"embeddable":true,"href":"https:\/\/super-news.info\/es\/wp-json\/wp\/v2\/media\/14036"}],"wp:attachment":[{"href":"https:\/\/super-news.info\/es\/wp-json\/wp\/v2\/media?parent=14035"}],"wp:term":[{"taxonomy":"category","embeddable":true,"href":"https:\/\/super-news.info\/es\/wp-json\/wp\/v2\/categories?post=14035"},{"taxonomy":"post_tag","embeddable":true,"href":"https:\/\/super-news.info\/es\/wp-json\/wp\/v2\/tags?post=14035"}],"curies":[{"name":"wp","href":"https:\/\/api.w.org\/{rel}","templated":true}]}}