{"id":14029,"date":"2021-03-27T06:50:49","date_gmt":"2021-03-27T03:50:49","guid":{"rendered":"https:\/\/super-news.info\/es\/el-constitucional-aleman-complica-el-desembolso-de-los-fondos-europeos-antes-del-verano\/"},"modified":"2021-03-27T06:50:51","modified_gmt":"2021-03-27T03:50:51","slug":"el-constitucional-aleman-complica-el-desembolso-de-los-fondos-europeos-antes-del-verano","status":"publish","type":"post","link":"https:\/\/super-news.info\/es\/el-constitucional-aleman-complica-el-desembolso-de-los-fondos-europeos-antes-del-verano\/","title":{"rendered":"El Constitucional alem\u00e1n complica el desembolso de los fondos europeos antes del verano"},"content":{"rendered":"<p>\nBRUSELAS, 26 Mar. (EUROPA PRESS) &#8211;<br \/>\nEl Tribunal Constitucional de Alemania ha frenado este viernes la ratificaci\u00f3n del fondo de recuperaci\u00f3n de 800.000 millones de euros con el que la UE quiere impulsar su econom\u00eda tras la pandemia, una decisi\u00f3n que deja en el aire la fecha de la llegada de las ayudas europeas a las capitales.<br \/>\nSeg\u00fan ha explicado en un comunicado, el Constitucional alem\u00e1n ha ordenado al presidente del pa\u00eds, Frank-Wlater Steinmeier que detenga la firma de la Decisi\u00f3n de Recursos Propios de la UE, una legislaci\u00f3n clave para la puesta en marcha del plan anticrisis porque es la que permite a la Comisi\u00f3n Europea emitir la deuda con la que financiar\u00e1 la recuperaci\u00f3n.<br \/>\nEsta normativa hab\u00eda sido aprobada sin problemas previamente en el Parlamento (Bundestag) y en el Senado (Bundesrat), pero el movimiento del Constitucional ha evitado la finalizaci\u00f3n del procedimiento nacional de ratificaci\u00f3n.<br \/>\nEl motivo es que los jueces del Alto Tribunal alem\u00e1n debe resolver antes un recurso presentado por un conjunto de ciudadanos alemanes que cuestionan la legalidad del fondo de recuperaci\u00f3n, que prev\u00e9 la entrega a Espa\u00f1a de 140.000 millones de euros, de los cuales 70.000 millones tomar\u00e1n la forma de transferencias no reembolsables.<br \/>\nLos jueces alemanes no ha dado plazos sobre su futuro veredicto, pero sus decisiones sobre asuntos similares se prolongaron hasta tres meses, seg\u00fan fuentes diplom\u00e1ticas alemanas. Esto supone que la UE no podr\u00e1 cumplir su meta de que todos los Estados miembros hayan ratificado el plan para finales de abril.<br \/>\nEl Ejecutivo comunitario no puede acudir a los mercados de deuda hasta que la Decisi\u00f3n de Recursos Propios de la UE haya sido aprobada en los veintisiete parlamentos nacionales. Por el momento, s\u00f3lo ha sido ratificado completamente en Bulgaria, Rep\u00fablica Checa, Espa\u00f1a, Francia, Croacia, Italia, Chipre, Malta, Portugal y Eslovenia.<br \/>\nLa ratificaci\u00f3n del fondo de recuperaci\u00f3n en todos los Estados miembros no es el \u00fanico tr\u00e1mite a completar para que las ayudas empiecen a fluir hacia los pa\u00edses, puesto que la UE antes debe dar tambi\u00e9n el visto bueno a los planes nacionales con las reformas e inversiones que financiar\u00e1n dichos fondos.<\/p>\n<p>\n<!--noindex--><br \/>\n<a href=\"https:\/\/www.europapress.es\/economia\/noticia-constitucional-aleman-complica-desembolso-fondos-europeos-antes-verano-20210326184122.html\" rel=\"nofollow\">Source link <\/a><br \/>\n<!--\/noindex--><\/p>\n","protected":false},"excerpt":{"rendered":"<p>BRUSELAS, 26 Mar. (EUROPA PRESS) &#8211; El Tribunal Constitucional de Alemania ha frenado este viernes la ratificaci\u00f3n del fondo de recuperaci\u00f3n de 800.000 millones de euros con el que la UE quiere impulsar su econom\u00eda tras la pandemia, una decisi\u00f3n que deja en el aire la fecha de la llegada de las ayudas europeas a [&hellip;]<\/p>\n","protected":false},"author":2,"featured_media":14030,"comment_status":"open","ping_status":"open","sticky":false,"template":"","format":"standard","meta":{"footnotes":""},"categories":[1],"tags":[],"class_list":["post-14029","post","type-post","status-publish","format-standard","has-post-thumbnail","hentry","category-noticias-financieras"],"yoast_head":"<!-- This site is optimized with the Yoast SEO plugin v27.4 - https:\/\/yoast.com\/product\/yoast-seo-wordpress\/ -->\n<title>El Constitucional alem\u00e1n complica el desembolso de los fondos europeos antes del verano - Super News<\/title>\n<meta name=\"robots\" content=\"index, follow, max-snippet:-1, max-image-preview:large, max-video-preview:-1\" \/>\n<link rel=\"canonical\" href=\"https:\/\/super-news.info\/es\/el-constitucional-aleman-complica-el-desembolso-de-los-fondos-europeos-antes-del-verano\/\" \/>\n<meta property=\"og:locale\" content=\"en_US\" \/>\n<meta property=\"og:type\" content=\"article\" \/>\n<meta property=\"og:title\" content=\"El Constitucional alem\u00e1n complica el desembolso de los fondos europeos antes del verano - Super News\" \/>\n<meta property=\"og:description\" content=\"BRUSELAS, 26 Mar. (EUROPA PRESS) &#8211; El Tribunal Constitucional de Alemania ha frenado este viernes la ratificaci\u00f3n del fondo de recuperaci\u00f3n de 800.000 millones de euros con el que la UE quiere impulsar su econom\u00eda tras la pandemia, una decisi\u00f3n que deja en el aire la fecha de la llegada de las ayudas europeas a [&hellip;]\" \/>\n<meta property=\"og:url\" content=\"https:\/\/super-news.info\/es\/el-constitucional-aleman-complica-el-desembolso-de-los-fondos-europeos-antes-del-verano\/\" \/>\n<meta property=\"og:site_name\" content=\"Super News\" \/>\n<meta property=\"article:published_time\" content=\"2021-03-27T03:50:49+00:00\" \/>\n<meta property=\"article:modified_time\" content=\"2021-03-27T03:50:51+00:00\" \/>\n<meta property=\"og:image\" content=\"https:\/\/super-news.info\/es\/wp-content\/uploads\/sites\/4\/2021\/03\/El-Constitucional-aleman-complica-el-desembolso-de-los-fondos-europeos.jpg\" \/>\n\t<meta property=\"og:image:width\" content=\"120\" \/>\n\t<meta property=\"og:image:height\" content=\"82\" \/>\n\t<meta property=\"og:image:type\" content=\"image\/jpeg\" \/>\n<meta name=\"author\" content=\"super-news\" \/>\n<meta name=\"twitter:card\" content=\"summary_large_image\" \/>\n<meta name=\"twitter:label1\" content=\"Written by\" \/>\n\t<meta name=\"twitter:data1\" content=\"super-news\" \/>\n\t<meta name=\"twitter:label2\" content=\"Est. reading time\" \/>\n\t<meta name=\"twitter:data2\" content=\"2 minutes\" \/>\n<script type=\"application\/ld+json\" class=\"yoast-schema-graph\">{\"@context\":\"https:\\\/\\\/schema.org\",\"@graph\":[{\"@type\":\"Article\",\"@id\":\"https:\\\/\\\/super-news.info\\\/es\\\/el-constitucional-aleman-complica-el-desembolso-de-los-fondos-europeos-antes-del-verano\\\/#article\",\"isPartOf\":{\"@id\":\"https:\\\/\\\/super-news.info\\\/es\\\/el-constitucional-aleman-complica-el-desembolso-de-los-fondos-europeos-antes-del-verano\\\/\"},\"author\":{\"name\":\"super-news\",\"@id\":\"https:\\\/\\\/super-news.info\\\/es\\\/#\\\/schema\\\/person\\\/2d4068cb2f39cd10008c2fce578a7356\"},\"headline\":\"El Constitucional alem\u00e1n complica el desembolso de los fondos europeos antes del verano\",\"datePublished\":\"2021-03-27T03:50:49+00:00\",\"dateModified\":\"2021-03-27T03:50:51+00:00\",\"mainEntityOfPage\":{\"@id\":\"https:\\\/\\\/super-news.info\\\/es\\\/el-constitucional-aleman-complica-el-desembolso-de-los-fondos-europeos-antes-del-verano\\\/\"},\"wordCount\":394,\"commentCount\":0,\"image\":{\"@id\":\"https:\\\/\\\/super-news.info\\\/es\\\/el-constitucional-aleman-complica-el-desembolso-de-los-fondos-europeos-antes-del-verano\\\/#primaryimage\"},\"thumbnailUrl\":\"https:\\\/\\\/super-news.info\\\/es\\\/wp-content\\\/uploads\\\/sites\\\/4\\\/2021\\\/03\\\/El-Constitucional-aleman-complica-el-desembolso-de-los-fondos-europeos.jpg\",\"articleSection\":[\"NOTICIAS FINANCIERAS\"],\"inLanguage\":\"en-US\",\"potentialAction\":[{\"@type\":\"CommentAction\",\"name\":\"Comment\",\"target\":[\"https:\\\/\\\/super-news.info\\\/es\\\/el-constitucional-aleman-complica-el-desembolso-de-los-fondos-europeos-antes-del-verano\\\/#respond\"]}]},{\"@type\":\"WebPage\",\"@id\":\"https:\\\/\\\/super-news.info\\\/es\\\/el-constitucional-aleman-complica-el-desembolso-de-los-fondos-europeos-antes-del-verano\\\/\",\"url\":\"https:\\\/\\\/super-news.info\\\/es\\\/el-constitucional-aleman-complica-el-desembolso-de-los-fondos-europeos-antes-del-verano\\\/\",\"name\":\"El Constitucional alem\u00e1n complica el desembolso de los fondos europeos antes del verano - Super News\",\"isPartOf\":{\"@id\":\"https:\\\/\\\/super-news.info\\\/es\\\/#website\"},\"primaryImageOfPage\":{\"@id\":\"https:\\\/\\\/super-news.info\\\/es\\\/el-constitucional-aleman-complica-el-desembolso-de-los-fondos-europeos-antes-del-verano\\\/#primaryimage\"},\"image\":{\"@id\":\"https:\\\/\\\/super-news.info\\\/es\\\/el-constitucional-aleman-complica-el-desembolso-de-los-fondos-europeos-antes-del-verano\\\/#primaryimage\"},\"thumbnailUrl\":\"https:\\\/\\\/super-news.info\\\/es\\\/wp-content\\\/uploads\\\/sites\\\/4\\\/2021\\\/03\\\/El-Constitucional-aleman-complica-el-desembolso-de-los-fondos-europeos.jpg\",\"datePublished\":\"2021-03-27T03:50:49+00:00\",\"dateModified\":\"2021-03-27T03:50:51+00:00\",\"author\":{\"@id\":\"https:\\\/\\\/super-news.info\\\/es\\\/#\\\/schema\\\/person\\\/2d4068cb2f39cd10008c2fce578a7356\"},\"breadcrumb\":{\"@id\":\"https:\\\/\\\/super-news.info\\\/es\\\/el-constitucional-aleman-complica-el-desembolso-de-los-fondos-europeos-antes-del-verano\\\/#breadcrumb\"},\"inLanguage\":\"en-US\",\"potentialAction\":[{\"@type\":\"ReadAction\",\"target\":[\"https:\\\/\\\/super-news.info\\\/es\\\/el-constitucional-aleman-complica-el-desembolso-de-los-fondos-europeos-antes-del-verano\\\/\"]}]},{\"@type\":\"ImageObject\",\"inLanguage\":\"en-US\",\"@id\":\"https:\\\/\\\/super-news.info\\\/es\\\/el-constitucional-aleman-complica-el-desembolso-de-los-fondos-europeos-antes-del-verano\\\/#primaryimage\",\"url\":\"https:\\\/\\\/super-news.info\\\/es\\\/wp-content\\\/uploads\\\/sites\\\/4\\\/2021\\\/03\\\/El-Constitucional-aleman-complica-el-desembolso-de-los-fondos-europeos.jpg\",\"contentUrl\":\"https:\\\/\\\/super-news.info\\\/es\\\/wp-content\\\/uploads\\\/sites\\\/4\\\/2021\\\/03\\\/El-Constitucional-aleman-complica-el-desembolso-de-los-fondos-europeos.jpg\",\"width\":120,\"height\":82,\"caption\":\"El Constitucional alem\u00e1n complica el desembolso de los fondos europeos antes del verano\"},{\"@type\":\"BreadcrumbList\",\"@id\":\"https:\\\/\\\/super-news.info\\\/es\\\/el-constitucional-aleman-complica-el-desembolso-de-los-fondos-europeos-antes-del-verano\\\/#breadcrumb\",\"itemListElement\":[{\"@type\":\"ListItem\",\"position\":1,\"name\":\"\u0413\u043b\u0430\u0432\u043d\u0430\u044f \u0441\u0442\u0440\u0430\u043d\u0438\u0446\u0430\",\"item\":\"https:\\\/\\\/super-news.info\\\/es\\\/\"},{\"@type\":\"ListItem\",\"position\":2,\"name\":\"El Constitucional alem\u00e1n complica el desembolso de los fondos europeos antes del verano\"}]},{\"@type\":\"WebSite\",\"@id\":\"https:\\\/\\\/super-news.info\\\/es\\\/#website\",\"url\":\"https:\\\/\\\/super-news.info\\\/es\\\/\",\"name\":\"Super News\",\"description\":\"Super News Espa\u00f1a\",\"potentialAction\":[{\"@type\":\"SearchAction\",\"target\":{\"@type\":\"EntryPoint\",\"urlTemplate\":\"https:\\\/\\\/super-news.info\\\/es\\\/?s={search_term_string}\"},\"query-input\":{\"@type\":\"PropertyValueSpecification\",\"valueRequired\":true,\"valueName\":\"search_term_string\"}}],\"inLanguage\":\"en-US\"},{\"@type\":\"Person\",\"@id\":\"https:\\\/\\\/super-news.info\\\/es\\\/#\\\/schema\\\/person\\\/2d4068cb2f39cd10008c2fce578a7356\",\"name\":\"super-news\",\"image\":{\"@type\":\"ImageObject\",\"inLanguage\":\"en-US\",\"@id\":\"https:\\\/\\\/secure.gravatar.com\\\/avatar\\\/64ebac40b93f26a154f8a9b5b6fdccfc46f442b26b3dd6756dbff3bf9dc76fd7?s=96&d=mm&r=g\",\"url\":\"https:\\\/\\\/secure.gravatar.com\\\/avatar\\\/64ebac40b93f26a154f8a9b5b6fdccfc46f442b26b3dd6756dbff3bf9dc76fd7?s=96&d=mm&r=g\",\"contentUrl\":\"https:\\\/\\\/secure.gravatar.com\\\/avatar\\\/64ebac40b93f26a154f8a9b5b6fdccfc46f442b26b3dd6756dbff3bf9dc76fd7?s=96&d=mm&r=g\",\"caption\":\"super-news\"},\"url\":\"https:\\\/\\\/super-news.info\\\/es\\\/author\\\/pt\\\/\"}]}<\/script>\n<!-- \/ Yoast SEO plugin. -->","yoast_head_json":{"title":"El Constitucional alem\u00e1n complica el desembolso de los fondos europeos antes del verano - Super News","robots":{"index":"index","follow":"follow","max-snippet":"max-snippet:-1","max-image-preview":"max-image-preview:large","max-video-preview":"max-video-preview:-1"},"canonical":"https:\/\/super-news.info\/es\/el-constitucional-aleman-complica-el-desembolso-de-los-fondos-europeos-antes-del-verano\/","og_locale":"en_US","og_type":"article","og_title":"El Constitucional alem\u00e1n complica el desembolso de los fondos europeos antes del verano - Super News","og_description":"BRUSELAS, 26 Mar. (EUROPA PRESS) &#8211; El Tribunal Constitucional de Alemania ha frenado este viernes la ratificaci\u00f3n del fondo de recuperaci\u00f3n de 800.000 millones de euros con el que la UE quiere impulsar su econom\u00eda tras la pandemia, una decisi\u00f3n que deja en el aire la fecha de la llegada de las ayudas europeas a [&hellip;]","og_url":"https:\/\/super-news.info\/es\/el-constitucional-aleman-complica-el-desembolso-de-los-fondos-europeos-antes-del-verano\/","og_site_name":"Super News","article_published_time":"2021-03-27T03:50:49+00:00","article_modified_time":"2021-03-27T03:50:51+00:00","og_image":[{"width":120,"height":82,"url":"https:\/\/super-news.info\/es\/wp-content\/uploads\/sites\/4\/2021\/03\/El-Constitucional-aleman-complica-el-desembolso-de-los-fondos-europeos.jpg","type":"image\/jpeg"}],"author":"super-news","twitter_card":"summary_large_image","twitter_misc":{"Written by":"super-news","Est. reading time":"2 minutes"},"schema":{"@context":"https:\/\/schema.org","@graph":[{"@type":"Article","@id":"https:\/\/super-news.info\/es\/el-constitucional-aleman-complica-el-desembolso-de-los-fondos-europeos-antes-del-verano\/#article","isPartOf":{"@id":"https:\/\/super-news.info\/es\/el-constitucional-aleman-complica-el-desembolso-de-los-fondos-europeos-antes-del-verano\/"},"author":{"name":"super-news","@id":"https:\/\/super-news.info\/es\/#\/schema\/person\/2d4068cb2f39cd10008c2fce578a7356"},"headline":"El Constitucional alem\u00e1n complica el desembolso de los fondos europeos antes del verano","datePublished":"2021-03-27T03:50:49+00:00","dateModified":"2021-03-27T03:50:51+00:00","mainEntityOfPage":{"@id":"https:\/\/super-news.info\/es\/el-constitucional-aleman-complica-el-desembolso-de-los-fondos-europeos-antes-del-verano\/"},"wordCount":394,"commentCount":0,"image":{"@id":"https:\/\/super-news.info\/es\/el-constitucional-aleman-complica-el-desembolso-de-los-fondos-europeos-antes-del-verano\/#primaryimage"},"thumbnailUrl":"https:\/\/super-news.info\/es\/wp-content\/uploads\/sites\/4\/2021\/03\/El-Constitucional-aleman-complica-el-desembolso-de-los-fondos-europeos.jpg","articleSection":["NOTICIAS FINANCIERAS"],"inLanguage":"en-US","potentialAction":[{"@type":"CommentAction","name":"Comment","target":["https:\/\/super-news.info\/es\/el-constitucional-aleman-complica-el-desembolso-de-los-fondos-europeos-antes-del-verano\/#respond"]}]},{"@type":"WebPage","@id":"https:\/\/super-news.info\/es\/el-constitucional-aleman-complica-el-desembolso-de-los-fondos-europeos-antes-del-verano\/","url":"https:\/\/super-news.info\/es\/el-constitucional-aleman-complica-el-desembolso-de-los-fondos-europeos-antes-del-verano\/","name":"El Constitucional alem\u00e1n complica el desembolso de los fondos europeos antes del verano - Super News","isPartOf":{"@id":"https:\/\/super-news.info\/es\/#website"},"primaryImageOfPage":{"@id":"https:\/\/super-news.info\/es\/el-constitucional-aleman-complica-el-desembolso-de-los-fondos-europeos-antes-del-verano\/#primaryimage"},"image":{"@id":"https:\/\/super-news.info\/es\/el-constitucional-aleman-complica-el-desembolso-de-los-fondos-europeos-antes-del-verano\/#primaryimage"},"thumbnailUrl":"https:\/\/super-news.info\/es\/wp-content\/uploads\/sites\/4\/2021\/03\/El-Constitucional-aleman-complica-el-desembolso-de-los-fondos-europeos.jpg","datePublished":"2021-03-27T03:50:49+00:00","dateModified":"2021-03-27T03:50:51+00:00","author":{"@id":"https:\/\/super-news.info\/es\/#\/schema\/person\/2d4068cb2f39cd10008c2fce578a7356"},"breadcrumb":{"@id":"https:\/\/super-news.info\/es\/el-constitucional-aleman-complica-el-desembolso-de-los-fondos-europeos-antes-del-verano\/#breadcrumb"},"inLanguage":"en-US","potentialAction":[{"@type":"ReadAction","target":["https:\/\/super-news.info\/es\/el-constitucional-aleman-complica-el-desembolso-de-los-fondos-europeos-antes-del-verano\/"]}]},{"@type":"ImageObject","inLanguage":"en-US","@id":"https:\/\/super-news.info\/es\/el-constitucional-aleman-complica-el-desembolso-de-los-fondos-europeos-antes-del-verano\/#primaryimage","url":"https:\/\/super-news.info\/es\/wp-content\/uploads\/sites\/4\/2021\/03\/El-Constitucional-aleman-complica-el-desembolso-de-los-fondos-europeos.jpg","contentUrl":"https:\/\/super-news.info\/es\/wp-content\/uploads\/sites\/4\/2021\/03\/El-Constitucional-aleman-complica-el-desembolso-de-los-fondos-europeos.jpg","width":120,"height":82,"caption":"El Constitucional alem\u00e1n complica el desembolso de los fondos europeos antes del verano"},{"@type":"BreadcrumbList","@id":"https:\/\/super-news.info\/es\/el-constitucional-aleman-complica-el-desembolso-de-los-fondos-europeos-antes-del-verano\/#breadcrumb","itemListElement":[{"@type":"ListItem","position":1,"name":"\u0413\u043b\u0430\u0432\u043d\u0430\u044f \u0441\u0442\u0440\u0430\u043d\u0438\u0446\u0430","item":"https:\/\/super-news.info\/es\/"},{"@type":"ListItem","position":2,"name":"El Constitucional alem\u00e1n complica el desembolso de los fondos europeos antes del verano"}]},{"@type":"WebSite","@id":"https:\/\/super-news.info\/es\/#website","url":"https:\/\/super-news.info\/es\/","name":"Super News","description":"Super News Espa\u00f1a","potentialAction":[{"@type":"SearchAction","target":{"@type":"EntryPoint","urlTemplate":"https:\/\/super-news.info\/es\/?s={search_term_string}"},"query-input":{"@type":"PropertyValueSpecification","valueRequired":true,"valueName":"search_term_string"}}],"inLanguage":"en-US"},{"@type":"Person","@id":"https:\/\/super-news.info\/es\/#\/schema\/person\/2d4068cb2f39cd10008c2fce578a7356","name":"super-news","image":{"@type":"ImageObject","inLanguage":"en-US","@id":"https:\/\/secure.gravatar.com\/avatar\/64ebac40b93f26a154f8a9b5b6fdccfc46f442b26b3dd6756dbff3bf9dc76fd7?s=96&d=mm&r=g","url":"https:\/\/secure.gravatar.com\/avatar\/64ebac40b93f26a154f8a9b5b6fdccfc46f442b26b3dd6756dbff3bf9dc76fd7?s=96&d=mm&r=g","contentUrl":"https:\/\/secure.gravatar.com\/avatar\/64ebac40b93f26a154f8a9b5b6fdccfc46f442b26b3dd6756dbff3bf9dc76fd7?s=96&d=mm&r=g","caption":"super-news"},"url":"https:\/\/super-news.info\/es\/author\/pt\/"}]}},"_links":{"self":[{"href":"https:\/\/super-news.info\/es\/wp-json\/wp\/v2\/posts\/14029","targetHints":{"allow":["GET"]}}],"collection":[{"href":"https:\/\/super-news.info\/es\/wp-json\/wp\/v2\/posts"}],"about":[{"href":"https:\/\/super-news.info\/es\/wp-json\/wp\/v2\/types\/post"}],"author":[{"embeddable":true,"href":"https:\/\/super-news.info\/es\/wp-json\/wp\/v2\/users\/2"}],"replies":[{"embeddable":true,"href":"https:\/\/super-news.info\/es\/wp-json\/wp\/v2\/comments?post=14029"}],"version-history":[{"count":1,"href":"https:\/\/super-news.info\/es\/wp-json\/wp\/v2\/posts\/14029\/revisions"}],"predecessor-version":[{"id":14031,"href":"https:\/\/super-news.info\/es\/wp-json\/wp\/v2\/posts\/14029\/revisions\/14031"}],"wp:featuredmedia":[{"embeddable":true,"href":"https:\/\/super-news.info\/es\/wp-json\/wp\/v2\/media\/14030"}],"wp:attachment":[{"href":"https:\/\/super-news.info\/es\/wp-json\/wp\/v2\/media?parent=14029"}],"wp:term":[{"taxonomy":"category","embeddable":true,"href":"https:\/\/super-news.info\/es\/wp-json\/wp\/v2\/categories?post=14029"},{"taxonomy":"post_tag","embeddable":true,"href":"https:\/\/super-news.info\/es\/wp-json\/wp\/v2\/tags?post=14029"}],"curies":[{"name":"wp","href":"https:\/\/api.w.org\/{rel}","templated":true}]}}