{"id":14023,"date":"2021-03-26T18:49:07","date_gmt":"2021-03-26T15:49:07","guid":{"rendered":"https:\/\/super-news.info\/es\/cesar-gonzalez-bueno-se-incorpora-al-sabadell-con-el-fin-de-alinear-a-todos-los-equipos\/"},"modified":"2021-03-26T18:49:09","modified_gmt":"2021-03-26T15:49:09","slug":"cesar-gonzalez-bueno-se-incorpora-al-sabadell-con-el-fin-de-alinear-a-todos-los-equipos","status":"publish","type":"post","link":"https:\/\/super-news.info\/es\/cesar-gonzalez-bueno-se-incorpora-al-sabadell-con-el-fin-de-alinear-a-todos-los-equipos\/","title":{"rendered":"C\u00e9sar Gonz\u00e1lez-Bueno se incorpora al Sabadell con el fin de &#8220;alinear a todos los equipos&#8221;"},"content":{"rendered":"<p><\/p>\n<p>     &#13;<br \/>\n     &#13;<\/p>\n<p>El consejero delegado de Banco Sabadell, C\u00e9sar Gonz\u00e1lez-Bueno, durante su intervenci\u00f3n. &#8211; BANCO SABADELL <\/p>\n<p>BARCELONA, 26 Mar. (EUROPA PRESS) &#8211;<br \/>\n   El nuevo consejero delegado de Banco Sabadell, C\u00e9sar Gonz\u00e1lez-Bueno, ha estrenado su cargo en la junta general de accionistas que la entidad ha celebrado este viernes en Alicante asegurando que tiene como principal objetivo &#8220;alinear a todos los equipos del banco&#8221;.<br \/>\n   Ha centrado su primera intervenci\u00f3n como m\u00e1ximo dirigente de la entidad en explicar la nueva estructura organizativa del banco &#8211;que \u00e9l lidera a partir de ahora&#8211;, los motivos del cambio y los objetivos que tiene.<br \/>\n   Gonz\u00e1lez-Bueno ha asegurado que &#8220;la nueva estructura organizativa es una estructura m\u00e1s plana&#8221;, para facilitar la promoci\u00f3n del talento interno, adem\u00e1s de m\u00e1s \u00e1gil para asegurar que se da una respuesta a las necesidades de los clientes.<br \/>\n(HABR\u00c1 AMPLIACI\u00d3N)<br \/>\n<br \/>\n<!--noindex--><br \/>\n<a href=\"https:\/\/www.europapress.es\/catalunya\/noticia-cesar-gonzalez-bueno-incorpora-sabadell-fin-alinear-todos-equipos-20210326132747.html\" rel=\"nofollow\">Source link <\/a><br \/>\n<!--\/noindex--><\/p>\n","protected":false},"excerpt":{"rendered":"<p>&#13; &#13; El consejero delegado de Banco Sabadell, C\u00e9sar Gonz\u00e1lez-Bueno, durante su intervenci\u00f3n. &#8211; BANCO SABADELL BARCELONA, 26 Mar. (EUROPA PRESS) &#8211; El nuevo consejero delegado de Banco Sabadell, C\u00e9sar Gonz\u00e1lez-Bueno, ha estrenado su cargo en la junta general de accionistas que la entidad ha celebrado este viernes en Alicante asegurando que tiene como principal [&hellip;]<\/p>\n","protected":false},"author":2,"featured_media":14024,"comment_status":"open","ping_status":"open","sticky":false,"template":"","format":"standard","meta":{"footnotes":""},"categories":[1],"tags":[],"class_list":["post-14023","post","type-post","status-publish","format-standard","has-post-thumbnail","hentry","category-noticias-financieras"],"yoast_head":"<!-- This site is optimized with the Yoast SEO plugin v27.4 - https:\/\/yoast.com\/product\/yoast-seo-wordpress\/ -->\n<title>C\u00e9sar Gonz\u00e1lez-Bueno se incorpora al Sabadell con el fin de &quot;alinear a todos los equipos&quot; - Super News<\/title>\n<meta name=\"robots\" content=\"index, follow, max-snippet:-1, max-image-preview:large, max-video-preview:-1\" \/>\n<link rel=\"canonical\" href=\"https:\/\/super-news.info\/es\/cesar-gonzalez-bueno-se-incorpora-al-sabadell-con-el-fin-de-alinear-a-todos-los-equipos\/\" \/>\n<meta property=\"og:locale\" content=\"en_US\" \/>\n<meta property=\"og:type\" content=\"article\" \/>\n<meta property=\"og:title\" content=\"C\u00e9sar Gonz\u00e1lez-Bueno se incorpora al Sabadell con el fin de &quot;alinear a todos los equipos&quot; - Super News\" \/>\n<meta property=\"og:description\" content=\"&#013; &#013; El consejero delegado de Banco Sabadell, C\u00e9sar Gonz\u00e1lez-Bueno, durante su intervenci\u00f3n. &#8211; BANCO SABADELL BARCELONA, 26 Mar. (EUROPA PRESS) &#8211; El nuevo consejero delegado de Banco Sabadell, C\u00e9sar Gonz\u00e1lez-Bueno, ha estrenado su cargo en la junta general de accionistas que la entidad ha celebrado este viernes en Alicante asegurando que tiene como principal [&hellip;]\" \/>\n<meta property=\"og:url\" content=\"https:\/\/super-news.info\/es\/cesar-gonzalez-bueno-se-incorpora-al-sabadell-con-el-fin-de-alinear-a-todos-los-equipos\/\" \/>\n<meta property=\"og:site_name\" content=\"Super News\" \/>\n<meta property=\"article:published_time\" content=\"2021-03-26T15:49:07+00:00\" \/>\n<meta property=\"article:modified_time\" content=\"2021-03-26T15:49:09+00:00\" \/>\n<meta property=\"og:image\" content=\"https:\/\/super-news.info\/es\/wp-content\/uploads\/sites\/4\/2021\/03\/Cesar-Gonzalez-Bueno-se-incorpora-al-Sabadell-con-el-fin-de.jpg\" \/>\n\t<meta property=\"og:image:width\" content=\"120\" \/>\n\t<meta property=\"og:image:height\" content=\"67\" \/>\n\t<meta property=\"og:image:type\" content=\"image\/jpeg\" \/>\n<meta name=\"author\" content=\"super-news\" \/>\n<meta name=\"twitter:card\" content=\"summary_large_image\" \/>\n<meta name=\"twitter:label1\" content=\"Written by\" \/>\n\t<meta name=\"twitter:data1\" content=\"super-news\" \/>\n\t<meta name=\"twitter:label2\" content=\"Est. reading time\" \/>\n\t<meta name=\"twitter:data2\" content=\"1 minute\" \/>\n<script type=\"application\/ld+json\" class=\"yoast-schema-graph\">{\"@context\":\"https:\\\/\\\/schema.org\",\"@graph\":[{\"@type\":\"Article\",\"@id\":\"https:\\\/\\\/super-news.info\\\/es\\\/cesar-gonzalez-bueno-se-incorpora-al-sabadell-con-el-fin-de-alinear-a-todos-los-equipos\\\/#article\",\"isPartOf\":{\"@id\":\"https:\\\/\\\/super-news.info\\\/es\\\/cesar-gonzalez-bueno-se-incorpora-al-sabadell-con-el-fin-de-alinear-a-todos-los-equipos\\\/\"},\"author\":{\"name\":\"super-news\",\"@id\":\"https:\\\/\\\/super-news.info\\\/es\\\/#\\\/schema\\\/person\\\/2d4068cb2f39cd10008c2fce578a7356\"},\"headline\":\"C\u00e9sar Gonz\u00e1lez-Bueno se incorpora al Sabadell con el fin de &#8220;alinear a todos los equipos&#8221;\",\"datePublished\":\"2021-03-26T15:49:07+00:00\",\"dateModified\":\"2021-03-26T15:49:09+00:00\",\"mainEntityOfPage\":{\"@id\":\"https:\\\/\\\/super-news.info\\\/es\\\/cesar-gonzalez-bueno-se-incorpora-al-sabadell-con-el-fin-de-alinear-a-todos-los-equipos\\\/\"},\"wordCount\":166,\"commentCount\":0,\"image\":{\"@id\":\"https:\\\/\\\/super-news.info\\\/es\\\/cesar-gonzalez-bueno-se-incorpora-al-sabadell-con-el-fin-de-alinear-a-todos-los-equipos\\\/#primaryimage\"},\"thumbnailUrl\":\"https:\\\/\\\/super-news.info\\\/es\\\/wp-content\\\/uploads\\\/sites\\\/4\\\/2021\\\/03\\\/Cesar-Gonzalez-Bueno-se-incorpora-al-Sabadell-con-el-fin-de.jpg\",\"articleSection\":[\"NOTICIAS FINANCIERAS\"],\"inLanguage\":\"en-US\",\"potentialAction\":[{\"@type\":\"CommentAction\",\"name\":\"Comment\",\"target\":[\"https:\\\/\\\/super-news.info\\\/es\\\/cesar-gonzalez-bueno-se-incorpora-al-sabadell-con-el-fin-de-alinear-a-todos-los-equipos\\\/#respond\"]}]},{\"@type\":\"WebPage\",\"@id\":\"https:\\\/\\\/super-news.info\\\/es\\\/cesar-gonzalez-bueno-se-incorpora-al-sabadell-con-el-fin-de-alinear-a-todos-los-equipos\\\/\",\"url\":\"https:\\\/\\\/super-news.info\\\/es\\\/cesar-gonzalez-bueno-se-incorpora-al-sabadell-con-el-fin-de-alinear-a-todos-los-equipos\\\/\",\"name\":\"C\u00e9sar Gonz\u00e1lez-Bueno se incorpora al Sabadell con el fin de \\\"alinear a todos los equipos\\\" - Super News\",\"isPartOf\":{\"@id\":\"https:\\\/\\\/super-news.info\\\/es\\\/#website\"},\"primaryImageOfPage\":{\"@id\":\"https:\\\/\\\/super-news.info\\\/es\\\/cesar-gonzalez-bueno-se-incorpora-al-sabadell-con-el-fin-de-alinear-a-todos-los-equipos\\\/#primaryimage\"},\"image\":{\"@id\":\"https:\\\/\\\/super-news.info\\\/es\\\/cesar-gonzalez-bueno-se-incorpora-al-sabadell-con-el-fin-de-alinear-a-todos-los-equipos\\\/#primaryimage\"},\"thumbnailUrl\":\"https:\\\/\\\/super-news.info\\\/es\\\/wp-content\\\/uploads\\\/sites\\\/4\\\/2021\\\/03\\\/Cesar-Gonzalez-Bueno-se-incorpora-al-Sabadell-con-el-fin-de.jpg\",\"datePublished\":\"2021-03-26T15:49:07+00:00\",\"dateModified\":\"2021-03-26T15:49:09+00:00\",\"author\":{\"@id\":\"https:\\\/\\\/super-news.info\\\/es\\\/#\\\/schema\\\/person\\\/2d4068cb2f39cd10008c2fce578a7356\"},\"breadcrumb\":{\"@id\":\"https:\\\/\\\/super-news.info\\\/es\\\/cesar-gonzalez-bueno-se-incorpora-al-sabadell-con-el-fin-de-alinear-a-todos-los-equipos\\\/#breadcrumb\"},\"inLanguage\":\"en-US\",\"potentialAction\":[{\"@type\":\"ReadAction\",\"target\":[\"https:\\\/\\\/super-news.info\\\/es\\\/cesar-gonzalez-bueno-se-incorpora-al-sabadell-con-el-fin-de-alinear-a-todos-los-equipos\\\/\"]}]},{\"@type\":\"ImageObject\",\"inLanguage\":\"en-US\",\"@id\":\"https:\\\/\\\/super-news.info\\\/es\\\/cesar-gonzalez-bueno-se-incorpora-al-sabadell-con-el-fin-de-alinear-a-todos-los-equipos\\\/#primaryimage\",\"url\":\"https:\\\/\\\/super-news.info\\\/es\\\/wp-content\\\/uploads\\\/sites\\\/4\\\/2021\\\/03\\\/Cesar-Gonzalez-Bueno-se-incorpora-al-Sabadell-con-el-fin-de.jpg\",\"contentUrl\":\"https:\\\/\\\/super-news.info\\\/es\\\/wp-content\\\/uploads\\\/sites\\\/4\\\/2021\\\/03\\\/Cesar-Gonzalez-Bueno-se-incorpora-al-Sabadell-con-el-fin-de.jpg\",\"width\":120,\"height\":67,\"caption\":\"C\u00e9sar Gonz\u00e1lez-Bueno se incorpora al Sabadell con el fin de \\\"alinear a todos los equipos\\\"\"},{\"@type\":\"BreadcrumbList\",\"@id\":\"https:\\\/\\\/super-news.info\\\/es\\\/cesar-gonzalez-bueno-se-incorpora-al-sabadell-con-el-fin-de-alinear-a-todos-los-equipos\\\/#breadcrumb\",\"itemListElement\":[{\"@type\":\"ListItem\",\"position\":1,\"name\":\"\u0413\u043b\u0430\u0432\u043d\u0430\u044f \u0441\u0442\u0440\u0430\u043d\u0438\u0446\u0430\",\"item\":\"https:\\\/\\\/super-news.info\\\/es\\\/\"},{\"@type\":\"ListItem\",\"position\":2,\"name\":\"C\u00e9sar Gonz\u00e1lez-Bueno se incorpora al Sabadell con el fin de &#8220;alinear a todos los equipos&#8221;\"}]},{\"@type\":\"WebSite\",\"@id\":\"https:\\\/\\\/super-news.info\\\/es\\\/#website\",\"url\":\"https:\\\/\\\/super-news.info\\\/es\\\/\",\"name\":\"Super News\",\"description\":\"Super News Espa\u00f1a\",\"potentialAction\":[{\"@type\":\"SearchAction\",\"target\":{\"@type\":\"EntryPoint\",\"urlTemplate\":\"https:\\\/\\\/super-news.info\\\/es\\\/?s={search_term_string}\"},\"query-input\":{\"@type\":\"PropertyValueSpecification\",\"valueRequired\":true,\"valueName\":\"search_term_string\"}}],\"inLanguage\":\"en-US\"},{\"@type\":\"Person\",\"@id\":\"https:\\\/\\\/super-news.info\\\/es\\\/#\\\/schema\\\/person\\\/2d4068cb2f39cd10008c2fce578a7356\",\"name\":\"super-news\",\"image\":{\"@type\":\"ImageObject\",\"inLanguage\":\"en-US\",\"@id\":\"https:\\\/\\\/secure.gravatar.com\\\/avatar\\\/64ebac40b93f26a154f8a9b5b6fdccfc46f442b26b3dd6756dbff3bf9dc76fd7?s=96&d=mm&r=g\",\"url\":\"https:\\\/\\\/secure.gravatar.com\\\/avatar\\\/64ebac40b93f26a154f8a9b5b6fdccfc46f442b26b3dd6756dbff3bf9dc76fd7?s=96&d=mm&r=g\",\"contentUrl\":\"https:\\\/\\\/secure.gravatar.com\\\/avatar\\\/64ebac40b93f26a154f8a9b5b6fdccfc46f442b26b3dd6756dbff3bf9dc76fd7?s=96&d=mm&r=g\",\"caption\":\"super-news\"},\"url\":\"https:\\\/\\\/super-news.info\\\/es\\\/author\\\/pt\\\/\"}]}<\/script>\n<!-- \/ Yoast SEO plugin. -->","yoast_head_json":{"title":"C\u00e9sar Gonz\u00e1lez-Bueno se incorpora al Sabadell con el fin de \"alinear a todos los equipos\" - Super News","robots":{"index":"index","follow":"follow","max-snippet":"max-snippet:-1","max-image-preview":"max-image-preview:large","max-video-preview":"max-video-preview:-1"},"canonical":"https:\/\/super-news.info\/es\/cesar-gonzalez-bueno-se-incorpora-al-sabadell-con-el-fin-de-alinear-a-todos-los-equipos\/","og_locale":"en_US","og_type":"article","og_title":"C\u00e9sar Gonz\u00e1lez-Bueno se incorpora al Sabadell con el fin de \"alinear a todos los equipos\" - Super News","og_description":"&#13; &#13; El consejero delegado de Banco Sabadell, C\u00e9sar Gonz\u00e1lez-Bueno, durante su intervenci\u00f3n. &#8211; BANCO SABADELL BARCELONA, 26 Mar. (EUROPA PRESS) &#8211; El nuevo consejero delegado de Banco Sabadell, C\u00e9sar Gonz\u00e1lez-Bueno, ha estrenado su cargo en la junta general de accionistas que la entidad ha celebrado este viernes en Alicante asegurando que tiene como principal [&hellip;]","og_url":"https:\/\/super-news.info\/es\/cesar-gonzalez-bueno-se-incorpora-al-sabadell-con-el-fin-de-alinear-a-todos-los-equipos\/","og_site_name":"Super News","article_published_time":"2021-03-26T15:49:07+00:00","article_modified_time":"2021-03-26T15:49:09+00:00","og_image":[{"width":120,"height":67,"url":"https:\/\/super-news.info\/es\/wp-content\/uploads\/sites\/4\/2021\/03\/Cesar-Gonzalez-Bueno-se-incorpora-al-Sabadell-con-el-fin-de.jpg","type":"image\/jpeg"}],"author":"super-news","twitter_card":"summary_large_image","twitter_misc":{"Written by":"super-news","Est. reading time":"1 minute"},"schema":{"@context":"https:\/\/schema.org","@graph":[{"@type":"Article","@id":"https:\/\/super-news.info\/es\/cesar-gonzalez-bueno-se-incorpora-al-sabadell-con-el-fin-de-alinear-a-todos-los-equipos\/#article","isPartOf":{"@id":"https:\/\/super-news.info\/es\/cesar-gonzalez-bueno-se-incorpora-al-sabadell-con-el-fin-de-alinear-a-todos-los-equipos\/"},"author":{"name":"super-news","@id":"https:\/\/super-news.info\/es\/#\/schema\/person\/2d4068cb2f39cd10008c2fce578a7356"},"headline":"C\u00e9sar Gonz\u00e1lez-Bueno se incorpora al Sabadell con el fin de &#8220;alinear a todos los equipos&#8221;","datePublished":"2021-03-26T15:49:07+00:00","dateModified":"2021-03-26T15:49:09+00:00","mainEntityOfPage":{"@id":"https:\/\/super-news.info\/es\/cesar-gonzalez-bueno-se-incorpora-al-sabadell-con-el-fin-de-alinear-a-todos-los-equipos\/"},"wordCount":166,"commentCount":0,"image":{"@id":"https:\/\/super-news.info\/es\/cesar-gonzalez-bueno-se-incorpora-al-sabadell-con-el-fin-de-alinear-a-todos-los-equipos\/#primaryimage"},"thumbnailUrl":"https:\/\/super-news.info\/es\/wp-content\/uploads\/sites\/4\/2021\/03\/Cesar-Gonzalez-Bueno-se-incorpora-al-Sabadell-con-el-fin-de.jpg","articleSection":["NOTICIAS FINANCIERAS"],"inLanguage":"en-US","potentialAction":[{"@type":"CommentAction","name":"Comment","target":["https:\/\/super-news.info\/es\/cesar-gonzalez-bueno-se-incorpora-al-sabadell-con-el-fin-de-alinear-a-todos-los-equipos\/#respond"]}]},{"@type":"WebPage","@id":"https:\/\/super-news.info\/es\/cesar-gonzalez-bueno-se-incorpora-al-sabadell-con-el-fin-de-alinear-a-todos-los-equipos\/","url":"https:\/\/super-news.info\/es\/cesar-gonzalez-bueno-se-incorpora-al-sabadell-con-el-fin-de-alinear-a-todos-los-equipos\/","name":"C\u00e9sar Gonz\u00e1lez-Bueno se incorpora al Sabadell con el fin de \"alinear a todos los equipos\" - Super News","isPartOf":{"@id":"https:\/\/super-news.info\/es\/#website"},"primaryImageOfPage":{"@id":"https:\/\/super-news.info\/es\/cesar-gonzalez-bueno-se-incorpora-al-sabadell-con-el-fin-de-alinear-a-todos-los-equipos\/#primaryimage"},"image":{"@id":"https:\/\/super-news.info\/es\/cesar-gonzalez-bueno-se-incorpora-al-sabadell-con-el-fin-de-alinear-a-todos-los-equipos\/#primaryimage"},"thumbnailUrl":"https:\/\/super-news.info\/es\/wp-content\/uploads\/sites\/4\/2021\/03\/Cesar-Gonzalez-Bueno-se-incorpora-al-Sabadell-con-el-fin-de.jpg","datePublished":"2021-03-26T15:49:07+00:00","dateModified":"2021-03-26T15:49:09+00:00","author":{"@id":"https:\/\/super-news.info\/es\/#\/schema\/person\/2d4068cb2f39cd10008c2fce578a7356"},"breadcrumb":{"@id":"https:\/\/super-news.info\/es\/cesar-gonzalez-bueno-se-incorpora-al-sabadell-con-el-fin-de-alinear-a-todos-los-equipos\/#breadcrumb"},"inLanguage":"en-US","potentialAction":[{"@type":"ReadAction","target":["https:\/\/super-news.info\/es\/cesar-gonzalez-bueno-se-incorpora-al-sabadell-con-el-fin-de-alinear-a-todos-los-equipos\/"]}]},{"@type":"ImageObject","inLanguage":"en-US","@id":"https:\/\/super-news.info\/es\/cesar-gonzalez-bueno-se-incorpora-al-sabadell-con-el-fin-de-alinear-a-todos-los-equipos\/#primaryimage","url":"https:\/\/super-news.info\/es\/wp-content\/uploads\/sites\/4\/2021\/03\/Cesar-Gonzalez-Bueno-se-incorpora-al-Sabadell-con-el-fin-de.jpg","contentUrl":"https:\/\/super-news.info\/es\/wp-content\/uploads\/sites\/4\/2021\/03\/Cesar-Gonzalez-Bueno-se-incorpora-al-Sabadell-con-el-fin-de.jpg","width":120,"height":67,"caption":"C\u00e9sar Gonz\u00e1lez-Bueno se incorpora al Sabadell con el fin de \"alinear a todos los equipos\""},{"@type":"BreadcrumbList","@id":"https:\/\/super-news.info\/es\/cesar-gonzalez-bueno-se-incorpora-al-sabadell-con-el-fin-de-alinear-a-todos-los-equipos\/#breadcrumb","itemListElement":[{"@type":"ListItem","position":1,"name":"\u0413\u043b\u0430\u0432\u043d\u0430\u044f \u0441\u0442\u0440\u0430\u043d\u0438\u0446\u0430","item":"https:\/\/super-news.info\/es\/"},{"@type":"ListItem","position":2,"name":"C\u00e9sar Gonz\u00e1lez-Bueno se incorpora al Sabadell con el fin de &#8220;alinear a todos los equipos&#8221;"}]},{"@type":"WebSite","@id":"https:\/\/super-news.info\/es\/#website","url":"https:\/\/super-news.info\/es\/","name":"Super News","description":"Super News Espa\u00f1a","potentialAction":[{"@type":"SearchAction","target":{"@type":"EntryPoint","urlTemplate":"https:\/\/super-news.info\/es\/?s={search_term_string}"},"query-input":{"@type":"PropertyValueSpecification","valueRequired":true,"valueName":"search_term_string"}}],"inLanguage":"en-US"},{"@type":"Person","@id":"https:\/\/super-news.info\/es\/#\/schema\/person\/2d4068cb2f39cd10008c2fce578a7356","name":"super-news","image":{"@type":"ImageObject","inLanguage":"en-US","@id":"https:\/\/secure.gravatar.com\/avatar\/64ebac40b93f26a154f8a9b5b6fdccfc46f442b26b3dd6756dbff3bf9dc76fd7?s=96&d=mm&r=g","url":"https:\/\/secure.gravatar.com\/avatar\/64ebac40b93f26a154f8a9b5b6fdccfc46f442b26b3dd6756dbff3bf9dc76fd7?s=96&d=mm&r=g","contentUrl":"https:\/\/secure.gravatar.com\/avatar\/64ebac40b93f26a154f8a9b5b6fdccfc46f442b26b3dd6756dbff3bf9dc76fd7?s=96&d=mm&r=g","caption":"super-news"},"url":"https:\/\/super-news.info\/es\/author\/pt\/"}]}},"_links":{"self":[{"href":"https:\/\/super-news.info\/es\/wp-json\/wp\/v2\/posts\/14023","targetHints":{"allow":["GET"]}}],"collection":[{"href":"https:\/\/super-news.info\/es\/wp-json\/wp\/v2\/posts"}],"about":[{"href":"https:\/\/super-news.info\/es\/wp-json\/wp\/v2\/types\/post"}],"author":[{"embeddable":true,"href":"https:\/\/super-news.info\/es\/wp-json\/wp\/v2\/users\/2"}],"replies":[{"embeddable":true,"href":"https:\/\/super-news.info\/es\/wp-json\/wp\/v2\/comments?post=14023"}],"version-history":[{"count":1,"href":"https:\/\/super-news.info\/es\/wp-json\/wp\/v2\/posts\/14023\/revisions"}],"predecessor-version":[{"id":14025,"href":"https:\/\/super-news.info\/es\/wp-json\/wp\/v2\/posts\/14023\/revisions\/14025"}],"wp:featuredmedia":[{"embeddable":true,"href":"https:\/\/super-news.info\/es\/wp-json\/wp\/v2\/media\/14024"}],"wp:attachment":[{"href":"https:\/\/super-news.info\/es\/wp-json\/wp\/v2\/media?parent=14023"}],"wp:term":[{"taxonomy":"category","embeddable":true,"href":"https:\/\/super-news.info\/es\/wp-json\/wp\/v2\/categories?post=14023"},{"taxonomy":"post_tag","embeddable":true,"href":"https:\/\/super-news.info\/es\/wp-json\/wp\/v2\/tags?post=14023"}],"curies":[{"name":"wp","href":"https:\/\/api.w.org\/{rel}","templated":true}]}}