{"id":14020,"date":"2021-03-26T08:38:45","date_gmt":"2021-03-26T05:38:45","guid":{"rendered":"https:\/\/super-news.info\/es\/instituto-cervantes-elige-a-mi-querido-watson-para-su-30-aniversario\/"},"modified":"2021-03-26T08:38:49","modified_gmt":"2021-03-26T05:38:49","slug":"instituto-cervantes-elige-a-mi-querido-watson-para-su-30-aniversario","status":"publish","type":"post","link":"https:\/\/super-news.info\/es\/instituto-cervantes-elige-a-mi-querido-watson-para-su-30-aniversario\/","title":{"rendered":"Instituto Cervantes elige a Mi Querido Watson para su 30 aniversario"},"content":{"rendered":"<p>Instituto Cervantes organiz\u00f3 un concurso de agencias para plantear una campa\u00f1a por su 30 aniversario y result\u00f3 ganadora la independiente Mi Querido Watson.Instituto Cervantes fue fundado en 1991 para promover universalmente la ense\u00f1anza, el estudio y el uso del espa\u00f1ol; adem\u00e1s de contribuir a la difusi\u00f3n de las culturas hisp\u00e1nicas. Hoy, tres d\u00e9cadas despu\u00e9s, continua su labor en 88 ciudades de 45 pa\u00edses repartidos por los cinco continentes.<br \/>\nPara comunicarlo, la instituci\u00f3n organiz\u00f3 un concurso de agencias para plantear su campa\u00f1a anual conmemorativa del que result\u00f3 ganadora la independiente Mi Querido Watson.<br \/>\nA partir de ese momento, y siguiendo con la filosof\u00eda de la agencia basada en la cocreativity, llegamos al redescubrimiento de la figura del Hispanista. Ya no solo como la persona que estudia el espa\u00f1ol, sino como el apasionado por la lengua y la cultura hispanoamericana, el que influye en su entorno haci\u00e9ndolo m\u00e1s rico y diverso. Exactamente igual que el propio Instituto Cervantes. De aqu\u00ed surge el lema \u201c30 a\u00f1os creando hispanistas\u201d.<br \/>\nBajo este paraguas conceptual se ha desarrollado un amplio mapa de piezas que cubrir\u00e1 un a\u00f1o completo de contenidos:<br \/>\nLogotipo conmemorativo, identidad de marca del aniversario, v\u00eddeo de campa\u00f1a con la colaboraci\u00f3n de la cantante y actriz Ana Bel\u00e9n, calendario anual de tem\u00e1ticas y representantes (entre los que se incluyen personajes an\u00f3nimos y famosos como Sof\u00eda Vergara, Viggo Mortensen o el Premio Nobel Mario Vargas Llosa), dinamizaci\u00f3n de redes sociales, intervenci\u00f3n de la sede principal de Gran V\u00eda en Madrid y un largo etc\u00e9tera que, sin duda, acercar\u00e1n a todos los p\u00fablicos una instituci\u00f3n que es de todos.<\/p>\n<p>Si no visualiza correctamente el video embedded, haga clic aqu\u00ed.<br \/>\nNota de prensa.<\/p>\n<p>No te pierdas nada de MarketingDirecto.com y \u00fanete a nuestro Telegram t.me\/MarketingDirecto<\/p>\n<p>\n<!--noindex--><br \/>\n<a href=\"https:\/\/www.marketingdirecto.com\/marketing-general\/publicidad\/instituto-cervantes-elige-a-mi-querido-watson-para-cocrear-su-30-aniversario\" rel=\"nofollow\">Source link <\/a><br \/>\n<!--\/noindex--><\/p>\n","protected":false},"excerpt":{"rendered":"<p>Instituto Cervantes organiz\u00f3 un concurso de agencias para plantear una campa\u00f1a por su 30 aniversario y result\u00f3 ganadora la independiente Mi Querido Watson.Instituto Cervantes fue fundado en 1991 para promover universalmente la ense\u00f1anza, el estudio y el uso del espa\u00f1ol; adem\u00e1s de contribuir a la difusi\u00f3n de las culturas hisp\u00e1nicas. Hoy, tres d\u00e9cadas despu\u00e9s, continua [&hellip;]<\/p>\n","protected":false},"author":2,"featured_media":14021,"comment_status":"open","ping_status":"open","sticky":false,"template":"","format":"standard","meta":{"footnotes":""},"categories":[2],"tags":[],"class_list":["post-14020","post","type-post","status-publish","format-standard","has-post-thumbnail","hentry","category-noticias-de-marketing-digital"],"yoast_head":"<!-- This site is optimized with the Yoast SEO plugin v27.4 - https:\/\/yoast.com\/product\/yoast-seo-wordpress\/ -->\n<title>Instituto Cervantes elige a Mi Querido Watson para su 30 aniversario - Super News<\/title>\n<meta name=\"robots\" content=\"index, follow, max-snippet:-1, max-image-preview:large, max-video-preview:-1\" \/>\n<link rel=\"canonical\" href=\"https:\/\/super-news.info\/es\/instituto-cervantes-elige-a-mi-querido-watson-para-su-30-aniversario\/\" \/>\n<meta property=\"og:locale\" content=\"en_US\" \/>\n<meta property=\"og:type\" content=\"article\" \/>\n<meta property=\"og:title\" content=\"Instituto Cervantes elige a Mi Querido Watson para su 30 aniversario - Super News\" \/>\n<meta property=\"og:description\" content=\"Instituto Cervantes organiz\u00f3 un concurso de agencias para plantear una campa\u00f1a por su 30 aniversario y result\u00f3 ganadora la independiente Mi Querido Watson.Instituto Cervantes fue fundado en 1991 para promover universalmente la ense\u00f1anza, el estudio y el uso del espa\u00f1ol; adem\u00e1s de contribuir a la difusi\u00f3n de las culturas hisp\u00e1nicas. Hoy, tres d\u00e9cadas despu\u00e9s, continua [&hellip;]\" \/>\n<meta property=\"og:url\" content=\"https:\/\/super-news.info\/es\/instituto-cervantes-elige-a-mi-querido-watson-para-su-30-aniversario\/\" \/>\n<meta property=\"og:site_name\" content=\"Super News\" \/>\n<meta property=\"article:published_time\" content=\"2021-03-26T05:38:45+00:00\" \/>\n<meta property=\"article:modified_time\" content=\"2021-03-26T05:38:49+00:00\" \/>\n<meta property=\"og:image\" content=\"https:\/\/super-news.info\/es\/wp-content\/uploads\/sites\/4\/2021\/03\/Instituto-Cervantes-elige-a-Mi-Querido-Watson-para-su-30.jpg\" \/>\n\t<meta property=\"og:image:width\" content=\"1200\" \/>\n\t<meta property=\"og:image:height\" content=\"675\" \/>\n\t<meta property=\"og:image:type\" content=\"image\/jpeg\" \/>\n<meta name=\"author\" content=\"super-news\" \/>\n<meta name=\"twitter:card\" content=\"summary_large_image\" \/>\n<meta name=\"twitter:label1\" content=\"Written by\" \/>\n\t<meta name=\"twitter:data1\" content=\"super-news\" \/>\n\t<meta name=\"twitter:label2\" content=\"Est. reading time\" \/>\n\t<meta name=\"twitter:data2\" content=\"2 minutes\" \/>\n<script type=\"application\/ld+json\" class=\"yoast-schema-graph\">{\"@context\":\"https:\\\/\\\/schema.org\",\"@graph\":[{\"@type\":\"Article\",\"@id\":\"https:\\\/\\\/super-news.info\\\/es\\\/instituto-cervantes-elige-a-mi-querido-watson-para-su-30-aniversario\\\/#article\",\"isPartOf\":{\"@id\":\"https:\\\/\\\/super-news.info\\\/es\\\/instituto-cervantes-elige-a-mi-querido-watson-para-su-30-aniversario\\\/\"},\"author\":{\"name\":\"super-news\",\"@id\":\"https:\\\/\\\/super-news.info\\\/es\\\/#\\\/schema\\\/person\\\/2d4068cb2f39cd10008c2fce578a7356\"},\"headline\":\"Instituto Cervantes elige a Mi Querido Watson para su 30 aniversario\",\"datePublished\":\"2021-03-26T05:38:45+00:00\",\"dateModified\":\"2021-03-26T05:38:49+00:00\",\"mainEntityOfPage\":{\"@id\":\"https:\\\/\\\/super-news.info\\\/es\\\/instituto-cervantes-elige-a-mi-querido-watson-para-su-30-aniversario\\\/\"},\"wordCount\":330,\"commentCount\":0,\"image\":{\"@id\":\"https:\\\/\\\/super-news.info\\\/es\\\/instituto-cervantes-elige-a-mi-querido-watson-para-su-30-aniversario\\\/#primaryimage\"},\"thumbnailUrl\":\"https:\\\/\\\/super-news.info\\\/es\\\/wp-content\\\/uploads\\\/sites\\\/4\\\/2021\\\/03\\\/Instituto-Cervantes-elige-a-Mi-Querido-Watson-para-su-30.jpg\",\"articleSection\":[\"NOTICIAS DE MARKETING DIGITAL\"],\"inLanguage\":\"en-US\",\"potentialAction\":[{\"@type\":\"CommentAction\",\"name\":\"Comment\",\"target\":[\"https:\\\/\\\/super-news.info\\\/es\\\/instituto-cervantes-elige-a-mi-querido-watson-para-su-30-aniversario\\\/#respond\"]}]},{\"@type\":\"WebPage\",\"@id\":\"https:\\\/\\\/super-news.info\\\/es\\\/instituto-cervantes-elige-a-mi-querido-watson-para-su-30-aniversario\\\/\",\"url\":\"https:\\\/\\\/super-news.info\\\/es\\\/instituto-cervantes-elige-a-mi-querido-watson-para-su-30-aniversario\\\/\",\"name\":\"Instituto Cervantes elige a Mi Querido Watson para su 30 aniversario - Super News\",\"isPartOf\":{\"@id\":\"https:\\\/\\\/super-news.info\\\/es\\\/#website\"},\"primaryImageOfPage\":{\"@id\":\"https:\\\/\\\/super-news.info\\\/es\\\/instituto-cervantes-elige-a-mi-querido-watson-para-su-30-aniversario\\\/#primaryimage\"},\"image\":{\"@id\":\"https:\\\/\\\/super-news.info\\\/es\\\/instituto-cervantes-elige-a-mi-querido-watson-para-su-30-aniversario\\\/#primaryimage\"},\"thumbnailUrl\":\"https:\\\/\\\/super-news.info\\\/es\\\/wp-content\\\/uploads\\\/sites\\\/4\\\/2021\\\/03\\\/Instituto-Cervantes-elige-a-Mi-Querido-Watson-para-su-30.jpg\",\"datePublished\":\"2021-03-26T05:38:45+00:00\",\"dateModified\":\"2021-03-26T05:38:49+00:00\",\"author\":{\"@id\":\"https:\\\/\\\/super-news.info\\\/es\\\/#\\\/schema\\\/person\\\/2d4068cb2f39cd10008c2fce578a7356\"},\"breadcrumb\":{\"@id\":\"https:\\\/\\\/super-news.info\\\/es\\\/instituto-cervantes-elige-a-mi-querido-watson-para-su-30-aniversario\\\/#breadcrumb\"},\"inLanguage\":\"en-US\",\"potentialAction\":[{\"@type\":\"ReadAction\",\"target\":[\"https:\\\/\\\/super-news.info\\\/es\\\/instituto-cervantes-elige-a-mi-querido-watson-para-su-30-aniversario\\\/\"]}]},{\"@type\":\"ImageObject\",\"inLanguage\":\"en-US\",\"@id\":\"https:\\\/\\\/super-news.info\\\/es\\\/instituto-cervantes-elige-a-mi-querido-watson-para-su-30-aniversario\\\/#primaryimage\",\"url\":\"https:\\\/\\\/super-news.info\\\/es\\\/wp-content\\\/uploads\\\/sites\\\/4\\\/2021\\\/03\\\/Instituto-Cervantes-elige-a-Mi-Querido-Watson-para-su-30.jpg\",\"contentUrl\":\"https:\\\/\\\/super-news.info\\\/es\\\/wp-content\\\/uploads\\\/sites\\\/4\\\/2021\\\/03\\\/Instituto-Cervantes-elige-a-Mi-Querido-Watson-para-su-30.jpg\",\"width\":1200,\"height\":675,\"caption\":\"Instituto Cervantes elige a Mi Querido Watson para su 30 aniversario\"},{\"@type\":\"BreadcrumbList\",\"@id\":\"https:\\\/\\\/super-news.info\\\/es\\\/instituto-cervantes-elige-a-mi-querido-watson-para-su-30-aniversario\\\/#breadcrumb\",\"itemListElement\":[{\"@type\":\"ListItem\",\"position\":1,\"name\":\"\u0413\u043b\u0430\u0432\u043d\u0430\u044f \u0441\u0442\u0440\u0430\u043d\u0438\u0446\u0430\",\"item\":\"https:\\\/\\\/super-news.info\\\/es\\\/\"},{\"@type\":\"ListItem\",\"position\":2,\"name\":\"Instituto Cervantes elige a Mi Querido Watson para su 30 aniversario\"}]},{\"@type\":\"WebSite\",\"@id\":\"https:\\\/\\\/super-news.info\\\/es\\\/#website\",\"url\":\"https:\\\/\\\/super-news.info\\\/es\\\/\",\"name\":\"Super News\",\"description\":\"Super News Espa\u00f1a\",\"potentialAction\":[{\"@type\":\"SearchAction\",\"target\":{\"@type\":\"EntryPoint\",\"urlTemplate\":\"https:\\\/\\\/super-news.info\\\/es\\\/?s={search_term_string}\"},\"query-input\":{\"@type\":\"PropertyValueSpecification\",\"valueRequired\":true,\"valueName\":\"search_term_string\"}}],\"inLanguage\":\"en-US\"},{\"@type\":\"Person\",\"@id\":\"https:\\\/\\\/super-news.info\\\/es\\\/#\\\/schema\\\/person\\\/2d4068cb2f39cd10008c2fce578a7356\",\"name\":\"super-news\",\"image\":{\"@type\":\"ImageObject\",\"inLanguage\":\"en-US\",\"@id\":\"https:\\\/\\\/secure.gravatar.com\\\/avatar\\\/64ebac40b93f26a154f8a9b5b6fdccfc46f442b26b3dd6756dbff3bf9dc76fd7?s=96&d=mm&r=g\",\"url\":\"https:\\\/\\\/secure.gravatar.com\\\/avatar\\\/64ebac40b93f26a154f8a9b5b6fdccfc46f442b26b3dd6756dbff3bf9dc76fd7?s=96&d=mm&r=g\",\"contentUrl\":\"https:\\\/\\\/secure.gravatar.com\\\/avatar\\\/64ebac40b93f26a154f8a9b5b6fdccfc46f442b26b3dd6756dbff3bf9dc76fd7?s=96&d=mm&r=g\",\"caption\":\"super-news\"},\"url\":\"https:\\\/\\\/super-news.info\\\/es\\\/author\\\/pt\\\/\"}]}<\/script>\n<!-- \/ Yoast SEO plugin. -->","yoast_head_json":{"title":"Instituto Cervantes elige a Mi Querido Watson para su 30 aniversario - Super News","robots":{"index":"index","follow":"follow","max-snippet":"max-snippet:-1","max-image-preview":"max-image-preview:large","max-video-preview":"max-video-preview:-1"},"canonical":"https:\/\/super-news.info\/es\/instituto-cervantes-elige-a-mi-querido-watson-para-su-30-aniversario\/","og_locale":"en_US","og_type":"article","og_title":"Instituto Cervantes elige a Mi Querido Watson para su 30 aniversario - Super News","og_description":"Instituto Cervantes organiz\u00f3 un concurso de agencias para plantear una campa\u00f1a por su 30 aniversario y result\u00f3 ganadora la independiente Mi Querido Watson.Instituto Cervantes fue fundado en 1991 para promover universalmente la ense\u00f1anza, el estudio y el uso del espa\u00f1ol; adem\u00e1s de contribuir a la difusi\u00f3n de las culturas hisp\u00e1nicas. Hoy, tres d\u00e9cadas despu\u00e9s, continua [&hellip;]","og_url":"https:\/\/super-news.info\/es\/instituto-cervantes-elige-a-mi-querido-watson-para-su-30-aniversario\/","og_site_name":"Super News","article_published_time":"2021-03-26T05:38:45+00:00","article_modified_time":"2021-03-26T05:38:49+00:00","og_image":[{"width":1200,"height":675,"url":"https:\/\/super-news.info\/es\/wp-content\/uploads\/sites\/4\/2021\/03\/Instituto-Cervantes-elige-a-Mi-Querido-Watson-para-su-30.jpg","type":"image\/jpeg"}],"author":"super-news","twitter_card":"summary_large_image","twitter_misc":{"Written by":"super-news","Est. reading time":"2 minutes"},"schema":{"@context":"https:\/\/schema.org","@graph":[{"@type":"Article","@id":"https:\/\/super-news.info\/es\/instituto-cervantes-elige-a-mi-querido-watson-para-su-30-aniversario\/#article","isPartOf":{"@id":"https:\/\/super-news.info\/es\/instituto-cervantes-elige-a-mi-querido-watson-para-su-30-aniversario\/"},"author":{"name":"super-news","@id":"https:\/\/super-news.info\/es\/#\/schema\/person\/2d4068cb2f39cd10008c2fce578a7356"},"headline":"Instituto Cervantes elige a Mi Querido Watson para su 30 aniversario","datePublished":"2021-03-26T05:38:45+00:00","dateModified":"2021-03-26T05:38:49+00:00","mainEntityOfPage":{"@id":"https:\/\/super-news.info\/es\/instituto-cervantes-elige-a-mi-querido-watson-para-su-30-aniversario\/"},"wordCount":330,"commentCount":0,"image":{"@id":"https:\/\/super-news.info\/es\/instituto-cervantes-elige-a-mi-querido-watson-para-su-30-aniversario\/#primaryimage"},"thumbnailUrl":"https:\/\/super-news.info\/es\/wp-content\/uploads\/sites\/4\/2021\/03\/Instituto-Cervantes-elige-a-Mi-Querido-Watson-para-su-30.jpg","articleSection":["NOTICIAS DE MARKETING DIGITAL"],"inLanguage":"en-US","potentialAction":[{"@type":"CommentAction","name":"Comment","target":["https:\/\/super-news.info\/es\/instituto-cervantes-elige-a-mi-querido-watson-para-su-30-aniversario\/#respond"]}]},{"@type":"WebPage","@id":"https:\/\/super-news.info\/es\/instituto-cervantes-elige-a-mi-querido-watson-para-su-30-aniversario\/","url":"https:\/\/super-news.info\/es\/instituto-cervantes-elige-a-mi-querido-watson-para-su-30-aniversario\/","name":"Instituto Cervantes elige a Mi Querido Watson para su 30 aniversario - Super News","isPartOf":{"@id":"https:\/\/super-news.info\/es\/#website"},"primaryImageOfPage":{"@id":"https:\/\/super-news.info\/es\/instituto-cervantes-elige-a-mi-querido-watson-para-su-30-aniversario\/#primaryimage"},"image":{"@id":"https:\/\/super-news.info\/es\/instituto-cervantes-elige-a-mi-querido-watson-para-su-30-aniversario\/#primaryimage"},"thumbnailUrl":"https:\/\/super-news.info\/es\/wp-content\/uploads\/sites\/4\/2021\/03\/Instituto-Cervantes-elige-a-Mi-Querido-Watson-para-su-30.jpg","datePublished":"2021-03-26T05:38:45+00:00","dateModified":"2021-03-26T05:38:49+00:00","author":{"@id":"https:\/\/super-news.info\/es\/#\/schema\/person\/2d4068cb2f39cd10008c2fce578a7356"},"breadcrumb":{"@id":"https:\/\/super-news.info\/es\/instituto-cervantes-elige-a-mi-querido-watson-para-su-30-aniversario\/#breadcrumb"},"inLanguage":"en-US","potentialAction":[{"@type":"ReadAction","target":["https:\/\/super-news.info\/es\/instituto-cervantes-elige-a-mi-querido-watson-para-su-30-aniversario\/"]}]},{"@type":"ImageObject","inLanguage":"en-US","@id":"https:\/\/super-news.info\/es\/instituto-cervantes-elige-a-mi-querido-watson-para-su-30-aniversario\/#primaryimage","url":"https:\/\/super-news.info\/es\/wp-content\/uploads\/sites\/4\/2021\/03\/Instituto-Cervantes-elige-a-Mi-Querido-Watson-para-su-30.jpg","contentUrl":"https:\/\/super-news.info\/es\/wp-content\/uploads\/sites\/4\/2021\/03\/Instituto-Cervantes-elige-a-Mi-Querido-Watson-para-su-30.jpg","width":1200,"height":675,"caption":"Instituto Cervantes elige a Mi Querido Watson para su 30 aniversario"},{"@type":"BreadcrumbList","@id":"https:\/\/super-news.info\/es\/instituto-cervantes-elige-a-mi-querido-watson-para-su-30-aniversario\/#breadcrumb","itemListElement":[{"@type":"ListItem","position":1,"name":"\u0413\u043b\u0430\u0432\u043d\u0430\u044f \u0441\u0442\u0440\u0430\u043d\u0438\u0446\u0430","item":"https:\/\/super-news.info\/es\/"},{"@type":"ListItem","position":2,"name":"Instituto Cervantes elige a Mi Querido Watson para su 30 aniversario"}]},{"@type":"WebSite","@id":"https:\/\/super-news.info\/es\/#website","url":"https:\/\/super-news.info\/es\/","name":"Super News","description":"Super News Espa\u00f1a","potentialAction":[{"@type":"SearchAction","target":{"@type":"EntryPoint","urlTemplate":"https:\/\/super-news.info\/es\/?s={search_term_string}"},"query-input":{"@type":"PropertyValueSpecification","valueRequired":true,"valueName":"search_term_string"}}],"inLanguage":"en-US"},{"@type":"Person","@id":"https:\/\/super-news.info\/es\/#\/schema\/person\/2d4068cb2f39cd10008c2fce578a7356","name":"super-news","image":{"@type":"ImageObject","inLanguage":"en-US","@id":"https:\/\/secure.gravatar.com\/avatar\/64ebac40b93f26a154f8a9b5b6fdccfc46f442b26b3dd6756dbff3bf9dc76fd7?s=96&d=mm&r=g","url":"https:\/\/secure.gravatar.com\/avatar\/64ebac40b93f26a154f8a9b5b6fdccfc46f442b26b3dd6756dbff3bf9dc76fd7?s=96&d=mm&r=g","contentUrl":"https:\/\/secure.gravatar.com\/avatar\/64ebac40b93f26a154f8a9b5b6fdccfc46f442b26b3dd6756dbff3bf9dc76fd7?s=96&d=mm&r=g","caption":"super-news"},"url":"https:\/\/super-news.info\/es\/author\/pt\/"}]}},"_links":{"self":[{"href":"https:\/\/super-news.info\/es\/wp-json\/wp\/v2\/posts\/14020","targetHints":{"allow":["GET"]}}],"collection":[{"href":"https:\/\/super-news.info\/es\/wp-json\/wp\/v2\/posts"}],"about":[{"href":"https:\/\/super-news.info\/es\/wp-json\/wp\/v2\/types\/post"}],"author":[{"embeddable":true,"href":"https:\/\/super-news.info\/es\/wp-json\/wp\/v2\/users\/2"}],"replies":[{"embeddable":true,"href":"https:\/\/super-news.info\/es\/wp-json\/wp\/v2\/comments?post=14020"}],"version-history":[{"count":1,"href":"https:\/\/super-news.info\/es\/wp-json\/wp\/v2\/posts\/14020\/revisions"}],"predecessor-version":[{"id":14022,"href":"https:\/\/super-news.info\/es\/wp-json\/wp\/v2\/posts\/14020\/revisions\/14022"}],"wp:featuredmedia":[{"embeddable":true,"href":"https:\/\/super-news.info\/es\/wp-json\/wp\/v2\/media\/14021"}],"wp:attachment":[{"href":"https:\/\/super-news.info\/es\/wp-json\/wp\/v2\/media?parent=14020"}],"wp:term":[{"taxonomy":"category","embeddable":true,"href":"https:\/\/super-news.info\/es\/wp-json\/wp\/v2\/categories?post=14020"},{"taxonomy":"post_tag","embeddable":true,"href":"https:\/\/super-news.info\/es\/wp-json\/wp\/v2\/tags?post=14020"}],"curies":[{"name":"wp","href":"https:\/\/api.w.org\/{rel}","templated":true}]}}