{"id":14017,"date":"2021-03-26T06:48:07","date_gmt":"2021-03-26T03:48:07","guid":{"rendered":"https:\/\/super-news.info\/es\/guindos-estima-un-repunte-muy-fuerte-de-la-economia-en-la-eurozona-en-el-segundo-semestre-por-la-vacunacion\/"},"modified":"2021-03-26T06:48:09","modified_gmt":"2021-03-26T03:48:09","slug":"guindos-estima-un-repunte-muy-fuerte-de-la-economia-en-la-eurozona-en-el-segundo-semestre-por-la-vacunacion","status":"publish","type":"post","link":"https:\/\/super-news.info\/es\/guindos-estima-un-repunte-muy-fuerte-de-la-economia-en-la-eurozona-en-el-segundo-semestre-por-la-vacunacion\/","title":{"rendered":"Guindos estima un repunte &#8220;muy fuerte&#8221; de la econom\u00eda en la eurozona en el segundo semestre por la vacunaci\u00f3n"},"content":{"rendered":"<p>\nMADRID, 25 Mar. (EUROPA PRESS) &#8211;<br \/>\n   El vicepresidente del Banco Central Europeo (BCE), Luis de Guindos, ha pronosticado que el repunte de la actividad econ\u00f3mica en el conjunto de la zona euro ser\u00e1 &#8220;muy fuerte&#8221; en el segundo semestre como consecuencia de los efectos de la campa\u00f1a de vacunaci\u00f3n.<br \/>\n   &#8220;Si la vacunaci\u00f3n de la poblaci\u00f3n europea avanza a un buen ritmo, entonces podemos tener un segundo semestre del a\u00f1o muy positivo que yo creo que puede incluso sorprender&#8221;, ha indicado Guindos durante su participaci\u00f3n en la clausura del Observatorio de las Finanzas, organizado por &#8216;Invertia&#8217; y &#8216;El Espa\u00f1ol&#8217;.<br \/>\n   El vicepresidente del BCE tambi\u00e9n ha descartado que exista un riesgo de inflaci\u00f3n en Europa como consecuencia de los efectos colaterales de los programas de est\u00edmulos de Estados Unidos. Pese a ello, Guindos ha indicado que es probable que el conjunto de la eurozona cierre 2021 con un alza de precios de cerca del 2% como consecuencia de la recuperaci\u00f3n y de factores &#8220;t\u00e9cnicos&#8221; y &#8220;transitorios&#8221;.<br \/>\n   Por otro lado, el exministro espa\u00f1ol ha indicado, a pregunta sobre el euro digital, que las divisas digitales ser\u00e1n &#8220;una obligaci\u00f3n para todos los bancos centrales&#8221;, aunque ha admitido que es algo que se tiene que explorar e investigar &#8220;con cuidado&#8221;.<br \/>\n   El lanzamiento al mercado del euro digital &#8220;dar\u00eda la posibilidad de acceso a cuentas en euros digitales pr\u00e1cticamente a toda la poblaci\u00f3n europea en el banco central, y eso no es balad\u00ed&#8221;, ha apostillado.<br \/>\n<br \/>\n<!--noindex--><br \/>\n<a href=\"https:\/\/www.europapress.es\/economia\/finanzas-00340\/noticia-guindos-estima-repunte-muy-fuerte-economia-eurozona-segundo-semestre-vacunacion-20210325183610.html\" rel=\"nofollow\">Source link <\/a><br \/>\n<!--\/noindex--><\/p>\n","protected":false},"excerpt":{"rendered":"<p>MADRID, 25 Mar. (EUROPA PRESS) &#8211; El vicepresidente del Banco Central Europeo (BCE), Luis de Guindos, ha pronosticado que el repunte de la actividad econ\u00f3mica en el conjunto de la zona euro ser\u00e1 &#8220;muy fuerte&#8221; en el segundo semestre como consecuencia de los efectos de la campa\u00f1a de vacunaci\u00f3n. &#8220;Si la vacunaci\u00f3n de la poblaci\u00f3n [&hellip;]<\/p>\n","protected":false},"author":2,"featured_media":14018,"comment_status":"open","ping_status":"open","sticky":false,"template":"","format":"standard","meta":{"footnotes":""},"categories":[1],"tags":[],"class_list":["post-14017","post","type-post","status-publish","format-standard","has-post-thumbnail","hentry","category-noticias-financieras"],"yoast_head":"<!-- This site is optimized with the Yoast SEO plugin v27.4 - https:\/\/yoast.com\/product\/yoast-seo-wordpress\/ -->\n<title>Guindos estima un repunte &quot;muy fuerte&quot; de la econom\u00eda en la eurozona en el segundo semestre por la vacunaci\u00f3n - Super News<\/title>\n<meta name=\"robots\" content=\"index, follow, max-snippet:-1, max-image-preview:large, max-video-preview:-1\" \/>\n<link rel=\"canonical\" href=\"https:\/\/super-news.info\/es\/guindos-estima-un-repunte-muy-fuerte-de-la-economia-en-la-eurozona-en-el-segundo-semestre-por-la-vacunacion\/\" \/>\n<meta property=\"og:locale\" content=\"en_US\" \/>\n<meta property=\"og:type\" content=\"article\" \/>\n<meta property=\"og:title\" content=\"Guindos estima un repunte &quot;muy fuerte&quot; de la econom\u00eda en la eurozona en el segundo semestre por la vacunaci\u00f3n - Super News\" \/>\n<meta property=\"og:description\" content=\"MADRID, 25 Mar. (EUROPA PRESS) &#8211; El vicepresidente del Banco Central Europeo (BCE), Luis de Guindos, ha pronosticado que el repunte de la actividad econ\u00f3mica en el conjunto de la zona euro ser\u00e1 &#8220;muy fuerte&#8221; en el segundo semestre como consecuencia de los efectos de la campa\u00f1a de vacunaci\u00f3n. &#8220;Si la vacunaci\u00f3n de la poblaci\u00f3n [&hellip;]\" \/>\n<meta property=\"og:url\" content=\"https:\/\/super-news.info\/es\/guindos-estima-un-repunte-muy-fuerte-de-la-economia-en-la-eurozona-en-el-segundo-semestre-por-la-vacunacion\/\" \/>\n<meta property=\"og:site_name\" content=\"Super News\" \/>\n<meta property=\"article:published_time\" content=\"2021-03-26T03:48:07+00:00\" \/>\n<meta property=\"article:modified_time\" content=\"2021-03-26T03:48:09+00:00\" \/>\n<meta property=\"og:image\" content=\"https:\/\/super-news.info\/es\/wp-content\/uploads\/sites\/4\/2021\/03\/Guindos-estima-un-repunte-muy-fuerte-de-la-economia-en.jpg\" \/>\n\t<meta property=\"og:image:width\" content=\"120\" \/>\n\t<meta property=\"og:image:height\" content=\"67\" \/>\n\t<meta property=\"og:image:type\" content=\"image\/jpeg\" \/>\n<meta name=\"author\" content=\"super-news\" \/>\n<meta name=\"twitter:card\" content=\"summary_large_image\" \/>\n<meta name=\"twitter:label1\" content=\"Written by\" \/>\n\t<meta name=\"twitter:data1\" content=\"super-news\" \/>\n\t<meta name=\"twitter:label2\" content=\"Est. reading time\" \/>\n\t<meta name=\"twitter:data2\" content=\"1 minute\" \/>\n<script type=\"application\/ld+json\" class=\"yoast-schema-graph\">{\"@context\":\"https:\\\/\\\/schema.org\",\"@graph\":[{\"@type\":\"Article\",\"@id\":\"https:\\\/\\\/super-news.info\\\/es\\\/guindos-estima-un-repunte-muy-fuerte-de-la-economia-en-la-eurozona-en-el-segundo-semestre-por-la-vacunacion\\\/#article\",\"isPartOf\":{\"@id\":\"https:\\\/\\\/super-news.info\\\/es\\\/guindos-estima-un-repunte-muy-fuerte-de-la-economia-en-la-eurozona-en-el-segundo-semestre-por-la-vacunacion\\\/\"},\"author\":{\"name\":\"super-news\",\"@id\":\"https:\\\/\\\/super-news.info\\\/es\\\/#\\\/schema\\\/person\\\/2d4068cb2f39cd10008c2fce578a7356\"},\"headline\":\"Guindos estima un repunte &#8220;muy fuerte&#8221; de la econom\u00eda en la eurozona en el segundo semestre por la vacunaci\u00f3n\",\"datePublished\":\"2021-03-26T03:48:07+00:00\",\"dateModified\":\"2021-03-26T03:48:09+00:00\",\"mainEntityOfPage\":{\"@id\":\"https:\\\/\\\/super-news.info\\\/es\\\/guindos-estima-un-repunte-muy-fuerte-de-la-economia-en-la-eurozona-en-el-segundo-semestre-por-la-vacunacion\\\/\"},\"wordCount\":278,\"commentCount\":0,\"image\":{\"@id\":\"https:\\\/\\\/super-news.info\\\/es\\\/guindos-estima-un-repunte-muy-fuerte-de-la-economia-en-la-eurozona-en-el-segundo-semestre-por-la-vacunacion\\\/#primaryimage\"},\"thumbnailUrl\":\"https:\\\/\\\/super-news.info\\\/es\\\/wp-content\\\/uploads\\\/sites\\\/4\\\/2021\\\/03\\\/Guindos-estima-un-repunte-muy-fuerte-de-la-economia-en.jpg\",\"articleSection\":[\"NOTICIAS FINANCIERAS\"],\"inLanguage\":\"en-US\",\"potentialAction\":[{\"@type\":\"CommentAction\",\"name\":\"Comment\",\"target\":[\"https:\\\/\\\/super-news.info\\\/es\\\/guindos-estima-un-repunte-muy-fuerte-de-la-economia-en-la-eurozona-en-el-segundo-semestre-por-la-vacunacion\\\/#respond\"]}]},{\"@type\":\"WebPage\",\"@id\":\"https:\\\/\\\/super-news.info\\\/es\\\/guindos-estima-un-repunte-muy-fuerte-de-la-economia-en-la-eurozona-en-el-segundo-semestre-por-la-vacunacion\\\/\",\"url\":\"https:\\\/\\\/super-news.info\\\/es\\\/guindos-estima-un-repunte-muy-fuerte-de-la-economia-en-la-eurozona-en-el-segundo-semestre-por-la-vacunacion\\\/\",\"name\":\"Guindos estima un repunte \\\"muy fuerte\\\" de la econom\u00eda en la eurozona en el segundo semestre por la vacunaci\u00f3n - Super News\",\"isPartOf\":{\"@id\":\"https:\\\/\\\/super-news.info\\\/es\\\/#website\"},\"primaryImageOfPage\":{\"@id\":\"https:\\\/\\\/super-news.info\\\/es\\\/guindos-estima-un-repunte-muy-fuerte-de-la-economia-en-la-eurozona-en-el-segundo-semestre-por-la-vacunacion\\\/#primaryimage\"},\"image\":{\"@id\":\"https:\\\/\\\/super-news.info\\\/es\\\/guindos-estima-un-repunte-muy-fuerte-de-la-economia-en-la-eurozona-en-el-segundo-semestre-por-la-vacunacion\\\/#primaryimage\"},\"thumbnailUrl\":\"https:\\\/\\\/super-news.info\\\/es\\\/wp-content\\\/uploads\\\/sites\\\/4\\\/2021\\\/03\\\/Guindos-estima-un-repunte-muy-fuerte-de-la-economia-en.jpg\",\"datePublished\":\"2021-03-26T03:48:07+00:00\",\"dateModified\":\"2021-03-26T03:48:09+00:00\",\"author\":{\"@id\":\"https:\\\/\\\/super-news.info\\\/es\\\/#\\\/schema\\\/person\\\/2d4068cb2f39cd10008c2fce578a7356\"},\"breadcrumb\":{\"@id\":\"https:\\\/\\\/super-news.info\\\/es\\\/guindos-estima-un-repunte-muy-fuerte-de-la-economia-en-la-eurozona-en-el-segundo-semestre-por-la-vacunacion\\\/#breadcrumb\"},\"inLanguage\":\"en-US\",\"potentialAction\":[{\"@type\":\"ReadAction\",\"target\":[\"https:\\\/\\\/super-news.info\\\/es\\\/guindos-estima-un-repunte-muy-fuerte-de-la-economia-en-la-eurozona-en-el-segundo-semestre-por-la-vacunacion\\\/\"]}]},{\"@type\":\"ImageObject\",\"inLanguage\":\"en-US\",\"@id\":\"https:\\\/\\\/super-news.info\\\/es\\\/guindos-estima-un-repunte-muy-fuerte-de-la-economia-en-la-eurozona-en-el-segundo-semestre-por-la-vacunacion\\\/#primaryimage\",\"url\":\"https:\\\/\\\/super-news.info\\\/es\\\/wp-content\\\/uploads\\\/sites\\\/4\\\/2021\\\/03\\\/Guindos-estima-un-repunte-muy-fuerte-de-la-economia-en.jpg\",\"contentUrl\":\"https:\\\/\\\/super-news.info\\\/es\\\/wp-content\\\/uploads\\\/sites\\\/4\\\/2021\\\/03\\\/Guindos-estima-un-repunte-muy-fuerte-de-la-economia-en.jpg\",\"width\":120,\"height\":67,\"caption\":\"Guindos estima un repunte \\\"muy fuerte\\\" de la econom\u00eda en la eurozona en el segundo semestre por la vacunaci\u00f3n\"},{\"@type\":\"BreadcrumbList\",\"@id\":\"https:\\\/\\\/super-news.info\\\/es\\\/guindos-estima-un-repunte-muy-fuerte-de-la-economia-en-la-eurozona-en-el-segundo-semestre-por-la-vacunacion\\\/#breadcrumb\",\"itemListElement\":[{\"@type\":\"ListItem\",\"position\":1,\"name\":\"\u0413\u043b\u0430\u0432\u043d\u0430\u044f \u0441\u0442\u0440\u0430\u043d\u0438\u0446\u0430\",\"item\":\"https:\\\/\\\/super-news.info\\\/es\\\/\"},{\"@type\":\"ListItem\",\"position\":2,\"name\":\"Guindos estima un repunte &#8220;muy fuerte&#8221; de la econom\u00eda en la eurozona en el segundo semestre por la vacunaci\u00f3n\"}]},{\"@type\":\"WebSite\",\"@id\":\"https:\\\/\\\/super-news.info\\\/es\\\/#website\",\"url\":\"https:\\\/\\\/super-news.info\\\/es\\\/\",\"name\":\"Super News\",\"description\":\"Super News Espa\u00f1a\",\"potentialAction\":[{\"@type\":\"SearchAction\",\"target\":{\"@type\":\"EntryPoint\",\"urlTemplate\":\"https:\\\/\\\/super-news.info\\\/es\\\/?s={search_term_string}\"},\"query-input\":{\"@type\":\"PropertyValueSpecification\",\"valueRequired\":true,\"valueName\":\"search_term_string\"}}],\"inLanguage\":\"en-US\"},{\"@type\":\"Person\",\"@id\":\"https:\\\/\\\/super-news.info\\\/es\\\/#\\\/schema\\\/person\\\/2d4068cb2f39cd10008c2fce578a7356\",\"name\":\"super-news\",\"image\":{\"@type\":\"ImageObject\",\"inLanguage\":\"en-US\",\"@id\":\"https:\\\/\\\/secure.gravatar.com\\\/avatar\\\/64ebac40b93f26a154f8a9b5b6fdccfc46f442b26b3dd6756dbff3bf9dc76fd7?s=96&d=mm&r=g\",\"url\":\"https:\\\/\\\/secure.gravatar.com\\\/avatar\\\/64ebac40b93f26a154f8a9b5b6fdccfc46f442b26b3dd6756dbff3bf9dc76fd7?s=96&d=mm&r=g\",\"contentUrl\":\"https:\\\/\\\/secure.gravatar.com\\\/avatar\\\/64ebac40b93f26a154f8a9b5b6fdccfc46f442b26b3dd6756dbff3bf9dc76fd7?s=96&d=mm&r=g\",\"caption\":\"super-news\"},\"url\":\"https:\\\/\\\/super-news.info\\\/es\\\/author\\\/pt\\\/\"}]}<\/script>\n<!-- \/ Yoast SEO plugin. -->","yoast_head_json":{"title":"Guindos estima un repunte \"muy fuerte\" de la econom\u00eda en la eurozona en el segundo semestre por la vacunaci\u00f3n - Super News","robots":{"index":"index","follow":"follow","max-snippet":"max-snippet:-1","max-image-preview":"max-image-preview:large","max-video-preview":"max-video-preview:-1"},"canonical":"https:\/\/super-news.info\/es\/guindos-estima-un-repunte-muy-fuerte-de-la-economia-en-la-eurozona-en-el-segundo-semestre-por-la-vacunacion\/","og_locale":"en_US","og_type":"article","og_title":"Guindos estima un repunte \"muy fuerte\" de la econom\u00eda en la eurozona en el segundo semestre por la vacunaci\u00f3n - Super News","og_description":"MADRID, 25 Mar. (EUROPA PRESS) &#8211; El vicepresidente del Banco Central Europeo (BCE), Luis de Guindos, ha pronosticado que el repunte de la actividad econ\u00f3mica en el conjunto de la zona euro ser\u00e1 &#8220;muy fuerte&#8221; en el segundo semestre como consecuencia de los efectos de la campa\u00f1a de vacunaci\u00f3n. &#8220;Si la vacunaci\u00f3n de la poblaci\u00f3n [&hellip;]","og_url":"https:\/\/super-news.info\/es\/guindos-estima-un-repunte-muy-fuerte-de-la-economia-en-la-eurozona-en-el-segundo-semestre-por-la-vacunacion\/","og_site_name":"Super News","article_published_time":"2021-03-26T03:48:07+00:00","article_modified_time":"2021-03-26T03:48:09+00:00","og_image":[{"width":120,"height":67,"url":"https:\/\/super-news.info\/es\/wp-content\/uploads\/sites\/4\/2021\/03\/Guindos-estima-un-repunte-muy-fuerte-de-la-economia-en.jpg","type":"image\/jpeg"}],"author":"super-news","twitter_card":"summary_large_image","twitter_misc":{"Written by":"super-news","Est. reading time":"1 minute"},"schema":{"@context":"https:\/\/schema.org","@graph":[{"@type":"Article","@id":"https:\/\/super-news.info\/es\/guindos-estima-un-repunte-muy-fuerte-de-la-economia-en-la-eurozona-en-el-segundo-semestre-por-la-vacunacion\/#article","isPartOf":{"@id":"https:\/\/super-news.info\/es\/guindos-estima-un-repunte-muy-fuerte-de-la-economia-en-la-eurozona-en-el-segundo-semestre-por-la-vacunacion\/"},"author":{"name":"super-news","@id":"https:\/\/super-news.info\/es\/#\/schema\/person\/2d4068cb2f39cd10008c2fce578a7356"},"headline":"Guindos estima un repunte &#8220;muy fuerte&#8221; de la econom\u00eda en la eurozona en el segundo semestre por la vacunaci\u00f3n","datePublished":"2021-03-26T03:48:07+00:00","dateModified":"2021-03-26T03:48:09+00:00","mainEntityOfPage":{"@id":"https:\/\/super-news.info\/es\/guindos-estima-un-repunte-muy-fuerte-de-la-economia-en-la-eurozona-en-el-segundo-semestre-por-la-vacunacion\/"},"wordCount":278,"commentCount":0,"image":{"@id":"https:\/\/super-news.info\/es\/guindos-estima-un-repunte-muy-fuerte-de-la-economia-en-la-eurozona-en-el-segundo-semestre-por-la-vacunacion\/#primaryimage"},"thumbnailUrl":"https:\/\/super-news.info\/es\/wp-content\/uploads\/sites\/4\/2021\/03\/Guindos-estima-un-repunte-muy-fuerte-de-la-economia-en.jpg","articleSection":["NOTICIAS FINANCIERAS"],"inLanguage":"en-US","potentialAction":[{"@type":"CommentAction","name":"Comment","target":["https:\/\/super-news.info\/es\/guindos-estima-un-repunte-muy-fuerte-de-la-economia-en-la-eurozona-en-el-segundo-semestre-por-la-vacunacion\/#respond"]}]},{"@type":"WebPage","@id":"https:\/\/super-news.info\/es\/guindos-estima-un-repunte-muy-fuerte-de-la-economia-en-la-eurozona-en-el-segundo-semestre-por-la-vacunacion\/","url":"https:\/\/super-news.info\/es\/guindos-estima-un-repunte-muy-fuerte-de-la-economia-en-la-eurozona-en-el-segundo-semestre-por-la-vacunacion\/","name":"Guindos estima un repunte \"muy fuerte\" de la econom\u00eda en la eurozona en el segundo semestre por la vacunaci\u00f3n - Super News","isPartOf":{"@id":"https:\/\/super-news.info\/es\/#website"},"primaryImageOfPage":{"@id":"https:\/\/super-news.info\/es\/guindos-estima-un-repunte-muy-fuerte-de-la-economia-en-la-eurozona-en-el-segundo-semestre-por-la-vacunacion\/#primaryimage"},"image":{"@id":"https:\/\/super-news.info\/es\/guindos-estima-un-repunte-muy-fuerte-de-la-economia-en-la-eurozona-en-el-segundo-semestre-por-la-vacunacion\/#primaryimage"},"thumbnailUrl":"https:\/\/super-news.info\/es\/wp-content\/uploads\/sites\/4\/2021\/03\/Guindos-estima-un-repunte-muy-fuerte-de-la-economia-en.jpg","datePublished":"2021-03-26T03:48:07+00:00","dateModified":"2021-03-26T03:48:09+00:00","author":{"@id":"https:\/\/super-news.info\/es\/#\/schema\/person\/2d4068cb2f39cd10008c2fce578a7356"},"breadcrumb":{"@id":"https:\/\/super-news.info\/es\/guindos-estima-un-repunte-muy-fuerte-de-la-economia-en-la-eurozona-en-el-segundo-semestre-por-la-vacunacion\/#breadcrumb"},"inLanguage":"en-US","potentialAction":[{"@type":"ReadAction","target":["https:\/\/super-news.info\/es\/guindos-estima-un-repunte-muy-fuerte-de-la-economia-en-la-eurozona-en-el-segundo-semestre-por-la-vacunacion\/"]}]},{"@type":"ImageObject","inLanguage":"en-US","@id":"https:\/\/super-news.info\/es\/guindos-estima-un-repunte-muy-fuerte-de-la-economia-en-la-eurozona-en-el-segundo-semestre-por-la-vacunacion\/#primaryimage","url":"https:\/\/super-news.info\/es\/wp-content\/uploads\/sites\/4\/2021\/03\/Guindos-estima-un-repunte-muy-fuerte-de-la-economia-en.jpg","contentUrl":"https:\/\/super-news.info\/es\/wp-content\/uploads\/sites\/4\/2021\/03\/Guindos-estima-un-repunte-muy-fuerte-de-la-economia-en.jpg","width":120,"height":67,"caption":"Guindos estima un repunte \"muy fuerte\" de la econom\u00eda en la eurozona en el segundo semestre por la vacunaci\u00f3n"},{"@type":"BreadcrumbList","@id":"https:\/\/super-news.info\/es\/guindos-estima-un-repunte-muy-fuerte-de-la-economia-en-la-eurozona-en-el-segundo-semestre-por-la-vacunacion\/#breadcrumb","itemListElement":[{"@type":"ListItem","position":1,"name":"\u0413\u043b\u0430\u0432\u043d\u0430\u044f \u0441\u0442\u0440\u0430\u043d\u0438\u0446\u0430","item":"https:\/\/super-news.info\/es\/"},{"@type":"ListItem","position":2,"name":"Guindos estima un repunte &#8220;muy fuerte&#8221; de la econom\u00eda en la eurozona en el segundo semestre por la vacunaci\u00f3n"}]},{"@type":"WebSite","@id":"https:\/\/super-news.info\/es\/#website","url":"https:\/\/super-news.info\/es\/","name":"Super News","description":"Super News Espa\u00f1a","potentialAction":[{"@type":"SearchAction","target":{"@type":"EntryPoint","urlTemplate":"https:\/\/super-news.info\/es\/?s={search_term_string}"},"query-input":{"@type":"PropertyValueSpecification","valueRequired":true,"valueName":"search_term_string"}}],"inLanguage":"en-US"},{"@type":"Person","@id":"https:\/\/super-news.info\/es\/#\/schema\/person\/2d4068cb2f39cd10008c2fce578a7356","name":"super-news","image":{"@type":"ImageObject","inLanguage":"en-US","@id":"https:\/\/secure.gravatar.com\/avatar\/64ebac40b93f26a154f8a9b5b6fdccfc46f442b26b3dd6756dbff3bf9dc76fd7?s=96&d=mm&r=g","url":"https:\/\/secure.gravatar.com\/avatar\/64ebac40b93f26a154f8a9b5b6fdccfc46f442b26b3dd6756dbff3bf9dc76fd7?s=96&d=mm&r=g","contentUrl":"https:\/\/secure.gravatar.com\/avatar\/64ebac40b93f26a154f8a9b5b6fdccfc46f442b26b3dd6756dbff3bf9dc76fd7?s=96&d=mm&r=g","caption":"super-news"},"url":"https:\/\/super-news.info\/es\/author\/pt\/"}]}},"_links":{"self":[{"href":"https:\/\/super-news.info\/es\/wp-json\/wp\/v2\/posts\/14017","targetHints":{"allow":["GET"]}}],"collection":[{"href":"https:\/\/super-news.info\/es\/wp-json\/wp\/v2\/posts"}],"about":[{"href":"https:\/\/super-news.info\/es\/wp-json\/wp\/v2\/types\/post"}],"author":[{"embeddable":true,"href":"https:\/\/super-news.info\/es\/wp-json\/wp\/v2\/users\/2"}],"replies":[{"embeddable":true,"href":"https:\/\/super-news.info\/es\/wp-json\/wp\/v2\/comments?post=14017"}],"version-history":[{"count":1,"href":"https:\/\/super-news.info\/es\/wp-json\/wp\/v2\/posts\/14017\/revisions"}],"predecessor-version":[{"id":14019,"href":"https:\/\/super-news.info\/es\/wp-json\/wp\/v2\/posts\/14017\/revisions\/14019"}],"wp:featuredmedia":[{"embeddable":true,"href":"https:\/\/super-news.info\/es\/wp-json\/wp\/v2\/media\/14018"}],"wp:attachment":[{"href":"https:\/\/super-news.info\/es\/wp-json\/wp\/v2\/media?parent=14017"}],"wp:term":[{"taxonomy":"category","embeddable":true,"href":"https:\/\/super-news.info\/es\/wp-json\/wp\/v2\/categories?post=14017"},{"taxonomy":"post_tag","embeddable":true,"href":"https:\/\/super-news.info\/es\/wp-json\/wp\/v2\/tags?post=14017"}],"curies":[{"name":"wp","href":"https:\/\/api.w.org\/{rel}","templated":true}]}}