{"id":13986,"date":"2021-03-23T18:34:42","date_gmt":"2021-03-23T15:34:42","guid":{"rendered":"https:\/\/super-news.info\/es\/el-gobierno-aprobara-proximamente-un-paquete-de-2-000-millones-a-movilidad-electrica-y-rehabilitacion-energetica\/"},"modified":"2021-03-23T18:34:45","modified_gmt":"2021-03-23T15:34:45","slug":"el-gobierno-aprobara-proximamente-un-paquete-de-2-000-millones-a-movilidad-electrica-y-rehabilitacion-energetica","status":"publish","type":"post","link":"https:\/\/super-news.info\/es\/el-gobierno-aprobara-proximamente-un-paquete-de-2-000-millones-a-movilidad-electrica-y-rehabilitacion-energetica\/","title":{"rendered":"El Gobierno aprobar\u00e1 pr\u00f3ximamente un paquete de 2.000 millones a movilidad el\u00e9ctrica y rehabilitaci\u00f3n energ\u00e9tica"},"content":{"rendered":"<p><\/p>\n<p>Ribera prev\u00e9 que antes verano &#8220;estar\u00e1n pr\u00e1cticamente encarrilados&#8221; los 6.000 millones para este a\u00f1o del Plan de Recuperaci\u00f3n de su Ministerio<br \/>\n   MADRID, 23 Mar. (EUROPA PRESS) &#8211;<br \/>\n   El Gobierno aprobar\u00e1 &#8220;en las pr\u00f3ximas semanas&#8221; un paquete de ayudas de m\u00e1s de 2.000 millones de euros de los fondos europeos del Plan de Recuperaci\u00f3n que tendr\u00e1n por destino proyectos en movilidad el\u00e9ctrica, puntos de recarga, techos solares y la rehabilitaci\u00f3n energ\u00e9tica en edificios en municipios menores de 5.000 habitantes, seg\u00fan anunci\u00f3 la vicepresidenta cuarta del Gobierno y ministra para la Transici\u00f3n Ecol\u00f3gica y el Reto Demogr\u00e1fico, Teresa Ribera.<br \/>\n   En rueda de prensa tras el Consejo de Ministros, Ribera indic\u00f3 que los Presupuestos Generales del Estado (PGE) atribuyen del Plan de Recuperaci\u00f3n una partida a su Ministerio de unos 6.000 millones de euros  para este a\u00f1o, que &#8220;antes del verano estar\u00e1 pr\u00e1cticamente todo encarrilado&#8221;.<br \/>\n   El Ejecutivo ha aprobado este martes la distribuci\u00f3n territorial de los primeros fondos del Plan de Recuperaci\u00f3n, con un total de 581 millones vinculados a proyectos relacionados con la transici\u00f3n ecol\u00f3gica.<br \/>\n   Ribera indic\u00f3 que en las pr\u00f3ximas semanas se seguir\u00e1 con la &#8220;activaci\u00f3n y territorializaci\u00f3n de esos m\u00e1s de 2.000 millones de euros y posteriormente se seguir\u00e1 con otras l\u00edneas como la bioeconom\u00eda, la pol\u00edtica forestal, los parques nacionales, las reservas de la biosfera o la restauraci\u00f3n ecol\u00f3gica.<br \/>\n   Adem\u00e1s, indic\u00f3 que tambi\u00e9n hay medidas que tienen que ver con la ejecuci\u00f3n directa por parte del Ministerio que dirige, &#8220;como inversiones en agua o en protecci\u00f3n del litoral en las que la competencias residen en el Estado&#8221;.<br \/>\n   En \u00faltimo lugar, dej\u00f3 las partidas destinadas a materias que requieren &#8220;m\u00e1s trabajo para tomar las decisiones pertinentes y acertadas&#8221; y donde hay un componente de innovaci\u00f3n m\u00e1s significativo, como pueden ser el hidr\u00f3geno verde, el almacenamiento energ\u00e9tico o las renovables innovadoras o su integraci\u00f3n. &#8220;La ejecuci\u00f3n de estas partidas presupuestarias debe hacerse con cuidado y acierto e ir\u00e1n activ\u00e1ndose en los pr\u00f3ximos meses&#8221;, dijo.<br \/>\n<br \/>\n<!--noindex--><br \/>\n<a href=\"https:\/\/www.europapress.es\/economia\/energia-00341\/noticia-gobierno-aprobara-proximamente-paquete-2000-millones-movilidad-electrica-rehabilitacion-energetica-20210323143343.html\" rel=\"nofollow\">Source link <\/a><br \/>\n<!--\/noindex--><\/p>\n","protected":false},"excerpt":{"rendered":"<p>Ribera prev\u00e9 que antes verano &#8220;estar\u00e1n pr\u00e1cticamente encarrilados&#8221; los 6.000 millones para este a\u00f1o del Plan de Recuperaci\u00f3n de su Ministerio MADRID, 23 Mar. (EUROPA PRESS) &#8211; El Gobierno aprobar\u00e1 &#8220;en las pr\u00f3ximas semanas&#8221; un paquete de ayudas de m\u00e1s de 2.000 millones de euros de los fondos europeos del Plan de Recuperaci\u00f3n que tendr\u00e1n [&hellip;]<\/p>\n","protected":false},"author":2,"featured_media":13987,"comment_status":"open","ping_status":"open","sticky":false,"template":"","format":"standard","meta":{"footnotes":""},"categories":[1],"tags":[],"class_list":["post-13986","post","type-post","status-publish","format-standard","has-post-thumbnail","hentry","category-noticias-financieras"],"yoast_head":"<!-- This site is optimized with the Yoast SEO plugin v27.4 - https:\/\/yoast.com\/product\/yoast-seo-wordpress\/ -->\n<title>El Gobierno aprobar\u00e1 pr\u00f3ximamente un paquete de 2.000 millones a movilidad el\u00e9ctrica y rehabilitaci\u00f3n energ\u00e9tica - Super News<\/title>\n<meta name=\"robots\" content=\"index, follow, max-snippet:-1, max-image-preview:large, max-video-preview:-1\" \/>\n<link rel=\"canonical\" href=\"https:\/\/super-news.info\/es\/el-gobierno-aprobara-proximamente-un-paquete-de-2-000-millones-a-movilidad-electrica-y-rehabilitacion-energetica\/\" \/>\n<meta property=\"og:locale\" content=\"en_US\" \/>\n<meta property=\"og:type\" content=\"article\" \/>\n<meta property=\"og:title\" content=\"El Gobierno aprobar\u00e1 pr\u00f3ximamente un paquete de 2.000 millones a movilidad el\u00e9ctrica y rehabilitaci\u00f3n energ\u00e9tica - Super News\" \/>\n<meta property=\"og:description\" content=\"Ribera prev\u00e9 que antes verano &#8220;estar\u00e1n pr\u00e1cticamente encarrilados&#8221; los 6.000 millones para este a\u00f1o del Plan de Recuperaci\u00f3n de su Ministerio MADRID, 23 Mar. (EUROPA PRESS) &#8211; El Gobierno aprobar\u00e1 &#8220;en las pr\u00f3ximas semanas&#8221; un paquete de ayudas de m\u00e1s de 2.000 millones de euros de los fondos europeos del Plan de Recuperaci\u00f3n que tendr\u00e1n [&hellip;]\" \/>\n<meta property=\"og:url\" content=\"https:\/\/super-news.info\/es\/el-gobierno-aprobara-proximamente-un-paquete-de-2-000-millones-a-movilidad-electrica-y-rehabilitacion-energetica\/\" \/>\n<meta property=\"og:site_name\" content=\"Super News\" \/>\n<meta property=\"article:published_time\" content=\"2021-03-23T15:34:42+00:00\" \/>\n<meta property=\"article:modified_time\" content=\"2021-03-23T15:34:45+00:00\" \/>\n<meta property=\"og:image\" content=\"https:\/\/super-news.info\/es\/wp-content\/uploads\/sites\/4\/2021\/03\/El-Gobierno-aprobara-proximamente-un-paquete-de-2000-millones-a.jpg\" \/>\n\t<meta property=\"og:image:width\" content=\"120\" \/>\n\t<meta property=\"og:image:height\" content=\"80\" \/>\n\t<meta property=\"og:image:type\" content=\"image\/jpeg\" \/>\n<meta name=\"author\" content=\"super-news\" \/>\n<meta name=\"twitter:card\" content=\"summary_large_image\" \/>\n<meta name=\"twitter:label1\" content=\"Written by\" \/>\n\t<meta name=\"twitter:data1\" content=\"super-news\" \/>\n\t<meta name=\"twitter:label2\" content=\"Est. reading time\" \/>\n\t<meta name=\"twitter:data2\" content=\"2 minutes\" \/>\n<script type=\"application\/ld+json\" class=\"yoast-schema-graph\">{\"@context\":\"https:\\\/\\\/schema.org\",\"@graph\":[{\"@type\":\"Article\",\"@id\":\"https:\\\/\\\/super-news.info\\\/es\\\/el-gobierno-aprobara-proximamente-un-paquete-de-2-000-millones-a-movilidad-electrica-y-rehabilitacion-energetica\\\/#article\",\"isPartOf\":{\"@id\":\"https:\\\/\\\/super-news.info\\\/es\\\/el-gobierno-aprobara-proximamente-un-paquete-de-2-000-millones-a-movilidad-electrica-y-rehabilitacion-energetica\\\/\"},\"author\":{\"name\":\"super-news\",\"@id\":\"https:\\\/\\\/super-news.info\\\/es\\\/#\\\/schema\\\/person\\\/2d4068cb2f39cd10008c2fce578a7356\"},\"headline\":\"El Gobierno aprobar\u00e1 pr\u00f3ximamente un paquete de 2.000 millones a movilidad el\u00e9ctrica y rehabilitaci\u00f3n energ\u00e9tica\",\"datePublished\":\"2021-03-23T15:34:42+00:00\",\"dateModified\":\"2021-03-23T15:34:45+00:00\",\"mainEntityOfPage\":{\"@id\":\"https:\\\/\\\/super-news.info\\\/es\\\/el-gobierno-aprobara-proximamente-un-paquete-de-2-000-millones-a-movilidad-electrica-y-rehabilitacion-energetica\\\/\"},\"wordCount\":381,\"commentCount\":0,\"image\":{\"@id\":\"https:\\\/\\\/super-news.info\\\/es\\\/el-gobierno-aprobara-proximamente-un-paquete-de-2-000-millones-a-movilidad-electrica-y-rehabilitacion-energetica\\\/#primaryimage\"},\"thumbnailUrl\":\"https:\\\/\\\/super-news.info\\\/es\\\/wp-content\\\/uploads\\\/sites\\\/4\\\/2021\\\/03\\\/El-Gobierno-aprobara-proximamente-un-paquete-de-2000-millones-a.jpg\",\"articleSection\":[\"NOTICIAS FINANCIERAS\"],\"inLanguage\":\"en-US\",\"potentialAction\":[{\"@type\":\"CommentAction\",\"name\":\"Comment\",\"target\":[\"https:\\\/\\\/super-news.info\\\/es\\\/el-gobierno-aprobara-proximamente-un-paquete-de-2-000-millones-a-movilidad-electrica-y-rehabilitacion-energetica\\\/#respond\"]}]},{\"@type\":\"WebPage\",\"@id\":\"https:\\\/\\\/super-news.info\\\/es\\\/el-gobierno-aprobara-proximamente-un-paquete-de-2-000-millones-a-movilidad-electrica-y-rehabilitacion-energetica\\\/\",\"url\":\"https:\\\/\\\/super-news.info\\\/es\\\/el-gobierno-aprobara-proximamente-un-paquete-de-2-000-millones-a-movilidad-electrica-y-rehabilitacion-energetica\\\/\",\"name\":\"El Gobierno aprobar\u00e1 pr\u00f3ximamente un paquete de 2.000 millones a movilidad el\u00e9ctrica y rehabilitaci\u00f3n energ\u00e9tica - Super News\",\"isPartOf\":{\"@id\":\"https:\\\/\\\/super-news.info\\\/es\\\/#website\"},\"primaryImageOfPage\":{\"@id\":\"https:\\\/\\\/super-news.info\\\/es\\\/el-gobierno-aprobara-proximamente-un-paquete-de-2-000-millones-a-movilidad-electrica-y-rehabilitacion-energetica\\\/#primaryimage\"},\"image\":{\"@id\":\"https:\\\/\\\/super-news.info\\\/es\\\/el-gobierno-aprobara-proximamente-un-paquete-de-2-000-millones-a-movilidad-electrica-y-rehabilitacion-energetica\\\/#primaryimage\"},\"thumbnailUrl\":\"https:\\\/\\\/super-news.info\\\/es\\\/wp-content\\\/uploads\\\/sites\\\/4\\\/2021\\\/03\\\/El-Gobierno-aprobara-proximamente-un-paquete-de-2000-millones-a.jpg\",\"datePublished\":\"2021-03-23T15:34:42+00:00\",\"dateModified\":\"2021-03-23T15:34:45+00:00\",\"author\":{\"@id\":\"https:\\\/\\\/super-news.info\\\/es\\\/#\\\/schema\\\/person\\\/2d4068cb2f39cd10008c2fce578a7356\"},\"breadcrumb\":{\"@id\":\"https:\\\/\\\/super-news.info\\\/es\\\/el-gobierno-aprobara-proximamente-un-paquete-de-2-000-millones-a-movilidad-electrica-y-rehabilitacion-energetica\\\/#breadcrumb\"},\"inLanguage\":\"en-US\",\"potentialAction\":[{\"@type\":\"ReadAction\",\"target\":[\"https:\\\/\\\/super-news.info\\\/es\\\/el-gobierno-aprobara-proximamente-un-paquete-de-2-000-millones-a-movilidad-electrica-y-rehabilitacion-energetica\\\/\"]}]},{\"@type\":\"ImageObject\",\"inLanguage\":\"en-US\",\"@id\":\"https:\\\/\\\/super-news.info\\\/es\\\/el-gobierno-aprobara-proximamente-un-paquete-de-2-000-millones-a-movilidad-electrica-y-rehabilitacion-energetica\\\/#primaryimage\",\"url\":\"https:\\\/\\\/super-news.info\\\/es\\\/wp-content\\\/uploads\\\/sites\\\/4\\\/2021\\\/03\\\/El-Gobierno-aprobara-proximamente-un-paquete-de-2000-millones-a.jpg\",\"contentUrl\":\"https:\\\/\\\/super-news.info\\\/es\\\/wp-content\\\/uploads\\\/sites\\\/4\\\/2021\\\/03\\\/El-Gobierno-aprobara-proximamente-un-paquete-de-2000-millones-a.jpg\",\"width\":120,\"height\":80,\"caption\":\"El Gobierno aprobar\u00e1 pr\u00f3ximamente un paquete de 2.000 millones a movilidad el\u00e9ctrica y rehabilitaci\u00f3n energ\u00e9tica\"},{\"@type\":\"BreadcrumbList\",\"@id\":\"https:\\\/\\\/super-news.info\\\/es\\\/el-gobierno-aprobara-proximamente-un-paquete-de-2-000-millones-a-movilidad-electrica-y-rehabilitacion-energetica\\\/#breadcrumb\",\"itemListElement\":[{\"@type\":\"ListItem\",\"position\":1,\"name\":\"\u0413\u043b\u0430\u0432\u043d\u0430\u044f \u0441\u0442\u0440\u0430\u043d\u0438\u0446\u0430\",\"item\":\"https:\\\/\\\/super-news.info\\\/es\\\/\"},{\"@type\":\"ListItem\",\"position\":2,\"name\":\"El Gobierno aprobar\u00e1 pr\u00f3ximamente un paquete de 2.000 millones a movilidad el\u00e9ctrica y rehabilitaci\u00f3n energ\u00e9tica\"}]},{\"@type\":\"WebSite\",\"@id\":\"https:\\\/\\\/super-news.info\\\/es\\\/#website\",\"url\":\"https:\\\/\\\/super-news.info\\\/es\\\/\",\"name\":\"Super News\",\"description\":\"Super News Espa\u00f1a\",\"potentialAction\":[{\"@type\":\"SearchAction\",\"target\":{\"@type\":\"EntryPoint\",\"urlTemplate\":\"https:\\\/\\\/super-news.info\\\/es\\\/?s={search_term_string}\"},\"query-input\":{\"@type\":\"PropertyValueSpecification\",\"valueRequired\":true,\"valueName\":\"search_term_string\"}}],\"inLanguage\":\"en-US\"},{\"@type\":\"Person\",\"@id\":\"https:\\\/\\\/super-news.info\\\/es\\\/#\\\/schema\\\/person\\\/2d4068cb2f39cd10008c2fce578a7356\",\"name\":\"super-news\",\"image\":{\"@type\":\"ImageObject\",\"inLanguage\":\"en-US\",\"@id\":\"https:\\\/\\\/secure.gravatar.com\\\/avatar\\\/64ebac40b93f26a154f8a9b5b6fdccfc46f442b26b3dd6756dbff3bf9dc76fd7?s=96&d=mm&r=g\",\"url\":\"https:\\\/\\\/secure.gravatar.com\\\/avatar\\\/64ebac40b93f26a154f8a9b5b6fdccfc46f442b26b3dd6756dbff3bf9dc76fd7?s=96&d=mm&r=g\",\"contentUrl\":\"https:\\\/\\\/secure.gravatar.com\\\/avatar\\\/64ebac40b93f26a154f8a9b5b6fdccfc46f442b26b3dd6756dbff3bf9dc76fd7?s=96&d=mm&r=g\",\"caption\":\"super-news\"},\"url\":\"https:\\\/\\\/super-news.info\\\/es\\\/author\\\/pt\\\/\"}]}<\/script>\n<!-- \/ Yoast SEO plugin. -->","yoast_head_json":{"title":"El Gobierno aprobar\u00e1 pr\u00f3ximamente un paquete de 2.000 millones a movilidad el\u00e9ctrica y rehabilitaci\u00f3n energ\u00e9tica - Super News","robots":{"index":"index","follow":"follow","max-snippet":"max-snippet:-1","max-image-preview":"max-image-preview:large","max-video-preview":"max-video-preview:-1"},"canonical":"https:\/\/super-news.info\/es\/el-gobierno-aprobara-proximamente-un-paquete-de-2-000-millones-a-movilidad-electrica-y-rehabilitacion-energetica\/","og_locale":"en_US","og_type":"article","og_title":"El Gobierno aprobar\u00e1 pr\u00f3ximamente un paquete de 2.000 millones a movilidad el\u00e9ctrica y rehabilitaci\u00f3n energ\u00e9tica - Super News","og_description":"Ribera prev\u00e9 que antes verano &#8220;estar\u00e1n pr\u00e1cticamente encarrilados&#8221; los 6.000 millones para este a\u00f1o del Plan de Recuperaci\u00f3n de su Ministerio MADRID, 23 Mar. (EUROPA PRESS) &#8211; El Gobierno aprobar\u00e1 &#8220;en las pr\u00f3ximas semanas&#8221; un paquete de ayudas de m\u00e1s de 2.000 millones de euros de los fondos europeos del Plan de Recuperaci\u00f3n que tendr\u00e1n [&hellip;]","og_url":"https:\/\/super-news.info\/es\/el-gobierno-aprobara-proximamente-un-paquete-de-2-000-millones-a-movilidad-electrica-y-rehabilitacion-energetica\/","og_site_name":"Super News","article_published_time":"2021-03-23T15:34:42+00:00","article_modified_time":"2021-03-23T15:34:45+00:00","og_image":[{"width":120,"height":80,"url":"https:\/\/super-news.info\/es\/wp-content\/uploads\/sites\/4\/2021\/03\/El-Gobierno-aprobara-proximamente-un-paquete-de-2000-millones-a.jpg","type":"image\/jpeg"}],"author":"super-news","twitter_card":"summary_large_image","twitter_misc":{"Written by":"super-news","Est. reading time":"2 minutes"},"schema":{"@context":"https:\/\/schema.org","@graph":[{"@type":"Article","@id":"https:\/\/super-news.info\/es\/el-gobierno-aprobara-proximamente-un-paquete-de-2-000-millones-a-movilidad-electrica-y-rehabilitacion-energetica\/#article","isPartOf":{"@id":"https:\/\/super-news.info\/es\/el-gobierno-aprobara-proximamente-un-paquete-de-2-000-millones-a-movilidad-electrica-y-rehabilitacion-energetica\/"},"author":{"name":"super-news","@id":"https:\/\/super-news.info\/es\/#\/schema\/person\/2d4068cb2f39cd10008c2fce578a7356"},"headline":"El Gobierno aprobar\u00e1 pr\u00f3ximamente un paquete de 2.000 millones a movilidad el\u00e9ctrica y rehabilitaci\u00f3n energ\u00e9tica","datePublished":"2021-03-23T15:34:42+00:00","dateModified":"2021-03-23T15:34:45+00:00","mainEntityOfPage":{"@id":"https:\/\/super-news.info\/es\/el-gobierno-aprobara-proximamente-un-paquete-de-2-000-millones-a-movilidad-electrica-y-rehabilitacion-energetica\/"},"wordCount":381,"commentCount":0,"image":{"@id":"https:\/\/super-news.info\/es\/el-gobierno-aprobara-proximamente-un-paquete-de-2-000-millones-a-movilidad-electrica-y-rehabilitacion-energetica\/#primaryimage"},"thumbnailUrl":"https:\/\/super-news.info\/es\/wp-content\/uploads\/sites\/4\/2021\/03\/El-Gobierno-aprobara-proximamente-un-paquete-de-2000-millones-a.jpg","articleSection":["NOTICIAS FINANCIERAS"],"inLanguage":"en-US","potentialAction":[{"@type":"CommentAction","name":"Comment","target":["https:\/\/super-news.info\/es\/el-gobierno-aprobara-proximamente-un-paquete-de-2-000-millones-a-movilidad-electrica-y-rehabilitacion-energetica\/#respond"]}]},{"@type":"WebPage","@id":"https:\/\/super-news.info\/es\/el-gobierno-aprobara-proximamente-un-paquete-de-2-000-millones-a-movilidad-electrica-y-rehabilitacion-energetica\/","url":"https:\/\/super-news.info\/es\/el-gobierno-aprobara-proximamente-un-paquete-de-2-000-millones-a-movilidad-electrica-y-rehabilitacion-energetica\/","name":"El Gobierno aprobar\u00e1 pr\u00f3ximamente un paquete de 2.000 millones a movilidad el\u00e9ctrica y rehabilitaci\u00f3n energ\u00e9tica - Super News","isPartOf":{"@id":"https:\/\/super-news.info\/es\/#website"},"primaryImageOfPage":{"@id":"https:\/\/super-news.info\/es\/el-gobierno-aprobara-proximamente-un-paquete-de-2-000-millones-a-movilidad-electrica-y-rehabilitacion-energetica\/#primaryimage"},"image":{"@id":"https:\/\/super-news.info\/es\/el-gobierno-aprobara-proximamente-un-paquete-de-2-000-millones-a-movilidad-electrica-y-rehabilitacion-energetica\/#primaryimage"},"thumbnailUrl":"https:\/\/super-news.info\/es\/wp-content\/uploads\/sites\/4\/2021\/03\/El-Gobierno-aprobara-proximamente-un-paquete-de-2000-millones-a.jpg","datePublished":"2021-03-23T15:34:42+00:00","dateModified":"2021-03-23T15:34:45+00:00","author":{"@id":"https:\/\/super-news.info\/es\/#\/schema\/person\/2d4068cb2f39cd10008c2fce578a7356"},"breadcrumb":{"@id":"https:\/\/super-news.info\/es\/el-gobierno-aprobara-proximamente-un-paquete-de-2-000-millones-a-movilidad-electrica-y-rehabilitacion-energetica\/#breadcrumb"},"inLanguage":"en-US","potentialAction":[{"@type":"ReadAction","target":["https:\/\/super-news.info\/es\/el-gobierno-aprobara-proximamente-un-paquete-de-2-000-millones-a-movilidad-electrica-y-rehabilitacion-energetica\/"]}]},{"@type":"ImageObject","inLanguage":"en-US","@id":"https:\/\/super-news.info\/es\/el-gobierno-aprobara-proximamente-un-paquete-de-2-000-millones-a-movilidad-electrica-y-rehabilitacion-energetica\/#primaryimage","url":"https:\/\/super-news.info\/es\/wp-content\/uploads\/sites\/4\/2021\/03\/El-Gobierno-aprobara-proximamente-un-paquete-de-2000-millones-a.jpg","contentUrl":"https:\/\/super-news.info\/es\/wp-content\/uploads\/sites\/4\/2021\/03\/El-Gobierno-aprobara-proximamente-un-paquete-de-2000-millones-a.jpg","width":120,"height":80,"caption":"El Gobierno aprobar\u00e1 pr\u00f3ximamente un paquete de 2.000 millones a movilidad el\u00e9ctrica y rehabilitaci\u00f3n energ\u00e9tica"},{"@type":"BreadcrumbList","@id":"https:\/\/super-news.info\/es\/el-gobierno-aprobara-proximamente-un-paquete-de-2-000-millones-a-movilidad-electrica-y-rehabilitacion-energetica\/#breadcrumb","itemListElement":[{"@type":"ListItem","position":1,"name":"\u0413\u043b\u0430\u0432\u043d\u0430\u044f \u0441\u0442\u0440\u0430\u043d\u0438\u0446\u0430","item":"https:\/\/super-news.info\/es\/"},{"@type":"ListItem","position":2,"name":"El Gobierno aprobar\u00e1 pr\u00f3ximamente un paquete de 2.000 millones a movilidad el\u00e9ctrica y rehabilitaci\u00f3n energ\u00e9tica"}]},{"@type":"WebSite","@id":"https:\/\/super-news.info\/es\/#website","url":"https:\/\/super-news.info\/es\/","name":"Super News","description":"Super News Espa\u00f1a","potentialAction":[{"@type":"SearchAction","target":{"@type":"EntryPoint","urlTemplate":"https:\/\/super-news.info\/es\/?s={search_term_string}"},"query-input":{"@type":"PropertyValueSpecification","valueRequired":true,"valueName":"search_term_string"}}],"inLanguage":"en-US"},{"@type":"Person","@id":"https:\/\/super-news.info\/es\/#\/schema\/person\/2d4068cb2f39cd10008c2fce578a7356","name":"super-news","image":{"@type":"ImageObject","inLanguage":"en-US","@id":"https:\/\/secure.gravatar.com\/avatar\/64ebac40b93f26a154f8a9b5b6fdccfc46f442b26b3dd6756dbff3bf9dc76fd7?s=96&d=mm&r=g","url":"https:\/\/secure.gravatar.com\/avatar\/64ebac40b93f26a154f8a9b5b6fdccfc46f442b26b3dd6756dbff3bf9dc76fd7?s=96&d=mm&r=g","contentUrl":"https:\/\/secure.gravatar.com\/avatar\/64ebac40b93f26a154f8a9b5b6fdccfc46f442b26b3dd6756dbff3bf9dc76fd7?s=96&d=mm&r=g","caption":"super-news"},"url":"https:\/\/super-news.info\/es\/author\/pt\/"}]}},"_links":{"self":[{"href":"https:\/\/super-news.info\/es\/wp-json\/wp\/v2\/posts\/13986","targetHints":{"allow":["GET"]}}],"collection":[{"href":"https:\/\/super-news.info\/es\/wp-json\/wp\/v2\/posts"}],"about":[{"href":"https:\/\/super-news.info\/es\/wp-json\/wp\/v2\/types\/post"}],"author":[{"embeddable":true,"href":"https:\/\/super-news.info\/es\/wp-json\/wp\/v2\/users\/2"}],"replies":[{"embeddable":true,"href":"https:\/\/super-news.info\/es\/wp-json\/wp\/v2\/comments?post=13986"}],"version-history":[{"count":1,"href":"https:\/\/super-news.info\/es\/wp-json\/wp\/v2\/posts\/13986\/revisions"}],"predecessor-version":[{"id":13988,"href":"https:\/\/super-news.info\/es\/wp-json\/wp\/v2\/posts\/13986\/revisions\/13988"}],"wp:featuredmedia":[{"embeddable":true,"href":"https:\/\/super-news.info\/es\/wp-json\/wp\/v2\/media\/13987"}],"wp:attachment":[{"href":"https:\/\/super-news.info\/es\/wp-json\/wp\/v2\/media?parent=13986"}],"wp:term":[{"taxonomy":"category","embeddable":true,"href":"https:\/\/super-news.info\/es\/wp-json\/wp\/v2\/categories?post=13986"},{"taxonomy":"post_tag","embeddable":true,"href":"https:\/\/super-news.info\/es\/wp-json\/wp\/v2\/tags?post=13986"}],"curies":[{"name":"wp","href":"https:\/\/api.w.org\/{rel}","templated":true}]}}