{"id":13983,"date":"2021-03-23T08:30:44","date_gmt":"2021-03-23T05:30:44","guid":{"rendered":"https:\/\/super-news.info\/es\/50-anos-de-la-seccion-femenina-del-rcd-espanyol-marketing-directo\/"},"modified":"2021-03-23T08:30:47","modified_gmt":"2021-03-23T05:30:47","slug":"50-anos-de-la-seccion-femenina-del-rcd-espanyol-marketing-directo","status":"publish","type":"post","link":"https:\/\/super-news.info\/es\/50-anos-de-la-seccion-femenina-del-rcd-espanyol-marketing-directo\/","title":{"rendered":"50 a\u00f1os\u00a0de la secci\u00f3n femenina del RCD Espanyol | Marketing Directo"},"content":{"rendered":"<p>El primer equipo femenino del RCD Espanyol se ha enfrentado a la Real Sociedad en un encuentro con historia. El primer equipo de la secci\u00f3n femenina del RCD Espanyol celebr\u00f3 su 50 aniversario ayer 21 de marzo y lo hizo en un acto conmemorativo con un partido ante la Real Sociedad en la Ciudad Deportiva Dani Jarque. Para la ocasi\u00f3n, CaixaBank, como patrocinador del equipo perico y socio financiero, tuvo presencia especial en la el\u00e1stica de las blanquiazules. De forma exclusiva para ese encuentro, la marca de la entidad financiera apareci\u00f3 en la manga izquierda de la camiseta.\u00a0<br \/>\nCaixaBank, que mantiene una vinculaci\u00f3n con el RCD Espanyol desde hace m\u00e1s de 25 a\u00f1os, ha querido mostrar su compromiso y su apoyo al club mediante este gesto. As\u00ed mismo, la imagen de la entidad financiera estuvo presente en la Ciudad Deportiva Dani Jarque y a trav\u00e9s de las redes sociales del club. Para CaixaBank, el patrocinio deportivo es una herramienta que ayuda a reafirmar los valores de su marca mediante el trabajo en equipo, el esfuerzo, la superaci\u00f3n y el liderazgo, valores que tienen especial importancia en el mundo del deporte.\u00a0<br \/>\nAcciones para la conmemoraci\u00f3n del 50 aniversario\u00a0<br \/>\nEl partido ante la Real Sociedad fue el elegido para celebrar la conmemoraci\u00f3n del 50 aniversario ya que dicha jornada se disput\u00f3 en la Ciudad Deportiva Dani Jarque. Adem\u00e1s, se ha creado un escudo conmemorativo que las jugadoras lucir\u00e1n en sus el\u00e1sticas durante toda la temporada y que estrenar\u00e1n el pr\u00f3ximo 28 de marzo durante la jornada 24 de la Primera Iberdrola, el mismo fin de semana que las pioneras ganaron la copa Pernod en el Camp Nou, la primera competici\u00f3n oficial de la secci\u00f3n femenina del RCD Espanyol.<br \/>\nDe igual forma, y para seguir con las celebraciones, se ha estrenado un mini documental que repasa las haza\u00f1as de algunas de las jugadoras m\u00e1s emblem\u00e1ticas que han pasado por el equipo femenino.\u00a0<br \/>\nLos \u00e9xitos deportivos y sociales de la hist\u00f3rica secci\u00f3n deportiva del club promueven que las marcas quieran tener presencia y colaborar con el equipo de manera continuada.\u00a0<br \/>\nNota de prensa.<\/p>\n<p>No te pierdas nada de MarketingDirecto.com y \u00fanete a nuestro Telegram t.me\/MarketingDirecto<\/p>\n<p>\n<!--noindex--><br \/>\n<a href=\"https:\/\/www.marketingdirecto.com\/anunciantes-general\/anunciantes\/el-rcd-espanyol-femenino-y-caixabank-celebran-los-50-anos-de-la-seccion\" rel=\"nofollow\">Source link <\/a><br \/>\n<!--\/noindex--><\/p>\n","protected":false},"excerpt":{"rendered":"<p>El primer equipo femenino del RCD Espanyol se ha enfrentado a la Real Sociedad en un encuentro con historia. El primer equipo de la secci\u00f3n femenina del RCD Espanyol celebr\u00f3 su 50 aniversario ayer 21 de marzo y lo hizo en un acto conmemorativo con un partido ante la Real Sociedad en la Ciudad Deportiva [&hellip;]<\/p>\n","protected":false},"author":2,"featured_media":13984,"comment_status":"open","ping_status":"open","sticky":false,"template":"","format":"standard","meta":{"footnotes":""},"categories":[2],"tags":[],"class_list":["post-13983","post","type-post","status-publish","format-standard","has-post-thumbnail","hentry","category-noticias-de-marketing-digital"],"yoast_head":"<!-- This site is optimized with the Yoast SEO plugin v27.4 - https:\/\/yoast.com\/product\/yoast-seo-wordpress\/ -->\n<title>50 a\u00f1os\u00a0de la secci\u00f3n femenina del RCD Espanyol | Marketing Directo - Super News<\/title>\n<meta name=\"robots\" content=\"index, follow, max-snippet:-1, max-image-preview:large, max-video-preview:-1\" \/>\n<link rel=\"canonical\" href=\"https:\/\/super-news.info\/es\/50-anos-de-la-seccion-femenina-del-rcd-espanyol-marketing-directo\/\" \/>\n<meta property=\"og:locale\" content=\"en_US\" \/>\n<meta property=\"og:type\" content=\"article\" \/>\n<meta property=\"og:title\" content=\"50 a\u00f1os\u00a0de la secci\u00f3n femenina del RCD Espanyol | Marketing Directo - Super News\" \/>\n<meta property=\"og:description\" content=\"El primer equipo femenino del RCD Espanyol se ha enfrentado a la Real Sociedad en un encuentro con historia. El primer equipo de la secci\u00f3n femenina del RCD Espanyol celebr\u00f3 su 50 aniversario ayer 21 de marzo y lo hizo en un acto conmemorativo con un partido ante la Real Sociedad en la Ciudad Deportiva [&hellip;]\" \/>\n<meta property=\"og:url\" content=\"https:\/\/super-news.info\/es\/50-anos-de-la-seccion-femenina-del-rcd-espanyol-marketing-directo\/\" \/>\n<meta property=\"og:site_name\" content=\"Super News\" \/>\n<meta property=\"article:published_time\" content=\"2021-03-23T05:30:44+00:00\" \/>\n<meta property=\"article:modified_time\" content=\"2021-03-23T05:30:47+00:00\" \/>\n<meta property=\"og:image\" content=\"https:\/\/super-news.info\/es\/wp-content\/uploads\/sites\/4\/2021\/03\/50-anos-de-la-seccion-femenina-del-RCD-Espanyol-Marketing.jpg\" \/>\n\t<meta property=\"og:image:width\" content=\"1200\" \/>\n\t<meta property=\"og:image:height\" content=\"675\" \/>\n\t<meta property=\"og:image:type\" content=\"image\/jpeg\" \/>\n<meta name=\"author\" content=\"super-news\" \/>\n<meta name=\"twitter:card\" content=\"summary_large_image\" \/>\n<meta name=\"twitter:label1\" content=\"Written by\" \/>\n\t<meta name=\"twitter:data1\" content=\"super-news\" \/>\n\t<meta name=\"twitter:label2\" content=\"Est. reading time\" \/>\n\t<meta name=\"twitter:data2\" content=\"2 minutes\" \/>\n<script type=\"application\/ld+json\" class=\"yoast-schema-graph\">{\"@context\":\"https:\\\/\\\/schema.org\",\"@graph\":[{\"@type\":\"Article\",\"@id\":\"https:\\\/\\\/super-news.info\\\/es\\\/50-anos-de-la-seccion-femenina-del-rcd-espanyol-marketing-directo\\\/#article\",\"isPartOf\":{\"@id\":\"https:\\\/\\\/super-news.info\\\/es\\\/50-anos-de-la-seccion-femenina-del-rcd-espanyol-marketing-directo\\\/\"},\"author\":{\"name\":\"super-news\",\"@id\":\"https:\\\/\\\/super-news.info\\\/es\\\/#\\\/schema\\\/person\\\/2d4068cb2f39cd10008c2fce578a7356\"},\"headline\":\"50 a\u00f1os\u00a0de la secci\u00f3n femenina del RCD Espanyol | Marketing Directo\",\"datePublished\":\"2021-03-23T05:30:44+00:00\",\"dateModified\":\"2021-03-23T05:30:47+00:00\",\"mainEntityOfPage\":{\"@id\":\"https:\\\/\\\/super-news.info\\\/es\\\/50-anos-de-la-seccion-femenina-del-rcd-espanyol-marketing-directo\\\/\"},\"wordCount\":393,\"commentCount\":0,\"image\":{\"@id\":\"https:\\\/\\\/super-news.info\\\/es\\\/50-anos-de-la-seccion-femenina-del-rcd-espanyol-marketing-directo\\\/#primaryimage\"},\"thumbnailUrl\":\"https:\\\/\\\/super-news.info\\\/es\\\/wp-content\\\/uploads\\\/sites\\\/4\\\/2021\\\/03\\\/50-anos-de-la-seccion-femenina-del-RCD-Espanyol-Marketing.jpg\",\"articleSection\":[\"NOTICIAS DE MARKETING DIGITAL\"],\"inLanguage\":\"en-US\",\"potentialAction\":[{\"@type\":\"CommentAction\",\"name\":\"Comment\",\"target\":[\"https:\\\/\\\/super-news.info\\\/es\\\/50-anos-de-la-seccion-femenina-del-rcd-espanyol-marketing-directo\\\/#respond\"]}]},{\"@type\":\"WebPage\",\"@id\":\"https:\\\/\\\/super-news.info\\\/es\\\/50-anos-de-la-seccion-femenina-del-rcd-espanyol-marketing-directo\\\/\",\"url\":\"https:\\\/\\\/super-news.info\\\/es\\\/50-anos-de-la-seccion-femenina-del-rcd-espanyol-marketing-directo\\\/\",\"name\":\"50 a\u00f1os\u00a0de la secci\u00f3n femenina del RCD Espanyol | Marketing Directo - Super News\",\"isPartOf\":{\"@id\":\"https:\\\/\\\/super-news.info\\\/es\\\/#website\"},\"primaryImageOfPage\":{\"@id\":\"https:\\\/\\\/super-news.info\\\/es\\\/50-anos-de-la-seccion-femenina-del-rcd-espanyol-marketing-directo\\\/#primaryimage\"},\"image\":{\"@id\":\"https:\\\/\\\/super-news.info\\\/es\\\/50-anos-de-la-seccion-femenina-del-rcd-espanyol-marketing-directo\\\/#primaryimage\"},\"thumbnailUrl\":\"https:\\\/\\\/super-news.info\\\/es\\\/wp-content\\\/uploads\\\/sites\\\/4\\\/2021\\\/03\\\/50-anos-de-la-seccion-femenina-del-RCD-Espanyol-Marketing.jpg\",\"datePublished\":\"2021-03-23T05:30:44+00:00\",\"dateModified\":\"2021-03-23T05:30:47+00:00\",\"author\":{\"@id\":\"https:\\\/\\\/super-news.info\\\/es\\\/#\\\/schema\\\/person\\\/2d4068cb2f39cd10008c2fce578a7356\"},\"breadcrumb\":{\"@id\":\"https:\\\/\\\/super-news.info\\\/es\\\/50-anos-de-la-seccion-femenina-del-rcd-espanyol-marketing-directo\\\/#breadcrumb\"},\"inLanguage\":\"en-US\",\"potentialAction\":[{\"@type\":\"ReadAction\",\"target\":[\"https:\\\/\\\/super-news.info\\\/es\\\/50-anos-de-la-seccion-femenina-del-rcd-espanyol-marketing-directo\\\/\"]}]},{\"@type\":\"ImageObject\",\"inLanguage\":\"en-US\",\"@id\":\"https:\\\/\\\/super-news.info\\\/es\\\/50-anos-de-la-seccion-femenina-del-rcd-espanyol-marketing-directo\\\/#primaryimage\",\"url\":\"https:\\\/\\\/super-news.info\\\/es\\\/wp-content\\\/uploads\\\/sites\\\/4\\\/2021\\\/03\\\/50-anos-de-la-seccion-femenina-del-RCD-Espanyol-Marketing.jpg\",\"contentUrl\":\"https:\\\/\\\/super-news.info\\\/es\\\/wp-content\\\/uploads\\\/sites\\\/4\\\/2021\\\/03\\\/50-anos-de-la-seccion-femenina-del-RCD-Espanyol-Marketing.jpg\",\"width\":1200,\"height\":675,\"caption\":\"50 a\u00f1os\u00a0de la secci\u00f3n femenina del RCD Espanyol | Marketing Directo\"},{\"@type\":\"BreadcrumbList\",\"@id\":\"https:\\\/\\\/super-news.info\\\/es\\\/50-anos-de-la-seccion-femenina-del-rcd-espanyol-marketing-directo\\\/#breadcrumb\",\"itemListElement\":[{\"@type\":\"ListItem\",\"position\":1,\"name\":\"\u0413\u043b\u0430\u0432\u043d\u0430\u044f \u0441\u0442\u0440\u0430\u043d\u0438\u0446\u0430\",\"item\":\"https:\\\/\\\/super-news.info\\\/es\\\/\"},{\"@type\":\"ListItem\",\"position\":2,\"name\":\"50 a\u00f1os\u00a0de la secci\u00f3n femenina del RCD Espanyol | Marketing Directo\"}]},{\"@type\":\"WebSite\",\"@id\":\"https:\\\/\\\/super-news.info\\\/es\\\/#website\",\"url\":\"https:\\\/\\\/super-news.info\\\/es\\\/\",\"name\":\"Super News\",\"description\":\"Super News Espa\u00f1a\",\"potentialAction\":[{\"@type\":\"SearchAction\",\"target\":{\"@type\":\"EntryPoint\",\"urlTemplate\":\"https:\\\/\\\/super-news.info\\\/es\\\/?s={search_term_string}\"},\"query-input\":{\"@type\":\"PropertyValueSpecification\",\"valueRequired\":true,\"valueName\":\"search_term_string\"}}],\"inLanguage\":\"en-US\"},{\"@type\":\"Person\",\"@id\":\"https:\\\/\\\/super-news.info\\\/es\\\/#\\\/schema\\\/person\\\/2d4068cb2f39cd10008c2fce578a7356\",\"name\":\"super-news\",\"image\":{\"@type\":\"ImageObject\",\"inLanguage\":\"en-US\",\"@id\":\"https:\\\/\\\/secure.gravatar.com\\\/avatar\\\/64ebac40b93f26a154f8a9b5b6fdccfc46f442b26b3dd6756dbff3bf9dc76fd7?s=96&d=mm&r=g\",\"url\":\"https:\\\/\\\/secure.gravatar.com\\\/avatar\\\/64ebac40b93f26a154f8a9b5b6fdccfc46f442b26b3dd6756dbff3bf9dc76fd7?s=96&d=mm&r=g\",\"contentUrl\":\"https:\\\/\\\/secure.gravatar.com\\\/avatar\\\/64ebac40b93f26a154f8a9b5b6fdccfc46f442b26b3dd6756dbff3bf9dc76fd7?s=96&d=mm&r=g\",\"caption\":\"super-news\"},\"url\":\"https:\\\/\\\/super-news.info\\\/es\\\/author\\\/pt\\\/\"}]}<\/script>\n<!-- \/ Yoast SEO plugin. -->","yoast_head_json":{"title":"50 a\u00f1os\u00a0de la secci\u00f3n femenina del RCD Espanyol | Marketing Directo - Super News","robots":{"index":"index","follow":"follow","max-snippet":"max-snippet:-1","max-image-preview":"max-image-preview:large","max-video-preview":"max-video-preview:-1"},"canonical":"https:\/\/super-news.info\/es\/50-anos-de-la-seccion-femenina-del-rcd-espanyol-marketing-directo\/","og_locale":"en_US","og_type":"article","og_title":"50 a\u00f1os\u00a0de la secci\u00f3n femenina del RCD Espanyol | Marketing Directo - Super News","og_description":"El primer equipo femenino del RCD Espanyol se ha enfrentado a la Real Sociedad en un encuentro con historia. El primer equipo de la secci\u00f3n femenina del RCD Espanyol celebr\u00f3 su 50 aniversario ayer 21 de marzo y lo hizo en un acto conmemorativo con un partido ante la Real Sociedad en la Ciudad Deportiva [&hellip;]","og_url":"https:\/\/super-news.info\/es\/50-anos-de-la-seccion-femenina-del-rcd-espanyol-marketing-directo\/","og_site_name":"Super News","article_published_time":"2021-03-23T05:30:44+00:00","article_modified_time":"2021-03-23T05:30:47+00:00","og_image":[{"width":1200,"height":675,"url":"https:\/\/super-news.info\/es\/wp-content\/uploads\/sites\/4\/2021\/03\/50-anos-de-la-seccion-femenina-del-RCD-Espanyol-Marketing.jpg","type":"image\/jpeg"}],"author":"super-news","twitter_card":"summary_large_image","twitter_misc":{"Written by":"super-news","Est. reading time":"2 minutes"},"schema":{"@context":"https:\/\/schema.org","@graph":[{"@type":"Article","@id":"https:\/\/super-news.info\/es\/50-anos-de-la-seccion-femenina-del-rcd-espanyol-marketing-directo\/#article","isPartOf":{"@id":"https:\/\/super-news.info\/es\/50-anos-de-la-seccion-femenina-del-rcd-espanyol-marketing-directo\/"},"author":{"name":"super-news","@id":"https:\/\/super-news.info\/es\/#\/schema\/person\/2d4068cb2f39cd10008c2fce578a7356"},"headline":"50 a\u00f1os\u00a0de la secci\u00f3n femenina del RCD Espanyol | Marketing Directo","datePublished":"2021-03-23T05:30:44+00:00","dateModified":"2021-03-23T05:30:47+00:00","mainEntityOfPage":{"@id":"https:\/\/super-news.info\/es\/50-anos-de-la-seccion-femenina-del-rcd-espanyol-marketing-directo\/"},"wordCount":393,"commentCount":0,"image":{"@id":"https:\/\/super-news.info\/es\/50-anos-de-la-seccion-femenina-del-rcd-espanyol-marketing-directo\/#primaryimage"},"thumbnailUrl":"https:\/\/super-news.info\/es\/wp-content\/uploads\/sites\/4\/2021\/03\/50-anos-de-la-seccion-femenina-del-RCD-Espanyol-Marketing.jpg","articleSection":["NOTICIAS DE MARKETING DIGITAL"],"inLanguage":"en-US","potentialAction":[{"@type":"CommentAction","name":"Comment","target":["https:\/\/super-news.info\/es\/50-anos-de-la-seccion-femenina-del-rcd-espanyol-marketing-directo\/#respond"]}]},{"@type":"WebPage","@id":"https:\/\/super-news.info\/es\/50-anos-de-la-seccion-femenina-del-rcd-espanyol-marketing-directo\/","url":"https:\/\/super-news.info\/es\/50-anos-de-la-seccion-femenina-del-rcd-espanyol-marketing-directo\/","name":"50 a\u00f1os\u00a0de la secci\u00f3n femenina del RCD Espanyol | Marketing Directo - Super News","isPartOf":{"@id":"https:\/\/super-news.info\/es\/#website"},"primaryImageOfPage":{"@id":"https:\/\/super-news.info\/es\/50-anos-de-la-seccion-femenina-del-rcd-espanyol-marketing-directo\/#primaryimage"},"image":{"@id":"https:\/\/super-news.info\/es\/50-anos-de-la-seccion-femenina-del-rcd-espanyol-marketing-directo\/#primaryimage"},"thumbnailUrl":"https:\/\/super-news.info\/es\/wp-content\/uploads\/sites\/4\/2021\/03\/50-anos-de-la-seccion-femenina-del-RCD-Espanyol-Marketing.jpg","datePublished":"2021-03-23T05:30:44+00:00","dateModified":"2021-03-23T05:30:47+00:00","author":{"@id":"https:\/\/super-news.info\/es\/#\/schema\/person\/2d4068cb2f39cd10008c2fce578a7356"},"breadcrumb":{"@id":"https:\/\/super-news.info\/es\/50-anos-de-la-seccion-femenina-del-rcd-espanyol-marketing-directo\/#breadcrumb"},"inLanguage":"en-US","potentialAction":[{"@type":"ReadAction","target":["https:\/\/super-news.info\/es\/50-anos-de-la-seccion-femenina-del-rcd-espanyol-marketing-directo\/"]}]},{"@type":"ImageObject","inLanguage":"en-US","@id":"https:\/\/super-news.info\/es\/50-anos-de-la-seccion-femenina-del-rcd-espanyol-marketing-directo\/#primaryimage","url":"https:\/\/super-news.info\/es\/wp-content\/uploads\/sites\/4\/2021\/03\/50-anos-de-la-seccion-femenina-del-RCD-Espanyol-Marketing.jpg","contentUrl":"https:\/\/super-news.info\/es\/wp-content\/uploads\/sites\/4\/2021\/03\/50-anos-de-la-seccion-femenina-del-RCD-Espanyol-Marketing.jpg","width":1200,"height":675,"caption":"50 a\u00f1os\u00a0de la secci\u00f3n femenina del RCD Espanyol | Marketing Directo"},{"@type":"BreadcrumbList","@id":"https:\/\/super-news.info\/es\/50-anos-de-la-seccion-femenina-del-rcd-espanyol-marketing-directo\/#breadcrumb","itemListElement":[{"@type":"ListItem","position":1,"name":"\u0413\u043b\u0430\u0432\u043d\u0430\u044f \u0441\u0442\u0440\u0430\u043d\u0438\u0446\u0430","item":"https:\/\/super-news.info\/es\/"},{"@type":"ListItem","position":2,"name":"50 a\u00f1os\u00a0de la secci\u00f3n femenina del RCD Espanyol | Marketing Directo"}]},{"@type":"WebSite","@id":"https:\/\/super-news.info\/es\/#website","url":"https:\/\/super-news.info\/es\/","name":"Super News","description":"Super News Espa\u00f1a","potentialAction":[{"@type":"SearchAction","target":{"@type":"EntryPoint","urlTemplate":"https:\/\/super-news.info\/es\/?s={search_term_string}"},"query-input":{"@type":"PropertyValueSpecification","valueRequired":true,"valueName":"search_term_string"}}],"inLanguage":"en-US"},{"@type":"Person","@id":"https:\/\/super-news.info\/es\/#\/schema\/person\/2d4068cb2f39cd10008c2fce578a7356","name":"super-news","image":{"@type":"ImageObject","inLanguage":"en-US","@id":"https:\/\/secure.gravatar.com\/avatar\/64ebac40b93f26a154f8a9b5b6fdccfc46f442b26b3dd6756dbff3bf9dc76fd7?s=96&d=mm&r=g","url":"https:\/\/secure.gravatar.com\/avatar\/64ebac40b93f26a154f8a9b5b6fdccfc46f442b26b3dd6756dbff3bf9dc76fd7?s=96&d=mm&r=g","contentUrl":"https:\/\/secure.gravatar.com\/avatar\/64ebac40b93f26a154f8a9b5b6fdccfc46f442b26b3dd6756dbff3bf9dc76fd7?s=96&d=mm&r=g","caption":"super-news"},"url":"https:\/\/super-news.info\/es\/author\/pt\/"}]}},"_links":{"self":[{"href":"https:\/\/super-news.info\/es\/wp-json\/wp\/v2\/posts\/13983","targetHints":{"allow":["GET"]}}],"collection":[{"href":"https:\/\/super-news.info\/es\/wp-json\/wp\/v2\/posts"}],"about":[{"href":"https:\/\/super-news.info\/es\/wp-json\/wp\/v2\/types\/post"}],"author":[{"embeddable":true,"href":"https:\/\/super-news.info\/es\/wp-json\/wp\/v2\/users\/2"}],"replies":[{"embeddable":true,"href":"https:\/\/super-news.info\/es\/wp-json\/wp\/v2\/comments?post=13983"}],"version-history":[{"count":1,"href":"https:\/\/super-news.info\/es\/wp-json\/wp\/v2\/posts\/13983\/revisions"}],"predecessor-version":[{"id":13985,"href":"https:\/\/super-news.info\/es\/wp-json\/wp\/v2\/posts\/13983\/revisions\/13985"}],"wp:featuredmedia":[{"embeddable":true,"href":"https:\/\/super-news.info\/es\/wp-json\/wp\/v2\/media\/13984"}],"wp:attachment":[{"href":"https:\/\/super-news.info\/es\/wp-json\/wp\/v2\/media?parent=13983"}],"wp:term":[{"taxonomy":"category","embeddable":true,"href":"https:\/\/super-news.info\/es\/wp-json\/wp\/v2\/categories?post=13983"},{"taxonomy":"post_tag","embeddable":true,"href":"https:\/\/super-news.info\/es\/wp-json\/wp\/v2\/tags?post=13983"}],"curies":[{"name":"wp","href":"https:\/\/api.w.org\/{rel}","templated":true}]}}