{"id":13977,"date":"2021-03-22T20:30:14","date_gmt":"2021-03-22T17:30:14","guid":{"rendered":"https:\/\/super-news.info\/es\/callao-city-lights-acoge-los-climate-leaders-awards-marketing-directo\/"},"modified":"2021-03-22T20:30:17","modified_gmt":"2021-03-22T17:30:17","slug":"callao-city-lights-acoge-los-climate-leaders-awards-marketing-directo","status":"publish","type":"post","link":"https:\/\/super-news.info\/es\/callao-city-lights-acoge-los-climate-leaders-awards-marketing-directo\/","title":{"rendered":"Callao City Lights acoge los Climate Leaders Awards | Marketing Directo"},"content":{"rendered":"<p>La gala fue grabada\u00a0en las instalaciones de los Cines Callao y ser\u00e1 emitida el \u00a024 de marzo.Los Cines Callao, cuyo espacio se explota comercialmente bajo la marca Callao City Lights, han sido el escenario elegido por The Climate Reality Project\u00a0Europe\u00a0para la realizaci\u00f3n de la tercera edici\u00f3n de los Climate Leaders Awards, galardones con los que dicha organizaci\u00f3n, creada por Al Gore, ex vicepresidente de Estados Unidos y premio Nobel de la Paz, reconoce a los principales protagonistas que han destacado en el \u00faltimo a\u00f1o en la lucha contra la crisis clim\u00e1tica.<br \/>\nPresentada por los periodistas Manuel Campo Vidal y Laura Ferrer, la gala fue grabada\u00a0en las instalaciones de los Cines Callao, concretamente en su emblem\u00e1tica Sala 1, de estilo\u00a0art dec\u00f3, y ser\u00e1 emitida el \u00a024 de marzo desde la plataforma de los premios.<br \/>\nLos ganadores de este a\u00f1o, muchos de los cuales posaron en el photocall de Cines Callao antes de recoger su premio, fueron Javier y Carlos Bardem (en la categor\u00eda de Artista Comprometido), la parlamentaria europea Jytte Guteland\u00a0(Personalidad Clim\u00e1tica Internacional), la directora de la coalici\u00f3n We Mean Business, Mar\u00eda Mendiluce (Personalidad Clim\u00e1tica Espa\u00f1ola), la firma de moda SKFK (Proyecto de Reducci\u00f3n de Emisiones), el investigador del CSIC Fernando Valladares (Investigaci\u00f3n y Educaci\u00f3n), la Fundaci\u00f3n Renovables (ONG), L\u2019Or\u00e9al (Empresa comprometida en la lucha contra el Cambio Clim\u00e1tico ), la ciudad de Valladolid (Administraci\u00f3n Local), GreeMko, (Start up), Scouts Espa\u00f1a (Personalidad Clim\u00e1tica Joven) y Ecogestiona (Medio o Programa de Comunicaci\u00f3n).<br \/>\nAdem\u00e1s, en esta ocasi\u00f3n la organizaci\u00f3n decidi\u00f3 otorgar la condici\u00f3n de Climate Ambassadors a la Academia de Cine de Espa\u00f1a y a Isabel Jim\u00e9nez, periodista de Telecinco y autora del libro \u201cY t\u00fa, \u00bfqu\u00e9 har\u00edas para salvar el planeta?\u201d.<br \/>\nLa tercera edici\u00f3n de los Climate Leaders Awards fue posible gracias a la colaboraci\u00f3n de entidades como LG, Iberdrola, Coca Cola, El Corte Ingl\u00e9s, Signus, Cines Callao o Idel.<br \/>\nLa gala, organizada por la agencia de comunicaci\u00f3n y producci\u00f3n audiovisual Record Time y coordinada por la Asociaci\u00f3n Despierta, fue neutra en emisiones gracias a la colaboraci\u00f3n con LG y su proyecto Smart Green, movimiento mediante el cual se llevar\u00e1 a cabo una plantaci\u00f3n de \u00e1rboles que compense las ya de por s\u00ed reducidas emisiones de esta gala online.<br \/>\nComo ya viene siendo tradicional, los ganadores de esta edici\u00f3n recibieron como premio una obra in\u00e9dita del artista Miguel Vallinas representando a la Madre Tierra.<br \/>\nNota de prensa.<\/p>\n<p>No te pierdas nada de MarketingDirecto.com y \u00fanete a nuestro Telegram t.me\/MarketingDirecto<\/p>\n<p>\n<!--noindex--><br \/>\n<a href=\"https:\/\/www.marketingdirecto.com\/marketing-general\/eventos-y-formacion\/callao-city-lights-acoge-la-entrega-de-los-climate-leaders-awards\" rel=\"nofollow\">Source link <\/a><br \/>\n<!--\/noindex--><\/p>\n","protected":false},"excerpt":{"rendered":"<p>La gala fue grabada\u00a0en las instalaciones de los Cines Callao y ser\u00e1 emitida el \u00a024 de marzo.Los Cines Callao, cuyo espacio se explota comercialmente bajo la marca Callao City Lights, han sido el escenario elegido por The Climate Reality Project\u00a0Europe\u00a0para la realizaci\u00f3n de la tercera edici\u00f3n de los Climate Leaders Awards, galardones con los que [&hellip;]<\/p>\n","protected":false},"author":2,"featured_media":13978,"comment_status":"open","ping_status":"open","sticky":false,"template":"","format":"standard","meta":{"footnotes":""},"categories":[2],"tags":[],"class_list":["post-13977","post","type-post","status-publish","format-standard","has-post-thumbnail","hentry","category-noticias-de-marketing-digital"],"yoast_head":"<!-- This site is optimized with the Yoast SEO plugin v27.4 - https:\/\/yoast.com\/product\/yoast-seo-wordpress\/ -->\n<title>Callao City Lights acoge los Climate Leaders Awards | Marketing Directo - Super News<\/title>\n<meta name=\"robots\" content=\"index, follow, max-snippet:-1, max-image-preview:large, max-video-preview:-1\" \/>\n<link rel=\"canonical\" href=\"https:\/\/super-news.info\/es\/callao-city-lights-acoge-los-climate-leaders-awards-marketing-directo\/\" \/>\n<meta property=\"og:locale\" content=\"en_US\" \/>\n<meta property=\"og:type\" content=\"article\" \/>\n<meta property=\"og:title\" content=\"Callao City Lights acoge los Climate Leaders Awards | Marketing Directo - Super News\" \/>\n<meta property=\"og:description\" content=\"La gala fue grabada\u00a0en las instalaciones de los Cines Callao y ser\u00e1 emitida el \u00a024 de marzo.Los Cines Callao, cuyo espacio se explota comercialmente bajo la marca Callao City Lights, han sido el escenario elegido por The Climate Reality Project\u00a0Europe\u00a0para la realizaci\u00f3n de la tercera edici\u00f3n de los Climate Leaders Awards, galardones con los que [&hellip;]\" \/>\n<meta property=\"og:url\" content=\"https:\/\/super-news.info\/es\/callao-city-lights-acoge-los-climate-leaders-awards-marketing-directo\/\" \/>\n<meta property=\"og:site_name\" content=\"Super News\" \/>\n<meta property=\"article:published_time\" content=\"2021-03-22T17:30:14+00:00\" \/>\n<meta property=\"article:modified_time\" content=\"2021-03-22T17:30:17+00:00\" \/>\n<meta property=\"og:image\" content=\"https:\/\/super-news.info\/es\/wp-content\/uploads\/sites\/4\/2021\/03\/Callao-City-Lights-acoge-los-Climate-Leaders-Awards-Marketing.jpg\" \/>\n\t<meta property=\"og:image:width\" content=\"1200\" \/>\n\t<meta property=\"og:image:height\" content=\"675\" \/>\n\t<meta property=\"og:image:type\" content=\"image\/jpeg\" \/>\n<meta name=\"author\" content=\"super-news\" \/>\n<meta name=\"twitter:card\" content=\"summary_large_image\" \/>\n<meta name=\"twitter:label1\" content=\"Written by\" \/>\n\t<meta name=\"twitter:data1\" content=\"super-news\" \/>\n\t<meta name=\"twitter:label2\" content=\"Est. reading time\" \/>\n\t<meta name=\"twitter:data2\" content=\"2 minutes\" \/>\n<script type=\"application\/ld+json\" class=\"yoast-schema-graph\">{\"@context\":\"https:\\\/\\\/schema.org\",\"@graph\":[{\"@type\":\"Article\",\"@id\":\"https:\\\/\\\/super-news.info\\\/es\\\/callao-city-lights-acoge-los-climate-leaders-awards-marketing-directo\\\/#article\",\"isPartOf\":{\"@id\":\"https:\\\/\\\/super-news.info\\\/es\\\/callao-city-lights-acoge-los-climate-leaders-awards-marketing-directo\\\/\"},\"author\":{\"name\":\"super-news\",\"@id\":\"https:\\\/\\\/super-news.info\\\/es\\\/#\\\/schema\\\/person\\\/2d4068cb2f39cd10008c2fce578a7356\"},\"headline\":\"Callao City Lights acoge los Climate Leaders Awards | Marketing Directo\",\"datePublished\":\"2021-03-22T17:30:14+00:00\",\"dateModified\":\"2021-03-22T17:30:17+00:00\",\"mainEntityOfPage\":{\"@id\":\"https:\\\/\\\/super-news.info\\\/es\\\/callao-city-lights-acoge-los-climate-leaders-awards-marketing-directo\\\/\"},\"wordCount\":466,\"commentCount\":0,\"image\":{\"@id\":\"https:\\\/\\\/super-news.info\\\/es\\\/callao-city-lights-acoge-los-climate-leaders-awards-marketing-directo\\\/#primaryimage\"},\"thumbnailUrl\":\"https:\\\/\\\/super-news.info\\\/es\\\/wp-content\\\/uploads\\\/sites\\\/4\\\/2021\\\/03\\\/Callao-City-Lights-acoge-los-Climate-Leaders-Awards-Marketing.jpg\",\"articleSection\":[\"NOTICIAS DE MARKETING DIGITAL\"],\"inLanguage\":\"en-US\",\"potentialAction\":[{\"@type\":\"CommentAction\",\"name\":\"Comment\",\"target\":[\"https:\\\/\\\/super-news.info\\\/es\\\/callao-city-lights-acoge-los-climate-leaders-awards-marketing-directo\\\/#respond\"]}]},{\"@type\":\"WebPage\",\"@id\":\"https:\\\/\\\/super-news.info\\\/es\\\/callao-city-lights-acoge-los-climate-leaders-awards-marketing-directo\\\/\",\"url\":\"https:\\\/\\\/super-news.info\\\/es\\\/callao-city-lights-acoge-los-climate-leaders-awards-marketing-directo\\\/\",\"name\":\"Callao City Lights acoge los Climate Leaders Awards | Marketing Directo - Super News\",\"isPartOf\":{\"@id\":\"https:\\\/\\\/super-news.info\\\/es\\\/#website\"},\"primaryImageOfPage\":{\"@id\":\"https:\\\/\\\/super-news.info\\\/es\\\/callao-city-lights-acoge-los-climate-leaders-awards-marketing-directo\\\/#primaryimage\"},\"image\":{\"@id\":\"https:\\\/\\\/super-news.info\\\/es\\\/callao-city-lights-acoge-los-climate-leaders-awards-marketing-directo\\\/#primaryimage\"},\"thumbnailUrl\":\"https:\\\/\\\/super-news.info\\\/es\\\/wp-content\\\/uploads\\\/sites\\\/4\\\/2021\\\/03\\\/Callao-City-Lights-acoge-los-Climate-Leaders-Awards-Marketing.jpg\",\"datePublished\":\"2021-03-22T17:30:14+00:00\",\"dateModified\":\"2021-03-22T17:30:17+00:00\",\"author\":{\"@id\":\"https:\\\/\\\/super-news.info\\\/es\\\/#\\\/schema\\\/person\\\/2d4068cb2f39cd10008c2fce578a7356\"},\"breadcrumb\":{\"@id\":\"https:\\\/\\\/super-news.info\\\/es\\\/callao-city-lights-acoge-los-climate-leaders-awards-marketing-directo\\\/#breadcrumb\"},\"inLanguage\":\"en-US\",\"potentialAction\":[{\"@type\":\"ReadAction\",\"target\":[\"https:\\\/\\\/super-news.info\\\/es\\\/callao-city-lights-acoge-los-climate-leaders-awards-marketing-directo\\\/\"]}]},{\"@type\":\"ImageObject\",\"inLanguage\":\"en-US\",\"@id\":\"https:\\\/\\\/super-news.info\\\/es\\\/callao-city-lights-acoge-los-climate-leaders-awards-marketing-directo\\\/#primaryimage\",\"url\":\"https:\\\/\\\/super-news.info\\\/es\\\/wp-content\\\/uploads\\\/sites\\\/4\\\/2021\\\/03\\\/Callao-City-Lights-acoge-los-Climate-Leaders-Awards-Marketing.jpg\",\"contentUrl\":\"https:\\\/\\\/super-news.info\\\/es\\\/wp-content\\\/uploads\\\/sites\\\/4\\\/2021\\\/03\\\/Callao-City-Lights-acoge-los-Climate-Leaders-Awards-Marketing.jpg\",\"width\":1200,\"height\":675,\"caption\":\"Callao City Lights acoge los Climate Leaders Awards | Marketing Directo\"},{\"@type\":\"BreadcrumbList\",\"@id\":\"https:\\\/\\\/super-news.info\\\/es\\\/callao-city-lights-acoge-los-climate-leaders-awards-marketing-directo\\\/#breadcrumb\",\"itemListElement\":[{\"@type\":\"ListItem\",\"position\":1,\"name\":\"\u0413\u043b\u0430\u0432\u043d\u0430\u044f \u0441\u0442\u0440\u0430\u043d\u0438\u0446\u0430\",\"item\":\"https:\\\/\\\/super-news.info\\\/es\\\/\"},{\"@type\":\"ListItem\",\"position\":2,\"name\":\"Callao City Lights acoge los Climate Leaders Awards | Marketing Directo\"}]},{\"@type\":\"WebSite\",\"@id\":\"https:\\\/\\\/super-news.info\\\/es\\\/#website\",\"url\":\"https:\\\/\\\/super-news.info\\\/es\\\/\",\"name\":\"Super News\",\"description\":\"Super News Espa\u00f1a\",\"potentialAction\":[{\"@type\":\"SearchAction\",\"target\":{\"@type\":\"EntryPoint\",\"urlTemplate\":\"https:\\\/\\\/super-news.info\\\/es\\\/?s={search_term_string}\"},\"query-input\":{\"@type\":\"PropertyValueSpecification\",\"valueRequired\":true,\"valueName\":\"search_term_string\"}}],\"inLanguage\":\"en-US\"},{\"@type\":\"Person\",\"@id\":\"https:\\\/\\\/super-news.info\\\/es\\\/#\\\/schema\\\/person\\\/2d4068cb2f39cd10008c2fce578a7356\",\"name\":\"super-news\",\"image\":{\"@type\":\"ImageObject\",\"inLanguage\":\"en-US\",\"@id\":\"https:\\\/\\\/secure.gravatar.com\\\/avatar\\\/64ebac40b93f26a154f8a9b5b6fdccfc46f442b26b3dd6756dbff3bf9dc76fd7?s=96&d=mm&r=g\",\"url\":\"https:\\\/\\\/secure.gravatar.com\\\/avatar\\\/64ebac40b93f26a154f8a9b5b6fdccfc46f442b26b3dd6756dbff3bf9dc76fd7?s=96&d=mm&r=g\",\"contentUrl\":\"https:\\\/\\\/secure.gravatar.com\\\/avatar\\\/64ebac40b93f26a154f8a9b5b6fdccfc46f442b26b3dd6756dbff3bf9dc76fd7?s=96&d=mm&r=g\",\"caption\":\"super-news\"},\"url\":\"https:\\\/\\\/super-news.info\\\/es\\\/author\\\/pt\\\/\"}]}<\/script>\n<!-- \/ Yoast SEO plugin. -->","yoast_head_json":{"title":"Callao City Lights acoge los Climate Leaders Awards | Marketing Directo - Super News","robots":{"index":"index","follow":"follow","max-snippet":"max-snippet:-1","max-image-preview":"max-image-preview:large","max-video-preview":"max-video-preview:-1"},"canonical":"https:\/\/super-news.info\/es\/callao-city-lights-acoge-los-climate-leaders-awards-marketing-directo\/","og_locale":"en_US","og_type":"article","og_title":"Callao City Lights acoge los Climate Leaders Awards | Marketing Directo - Super News","og_description":"La gala fue grabada\u00a0en las instalaciones de los Cines Callao y ser\u00e1 emitida el \u00a024 de marzo.Los Cines Callao, cuyo espacio se explota comercialmente bajo la marca Callao City Lights, han sido el escenario elegido por The Climate Reality Project\u00a0Europe\u00a0para la realizaci\u00f3n de la tercera edici\u00f3n de los Climate Leaders Awards, galardones con los que [&hellip;]","og_url":"https:\/\/super-news.info\/es\/callao-city-lights-acoge-los-climate-leaders-awards-marketing-directo\/","og_site_name":"Super News","article_published_time":"2021-03-22T17:30:14+00:00","article_modified_time":"2021-03-22T17:30:17+00:00","og_image":[{"width":1200,"height":675,"url":"https:\/\/super-news.info\/es\/wp-content\/uploads\/sites\/4\/2021\/03\/Callao-City-Lights-acoge-los-Climate-Leaders-Awards-Marketing.jpg","type":"image\/jpeg"}],"author":"super-news","twitter_card":"summary_large_image","twitter_misc":{"Written by":"super-news","Est. reading time":"2 minutes"},"schema":{"@context":"https:\/\/schema.org","@graph":[{"@type":"Article","@id":"https:\/\/super-news.info\/es\/callao-city-lights-acoge-los-climate-leaders-awards-marketing-directo\/#article","isPartOf":{"@id":"https:\/\/super-news.info\/es\/callao-city-lights-acoge-los-climate-leaders-awards-marketing-directo\/"},"author":{"name":"super-news","@id":"https:\/\/super-news.info\/es\/#\/schema\/person\/2d4068cb2f39cd10008c2fce578a7356"},"headline":"Callao City Lights acoge los Climate Leaders Awards | Marketing Directo","datePublished":"2021-03-22T17:30:14+00:00","dateModified":"2021-03-22T17:30:17+00:00","mainEntityOfPage":{"@id":"https:\/\/super-news.info\/es\/callao-city-lights-acoge-los-climate-leaders-awards-marketing-directo\/"},"wordCount":466,"commentCount":0,"image":{"@id":"https:\/\/super-news.info\/es\/callao-city-lights-acoge-los-climate-leaders-awards-marketing-directo\/#primaryimage"},"thumbnailUrl":"https:\/\/super-news.info\/es\/wp-content\/uploads\/sites\/4\/2021\/03\/Callao-City-Lights-acoge-los-Climate-Leaders-Awards-Marketing.jpg","articleSection":["NOTICIAS DE MARKETING DIGITAL"],"inLanguage":"en-US","potentialAction":[{"@type":"CommentAction","name":"Comment","target":["https:\/\/super-news.info\/es\/callao-city-lights-acoge-los-climate-leaders-awards-marketing-directo\/#respond"]}]},{"@type":"WebPage","@id":"https:\/\/super-news.info\/es\/callao-city-lights-acoge-los-climate-leaders-awards-marketing-directo\/","url":"https:\/\/super-news.info\/es\/callao-city-lights-acoge-los-climate-leaders-awards-marketing-directo\/","name":"Callao City Lights acoge los Climate Leaders Awards | Marketing Directo - Super News","isPartOf":{"@id":"https:\/\/super-news.info\/es\/#website"},"primaryImageOfPage":{"@id":"https:\/\/super-news.info\/es\/callao-city-lights-acoge-los-climate-leaders-awards-marketing-directo\/#primaryimage"},"image":{"@id":"https:\/\/super-news.info\/es\/callao-city-lights-acoge-los-climate-leaders-awards-marketing-directo\/#primaryimage"},"thumbnailUrl":"https:\/\/super-news.info\/es\/wp-content\/uploads\/sites\/4\/2021\/03\/Callao-City-Lights-acoge-los-Climate-Leaders-Awards-Marketing.jpg","datePublished":"2021-03-22T17:30:14+00:00","dateModified":"2021-03-22T17:30:17+00:00","author":{"@id":"https:\/\/super-news.info\/es\/#\/schema\/person\/2d4068cb2f39cd10008c2fce578a7356"},"breadcrumb":{"@id":"https:\/\/super-news.info\/es\/callao-city-lights-acoge-los-climate-leaders-awards-marketing-directo\/#breadcrumb"},"inLanguage":"en-US","potentialAction":[{"@type":"ReadAction","target":["https:\/\/super-news.info\/es\/callao-city-lights-acoge-los-climate-leaders-awards-marketing-directo\/"]}]},{"@type":"ImageObject","inLanguage":"en-US","@id":"https:\/\/super-news.info\/es\/callao-city-lights-acoge-los-climate-leaders-awards-marketing-directo\/#primaryimage","url":"https:\/\/super-news.info\/es\/wp-content\/uploads\/sites\/4\/2021\/03\/Callao-City-Lights-acoge-los-Climate-Leaders-Awards-Marketing.jpg","contentUrl":"https:\/\/super-news.info\/es\/wp-content\/uploads\/sites\/4\/2021\/03\/Callao-City-Lights-acoge-los-Climate-Leaders-Awards-Marketing.jpg","width":1200,"height":675,"caption":"Callao City Lights acoge los Climate Leaders Awards | Marketing Directo"},{"@type":"BreadcrumbList","@id":"https:\/\/super-news.info\/es\/callao-city-lights-acoge-los-climate-leaders-awards-marketing-directo\/#breadcrumb","itemListElement":[{"@type":"ListItem","position":1,"name":"\u0413\u043b\u0430\u0432\u043d\u0430\u044f \u0441\u0442\u0440\u0430\u043d\u0438\u0446\u0430","item":"https:\/\/super-news.info\/es\/"},{"@type":"ListItem","position":2,"name":"Callao City Lights acoge los Climate Leaders Awards | Marketing Directo"}]},{"@type":"WebSite","@id":"https:\/\/super-news.info\/es\/#website","url":"https:\/\/super-news.info\/es\/","name":"Super News","description":"Super News Espa\u00f1a","potentialAction":[{"@type":"SearchAction","target":{"@type":"EntryPoint","urlTemplate":"https:\/\/super-news.info\/es\/?s={search_term_string}"},"query-input":{"@type":"PropertyValueSpecification","valueRequired":true,"valueName":"search_term_string"}}],"inLanguage":"en-US"},{"@type":"Person","@id":"https:\/\/super-news.info\/es\/#\/schema\/person\/2d4068cb2f39cd10008c2fce578a7356","name":"super-news","image":{"@type":"ImageObject","inLanguage":"en-US","@id":"https:\/\/secure.gravatar.com\/avatar\/64ebac40b93f26a154f8a9b5b6fdccfc46f442b26b3dd6756dbff3bf9dc76fd7?s=96&d=mm&r=g","url":"https:\/\/secure.gravatar.com\/avatar\/64ebac40b93f26a154f8a9b5b6fdccfc46f442b26b3dd6756dbff3bf9dc76fd7?s=96&d=mm&r=g","contentUrl":"https:\/\/secure.gravatar.com\/avatar\/64ebac40b93f26a154f8a9b5b6fdccfc46f442b26b3dd6756dbff3bf9dc76fd7?s=96&d=mm&r=g","caption":"super-news"},"url":"https:\/\/super-news.info\/es\/author\/pt\/"}]}},"_links":{"self":[{"href":"https:\/\/super-news.info\/es\/wp-json\/wp\/v2\/posts\/13977","targetHints":{"allow":["GET"]}}],"collection":[{"href":"https:\/\/super-news.info\/es\/wp-json\/wp\/v2\/posts"}],"about":[{"href":"https:\/\/super-news.info\/es\/wp-json\/wp\/v2\/types\/post"}],"author":[{"embeddable":true,"href":"https:\/\/super-news.info\/es\/wp-json\/wp\/v2\/users\/2"}],"replies":[{"embeddable":true,"href":"https:\/\/super-news.info\/es\/wp-json\/wp\/v2\/comments?post=13977"}],"version-history":[{"count":1,"href":"https:\/\/super-news.info\/es\/wp-json\/wp\/v2\/posts\/13977\/revisions"}],"predecessor-version":[{"id":13979,"href":"https:\/\/super-news.info\/es\/wp-json\/wp\/v2\/posts\/13977\/revisions\/13979"}],"wp:featuredmedia":[{"embeddable":true,"href":"https:\/\/super-news.info\/es\/wp-json\/wp\/v2\/media\/13978"}],"wp:attachment":[{"href":"https:\/\/super-news.info\/es\/wp-json\/wp\/v2\/media?parent=13977"}],"wp:term":[{"taxonomy":"category","embeddable":true,"href":"https:\/\/super-news.info\/es\/wp-json\/wp\/v2\/categories?post=13977"},{"taxonomy":"post_tag","embeddable":true,"href":"https:\/\/super-news.info\/es\/wp-json\/wp\/v2\/tags?post=13977"}],"curies":[{"name":"wp","href":"https:\/\/api.w.org\/{rel}","templated":true}]}}