{"id":13968,"date":"2021-03-22T06:28:33","date_gmt":"2021-03-22T03:28:33","guid":{"rendered":"https:\/\/super-news.info\/es\/iglesias-pronostica-que-ganara-el-debate-sobre-regulacion-del-alquiler-al-psoe-con-el-apoyo-de-los-socios-parlamentarios\/"},"modified":"2021-03-22T06:28:35","modified_gmt":"2021-03-22T03:28:35","slug":"iglesias-pronostica-que-ganara-el-debate-sobre-regulacion-del-alquiler-al-psoe-con-el-apoyo-de-los-socios-parlamentarios","status":"publish","type":"post","link":"https:\/\/super-news.info\/es\/iglesias-pronostica-que-ganara-el-debate-sobre-regulacion-del-alquiler-al-psoe-con-el-apoyo-de-los-socios-parlamentarios\/","title":{"rendered":"Iglesias pronostica que ganar\u00e1 el debate sobre regulaci\u00f3n del alquiler al PSOE con el apoyo de los socios parlamentarios"},"content":{"rendered":"<p><\/p>\n<p>Dice que la vivienda refleja la &#8220;historia de la corrupci\u00f3n&#8221; y que regular los precios es la \u00fanica forma de acabar con pr\u00e1cticas mafiosas<br \/>\nMADRID, 21 (EUROPA PRESS)<br \/>\nEl vicepresidente segundo y l\u00edder de Podemos, Pablo Iglesias, ha pronosticado que van a ganar ante el PSOE el debate para regular los precios del alquiler, dado que la correlaci\u00f3n de fuerzas en el Congreso les favorece.<br \/>\nAs\u00ed lo ha puesto de manifiesto durante su intervenci\u00f3n telem\u00e1tica en el acto &#8216;La vivienda: \u00bfderecho o bien de mercado?&#8217;, que ha protagonizado junto a la coportavoz estatal de Podemos, Isa Serra, la secretaria de Estado para Agenda 2030 y futura ministra de Derechos Sociales, Ione Belarra, el responsable del \u00e1rea de econom\u00eda de Podemos, Nacho \u00c1lvarez, y la dirigente de IU Sol S\u00e1nchez.<br \/>\nAl arranque del acto, el vicepresidente se ha referido a las discrepancia entre PSOE y Unidas Podemos en la negociaci\u00f3n de la nueva Ley de Vivienda y en el modelo para controlar los precios del alquiler. Concretamente, el PSOE ha planteado un modelo de incentivos fiscales que el ala morada del Ejecutivo rechaza por incumplir el pacto de coalici\u00f3n y reivindica un sistema de control de precios y obligaciones para grandes propietarios de cara a destinar parte de sus viviendas vac\u00edas a alquiler social.<br \/>\nPara Iglesias, la cuesti\u00f3n de la vivienda va &#8220;mucho m\u00e1s all\u00e1&#8221; del debate abierto en el seno del Ejecutivo, si bien ha advertido a su socio de coalici\u00f3n de que lo firmado ante la ciudadan\u00eda es &#8220;ley&#8221;. &#8220;Pacta sunt servanda (lo pactado obliga en lat\u00edn)&#8221;, ha enfatizado Iglesias para recordar que el presidente del Gobierno, Pedro S\u00e1nchez, y \u00e9l mismo rubricaron ese compromiso.<br \/>\nEn consecuencia, ha augurado que finalmente se regular\u00e1n los alquileres no solo porque tengan &#8220;raz\u00f3n&#8221; en esta cuesti\u00f3n sino tambi\u00e9n porque existe una correlaci\u00f3n de fuerzas, como son los socios del bloque de investidura, que les van a apoyar en la Ley de Vivienda.<br \/>\nAdem\u00e1s, ha explicado que la regulaci\u00f3n del alquiler no responde solo a un momento &#8220;puntual&#8221; dentro de la coalici\u00f3n sino que es una cuesti\u00f3n nuclear del pa\u00eds, con una &#8220;oligarqu\u00eda&#8221; econ\u00f3mica que se &#8220;atrinchera&#8221; para &#8220;defender sus privilegios&#8221;.<br \/>\nLA VIVIENDA ES LA &#8220;HISTORIA&#8221; DE LA CORRUPCI\u00d3N<br \/>\nY es que el futuro candidato de Unidas Podemos a la Comunidad de Madrid ha resaltado que la vivienda refleja la &#8220;historia de la corrupci\u00f3n&#8221; en Espa\u00f1a, ilustrada en pr\u00e1cticas &#8220;mafiosas&#8221; como los &#8216;papeles de B\u00e1rcenas&#8217; que recogen las presuntas aportaciones de constructoras al PP, anotadas por el antiguo tesorero popular, y que permitieron al PP ir &#8220;dopado&#8221; a muchas elecciones.<br \/>\n&#8220;Por eso algunos est\u00e1n tan nerviosos con este debate (&#8230;) porque hablar de regular el alquiler es la \u00fanica forma de revertir un modelo econ\u00f3mico y pol\u00edtico basado en la corrupci\u00f3n&#8221;, ha aseverado.<br \/>\nA su vez, Iglesias ha relatado que en la regulaci\u00f3n del alquiler est\u00e1 en juego &#8220;qui\u00e9n manda&#8221; en Espa\u00f1a, pues la patronal inmobiliaria influye en medios de comunicaci\u00f3n y partidos, y es la ocasi\u00f3n de demostrar que la democracia no es solo un conjunto de &#8220;buenas intenciones&#8221; sino tambi\u00e9n el compromiso con la ley.<br \/>\nTRANSICI\u00d3N PARA ACABAR CON ESTE MODELO<br \/>\nDe hecho, ha dicho que est\u00e1 en juego una &#8220;transici\u00f3n en Espa\u00f1a&#8221; que es acabar con la econom\u00eda &#8220;rentista&#8221; y &#8220;especulativa&#8221;, que es ineficiente para el modelo productivo de Espa\u00f1a.<br \/>\nAdem\u00e1s, ha defendido que la regulaci\u00f3n del alquiler permitir\u00e1 cumplir el art\u00edculo 47 de la Constituci\u00f3n, que pauta la vivienda como un derecho. Y es que a juicio de Iglesias, sectores econ\u00f3micos y dirigentes pol\u00edticos creen que esa disposici\u00f3n de la Carta Magna es &#8220;comunista&#8221;.<br \/>\n&#8220;Algunos que dicen &#8216;comunismo o libertad&#8217; entienden la libertad como su libertad para robar, su libertad para cobrar alquileres abusivos o su libertad para regalar vivienda p\u00fablica a fondos buitre&#8221;, ha recalcado el vicepresidente segundo para instar a acabar con un &#8220;modelo absurdo&#8221; que genera &#8220;violencia social&#8221;.<br \/>\nDe esta forma, ha defendido que ante esa visi\u00f3n se debe confrontar la ley, la Constituci\u00f3n y la democracia con una Ley de Vivienda que est\u00e9 al lado de las mayor\u00edas sociales.<br \/>\nEST\u00c1N EN EL GOBIERNO PARA POSICIONARSE CON LA GENTE<br \/>\nEn esta l\u00ednea, la coportavoz estatal de Podemos ha cargado con el poder de algunas constructoras, que como se aprecia en los &#8216;papeles de B\u00e1rcenas&#8217;, act\u00faan como &#8220;corruptores&#8221; y que hacen, junto con fondos de inversi\u00f3n, &#8220;sonar el tel\u00e9fono a los pol\u00edticos constantemente&#8221;.<br \/>\nSin embargo, ha reivindicado que la funci\u00f3n de Unidas Podemos en el Gobierno es posicionarse del lado de la gente y decir &#8220;basta&#8221; a que se siga &#8220;especulando y haciendo negocio con la vivienda y el sufrimiento humano&#8221;. Por tanto, Serra ha asegurado que &#8220;no se puede estar al mismo tiempo con los fondos buitre o con los desahuciados&#8221;, que en muchos casos son mujeres.<br \/>\nBELARRA: &#8220;NOSOTROS NO TENEMOS AMIGOS EN LA PATRONAL INMOBILIARIA&#8221;<br \/>\nPosteriormente, Belarra ha subrayado que, pese a plantear desde el Gobierno pol\u00edticas &#8220;valientes&#8221;, existe un &#8220;entramado de poder&#8221; por parte de estos fondos de inversi\u00f3n, a los que se debe con &#8220;entereza&#8221; decir que van a tener que ser &#8220;corresponsables&#8221; en la Ley de Vivienda para que se comprometan a limitar el precio del alquiler y destinar el 30% de su viviendas a alquiler social. Con ello se lograr\u00eda aumentar la oferta en 140.000 y 150.000 viviendas, en contraposici\u00f3n a los que defienden que una medida regulatoria contraer\u00eda el n\u00famero de pisos destinados al arrendamiento.<br \/>\nPosteriormente, la futura ministra ha subrayado que Unidas Podemos ha destacado que Unidas Podemos no tienen &#8220;amigos en la patronal inmobiliaria&#8221; mientras otros s\u00ed, en clara alusi\u00f3n al PSOE y a la presencia del exministro socialista Joan Clos, que dirige la Asociaci\u00f3n de Propietarios de Vivienda en Alquiler (Asval).<br \/>\n&#8220;La palabra dada y lo firmado ante la ciudadan\u00eda es lo mejor que vamos a ofrecer en esta campa\u00f1a y lo m\u00e1s valioso en este mundo, ante otros partidos que dicen una cosa y al d\u00eda siguiente es la contraria&#8221;. Ha lanzado para recalcar que la libertad no es verse encadenado a precios de alquiler o hipotecas &#8220;abusivos&#8221;.<br \/>\nPor su parte, Nacho \u00c1lvarez ha recalcado que algunos no se toman en serio el art\u00edculo de la Constituci\u00f3n que pauta el derecho a la vivienda y ha subrayado que el precio del alquiler ha subido un 50% desde 2015 a 2020, con incrementos del 60% en el caso de Madrid.<br \/>\nTambi\u00e9n ha aludido que 7,3 millones viven del alquiler en Espa\u00f1a y 1,5 personas dedican m\u00e1s del 50% de su renta para pagarlo, mientras 3,4 millones de viviendas est\u00e1n vac\u00edas. Todo ello refleja, en su opini\u00f3n, la &#8220;enorme barrera&#8221; que supone el acceso a la vivienda de alquiler, sobre todo para los j\u00f3venes y, por tanto, emular regulaciones como han emprendido otros pa\u00edses occidentales es &#8220;necesario&#8221; y &#8220;b\u00e1sico&#8221;.<br \/>\nREGULAR LOS ALQUILERES ES APELAR A LO DERECHOS HUMANOS<br \/>\nA su vez, Sol S\u00e1nchez ha apelado a la Declaraci\u00f3n de Derechos Humanos para reivindicar la regulaci\u00f3n del alquiler y emprender viviendas que posibiliten tener una vivienda &#8220;digna&#8221; que merezca tener la consideraci\u00f3n de &#8220;hogar&#8221;, algo que en Madrid muchas familias no tienen opci\u00f3n ante los &#8220;desorbitados&#8221; precios de la regi\u00f3n.<br \/>\n&#8220;Quien no haya entendido que la vivienda est\u00e1 relacionada con el ejercicio del resto de derechos (&#8230;) No ha entendido absolutamente nada. Y quien piense que la vivienda es un bien de mercado con el que se puede especular, es entender lo mismo que la derecha que lleva gobernando 26 a\u00f1os en Madrid&#8221;, ha enfatizado.<\/p>\n<p>\n<!--noindex--><br \/>\n<a href=\"https:\/\/www.europapress.es\/nacional\/noticia-iglesias-pronostica-ganara-debate-regulacion-alquiler-psoe-apoyo-socios-parlamentarios-20210321124712.html\" rel=\"nofollow\">Source link <\/a><br \/>\n<!--\/noindex--><\/p>\n","protected":false},"excerpt":{"rendered":"<p>Dice que la vivienda refleja la &#8220;historia de la corrupci\u00f3n&#8221; y que regular los precios es la \u00fanica forma de acabar con pr\u00e1cticas mafiosas MADRID, 21 (EUROPA PRESS) El vicepresidente segundo y l\u00edder de Podemos, Pablo Iglesias, ha pronosticado que van a ganar ante el PSOE el debate para regular los precios del alquiler, dado [&hellip;]<\/p>\n","protected":false},"author":2,"featured_media":13969,"comment_status":"open","ping_status":"open","sticky":false,"template":"","format":"standard","meta":{"footnotes":""},"categories":[1],"tags":[],"class_list":["post-13968","post","type-post","status-publish","format-standard","has-post-thumbnail","hentry","category-noticias-financieras"],"yoast_head":"<!-- This site is optimized with the Yoast SEO plugin v27.4 - https:\/\/yoast.com\/product\/yoast-seo-wordpress\/ -->\n<title>Iglesias pronostica que ganar\u00e1 el debate sobre regulaci\u00f3n del alquiler al PSOE con el apoyo de los socios parlamentarios - Super News<\/title>\n<meta name=\"robots\" content=\"index, follow, max-snippet:-1, max-image-preview:large, max-video-preview:-1\" \/>\n<link rel=\"canonical\" href=\"https:\/\/super-news.info\/es\/iglesias-pronostica-que-ganara-el-debate-sobre-regulacion-del-alquiler-al-psoe-con-el-apoyo-de-los-socios-parlamentarios\/\" \/>\n<meta property=\"og:locale\" content=\"en_US\" \/>\n<meta property=\"og:type\" content=\"article\" \/>\n<meta property=\"og:title\" content=\"Iglesias pronostica que ganar\u00e1 el debate sobre regulaci\u00f3n del alquiler al PSOE con el apoyo de los socios parlamentarios - Super News\" \/>\n<meta property=\"og:description\" content=\"Dice que la vivienda refleja la &#8220;historia de la corrupci\u00f3n&#8221; y que regular los precios es la \u00fanica forma de acabar con pr\u00e1cticas mafiosas MADRID, 21 (EUROPA PRESS) El vicepresidente segundo y l\u00edder de Podemos, Pablo Iglesias, ha pronosticado que van a ganar ante el PSOE el debate para regular los precios del alquiler, dado [&hellip;]\" \/>\n<meta property=\"og:url\" content=\"https:\/\/super-news.info\/es\/iglesias-pronostica-que-ganara-el-debate-sobre-regulacion-del-alquiler-al-psoe-con-el-apoyo-de-los-socios-parlamentarios\/\" \/>\n<meta property=\"og:site_name\" content=\"Super News\" \/>\n<meta property=\"article:published_time\" content=\"2021-03-22T03:28:33+00:00\" \/>\n<meta property=\"article:modified_time\" content=\"2021-03-22T03:28:35+00:00\" \/>\n<meta property=\"og:image\" content=\"https:\/\/super-news.info\/es\/wp-content\/uploads\/sites\/4\/2021\/03\/Iglesias-pronostica-que-ganara-el-debate-sobre-regulacion-del-alquiler.jpg\" \/>\n\t<meta property=\"og:image:width\" content=\"120\" \/>\n\t<meta property=\"og:image:height\" content=\"80\" \/>\n\t<meta property=\"og:image:type\" content=\"image\/jpeg\" \/>\n<meta name=\"author\" content=\"super-news\" \/>\n<meta name=\"twitter:card\" content=\"summary_large_image\" \/>\n<meta name=\"twitter:label1\" content=\"Written by\" \/>\n\t<meta name=\"twitter:data1\" content=\"super-news\" \/>\n\t<meta name=\"twitter:label2\" content=\"Est. reading time\" \/>\n\t<meta name=\"twitter:data2\" content=\"7 minutes\" \/>\n<script type=\"application\/ld+json\" class=\"yoast-schema-graph\">{\"@context\":\"https:\\\/\\\/schema.org\",\"@graph\":[{\"@type\":\"Article\",\"@id\":\"https:\\\/\\\/super-news.info\\\/es\\\/iglesias-pronostica-que-ganara-el-debate-sobre-regulacion-del-alquiler-al-psoe-con-el-apoyo-de-los-socios-parlamentarios\\\/#article\",\"isPartOf\":{\"@id\":\"https:\\\/\\\/super-news.info\\\/es\\\/iglesias-pronostica-que-ganara-el-debate-sobre-regulacion-del-alquiler-al-psoe-con-el-apoyo-de-los-socios-parlamentarios\\\/\"},\"author\":{\"name\":\"super-news\",\"@id\":\"https:\\\/\\\/super-news.info\\\/es\\\/#\\\/schema\\\/person\\\/2d4068cb2f39cd10008c2fce578a7356\"},\"headline\":\"Iglesias pronostica que ganar\u00e1 el debate sobre regulaci\u00f3n del alquiler al PSOE con el apoyo de los socios parlamentarios\",\"datePublished\":\"2021-03-22T03:28:33+00:00\",\"dateModified\":\"2021-03-22T03:28:35+00:00\",\"mainEntityOfPage\":{\"@id\":\"https:\\\/\\\/super-news.info\\\/es\\\/iglesias-pronostica-que-ganara-el-debate-sobre-regulacion-del-alquiler-al-psoe-con-el-apoyo-de-los-socios-parlamentarios\\\/\"},\"wordCount\":1339,\"commentCount\":0,\"image\":{\"@id\":\"https:\\\/\\\/super-news.info\\\/es\\\/iglesias-pronostica-que-ganara-el-debate-sobre-regulacion-del-alquiler-al-psoe-con-el-apoyo-de-los-socios-parlamentarios\\\/#primaryimage\"},\"thumbnailUrl\":\"https:\\\/\\\/super-news.info\\\/es\\\/wp-content\\\/uploads\\\/sites\\\/4\\\/2021\\\/03\\\/Iglesias-pronostica-que-ganara-el-debate-sobre-regulacion-del-alquiler.jpg\",\"articleSection\":[\"NOTICIAS FINANCIERAS\"],\"inLanguage\":\"en-US\",\"potentialAction\":[{\"@type\":\"CommentAction\",\"name\":\"Comment\",\"target\":[\"https:\\\/\\\/super-news.info\\\/es\\\/iglesias-pronostica-que-ganara-el-debate-sobre-regulacion-del-alquiler-al-psoe-con-el-apoyo-de-los-socios-parlamentarios\\\/#respond\"]}]},{\"@type\":\"WebPage\",\"@id\":\"https:\\\/\\\/super-news.info\\\/es\\\/iglesias-pronostica-que-ganara-el-debate-sobre-regulacion-del-alquiler-al-psoe-con-el-apoyo-de-los-socios-parlamentarios\\\/\",\"url\":\"https:\\\/\\\/super-news.info\\\/es\\\/iglesias-pronostica-que-ganara-el-debate-sobre-regulacion-del-alquiler-al-psoe-con-el-apoyo-de-los-socios-parlamentarios\\\/\",\"name\":\"Iglesias pronostica que ganar\u00e1 el debate sobre regulaci\u00f3n del alquiler al PSOE con el apoyo de los socios parlamentarios - Super News\",\"isPartOf\":{\"@id\":\"https:\\\/\\\/super-news.info\\\/es\\\/#website\"},\"primaryImageOfPage\":{\"@id\":\"https:\\\/\\\/super-news.info\\\/es\\\/iglesias-pronostica-que-ganara-el-debate-sobre-regulacion-del-alquiler-al-psoe-con-el-apoyo-de-los-socios-parlamentarios\\\/#primaryimage\"},\"image\":{\"@id\":\"https:\\\/\\\/super-news.info\\\/es\\\/iglesias-pronostica-que-ganara-el-debate-sobre-regulacion-del-alquiler-al-psoe-con-el-apoyo-de-los-socios-parlamentarios\\\/#primaryimage\"},\"thumbnailUrl\":\"https:\\\/\\\/super-news.info\\\/es\\\/wp-content\\\/uploads\\\/sites\\\/4\\\/2021\\\/03\\\/Iglesias-pronostica-que-ganara-el-debate-sobre-regulacion-del-alquiler.jpg\",\"datePublished\":\"2021-03-22T03:28:33+00:00\",\"dateModified\":\"2021-03-22T03:28:35+00:00\",\"author\":{\"@id\":\"https:\\\/\\\/super-news.info\\\/es\\\/#\\\/schema\\\/person\\\/2d4068cb2f39cd10008c2fce578a7356\"},\"breadcrumb\":{\"@id\":\"https:\\\/\\\/super-news.info\\\/es\\\/iglesias-pronostica-que-ganara-el-debate-sobre-regulacion-del-alquiler-al-psoe-con-el-apoyo-de-los-socios-parlamentarios\\\/#breadcrumb\"},\"inLanguage\":\"en-US\",\"potentialAction\":[{\"@type\":\"ReadAction\",\"target\":[\"https:\\\/\\\/super-news.info\\\/es\\\/iglesias-pronostica-que-ganara-el-debate-sobre-regulacion-del-alquiler-al-psoe-con-el-apoyo-de-los-socios-parlamentarios\\\/\"]}]},{\"@type\":\"ImageObject\",\"inLanguage\":\"en-US\",\"@id\":\"https:\\\/\\\/super-news.info\\\/es\\\/iglesias-pronostica-que-ganara-el-debate-sobre-regulacion-del-alquiler-al-psoe-con-el-apoyo-de-los-socios-parlamentarios\\\/#primaryimage\",\"url\":\"https:\\\/\\\/super-news.info\\\/es\\\/wp-content\\\/uploads\\\/sites\\\/4\\\/2021\\\/03\\\/Iglesias-pronostica-que-ganara-el-debate-sobre-regulacion-del-alquiler.jpg\",\"contentUrl\":\"https:\\\/\\\/super-news.info\\\/es\\\/wp-content\\\/uploads\\\/sites\\\/4\\\/2021\\\/03\\\/Iglesias-pronostica-que-ganara-el-debate-sobre-regulacion-del-alquiler.jpg\",\"width\":120,\"height\":80,\"caption\":\"Iglesias pronostica que ganar\u00e1 el debate sobre regulaci\u00f3n del alquiler al PSOE con el apoyo de los socios parlamentarios\"},{\"@type\":\"BreadcrumbList\",\"@id\":\"https:\\\/\\\/super-news.info\\\/es\\\/iglesias-pronostica-que-ganara-el-debate-sobre-regulacion-del-alquiler-al-psoe-con-el-apoyo-de-los-socios-parlamentarios\\\/#breadcrumb\",\"itemListElement\":[{\"@type\":\"ListItem\",\"position\":1,\"name\":\"\u0413\u043b\u0430\u0432\u043d\u0430\u044f \u0441\u0442\u0440\u0430\u043d\u0438\u0446\u0430\",\"item\":\"https:\\\/\\\/super-news.info\\\/es\\\/\"},{\"@type\":\"ListItem\",\"position\":2,\"name\":\"Iglesias pronostica que ganar\u00e1 el debate sobre regulaci\u00f3n del alquiler al PSOE con el apoyo de los socios parlamentarios\"}]},{\"@type\":\"WebSite\",\"@id\":\"https:\\\/\\\/super-news.info\\\/es\\\/#website\",\"url\":\"https:\\\/\\\/super-news.info\\\/es\\\/\",\"name\":\"Super News\",\"description\":\"Super News Espa\u00f1a\",\"potentialAction\":[{\"@type\":\"SearchAction\",\"target\":{\"@type\":\"EntryPoint\",\"urlTemplate\":\"https:\\\/\\\/super-news.info\\\/es\\\/?s={search_term_string}\"},\"query-input\":{\"@type\":\"PropertyValueSpecification\",\"valueRequired\":true,\"valueName\":\"search_term_string\"}}],\"inLanguage\":\"en-US\"},{\"@type\":\"Person\",\"@id\":\"https:\\\/\\\/super-news.info\\\/es\\\/#\\\/schema\\\/person\\\/2d4068cb2f39cd10008c2fce578a7356\",\"name\":\"super-news\",\"image\":{\"@type\":\"ImageObject\",\"inLanguage\":\"en-US\",\"@id\":\"https:\\\/\\\/secure.gravatar.com\\\/avatar\\\/64ebac40b93f26a154f8a9b5b6fdccfc46f442b26b3dd6756dbff3bf9dc76fd7?s=96&d=mm&r=g\",\"url\":\"https:\\\/\\\/secure.gravatar.com\\\/avatar\\\/64ebac40b93f26a154f8a9b5b6fdccfc46f442b26b3dd6756dbff3bf9dc76fd7?s=96&d=mm&r=g\",\"contentUrl\":\"https:\\\/\\\/secure.gravatar.com\\\/avatar\\\/64ebac40b93f26a154f8a9b5b6fdccfc46f442b26b3dd6756dbff3bf9dc76fd7?s=96&d=mm&r=g\",\"caption\":\"super-news\"},\"url\":\"https:\\\/\\\/super-news.info\\\/es\\\/author\\\/pt\\\/\"}]}<\/script>\n<!-- \/ Yoast SEO plugin. -->","yoast_head_json":{"title":"Iglesias pronostica que ganar\u00e1 el debate sobre regulaci\u00f3n del alquiler al PSOE con el apoyo de los socios parlamentarios - Super News","robots":{"index":"index","follow":"follow","max-snippet":"max-snippet:-1","max-image-preview":"max-image-preview:large","max-video-preview":"max-video-preview:-1"},"canonical":"https:\/\/super-news.info\/es\/iglesias-pronostica-que-ganara-el-debate-sobre-regulacion-del-alquiler-al-psoe-con-el-apoyo-de-los-socios-parlamentarios\/","og_locale":"en_US","og_type":"article","og_title":"Iglesias pronostica que ganar\u00e1 el debate sobre regulaci\u00f3n del alquiler al PSOE con el apoyo de los socios parlamentarios - Super News","og_description":"Dice que la vivienda refleja la &#8220;historia de la corrupci\u00f3n&#8221; y que regular los precios es la \u00fanica forma de acabar con pr\u00e1cticas mafiosas MADRID, 21 (EUROPA PRESS) El vicepresidente segundo y l\u00edder de Podemos, Pablo Iglesias, ha pronosticado que van a ganar ante el PSOE el debate para regular los precios del alquiler, dado [&hellip;]","og_url":"https:\/\/super-news.info\/es\/iglesias-pronostica-que-ganara-el-debate-sobre-regulacion-del-alquiler-al-psoe-con-el-apoyo-de-los-socios-parlamentarios\/","og_site_name":"Super News","article_published_time":"2021-03-22T03:28:33+00:00","article_modified_time":"2021-03-22T03:28:35+00:00","og_image":[{"width":120,"height":80,"url":"https:\/\/super-news.info\/es\/wp-content\/uploads\/sites\/4\/2021\/03\/Iglesias-pronostica-que-ganara-el-debate-sobre-regulacion-del-alquiler.jpg","type":"image\/jpeg"}],"author":"super-news","twitter_card":"summary_large_image","twitter_misc":{"Written by":"super-news","Est. reading time":"7 minutes"},"schema":{"@context":"https:\/\/schema.org","@graph":[{"@type":"Article","@id":"https:\/\/super-news.info\/es\/iglesias-pronostica-que-ganara-el-debate-sobre-regulacion-del-alquiler-al-psoe-con-el-apoyo-de-los-socios-parlamentarios\/#article","isPartOf":{"@id":"https:\/\/super-news.info\/es\/iglesias-pronostica-que-ganara-el-debate-sobre-regulacion-del-alquiler-al-psoe-con-el-apoyo-de-los-socios-parlamentarios\/"},"author":{"name":"super-news","@id":"https:\/\/super-news.info\/es\/#\/schema\/person\/2d4068cb2f39cd10008c2fce578a7356"},"headline":"Iglesias pronostica que ganar\u00e1 el debate sobre regulaci\u00f3n del alquiler al PSOE con el apoyo de los socios parlamentarios","datePublished":"2021-03-22T03:28:33+00:00","dateModified":"2021-03-22T03:28:35+00:00","mainEntityOfPage":{"@id":"https:\/\/super-news.info\/es\/iglesias-pronostica-que-ganara-el-debate-sobre-regulacion-del-alquiler-al-psoe-con-el-apoyo-de-los-socios-parlamentarios\/"},"wordCount":1339,"commentCount":0,"image":{"@id":"https:\/\/super-news.info\/es\/iglesias-pronostica-que-ganara-el-debate-sobre-regulacion-del-alquiler-al-psoe-con-el-apoyo-de-los-socios-parlamentarios\/#primaryimage"},"thumbnailUrl":"https:\/\/super-news.info\/es\/wp-content\/uploads\/sites\/4\/2021\/03\/Iglesias-pronostica-que-ganara-el-debate-sobre-regulacion-del-alquiler.jpg","articleSection":["NOTICIAS FINANCIERAS"],"inLanguage":"en-US","potentialAction":[{"@type":"CommentAction","name":"Comment","target":["https:\/\/super-news.info\/es\/iglesias-pronostica-que-ganara-el-debate-sobre-regulacion-del-alquiler-al-psoe-con-el-apoyo-de-los-socios-parlamentarios\/#respond"]}]},{"@type":"WebPage","@id":"https:\/\/super-news.info\/es\/iglesias-pronostica-que-ganara-el-debate-sobre-regulacion-del-alquiler-al-psoe-con-el-apoyo-de-los-socios-parlamentarios\/","url":"https:\/\/super-news.info\/es\/iglesias-pronostica-que-ganara-el-debate-sobre-regulacion-del-alquiler-al-psoe-con-el-apoyo-de-los-socios-parlamentarios\/","name":"Iglesias pronostica que ganar\u00e1 el debate sobre regulaci\u00f3n del alquiler al PSOE con el apoyo de los socios parlamentarios - Super News","isPartOf":{"@id":"https:\/\/super-news.info\/es\/#website"},"primaryImageOfPage":{"@id":"https:\/\/super-news.info\/es\/iglesias-pronostica-que-ganara-el-debate-sobre-regulacion-del-alquiler-al-psoe-con-el-apoyo-de-los-socios-parlamentarios\/#primaryimage"},"image":{"@id":"https:\/\/super-news.info\/es\/iglesias-pronostica-que-ganara-el-debate-sobre-regulacion-del-alquiler-al-psoe-con-el-apoyo-de-los-socios-parlamentarios\/#primaryimage"},"thumbnailUrl":"https:\/\/super-news.info\/es\/wp-content\/uploads\/sites\/4\/2021\/03\/Iglesias-pronostica-que-ganara-el-debate-sobre-regulacion-del-alquiler.jpg","datePublished":"2021-03-22T03:28:33+00:00","dateModified":"2021-03-22T03:28:35+00:00","author":{"@id":"https:\/\/super-news.info\/es\/#\/schema\/person\/2d4068cb2f39cd10008c2fce578a7356"},"breadcrumb":{"@id":"https:\/\/super-news.info\/es\/iglesias-pronostica-que-ganara-el-debate-sobre-regulacion-del-alquiler-al-psoe-con-el-apoyo-de-los-socios-parlamentarios\/#breadcrumb"},"inLanguage":"en-US","potentialAction":[{"@type":"ReadAction","target":["https:\/\/super-news.info\/es\/iglesias-pronostica-que-ganara-el-debate-sobre-regulacion-del-alquiler-al-psoe-con-el-apoyo-de-los-socios-parlamentarios\/"]}]},{"@type":"ImageObject","inLanguage":"en-US","@id":"https:\/\/super-news.info\/es\/iglesias-pronostica-que-ganara-el-debate-sobre-regulacion-del-alquiler-al-psoe-con-el-apoyo-de-los-socios-parlamentarios\/#primaryimage","url":"https:\/\/super-news.info\/es\/wp-content\/uploads\/sites\/4\/2021\/03\/Iglesias-pronostica-que-ganara-el-debate-sobre-regulacion-del-alquiler.jpg","contentUrl":"https:\/\/super-news.info\/es\/wp-content\/uploads\/sites\/4\/2021\/03\/Iglesias-pronostica-que-ganara-el-debate-sobre-regulacion-del-alquiler.jpg","width":120,"height":80,"caption":"Iglesias pronostica que ganar\u00e1 el debate sobre regulaci\u00f3n del alquiler al PSOE con el apoyo de los socios parlamentarios"},{"@type":"BreadcrumbList","@id":"https:\/\/super-news.info\/es\/iglesias-pronostica-que-ganara-el-debate-sobre-regulacion-del-alquiler-al-psoe-con-el-apoyo-de-los-socios-parlamentarios\/#breadcrumb","itemListElement":[{"@type":"ListItem","position":1,"name":"\u0413\u043b\u0430\u0432\u043d\u0430\u044f \u0441\u0442\u0440\u0430\u043d\u0438\u0446\u0430","item":"https:\/\/super-news.info\/es\/"},{"@type":"ListItem","position":2,"name":"Iglesias pronostica que ganar\u00e1 el debate sobre regulaci\u00f3n del alquiler al PSOE con el apoyo de los socios parlamentarios"}]},{"@type":"WebSite","@id":"https:\/\/super-news.info\/es\/#website","url":"https:\/\/super-news.info\/es\/","name":"Super News","description":"Super News Espa\u00f1a","potentialAction":[{"@type":"SearchAction","target":{"@type":"EntryPoint","urlTemplate":"https:\/\/super-news.info\/es\/?s={search_term_string}"},"query-input":{"@type":"PropertyValueSpecification","valueRequired":true,"valueName":"search_term_string"}}],"inLanguage":"en-US"},{"@type":"Person","@id":"https:\/\/super-news.info\/es\/#\/schema\/person\/2d4068cb2f39cd10008c2fce578a7356","name":"super-news","image":{"@type":"ImageObject","inLanguage":"en-US","@id":"https:\/\/secure.gravatar.com\/avatar\/64ebac40b93f26a154f8a9b5b6fdccfc46f442b26b3dd6756dbff3bf9dc76fd7?s=96&d=mm&r=g","url":"https:\/\/secure.gravatar.com\/avatar\/64ebac40b93f26a154f8a9b5b6fdccfc46f442b26b3dd6756dbff3bf9dc76fd7?s=96&d=mm&r=g","contentUrl":"https:\/\/secure.gravatar.com\/avatar\/64ebac40b93f26a154f8a9b5b6fdccfc46f442b26b3dd6756dbff3bf9dc76fd7?s=96&d=mm&r=g","caption":"super-news"},"url":"https:\/\/super-news.info\/es\/author\/pt\/"}]}},"_links":{"self":[{"href":"https:\/\/super-news.info\/es\/wp-json\/wp\/v2\/posts\/13968","targetHints":{"allow":["GET"]}}],"collection":[{"href":"https:\/\/super-news.info\/es\/wp-json\/wp\/v2\/posts"}],"about":[{"href":"https:\/\/super-news.info\/es\/wp-json\/wp\/v2\/types\/post"}],"author":[{"embeddable":true,"href":"https:\/\/super-news.info\/es\/wp-json\/wp\/v2\/users\/2"}],"replies":[{"embeddable":true,"href":"https:\/\/super-news.info\/es\/wp-json\/wp\/v2\/comments?post=13968"}],"version-history":[{"count":1,"href":"https:\/\/super-news.info\/es\/wp-json\/wp\/v2\/posts\/13968\/revisions"}],"predecessor-version":[{"id":13970,"href":"https:\/\/super-news.info\/es\/wp-json\/wp\/v2\/posts\/13968\/revisions\/13970"}],"wp:featuredmedia":[{"embeddable":true,"href":"https:\/\/super-news.info\/es\/wp-json\/wp\/v2\/media\/13969"}],"wp:attachment":[{"href":"https:\/\/super-news.info\/es\/wp-json\/wp\/v2\/media?parent=13968"}],"wp:term":[{"taxonomy":"category","embeddable":true,"href":"https:\/\/super-news.info\/es\/wp-json\/wp\/v2\/categories?post=13968"},{"taxonomy":"post_tag","embeddable":true,"href":"https:\/\/super-news.info\/es\/wp-json\/wp\/v2\/tags?post=13968"}],"curies":[{"name":"wp","href":"https:\/\/api.w.org\/{rel}","templated":true}]}}