{"id":13962,"date":"2021-03-21T18:25:08","date_gmt":"2021-03-21T15:25:08","guid":{"rendered":"https:\/\/super-news.info\/es\/el-mercado-automovilistico-espanol-cerrara-2021-por-debajo-del-millon-de-unidades-segun-anfac\/"},"modified":"2021-03-21T18:25:10","modified_gmt":"2021-03-21T15:25:10","slug":"el-mercado-automovilistico-espanol-cerrara-2021-por-debajo-del-millon-de-unidades-segun-anfac","status":"publish","type":"post","link":"https:\/\/super-news.info\/es\/el-mercado-automovilistico-espanol-cerrara-2021-por-debajo-del-millon-de-unidades-segun-anfac\/","title":{"rendered":"El mercado automovil\u00edstico espa\u00f1ol cerrar\u00e1 2021 por debajo del mill\u00f3n de unidades, seg\u00fan Anfac"},"content":{"rendered":"<p>\nLa subida del impuesto de matriculaci\u00f3n por el WLTP motivar\u00e1 que se dejen de vender hasta 120.000 unidades en 2021<br \/>\n   MADRID, 21 Mar. (EUROPA PRESS) &#8211;<br \/>\n   La Asociaci\u00f3n Espa\u00f1ola de Fabricantes de Autom\u00f3viles y Camiones (Anfac) ha revisado a la baja, con motivo de las fuertes ca\u00eddas de ventas experimentadas en los dos primeros meses del a\u00f1o, su previsi\u00f3n de matriculaciones para el conjunto de 2021, que ahora estima que se sit\u00faen por debajo del mill\u00f3n de turismos y todoterrenos vendidos.<br \/>\n   En una entrevista concedida a Europa Press, el director general de la Asociaci\u00f3n Espa\u00f1ola de Fabricantes de Autom\u00f3viles y Camiones (Anfac), Jos\u00e9 L\u00f3pez-Tafall, ha se\u00f1alado que el inicio poco positivo de a\u00f1o ha motivado que desde la organizaci\u00f3n hayan revisado la previsi\u00f3n de mercado, que contemplaba anteriormente superar el mill\u00f3n de unidades.<br \/>\n   De esta forma, el directivo indic\u00f3 que la estimaci\u00f3n es &#8220;estar por debajo del mill\u00f3n de unidades&#8221;, entre las 900.000 y un mill\u00f3n de veh\u00edculos. &#8220;No son buenas noticias, teniendo en cuenta que en 2019 se vendieron casi 1,3 millones de turismos y todoterrenos&#8221;, subray\u00f3.<br \/>\n   En cuanto a la recuperaci\u00f3n del mercado automovil\u00edstico nacional a niveles anteriores a la pandemia de Covid-19, el directivo indic\u00f3 que esta peor evoluci\u00f3n de lo previsto en lo que va de a\u00f1o ha motivado que no contemple que hasta 2023 se retomen las cifras similares a antes de la crisis.<br \/>\n   L\u00f3pez-Tafall explic\u00f3 que una de las principales causas de la ca\u00edda del 44% de las matriculaciones en los dos primeros meses de 2021 es la subida &#8220;de facto&#8221; del impuesto de matriculaci\u00f3n con la entrada en vigor del ciclo WLTP, lo que ha provocado un incremento medio del precio de los coches de un 5%.<br \/>\n   As\u00ed, el directivo se\u00f1al\u00f3 que el efecto negativo de esta no adaptaci\u00f3n del impuesto al nuevo ciclo de homologaci\u00f3n, como s\u00ed han hecho otros pa\u00edses del entorno, motivar\u00e1 que se dejen de vender este a\u00f1o entre 110.000 y 120.000 autom\u00f3viles en Espa\u00f1a.<br \/>\n   &#8220;Tenemos un problema diferencial respecto a los pa\u00edses del entorno, como es una crisis algo mayor y tambi\u00e9n que, a diferencia de lo que han hecho Francia, Italia o Portugal, en Espa\u00f1a no se modific\u00f3 el impuesto de matriculaci\u00f3n para que tuviese un efecto neutral el WLTP&#8221;, explic\u00f3.<br \/>\n   El director general de Anfac se\u00f1al\u00f3 que la l\u00f3gica econ\u00f3mica actual &#8220;no lleva&#8221; a que se registre una subida de los tramos del impuesto de matriculaci\u00f3n y asegur\u00f3 que desde Anfac no tienen conocimiento de que el Gobierno tenga intenci\u00f3n de llevar a cabo alguna adaptaci\u00f3n para aligerar el impacto sobre el precio de los coches.<br \/>\nFISCALIDAD<br \/>\n   Por otro lado, L\u00f3pez-Tafall subray\u00f3 que desde Anfac defienden, en lugar del impuesto de matriculaci\u00f3n, la creaci\u00f3n de un impuesto verde sobre el uso del veh\u00edculo, como una f\u00f3rmula m\u00e1s en l\u00ednea de lo que marca la Comisi\u00f3n Europea y m\u00e1s eficaz que la penalizaci\u00f3n de la compra.<br \/>\n   As\u00ed, se\u00f1al\u00f3 que la propuesta fiscal de la asociaci\u00f3n para el sector en Espa\u00f1a est\u00e1 orientada a la favorecer la electrificaci\u00f3ny en paralelo no penalizar la renovaci\u00f3n del parque automovil\u00edstico espa\u00f1ol.<br \/>\n   Seg\u00fan el directivo, la propuesta de crear un impuesto verde por uso no tendr\u00eda un impacto negativo sobre la recaudaci\u00f3n de las arcas p\u00fablicas, sino todo lo contrario. &#8220;Tenemos claro que se puede hacer una modificaci\u00f3n sobre fiscalidad verde, orientada al uso, que no suponga una p\u00e9rdida de recaudaci\u00f3n y tambi\u00e9n una modificaci\u00f3n fiscal para incentivar el veh\u00edculo electrificado a trav\u00e9s de la reducci\u00f3n del IVA&#8221;, afirm\u00f3.<br \/>\n&#8220;NO DORMIRSE EN LOS LAURELES&#8221;<br \/>\n   Por otra parte, el director general de la patronal de fabricantes, que celebrar\u00e1 el pr\u00f3ximo mi\u00e9rcoles el &#8216;Foro Anfac: La Movilidad del Futuro&#8217;, ha instado a Espa\u00f1a a &#8220;no dormirse en los laureles&#8221;, como han hecho otros pa\u00edses, para continuar siendo uno de los diez mayores productores mundiales de veh\u00edculos y el segundo de Europa.<br \/>\n   Para lograr este objetivo, explic\u00f3 que las plantas tienen que ser flexibles, no ser las m\u00e1s baratas, as\u00ed como tener fiabilidad y una buena calidad de producci\u00f3n para atraer inversiones y la adjudicaci\u00f3n de nuevos modelos, a pesar de que las casas matrices no tengan su sede en Espa\u00f1a.<br \/>\n   &#8220;Las cosas, desde el punto de vista del sector, se est\u00e1n haciendo bien y es lo que ha permitido atraer inversi\u00f3n de veh\u00edculos de combusti\u00f3n y est\u00e1 permitiendo traer veh\u00edculos electrificados a Espa\u00f1a. Es importante que la pol\u00edtica hacia el sector sea &#8216;friendly&#8217; y tambi\u00e9n tener un mercado automovil\u00edstico sano&#8221;, subray\u00f3.<br \/>\nPLAN SECTORIAL &#8220;PARADO&#8221;<br \/>\n   Adem\u00e1s, L\u00f3pez-Tafall explic\u00f3 que el Plan de Impulso a la Cadena de Valor del Autom\u00f3vil, dotado con 3.750 millones de euros, se canaliz\u00f3 principalmente en 2020 a trav\u00e9s de los planes Moves y Renove y de alguna convocatoria de pol\u00edtica industrial determinada.<br \/>\n   Por ello, indic\u00f3 que el plan &#8220;se ha parado de facto&#8221;, ya que se est\u00e1 esperando la recepci\u00f3n de los fondos europeos, aunque destac\u00f3 que hay iniciativas como el Renove que se han parado, a pesar de que no se agotaron los fondos.<br \/>\n   &#8220;El plan empez\u00f3 con buen \u00edmpetu, pero a partir de enero de 2021 se ha quedado cojo de contenido, porque no hay fondos y los que hab\u00eda se ha decidido que no se gastaban y tampoco ha habido nuevas medidas&#8221;, apunt\u00f3 el directivo.<\/p>\n<p>\n<!--noindex--><br \/>\n<a href=\"https:\/\/www.europapress.es\/motor\/sector-00644\/noticia-mercado-automovilistico-espanol-cerrara-2021-debajo-millon-unidades-anfac-20210321130934.html\" rel=\"nofollow\">Source link <\/a><br \/>\n<!--\/noindex--><\/p>\n","protected":false},"excerpt":{"rendered":"<p>La subida del impuesto de matriculaci\u00f3n por el WLTP motivar\u00e1 que se dejen de vender hasta 120.000 unidades en 2021 MADRID, 21 Mar. (EUROPA PRESS) &#8211; La Asociaci\u00f3n Espa\u00f1ola de Fabricantes de Autom\u00f3viles y Camiones (Anfac) ha revisado a la baja, con motivo de las fuertes ca\u00eddas de ventas experimentadas en los dos primeros meses [&hellip;]<\/p>\n","protected":false},"author":2,"featured_media":13963,"comment_status":"open","ping_status":"open","sticky":false,"template":"","format":"standard","meta":{"footnotes":""},"categories":[1],"tags":[],"class_list":["post-13962","post","type-post","status-publish","format-standard","has-post-thumbnail","hentry","category-noticias-financieras"],"yoast_head":"<!-- This site is optimized with the Yoast SEO plugin v27.4 - https:\/\/yoast.com\/product\/yoast-seo-wordpress\/ -->\n<title>El mercado automovil\u00edstico espa\u00f1ol cerrar\u00e1 2021 por debajo del mill\u00f3n de unidades, seg\u00fan Anfac - Super News<\/title>\n<meta name=\"robots\" content=\"index, follow, max-snippet:-1, max-image-preview:large, max-video-preview:-1\" \/>\n<link rel=\"canonical\" href=\"https:\/\/super-news.info\/es\/el-mercado-automovilistico-espanol-cerrara-2021-por-debajo-del-millon-de-unidades-segun-anfac\/\" \/>\n<meta property=\"og:locale\" content=\"en_US\" \/>\n<meta property=\"og:type\" content=\"article\" \/>\n<meta property=\"og:title\" content=\"El mercado automovil\u00edstico espa\u00f1ol cerrar\u00e1 2021 por debajo del mill\u00f3n de unidades, seg\u00fan Anfac - Super News\" \/>\n<meta property=\"og:description\" content=\"La subida del impuesto de matriculaci\u00f3n por el WLTP motivar\u00e1 que se dejen de vender hasta 120.000 unidades en 2021 MADRID, 21 Mar. (EUROPA PRESS) &#8211; La Asociaci\u00f3n Espa\u00f1ola de Fabricantes de Autom\u00f3viles y Camiones (Anfac) ha revisado a la baja, con motivo de las fuertes ca\u00eddas de ventas experimentadas en los dos primeros meses [&hellip;]\" \/>\n<meta property=\"og:url\" content=\"https:\/\/super-news.info\/es\/el-mercado-automovilistico-espanol-cerrara-2021-por-debajo-del-millon-de-unidades-segun-anfac\/\" \/>\n<meta property=\"og:site_name\" content=\"Super News\" \/>\n<meta property=\"article:published_time\" content=\"2021-03-21T15:25:08+00:00\" \/>\n<meta property=\"article:modified_time\" content=\"2021-03-21T15:25:10+00:00\" \/>\n<meta property=\"og:image\" content=\"https:\/\/super-news.info\/es\/wp-content\/uploads\/sites\/4\/2021\/03\/El-mercado-automovilistico-espanol-cerrara-2021-por-debajo-del-millon.jpg\" \/>\n\t<meta property=\"og:image:width\" content=\"120\" \/>\n\t<meta property=\"og:image:height\" content=\"80\" \/>\n\t<meta property=\"og:image:type\" content=\"image\/jpeg\" \/>\n<meta name=\"author\" content=\"super-news\" \/>\n<meta name=\"twitter:card\" content=\"summary_large_image\" \/>\n<meta name=\"twitter:label1\" content=\"Written by\" \/>\n\t<meta name=\"twitter:data1\" content=\"super-news\" \/>\n\t<meta name=\"twitter:label2\" content=\"Est. reading time\" \/>\n\t<meta name=\"twitter:data2\" content=\"5 minutes\" \/>\n<script type=\"application\/ld+json\" class=\"yoast-schema-graph\">{\"@context\":\"https:\\\/\\\/schema.org\",\"@graph\":[{\"@type\":\"Article\",\"@id\":\"https:\\\/\\\/super-news.info\\\/es\\\/el-mercado-automovilistico-espanol-cerrara-2021-por-debajo-del-millon-de-unidades-segun-anfac\\\/#article\",\"isPartOf\":{\"@id\":\"https:\\\/\\\/super-news.info\\\/es\\\/el-mercado-automovilistico-espanol-cerrara-2021-por-debajo-del-millon-de-unidades-segun-anfac\\\/\"},\"author\":{\"name\":\"super-news\",\"@id\":\"https:\\\/\\\/super-news.info\\\/es\\\/#\\\/schema\\\/person\\\/2d4068cb2f39cd10008c2fce578a7356\"},\"headline\":\"El mercado automovil\u00edstico espa\u00f1ol cerrar\u00e1 2021 por debajo del mill\u00f3n de unidades, seg\u00fan Anfac\",\"datePublished\":\"2021-03-21T15:25:08+00:00\",\"dateModified\":\"2021-03-21T15:25:10+00:00\",\"mainEntityOfPage\":{\"@id\":\"https:\\\/\\\/super-news.info\\\/es\\\/el-mercado-automovilistico-espanol-cerrara-2021-por-debajo-del-millon-de-unidades-segun-anfac\\\/\"},\"wordCount\":971,\"commentCount\":0,\"image\":{\"@id\":\"https:\\\/\\\/super-news.info\\\/es\\\/el-mercado-automovilistico-espanol-cerrara-2021-por-debajo-del-millon-de-unidades-segun-anfac\\\/#primaryimage\"},\"thumbnailUrl\":\"https:\\\/\\\/super-news.info\\\/es\\\/wp-content\\\/uploads\\\/sites\\\/4\\\/2021\\\/03\\\/El-mercado-automovilistico-espanol-cerrara-2021-por-debajo-del-millon.jpg\",\"articleSection\":[\"NOTICIAS FINANCIERAS\"],\"inLanguage\":\"en-US\",\"potentialAction\":[{\"@type\":\"CommentAction\",\"name\":\"Comment\",\"target\":[\"https:\\\/\\\/super-news.info\\\/es\\\/el-mercado-automovilistico-espanol-cerrara-2021-por-debajo-del-millon-de-unidades-segun-anfac\\\/#respond\"]}]},{\"@type\":\"WebPage\",\"@id\":\"https:\\\/\\\/super-news.info\\\/es\\\/el-mercado-automovilistico-espanol-cerrara-2021-por-debajo-del-millon-de-unidades-segun-anfac\\\/\",\"url\":\"https:\\\/\\\/super-news.info\\\/es\\\/el-mercado-automovilistico-espanol-cerrara-2021-por-debajo-del-millon-de-unidades-segun-anfac\\\/\",\"name\":\"El mercado automovil\u00edstico espa\u00f1ol cerrar\u00e1 2021 por debajo del mill\u00f3n de unidades, seg\u00fan Anfac - Super News\",\"isPartOf\":{\"@id\":\"https:\\\/\\\/super-news.info\\\/es\\\/#website\"},\"primaryImageOfPage\":{\"@id\":\"https:\\\/\\\/super-news.info\\\/es\\\/el-mercado-automovilistico-espanol-cerrara-2021-por-debajo-del-millon-de-unidades-segun-anfac\\\/#primaryimage\"},\"image\":{\"@id\":\"https:\\\/\\\/super-news.info\\\/es\\\/el-mercado-automovilistico-espanol-cerrara-2021-por-debajo-del-millon-de-unidades-segun-anfac\\\/#primaryimage\"},\"thumbnailUrl\":\"https:\\\/\\\/super-news.info\\\/es\\\/wp-content\\\/uploads\\\/sites\\\/4\\\/2021\\\/03\\\/El-mercado-automovilistico-espanol-cerrara-2021-por-debajo-del-millon.jpg\",\"datePublished\":\"2021-03-21T15:25:08+00:00\",\"dateModified\":\"2021-03-21T15:25:10+00:00\",\"author\":{\"@id\":\"https:\\\/\\\/super-news.info\\\/es\\\/#\\\/schema\\\/person\\\/2d4068cb2f39cd10008c2fce578a7356\"},\"breadcrumb\":{\"@id\":\"https:\\\/\\\/super-news.info\\\/es\\\/el-mercado-automovilistico-espanol-cerrara-2021-por-debajo-del-millon-de-unidades-segun-anfac\\\/#breadcrumb\"},\"inLanguage\":\"en-US\",\"potentialAction\":[{\"@type\":\"ReadAction\",\"target\":[\"https:\\\/\\\/super-news.info\\\/es\\\/el-mercado-automovilistico-espanol-cerrara-2021-por-debajo-del-millon-de-unidades-segun-anfac\\\/\"]}]},{\"@type\":\"ImageObject\",\"inLanguage\":\"en-US\",\"@id\":\"https:\\\/\\\/super-news.info\\\/es\\\/el-mercado-automovilistico-espanol-cerrara-2021-por-debajo-del-millon-de-unidades-segun-anfac\\\/#primaryimage\",\"url\":\"https:\\\/\\\/super-news.info\\\/es\\\/wp-content\\\/uploads\\\/sites\\\/4\\\/2021\\\/03\\\/El-mercado-automovilistico-espanol-cerrara-2021-por-debajo-del-millon.jpg\",\"contentUrl\":\"https:\\\/\\\/super-news.info\\\/es\\\/wp-content\\\/uploads\\\/sites\\\/4\\\/2021\\\/03\\\/El-mercado-automovilistico-espanol-cerrara-2021-por-debajo-del-millon.jpg\",\"width\":120,\"height\":80,\"caption\":\"El mercado automovil\u00edstico espa\u00f1ol cerrar\u00e1 2021 por debajo del mill\u00f3n de unidades, seg\u00fan Anfac\"},{\"@type\":\"BreadcrumbList\",\"@id\":\"https:\\\/\\\/super-news.info\\\/es\\\/el-mercado-automovilistico-espanol-cerrara-2021-por-debajo-del-millon-de-unidades-segun-anfac\\\/#breadcrumb\",\"itemListElement\":[{\"@type\":\"ListItem\",\"position\":1,\"name\":\"\u0413\u043b\u0430\u0432\u043d\u0430\u044f \u0441\u0442\u0440\u0430\u043d\u0438\u0446\u0430\",\"item\":\"https:\\\/\\\/super-news.info\\\/es\\\/\"},{\"@type\":\"ListItem\",\"position\":2,\"name\":\"El mercado automovil\u00edstico espa\u00f1ol cerrar\u00e1 2021 por debajo del mill\u00f3n de unidades, seg\u00fan Anfac\"}]},{\"@type\":\"WebSite\",\"@id\":\"https:\\\/\\\/super-news.info\\\/es\\\/#website\",\"url\":\"https:\\\/\\\/super-news.info\\\/es\\\/\",\"name\":\"Super News\",\"description\":\"Super News Espa\u00f1a\",\"potentialAction\":[{\"@type\":\"SearchAction\",\"target\":{\"@type\":\"EntryPoint\",\"urlTemplate\":\"https:\\\/\\\/super-news.info\\\/es\\\/?s={search_term_string}\"},\"query-input\":{\"@type\":\"PropertyValueSpecification\",\"valueRequired\":true,\"valueName\":\"search_term_string\"}}],\"inLanguage\":\"en-US\"},{\"@type\":\"Person\",\"@id\":\"https:\\\/\\\/super-news.info\\\/es\\\/#\\\/schema\\\/person\\\/2d4068cb2f39cd10008c2fce578a7356\",\"name\":\"super-news\",\"image\":{\"@type\":\"ImageObject\",\"inLanguage\":\"en-US\",\"@id\":\"https:\\\/\\\/secure.gravatar.com\\\/avatar\\\/64ebac40b93f26a154f8a9b5b6fdccfc46f442b26b3dd6756dbff3bf9dc76fd7?s=96&d=mm&r=g\",\"url\":\"https:\\\/\\\/secure.gravatar.com\\\/avatar\\\/64ebac40b93f26a154f8a9b5b6fdccfc46f442b26b3dd6756dbff3bf9dc76fd7?s=96&d=mm&r=g\",\"contentUrl\":\"https:\\\/\\\/secure.gravatar.com\\\/avatar\\\/64ebac40b93f26a154f8a9b5b6fdccfc46f442b26b3dd6756dbff3bf9dc76fd7?s=96&d=mm&r=g\",\"caption\":\"super-news\"},\"url\":\"https:\\\/\\\/super-news.info\\\/es\\\/author\\\/pt\\\/\"}]}<\/script>\n<!-- \/ Yoast SEO plugin. -->","yoast_head_json":{"title":"El mercado automovil\u00edstico espa\u00f1ol cerrar\u00e1 2021 por debajo del mill\u00f3n de unidades, seg\u00fan Anfac - Super News","robots":{"index":"index","follow":"follow","max-snippet":"max-snippet:-1","max-image-preview":"max-image-preview:large","max-video-preview":"max-video-preview:-1"},"canonical":"https:\/\/super-news.info\/es\/el-mercado-automovilistico-espanol-cerrara-2021-por-debajo-del-millon-de-unidades-segun-anfac\/","og_locale":"en_US","og_type":"article","og_title":"El mercado automovil\u00edstico espa\u00f1ol cerrar\u00e1 2021 por debajo del mill\u00f3n de unidades, seg\u00fan Anfac - Super News","og_description":"La subida del impuesto de matriculaci\u00f3n por el WLTP motivar\u00e1 que se dejen de vender hasta 120.000 unidades en 2021 MADRID, 21 Mar. (EUROPA PRESS) &#8211; La Asociaci\u00f3n Espa\u00f1ola de Fabricantes de Autom\u00f3viles y Camiones (Anfac) ha revisado a la baja, con motivo de las fuertes ca\u00eddas de ventas experimentadas en los dos primeros meses [&hellip;]","og_url":"https:\/\/super-news.info\/es\/el-mercado-automovilistico-espanol-cerrara-2021-por-debajo-del-millon-de-unidades-segun-anfac\/","og_site_name":"Super News","article_published_time":"2021-03-21T15:25:08+00:00","article_modified_time":"2021-03-21T15:25:10+00:00","og_image":[{"width":120,"height":80,"url":"https:\/\/super-news.info\/es\/wp-content\/uploads\/sites\/4\/2021\/03\/El-mercado-automovilistico-espanol-cerrara-2021-por-debajo-del-millon.jpg","type":"image\/jpeg"}],"author":"super-news","twitter_card":"summary_large_image","twitter_misc":{"Written by":"super-news","Est. reading time":"5 minutes"},"schema":{"@context":"https:\/\/schema.org","@graph":[{"@type":"Article","@id":"https:\/\/super-news.info\/es\/el-mercado-automovilistico-espanol-cerrara-2021-por-debajo-del-millon-de-unidades-segun-anfac\/#article","isPartOf":{"@id":"https:\/\/super-news.info\/es\/el-mercado-automovilistico-espanol-cerrara-2021-por-debajo-del-millon-de-unidades-segun-anfac\/"},"author":{"name":"super-news","@id":"https:\/\/super-news.info\/es\/#\/schema\/person\/2d4068cb2f39cd10008c2fce578a7356"},"headline":"El mercado automovil\u00edstico espa\u00f1ol cerrar\u00e1 2021 por debajo del mill\u00f3n de unidades, seg\u00fan Anfac","datePublished":"2021-03-21T15:25:08+00:00","dateModified":"2021-03-21T15:25:10+00:00","mainEntityOfPage":{"@id":"https:\/\/super-news.info\/es\/el-mercado-automovilistico-espanol-cerrara-2021-por-debajo-del-millon-de-unidades-segun-anfac\/"},"wordCount":971,"commentCount":0,"image":{"@id":"https:\/\/super-news.info\/es\/el-mercado-automovilistico-espanol-cerrara-2021-por-debajo-del-millon-de-unidades-segun-anfac\/#primaryimage"},"thumbnailUrl":"https:\/\/super-news.info\/es\/wp-content\/uploads\/sites\/4\/2021\/03\/El-mercado-automovilistico-espanol-cerrara-2021-por-debajo-del-millon.jpg","articleSection":["NOTICIAS FINANCIERAS"],"inLanguage":"en-US","potentialAction":[{"@type":"CommentAction","name":"Comment","target":["https:\/\/super-news.info\/es\/el-mercado-automovilistico-espanol-cerrara-2021-por-debajo-del-millon-de-unidades-segun-anfac\/#respond"]}]},{"@type":"WebPage","@id":"https:\/\/super-news.info\/es\/el-mercado-automovilistico-espanol-cerrara-2021-por-debajo-del-millon-de-unidades-segun-anfac\/","url":"https:\/\/super-news.info\/es\/el-mercado-automovilistico-espanol-cerrara-2021-por-debajo-del-millon-de-unidades-segun-anfac\/","name":"El mercado automovil\u00edstico espa\u00f1ol cerrar\u00e1 2021 por debajo del mill\u00f3n de unidades, seg\u00fan Anfac - Super News","isPartOf":{"@id":"https:\/\/super-news.info\/es\/#website"},"primaryImageOfPage":{"@id":"https:\/\/super-news.info\/es\/el-mercado-automovilistico-espanol-cerrara-2021-por-debajo-del-millon-de-unidades-segun-anfac\/#primaryimage"},"image":{"@id":"https:\/\/super-news.info\/es\/el-mercado-automovilistico-espanol-cerrara-2021-por-debajo-del-millon-de-unidades-segun-anfac\/#primaryimage"},"thumbnailUrl":"https:\/\/super-news.info\/es\/wp-content\/uploads\/sites\/4\/2021\/03\/El-mercado-automovilistico-espanol-cerrara-2021-por-debajo-del-millon.jpg","datePublished":"2021-03-21T15:25:08+00:00","dateModified":"2021-03-21T15:25:10+00:00","author":{"@id":"https:\/\/super-news.info\/es\/#\/schema\/person\/2d4068cb2f39cd10008c2fce578a7356"},"breadcrumb":{"@id":"https:\/\/super-news.info\/es\/el-mercado-automovilistico-espanol-cerrara-2021-por-debajo-del-millon-de-unidades-segun-anfac\/#breadcrumb"},"inLanguage":"en-US","potentialAction":[{"@type":"ReadAction","target":["https:\/\/super-news.info\/es\/el-mercado-automovilistico-espanol-cerrara-2021-por-debajo-del-millon-de-unidades-segun-anfac\/"]}]},{"@type":"ImageObject","inLanguage":"en-US","@id":"https:\/\/super-news.info\/es\/el-mercado-automovilistico-espanol-cerrara-2021-por-debajo-del-millon-de-unidades-segun-anfac\/#primaryimage","url":"https:\/\/super-news.info\/es\/wp-content\/uploads\/sites\/4\/2021\/03\/El-mercado-automovilistico-espanol-cerrara-2021-por-debajo-del-millon.jpg","contentUrl":"https:\/\/super-news.info\/es\/wp-content\/uploads\/sites\/4\/2021\/03\/El-mercado-automovilistico-espanol-cerrara-2021-por-debajo-del-millon.jpg","width":120,"height":80,"caption":"El mercado automovil\u00edstico espa\u00f1ol cerrar\u00e1 2021 por debajo del mill\u00f3n de unidades, seg\u00fan Anfac"},{"@type":"BreadcrumbList","@id":"https:\/\/super-news.info\/es\/el-mercado-automovilistico-espanol-cerrara-2021-por-debajo-del-millon-de-unidades-segun-anfac\/#breadcrumb","itemListElement":[{"@type":"ListItem","position":1,"name":"\u0413\u043b\u0430\u0432\u043d\u0430\u044f \u0441\u0442\u0440\u0430\u043d\u0438\u0446\u0430","item":"https:\/\/super-news.info\/es\/"},{"@type":"ListItem","position":2,"name":"El mercado automovil\u00edstico espa\u00f1ol cerrar\u00e1 2021 por debajo del mill\u00f3n de unidades, seg\u00fan Anfac"}]},{"@type":"WebSite","@id":"https:\/\/super-news.info\/es\/#website","url":"https:\/\/super-news.info\/es\/","name":"Super News","description":"Super News Espa\u00f1a","potentialAction":[{"@type":"SearchAction","target":{"@type":"EntryPoint","urlTemplate":"https:\/\/super-news.info\/es\/?s={search_term_string}"},"query-input":{"@type":"PropertyValueSpecification","valueRequired":true,"valueName":"search_term_string"}}],"inLanguage":"en-US"},{"@type":"Person","@id":"https:\/\/super-news.info\/es\/#\/schema\/person\/2d4068cb2f39cd10008c2fce578a7356","name":"super-news","image":{"@type":"ImageObject","inLanguage":"en-US","@id":"https:\/\/secure.gravatar.com\/avatar\/64ebac40b93f26a154f8a9b5b6fdccfc46f442b26b3dd6756dbff3bf9dc76fd7?s=96&d=mm&r=g","url":"https:\/\/secure.gravatar.com\/avatar\/64ebac40b93f26a154f8a9b5b6fdccfc46f442b26b3dd6756dbff3bf9dc76fd7?s=96&d=mm&r=g","contentUrl":"https:\/\/secure.gravatar.com\/avatar\/64ebac40b93f26a154f8a9b5b6fdccfc46f442b26b3dd6756dbff3bf9dc76fd7?s=96&d=mm&r=g","caption":"super-news"},"url":"https:\/\/super-news.info\/es\/author\/pt\/"}]}},"_links":{"self":[{"href":"https:\/\/super-news.info\/es\/wp-json\/wp\/v2\/posts\/13962","targetHints":{"allow":["GET"]}}],"collection":[{"href":"https:\/\/super-news.info\/es\/wp-json\/wp\/v2\/posts"}],"about":[{"href":"https:\/\/super-news.info\/es\/wp-json\/wp\/v2\/types\/post"}],"author":[{"embeddable":true,"href":"https:\/\/super-news.info\/es\/wp-json\/wp\/v2\/users\/2"}],"replies":[{"embeddable":true,"href":"https:\/\/super-news.info\/es\/wp-json\/wp\/v2\/comments?post=13962"}],"version-history":[{"count":1,"href":"https:\/\/super-news.info\/es\/wp-json\/wp\/v2\/posts\/13962\/revisions"}],"predecessor-version":[{"id":13964,"href":"https:\/\/super-news.info\/es\/wp-json\/wp\/v2\/posts\/13962\/revisions\/13964"}],"wp:featuredmedia":[{"embeddable":true,"href":"https:\/\/super-news.info\/es\/wp-json\/wp\/v2\/media\/13963"}],"wp:attachment":[{"href":"https:\/\/super-news.info\/es\/wp-json\/wp\/v2\/media?parent=13962"}],"wp:term":[{"taxonomy":"category","embeddable":true,"href":"https:\/\/super-news.info\/es\/wp-json\/wp\/v2\/categories?post=13962"},{"taxonomy":"post_tag","embeddable":true,"href":"https:\/\/super-news.info\/es\/wp-json\/wp\/v2\/tags?post=13962"}],"curies":[{"name":"wp","href":"https:\/\/api.w.org\/{rel}","templated":true}]}}