{"id":13956,"date":"2021-03-21T06:24:10","date_gmt":"2021-03-21T03:24:10","guid":{"rendered":"https:\/\/super-news.info\/es\/trabajadores-piden-no-dejar-caer-a-abengoa-un-oasis-en-el-desierto-y-mantener-sus-empleos\/"},"modified":"2021-03-21T06:24:12","modified_gmt":"2021-03-21T03:24:12","slug":"trabajadores-piden-no-dejar-caer-a-abengoa-un-oasis-en-el-desierto-y-mantener-sus-empleos","status":"publish","type":"post","link":"https:\/\/super-news.info\/es\/trabajadores-piden-no-dejar-caer-a-abengoa-un-oasis-en-el-desierto-y-mantener-sus-empleos\/","title":{"rendered":"Trabajadores piden &#8220;no dejar caer&#8221; a Abengoa, &#8220;un oasis en el desierto&#8221;, y mantener sus empleos"},"content":{"rendered":"<p>SEVILLA, 19 Mar. (EUROPA PRESS) &#8211;<br \/>\n   Trabajadores de Abengoa han trasladado sus manifestaciones desde la sede sevillana en Palmas Altas al centro de la ciudad para pedir a las administraciones que &#8220;no dejen caer&#8221; a la compa\u00f1\u00eda, que es &#8220;un oasis en el desierto&#8221; porque &#8220;una empresa as\u00ed no hay&#8221; y muy potente en un sector estrat\u00e9gico como las energ\u00edas renovables.<br \/>\n   En declaraciones a los periodistas, el presidente del comit\u00e9 de Abenewco1, Luis Francisco Garc\u00eda, ha mostrado la preocupaci\u00f3n del colectivo ante la situaci\u00f3n que vive la entidad, en concurso de acreedores y que ha solicitado 249 millones al fondo de rescate de la Sociedad Estatal de Partipaciones Industriales (SEPI).<br \/>\n   En la manifestaci\u00f3n de este viernes han participado representantes de la mayor\u00eda de los comit\u00e9s de empresas de Abengoa, as\u00ed como el secretario general de UGT FICA-Sevilla, Manuel Ponce, y el secretario general del sindicato provincial de Industria de CCOO de Sevilla, Juan Antonio Caravaca.<br \/>\n   La manifestaci\u00f3n ha comenzado, a las 11.00 horas, a las puertas del Palacio de San Telmo &#8211;sede de la Presidencia de la Junta&#8211; y ha llegado a Plaza Nueva, donde han sido recibidos por el alcalde de Sevilla, Juan Espadas. Los trabajadores han permanecido concentrados delante del Ayuntamiento hispalense hasta el mediod\u00eda.<br \/>\n   El presidente del comit\u00e9 de Abenewco1, tras recordar las dos concentraciones celebradas en Palmas Altas, ha insistido en conseguir un compromiso por parte de las partes para mantener el empleo. &#8220;Que la empresa no se divida, no se trocee y no se pierdan los puestos de trabajo en Espa\u00f1a&#8221;, que son unos 3.000.<br \/>\n   Seg\u00fan ha indicado, desde 2015 la plantilla est\u00e1 &#8220;sufriendo grandes sacrificios&#8221;, con la p\u00e9rdida de la mitad de los puestos de trabajo. &#8220;Hemos decidido hacernos oir&#8221; porque, en su juicio, &#8220;ha hablado la direcci\u00f3n, los pol\u00edticos y los bancos pero tambi\u00e9n queremos que nos escuchen a los trabajadores&#8221;.<br \/>\n   Ha apuntado que mantienen &#8220;una comunicaci\u00f3n fluida&#8221; con la empresa y esperar poder reunirse la pr\u00f3xima semana para conocer los detalles del plan de refinanciaci\u00f3n y de la posible entrada de un fondo de inversi\u00f3n, un punto que genera &#8220;incertidumbre&#8221;. &#8220;Queremos saber cu\u00e1l es la letra peque\u00f1a del plan, que se garantice que la empresa seguir\u00e1 siendo andaluza y que hay futuro&#8221;.<br \/>\n   &#8220;Abengoa es una gran compa\u00f1\u00eda, no podemos perder una empresa as\u00ed, en un sector estrat\u00e9gico como es la energ\u00eda renovable y todos sabemos lo que va a suponer este sector en los pr\u00f3ximos a\u00f1os&#8221;, ha destacado, junto al conocimiento que hay en la empresa, con trabajadores cualificados. &#8220;Perder\u00edamos una opci\u00f3n muy buena&#8221; porque &#8220;no existe este tipo de empresa&#8221; en Andaluc\u00eda.<br \/>\nCONCENTRACI\u00d3N EN EL CARPIO.<br \/>\n   Por su parte, los trabajadores de Abengoa Solar de El Carpio se han concentrado este viernes en la sede de la planta cordobesa para respaldar la manifestaci\u00f3n que, a la misma hora, se ha celebradoen Sevilla para pedir una soluci\u00f3n al conflicto de la multinacional espa\u00f1ola.<br \/>\n   Tras su entrada en concurso de acreedores, el sindicato reclama un plan de viabilidad en el que se mantengan todos los puestos de trabajo, que en el caso de la provincia de C\u00f3rdoba son 75 directos y otros 40 indirectos.<br \/>\n   En este sentido, el responsable de Acci\u00f3n Sindical de la Federaci\u00f3n de Industria, Construcci\u00f3n y Agro de UGT C\u00f3rdoba (UGT- FICA C\u00f3rdoba), Antonio Lopera, ha se\u00f1alado que &#8220;los trabajadores de la planta de El Carpio no se han desplazado a Sevilla por motivos de seguridad sanitaria, pero han mostrado con una concentraci\u00f3n su apoyo total a las reivindicaciones que hoy se van a realizar por parte del sindicato en la manifestaci\u00f3n convocada en la capital hispalense&#8221;.<br \/>\n   Cabe recordar que los comit\u00e9s de empresa de las distintas sociedades con representaci\u00f3n sindical en el grupo Abengoa reclamaron semanas atr\u00e1s al Gobierno, los acreedores, accionistas, clientes y la propia compa\u00f1\u00eda que el acuerdo que se alcance &#8220;no solo sea un acuerdo financiero&#8221; sino tambi\u00e9n empresarial en el que se asegure el empleo para todos los profesionales.<br \/>\n   De esta manera, la mayor\u00eda de los comit\u00e9s de empresa de Abengoa, dada la situaci\u00f3n de &#8220;agon\u00eda y cansancio&#8221; que viven desde 2015, se han unido para dar a conocer sus demandas al Gobierno, los accionistas, acreedores, clientes y a la propia compa\u00f1\u00eda.<br \/>\n   Los comit\u00e9s de empresas, que suponen unas 3.000 familias trabajadores en Espa\u00f1a y un total de unos 15.000 en todo el mundo, han pedido el compromiso expl\u00edcito de retener a estos profesionales y motivarles teniendo en cuenta que &#8220;son y ser\u00e1n los art\u00edfices de la viabilidad de la compa\u00f1\u00eda&#8221;.<br \/>\n   Tambi\u00e9n solicitan que las partes firmantes del acuerdo se cercioren, implementando para ello los mecanismos de control que sean necesarios, de que la compa\u00f1\u00eda cumple con este compromiso de mantenimiento y retenci\u00f3n del talento.<br \/>\n   Adem\u00e1s, piden que este acuerdo se alcance &#8220;lo antes posible&#8221; con el fin de minimizar el impacto que los continuos retrasos puedan llegar a tener en el mantenimiento de la actividad de negocio de la compa\u00f1\u00eda<\/p>\n<p>554253.1.260.149.20210319134928 <\/p>\n<p>\n<!--noindex--><br \/>\n<a href=\"https:\/\/www.europapress.es\/economia\/noticia-trabajadores-piden-no-dejar-caer-abengoa-oasis-desierto-mantener-empleos-20210319134928.html\" rel=\"nofollow\">Source link <\/a><br \/>\n<!--\/noindex--><\/p>\n","protected":false},"excerpt":{"rendered":"<p>SEVILLA, 19 Mar. (EUROPA PRESS) &#8211; Trabajadores de Abengoa han trasladado sus manifestaciones desde la sede sevillana en Palmas Altas al centro de la ciudad para pedir a las administraciones que &#8220;no dejen caer&#8221; a la compa\u00f1\u00eda, que es &#8220;un oasis en el desierto&#8221; porque &#8220;una empresa as\u00ed no hay&#8221; y muy potente en un [&hellip;]<\/p>\n","protected":false},"author":2,"featured_media":13957,"comment_status":"open","ping_status":"open","sticky":false,"template":"","format":"standard","meta":{"footnotes":""},"categories":[1],"tags":[],"class_list":["post-13956","post","type-post","status-publish","format-standard","has-post-thumbnail","hentry","category-noticias-financieras"],"yoast_head":"<!-- This site is optimized with the Yoast SEO plugin v27.4 - https:\/\/yoast.com\/product\/yoast-seo-wordpress\/ -->\n<title>Trabajadores piden &quot;no dejar caer&quot; a Abengoa, &quot;un oasis en el desierto&quot;, y mantener sus empleos - Super News<\/title>\n<meta name=\"robots\" content=\"index, follow, max-snippet:-1, max-image-preview:large, max-video-preview:-1\" \/>\n<link rel=\"canonical\" href=\"https:\/\/super-news.info\/es\/trabajadores-piden-no-dejar-caer-a-abengoa-un-oasis-en-el-desierto-y-mantener-sus-empleos\/\" \/>\n<meta property=\"og:locale\" content=\"en_US\" \/>\n<meta property=\"og:type\" content=\"article\" \/>\n<meta property=\"og:title\" content=\"Trabajadores piden &quot;no dejar caer&quot; a Abengoa, &quot;un oasis en el desierto&quot;, y mantener sus empleos - Super News\" \/>\n<meta property=\"og:description\" content=\"SEVILLA, 19 Mar. (EUROPA PRESS) &#8211; Trabajadores de Abengoa han trasladado sus manifestaciones desde la sede sevillana en Palmas Altas al centro de la ciudad para pedir a las administraciones que &#8220;no dejen caer&#8221; a la compa\u00f1\u00eda, que es &#8220;un oasis en el desierto&#8221; porque &#8220;una empresa as\u00ed no hay&#8221; y muy potente en un [&hellip;]\" \/>\n<meta property=\"og:url\" content=\"https:\/\/super-news.info\/es\/trabajadores-piden-no-dejar-caer-a-abengoa-un-oasis-en-el-desierto-y-mantener-sus-empleos\/\" \/>\n<meta property=\"og:site_name\" content=\"Super News\" \/>\n<meta property=\"article:published_time\" content=\"2021-03-21T03:24:10+00:00\" \/>\n<meta property=\"article:modified_time\" content=\"2021-03-21T03:24:12+00:00\" \/>\n<meta property=\"og:image\" content=\"https:\/\/super-news.info\/es\/wp-content\/uploads\/sites\/4\/2021\/03\/Trabajadores-piden-no-dejar-caer-a-Abengoa-un-oasis-en.jpg\" \/>\n\t<meta property=\"og:image:width\" content=\"1024\" \/>\n\t<meta property=\"og:image:height\" content=\"706\" \/>\n\t<meta property=\"og:image:type\" content=\"image\/jpeg\" \/>\n<meta name=\"author\" content=\"super-news\" \/>\n<meta name=\"twitter:card\" content=\"summary_large_image\" \/>\n<meta name=\"twitter:label1\" content=\"Written by\" \/>\n\t<meta name=\"twitter:data1\" content=\"super-news\" \/>\n\t<meta name=\"twitter:label2\" content=\"Est. reading time\" \/>\n\t<meta name=\"twitter:data2\" content=\"4 minutes\" \/>\n<script type=\"application\/ld+json\" class=\"yoast-schema-graph\">{\"@context\":\"https:\\\/\\\/schema.org\",\"@graph\":[{\"@type\":\"Article\",\"@id\":\"https:\\\/\\\/super-news.info\\\/es\\\/trabajadores-piden-no-dejar-caer-a-abengoa-un-oasis-en-el-desierto-y-mantener-sus-empleos\\\/#article\",\"isPartOf\":{\"@id\":\"https:\\\/\\\/super-news.info\\\/es\\\/trabajadores-piden-no-dejar-caer-a-abengoa-un-oasis-en-el-desierto-y-mantener-sus-empleos\\\/\"},\"author\":{\"name\":\"super-news\",\"@id\":\"https:\\\/\\\/super-news.info\\\/es\\\/#\\\/schema\\\/person\\\/2d4068cb2f39cd10008c2fce578a7356\"},\"headline\":\"Trabajadores piden &#8220;no dejar caer&#8221; a Abengoa, &#8220;un oasis en el desierto&#8221;, y mantener sus empleos\",\"datePublished\":\"2021-03-21T03:24:10+00:00\",\"dateModified\":\"2021-03-21T03:24:12+00:00\",\"mainEntityOfPage\":{\"@id\":\"https:\\\/\\\/super-news.info\\\/es\\\/trabajadores-piden-no-dejar-caer-a-abengoa-un-oasis-en-el-desierto-y-mantener-sus-empleos\\\/\"},\"wordCount\":889,\"commentCount\":0,\"image\":{\"@id\":\"https:\\\/\\\/super-news.info\\\/es\\\/trabajadores-piden-no-dejar-caer-a-abengoa-un-oasis-en-el-desierto-y-mantener-sus-empleos\\\/#primaryimage\"},\"thumbnailUrl\":\"https:\\\/\\\/super-news.info\\\/es\\\/wp-content\\\/uploads\\\/sites\\\/4\\\/2021\\\/03\\\/Trabajadores-piden-no-dejar-caer-a-Abengoa-un-oasis-en.jpg\",\"articleSection\":[\"NOTICIAS FINANCIERAS\"],\"inLanguage\":\"en-US\",\"potentialAction\":[{\"@type\":\"CommentAction\",\"name\":\"Comment\",\"target\":[\"https:\\\/\\\/super-news.info\\\/es\\\/trabajadores-piden-no-dejar-caer-a-abengoa-un-oasis-en-el-desierto-y-mantener-sus-empleos\\\/#respond\"]}]},{\"@type\":\"WebPage\",\"@id\":\"https:\\\/\\\/super-news.info\\\/es\\\/trabajadores-piden-no-dejar-caer-a-abengoa-un-oasis-en-el-desierto-y-mantener-sus-empleos\\\/\",\"url\":\"https:\\\/\\\/super-news.info\\\/es\\\/trabajadores-piden-no-dejar-caer-a-abengoa-un-oasis-en-el-desierto-y-mantener-sus-empleos\\\/\",\"name\":\"Trabajadores piden \\\"no dejar caer\\\" a Abengoa, \\\"un oasis en el desierto\\\", y mantener sus empleos - Super News\",\"isPartOf\":{\"@id\":\"https:\\\/\\\/super-news.info\\\/es\\\/#website\"},\"primaryImageOfPage\":{\"@id\":\"https:\\\/\\\/super-news.info\\\/es\\\/trabajadores-piden-no-dejar-caer-a-abengoa-un-oasis-en-el-desierto-y-mantener-sus-empleos\\\/#primaryimage\"},\"image\":{\"@id\":\"https:\\\/\\\/super-news.info\\\/es\\\/trabajadores-piden-no-dejar-caer-a-abengoa-un-oasis-en-el-desierto-y-mantener-sus-empleos\\\/#primaryimage\"},\"thumbnailUrl\":\"https:\\\/\\\/super-news.info\\\/es\\\/wp-content\\\/uploads\\\/sites\\\/4\\\/2021\\\/03\\\/Trabajadores-piden-no-dejar-caer-a-Abengoa-un-oasis-en.jpg\",\"datePublished\":\"2021-03-21T03:24:10+00:00\",\"dateModified\":\"2021-03-21T03:24:12+00:00\",\"author\":{\"@id\":\"https:\\\/\\\/super-news.info\\\/es\\\/#\\\/schema\\\/person\\\/2d4068cb2f39cd10008c2fce578a7356\"},\"breadcrumb\":{\"@id\":\"https:\\\/\\\/super-news.info\\\/es\\\/trabajadores-piden-no-dejar-caer-a-abengoa-un-oasis-en-el-desierto-y-mantener-sus-empleos\\\/#breadcrumb\"},\"inLanguage\":\"en-US\",\"potentialAction\":[{\"@type\":\"ReadAction\",\"target\":[\"https:\\\/\\\/super-news.info\\\/es\\\/trabajadores-piden-no-dejar-caer-a-abengoa-un-oasis-en-el-desierto-y-mantener-sus-empleos\\\/\"]}]},{\"@type\":\"ImageObject\",\"inLanguage\":\"en-US\",\"@id\":\"https:\\\/\\\/super-news.info\\\/es\\\/trabajadores-piden-no-dejar-caer-a-abengoa-un-oasis-en-el-desierto-y-mantener-sus-empleos\\\/#primaryimage\",\"url\":\"https:\\\/\\\/super-news.info\\\/es\\\/wp-content\\\/uploads\\\/sites\\\/4\\\/2021\\\/03\\\/Trabajadores-piden-no-dejar-caer-a-Abengoa-un-oasis-en.jpg\",\"contentUrl\":\"https:\\\/\\\/super-news.info\\\/es\\\/wp-content\\\/uploads\\\/sites\\\/4\\\/2021\\\/03\\\/Trabajadores-piden-no-dejar-caer-a-Abengoa-un-oasis-en.jpg\",\"width\":1024,\"height\":706,\"caption\":\"Trabajadores piden \\\"no dejar caer\\\" a Abengoa, \\\"un oasis en el desierto\\\", y mantener sus empleos\"},{\"@type\":\"BreadcrumbList\",\"@id\":\"https:\\\/\\\/super-news.info\\\/es\\\/trabajadores-piden-no-dejar-caer-a-abengoa-un-oasis-en-el-desierto-y-mantener-sus-empleos\\\/#breadcrumb\",\"itemListElement\":[{\"@type\":\"ListItem\",\"position\":1,\"name\":\"\u0413\u043b\u0430\u0432\u043d\u0430\u044f \u0441\u0442\u0440\u0430\u043d\u0438\u0446\u0430\",\"item\":\"https:\\\/\\\/super-news.info\\\/es\\\/\"},{\"@type\":\"ListItem\",\"position\":2,\"name\":\"Trabajadores piden &#8220;no dejar caer&#8221; a Abengoa, &#8220;un oasis en el desierto&#8221;, y mantener sus empleos\"}]},{\"@type\":\"WebSite\",\"@id\":\"https:\\\/\\\/super-news.info\\\/es\\\/#website\",\"url\":\"https:\\\/\\\/super-news.info\\\/es\\\/\",\"name\":\"Super News\",\"description\":\"Super News Espa\u00f1a\",\"potentialAction\":[{\"@type\":\"SearchAction\",\"target\":{\"@type\":\"EntryPoint\",\"urlTemplate\":\"https:\\\/\\\/super-news.info\\\/es\\\/?s={search_term_string}\"},\"query-input\":{\"@type\":\"PropertyValueSpecification\",\"valueRequired\":true,\"valueName\":\"search_term_string\"}}],\"inLanguage\":\"en-US\"},{\"@type\":\"Person\",\"@id\":\"https:\\\/\\\/super-news.info\\\/es\\\/#\\\/schema\\\/person\\\/2d4068cb2f39cd10008c2fce578a7356\",\"name\":\"super-news\",\"image\":{\"@type\":\"ImageObject\",\"inLanguage\":\"en-US\",\"@id\":\"https:\\\/\\\/secure.gravatar.com\\\/avatar\\\/64ebac40b93f26a154f8a9b5b6fdccfc46f442b26b3dd6756dbff3bf9dc76fd7?s=96&d=mm&r=g\",\"url\":\"https:\\\/\\\/secure.gravatar.com\\\/avatar\\\/64ebac40b93f26a154f8a9b5b6fdccfc46f442b26b3dd6756dbff3bf9dc76fd7?s=96&d=mm&r=g\",\"contentUrl\":\"https:\\\/\\\/secure.gravatar.com\\\/avatar\\\/64ebac40b93f26a154f8a9b5b6fdccfc46f442b26b3dd6756dbff3bf9dc76fd7?s=96&d=mm&r=g\",\"caption\":\"super-news\"},\"url\":\"https:\\\/\\\/super-news.info\\\/es\\\/author\\\/pt\\\/\"}]}<\/script>\n<!-- \/ Yoast SEO plugin. -->","yoast_head_json":{"title":"Trabajadores piden \"no dejar caer\" a Abengoa, \"un oasis en el desierto\", y mantener sus empleos - Super News","robots":{"index":"index","follow":"follow","max-snippet":"max-snippet:-1","max-image-preview":"max-image-preview:large","max-video-preview":"max-video-preview:-1"},"canonical":"https:\/\/super-news.info\/es\/trabajadores-piden-no-dejar-caer-a-abengoa-un-oasis-en-el-desierto-y-mantener-sus-empleos\/","og_locale":"en_US","og_type":"article","og_title":"Trabajadores piden \"no dejar caer\" a Abengoa, \"un oasis en el desierto\", y mantener sus empleos - Super News","og_description":"SEVILLA, 19 Mar. (EUROPA PRESS) &#8211; Trabajadores de Abengoa han trasladado sus manifestaciones desde la sede sevillana en Palmas Altas al centro de la ciudad para pedir a las administraciones que &#8220;no dejen caer&#8221; a la compa\u00f1\u00eda, que es &#8220;un oasis en el desierto&#8221; porque &#8220;una empresa as\u00ed no hay&#8221; y muy potente en un [&hellip;]","og_url":"https:\/\/super-news.info\/es\/trabajadores-piden-no-dejar-caer-a-abengoa-un-oasis-en-el-desierto-y-mantener-sus-empleos\/","og_site_name":"Super News","article_published_time":"2021-03-21T03:24:10+00:00","article_modified_time":"2021-03-21T03:24:12+00:00","og_image":[{"width":1024,"height":706,"url":"https:\/\/super-news.info\/es\/wp-content\/uploads\/sites\/4\/2021\/03\/Trabajadores-piden-no-dejar-caer-a-Abengoa-un-oasis-en.jpg","type":"image\/jpeg"}],"author":"super-news","twitter_card":"summary_large_image","twitter_misc":{"Written by":"super-news","Est. reading time":"4 minutes"},"schema":{"@context":"https:\/\/schema.org","@graph":[{"@type":"Article","@id":"https:\/\/super-news.info\/es\/trabajadores-piden-no-dejar-caer-a-abengoa-un-oasis-en-el-desierto-y-mantener-sus-empleos\/#article","isPartOf":{"@id":"https:\/\/super-news.info\/es\/trabajadores-piden-no-dejar-caer-a-abengoa-un-oasis-en-el-desierto-y-mantener-sus-empleos\/"},"author":{"name":"super-news","@id":"https:\/\/super-news.info\/es\/#\/schema\/person\/2d4068cb2f39cd10008c2fce578a7356"},"headline":"Trabajadores piden &#8220;no dejar caer&#8221; a Abengoa, &#8220;un oasis en el desierto&#8221;, y mantener sus empleos","datePublished":"2021-03-21T03:24:10+00:00","dateModified":"2021-03-21T03:24:12+00:00","mainEntityOfPage":{"@id":"https:\/\/super-news.info\/es\/trabajadores-piden-no-dejar-caer-a-abengoa-un-oasis-en-el-desierto-y-mantener-sus-empleos\/"},"wordCount":889,"commentCount":0,"image":{"@id":"https:\/\/super-news.info\/es\/trabajadores-piden-no-dejar-caer-a-abengoa-un-oasis-en-el-desierto-y-mantener-sus-empleos\/#primaryimage"},"thumbnailUrl":"https:\/\/super-news.info\/es\/wp-content\/uploads\/sites\/4\/2021\/03\/Trabajadores-piden-no-dejar-caer-a-Abengoa-un-oasis-en.jpg","articleSection":["NOTICIAS FINANCIERAS"],"inLanguage":"en-US","potentialAction":[{"@type":"CommentAction","name":"Comment","target":["https:\/\/super-news.info\/es\/trabajadores-piden-no-dejar-caer-a-abengoa-un-oasis-en-el-desierto-y-mantener-sus-empleos\/#respond"]}]},{"@type":"WebPage","@id":"https:\/\/super-news.info\/es\/trabajadores-piden-no-dejar-caer-a-abengoa-un-oasis-en-el-desierto-y-mantener-sus-empleos\/","url":"https:\/\/super-news.info\/es\/trabajadores-piden-no-dejar-caer-a-abengoa-un-oasis-en-el-desierto-y-mantener-sus-empleos\/","name":"Trabajadores piden \"no dejar caer\" a Abengoa, \"un oasis en el desierto\", y mantener sus empleos - Super News","isPartOf":{"@id":"https:\/\/super-news.info\/es\/#website"},"primaryImageOfPage":{"@id":"https:\/\/super-news.info\/es\/trabajadores-piden-no-dejar-caer-a-abengoa-un-oasis-en-el-desierto-y-mantener-sus-empleos\/#primaryimage"},"image":{"@id":"https:\/\/super-news.info\/es\/trabajadores-piden-no-dejar-caer-a-abengoa-un-oasis-en-el-desierto-y-mantener-sus-empleos\/#primaryimage"},"thumbnailUrl":"https:\/\/super-news.info\/es\/wp-content\/uploads\/sites\/4\/2021\/03\/Trabajadores-piden-no-dejar-caer-a-Abengoa-un-oasis-en.jpg","datePublished":"2021-03-21T03:24:10+00:00","dateModified":"2021-03-21T03:24:12+00:00","author":{"@id":"https:\/\/super-news.info\/es\/#\/schema\/person\/2d4068cb2f39cd10008c2fce578a7356"},"breadcrumb":{"@id":"https:\/\/super-news.info\/es\/trabajadores-piden-no-dejar-caer-a-abengoa-un-oasis-en-el-desierto-y-mantener-sus-empleos\/#breadcrumb"},"inLanguage":"en-US","potentialAction":[{"@type":"ReadAction","target":["https:\/\/super-news.info\/es\/trabajadores-piden-no-dejar-caer-a-abengoa-un-oasis-en-el-desierto-y-mantener-sus-empleos\/"]}]},{"@type":"ImageObject","inLanguage":"en-US","@id":"https:\/\/super-news.info\/es\/trabajadores-piden-no-dejar-caer-a-abengoa-un-oasis-en-el-desierto-y-mantener-sus-empleos\/#primaryimage","url":"https:\/\/super-news.info\/es\/wp-content\/uploads\/sites\/4\/2021\/03\/Trabajadores-piden-no-dejar-caer-a-Abengoa-un-oasis-en.jpg","contentUrl":"https:\/\/super-news.info\/es\/wp-content\/uploads\/sites\/4\/2021\/03\/Trabajadores-piden-no-dejar-caer-a-Abengoa-un-oasis-en.jpg","width":1024,"height":706,"caption":"Trabajadores piden \"no dejar caer\" a Abengoa, \"un oasis en el desierto\", y mantener sus empleos"},{"@type":"BreadcrumbList","@id":"https:\/\/super-news.info\/es\/trabajadores-piden-no-dejar-caer-a-abengoa-un-oasis-en-el-desierto-y-mantener-sus-empleos\/#breadcrumb","itemListElement":[{"@type":"ListItem","position":1,"name":"\u0413\u043b\u0430\u0432\u043d\u0430\u044f \u0441\u0442\u0440\u0430\u043d\u0438\u0446\u0430","item":"https:\/\/super-news.info\/es\/"},{"@type":"ListItem","position":2,"name":"Trabajadores piden &#8220;no dejar caer&#8221; a Abengoa, &#8220;un oasis en el desierto&#8221;, y mantener sus empleos"}]},{"@type":"WebSite","@id":"https:\/\/super-news.info\/es\/#website","url":"https:\/\/super-news.info\/es\/","name":"Super News","description":"Super News Espa\u00f1a","potentialAction":[{"@type":"SearchAction","target":{"@type":"EntryPoint","urlTemplate":"https:\/\/super-news.info\/es\/?s={search_term_string}"},"query-input":{"@type":"PropertyValueSpecification","valueRequired":true,"valueName":"search_term_string"}}],"inLanguage":"en-US"},{"@type":"Person","@id":"https:\/\/super-news.info\/es\/#\/schema\/person\/2d4068cb2f39cd10008c2fce578a7356","name":"super-news","image":{"@type":"ImageObject","inLanguage":"en-US","@id":"https:\/\/secure.gravatar.com\/avatar\/64ebac40b93f26a154f8a9b5b6fdccfc46f442b26b3dd6756dbff3bf9dc76fd7?s=96&d=mm&r=g","url":"https:\/\/secure.gravatar.com\/avatar\/64ebac40b93f26a154f8a9b5b6fdccfc46f442b26b3dd6756dbff3bf9dc76fd7?s=96&d=mm&r=g","contentUrl":"https:\/\/secure.gravatar.com\/avatar\/64ebac40b93f26a154f8a9b5b6fdccfc46f442b26b3dd6756dbff3bf9dc76fd7?s=96&d=mm&r=g","caption":"super-news"},"url":"https:\/\/super-news.info\/es\/author\/pt\/"}]}},"_links":{"self":[{"href":"https:\/\/super-news.info\/es\/wp-json\/wp\/v2\/posts\/13956","targetHints":{"allow":["GET"]}}],"collection":[{"href":"https:\/\/super-news.info\/es\/wp-json\/wp\/v2\/posts"}],"about":[{"href":"https:\/\/super-news.info\/es\/wp-json\/wp\/v2\/types\/post"}],"author":[{"embeddable":true,"href":"https:\/\/super-news.info\/es\/wp-json\/wp\/v2\/users\/2"}],"replies":[{"embeddable":true,"href":"https:\/\/super-news.info\/es\/wp-json\/wp\/v2\/comments?post=13956"}],"version-history":[{"count":1,"href":"https:\/\/super-news.info\/es\/wp-json\/wp\/v2\/posts\/13956\/revisions"}],"predecessor-version":[{"id":13958,"href":"https:\/\/super-news.info\/es\/wp-json\/wp\/v2\/posts\/13956\/revisions\/13958"}],"wp:featuredmedia":[{"embeddable":true,"href":"https:\/\/super-news.info\/es\/wp-json\/wp\/v2\/media\/13957"}],"wp:attachment":[{"href":"https:\/\/super-news.info\/es\/wp-json\/wp\/v2\/media?parent=13956"}],"wp:term":[{"taxonomy":"category","embeddable":true,"href":"https:\/\/super-news.info\/es\/wp-json\/wp\/v2\/categories?post=13956"},{"taxonomy":"post_tag","embeddable":true,"href":"https:\/\/super-news.info\/es\/wp-json\/wp\/v2\/tags?post=13956"}],"curies":[{"name":"wp","href":"https:\/\/api.w.org\/{rel}","templated":true}]}}