{"id":13950,"date":"2021-03-20T18:23:22","date_gmt":"2021-03-20T15:23:22","guid":{"rendered":"https:\/\/super-news.info\/es\/colau-reclama-al-estado-una-ley-de-vivienda-que-garantice-el-15-de-pisos-sociales-en-20-anos\/"},"modified":"2021-03-20T18:23:25","modified_gmt":"2021-03-20T15:23:25","slug":"colau-reclama-al-estado-una-ley-de-vivienda-que-garantice-el-15-de-pisos-sociales-en-20-anos","status":"publish","type":"post","link":"https:\/\/super-news.info\/es\/colau-reclama-al-estado-una-ley-de-vivienda-que-garantice-el-15-de-pisos-sociales-en-20-anos\/","title":{"rendered":"Colau reclama al Estado una ley de vivienda que garantice el 15% de pisos sociales en 20 a\u00f1os"},"content":{"rendered":"<p>Exige prohibir los desahucios a fecha abierta y regular los precios de alquiler<br \/>\n   BARCELONA, 19 Mar. (EUROPA PRESS) &#8211;<br \/>\n   La alcaldesa de Barcelona, Ada Colau, ha trasladado al Ministerio de Transporte, Movilidad y Agenda Urbana una propuesta de articulado de la futura ley de vivienda en la que propone regular el precio del alquiler y garantizar el 15% de pisos sociales en un plazo m\u00e1ximo de 20 a\u00f1os, ha informado el consistorio este viernes en un comunicado.<br \/>\n   Esta propuesta llega despu\u00e9s de que el Ministerio presentara una proposici\u00f3n escrita sobre la nueva ley, basada en incentivos fiscales a propietarios que decidan bajar el alquiler, que ha provocado el rechazo expreso de Unidas Podemos, que acusa a los socialistas de no cumplir el acuerdo de gobierno para regular el alquiler con control de precios y obligaciones a grandes propietarios.<br \/>\n   As\u00ed, Colau quiere que la futura ley estatal de vivienda &#8220;signifique un punto de inflexi\u00f3n y provoque un cambio estructural de pol\u00edticas p\u00fablicas de vivienda&#8221;, que d\u00e9 cobertura a las iniciativas de Barcelona y Catalunya, y se encamine hacia modelos de pa\u00edses como Francia, Austria, Alemania y Holanda.<br \/>\n   Por eso plantea ampliar y mejorar el parque de alquiler social y asequible, un nuevo modelo econ\u00f3mico que garantice la inversi\u00f3n p\u00fablica y reforma fiscal, atender la emergencia habitacional y la regulaci\u00f3n del alquiler de mercado, y construir un nuevo modelo de gobernanza de las pol\u00edticas p\u00fablicas de vivienda.<br \/>\n   Para llegar al 15% de parque de vivienda social en 20 a\u00f1os, la alcaldesa reclama que las administraciones p\u00fablicas aumenten hasta el 1,5% el PIB, y promover una nueva fiscalidad que &#8220;elimine privilegios, &#8216;dumpings&#8217; y movimientos especulativos&#8221;, que incentive el alquiler asequible y que evite desequilibrios territoriales.<br \/>\nNUEVA FISCALIDAD<br \/>\n   En este sentido, propone mantener las bonificaciones actuales del impuesto de sociedades que tienen sociedades de gesti\u00f3n inmobiliaria como las entidades de alquiler de viviendas (EDAV), las SOCIMIs y las instituciones de inversi\u00f3n colectiva (IIC) solo cuando destinen al menos la mitad de sus activos al alquiler de viviendas, con diferentes proporciones de alquiler protegido y por debajo de los \u00edndices de precios de manera obligatoria.<br \/>\n   Con estas medidas, se pretende hacer aflorar vivienda protegida y asequible, que se estima que podr\u00eda llegar a los 100.000 alquileres protegidos y a 100.000 m\u00e1s a precios por debajo de los \u00edndices de referencia.<br \/>\nEMERGENCIA HABITACIONAL.<br \/>\n   Respecto a la emergencia habitacional, reclama una mediaci\u00f3n previa antes de iniciar el proceso de desahucio que afecte a una persona vulnerable, as\u00ed como prohibir desahucios a fecha abierta y regular el ofrecimiento de alquiler social por parte de los grandes tenedores.<br \/>\n   Sobre la regulaci\u00f3n de los precios de alquiler, la propuesta fija que los precios no podr\u00e1n superar los del contrato anterior ni el precio marcado por el \u00edndice de precio de referencia, tal como prev\u00e9 la legislaci\u00f3n catalana en esta materia, y se\u00f1ala que se pueda incrementar hasta un 10% en funci\u00f3n de las caracter\u00edsticas de la vivienda alquilada.<br \/>\n   Adem\u00e1s del precio, propone incorporar la modificaci\u00f3n de leyes vigentes como la Ley de Arrendamientos Urbanos, para crear mecanismos que ampl\u00eden la estabilidad de las personas que alquilen una vivienda, as\u00ed como sistematizar el control sobre los contratos de arrendamiento.<br \/>\n   En este sentido, se prev\u00e9 incorporar una serie de condiciones restrictivas para garantizar al menos una primera renovaci\u00f3n del contrato pasando de cinco y siete a\u00f1os a 10 y 14 a\u00f1os de duraci\u00f3n de los contratos de alquiler.<br \/>\n<br \/>\n<!--noindex--><br \/>\n<a href=\"https:\/\/www.europapress.es\/economia\/macroeconomia-00338\/noticia-colau-reclama-estado-ley-vivienda-garantice-15-pisos-sociales-20-anos-20210319140923.html\" rel=\"nofollow\">Source link <\/a><br \/>\n<!--\/noindex--><\/p>\n","protected":false},"excerpt":{"rendered":"<p>Exige prohibir los desahucios a fecha abierta y regular los precios de alquiler BARCELONA, 19 Mar. (EUROPA PRESS) &#8211; La alcaldesa de Barcelona, Ada Colau, ha trasladado al Ministerio de Transporte, Movilidad y Agenda Urbana una propuesta de articulado de la futura ley de vivienda en la que propone regular el precio del alquiler y [&hellip;]<\/p>\n","protected":false},"author":2,"featured_media":13951,"comment_status":"open","ping_status":"open","sticky":false,"template":"","format":"standard","meta":{"footnotes":""},"categories":[1],"tags":[],"class_list":["post-13950","post","type-post","status-publish","format-standard","has-post-thumbnail","hentry","category-noticias-financieras"],"yoast_head":"<!-- This site is optimized with the Yoast SEO plugin v27.4 - https:\/\/yoast.com\/product\/yoast-seo-wordpress\/ -->\n<title>Colau reclama al Estado una ley de vivienda que garantice el 15% de pisos sociales en 20 a\u00f1os - Super News<\/title>\n<meta name=\"robots\" content=\"index, follow, max-snippet:-1, max-image-preview:large, max-video-preview:-1\" \/>\n<link rel=\"canonical\" href=\"https:\/\/super-news.info\/es\/colau-reclama-al-estado-una-ley-de-vivienda-que-garantice-el-15-de-pisos-sociales-en-20-anos\/\" \/>\n<meta property=\"og:locale\" content=\"en_US\" \/>\n<meta property=\"og:type\" content=\"article\" \/>\n<meta property=\"og:title\" content=\"Colau reclama al Estado una ley de vivienda que garantice el 15% de pisos sociales en 20 a\u00f1os - Super News\" \/>\n<meta property=\"og:description\" content=\"Exige prohibir los desahucios a fecha abierta y regular los precios de alquiler BARCELONA, 19 Mar. (EUROPA PRESS) &#8211; La alcaldesa de Barcelona, Ada Colau, ha trasladado al Ministerio de Transporte, Movilidad y Agenda Urbana una propuesta de articulado de la futura ley de vivienda en la que propone regular el precio del alquiler y [&hellip;]\" \/>\n<meta property=\"og:url\" content=\"https:\/\/super-news.info\/es\/colau-reclama-al-estado-una-ley-de-vivienda-que-garantice-el-15-de-pisos-sociales-en-20-anos\/\" \/>\n<meta property=\"og:site_name\" content=\"Super News\" \/>\n<meta property=\"article:published_time\" content=\"2021-03-20T15:23:22+00:00\" \/>\n<meta property=\"article:modified_time\" content=\"2021-03-20T15:23:25+00:00\" \/>\n<meta property=\"og:image\" content=\"https:\/\/super-news.info\/es\/wp-content\/uploads\/sites\/4\/2021\/03\/Colau-reclama-al-Estado-una-ley-de-vivienda-que-garantice.jpg\" \/>\n\t<meta property=\"og:image:width\" content=\"1024\" \/>\n\t<meta property=\"og:image:height\" content=\"682\" \/>\n\t<meta property=\"og:image:type\" content=\"image\/jpeg\" \/>\n<meta name=\"author\" content=\"super-news\" \/>\n<meta name=\"twitter:card\" content=\"summary_large_image\" \/>\n<meta name=\"twitter:label1\" content=\"Written by\" \/>\n\t<meta name=\"twitter:data1\" content=\"super-news\" \/>\n\t<meta name=\"twitter:label2\" content=\"Est. reading time\" \/>\n\t<meta name=\"twitter:data2\" content=\"3 minutes\" \/>\n<script type=\"application\/ld+json\" class=\"yoast-schema-graph\">{\"@context\":\"https:\\\/\\\/schema.org\",\"@graph\":[{\"@type\":\"Article\",\"@id\":\"https:\\\/\\\/super-news.info\\\/es\\\/colau-reclama-al-estado-una-ley-de-vivienda-que-garantice-el-15-de-pisos-sociales-en-20-anos\\\/#article\",\"isPartOf\":{\"@id\":\"https:\\\/\\\/super-news.info\\\/es\\\/colau-reclama-al-estado-una-ley-de-vivienda-que-garantice-el-15-de-pisos-sociales-en-20-anos\\\/\"},\"author\":{\"name\":\"super-news\",\"@id\":\"https:\\\/\\\/super-news.info\\\/es\\\/#\\\/schema\\\/person\\\/2d4068cb2f39cd10008c2fce578a7356\"},\"headline\":\"Colau reclama al Estado una ley de vivienda que garantice el 15% de pisos sociales en 20 a\u00f1os\",\"datePublished\":\"2021-03-20T15:23:22+00:00\",\"dateModified\":\"2021-03-20T15:23:25+00:00\",\"mainEntityOfPage\":{\"@id\":\"https:\\\/\\\/super-news.info\\\/es\\\/colau-reclama-al-estado-una-ley-de-vivienda-que-garantice-el-15-de-pisos-sociales-en-20-anos\\\/\"},\"wordCount\":608,\"commentCount\":0,\"image\":{\"@id\":\"https:\\\/\\\/super-news.info\\\/es\\\/colau-reclama-al-estado-una-ley-de-vivienda-que-garantice-el-15-de-pisos-sociales-en-20-anos\\\/#primaryimage\"},\"thumbnailUrl\":\"https:\\\/\\\/super-news.info\\\/es\\\/wp-content\\\/uploads\\\/sites\\\/4\\\/2021\\\/03\\\/Colau-reclama-al-Estado-una-ley-de-vivienda-que-garantice.jpg\",\"articleSection\":[\"NOTICIAS FINANCIERAS\"],\"inLanguage\":\"en-US\",\"potentialAction\":[{\"@type\":\"CommentAction\",\"name\":\"Comment\",\"target\":[\"https:\\\/\\\/super-news.info\\\/es\\\/colau-reclama-al-estado-una-ley-de-vivienda-que-garantice-el-15-de-pisos-sociales-en-20-anos\\\/#respond\"]}]},{\"@type\":\"WebPage\",\"@id\":\"https:\\\/\\\/super-news.info\\\/es\\\/colau-reclama-al-estado-una-ley-de-vivienda-que-garantice-el-15-de-pisos-sociales-en-20-anos\\\/\",\"url\":\"https:\\\/\\\/super-news.info\\\/es\\\/colau-reclama-al-estado-una-ley-de-vivienda-que-garantice-el-15-de-pisos-sociales-en-20-anos\\\/\",\"name\":\"Colau reclama al Estado una ley de vivienda que garantice el 15% de pisos sociales en 20 a\u00f1os - Super News\",\"isPartOf\":{\"@id\":\"https:\\\/\\\/super-news.info\\\/es\\\/#website\"},\"primaryImageOfPage\":{\"@id\":\"https:\\\/\\\/super-news.info\\\/es\\\/colau-reclama-al-estado-una-ley-de-vivienda-que-garantice-el-15-de-pisos-sociales-en-20-anos\\\/#primaryimage\"},\"image\":{\"@id\":\"https:\\\/\\\/super-news.info\\\/es\\\/colau-reclama-al-estado-una-ley-de-vivienda-que-garantice-el-15-de-pisos-sociales-en-20-anos\\\/#primaryimage\"},\"thumbnailUrl\":\"https:\\\/\\\/super-news.info\\\/es\\\/wp-content\\\/uploads\\\/sites\\\/4\\\/2021\\\/03\\\/Colau-reclama-al-Estado-una-ley-de-vivienda-que-garantice.jpg\",\"datePublished\":\"2021-03-20T15:23:22+00:00\",\"dateModified\":\"2021-03-20T15:23:25+00:00\",\"author\":{\"@id\":\"https:\\\/\\\/super-news.info\\\/es\\\/#\\\/schema\\\/person\\\/2d4068cb2f39cd10008c2fce578a7356\"},\"breadcrumb\":{\"@id\":\"https:\\\/\\\/super-news.info\\\/es\\\/colau-reclama-al-estado-una-ley-de-vivienda-que-garantice-el-15-de-pisos-sociales-en-20-anos\\\/#breadcrumb\"},\"inLanguage\":\"en-US\",\"potentialAction\":[{\"@type\":\"ReadAction\",\"target\":[\"https:\\\/\\\/super-news.info\\\/es\\\/colau-reclama-al-estado-una-ley-de-vivienda-que-garantice-el-15-de-pisos-sociales-en-20-anos\\\/\"]}]},{\"@type\":\"ImageObject\",\"inLanguage\":\"en-US\",\"@id\":\"https:\\\/\\\/super-news.info\\\/es\\\/colau-reclama-al-estado-una-ley-de-vivienda-que-garantice-el-15-de-pisos-sociales-en-20-anos\\\/#primaryimage\",\"url\":\"https:\\\/\\\/super-news.info\\\/es\\\/wp-content\\\/uploads\\\/sites\\\/4\\\/2021\\\/03\\\/Colau-reclama-al-Estado-una-ley-de-vivienda-que-garantice.jpg\",\"contentUrl\":\"https:\\\/\\\/super-news.info\\\/es\\\/wp-content\\\/uploads\\\/sites\\\/4\\\/2021\\\/03\\\/Colau-reclama-al-Estado-una-ley-de-vivienda-que-garantice.jpg\",\"width\":1024,\"height\":682,\"caption\":\"Colau reclama al Estado una ley de vivienda que garantice el 15% de pisos sociales en 20 a\u00f1os\"},{\"@type\":\"BreadcrumbList\",\"@id\":\"https:\\\/\\\/super-news.info\\\/es\\\/colau-reclama-al-estado-una-ley-de-vivienda-que-garantice-el-15-de-pisos-sociales-en-20-anos\\\/#breadcrumb\",\"itemListElement\":[{\"@type\":\"ListItem\",\"position\":1,\"name\":\"\u0413\u043b\u0430\u0432\u043d\u0430\u044f \u0441\u0442\u0440\u0430\u043d\u0438\u0446\u0430\",\"item\":\"https:\\\/\\\/super-news.info\\\/es\\\/\"},{\"@type\":\"ListItem\",\"position\":2,\"name\":\"Colau reclama al Estado una ley de vivienda que garantice el 15% de pisos sociales en 20 a\u00f1os\"}]},{\"@type\":\"WebSite\",\"@id\":\"https:\\\/\\\/super-news.info\\\/es\\\/#website\",\"url\":\"https:\\\/\\\/super-news.info\\\/es\\\/\",\"name\":\"Super News\",\"description\":\"Super News Espa\u00f1a\",\"potentialAction\":[{\"@type\":\"SearchAction\",\"target\":{\"@type\":\"EntryPoint\",\"urlTemplate\":\"https:\\\/\\\/super-news.info\\\/es\\\/?s={search_term_string}\"},\"query-input\":{\"@type\":\"PropertyValueSpecification\",\"valueRequired\":true,\"valueName\":\"search_term_string\"}}],\"inLanguage\":\"en-US\"},{\"@type\":\"Person\",\"@id\":\"https:\\\/\\\/super-news.info\\\/es\\\/#\\\/schema\\\/person\\\/2d4068cb2f39cd10008c2fce578a7356\",\"name\":\"super-news\",\"image\":{\"@type\":\"ImageObject\",\"inLanguage\":\"en-US\",\"@id\":\"https:\\\/\\\/secure.gravatar.com\\\/avatar\\\/64ebac40b93f26a154f8a9b5b6fdccfc46f442b26b3dd6756dbff3bf9dc76fd7?s=96&d=mm&r=g\",\"url\":\"https:\\\/\\\/secure.gravatar.com\\\/avatar\\\/64ebac40b93f26a154f8a9b5b6fdccfc46f442b26b3dd6756dbff3bf9dc76fd7?s=96&d=mm&r=g\",\"contentUrl\":\"https:\\\/\\\/secure.gravatar.com\\\/avatar\\\/64ebac40b93f26a154f8a9b5b6fdccfc46f442b26b3dd6756dbff3bf9dc76fd7?s=96&d=mm&r=g\",\"caption\":\"super-news\"},\"url\":\"https:\\\/\\\/super-news.info\\\/es\\\/author\\\/pt\\\/\"}]}<\/script>\n<!-- \/ Yoast SEO plugin. -->","yoast_head_json":{"title":"Colau reclama al Estado una ley de vivienda que garantice el 15% de pisos sociales en 20 a\u00f1os - Super News","robots":{"index":"index","follow":"follow","max-snippet":"max-snippet:-1","max-image-preview":"max-image-preview:large","max-video-preview":"max-video-preview:-1"},"canonical":"https:\/\/super-news.info\/es\/colau-reclama-al-estado-una-ley-de-vivienda-que-garantice-el-15-de-pisos-sociales-en-20-anos\/","og_locale":"en_US","og_type":"article","og_title":"Colau reclama al Estado una ley de vivienda que garantice el 15% de pisos sociales en 20 a\u00f1os - Super News","og_description":"Exige prohibir los desahucios a fecha abierta y regular los precios de alquiler BARCELONA, 19 Mar. (EUROPA PRESS) &#8211; La alcaldesa de Barcelona, Ada Colau, ha trasladado al Ministerio de Transporte, Movilidad y Agenda Urbana una propuesta de articulado de la futura ley de vivienda en la que propone regular el precio del alquiler y [&hellip;]","og_url":"https:\/\/super-news.info\/es\/colau-reclama-al-estado-una-ley-de-vivienda-que-garantice-el-15-de-pisos-sociales-en-20-anos\/","og_site_name":"Super News","article_published_time":"2021-03-20T15:23:22+00:00","article_modified_time":"2021-03-20T15:23:25+00:00","og_image":[{"width":1024,"height":682,"url":"https:\/\/super-news.info\/es\/wp-content\/uploads\/sites\/4\/2021\/03\/Colau-reclama-al-Estado-una-ley-de-vivienda-que-garantice.jpg","type":"image\/jpeg"}],"author":"super-news","twitter_card":"summary_large_image","twitter_misc":{"Written by":"super-news","Est. reading time":"3 minutes"},"schema":{"@context":"https:\/\/schema.org","@graph":[{"@type":"Article","@id":"https:\/\/super-news.info\/es\/colau-reclama-al-estado-una-ley-de-vivienda-que-garantice-el-15-de-pisos-sociales-en-20-anos\/#article","isPartOf":{"@id":"https:\/\/super-news.info\/es\/colau-reclama-al-estado-una-ley-de-vivienda-que-garantice-el-15-de-pisos-sociales-en-20-anos\/"},"author":{"name":"super-news","@id":"https:\/\/super-news.info\/es\/#\/schema\/person\/2d4068cb2f39cd10008c2fce578a7356"},"headline":"Colau reclama al Estado una ley de vivienda que garantice el 15% de pisos sociales en 20 a\u00f1os","datePublished":"2021-03-20T15:23:22+00:00","dateModified":"2021-03-20T15:23:25+00:00","mainEntityOfPage":{"@id":"https:\/\/super-news.info\/es\/colau-reclama-al-estado-una-ley-de-vivienda-que-garantice-el-15-de-pisos-sociales-en-20-anos\/"},"wordCount":608,"commentCount":0,"image":{"@id":"https:\/\/super-news.info\/es\/colau-reclama-al-estado-una-ley-de-vivienda-que-garantice-el-15-de-pisos-sociales-en-20-anos\/#primaryimage"},"thumbnailUrl":"https:\/\/super-news.info\/es\/wp-content\/uploads\/sites\/4\/2021\/03\/Colau-reclama-al-Estado-una-ley-de-vivienda-que-garantice.jpg","articleSection":["NOTICIAS FINANCIERAS"],"inLanguage":"en-US","potentialAction":[{"@type":"CommentAction","name":"Comment","target":["https:\/\/super-news.info\/es\/colau-reclama-al-estado-una-ley-de-vivienda-que-garantice-el-15-de-pisos-sociales-en-20-anos\/#respond"]}]},{"@type":"WebPage","@id":"https:\/\/super-news.info\/es\/colau-reclama-al-estado-una-ley-de-vivienda-que-garantice-el-15-de-pisos-sociales-en-20-anos\/","url":"https:\/\/super-news.info\/es\/colau-reclama-al-estado-una-ley-de-vivienda-que-garantice-el-15-de-pisos-sociales-en-20-anos\/","name":"Colau reclama al Estado una ley de vivienda que garantice el 15% de pisos sociales en 20 a\u00f1os - Super News","isPartOf":{"@id":"https:\/\/super-news.info\/es\/#website"},"primaryImageOfPage":{"@id":"https:\/\/super-news.info\/es\/colau-reclama-al-estado-una-ley-de-vivienda-que-garantice-el-15-de-pisos-sociales-en-20-anos\/#primaryimage"},"image":{"@id":"https:\/\/super-news.info\/es\/colau-reclama-al-estado-una-ley-de-vivienda-que-garantice-el-15-de-pisos-sociales-en-20-anos\/#primaryimage"},"thumbnailUrl":"https:\/\/super-news.info\/es\/wp-content\/uploads\/sites\/4\/2021\/03\/Colau-reclama-al-Estado-una-ley-de-vivienda-que-garantice.jpg","datePublished":"2021-03-20T15:23:22+00:00","dateModified":"2021-03-20T15:23:25+00:00","author":{"@id":"https:\/\/super-news.info\/es\/#\/schema\/person\/2d4068cb2f39cd10008c2fce578a7356"},"breadcrumb":{"@id":"https:\/\/super-news.info\/es\/colau-reclama-al-estado-una-ley-de-vivienda-que-garantice-el-15-de-pisos-sociales-en-20-anos\/#breadcrumb"},"inLanguage":"en-US","potentialAction":[{"@type":"ReadAction","target":["https:\/\/super-news.info\/es\/colau-reclama-al-estado-una-ley-de-vivienda-que-garantice-el-15-de-pisos-sociales-en-20-anos\/"]}]},{"@type":"ImageObject","inLanguage":"en-US","@id":"https:\/\/super-news.info\/es\/colau-reclama-al-estado-una-ley-de-vivienda-que-garantice-el-15-de-pisos-sociales-en-20-anos\/#primaryimage","url":"https:\/\/super-news.info\/es\/wp-content\/uploads\/sites\/4\/2021\/03\/Colau-reclama-al-Estado-una-ley-de-vivienda-que-garantice.jpg","contentUrl":"https:\/\/super-news.info\/es\/wp-content\/uploads\/sites\/4\/2021\/03\/Colau-reclama-al-Estado-una-ley-de-vivienda-que-garantice.jpg","width":1024,"height":682,"caption":"Colau reclama al Estado una ley de vivienda que garantice el 15% de pisos sociales en 20 a\u00f1os"},{"@type":"BreadcrumbList","@id":"https:\/\/super-news.info\/es\/colau-reclama-al-estado-una-ley-de-vivienda-que-garantice-el-15-de-pisos-sociales-en-20-anos\/#breadcrumb","itemListElement":[{"@type":"ListItem","position":1,"name":"\u0413\u043b\u0430\u0432\u043d\u0430\u044f \u0441\u0442\u0440\u0430\u043d\u0438\u0446\u0430","item":"https:\/\/super-news.info\/es\/"},{"@type":"ListItem","position":2,"name":"Colau reclama al Estado una ley de vivienda que garantice el 15% de pisos sociales en 20 a\u00f1os"}]},{"@type":"WebSite","@id":"https:\/\/super-news.info\/es\/#website","url":"https:\/\/super-news.info\/es\/","name":"Super News","description":"Super News Espa\u00f1a","potentialAction":[{"@type":"SearchAction","target":{"@type":"EntryPoint","urlTemplate":"https:\/\/super-news.info\/es\/?s={search_term_string}"},"query-input":{"@type":"PropertyValueSpecification","valueRequired":true,"valueName":"search_term_string"}}],"inLanguage":"en-US"},{"@type":"Person","@id":"https:\/\/super-news.info\/es\/#\/schema\/person\/2d4068cb2f39cd10008c2fce578a7356","name":"super-news","image":{"@type":"ImageObject","inLanguage":"en-US","@id":"https:\/\/secure.gravatar.com\/avatar\/64ebac40b93f26a154f8a9b5b6fdccfc46f442b26b3dd6756dbff3bf9dc76fd7?s=96&d=mm&r=g","url":"https:\/\/secure.gravatar.com\/avatar\/64ebac40b93f26a154f8a9b5b6fdccfc46f442b26b3dd6756dbff3bf9dc76fd7?s=96&d=mm&r=g","contentUrl":"https:\/\/secure.gravatar.com\/avatar\/64ebac40b93f26a154f8a9b5b6fdccfc46f442b26b3dd6756dbff3bf9dc76fd7?s=96&d=mm&r=g","caption":"super-news"},"url":"https:\/\/super-news.info\/es\/author\/pt\/"}]}},"_links":{"self":[{"href":"https:\/\/super-news.info\/es\/wp-json\/wp\/v2\/posts\/13950","targetHints":{"allow":["GET"]}}],"collection":[{"href":"https:\/\/super-news.info\/es\/wp-json\/wp\/v2\/posts"}],"about":[{"href":"https:\/\/super-news.info\/es\/wp-json\/wp\/v2\/types\/post"}],"author":[{"embeddable":true,"href":"https:\/\/super-news.info\/es\/wp-json\/wp\/v2\/users\/2"}],"replies":[{"embeddable":true,"href":"https:\/\/super-news.info\/es\/wp-json\/wp\/v2\/comments?post=13950"}],"version-history":[{"count":1,"href":"https:\/\/super-news.info\/es\/wp-json\/wp\/v2\/posts\/13950\/revisions"}],"predecessor-version":[{"id":13952,"href":"https:\/\/super-news.info\/es\/wp-json\/wp\/v2\/posts\/13950\/revisions\/13952"}],"wp:featuredmedia":[{"embeddable":true,"href":"https:\/\/super-news.info\/es\/wp-json\/wp\/v2\/media\/13951"}],"wp:attachment":[{"href":"https:\/\/super-news.info\/es\/wp-json\/wp\/v2\/media?parent=13950"}],"wp:term":[{"taxonomy":"category","embeddable":true,"href":"https:\/\/super-news.info\/es\/wp-json\/wp\/v2\/categories?post=13950"},{"taxonomy":"post_tag","embeddable":true,"href":"https:\/\/super-news.info\/es\/wp-json\/wp\/v2\/tags?post=13950"}],"curies":[{"name":"wp","href":"https:\/\/api.w.org\/{rel}","templated":true}]}}