{"id":13932,"date":"2021-03-19T06:15:29","date_gmt":"2021-03-19T03:15:29","guid":{"rendered":"https:\/\/super-news.info\/es\/banco-sabadell-reorganiza-sus-negocios-en-espana-tras-el-nombramiento-de-gonzalez-bueno-como-ceo\/"},"modified":"2021-03-19T06:15:31","modified_gmt":"2021-03-19T03:15:31","slug":"banco-sabadell-reorganiza-sus-negocios-en-espana-tras-el-nombramiento-de-gonzalez-bueno-como-ceo","status":"publish","type":"post","link":"https:\/\/super-news.info\/es\/banco-sabadell-reorganiza-sus-negocios-en-espana-tras-el-nombramiento-de-gonzalez-bueno-como-ceo\/","title":{"rendered":"Banco Sabadell reorganiza sus negocios en Espa\u00f1a tras el nombramiento de Gonz\u00e1lez-Bueno como CEO"},"content":{"rendered":"<p>\nEl banco crea tres unidades de negocio en Espa\u00f1a: Particulares, Empresas y Corporativa<br \/>\n   BARCELONA, 18 Mar. (EUROPA PRESS) &#8211;<br \/>\n   El consejo de administraci\u00f3n de Banco Sabadell ha formalizado este jueves el nombramiento de C\u00e9sar Gonz\u00e1lez-Bueno como primer ejecutivo del banco, tras aceptar la renuncia de Jaime Guardiola como consejero delegado y una vez recibida las autorizaciones del Banco Central Europeo (BCE) para la sustituci\u00f3n.<br \/>\n   Tambi\u00e9n se ha aprobado la estructura organizativa propuesta por el nuevo CEO, que ha agradecido la confianza al presidente, Josep Oliu, y ha a\u00f1adido que Guardiola le ha ayudado a conocer el banco: &#8220;El equipo es excelente y el banco tiene una cultura envidiable&#8221;.<br \/>\n   Oliu ha destacado el prestigio de Gonz\u00e1lez-Bueno en el sector y en procesos de transformaci\u00f3n y digitalizaci\u00f3n para afrontar la nueva etapa del Sabadell: &#8220;Vamos a estar centrados en mejorar la eficiencia, incrementar la rentabilidad y crear valor para el accionista&#8221;.<br \/>\nEL CLIENTE Y LA RENTABILIDAD<br \/>\n   Gonz\u00e1lez-Bueno ha presentado la reorganizaci\u00f3n como primer paso para una estrategia futura y bas\u00e1ndose en poner m\u00e1s foco en el cliente y aumentar la rentabilidad, para lo cual el banco se estructura en tres unidades de negocio en Espa\u00f1a: Particulares (el mismo Gonz\u00e1lez-Bueno la encabezar\u00e1 hasta nombrar responsable), Empresas (pilotada por Carlos Ventura) y Corporativa (la sigue dirigiendo Jos\u00e9 Nieto).<br \/>\n   El nuevo CEO ha afirmado que la reorganizaci\u00f3n permitir\u00e1 llevar a cabo una estrategia con foco en el cliente y la rentabilidad, y que cada negocio se estructura de manera distinta &#8220;porque las necesidades y prioridades de sus clientes son tambi\u00e9n distintas&#8221;.<br \/>\n   Con esta remodelaci\u00f3n &#8211;ha a\u00f1adido&#8211;, m\u00e1s de un tercio del nuevo equipo directivo de primer nivel &#8220;han accedido tras promoci\u00f3n interna, prueba inequ\u00edvoca de la apuesta por el talento&#8221;.<br \/>\n   El cuanto al nuevo plan estrat\u00e9gico, ser\u00e1 presentado durante el pr\u00f3ximo mes de mayo.<br \/>\nPARTICULARES<br \/>\n   La unidad de Particulares se reorganiza para mejorar procesos y adecuar la oferta a las necesidades del cliente, por lo que la digitalizaci\u00f3n ser\u00e1 clave en el trabajo de los m\u00e1s de 3.500 profesionales de la red de oficinas.<br \/>\n   La direcci\u00f3n de Banca de Particulares se estructurar\u00e1 en unidades de producto, para estar m\u00e1s cerca del cliente, y esta unidad de negocio tambi\u00e9n contar\u00e1 con una direcci\u00f3n de banca privada.<br \/>\nEMPRESAS<br \/>\n   La direcci\u00f3n de Empresas y Red deber\u00e1 consolidar su posici\u00f3n de &#8220;liderazgo&#8221; y aumentar el volumen de negocio de forma eficiente; considerar clave la relaci\u00f3n con los clientes; y Banca de Empresas se estructura por segmentos, desde aut\u00f3nomos hasta grandes empresas.<br \/>\n   Esta unidad, la de mayor contribuci\u00f3n a la rentabilidad del banco, estar\u00e1 dirigida por Carlos Ventura, que tambi\u00e9n estar\u00e1 al frente de toda la red comercial.<br \/>\nCORPORATIVA<br \/>\n   La divisi\u00f3n de Banca Corporativa, &#8220;con una eficiencia y rentabilidad adecuadas&#8221;, es una l\u00ednea de negocio intensiva en consumo de capital, por lo que el foco del plan estrat\u00e9gico se pondr\u00e1 en la gesti\u00f3n del mismo.<br \/>\n   Esta direcci\u00f3n seguir\u00e1 estructurada en unidades de cliente para atender y gestionar la relaci\u00f3n con las grandes corporaciones; tendr\u00e1 direcciones transversales de producto especializado; y ser\u00e1 un refuerzo para la Banca de Empresas, que dispondr\u00e1 de soluciones espec\u00edficas para pymes, &#8220;que cada vez demandan productos de mayor sofisticaci\u00f3n&#8221;.<br \/>\nCARGOS DEL NUEVO ORGANIGRAMA<br \/>\n   Para dar m\u00e1s agilidad y autonom\u00eda a las unidades de negocio, cada director tendr\u00e1 responsabilidad sobre parte de las funciones y capacidades corporativas de Finanzas, Organizaci\u00f3n y Recursos, Operaciones y Tecnolog\u00eda, Riesgos y Asesor\u00eda Jur\u00eddica, y cada unidad ser\u00e1 responsable de su cuenta de resultados (ingresos, gastos, provisiones y consumo de capital).<br \/>\n   Por debajo del ceo se sit\u00faa actualmente Mar\u00eda Jos\u00e9 Garc\u00eda Beato al frente de la Secretar\u00eda General, pero desde el 31 de marzo la dirigir\u00e1 Gonzalo Barettino, mientras que Garc\u00eda Beato seguir\u00e1 como consejera no ejecutiva de la entidad; el jefe de gabinete de ceo y director de Planificaci\u00f3n Estrat\u00e9gica es Marc Prat y el director de Comunicaci\u00f3n, Gabriel Mart\u00ednez.<br \/>\n   Las filiales internacionales, TSB y M\u00e9xico, no experimentan cambios organizativos y su estrategia seguir\u00e1 enfocada a acelerar su camino hacia la rentabilidad y en aumentar su aportaci\u00f3n al grupo.<br \/>\n   Al frente del departamento financiero estar\u00e1 Leopoldo Alvear, cuyo cargo est\u00e1 sujeto a aprobaci\u00f3n reguladora; en el de riesgos, Xavier Comerma; en organizaci\u00f3n y recursos, Miquel Montes; en Operaciones y Tecnolog\u00eda, Marc Armengol; en regulaci\u00f3n y control de riesgos, David Vegara; y en auditor\u00eda interna, N\u00faria L\u00e1zaro.<br \/>\n<br \/>\n<!--noindex--><br \/>\n<a href=\"https:\/\/www.europapress.es\/economia\/finanzas-00340\/noticia-banco-sabadell-reorganiza-negocios-espana-nombramiento-gonzalez-bueno-ceo-20210318190251.html\" rel=\"nofollow\">Source link <\/a><br \/>\n<!--\/noindex--><\/p>\n","protected":false},"excerpt":{"rendered":"<p>El banco crea tres unidades de negocio en Espa\u00f1a: Particulares, Empresas y Corporativa BARCELONA, 18 Mar. (EUROPA PRESS) &#8211; El consejo de administraci\u00f3n de Banco Sabadell ha formalizado este jueves el nombramiento de C\u00e9sar Gonz\u00e1lez-Bueno como primer ejecutivo del banco, tras aceptar la renuncia de Jaime Guardiola como consejero delegado y una vez recibida las [&hellip;]<\/p>\n","protected":false},"author":2,"featured_media":13933,"comment_status":"open","ping_status":"open","sticky":false,"template":"","format":"standard","meta":{"footnotes":""},"categories":[1],"tags":[],"class_list":["post-13932","post","type-post","status-publish","format-standard","has-post-thumbnail","hentry","category-noticias-financieras"],"yoast_head":"<!-- This site is optimized with the Yoast SEO plugin v27.4 - https:\/\/yoast.com\/product\/yoast-seo-wordpress\/ -->\n<title>Banco Sabadell reorganiza sus negocios en Espa\u00f1a tras el nombramiento de Gonz\u00e1lez-Bueno como CEO - Super News<\/title>\n<meta name=\"robots\" content=\"index, follow, max-snippet:-1, max-image-preview:large, max-video-preview:-1\" \/>\n<link rel=\"canonical\" href=\"https:\/\/super-news.info\/es\/banco-sabadell-reorganiza-sus-negocios-en-espana-tras-el-nombramiento-de-gonzalez-bueno-como-ceo\/\" \/>\n<meta property=\"og:locale\" content=\"en_US\" \/>\n<meta property=\"og:type\" content=\"article\" \/>\n<meta property=\"og:title\" content=\"Banco Sabadell reorganiza sus negocios en Espa\u00f1a tras el nombramiento de Gonz\u00e1lez-Bueno como CEO - Super News\" \/>\n<meta property=\"og:description\" content=\"El banco crea tres unidades de negocio en Espa\u00f1a: Particulares, Empresas y Corporativa BARCELONA, 18 Mar. (EUROPA PRESS) &#8211; El consejo de administraci\u00f3n de Banco Sabadell ha formalizado este jueves el nombramiento de C\u00e9sar Gonz\u00e1lez-Bueno como primer ejecutivo del banco, tras aceptar la renuncia de Jaime Guardiola como consejero delegado y una vez recibida las [&hellip;]\" \/>\n<meta property=\"og:url\" content=\"https:\/\/super-news.info\/es\/banco-sabadell-reorganiza-sus-negocios-en-espana-tras-el-nombramiento-de-gonzalez-bueno-como-ceo\/\" \/>\n<meta property=\"og:site_name\" content=\"Super News\" \/>\n<meta property=\"article:published_time\" content=\"2021-03-19T03:15:29+00:00\" \/>\n<meta property=\"article:modified_time\" content=\"2021-03-19T03:15:31+00:00\" \/>\n<meta property=\"og:image\" content=\"https:\/\/super-news.info\/es\/wp-content\/uploads\/sites\/4\/2021\/03\/Banco-Sabadell-reorganiza-sus-negocios-en-Espana-tras-el-nombramiento.jpg\" \/>\n\t<meta property=\"og:image:width\" content=\"120\" \/>\n\t<meta property=\"og:image:height\" content=\"73\" \/>\n\t<meta property=\"og:image:type\" content=\"image\/jpeg\" \/>\n<meta name=\"author\" content=\"super-news\" \/>\n<meta name=\"twitter:card\" content=\"summary_large_image\" \/>\n<meta name=\"twitter:label1\" content=\"Written by\" \/>\n\t<meta name=\"twitter:data1\" content=\"super-news\" \/>\n\t<meta name=\"twitter:label2\" content=\"Est. reading time\" \/>\n\t<meta name=\"twitter:data2\" content=\"4 minutes\" \/>\n<script type=\"application\/ld+json\" class=\"yoast-schema-graph\">{\"@context\":\"https:\\\/\\\/schema.org\",\"@graph\":[{\"@type\":\"Article\",\"@id\":\"https:\\\/\\\/super-news.info\\\/es\\\/banco-sabadell-reorganiza-sus-negocios-en-espana-tras-el-nombramiento-de-gonzalez-bueno-como-ceo\\\/#article\",\"isPartOf\":{\"@id\":\"https:\\\/\\\/super-news.info\\\/es\\\/banco-sabadell-reorganiza-sus-negocios-en-espana-tras-el-nombramiento-de-gonzalez-bueno-como-ceo\\\/\"},\"author\":{\"name\":\"super-news\",\"@id\":\"https:\\\/\\\/super-news.info\\\/es\\\/#\\\/schema\\\/person\\\/2d4068cb2f39cd10008c2fce578a7356\"},\"headline\":\"Banco Sabadell reorganiza sus negocios en Espa\u00f1a tras el nombramiento de Gonz\u00e1lez-Bueno como CEO\",\"datePublished\":\"2021-03-19T03:15:29+00:00\",\"dateModified\":\"2021-03-19T03:15:31+00:00\",\"mainEntityOfPage\":{\"@id\":\"https:\\\/\\\/super-news.info\\\/es\\\/banco-sabadell-reorganiza-sus-negocios-en-espana-tras-el-nombramiento-de-gonzalez-bueno-como-ceo\\\/\"},\"wordCount\":799,\"commentCount\":0,\"image\":{\"@id\":\"https:\\\/\\\/super-news.info\\\/es\\\/banco-sabadell-reorganiza-sus-negocios-en-espana-tras-el-nombramiento-de-gonzalez-bueno-como-ceo\\\/#primaryimage\"},\"thumbnailUrl\":\"https:\\\/\\\/super-news.info\\\/es\\\/wp-content\\\/uploads\\\/sites\\\/4\\\/2021\\\/03\\\/Banco-Sabadell-reorganiza-sus-negocios-en-Espana-tras-el-nombramiento.jpg\",\"articleSection\":[\"NOTICIAS FINANCIERAS\"],\"inLanguage\":\"en-US\",\"potentialAction\":[{\"@type\":\"CommentAction\",\"name\":\"Comment\",\"target\":[\"https:\\\/\\\/super-news.info\\\/es\\\/banco-sabadell-reorganiza-sus-negocios-en-espana-tras-el-nombramiento-de-gonzalez-bueno-como-ceo\\\/#respond\"]}]},{\"@type\":\"WebPage\",\"@id\":\"https:\\\/\\\/super-news.info\\\/es\\\/banco-sabadell-reorganiza-sus-negocios-en-espana-tras-el-nombramiento-de-gonzalez-bueno-como-ceo\\\/\",\"url\":\"https:\\\/\\\/super-news.info\\\/es\\\/banco-sabadell-reorganiza-sus-negocios-en-espana-tras-el-nombramiento-de-gonzalez-bueno-como-ceo\\\/\",\"name\":\"Banco Sabadell reorganiza sus negocios en Espa\u00f1a tras el nombramiento de Gonz\u00e1lez-Bueno como CEO - Super News\",\"isPartOf\":{\"@id\":\"https:\\\/\\\/super-news.info\\\/es\\\/#website\"},\"primaryImageOfPage\":{\"@id\":\"https:\\\/\\\/super-news.info\\\/es\\\/banco-sabadell-reorganiza-sus-negocios-en-espana-tras-el-nombramiento-de-gonzalez-bueno-como-ceo\\\/#primaryimage\"},\"image\":{\"@id\":\"https:\\\/\\\/super-news.info\\\/es\\\/banco-sabadell-reorganiza-sus-negocios-en-espana-tras-el-nombramiento-de-gonzalez-bueno-como-ceo\\\/#primaryimage\"},\"thumbnailUrl\":\"https:\\\/\\\/super-news.info\\\/es\\\/wp-content\\\/uploads\\\/sites\\\/4\\\/2021\\\/03\\\/Banco-Sabadell-reorganiza-sus-negocios-en-Espana-tras-el-nombramiento.jpg\",\"datePublished\":\"2021-03-19T03:15:29+00:00\",\"dateModified\":\"2021-03-19T03:15:31+00:00\",\"author\":{\"@id\":\"https:\\\/\\\/super-news.info\\\/es\\\/#\\\/schema\\\/person\\\/2d4068cb2f39cd10008c2fce578a7356\"},\"breadcrumb\":{\"@id\":\"https:\\\/\\\/super-news.info\\\/es\\\/banco-sabadell-reorganiza-sus-negocios-en-espana-tras-el-nombramiento-de-gonzalez-bueno-como-ceo\\\/#breadcrumb\"},\"inLanguage\":\"en-US\",\"potentialAction\":[{\"@type\":\"ReadAction\",\"target\":[\"https:\\\/\\\/super-news.info\\\/es\\\/banco-sabadell-reorganiza-sus-negocios-en-espana-tras-el-nombramiento-de-gonzalez-bueno-como-ceo\\\/\"]}]},{\"@type\":\"ImageObject\",\"inLanguage\":\"en-US\",\"@id\":\"https:\\\/\\\/super-news.info\\\/es\\\/banco-sabadell-reorganiza-sus-negocios-en-espana-tras-el-nombramiento-de-gonzalez-bueno-como-ceo\\\/#primaryimage\",\"url\":\"https:\\\/\\\/super-news.info\\\/es\\\/wp-content\\\/uploads\\\/sites\\\/4\\\/2021\\\/03\\\/Banco-Sabadell-reorganiza-sus-negocios-en-Espana-tras-el-nombramiento.jpg\",\"contentUrl\":\"https:\\\/\\\/super-news.info\\\/es\\\/wp-content\\\/uploads\\\/sites\\\/4\\\/2021\\\/03\\\/Banco-Sabadell-reorganiza-sus-negocios-en-Espana-tras-el-nombramiento.jpg\",\"width\":120,\"height\":73,\"caption\":\"Banco Sabadell reorganiza sus negocios en Espa\u00f1a tras el nombramiento de Gonz\u00e1lez-Bueno como CEO\"},{\"@type\":\"BreadcrumbList\",\"@id\":\"https:\\\/\\\/super-news.info\\\/es\\\/banco-sabadell-reorganiza-sus-negocios-en-espana-tras-el-nombramiento-de-gonzalez-bueno-como-ceo\\\/#breadcrumb\",\"itemListElement\":[{\"@type\":\"ListItem\",\"position\":1,\"name\":\"\u0413\u043b\u0430\u0432\u043d\u0430\u044f \u0441\u0442\u0440\u0430\u043d\u0438\u0446\u0430\",\"item\":\"https:\\\/\\\/super-news.info\\\/es\\\/\"},{\"@type\":\"ListItem\",\"position\":2,\"name\":\"Banco Sabadell reorganiza sus negocios en Espa\u00f1a tras el nombramiento de Gonz\u00e1lez-Bueno como CEO\"}]},{\"@type\":\"WebSite\",\"@id\":\"https:\\\/\\\/super-news.info\\\/es\\\/#website\",\"url\":\"https:\\\/\\\/super-news.info\\\/es\\\/\",\"name\":\"Super News\",\"description\":\"Super News Espa\u00f1a\",\"potentialAction\":[{\"@type\":\"SearchAction\",\"target\":{\"@type\":\"EntryPoint\",\"urlTemplate\":\"https:\\\/\\\/super-news.info\\\/es\\\/?s={search_term_string}\"},\"query-input\":{\"@type\":\"PropertyValueSpecification\",\"valueRequired\":true,\"valueName\":\"search_term_string\"}}],\"inLanguage\":\"en-US\"},{\"@type\":\"Person\",\"@id\":\"https:\\\/\\\/super-news.info\\\/es\\\/#\\\/schema\\\/person\\\/2d4068cb2f39cd10008c2fce578a7356\",\"name\":\"super-news\",\"image\":{\"@type\":\"ImageObject\",\"inLanguage\":\"en-US\",\"@id\":\"https:\\\/\\\/secure.gravatar.com\\\/avatar\\\/64ebac40b93f26a154f8a9b5b6fdccfc46f442b26b3dd6756dbff3bf9dc76fd7?s=96&d=mm&r=g\",\"url\":\"https:\\\/\\\/secure.gravatar.com\\\/avatar\\\/64ebac40b93f26a154f8a9b5b6fdccfc46f442b26b3dd6756dbff3bf9dc76fd7?s=96&d=mm&r=g\",\"contentUrl\":\"https:\\\/\\\/secure.gravatar.com\\\/avatar\\\/64ebac40b93f26a154f8a9b5b6fdccfc46f442b26b3dd6756dbff3bf9dc76fd7?s=96&d=mm&r=g\",\"caption\":\"super-news\"},\"url\":\"https:\\\/\\\/super-news.info\\\/es\\\/author\\\/pt\\\/\"}]}<\/script>\n<!-- \/ Yoast SEO plugin. -->","yoast_head_json":{"title":"Banco Sabadell reorganiza sus negocios en Espa\u00f1a tras el nombramiento de Gonz\u00e1lez-Bueno como CEO - Super News","robots":{"index":"index","follow":"follow","max-snippet":"max-snippet:-1","max-image-preview":"max-image-preview:large","max-video-preview":"max-video-preview:-1"},"canonical":"https:\/\/super-news.info\/es\/banco-sabadell-reorganiza-sus-negocios-en-espana-tras-el-nombramiento-de-gonzalez-bueno-como-ceo\/","og_locale":"en_US","og_type":"article","og_title":"Banco Sabadell reorganiza sus negocios en Espa\u00f1a tras el nombramiento de Gonz\u00e1lez-Bueno como CEO - Super News","og_description":"El banco crea tres unidades de negocio en Espa\u00f1a: Particulares, Empresas y Corporativa BARCELONA, 18 Mar. (EUROPA PRESS) &#8211; El consejo de administraci\u00f3n de Banco Sabadell ha formalizado este jueves el nombramiento de C\u00e9sar Gonz\u00e1lez-Bueno como primer ejecutivo del banco, tras aceptar la renuncia de Jaime Guardiola como consejero delegado y una vez recibida las [&hellip;]","og_url":"https:\/\/super-news.info\/es\/banco-sabadell-reorganiza-sus-negocios-en-espana-tras-el-nombramiento-de-gonzalez-bueno-como-ceo\/","og_site_name":"Super News","article_published_time":"2021-03-19T03:15:29+00:00","article_modified_time":"2021-03-19T03:15:31+00:00","og_image":[{"width":120,"height":73,"url":"https:\/\/super-news.info\/es\/wp-content\/uploads\/sites\/4\/2021\/03\/Banco-Sabadell-reorganiza-sus-negocios-en-Espana-tras-el-nombramiento.jpg","type":"image\/jpeg"}],"author":"super-news","twitter_card":"summary_large_image","twitter_misc":{"Written by":"super-news","Est. reading time":"4 minutes"},"schema":{"@context":"https:\/\/schema.org","@graph":[{"@type":"Article","@id":"https:\/\/super-news.info\/es\/banco-sabadell-reorganiza-sus-negocios-en-espana-tras-el-nombramiento-de-gonzalez-bueno-como-ceo\/#article","isPartOf":{"@id":"https:\/\/super-news.info\/es\/banco-sabadell-reorganiza-sus-negocios-en-espana-tras-el-nombramiento-de-gonzalez-bueno-como-ceo\/"},"author":{"name":"super-news","@id":"https:\/\/super-news.info\/es\/#\/schema\/person\/2d4068cb2f39cd10008c2fce578a7356"},"headline":"Banco Sabadell reorganiza sus negocios en Espa\u00f1a tras el nombramiento de Gonz\u00e1lez-Bueno como CEO","datePublished":"2021-03-19T03:15:29+00:00","dateModified":"2021-03-19T03:15:31+00:00","mainEntityOfPage":{"@id":"https:\/\/super-news.info\/es\/banco-sabadell-reorganiza-sus-negocios-en-espana-tras-el-nombramiento-de-gonzalez-bueno-como-ceo\/"},"wordCount":799,"commentCount":0,"image":{"@id":"https:\/\/super-news.info\/es\/banco-sabadell-reorganiza-sus-negocios-en-espana-tras-el-nombramiento-de-gonzalez-bueno-como-ceo\/#primaryimage"},"thumbnailUrl":"https:\/\/super-news.info\/es\/wp-content\/uploads\/sites\/4\/2021\/03\/Banco-Sabadell-reorganiza-sus-negocios-en-Espana-tras-el-nombramiento.jpg","articleSection":["NOTICIAS FINANCIERAS"],"inLanguage":"en-US","potentialAction":[{"@type":"CommentAction","name":"Comment","target":["https:\/\/super-news.info\/es\/banco-sabadell-reorganiza-sus-negocios-en-espana-tras-el-nombramiento-de-gonzalez-bueno-como-ceo\/#respond"]}]},{"@type":"WebPage","@id":"https:\/\/super-news.info\/es\/banco-sabadell-reorganiza-sus-negocios-en-espana-tras-el-nombramiento-de-gonzalez-bueno-como-ceo\/","url":"https:\/\/super-news.info\/es\/banco-sabadell-reorganiza-sus-negocios-en-espana-tras-el-nombramiento-de-gonzalez-bueno-como-ceo\/","name":"Banco Sabadell reorganiza sus negocios en Espa\u00f1a tras el nombramiento de Gonz\u00e1lez-Bueno como CEO - Super News","isPartOf":{"@id":"https:\/\/super-news.info\/es\/#website"},"primaryImageOfPage":{"@id":"https:\/\/super-news.info\/es\/banco-sabadell-reorganiza-sus-negocios-en-espana-tras-el-nombramiento-de-gonzalez-bueno-como-ceo\/#primaryimage"},"image":{"@id":"https:\/\/super-news.info\/es\/banco-sabadell-reorganiza-sus-negocios-en-espana-tras-el-nombramiento-de-gonzalez-bueno-como-ceo\/#primaryimage"},"thumbnailUrl":"https:\/\/super-news.info\/es\/wp-content\/uploads\/sites\/4\/2021\/03\/Banco-Sabadell-reorganiza-sus-negocios-en-Espana-tras-el-nombramiento.jpg","datePublished":"2021-03-19T03:15:29+00:00","dateModified":"2021-03-19T03:15:31+00:00","author":{"@id":"https:\/\/super-news.info\/es\/#\/schema\/person\/2d4068cb2f39cd10008c2fce578a7356"},"breadcrumb":{"@id":"https:\/\/super-news.info\/es\/banco-sabadell-reorganiza-sus-negocios-en-espana-tras-el-nombramiento-de-gonzalez-bueno-como-ceo\/#breadcrumb"},"inLanguage":"en-US","potentialAction":[{"@type":"ReadAction","target":["https:\/\/super-news.info\/es\/banco-sabadell-reorganiza-sus-negocios-en-espana-tras-el-nombramiento-de-gonzalez-bueno-como-ceo\/"]}]},{"@type":"ImageObject","inLanguage":"en-US","@id":"https:\/\/super-news.info\/es\/banco-sabadell-reorganiza-sus-negocios-en-espana-tras-el-nombramiento-de-gonzalez-bueno-como-ceo\/#primaryimage","url":"https:\/\/super-news.info\/es\/wp-content\/uploads\/sites\/4\/2021\/03\/Banco-Sabadell-reorganiza-sus-negocios-en-Espana-tras-el-nombramiento.jpg","contentUrl":"https:\/\/super-news.info\/es\/wp-content\/uploads\/sites\/4\/2021\/03\/Banco-Sabadell-reorganiza-sus-negocios-en-Espana-tras-el-nombramiento.jpg","width":120,"height":73,"caption":"Banco Sabadell reorganiza sus negocios en Espa\u00f1a tras el nombramiento de Gonz\u00e1lez-Bueno como CEO"},{"@type":"BreadcrumbList","@id":"https:\/\/super-news.info\/es\/banco-sabadell-reorganiza-sus-negocios-en-espana-tras-el-nombramiento-de-gonzalez-bueno-como-ceo\/#breadcrumb","itemListElement":[{"@type":"ListItem","position":1,"name":"\u0413\u043b\u0430\u0432\u043d\u0430\u044f \u0441\u0442\u0440\u0430\u043d\u0438\u0446\u0430","item":"https:\/\/super-news.info\/es\/"},{"@type":"ListItem","position":2,"name":"Banco Sabadell reorganiza sus negocios en Espa\u00f1a tras el nombramiento de Gonz\u00e1lez-Bueno como CEO"}]},{"@type":"WebSite","@id":"https:\/\/super-news.info\/es\/#website","url":"https:\/\/super-news.info\/es\/","name":"Super News","description":"Super News Espa\u00f1a","potentialAction":[{"@type":"SearchAction","target":{"@type":"EntryPoint","urlTemplate":"https:\/\/super-news.info\/es\/?s={search_term_string}"},"query-input":{"@type":"PropertyValueSpecification","valueRequired":true,"valueName":"search_term_string"}}],"inLanguage":"en-US"},{"@type":"Person","@id":"https:\/\/super-news.info\/es\/#\/schema\/person\/2d4068cb2f39cd10008c2fce578a7356","name":"super-news","image":{"@type":"ImageObject","inLanguage":"en-US","@id":"https:\/\/secure.gravatar.com\/avatar\/64ebac40b93f26a154f8a9b5b6fdccfc46f442b26b3dd6756dbff3bf9dc76fd7?s=96&d=mm&r=g","url":"https:\/\/secure.gravatar.com\/avatar\/64ebac40b93f26a154f8a9b5b6fdccfc46f442b26b3dd6756dbff3bf9dc76fd7?s=96&d=mm&r=g","contentUrl":"https:\/\/secure.gravatar.com\/avatar\/64ebac40b93f26a154f8a9b5b6fdccfc46f442b26b3dd6756dbff3bf9dc76fd7?s=96&d=mm&r=g","caption":"super-news"},"url":"https:\/\/super-news.info\/es\/author\/pt\/"}]}},"_links":{"self":[{"href":"https:\/\/super-news.info\/es\/wp-json\/wp\/v2\/posts\/13932","targetHints":{"allow":["GET"]}}],"collection":[{"href":"https:\/\/super-news.info\/es\/wp-json\/wp\/v2\/posts"}],"about":[{"href":"https:\/\/super-news.info\/es\/wp-json\/wp\/v2\/types\/post"}],"author":[{"embeddable":true,"href":"https:\/\/super-news.info\/es\/wp-json\/wp\/v2\/users\/2"}],"replies":[{"embeddable":true,"href":"https:\/\/super-news.info\/es\/wp-json\/wp\/v2\/comments?post=13932"}],"version-history":[{"count":1,"href":"https:\/\/super-news.info\/es\/wp-json\/wp\/v2\/posts\/13932\/revisions"}],"predecessor-version":[{"id":13934,"href":"https:\/\/super-news.info\/es\/wp-json\/wp\/v2\/posts\/13932\/revisions\/13934"}],"wp:featuredmedia":[{"embeddable":true,"href":"https:\/\/super-news.info\/es\/wp-json\/wp\/v2\/media\/13933"}],"wp:attachment":[{"href":"https:\/\/super-news.info\/es\/wp-json\/wp\/v2\/media?parent=13932"}],"wp:term":[{"taxonomy":"category","embeddable":true,"href":"https:\/\/super-news.info\/es\/wp-json\/wp\/v2\/categories?post=13932"},{"taxonomy":"post_tag","embeddable":true,"href":"https:\/\/super-news.info\/es\/wp-json\/wp\/v2\/tags?post=13932"}],"curies":[{"name":"wp","href":"https:\/\/api.w.org\/{rel}","templated":true}]}}