{"id":13902,"date":"2021-03-16T18:04:17","date_gmt":"2021-03-16T15:04:17","guid":{"rendered":"https:\/\/super-news.info\/es\/el-plan-de-recuperacion-de-espana-esta-recibiendo-valoraciones-muy-positivas-de-bruselas-segun-hacienda\/"},"modified":"2021-03-16T18:04:19","modified_gmt":"2021-03-16T15:04:19","slug":"el-plan-de-recuperacion-de-espana-esta-recibiendo-valoraciones-muy-positivas-de-bruselas-segun-hacienda","status":"publish","type":"post","link":"https:\/\/super-news.info\/es\/el-plan-de-recuperacion-de-espana-esta-recibiendo-valoraciones-muy-positivas-de-bruselas-segun-hacienda\/","title":{"rendered":"El plan de recuperaci\u00f3n de Espa\u00f1a est\u00e1 recibiendo valoraciones &#8220;muy positivas&#8221; de Bruselas, seg\u00fan Hacienda"},"content":{"rendered":"<p>\nRecalca que el gasto corriente en vacunas est\u00e1 &#8220;plenamente justificado&#8221;<br \/>\n   MADRID, 16 Mar. (EUROPA PRESS) &#8211;<br \/>\n   La directora general de Fondos Europeos del Ministerio de Hacienda, Esperanza Teba Sambl\u00e1s, ha anticipado que el plan de recuperaci\u00f3n y resiliencia de Espa\u00f1a para utilizar los fondos europeos est\u00e1 recibiendo, por ahora, una valoraci\u00f3n &#8220;muy positiva&#8221; por parte de la Comisi\u00f3n europea (CE).<br \/>\n   La ministra de Asuntos Econ\u00f3micos y Transformaci\u00f3n Digital, Nadia Calvi\u00f1\u00f3, ya anticip\u00f3 la semana pasada que el Ejecutivo contin\u00faa con su intenci\u00f3n de presentar el Plan de Recuperaci\u00f3n de forma oficial ante la Comisi\u00f3n Europea antes de que finalice el primer trimestre del a\u00f1o.<br \/>\n   As\u00ed, a falta de pocos d\u00edas y seg\u00fan intercambios informales mantenidos con la CE, la directora de los fondos en Espa\u00f1a ha se\u00f1alado durante el seminario &#8216;Europa tras el Covid-19, \u00bfC\u00f3mo se reparten los fondos europeos?&#8217;, organizado por la oficina del Parlamento Europeo en Espa\u00f1a, que el plan ya cuenta con una valoraciones &#8220;muy positivas&#8221;.<br \/>\n   Esta afirmaci\u00f3n est\u00e1 en l\u00ednea con lo asegurado por el eurodiputado de Los Verdes, Ernest Urtasun, (Catalunya en Com\u00fa), durante su intervenci\u00f3n en el seminario, quien ha apuntado que el plan es &#8220;el m\u00e1s avanzado en estos momentos&#8221;.<br \/>\n   A Espa\u00f1a le corresponden 140.000 millones de euros del Fondo de Recuperaci\u00f3n de la Uni\u00f3n Europea, de los que casi 70.000 millones se desembolsar\u00e1n en forma de transferencias a fondo perdido, mientras que el resto podr\u00eda solicitarlos en forma de pr\u00e9stamos.<br \/>\n   En cuanto a los primeros anticipos que recibir\u00e1 Espa\u00f1a, la directora general ha recordado que se prev\u00e9 percibir el 13% de sus fondos del Mecanismo de Recuperaci\u00f3n y Resiliencia, unos 9.000 millones de euros, una cantidad que el secretario general de Asuntos Econ\u00f3micos y G20, Manuel de la Rocha, ya ha dicho que podr\u00eda llegar en &#8220;junio o julio&#8221;. En el caso del fondo React EU, el anticipo ser\u00e1 del 11%.<br \/>\n   As\u00ed, en 2021 Espa\u00f1a recibir\u00e1 esta cantidad del anticipo de forma segura pero no se sabe cu\u00e1nto m\u00e1s podr\u00e1 llegar a ser, ya que depender\u00e1 tambi\u00e9n del gasto que certifique el Ejecutivo o los objetivos que se hayan cumplido.<br \/>\n   Teba ha recordado que la Conferencia Sectorial general con las comunidades aut\u00f3nomas sobre el fondo ya se ha creado y reunido, por lo que ahora las comunidades aut\u00f3nomas est\u00e1n manteniendo reuniones sectoriales espec\u00edficas con los ministerios competentes para debatir la distribuci\u00f3n de los fondos.<br \/>\n   &#8220;Si nos esforzamos todos, tanto la Administraci\u00f3n Central, como las territoriales y corporaciones locales podemos realmente ser un ejemplo para toda Europa y demostrado que lo hemos conseguido y podemos salir adelante&#8221;, ha se\u00f1alado.<br \/>\n   En este sentido, la directora ve &#8220;fundamental&#8221; la aceleraci\u00f3n del proceso de vacunaci\u00f3n para reactivar la econom\u00eda, por lo que asegura que el gasto corriente en vacunas est\u00e1 &#8220;plenamente justificado&#8221;.<br \/>\n   Durante el seminario, el exministro de Exteriores y actual eurodiputado del PP, Jos\u00e9 Manuel Garc\u00eda-Margallo, ha insistido en el tema de la condicionalidad de cumplimiento para recibir los fondos. En este sentido, ha destacado que, a parte de los requisitos que definen un estado de derecho, el Gobierno espa\u00f1ol debe considerar reformas como la sostenibilidad de las pensiones y refuerzo del marco presupuestario.<br \/>\n   Adem\u00e1s, ha recordado que el Ejecutivo deber reforzar, entre otras cuestiones la contrataci\u00f3n indefinida, ayudas al desempleo, luchas abandono escolar, ley de garant\u00eda de marca.<br \/>\n   Por su parte, el l\u00edder de Ciudadanos en el Parlamento Europeo, Luis Garicano, ha advertido de que Espa\u00f1a tiene hist\u00f3ricamente un problema &#8220;muy grave&#8221; de ejecuci\u00f3n, al tiempo que ha alertado de los mecanismos de control aprobados por el Gobierno con la intenci\u00f3n de agilizar el reparto de fondos.<br \/>\nCR\u00cdTICAS A LA FALTA DE INFORMACI\u00d3N<br \/>\n   Garicano ha criticado la creaci\u00f3n de un consocio p\u00fablico-privado, con Seat-Volkswagen e Iberdrola, abierto a otros socios, para poner en marcha la primera f\u00e1brica de bater\u00edas para veh\u00edculos el\u00e9ctricos en Espa\u00f1a. Este consorcio formar\u00e1 parte del primero de los Proyectos Estrat\u00e9gicos para la Recuperaci\u00f3n y Transformaci\u00f3n Econ\u00f3mica (PERTE) que tiene como objetivo &#8220;la transici\u00f3n hacia el veh\u00edculo el\u00e9ctrico y conectado&#8221;.<br \/>\n   El eurodiputado ha criticado la falta de transparencia de este proceso, sin especificarse una convocatoria o la posibilidad de acceder a la misma ventaja a otras empresas del sector. &#8220;El proceso sucede porque algunos tienen acceso a gobiernos y n\u00fameros de tel\u00e9fono de cargos p\u00fablicos. No me gusta y no me parece que sea de un pa\u00eds moderno&#8221;, ha recalcado.<br \/>\n   En este punto, Urtasun ha replicado a Garicano que &#8220;no es justo&#8221; decir que el Gobierno &#8220;va a dar dinero a dedo&#8221;, aunque coincide en que hay &#8220;falta de informaci\u00f3n&#8221; por parte de algunas administraciones.<br \/>\nADVERTENCIAS SOBRE EL &#8220;L\u00cdO&#8221; POL\u00cdTICO EN ESPA\u00d1A<br \/>\n   Algunos de los eurodiputados han advertido del impacto de los consecutivos acontecimientos pol\u00edticos que dan sensaci\u00f3n de &#8220;inestabilidad&#8221; y que afecta a &#8220;c\u00f3mo funciona Espa\u00f1a&#8221; y las divisiones que hay dentro de la sociedad.<br \/>\n   Sobre esta cuesti\u00f3n, Garicano ha se\u00f1alado que el dinero de los fondos no peligra, pero que con una situaci\u00f3n as\u00ed y una sociedad dividida, no se a conseguir gastar el dinero bien, al tiempo que ha criticado que &#8220;algunos&#8221; no se han dado cuenta de que la Guerra Civil termin\u00f3 hace casi 100 a\u00f1os.<br \/>\n   &#8220;El l\u00edo pol\u00edtico afecta c\u00f3mo nos ven fuera&#8221;, ha lamentado el exministro Garc\u00eda Margallo, una opini\u00f3n que no comparte Urtasun, quien asegura que Espa\u00f1a no supone un problema para Europa en cuanto a inestabilidad pol\u00edtica, como ocurre con Italia o Europa del Sur.<br \/>\n<br \/>\n<!--noindex--><br \/>\n<a href=\"https:\/\/www.europapress.es\/economia\/noticia-plan-recuperacion-espana-recibiendo-valoraciones-muy-positivas-bruselas-hacienda-20210316141427.html\" rel=\"nofollow\">Source link <\/a><br \/>\n<!--\/noindex--><\/p>\n","protected":false},"excerpt":{"rendered":"<p>Recalca que el gasto corriente en vacunas est\u00e1 &#8220;plenamente justificado&#8221; MADRID, 16 Mar. (EUROPA PRESS) &#8211; La directora general de Fondos Europeos del Ministerio de Hacienda, Esperanza Teba Sambl\u00e1s, ha anticipado que el plan de recuperaci\u00f3n y resiliencia de Espa\u00f1a para utilizar los fondos europeos est\u00e1 recibiendo, por ahora, una valoraci\u00f3n &#8220;muy positiva&#8221; por parte [&hellip;]<\/p>\n","protected":false},"author":2,"featured_media":13903,"comment_status":"open","ping_status":"open","sticky":false,"template":"","format":"standard","meta":{"footnotes":""},"categories":[1],"tags":[],"class_list":["post-13902","post","type-post","status-publish","format-standard","has-post-thumbnail","hentry","category-noticias-financieras"],"yoast_head":"<!-- This site is optimized with the Yoast SEO plugin v27.4 - https:\/\/yoast.com\/product\/yoast-seo-wordpress\/ -->\n<title>El plan de recuperaci\u00f3n de Espa\u00f1a est\u00e1 recibiendo valoraciones &quot;muy positivas&quot; de Bruselas, seg\u00fan Hacienda - Super News<\/title>\n<meta name=\"robots\" content=\"index, follow, max-snippet:-1, max-image-preview:large, max-video-preview:-1\" \/>\n<link rel=\"canonical\" href=\"https:\/\/super-news.info\/es\/el-plan-de-recuperacion-de-espana-esta-recibiendo-valoraciones-muy-positivas-de-bruselas-segun-hacienda\/\" \/>\n<meta property=\"og:locale\" content=\"en_US\" \/>\n<meta property=\"og:type\" content=\"article\" \/>\n<meta property=\"og:title\" content=\"El plan de recuperaci\u00f3n de Espa\u00f1a est\u00e1 recibiendo valoraciones &quot;muy positivas&quot; de Bruselas, seg\u00fan Hacienda - Super News\" \/>\n<meta property=\"og:description\" content=\"Recalca que el gasto corriente en vacunas est\u00e1 &#8220;plenamente justificado&#8221; MADRID, 16 Mar. (EUROPA PRESS) &#8211; La directora general de Fondos Europeos del Ministerio de Hacienda, Esperanza Teba Sambl\u00e1s, ha anticipado que el plan de recuperaci\u00f3n y resiliencia de Espa\u00f1a para utilizar los fondos europeos est\u00e1 recibiendo, por ahora, una valoraci\u00f3n &#8220;muy positiva&#8221; por parte [&hellip;]\" \/>\n<meta property=\"og:url\" content=\"https:\/\/super-news.info\/es\/el-plan-de-recuperacion-de-espana-esta-recibiendo-valoraciones-muy-positivas-de-bruselas-segun-hacienda\/\" \/>\n<meta property=\"og:site_name\" content=\"Super News\" \/>\n<meta property=\"article:published_time\" content=\"2021-03-16T15:04:17+00:00\" \/>\n<meta property=\"article:modified_time\" content=\"2021-03-16T15:04:19+00:00\" \/>\n<meta property=\"og:image\" content=\"https:\/\/super-news.info\/es\/wp-content\/uploads\/sites\/4\/2021\/03\/El-plan-de-recuperacion-de-Espana-esta-recibiendo-valoraciones-muy.jpg\" \/>\n\t<meta property=\"og:image:width\" content=\"120\" \/>\n\t<meta property=\"og:image:height\" content=\"67\" \/>\n\t<meta property=\"og:image:type\" content=\"image\/jpeg\" \/>\n<meta name=\"author\" content=\"super-news\" \/>\n<meta name=\"twitter:card\" content=\"summary_large_image\" \/>\n<meta name=\"twitter:label1\" content=\"Written by\" \/>\n\t<meta name=\"twitter:data1\" content=\"super-news\" \/>\n\t<meta name=\"twitter:label2\" content=\"Est. reading time\" \/>\n\t<meta name=\"twitter:data2\" content=\"5 minutes\" \/>\n<script type=\"application\/ld+json\" class=\"yoast-schema-graph\">{\"@context\":\"https:\\\/\\\/schema.org\",\"@graph\":[{\"@type\":\"Article\",\"@id\":\"https:\\\/\\\/super-news.info\\\/es\\\/el-plan-de-recuperacion-de-espana-esta-recibiendo-valoraciones-muy-positivas-de-bruselas-segun-hacienda\\\/#article\",\"isPartOf\":{\"@id\":\"https:\\\/\\\/super-news.info\\\/es\\\/el-plan-de-recuperacion-de-espana-esta-recibiendo-valoraciones-muy-positivas-de-bruselas-segun-hacienda\\\/\"},\"author\":{\"name\":\"super-news\",\"@id\":\"https:\\\/\\\/super-news.info\\\/es\\\/#\\\/schema\\\/person\\\/2d4068cb2f39cd10008c2fce578a7356\"},\"headline\":\"El plan de recuperaci\u00f3n de Espa\u00f1a est\u00e1 recibiendo valoraciones &#8220;muy positivas&#8221; de Bruselas, seg\u00fan Hacienda\",\"datePublished\":\"2021-03-16T15:04:17+00:00\",\"dateModified\":\"2021-03-16T15:04:19+00:00\",\"mainEntityOfPage\":{\"@id\":\"https:\\\/\\\/super-news.info\\\/es\\\/el-plan-de-recuperacion-de-espana-esta-recibiendo-valoraciones-muy-positivas-de-bruselas-segun-hacienda\\\/\"},\"wordCount\":999,\"commentCount\":0,\"image\":{\"@id\":\"https:\\\/\\\/super-news.info\\\/es\\\/el-plan-de-recuperacion-de-espana-esta-recibiendo-valoraciones-muy-positivas-de-bruselas-segun-hacienda\\\/#primaryimage\"},\"thumbnailUrl\":\"https:\\\/\\\/super-news.info\\\/es\\\/wp-content\\\/uploads\\\/sites\\\/4\\\/2021\\\/03\\\/El-plan-de-recuperacion-de-Espana-esta-recibiendo-valoraciones-muy.jpg\",\"articleSection\":[\"NOTICIAS FINANCIERAS\"],\"inLanguage\":\"en-US\",\"potentialAction\":[{\"@type\":\"CommentAction\",\"name\":\"Comment\",\"target\":[\"https:\\\/\\\/super-news.info\\\/es\\\/el-plan-de-recuperacion-de-espana-esta-recibiendo-valoraciones-muy-positivas-de-bruselas-segun-hacienda\\\/#respond\"]}]},{\"@type\":\"WebPage\",\"@id\":\"https:\\\/\\\/super-news.info\\\/es\\\/el-plan-de-recuperacion-de-espana-esta-recibiendo-valoraciones-muy-positivas-de-bruselas-segun-hacienda\\\/\",\"url\":\"https:\\\/\\\/super-news.info\\\/es\\\/el-plan-de-recuperacion-de-espana-esta-recibiendo-valoraciones-muy-positivas-de-bruselas-segun-hacienda\\\/\",\"name\":\"El plan de recuperaci\u00f3n de Espa\u00f1a est\u00e1 recibiendo valoraciones \\\"muy positivas\\\" de Bruselas, seg\u00fan Hacienda - Super News\",\"isPartOf\":{\"@id\":\"https:\\\/\\\/super-news.info\\\/es\\\/#website\"},\"primaryImageOfPage\":{\"@id\":\"https:\\\/\\\/super-news.info\\\/es\\\/el-plan-de-recuperacion-de-espana-esta-recibiendo-valoraciones-muy-positivas-de-bruselas-segun-hacienda\\\/#primaryimage\"},\"image\":{\"@id\":\"https:\\\/\\\/super-news.info\\\/es\\\/el-plan-de-recuperacion-de-espana-esta-recibiendo-valoraciones-muy-positivas-de-bruselas-segun-hacienda\\\/#primaryimage\"},\"thumbnailUrl\":\"https:\\\/\\\/super-news.info\\\/es\\\/wp-content\\\/uploads\\\/sites\\\/4\\\/2021\\\/03\\\/El-plan-de-recuperacion-de-Espana-esta-recibiendo-valoraciones-muy.jpg\",\"datePublished\":\"2021-03-16T15:04:17+00:00\",\"dateModified\":\"2021-03-16T15:04:19+00:00\",\"author\":{\"@id\":\"https:\\\/\\\/super-news.info\\\/es\\\/#\\\/schema\\\/person\\\/2d4068cb2f39cd10008c2fce578a7356\"},\"breadcrumb\":{\"@id\":\"https:\\\/\\\/super-news.info\\\/es\\\/el-plan-de-recuperacion-de-espana-esta-recibiendo-valoraciones-muy-positivas-de-bruselas-segun-hacienda\\\/#breadcrumb\"},\"inLanguage\":\"en-US\",\"potentialAction\":[{\"@type\":\"ReadAction\",\"target\":[\"https:\\\/\\\/super-news.info\\\/es\\\/el-plan-de-recuperacion-de-espana-esta-recibiendo-valoraciones-muy-positivas-de-bruselas-segun-hacienda\\\/\"]}]},{\"@type\":\"ImageObject\",\"inLanguage\":\"en-US\",\"@id\":\"https:\\\/\\\/super-news.info\\\/es\\\/el-plan-de-recuperacion-de-espana-esta-recibiendo-valoraciones-muy-positivas-de-bruselas-segun-hacienda\\\/#primaryimage\",\"url\":\"https:\\\/\\\/super-news.info\\\/es\\\/wp-content\\\/uploads\\\/sites\\\/4\\\/2021\\\/03\\\/El-plan-de-recuperacion-de-Espana-esta-recibiendo-valoraciones-muy.jpg\",\"contentUrl\":\"https:\\\/\\\/super-news.info\\\/es\\\/wp-content\\\/uploads\\\/sites\\\/4\\\/2021\\\/03\\\/El-plan-de-recuperacion-de-Espana-esta-recibiendo-valoraciones-muy.jpg\",\"width\":120,\"height\":67,\"caption\":\"El plan de recuperaci\u00f3n de Espa\u00f1a est\u00e1 recibiendo valoraciones \\\"muy positivas\\\" de Bruselas, seg\u00fan Hacienda\"},{\"@type\":\"BreadcrumbList\",\"@id\":\"https:\\\/\\\/super-news.info\\\/es\\\/el-plan-de-recuperacion-de-espana-esta-recibiendo-valoraciones-muy-positivas-de-bruselas-segun-hacienda\\\/#breadcrumb\",\"itemListElement\":[{\"@type\":\"ListItem\",\"position\":1,\"name\":\"\u0413\u043b\u0430\u0432\u043d\u0430\u044f \u0441\u0442\u0440\u0430\u043d\u0438\u0446\u0430\",\"item\":\"https:\\\/\\\/super-news.info\\\/es\\\/\"},{\"@type\":\"ListItem\",\"position\":2,\"name\":\"El plan de recuperaci\u00f3n de Espa\u00f1a est\u00e1 recibiendo valoraciones &#8220;muy positivas&#8221; de Bruselas, seg\u00fan Hacienda\"}]},{\"@type\":\"WebSite\",\"@id\":\"https:\\\/\\\/super-news.info\\\/es\\\/#website\",\"url\":\"https:\\\/\\\/super-news.info\\\/es\\\/\",\"name\":\"Super News\",\"description\":\"Super News Espa\u00f1a\",\"potentialAction\":[{\"@type\":\"SearchAction\",\"target\":{\"@type\":\"EntryPoint\",\"urlTemplate\":\"https:\\\/\\\/super-news.info\\\/es\\\/?s={search_term_string}\"},\"query-input\":{\"@type\":\"PropertyValueSpecification\",\"valueRequired\":true,\"valueName\":\"search_term_string\"}}],\"inLanguage\":\"en-US\"},{\"@type\":\"Person\",\"@id\":\"https:\\\/\\\/super-news.info\\\/es\\\/#\\\/schema\\\/person\\\/2d4068cb2f39cd10008c2fce578a7356\",\"name\":\"super-news\",\"image\":{\"@type\":\"ImageObject\",\"inLanguage\":\"en-US\",\"@id\":\"https:\\\/\\\/secure.gravatar.com\\\/avatar\\\/64ebac40b93f26a154f8a9b5b6fdccfc46f442b26b3dd6756dbff3bf9dc76fd7?s=96&d=mm&r=g\",\"url\":\"https:\\\/\\\/secure.gravatar.com\\\/avatar\\\/64ebac40b93f26a154f8a9b5b6fdccfc46f442b26b3dd6756dbff3bf9dc76fd7?s=96&d=mm&r=g\",\"contentUrl\":\"https:\\\/\\\/secure.gravatar.com\\\/avatar\\\/64ebac40b93f26a154f8a9b5b6fdccfc46f442b26b3dd6756dbff3bf9dc76fd7?s=96&d=mm&r=g\",\"caption\":\"super-news\"},\"url\":\"https:\\\/\\\/super-news.info\\\/es\\\/author\\\/pt\\\/\"}]}<\/script>\n<!-- \/ Yoast SEO plugin. -->","yoast_head_json":{"title":"El plan de recuperaci\u00f3n de Espa\u00f1a est\u00e1 recibiendo valoraciones \"muy positivas\" de Bruselas, seg\u00fan Hacienda - Super News","robots":{"index":"index","follow":"follow","max-snippet":"max-snippet:-1","max-image-preview":"max-image-preview:large","max-video-preview":"max-video-preview:-1"},"canonical":"https:\/\/super-news.info\/es\/el-plan-de-recuperacion-de-espana-esta-recibiendo-valoraciones-muy-positivas-de-bruselas-segun-hacienda\/","og_locale":"en_US","og_type":"article","og_title":"El plan de recuperaci\u00f3n de Espa\u00f1a est\u00e1 recibiendo valoraciones \"muy positivas\" de Bruselas, seg\u00fan Hacienda - Super News","og_description":"Recalca que el gasto corriente en vacunas est\u00e1 &#8220;plenamente justificado&#8221; MADRID, 16 Mar. (EUROPA PRESS) &#8211; La directora general de Fondos Europeos del Ministerio de Hacienda, Esperanza Teba Sambl\u00e1s, ha anticipado que el plan de recuperaci\u00f3n y resiliencia de Espa\u00f1a para utilizar los fondos europeos est\u00e1 recibiendo, por ahora, una valoraci\u00f3n &#8220;muy positiva&#8221; por parte [&hellip;]","og_url":"https:\/\/super-news.info\/es\/el-plan-de-recuperacion-de-espana-esta-recibiendo-valoraciones-muy-positivas-de-bruselas-segun-hacienda\/","og_site_name":"Super News","article_published_time":"2021-03-16T15:04:17+00:00","article_modified_time":"2021-03-16T15:04:19+00:00","og_image":[{"width":120,"height":67,"url":"https:\/\/super-news.info\/es\/wp-content\/uploads\/sites\/4\/2021\/03\/El-plan-de-recuperacion-de-Espana-esta-recibiendo-valoraciones-muy.jpg","type":"image\/jpeg"}],"author":"super-news","twitter_card":"summary_large_image","twitter_misc":{"Written by":"super-news","Est. reading time":"5 minutes"},"schema":{"@context":"https:\/\/schema.org","@graph":[{"@type":"Article","@id":"https:\/\/super-news.info\/es\/el-plan-de-recuperacion-de-espana-esta-recibiendo-valoraciones-muy-positivas-de-bruselas-segun-hacienda\/#article","isPartOf":{"@id":"https:\/\/super-news.info\/es\/el-plan-de-recuperacion-de-espana-esta-recibiendo-valoraciones-muy-positivas-de-bruselas-segun-hacienda\/"},"author":{"name":"super-news","@id":"https:\/\/super-news.info\/es\/#\/schema\/person\/2d4068cb2f39cd10008c2fce578a7356"},"headline":"El plan de recuperaci\u00f3n de Espa\u00f1a est\u00e1 recibiendo valoraciones &#8220;muy positivas&#8221; de Bruselas, seg\u00fan Hacienda","datePublished":"2021-03-16T15:04:17+00:00","dateModified":"2021-03-16T15:04:19+00:00","mainEntityOfPage":{"@id":"https:\/\/super-news.info\/es\/el-plan-de-recuperacion-de-espana-esta-recibiendo-valoraciones-muy-positivas-de-bruselas-segun-hacienda\/"},"wordCount":999,"commentCount":0,"image":{"@id":"https:\/\/super-news.info\/es\/el-plan-de-recuperacion-de-espana-esta-recibiendo-valoraciones-muy-positivas-de-bruselas-segun-hacienda\/#primaryimage"},"thumbnailUrl":"https:\/\/super-news.info\/es\/wp-content\/uploads\/sites\/4\/2021\/03\/El-plan-de-recuperacion-de-Espana-esta-recibiendo-valoraciones-muy.jpg","articleSection":["NOTICIAS FINANCIERAS"],"inLanguage":"en-US","potentialAction":[{"@type":"CommentAction","name":"Comment","target":["https:\/\/super-news.info\/es\/el-plan-de-recuperacion-de-espana-esta-recibiendo-valoraciones-muy-positivas-de-bruselas-segun-hacienda\/#respond"]}]},{"@type":"WebPage","@id":"https:\/\/super-news.info\/es\/el-plan-de-recuperacion-de-espana-esta-recibiendo-valoraciones-muy-positivas-de-bruselas-segun-hacienda\/","url":"https:\/\/super-news.info\/es\/el-plan-de-recuperacion-de-espana-esta-recibiendo-valoraciones-muy-positivas-de-bruselas-segun-hacienda\/","name":"El plan de recuperaci\u00f3n de Espa\u00f1a est\u00e1 recibiendo valoraciones \"muy positivas\" de Bruselas, seg\u00fan Hacienda - Super News","isPartOf":{"@id":"https:\/\/super-news.info\/es\/#website"},"primaryImageOfPage":{"@id":"https:\/\/super-news.info\/es\/el-plan-de-recuperacion-de-espana-esta-recibiendo-valoraciones-muy-positivas-de-bruselas-segun-hacienda\/#primaryimage"},"image":{"@id":"https:\/\/super-news.info\/es\/el-plan-de-recuperacion-de-espana-esta-recibiendo-valoraciones-muy-positivas-de-bruselas-segun-hacienda\/#primaryimage"},"thumbnailUrl":"https:\/\/super-news.info\/es\/wp-content\/uploads\/sites\/4\/2021\/03\/El-plan-de-recuperacion-de-Espana-esta-recibiendo-valoraciones-muy.jpg","datePublished":"2021-03-16T15:04:17+00:00","dateModified":"2021-03-16T15:04:19+00:00","author":{"@id":"https:\/\/super-news.info\/es\/#\/schema\/person\/2d4068cb2f39cd10008c2fce578a7356"},"breadcrumb":{"@id":"https:\/\/super-news.info\/es\/el-plan-de-recuperacion-de-espana-esta-recibiendo-valoraciones-muy-positivas-de-bruselas-segun-hacienda\/#breadcrumb"},"inLanguage":"en-US","potentialAction":[{"@type":"ReadAction","target":["https:\/\/super-news.info\/es\/el-plan-de-recuperacion-de-espana-esta-recibiendo-valoraciones-muy-positivas-de-bruselas-segun-hacienda\/"]}]},{"@type":"ImageObject","inLanguage":"en-US","@id":"https:\/\/super-news.info\/es\/el-plan-de-recuperacion-de-espana-esta-recibiendo-valoraciones-muy-positivas-de-bruselas-segun-hacienda\/#primaryimage","url":"https:\/\/super-news.info\/es\/wp-content\/uploads\/sites\/4\/2021\/03\/El-plan-de-recuperacion-de-Espana-esta-recibiendo-valoraciones-muy.jpg","contentUrl":"https:\/\/super-news.info\/es\/wp-content\/uploads\/sites\/4\/2021\/03\/El-plan-de-recuperacion-de-Espana-esta-recibiendo-valoraciones-muy.jpg","width":120,"height":67,"caption":"El plan de recuperaci\u00f3n de Espa\u00f1a est\u00e1 recibiendo valoraciones \"muy positivas\" de Bruselas, seg\u00fan Hacienda"},{"@type":"BreadcrumbList","@id":"https:\/\/super-news.info\/es\/el-plan-de-recuperacion-de-espana-esta-recibiendo-valoraciones-muy-positivas-de-bruselas-segun-hacienda\/#breadcrumb","itemListElement":[{"@type":"ListItem","position":1,"name":"\u0413\u043b\u0430\u0432\u043d\u0430\u044f \u0441\u0442\u0440\u0430\u043d\u0438\u0446\u0430","item":"https:\/\/super-news.info\/es\/"},{"@type":"ListItem","position":2,"name":"El plan de recuperaci\u00f3n de Espa\u00f1a est\u00e1 recibiendo valoraciones &#8220;muy positivas&#8221; de Bruselas, seg\u00fan Hacienda"}]},{"@type":"WebSite","@id":"https:\/\/super-news.info\/es\/#website","url":"https:\/\/super-news.info\/es\/","name":"Super News","description":"Super News Espa\u00f1a","potentialAction":[{"@type":"SearchAction","target":{"@type":"EntryPoint","urlTemplate":"https:\/\/super-news.info\/es\/?s={search_term_string}"},"query-input":{"@type":"PropertyValueSpecification","valueRequired":true,"valueName":"search_term_string"}}],"inLanguage":"en-US"},{"@type":"Person","@id":"https:\/\/super-news.info\/es\/#\/schema\/person\/2d4068cb2f39cd10008c2fce578a7356","name":"super-news","image":{"@type":"ImageObject","inLanguage":"en-US","@id":"https:\/\/secure.gravatar.com\/avatar\/64ebac40b93f26a154f8a9b5b6fdccfc46f442b26b3dd6756dbff3bf9dc76fd7?s=96&d=mm&r=g","url":"https:\/\/secure.gravatar.com\/avatar\/64ebac40b93f26a154f8a9b5b6fdccfc46f442b26b3dd6756dbff3bf9dc76fd7?s=96&d=mm&r=g","contentUrl":"https:\/\/secure.gravatar.com\/avatar\/64ebac40b93f26a154f8a9b5b6fdccfc46f442b26b3dd6756dbff3bf9dc76fd7?s=96&d=mm&r=g","caption":"super-news"},"url":"https:\/\/super-news.info\/es\/author\/pt\/"}]}},"_links":{"self":[{"href":"https:\/\/super-news.info\/es\/wp-json\/wp\/v2\/posts\/13902","targetHints":{"allow":["GET"]}}],"collection":[{"href":"https:\/\/super-news.info\/es\/wp-json\/wp\/v2\/posts"}],"about":[{"href":"https:\/\/super-news.info\/es\/wp-json\/wp\/v2\/types\/post"}],"author":[{"embeddable":true,"href":"https:\/\/super-news.info\/es\/wp-json\/wp\/v2\/users\/2"}],"replies":[{"embeddable":true,"href":"https:\/\/super-news.info\/es\/wp-json\/wp\/v2\/comments?post=13902"}],"version-history":[{"count":1,"href":"https:\/\/super-news.info\/es\/wp-json\/wp\/v2\/posts\/13902\/revisions"}],"predecessor-version":[{"id":13904,"href":"https:\/\/super-news.info\/es\/wp-json\/wp\/v2\/posts\/13902\/revisions\/13904"}],"wp:featuredmedia":[{"embeddable":true,"href":"https:\/\/super-news.info\/es\/wp-json\/wp\/v2\/media\/13903"}],"wp:attachment":[{"href":"https:\/\/super-news.info\/es\/wp-json\/wp\/v2\/media?parent=13902"}],"wp:term":[{"taxonomy":"category","embeddable":true,"href":"https:\/\/super-news.info\/es\/wp-json\/wp\/v2\/categories?post=13902"},{"taxonomy":"post_tag","embeddable":true,"href":"https:\/\/super-news.info\/es\/wp-json\/wp\/v2\/tags?post=13902"}],"curies":[{"name":"wp","href":"https:\/\/api.w.org\/{rel}","templated":true}]}}