{"id":13896,"date":"2021-03-16T06:03:34","date_gmt":"2021-03-16T03:03:34","guid":{"rendered":"https:\/\/super-news.info\/es\/el-eurogrupo-pacta-mantener-los-estimulos-economicos-en-2022\/"},"modified":"2021-03-16T06:03:37","modified_gmt":"2021-03-16T03:03:37","slug":"el-eurogrupo-pacta-mantener-los-estimulos-economicos-en-2022","status":"publish","type":"post","link":"https:\/\/super-news.info\/es\/el-eurogrupo-pacta-mantener-los-estimulos-economicos-en-2022\/","title":{"rendered":"El Eurogrupo pacta mantener los est\u00edmulos econ\u00f3micos en 2022"},"content":{"rendered":"<p>\nBRUSELAS, 15 (EUROPA PRESS)<br \/>\nLos ministros de Econom\u00eda y Finanzas de la zona euro (Eurogrupo) han acordado este lunes mantener los est\u00edmulos econ\u00f3micos tambi\u00e9n en 2022 como respuesta a la crisis econ\u00f3mica derivada de la pandemia y han reiterado que debe evitarse una retirada &#8220;prematura&#8221; de los mismos porque esto da\u00f1ar\u00eda la recuperaci\u00f3n.<br \/>\nLos responsables econ\u00f3micos de los Diecinueve afirman en una declaraci\u00f3n conjunta que est\u00e1n &#8220;unidos&#8221; en la necesidad de &#8220;seguir protegiendo la econom\u00eda&#8221; hasta que &#8220;la crisis se haya acabado y la recuperaci\u00f3n est\u00e9 firmemente en marcha&#8221;. Pero por el momento &#8220;el mundo sigue en medio de la pandemia de COVID-19&#8221; y la eurozona &#8220;sigue centrada en atajar las consecuencias econ\u00f3micas y sociales&#8221;.<br \/>\n&#8220;Debe evitarse una retirada prematura del apoyo fiscal. El Eurogrupo est\u00e1 comprometido a mantener una pol\u00edtica expansiva en la eurozona en 2021 y 2022, teniendo tambi\u00e9n encuentra el est\u00edmulo fiscal derivado&#8221; del fondo europeo de recuperaci\u00f3n, remarcan los ministros de Finanzas de la moneda com\u00fan.<br \/>\n&#8220;Estamos unidos y determinados en nuestros esfuerzos para proteger el empleo, a las empresas y a nuestros ciudadanos en esta crisis sanitaria. Todos creemos que es la mejor contribuci\u00f3n que podemos hacer a la sostenibilidad fiscal a largo plazo en este momento&#8221;, ha expresado en una rueda de prensa el presidente del Eurogrupo, Paschal Donohoe.<br \/>\nEl comunicado toma nota adem\u00e1s de la opini\u00f3n &#8220;preliminar&#8221; de la Comisi\u00f3n Europea a favor de mantener suspendidas el pr\u00f3ximo a\u00f1o las reglas que limitan el d\u00e9ficit y deuda p\u00fablicos de los socios europeo, algo que Bruselas sugiri\u00f3 a principios de este mes pero que no se decidir\u00e1 definitivamente hasta finales de mayo.<br \/>\nDe hecho, el comisario de Econom\u00eda, Paolo Gentiloni, ha afirmado que el documento pactado por los Diecinueve es &#8220;coherente&#8221; con la opini\u00f3n del Ejecutivo comunitario, as\u00ed como que &#8220;refleja la existencia de un consenso&#8221; sobre la pol\u00edtica fiscal que debe adoptarse mientras contin\u00fae la pandemia.<br \/>\nA juicio del italiano, retirar los est\u00edmulos &#8220;demasiado pronto&#8221; ser\u00eda un &#8220;error&#8221; y ha enfatizado que hay un &#8220;creciente consenso&#8221; tanto en Europa como fuera del bloque acerca de que &#8220;la mejor forma de asegurar la sostenibilidad de la deuda p\u00fablica es apoyar la recuperaci\u00f3n y reducir el riesgo de que (la crisis) deje cicatrices y divergencias&#8221;.<br \/>\nNo obstante, el Eurogrupo reitera en su declaraci\u00f3n que la pol\u00edtica fiscal deber ser &#8220;ajustarse&#8221; a medida que la situaci\u00f3n sanitaria y econ\u00f3mica &#8220;evolucione&#8221;. &#8220;En una segunda etapa, una vez que la situaci\u00f3n sanitaria mejore y se levanten las restricciones, la medidas fiscales deben cambiar gradualmente hacia acciones espec\u00edficas centradas en impulsar una recuperaci\u00f3n s\u00f3lida y sostenible&#8221;, explican los ministros.<br \/>\nCuando la eurozona se encuentre ya en una etapa de &#8220;recuperaci\u00f3n firme&#8221;, los gobiernos de la eurozona tendr\u00e1n que &#8220;abordar sus niveles de deuda p\u00fablica aplicando estrategias fiscales sostenibles a medio plazo, con el \u00e9nfasis en mejorar la calidad de las finanzas p\u00fablicas, elevar la inversi\u00f3n y apoyar las transiciones verde y digital&#8221;.<br \/>\nEn esta l\u00ednea, Gentiloni ha asegurado que la Comisi\u00f3n Europea recomendar\u00e1 &#8220;precauci\u00f3n&#8221; a los pa\u00edses que, como Espa\u00f1a, tiene un elevado nivel de deuda p\u00fablica, aunque eso &#8220;no significa que no tengan que tener una pol\u00edtica expansiva&#8221; durante este periodo.<br \/>\nPreguntado por el riesgo de que mantener los est\u00edmulos vaya a derivar en un aumento de la inflaci\u00f3n en la UE, el responsable de Econom\u00eda del Ejecutivo comunitario ha contestado que las \u00faltimas proyecciones del Banco Central Europeo (BCE) apuntan a un alza de los precios del 1,5% este a\u00f1o y del 1,2% en 2022, cifras que &#8220;no est\u00e1n ni siquiera cerca del famoso umbral del 2%&#8221;.<br \/>\nUna opini\u00f3n parecida ha transmitido el director gerente del Mecanismo Europeo de Estabilidad (MEDE), Klaus Regling, quien atribuye el reciente aumento de la inflaci\u00f3n esperada a causas puntuales y descarta que se convierta en una tendencia &#8220;permanente&#8221; dado el alto nivel de desempleo en el bloque, entre otras cuestiones.<\/p>\n<p>\n<!--noindex--><br \/>\n<a href=\"https:\/\/www.europapress.es\/economia\/noticia-eurogrupo-pacta-mantener-estimulos-economicos-2022-20210315190612.html\" rel=\"nofollow\">Source link <\/a><br \/>\n<!--\/noindex--><\/p>\n","protected":false},"excerpt":{"rendered":"<p>BRUSELAS, 15 (EUROPA PRESS) Los ministros de Econom\u00eda y Finanzas de la zona euro (Eurogrupo) han acordado este lunes mantener los est\u00edmulos econ\u00f3micos tambi\u00e9n en 2022 como respuesta a la crisis econ\u00f3mica derivada de la pandemia y han reiterado que debe evitarse una retirada &#8220;prematura&#8221; de los mismos porque esto da\u00f1ar\u00eda la recuperaci\u00f3n. Los responsables [&hellip;]<\/p>\n","protected":false},"author":2,"featured_media":13897,"comment_status":"open","ping_status":"open","sticky":false,"template":"","format":"standard","meta":{"footnotes":""},"categories":[1],"tags":[],"class_list":["post-13896","post","type-post","status-publish","format-standard","has-post-thumbnail","hentry","category-noticias-financieras"],"yoast_head":"<!-- This site is optimized with the Yoast SEO plugin v27.4 - https:\/\/yoast.com\/product\/yoast-seo-wordpress\/ -->\n<title>El Eurogrupo pacta mantener los est\u00edmulos econ\u00f3micos en 2022 - Super News<\/title>\n<meta name=\"robots\" content=\"index, follow, max-snippet:-1, max-image-preview:large, max-video-preview:-1\" \/>\n<link rel=\"canonical\" href=\"https:\/\/super-news.info\/es\/el-eurogrupo-pacta-mantener-los-estimulos-economicos-en-2022\/\" \/>\n<meta property=\"og:locale\" content=\"en_US\" \/>\n<meta property=\"og:type\" content=\"article\" \/>\n<meta property=\"og:title\" content=\"El Eurogrupo pacta mantener los est\u00edmulos econ\u00f3micos en 2022 - Super News\" \/>\n<meta property=\"og:description\" content=\"BRUSELAS, 15 (EUROPA PRESS) Los ministros de Econom\u00eda y Finanzas de la zona euro (Eurogrupo) han acordado este lunes mantener los est\u00edmulos econ\u00f3micos tambi\u00e9n en 2022 como respuesta a la crisis econ\u00f3mica derivada de la pandemia y han reiterado que debe evitarse una retirada &#8220;prematura&#8221; de los mismos porque esto da\u00f1ar\u00eda la recuperaci\u00f3n. Los responsables [&hellip;]\" \/>\n<meta property=\"og:url\" content=\"https:\/\/super-news.info\/es\/el-eurogrupo-pacta-mantener-los-estimulos-economicos-en-2022\/\" \/>\n<meta property=\"og:site_name\" content=\"Super News\" \/>\n<meta property=\"article:published_time\" content=\"2021-03-16T03:03:34+00:00\" \/>\n<meta property=\"article:modified_time\" content=\"2021-03-16T03:03:37+00:00\" \/>\n<meta property=\"og:image\" content=\"https:\/\/super-news.info\/es\/wp-content\/uploads\/sites\/4\/2021\/03\/El-Eurogrupo-pacta-mantener-los-estimulos-economicos-en-2022.jpg\" \/>\n\t<meta property=\"og:image:width\" content=\"120\" \/>\n\t<meta property=\"og:image:height\" content=\"95\" \/>\n\t<meta property=\"og:image:type\" content=\"image\/jpeg\" \/>\n<meta name=\"author\" content=\"super-news\" \/>\n<meta name=\"twitter:card\" content=\"summary_large_image\" \/>\n<meta name=\"twitter:label1\" content=\"Written by\" \/>\n\t<meta name=\"twitter:data1\" content=\"super-news\" \/>\n\t<meta name=\"twitter:label2\" content=\"Est. reading time\" \/>\n\t<meta name=\"twitter:data2\" content=\"3 minutes\" \/>\n<script type=\"application\/ld+json\" class=\"yoast-schema-graph\">{\"@context\":\"https:\\\/\\\/schema.org\",\"@graph\":[{\"@type\":\"Article\",\"@id\":\"https:\\\/\\\/super-news.info\\\/es\\\/el-eurogrupo-pacta-mantener-los-estimulos-economicos-en-2022\\\/#article\",\"isPartOf\":{\"@id\":\"https:\\\/\\\/super-news.info\\\/es\\\/el-eurogrupo-pacta-mantener-los-estimulos-economicos-en-2022\\\/\"},\"author\":{\"name\":\"super-news\",\"@id\":\"https:\\\/\\\/super-news.info\\\/es\\\/#\\\/schema\\\/person\\\/2d4068cb2f39cd10008c2fce578a7356\"},\"headline\":\"El Eurogrupo pacta mantener los est\u00edmulos econ\u00f3micos en 2022\",\"datePublished\":\"2021-03-16T03:03:34+00:00\",\"dateModified\":\"2021-03-16T03:03:37+00:00\",\"mainEntityOfPage\":{\"@id\":\"https:\\\/\\\/super-news.info\\\/es\\\/el-eurogrupo-pacta-mantener-los-estimulos-economicos-en-2022\\\/\"},\"wordCount\":705,\"commentCount\":0,\"image\":{\"@id\":\"https:\\\/\\\/super-news.info\\\/es\\\/el-eurogrupo-pacta-mantener-los-estimulos-economicos-en-2022\\\/#primaryimage\"},\"thumbnailUrl\":\"https:\\\/\\\/super-news.info\\\/es\\\/wp-content\\\/uploads\\\/sites\\\/4\\\/2021\\\/03\\\/El-Eurogrupo-pacta-mantener-los-estimulos-economicos-en-2022.jpg\",\"articleSection\":[\"NOTICIAS FINANCIERAS\"],\"inLanguage\":\"en-US\",\"potentialAction\":[{\"@type\":\"CommentAction\",\"name\":\"Comment\",\"target\":[\"https:\\\/\\\/super-news.info\\\/es\\\/el-eurogrupo-pacta-mantener-los-estimulos-economicos-en-2022\\\/#respond\"]}]},{\"@type\":\"WebPage\",\"@id\":\"https:\\\/\\\/super-news.info\\\/es\\\/el-eurogrupo-pacta-mantener-los-estimulos-economicos-en-2022\\\/\",\"url\":\"https:\\\/\\\/super-news.info\\\/es\\\/el-eurogrupo-pacta-mantener-los-estimulos-economicos-en-2022\\\/\",\"name\":\"El Eurogrupo pacta mantener los est\u00edmulos econ\u00f3micos en 2022 - Super News\",\"isPartOf\":{\"@id\":\"https:\\\/\\\/super-news.info\\\/es\\\/#website\"},\"primaryImageOfPage\":{\"@id\":\"https:\\\/\\\/super-news.info\\\/es\\\/el-eurogrupo-pacta-mantener-los-estimulos-economicos-en-2022\\\/#primaryimage\"},\"image\":{\"@id\":\"https:\\\/\\\/super-news.info\\\/es\\\/el-eurogrupo-pacta-mantener-los-estimulos-economicos-en-2022\\\/#primaryimage\"},\"thumbnailUrl\":\"https:\\\/\\\/super-news.info\\\/es\\\/wp-content\\\/uploads\\\/sites\\\/4\\\/2021\\\/03\\\/El-Eurogrupo-pacta-mantener-los-estimulos-economicos-en-2022.jpg\",\"datePublished\":\"2021-03-16T03:03:34+00:00\",\"dateModified\":\"2021-03-16T03:03:37+00:00\",\"author\":{\"@id\":\"https:\\\/\\\/super-news.info\\\/es\\\/#\\\/schema\\\/person\\\/2d4068cb2f39cd10008c2fce578a7356\"},\"breadcrumb\":{\"@id\":\"https:\\\/\\\/super-news.info\\\/es\\\/el-eurogrupo-pacta-mantener-los-estimulos-economicos-en-2022\\\/#breadcrumb\"},\"inLanguage\":\"en-US\",\"potentialAction\":[{\"@type\":\"ReadAction\",\"target\":[\"https:\\\/\\\/super-news.info\\\/es\\\/el-eurogrupo-pacta-mantener-los-estimulos-economicos-en-2022\\\/\"]}]},{\"@type\":\"ImageObject\",\"inLanguage\":\"en-US\",\"@id\":\"https:\\\/\\\/super-news.info\\\/es\\\/el-eurogrupo-pacta-mantener-los-estimulos-economicos-en-2022\\\/#primaryimage\",\"url\":\"https:\\\/\\\/super-news.info\\\/es\\\/wp-content\\\/uploads\\\/sites\\\/4\\\/2021\\\/03\\\/El-Eurogrupo-pacta-mantener-los-estimulos-economicos-en-2022.jpg\",\"contentUrl\":\"https:\\\/\\\/super-news.info\\\/es\\\/wp-content\\\/uploads\\\/sites\\\/4\\\/2021\\\/03\\\/El-Eurogrupo-pacta-mantener-los-estimulos-economicos-en-2022.jpg\",\"width\":120,\"height\":95,\"caption\":\"El Eurogrupo pacta mantener los est\u00edmulos econ\u00f3micos en 2022\"},{\"@type\":\"BreadcrumbList\",\"@id\":\"https:\\\/\\\/super-news.info\\\/es\\\/el-eurogrupo-pacta-mantener-los-estimulos-economicos-en-2022\\\/#breadcrumb\",\"itemListElement\":[{\"@type\":\"ListItem\",\"position\":1,\"name\":\"\u0413\u043b\u0430\u0432\u043d\u0430\u044f \u0441\u0442\u0440\u0430\u043d\u0438\u0446\u0430\",\"item\":\"https:\\\/\\\/super-news.info\\\/es\\\/\"},{\"@type\":\"ListItem\",\"position\":2,\"name\":\"El Eurogrupo pacta mantener los est\u00edmulos econ\u00f3micos en 2022\"}]},{\"@type\":\"WebSite\",\"@id\":\"https:\\\/\\\/super-news.info\\\/es\\\/#website\",\"url\":\"https:\\\/\\\/super-news.info\\\/es\\\/\",\"name\":\"Super News\",\"description\":\"Super News Espa\u00f1a\",\"potentialAction\":[{\"@type\":\"SearchAction\",\"target\":{\"@type\":\"EntryPoint\",\"urlTemplate\":\"https:\\\/\\\/super-news.info\\\/es\\\/?s={search_term_string}\"},\"query-input\":{\"@type\":\"PropertyValueSpecification\",\"valueRequired\":true,\"valueName\":\"search_term_string\"}}],\"inLanguage\":\"en-US\"},{\"@type\":\"Person\",\"@id\":\"https:\\\/\\\/super-news.info\\\/es\\\/#\\\/schema\\\/person\\\/2d4068cb2f39cd10008c2fce578a7356\",\"name\":\"super-news\",\"image\":{\"@type\":\"ImageObject\",\"inLanguage\":\"en-US\",\"@id\":\"https:\\\/\\\/secure.gravatar.com\\\/avatar\\\/64ebac40b93f26a154f8a9b5b6fdccfc46f442b26b3dd6756dbff3bf9dc76fd7?s=96&d=mm&r=g\",\"url\":\"https:\\\/\\\/secure.gravatar.com\\\/avatar\\\/64ebac40b93f26a154f8a9b5b6fdccfc46f442b26b3dd6756dbff3bf9dc76fd7?s=96&d=mm&r=g\",\"contentUrl\":\"https:\\\/\\\/secure.gravatar.com\\\/avatar\\\/64ebac40b93f26a154f8a9b5b6fdccfc46f442b26b3dd6756dbff3bf9dc76fd7?s=96&d=mm&r=g\",\"caption\":\"super-news\"},\"url\":\"https:\\\/\\\/super-news.info\\\/es\\\/author\\\/pt\\\/\"}]}<\/script>\n<!-- \/ Yoast SEO plugin. -->","yoast_head_json":{"title":"El Eurogrupo pacta mantener los est\u00edmulos econ\u00f3micos en 2022 - Super News","robots":{"index":"index","follow":"follow","max-snippet":"max-snippet:-1","max-image-preview":"max-image-preview:large","max-video-preview":"max-video-preview:-1"},"canonical":"https:\/\/super-news.info\/es\/el-eurogrupo-pacta-mantener-los-estimulos-economicos-en-2022\/","og_locale":"en_US","og_type":"article","og_title":"El Eurogrupo pacta mantener los est\u00edmulos econ\u00f3micos en 2022 - Super News","og_description":"BRUSELAS, 15 (EUROPA PRESS) Los ministros de Econom\u00eda y Finanzas de la zona euro (Eurogrupo) han acordado este lunes mantener los est\u00edmulos econ\u00f3micos tambi\u00e9n en 2022 como respuesta a la crisis econ\u00f3mica derivada de la pandemia y han reiterado que debe evitarse una retirada &#8220;prematura&#8221; de los mismos porque esto da\u00f1ar\u00eda la recuperaci\u00f3n. Los responsables [&hellip;]","og_url":"https:\/\/super-news.info\/es\/el-eurogrupo-pacta-mantener-los-estimulos-economicos-en-2022\/","og_site_name":"Super News","article_published_time":"2021-03-16T03:03:34+00:00","article_modified_time":"2021-03-16T03:03:37+00:00","og_image":[{"width":120,"height":95,"url":"https:\/\/super-news.info\/es\/wp-content\/uploads\/sites\/4\/2021\/03\/El-Eurogrupo-pacta-mantener-los-estimulos-economicos-en-2022.jpg","type":"image\/jpeg"}],"author":"super-news","twitter_card":"summary_large_image","twitter_misc":{"Written by":"super-news","Est. reading time":"3 minutes"},"schema":{"@context":"https:\/\/schema.org","@graph":[{"@type":"Article","@id":"https:\/\/super-news.info\/es\/el-eurogrupo-pacta-mantener-los-estimulos-economicos-en-2022\/#article","isPartOf":{"@id":"https:\/\/super-news.info\/es\/el-eurogrupo-pacta-mantener-los-estimulos-economicos-en-2022\/"},"author":{"name":"super-news","@id":"https:\/\/super-news.info\/es\/#\/schema\/person\/2d4068cb2f39cd10008c2fce578a7356"},"headline":"El Eurogrupo pacta mantener los est\u00edmulos econ\u00f3micos en 2022","datePublished":"2021-03-16T03:03:34+00:00","dateModified":"2021-03-16T03:03:37+00:00","mainEntityOfPage":{"@id":"https:\/\/super-news.info\/es\/el-eurogrupo-pacta-mantener-los-estimulos-economicos-en-2022\/"},"wordCount":705,"commentCount":0,"image":{"@id":"https:\/\/super-news.info\/es\/el-eurogrupo-pacta-mantener-los-estimulos-economicos-en-2022\/#primaryimage"},"thumbnailUrl":"https:\/\/super-news.info\/es\/wp-content\/uploads\/sites\/4\/2021\/03\/El-Eurogrupo-pacta-mantener-los-estimulos-economicos-en-2022.jpg","articleSection":["NOTICIAS FINANCIERAS"],"inLanguage":"en-US","potentialAction":[{"@type":"CommentAction","name":"Comment","target":["https:\/\/super-news.info\/es\/el-eurogrupo-pacta-mantener-los-estimulos-economicos-en-2022\/#respond"]}]},{"@type":"WebPage","@id":"https:\/\/super-news.info\/es\/el-eurogrupo-pacta-mantener-los-estimulos-economicos-en-2022\/","url":"https:\/\/super-news.info\/es\/el-eurogrupo-pacta-mantener-los-estimulos-economicos-en-2022\/","name":"El Eurogrupo pacta mantener los est\u00edmulos econ\u00f3micos en 2022 - Super News","isPartOf":{"@id":"https:\/\/super-news.info\/es\/#website"},"primaryImageOfPage":{"@id":"https:\/\/super-news.info\/es\/el-eurogrupo-pacta-mantener-los-estimulos-economicos-en-2022\/#primaryimage"},"image":{"@id":"https:\/\/super-news.info\/es\/el-eurogrupo-pacta-mantener-los-estimulos-economicos-en-2022\/#primaryimage"},"thumbnailUrl":"https:\/\/super-news.info\/es\/wp-content\/uploads\/sites\/4\/2021\/03\/El-Eurogrupo-pacta-mantener-los-estimulos-economicos-en-2022.jpg","datePublished":"2021-03-16T03:03:34+00:00","dateModified":"2021-03-16T03:03:37+00:00","author":{"@id":"https:\/\/super-news.info\/es\/#\/schema\/person\/2d4068cb2f39cd10008c2fce578a7356"},"breadcrumb":{"@id":"https:\/\/super-news.info\/es\/el-eurogrupo-pacta-mantener-los-estimulos-economicos-en-2022\/#breadcrumb"},"inLanguage":"en-US","potentialAction":[{"@type":"ReadAction","target":["https:\/\/super-news.info\/es\/el-eurogrupo-pacta-mantener-los-estimulos-economicos-en-2022\/"]}]},{"@type":"ImageObject","inLanguage":"en-US","@id":"https:\/\/super-news.info\/es\/el-eurogrupo-pacta-mantener-los-estimulos-economicos-en-2022\/#primaryimage","url":"https:\/\/super-news.info\/es\/wp-content\/uploads\/sites\/4\/2021\/03\/El-Eurogrupo-pacta-mantener-los-estimulos-economicos-en-2022.jpg","contentUrl":"https:\/\/super-news.info\/es\/wp-content\/uploads\/sites\/4\/2021\/03\/El-Eurogrupo-pacta-mantener-los-estimulos-economicos-en-2022.jpg","width":120,"height":95,"caption":"El Eurogrupo pacta mantener los est\u00edmulos econ\u00f3micos en 2022"},{"@type":"BreadcrumbList","@id":"https:\/\/super-news.info\/es\/el-eurogrupo-pacta-mantener-los-estimulos-economicos-en-2022\/#breadcrumb","itemListElement":[{"@type":"ListItem","position":1,"name":"\u0413\u043b\u0430\u0432\u043d\u0430\u044f \u0441\u0442\u0440\u0430\u043d\u0438\u0446\u0430","item":"https:\/\/super-news.info\/es\/"},{"@type":"ListItem","position":2,"name":"El Eurogrupo pacta mantener los est\u00edmulos econ\u00f3micos en 2022"}]},{"@type":"WebSite","@id":"https:\/\/super-news.info\/es\/#website","url":"https:\/\/super-news.info\/es\/","name":"Super News","description":"Super News Espa\u00f1a","potentialAction":[{"@type":"SearchAction","target":{"@type":"EntryPoint","urlTemplate":"https:\/\/super-news.info\/es\/?s={search_term_string}"},"query-input":{"@type":"PropertyValueSpecification","valueRequired":true,"valueName":"search_term_string"}}],"inLanguage":"en-US"},{"@type":"Person","@id":"https:\/\/super-news.info\/es\/#\/schema\/person\/2d4068cb2f39cd10008c2fce578a7356","name":"super-news","image":{"@type":"ImageObject","inLanguage":"en-US","@id":"https:\/\/secure.gravatar.com\/avatar\/64ebac40b93f26a154f8a9b5b6fdccfc46f442b26b3dd6756dbff3bf9dc76fd7?s=96&d=mm&r=g","url":"https:\/\/secure.gravatar.com\/avatar\/64ebac40b93f26a154f8a9b5b6fdccfc46f442b26b3dd6756dbff3bf9dc76fd7?s=96&d=mm&r=g","contentUrl":"https:\/\/secure.gravatar.com\/avatar\/64ebac40b93f26a154f8a9b5b6fdccfc46f442b26b3dd6756dbff3bf9dc76fd7?s=96&d=mm&r=g","caption":"super-news"},"url":"https:\/\/super-news.info\/es\/author\/pt\/"}]}},"_links":{"self":[{"href":"https:\/\/super-news.info\/es\/wp-json\/wp\/v2\/posts\/13896","targetHints":{"allow":["GET"]}}],"collection":[{"href":"https:\/\/super-news.info\/es\/wp-json\/wp\/v2\/posts"}],"about":[{"href":"https:\/\/super-news.info\/es\/wp-json\/wp\/v2\/types\/post"}],"author":[{"embeddable":true,"href":"https:\/\/super-news.info\/es\/wp-json\/wp\/v2\/users\/2"}],"replies":[{"embeddable":true,"href":"https:\/\/super-news.info\/es\/wp-json\/wp\/v2\/comments?post=13896"}],"version-history":[{"count":1,"href":"https:\/\/super-news.info\/es\/wp-json\/wp\/v2\/posts\/13896\/revisions"}],"predecessor-version":[{"id":13898,"href":"https:\/\/super-news.info\/es\/wp-json\/wp\/v2\/posts\/13896\/revisions\/13898"}],"wp:featuredmedia":[{"embeddable":true,"href":"https:\/\/super-news.info\/es\/wp-json\/wp\/v2\/media\/13897"}],"wp:attachment":[{"href":"https:\/\/super-news.info\/es\/wp-json\/wp\/v2\/media?parent=13896"}],"wp:term":[{"taxonomy":"category","embeddable":true,"href":"https:\/\/super-news.info\/es\/wp-json\/wp\/v2\/categories?post=13896"},{"taxonomy":"post_tag","embeddable":true,"href":"https:\/\/super-news.info\/es\/wp-json\/wp\/v2\/tags?post=13896"}],"curies":[{"name":"wp","href":"https:\/\/api.w.org\/{rel}","templated":true}]}}