{"id":13876,"date":"2021-03-14T17:59:42","date_gmt":"2021-03-14T14:59:42","guid":{"rendered":"https:\/\/super-news.info\/es\/trabajadores-temporales-de-la-administracion-salen-de-nuevo-a-la-calle-para-exigir-estabilidad-laboral\/"},"modified":"2021-03-14T17:59:44","modified_gmt":"2021-03-14T14:59:44","slug":"trabajadores-temporales-de-la-administracion-salen-de-nuevo-a-la-calle-para-exigir-estabilidad-laboral","status":"publish","type":"post","link":"https:\/\/super-news.info\/es\/trabajadores-temporales-de-la-administracion-salen-de-nuevo-a-la-calle-para-exigir-estabilidad-laboral\/","title":{"rendered":"Trabajadores temporales de la Administraci\u00f3n salen de nuevo a la calle para exigir estabilidad laboral"},"content":{"rendered":"<p><\/p>\n<p>MADRID, 14 Mar. (EUROPA PRESS) &#8211;<br \/>\n   Trabajadores temporales de las Administraciones P\u00fablicas espa\u00f1olas han salido este domingo a las calles de 32 ciudades de todo el pa\u00eds, convocados por la Agrupaci\u00f3n Trabajadores Temporales P\u00fablicos (TTPS) y del grupo MI15F, para exigir la estabilidad laboral de sus puestos.<br \/>\n   Las manifestaciones se han celebrado en la ma\u00f1ana de este domingo en formato caravana de coches en ciudades como Madrid, Alicante, San Sebasti\u00e1n, Gran Canaria, Sevilla, Valencia, Zaragoza, Valladolid, Murcia, Pamplona o Santander.<br \/>\n   Las plataformas convocantes, que ya se manifestaron el pasado 31 de diciembre, reivindican que &#8220;la Administraci\u00f3n p\u00fablica cumpla el derecho de la Uni\u00f3n Europea, comprobando cada relaci\u00f3n temporal, para determinar si incurre en abuso de temporalidad, y aplique como sanci\u00f3n al incumplimiento el mantenimiento del empleo hasta que concurran las causas generales de cese para todo trabajador p\u00fablico mediante una regularizaci\u00f3n administrativa&#8221;.<br \/>\n   Tambi\u00e9n reclaman que el Gobierno atienda la resoluci\u00f3n del 31 de mayo de 2018 del Parlamento Europeo, adoptando pol\u00edticas de lucha contra el fraude en la contrataci\u00f3n y contra el abuso de la temporalidad en el sector p\u00fablico, similares a las adoptadas en el sector privado, como son la inspecci\u00f3n y la sanci\u00f3n.<br \/>\n   En materia de no discriminaci\u00f3n, quieren que la Administraci\u00f3n deje de aplicar toda norma nacional que impida garantizar la igualdad en las condiciones de trabajo de los trabajadores temporales respecto a los fijos o de carrera.<br \/>\n   &#8220;Nos manifestamos porque, a pesar de que intentamos por todos los medios (a nivel social, judicial, pol\u00edtico y administrativo) que se solucione la situaci\u00f3n laboral discriminatoria a la que nos tienen sometidos desde hace d\u00e9cadas, vemos peligrar inminentemente nuestros puestos de trabajo y porque consideramos que la defensa de nuestros empleos es ahora algo prioritario&#8221;, advierten TTPS y MI15F.<br \/>\n   En declaraciones a Europa Press Televisi\u00f3n, Esther Velasco, trabajadora de la Comunidad de Madrid, portavoz de TTPS y del grupo MI15F, exige que se paren las Ofertas P\u00fablicas de Empleo (OPE) que se encuentran actualmente en curso para que los trabajadores que est\u00e9n &#8220;en abuso de temporalidad&#8221; no se tengan que presentar, as\u00ed como que se sancione a las administraciones p\u00fablicas por este abuso.<br \/>\n   &#8220;Europa dice que si no existe sanci\u00f3n en la legislaci\u00f3n nacional, lo que se tiene que hacer a los trabajadores es ponerles como indefinidos, e indefinidos para Europa es fijo, es decir, la permanencia en el puesto de trabajo hasta la jubilaci\u00f3n&#8221;, ha se\u00f1alado Velasco, que resume que lo que reivindican hoy en toda Espa\u00f1a es &#8220;la regularizaci\u00f3n administrativa&#8221; de los trabajadores interinos.<br \/>\n   Seg\u00fan ha explicado esta logopeda que lleva 11 a\u00f1os como temporal en la Comunidad de Madrid, las plataformas han tenido contacto con el ministro de Pol\u00edtica Territorial y Funci\u00f3n P\u00fablica, Miquel Iceta, pero a\u00fan no han podido reunirse con \u00e9l. En cambio, s\u00ed se han reunido con algunos sindicatos y partidos pol\u00edticos, estando algunos a favor de sus reivindicaciones y otros en contra.<br \/>\n   Velasco advierte de que las manifestaciones van a continuar hasta que las plataformas consigan su objetivo, que es &#8220;la estabilidad laboral&#8221;, as\u00ed como &#8220;permanecer&#8221; en su puesto de trabajo.<br \/>\nUNA SITUACI\u00d3N QUE AFECTA A 800.000 EMPLEADOS<br \/>\n   Esta situaci\u00f3n de &#8220;abuso de temporalidad&#8221; afecta a unos 800.000 empleados p\u00fablicos de toda Espa\u00f1a, seg\u00fan se\u00f1ala Nazaret Caballero, Personal de Oficios Servicios Internos (POSI) en el Ayuntamiento de Madrid.<br \/>\n   Tal y como denuncia, en el Ayuntamiento de Madrid el 28% de la plantilla est\u00e1 en situaci\u00f3n de &#8220;abuso de temporalidad&#8221;, porcentaje que asciende al 45% en el caso de los empleados que trabajan para la Comunidad de Madrid.<br \/>\n   &#8220;Vamos a seguir con las concentraciones, cada vez haremos m\u00e1s&#8221;, ha advertido Caballero, que recuerda que los empleados p\u00fablicos ya se han puesto en huelga en Canarias y en Galicia, y &#8220;pr\u00f3ximamente&#8221; en La Rioja. &#8220;Y si esto sigue as\u00ed, en toda Espa\u00f1a estaremos en huelga los empleados p\u00fablicos&#8221;, avisa.<br \/>\n<br \/>\n<!--noindex--><br \/>\n<a href=\"https:\/\/www.europapress.es\/economia\/laboral-00346\/noticia-trabajadores-temporales-administracion-salen-nuevo-calle-exigir-estabilidad-laboral-20210314152644.html\" rel=\"nofollow\">Source link <\/a><br \/>\n<!--\/noindex--><\/p>\n","protected":false},"excerpt":{"rendered":"<p>MADRID, 14 Mar. (EUROPA PRESS) &#8211; Trabajadores temporales de las Administraciones P\u00fablicas espa\u00f1olas han salido este domingo a las calles de 32 ciudades de todo el pa\u00eds, convocados por la Agrupaci\u00f3n Trabajadores Temporales P\u00fablicos (TTPS) y del grupo MI15F, para exigir la estabilidad laboral de sus puestos. Las manifestaciones se han celebrado en la ma\u00f1ana [&hellip;]<\/p>\n","protected":false},"author":2,"featured_media":13877,"comment_status":"open","ping_status":"open","sticky":false,"template":"","format":"standard","meta":{"footnotes":""},"categories":[1],"tags":[],"class_list":["post-13876","post","type-post","status-publish","format-standard","has-post-thumbnail","hentry","category-noticias-financieras"],"yoast_head":"<!-- This site is optimized with the Yoast SEO plugin v27.4 - https:\/\/yoast.com\/product\/yoast-seo-wordpress\/ -->\n<title>Trabajadores temporales de la Administraci\u00f3n salen de nuevo a la calle para exigir estabilidad laboral - Super News<\/title>\n<meta name=\"robots\" content=\"index, follow, max-snippet:-1, max-image-preview:large, max-video-preview:-1\" \/>\n<link rel=\"canonical\" href=\"https:\/\/super-news.info\/es\/trabajadores-temporales-de-la-administracion-salen-de-nuevo-a-la-calle-para-exigir-estabilidad-laboral\/\" \/>\n<meta property=\"og:locale\" content=\"en_US\" \/>\n<meta property=\"og:type\" content=\"article\" \/>\n<meta property=\"og:title\" content=\"Trabajadores temporales de la Administraci\u00f3n salen de nuevo a la calle para exigir estabilidad laboral - Super News\" \/>\n<meta property=\"og:description\" content=\"MADRID, 14 Mar. (EUROPA PRESS) &#8211; Trabajadores temporales de las Administraciones P\u00fablicas espa\u00f1olas han salido este domingo a las calles de 32 ciudades de todo el pa\u00eds, convocados por la Agrupaci\u00f3n Trabajadores Temporales P\u00fablicos (TTPS) y del grupo MI15F, para exigir la estabilidad laboral de sus puestos. Las manifestaciones se han celebrado en la ma\u00f1ana [&hellip;]\" \/>\n<meta property=\"og:url\" content=\"https:\/\/super-news.info\/es\/trabajadores-temporales-de-la-administracion-salen-de-nuevo-a-la-calle-para-exigir-estabilidad-laboral\/\" \/>\n<meta property=\"og:site_name\" content=\"Super News\" \/>\n<meta property=\"article:published_time\" content=\"2021-03-14T14:59:42+00:00\" \/>\n<meta property=\"article:modified_time\" content=\"2021-03-14T14:59:44+00:00\" \/>\n<meta property=\"og:image\" content=\"https:\/\/super-news.info\/es\/wp-content\/uploads\/sites\/4\/2021\/03\/Trabajadores-temporales-de-la-Administracion-salen-de-nuevo-a-la.jpg\" \/>\n\t<meta property=\"og:image:width\" content=\"120\" \/>\n\t<meta property=\"og:image:height\" content=\"67\" \/>\n\t<meta property=\"og:image:type\" content=\"image\/jpeg\" \/>\n<meta name=\"author\" content=\"super-news\" \/>\n<meta name=\"twitter:card\" content=\"summary_large_image\" \/>\n<meta name=\"twitter:label1\" content=\"Written by\" \/>\n\t<meta name=\"twitter:data1\" content=\"super-news\" \/>\n\t<meta name=\"twitter:label2\" content=\"Est. reading time\" \/>\n\t<meta name=\"twitter:data2\" content=\"3 minutes\" \/>\n<script type=\"application\/ld+json\" class=\"yoast-schema-graph\">{\"@context\":\"https:\\\/\\\/schema.org\",\"@graph\":[{\"@type\":\"Article\",\"@id\":\"https:\\\/\\\/super-news.info\\\/es\\\/trabajadores-temporales-de-la-administracion-salen-de-nuevo-a-la-calle-para-exigir-estabilidad-laboral\\\/#article\",\"isPartOf\":{\"@id\":\"https:\\\/\\\/super-news.info\\\/es\\\/trabajadores-temporales-de-la-administracion-salen-de-nuevo-a-la-calle-para-exigir-estabilidad-laboral\\\/\"},\"author\":{\"name\":\"super-news\",\"@id\":\"https:\\\/\\\/super-news.info\\\/es\\\/#\\\/schema\\\/person\\\/2d4068cb2f39cd10008c2fce578a7356\"},\"headline\":\"Trabajadores temporales de la Administraci\u00f3n salen de nuevo a la calle para exigir estabilidad laboral\",\"datePublished\":\"2021-03-14T14:59:42+00:00\",\"dateModified\":\"2021-03-14T14:59:44+00:00\",\"mainEntityOfPage\":{\"@id\":\"https:\\\/\\\/super-news.info\\\/es\\\/trabajadores-temporales-de-la-administracion-salen-de-nuevo-a-la-calle-para-exigir-estabilidad-laboral\\\/\"},\"wordCount\":701,\"commentCount\":0,\"image\":{\"@id\":\"https:\\\/\\\/super-news.info\\\/es\\\/trabajadores-temporales-de-la-administracion-salen-de-nuevo-a-la-calle-para-exigir-estabilidad-laboral\\\/#primaryimage\"},\"thumbnailUrl\":\"https:\\\/\\\/super-news.info\\\/es\\\/wp-content\\\/uploads\\\/sites\\\/4\\\/2021\\\/03\\\/Trabajadores-temporales-de-la-Administracion-salen-de-nuevo-a-la.jpg\",\"articleSection\":[\"NOTICIAS FINANCIERAS\"],\"inLanguage\":\"en-US\",\"potentialAction\":[{\"@type\":\"CommentAction\",\"name\":\"Comment\",\"target\":[\"https:\\\/\\\/super-news.info\\\/es\\\/trabajadores-temporales-de-la-administracion-salen-de-nuevo-a-la-calle-para-exigir-estabilidad-laboral\\\/#respond\"]}]},{\"@type\":\"WebPage\",\"@id\":\"https:\\\/\\\/super-news.info\\\/es\\\/trabajadores-temporales-de-la-administracion-salen-de-nuevo-a-la-calle-para-exigir-estabilidad-laboral\\\/\",\"url\":\"https:\\\/\\\/super-news.info\\\/es\\\/trabajadores-temporales-de-la-administracion-salen-de-nuevo-a-la-calle-para-exigir-estabilidad-laboral\\\/\",\"name\":\"Trabajadores temporales de la Administraci\u00f3n salen de nuevo a la calle para exigir estabilidad laboral - Super News\",\"isPartOf\":{\"@id\":\"https:\\\/\\\/super-news.info\\\/es\\\/#website\"},\"primaryImageOfPage\":{\"@id\":\"https:\\\/\\\/super-news.info\\\/es\\\/trabajadores-temporales-de-la-administracion-salen-de-nuevo-a-la-calle-para-exigir-estabilidad-laboral\\\/#primaryimage\"},\"image\":{\"@id\":\"https:\\\/\\\/super-news.info\\\/es\\\/trabajadores-temporales-de-la-administracion-salen-de-nuevo-a-la-calle-para-exigir-estabilidad-laboral\\\/#primaryimage\"},\"thumbnailUrl\":\"https:\\\/\\\/super-news.info\\\/es\\\/wp-content\\\/uploads\\\/sites\\\/4\\\/2021\\\/03\\\/Trabajadores-temporales-de-la-Administracion-salen-de-nuevo-a-la.jpg\",\"datePublished\":\"2021-03-14T14:59:42+00:00\",\"dateModified\":\"2021-03-14T14:59:44+00:00\",\"author\":{\"@id\":\"https:\\\/\\\/super-news.info\\\/es\\\/#\\\/schema\\\/person\\\/2d4068cb2f39cd10008c2fce578a7356\"},\"breadcrumb\":{\"@id\":\"https:\\\/\\\/super-news.info\\\/es\\\/trabajadores-temporales-de-la-administracion-salen-de-nuevo-a-la-calle-para-exigir-estabilidad-laboral\\\/#breadcrumb\"},\"inLanguage\":\"en-US\",\"potentialAction\":[{\"@type\":\"ReadAction\",\"target\":[\"https:\\\/\\\/super-news.info\\\/es\\\/trabajadores-temporales-de-la-administracion-salen-de-nuevo-a-la-calle-para-exigir-estabilidad-laboral\\\/\"]}]},{\"@type\":\"ImageObject\",\"inLanguage\":\"en-US\",\"@id\":\"https:\\\/\\\/super-news.info\\\/es\\\/trabajadores-temporales-de-la-administracion-salen-de-nuevo-a-la-calle-para-exigir-estabilidad-laboral\\\/#primaryimage\",\"url\":\"https:\\\/\\\/super-news.info\\\/es\\\/wp-content\\\/uploads\\\/sites\\\/4\\\/2021\\\/03\\\/Trabajadores-temporales-de-la-Administracion-salen-de-nuevo-a-la.jpg\",\"contentUrl\":\"https:\\\/\\\/super-news.info\\\/es\\\/wp-content\\\/uploads\\\/sites\\\/4\\\/2021\\\/03\\\/Trabajadores-temporales-de-la-Administracion-salen-de-nuevo-a-la.jpg\",\"width\":120,\"height\":67,\"caption\":\"Trabajadores temporales de la Administraci\u00f3n salen de nuevo a la calle para exigir estabilidad laboral\"},{\"@type\":\"BreadcrumbList\",\"@id\":\"https:\\\/\\\/super-news.info\\\/es\\\/trabajadores-temporales-de-la-administracion-salen-de-nuevo-a-la-calle-para-exigir-estabilidad-laboral\\\/#breadcrumb\",\"itemListElement\":[{\"@type\":\"ListItem\",\"position\":1,\"name\":\"\u0413\u043b\u0430\u0432\u043d\u0430\u044f \u0441\u0442\u0440\u0430\u043d\u0438\u0446\u0430\",\"item\":\"https:\\\/\\\/super-news.info\\\/es\\\/\"},{\"@type\":\"ListItem\",\"position\":2,\"name\":\"Trabajadores temporales de la Administraci\u00f3n salen de nuevo a la calle para exigir estabilidad laboral\"}]},{\"@type\":\"WebSite\",\"@id\":\"https:\\\/\\\/super-news.info\\\/es\\\/#website\",\"url\":\"https:\\\/\\\/super-news.info\\\/es\\\/\",\"name\":\"Super News\",\"description\":\"Super News Espa\u00f1a\",\"potentialAction\":[{\"@type\":\"SearchAction\",\"target\":{\"@type\":\"EntryPoint\",\"urlTemplate\":\"https:\\\/\\\/super-news.info\\\/es\\\/?s={search_term_string}\"},\"query-input\":{\"@type\":\"PropertyValueSpecification\",\"valueRequired\":true,\"valueName\":\"search_term_string\"}}],\"inLanguage\":\"en-US\"},{\"@type\":\"Person\",\"@id\":\"https:\\\/\\\/super-news.info\\\/es\\\/#\\\/schema\\\/person\\\/2d4068cb2f39cd10008c2fce578a7356\",\"name\":\"super-news\",\"image\":{\"@type\":\"ImageObject\",\"inLanguage\":\"en-US\",\"@id\":\"https:\\\/\\\/secure.gravatar.com\\\/avatar\\\/64ebac40b93f26a154f8a9b5b6fdccfc46f442b26b3dd6756dbff3bf9dc76fd7?s=96&d=mm&r=g\",\"url\":\"https:\\\/\\\/secure.gravatar.com\\\/avatar\\\/64ebac40b93f26a154f8a9b5b6fdccfc46f442b26b3dd6756dbff3bf9dc76fd7?s=96&d=mm&r=g\",\"contentUrl\":\"https:\\\/\\\/secure.gravatar.com\\\/avatar\\\/64ebac40b93f26a154f8a9b5b6fdccfc46f442b26b3dd6756dbff3bf9dc76fd7?s=96&d=mm&r=g\",\"caption\":\"super-news\"},\"url\":\"https:\\\/\\\/super-news.info\\\/es\\\/author\\\/pt\\\/\"}]}<\/script>\n<!-- \/ Yoast SEO plugin. -->","yoast_head_json":{"title":"Trabajadores temporales de la Administraci\u00f3n salen de nuevo a la calle para exigir estabilidad laboral - Super News","robots":{"index":"index","follow":"follow","max-snippet":"max-snippet:-1","max-image-preview":"max-image-preview:large","max-video-preview":"max-video-preview:-1"},"canonical":"https:\/\/super-news.info\/es\/trabajadores-temporales-de-la-administracion-salen-de-nuevo-a-la-calle-para-exigir-estabilidad-laboral\/","og_locale":"en_US","og_type":"article","og_title":"Trabajadores temporales de la Administraci\u00f3n salen de nuevo a la calle para exigir estabilidad laboral - Super News","og_description":"MADRID, 14 Mar. (EUROPA PRESS) &#8211; Trabajadores temporales de las Administraciones P\u00fablicas espa\u00f1olas han salido este domingo a las calles de 32 ciudades de todo el pa\u00eds, convocados por la Agrupaci\u00f3n Trabajadores Temporales P\u00fablicos (TTPS) y del grupo MI15F, para exigir la estabilidad laboral de sus puestos. Las manifestaciones se han celebrado en la ma\u00f1ana [&hellip;]","og_url":"https:\/\/super-news.info\/es\/trabajadores-temporales-de-la-administracion-salen-de-nuevo-a-la-calle-para-exigir-estabilidad-laboral\/","og_site_name":"Super News","article_published_time":"2021-03-14T14:59:42+00:00","article_modified_time":"2021-03-14T14:59:44+00:00","og_image":[{"width":120,"height":67,"url":"https:\/\/super-news.info\/es\/wp-content\/uploads\/sites\/4\/2021\/03\/Trabajadores-temporales-de-la-Administracion-salen-de-nuevo-a-la.jpg","type":"image\/jpeg"}],"author":"super-news","twitter_card":"summary_large_image","twitter_misc":{"Written by":"super-news","Est. reading time":"3 minutes"},"schema":{"@context":"https:\/\/schema.org","@graph":[{"@type":"Article","@id":"https:\/\/super-news.info\/es\/trabajadores-temporales-de-la-administracion-salen-de-nuevo-a-la-calle-para-exigir-estabilidad-laboral\/#article","isPartOf":{"@id":"https:\/\/super-news.info\/es\/trabajadores-temporales-de-la-administracion-salen-de-nuevo-a-la-calle-para-exigir-estabilidad-laboral\/"},"author":{"name":"super-news","@id":"https:\/\/super-news.info\/es\/#\/schema\/person\/2d4068cb2f39cd10008c2fce578a7356"},"headline":"Trabajadores temporales de la Administraci\u00f3n salen de nuevo a la calle para exigir estabilidad laboral","datePublished":"2021-03-14T14:59:42+00:00","dateModified":"2021-03-14T14:59:44+00:00","mainEntityOfPage":{"@id":"https:\/\/super-news.info\/es\/trabajadores-temporales-de-la-administracion-salen-de-nuevo-a-la-calle-para-exigir-estabilidad-laboral\/"},"wordCount":701,"commentCount":0,"image":{"@id":"https:\/\/super-news.info\/es\/trabajadores-temporales-de-la-administracion-salen-de-nuevo-a-la-calle-para-exigir-estabilidad-laboral\/#primaryimage"},"thumbnailUrl":"https:\/\/super-news.info\/es\/wp-content\/uploads\/sites\/4\/2021\/03\/Trabajadores-temporales-de-la-Administracion-salen-de-nuevo-a-la.jpg","articleSection":["NOTICIAS FINANCIERAS"],"inLanguage":"en-US","potentialAction":[{"@type":"CommentAction","name":"Comment","target":["https:\/\/super-news.info\/es\/trabajadores-temporales-de-la-administracion-salen-de-nuevo-a-la-calle-para-exigir-estabilidad-laboral\/#respond"]}]},{"@type":"WebPage","@id":"https:\/\/super-news.info\/es\/trabajadores-temporales-de-la-administracion-salen-de-nuevo-a-la-calle-para-exigir-estabilidad-laboral\/","url":"https:\/\/super-news.info\/es\/trabajadores-temporales-de-la-administracion-salen-de-nuevo-a-la-calle-para-exigir-estabilidad-laboral\/","name":"Trabajadores temporales de la Administraci\u00f3n salen de nuevo a la calle para exigir estabilidad laboral - Super News","isPartOf":{"@id":"https:\/\/super-news.info\/es\/#website"},"primaryImageOfPage":{"@id":"https:\/\/super-news.info\/es\/trabajadores-temporales-de-la-administracion-salen-de-nuevo-a-la-calle-para-exigir-estabilidad-laboral\/#primaryimage"},"image":{"@id":"https:\/\/super-news.info\/es\/trabajadores-temporales-de-la-administracion-salen-de-nuevo-a-la-calle-para-exigir-estabilidad-laboral\/#primaryimage"},"thumbnailUrl":"https:\/\/super-news.info\/es\/wp-content\/uploads\/sites\/4\/2021\/03\/Trabajadores-temporales-de-la-Administracion-salen-de-nuevo-a-la.jpg","datePublished":"2021-03-14T14:59:42+00:00","dateModified":"2021-03-14T14:59:44+00:00","author":{"@id":"https:\/\/super-news.info\/es\/#\/schema\/person\/2d4068cb2f39cd10008c2fce578a7356"},"breadcrumb":{"@id":"https:\/\/super-news.info\/es\/trabajadores-temporales-de-la-administracion-salen-de-nuevo-a-la-calle-para-exigir-estabilidad-laboral\/#breadcrumb"},"inLanguage":"en-US","potentialAction":[{"@type":"ReadAction","target":["https:\/\/super-news.info\/es\/trabajadores-temporales-de-la-administracion-salen-de-nuevo-a-la-calle-para-exigir-estabilidad-laboral\/"]}]},{"@type":"ImageObject","inLanguage":"en-US","@id":"https:\/\/super-news.info\/es\/trabajadores-temporales-de-la-administracion-salen-de-nuevo-a-la-calle-para-exigir-estabilidad-laboral\/#primaryimage","url":"https:\/\/super-news.info\/es\/wp-content\/uploads\/sites\/4\/2021\/03\/Trabajadores-temporales-de-la-Administracion-salen-de-nuevo-a-la.jpg","contentUrl":"https:\/\/super-news.info\/es\/wp-content\/uploads\/sites\/4\/2021\/03\/Trabajadores-temporales-de-la-Administracion-salen-de-nuevo-a-la.jpg","width":120,"height":67,"caption":"Trabajadores temporales de la Administraci\u00f3n salen de nuevo a la calle para exigir estabilidad laboral"},{"@type":"BreadcrumbList","@id":"https:\/\/super-news.info\/es\/trabajadores-temporales-de-la-administracion-salen-de-nuevo-a-la-calle-para-exigir-estabilidad-laboral\/#breadcrumb","itemListElement":[{"@type":"ListItem","position":1,"name":"\u0413\u043b\u0430\u0432\u043d\u0430\u044f \u0441\u0442\u0440\u0430\u043d\u0438\u0446\u0430","item":"https:\/\/super-news.info\/es\/"},{"@type":"ListItem","position":2,"name":"Trabajadores temporales de la Administraci\u00f3n salen de nuevo a la calle para exigir estabilidad laboral"}]},{"@type":"WebSite","@id":"https:\/\/super-news.info\/es\/#website","url":"https:\/\/super-news.info\/es\/","name":"Super News","description":"Super News Espa\u00f1a","potentialAction":[{"@type":"SearchAction","target":{"@type":"EntryPoint","urlTemplate":"https:\/\/super-news.info\/es\/?s={search_term_string}"},"query-input":{"@type":"PropertyValueSpecification","valueRequired":true,"valueName":"search_term_string"}}],"inLanguage":"en-US"},{"@type":"Person","@id":"https:\/\/super-news.info\/es\/#\/schema\/person\/2d4068cb2f39cd10008c2fce578a7356","name":"super-news","image":{"@type":"ImageObject","inLanguage":"en-US","@id":"https:\/\/secure.gravatar.com\/avatar\/64ebac40b93f26a154f8a9b5b6fdccfc46f442b26b3dd6756dbff3bf9dc76fd7?s=96&d=mm&r=g","url":"https:\/\/secure.gravatar.com\/avatar\/64ebac40b93f26a154f8a9b5b6fdccfc46f442b26b3dd6756dbff3bf9dc76fd7?s=96&d=mm&r=g","contentUrl":"https:\/\/secure.gravatar.com\/avatar\/64ebac40b93f26a154f8a9b5b6fdccfc46f442b26b3dd6756dbff3bf9dc76fd7?s=96&d=mm&r=g","caption":"super-news"},"url":"https:\/\/super-news.info\/es\/author\/pt\/"}]}},"_links":{"self":[{"href":"https:\/\/super-news.info\/es\/wp-json\/wp\/v2\/posts\/13876","targetHints":{"allow":["GET"]}}],"collection":[{"href":"https:\/\/super-news.info\/es\/wp-json\/wp\/v2\/posts"}],"about":[{"href":"https:\/\/super-news.info\/es\/wp-json\/wp\/v2\/types\/post"}],"author":[{"embeddable":true,"href":"https:\/\/super-news.info\/es\/wp-json\/wp\/v2\/users\/2"}],"replies":[{"embeddable":true,"href":"https:\/\/super-news.info\/es\/wp-json\/wp\/v2\/comments?post=13876"}],"version-history":[{"count":1,"href":"https:\/\/super-news.info\/es\/wp-json\/wp\/v2\/posts\/13876\/revisions"}],"predecessor-version":[{"id":13878,"href":"https:\/\/super-news.info\/es\/wp-json\/wp\/v2\/posts\/13876\/revisions\/13878"}],"wp:featuredmedia":[{"embeddable":true,"href":"https:\/\/super-news.info\/es\/wp-json\/wp\/v2\/media\/13877"}],"wp:attachment":[{"href":"https:\/\/super-news.info\/es\/wp-json\/wp\/v2\/media?parent=13876"}],"wp:term":[{"taxonomy":"category","embeddable":true,"href":"https:\/\/super-news.info\/es\/wp-json\/wp\/v2\/categories?post=13876"},{"taxonomy":"post_tag","embeddable":true,"href":"https:\/\/super-news.info\/es\/wp-json\/wp\/v2\/tags?post=13876"}],"curies":[{"name":"wp","href":"https:\/\/api.w.org\/{rel}","templated":true}]}}