{"id":13858,"date":"2021-03-13T05:56:47","date_gmt":"2021-03-13T02:56:47","guid":{"rendered":"https:\/\/super-news.info\/es\/el-ibex-35-recupera-un-35-en-un-ano-cuando-se-cumple-el-aniversario-de-la-mayor-caida-de-su-historia\/"},"modified":"2021-03-13T05:56:49","modified_gmt":"2021-03-13T02:56:49","slug":"el-ibex-35-recupera-un-35-en-un-ano-cuando-se-cumple-el-aniversario-de-la-mayor-caida-de-su-historia","status":"publish","type":"post","link":"https:\/\/super-news.info\/es\/el-ibex-35-recupera-un-35-en-un-ano-cuando-se-cumple-el-aniversario-de-la-mayor-caida-de-su-historia\/","title":{"rendered":"El Ibex 35 recupera un 35% en un a\u00f1o, cuando se cumple el aniversario de la mayor ca\u00edda de su historia"},"content":{"rendered":"<p>\nGana en la semana un 4,32% y se coloca en m\u00e1ximos anuales<br \/>\n   MADRID, 12 Mar. (EUROPA PRESS) &#8211;<br \/>\n   El Ibex 35 celebra este viernes el primer aniversario de la mayor ca\u00edda de su historia, que se anot\u00f3 el 12 de marzo de 2020 ante el temor y la incertidumbre por el avance de la pandemia del coronavirus, sesi\u00f3n en la que sufri\u00f3 un desplome del 14,06%.<br \/>\n   A ese batacazo le siguieron en los d\u00edas siguientes otras ca\u00eddas de gran intensidad que llevaron al \u00edndice al nivel de los 6.100 puntos, llegando incluso a tocar m\u00ednimos de 2003 en los momentos de mayor incertidumbre en pleno confinamiento.<br \/>\n   Desde entonces, el principal \u00edndice espa\u00f1ol ha ido recuper\u00e1ndose, sobre todo en los \u00faltimos meses, tras la aprobaci\u00f3n de varias vacunas y el avance de los planes de los distintos gobiernos para inmunizar a su poblaci\u00f3n. Un a\u00f1o despu\u00e9s, el selectivo ha experimentado una revalorizaci\u00f3n del 35,26%.<br \/>\n   Concretamente este viernes, el Ibex 35 ha avanzado un 0,6%, aunque si se observa el balance semanal se ha anotado una ganancia del 4,32%, lo que le ha llevado a situarse en los 8.644,5 enteros y colocarse en m\u00e1ximos anuales.<br \/>\n   En la \u00faltima jornada de esta semana, los valores m\u00e1s alcistas han sido Banco Sabadell (+3,43%), ArcelorMittal (+3,12%), Bankia (+3,05%), Mapfre (+2,68%), Meli\u00e1 (+2,47%), Acerinox (+2,41%) y CaixaBank (+2,33%).<br \/>\n   Justo en el lado opuesto, las mayores ca\u00eddas de este viernes las han protagonizado Cellnex (-1,9%), CIE Automotive (-1,66%), Solaria (-1,41%), Siemens Gamesa (-1,26%), Iberdrola (-1,15%), Acciona (-1,06%) y PharmaMar (-0,77%).<br \/>\n    El resto de plazas del Viejo Continente han concluido la sesi\u00f3n de este viernes con avances del 0,36% para Londres y del 0,21% para Par\u00eds. Por contra, Fr\u00e1ncfort ha ca\u00eddo un 0,46% y Mil\u00e1n lo ha hecho un ligero 0,03%.<br \/>\n   El barril de petr\u00f3leo West Texas Intermediate (WTI), de referencia para Estados Unidos, cotizaba en 66 d\u00f3lares, mientras que el crudo Brent, de referencia para Europa, marcaba un precio de 69,55 d\u00f3lares.<br \/>\n   La cotizaci\u00f3n del euro frente al d\u00f3lar se colocaba en los 1,1952 &#8216;billetes verdes&#8217;, mientras que la prima de riesgo espa\u00f1ola retroced\u00eda hasta los 66 puntos b\u00e1sicos, con el inter\u00e9s exigido al bono a diez a\u00f1os en el 0,326%.<br \/>\n   El analista de XTB Joaqu\u00edn Robles ha asegurado que el \u00edndice espa\u00f1ol se ha visto impulsado debido a que la campa\u00f1a de vacunaci\u00f3n sigue progresando y la tasa de contagios contin\u00faa descendiendo, lo que podr\u00eda aliviar las restricciones antes de tiempo e impulsar una recuperaci\u00f3n m\u00e1s fuerte de lo esperado.<br \/>\n   Los temores sobre el repunte de la inflaci\u00f3n se han relajado y el BCE asegur\u00f3 que seguir\u00e1 con su compromiso de comprar deuda para que los rendimientos permanezcan estables.<br \/>\n   Precisamente ayer, la autoridad monetaria mantuvo sin cambios los tipos de inter\u00e9s de referencia para sus operaciones de refinanciaci\u00f3n en el 0%, mientras que la tasa de facilidad de dep\u00f3sito continuar\u00e1 en el -0,50% y la de facilidad de pr\u00e9stamo en el 0,25%.<br \/>\n   No obstante, lo relevante del comunicado fue que el BCE inform\u00f3 que tiene previsto acelerar su ritmo de compras mensuales al amparo de su programa de compras de emergencia PEPP tras haber examinado las condiciones de financiaci\u00f3n y las previsiones de inflaci\u00f3n.<br \/>\n   &#8220;El Consejo de Gobierno espera que las compras bajo el PEPP durante el pr\u00f3ximo trimestre se realicen a un ritmo significativamente mayor que durante los primeros meses del a\u00f1o&#8221;, subray\u00f3 el organismo presidido por Christine Lagarde.<br \/>\n   Robles considera que la pr\u00f3xima semana estar\u00e1 marcada por la publicaci\u00f3n de datos econ\u00f3micos de m\u00e1xima relevancia, como el PMI de China, que servir\u00e1 para evaluar la velocidad de la recuperaci\u00f3n del gigante asi\u00e1tico; la inflaci\u00f3n en Europa, muy importante despu\u00e9s del repunte en EEUU; y la reuni\u00f3n de la Reserva Federal tras dos semanas de nerviosismo sobre un endurecimiento monetario antes de lo previsto.<br \/>\n   &#8220;El optimismo sobre la recuperaci\u00f3n seguir\u00e1 marcando la tendencia, que podr\u00eda verse alterada por un repunte en el rendimiento de los bonos o un cambio de discurso de la Fed&#8221;, ha a\u00f1adido el analista de XTB.<br \/>\n<br \/>\n<!--noindex--><br \/>\n<a href=\"https:\/\/www.europapress.es\/economia\/bolsa-00348\/noticia-ibex-35-recupera-35-ano-cuando-cumple-aniversario-mayor-caida-historia-20210312181032.html\" rel=\"nofollow\">Source link <\/a><br \/>\n<!--\/noindex--><\/p>\n","protected":false},"excerpt":{"rendered":"<p>Gana en la semana un 4,32% y se coloca en m\u00e1ximos anuales MADRID, 12 Mar. (EUROPA PRESS) &#8211; El Ibex 35 celebra este viernes el primer aniversario de la mayor ca\u00edda de su historia, que se anot\u00f3 el 12 de marzo de 2020 ante el temor y la incertidumbre por el avance de la pandemia [&hellip;]<\/p>\n","protected":false},"author":2,"featured_media":13859,"comment_status":"open","ping_status":"open","sticky":false,"template":"","format":"standard","meta":{"footnotes":""},"categories":[1],"tags":[],"class_list":["post-13858","post","type-post","status-publish","format-standard","has-post-thumbnail","hentry","category-noticias-financieras"],"yoast_head":"<!-- This site is optimized with the Yoast SEO plugin v27.4 - https:\/\/yoast.com\/product\/yoast-seo-wordpress\/ -->\n<title>El Ibex 35 recupera un 35% en un a\u00f1o, cuando se cumple el aniversario de la mayor ca\u00edda de su historia - Super News<\/title>\n<meta name=\"robots\" content=\"index, follow, max-snippet:-1, max-image-preview:large, max-video-preview:-1\" \/>\n<link rel=\"canonical\" href=\"https:\/\/super-news.info\/es\/el-ibex-35-recupera-un-35-en-un-ano-cuando-se-cumple-el-aniversario-de-la-mayor-caida-de-su-historia\/\" \/>\n<meta property=\"og:locale\" content=\"en_US\" \/>\n<meta property=\"og:type\" content=\"article\" \/>\n<meta property=\"og:title\" content=\"El Ibex 35 recupera un 35% en un a\u00f1o, cuando se cumple el aniversario de la mayor ca\u00edda de su historia - Super News\" \/>\n<meta property=\"og:description\" content=\"Gana en la semana un 4,32% y se coloca en m\u00e1ximos anuales MADRID, 12 Mar. (EUROPA PRESS) &#8211; El Ibex 35 celebra este viernes el primer aniversario de la mayor ca\u00edda de su historia, que se anot\u00f3 el 12 de marzo de 2020 ante el temor y la incertidumbre por el avance de la pandemia [&hellip;]\" \/>\n<meta property=\"og:url\" content=\"https:\/\/super-news.info\/es\/el-ibex-35-recupera-un-35-en-un-ano-cuando-se-cumple-el-aniversario-de-la-mayor-caida-de-su-historia\/\" \/>\n<meta property=\"og:site_name\" content=\"Super News\" \/>\n<meta property=\"article:published_time\" content=\"2021-03-13T02:56:47+00:00\" \/>\n<meta property=\"article:modified_time\" content=\"2021-03-13T02:56:49+00:00\" \/>\n<meta property=\"og:image\" content=\"https:\/\/super-news.info\/es\/wp-content\/uploads\/sites\/4\/2021\/03\/El-Ibex-35-recupera-un-35-en-un-ano-cuando.jpg\" \/>\n\t<meta property=\"og:image:width\" content=\"120\" \/>\n\t<meta property=\"og:image:height\" content=\"80\" \/>\n\t<meta property=\"og:image:type\" content=\"image\/jpeg\" \/>\n<meta name=\"author\" content=\"super-news\" \/>\n<meta name=\"twitter:card\" content=\"summary_large_image\" \/>\n<meta name=\"twitter:label1\" content=\"Written by\" \/>\n\t<meta name=\"twitter:data1\" content=\"super-news\" \/>\n\t<meta name=\"twitter:label2\" content=\"Est. reading time\" \/>\n\t<meta name=\"twitter:data2\" content=\"3 minutes\" \/>\n<script type=\"application\/ld+json\" class=\"yoast-schema-graph\">{\"@context\":\"https:\\\/\\\/schema.org\",\"@graph\":[{\"@type\":\"Article\",\"@id\":\"https:\\\/\\\/super-news.info\\\/es\\\/el-ibex-35-recupera-un-35-en-un-ano-cuando-se-cumple-el-aniversario-de-la-mayor-caida-de-su-historia\\\/#article\",\"isPartOf\":{\"@id\":\"https:\\\/\\\/super-news.info\\\/es\\\/el-ibex-35-recupera-un-35-en-un-ano-cuando-se-cumple-el-aniversario-de-la-mayor-caida-de-su-historia\\\/\"},\"author\":{\"name\":\"super-news\",\"@id\":\"https:\\\/\\\/super-news.info\\\/es\\\/#\\\/schema\\\/person\\\/2d4068cb2f39cd10008c2fce578a7356\"},\"headline\":\"El Ibex 35 recupera un 35% en un a\u00f1o, cuando se cumple el aniversario de la mayor ca\u00edda de su historia\",\"datePublished\":\"2021-03-13T02:56:47+00:00\",\"dateModified\":\"2021-03-13T02:56:49+00:00\",\"mainEntityOfPage\":{\"@id\":\"https:\\\/\\\/super-news.info\\\/es\\\/el-ibex-35-recupera-un-35-en-un-ano-cuando-se-cumple-el-aniversario-de-la-mayor-caida-de-su-historia\\\/\"},\"wordCount\":717,\"commentCount\":0,\"image\":{\"@id\":\"https:\\\/\\\/super-news.info\\\/es\\\/el-ibex-35-recupera-un-35-en-un-ano-cuando-se-cumple-el-aniversario-de-la-mayor-caida-de-su-historia\\\/#primaryimage\"},\"thumbnailUrl\":\"https:\\\/\\\/super-news.info\\\/es\\\/wp-content\\\/uploads\\\/sites\\\/4\\\/2021\\\/03\\\/El-Ibex-35-recupera-un-35-en-un-ano-cuando.jpg\",\"articleSection\":[\"NOTICIAS FINANCIERAS\"],\"inLanguage\":\"en-US\",\"potentialAction\":[{\"@type\":\"CommentAction\",\"name\":\"Comment\",\"target\":[\"https:\\\/\\\/super-news.info\\\/es\\\/el-ibex-35-recupera-un-35-en-un-ano-cuando-se-cumple-el-aniversario-de-la-mayor-caida-de-su-historia\\\/#respond\"]}]},{\"@type\":\"WebPage\",\"@id\":\"https:\\\/\\\/super-news.info\\\/es\\\/el-ibex-35-recupera-un-35-en-un-ano-cuando-se-cumple-el-aniversario-de-la-mayor-caida-de-su-historia\\\/\",\"url\":\"https:\\\/\\\/super-news.info\\\/es\\\/el-ibex-35-recupera-un-35-en-un-ano-cuando-se-cumple-el-aniversario-de-la-mayor-caida-de-su-historia\\\/\",\"name\":\"El Ibex 35 recupera un 35% en un a\u00f1o, cuando se cumple el aniversario de la mayor ca\u00edda de su historia - Super News\",\"isPartOf\":{\"@id\":\"https:\\\/\\\/super-news.info\\\/es\\\/#website\"},\"primaryImageOfPage\":{\"@id\":\"https:\\\/\\\/super-news.info\\\/es\\\/el-ibex-35-recupera-un-35-en-un-ano-cuando-se-cumple-el-aniversario-de-la-mayor-caida-de-su-historia\\\/#primaryimage\"},\"image\":{\"@id\":\"https:\\\/\\\/super-news.info\\\/es\\\/el-ibex-35-recupera-un-35-en-un-ano-cuando-se-cumple-el-aniversario-de-la-mayor-caida-de-su-historia\\\/#primaryimage\"},\"thumbnailUrl\":\"https:\\\/\\\/super-news.info\\\/es\\\/wp-content\\\/uploads\\\/sites\\\/4\\\/2021\\\/03\\\/El-Ibex-35-recupera-un-35-en-un-ano-cuando.jpg\",\"datePublished\":\"2021-03-13T02:56:47+00:00\",\"dateModified\":\"2021-03-13T02:56:49+00:00\",\"author\":{\"@id\":\"https:\\\/\\\/super-news.info\\\/es\\\/#\\\/schema\\\/person\\\/2d4068cb2f39cd10008c2fce578a7356\"},\"breadcrumb\":{\"@id\":\"https:\\\/\\\/super-news.info\\\/es\\\/el-ibex-35-recupera-un-35-en-un-ano-cuando-se-cumple-el-aniversario-de-la-mayor-caida-de-su-historia\\\/#breadcrumb\"},\"inLanguage\":\"en-US\",\"potentialAction\":[{\"@type\":\"ReadAction\",\"target\":[\"https:\\\/\\\/super-news.info\\\/es\\\/el-ibex-35-recupera-un-35-en-un-ano-cuando-se-cumple-el-aniversario-de-la-mayor-caida-de-su-historia\\\/\"]}]},{\"@type\":\"ImageObject\",\"inLanguage\":\"en-US\",\"@id\":\"https:\\\/\\\/super-news.info\\\/es\\\/el-ibex-35-recupera-un-35-en-un-ano-cuando-se-cumple-el-aniversario-de-la-mayor-caida-de-su-historia\\\/#primaryimage\",\"url\":\"https:\\\/\\\/super-news.info\\\/es\\\/wp-content\\\/uploads\\\/sites\\\/4\\\/2021\\\/03\\\/El-Ibex-35-recupera-un-35-en-un-ano-cuando.jpg\",\"contentUrl\":\"https:\\\/\\\/super-news.info\\\/es\\\/wp-content\\\/uploads\\\/sites\\\/4\\\/2021\\\/03\\\/El-Ibex-35-recupera-un-35-en-un-ano-cuando.jpg\",\"width\":120,\"height\":80,\"caption\":\"El Ibex 35 recupera un 35% en un a\u00f1o, cuando se cumple el aniversario de la mayor ca\u00edda de su historia\"},{\"@type\":\"BreadcrumbList\",\"@id\":\"https:\\\/\\\/super-news.info\\\/es\\\/el-ibex-35-recupera-un-35-en-un-ano-cuando-se-cumple-el-aniversario-de-la-mayor-caida-de-su-historia\\\/#breadcrumb\",\"itemListElement\":[{\"@type\":\"ListItem\",\"position\":1,\"name\":\"\u0413\u043b\u0430\u0432\u043d\u0430\u044f \u0441\u0442\u0440\u0430\u043d\u0438\u0446\u0430\",\"item\":\"https:\\\/\\\/super-news.info\\\/es\\\/\"},{\"@type\":\"ListItem\",\"position\":2,\"name\":\"El Ibex 35 recupera un 35% en un a\u00f1o, cuando se cumple el aniversario de la mayor ca\u00edda de su historia\"}]},{\"@type\":\"WebSite\",\"@id\":\"https:\\\/\\\/super-news.info\\\/es\\\/#website\",\"url\":\"https:\\\/\\\/super-news.info\\\/es\\\/\",\"name\":\"Super News\",\"description\":\"Super News Espa\u00f1a\",\"potentialAction\":[{\"@type\":\"SearchAction\",\"target\":{\"@type\":\"EntryPoint\",\"urlTemplate\":\"https:\\\/\\\/super-news.info\\\/es\\\/?s={search_term_string}\"},\"query-input\":{\"@type\":\"PropertyValueSpecification\",\"valueRequired\":true,\"valueName\":\"search_term_string\"}}],\"inLanguage\":\"en-US\"},{\"@type\":\"Person\",\"@id\":\"https:\\\/\\\/super-news.info\\\/es\\\/#\\\/schema\\\/person\\\/2d4068cb2f39cd10008c2fce578a7356\",\"name\":\"super-news\",\"image\":{\"@type\":\"ImageObject\",\"inLanguage\":\"en-US\",\"@id\":\"https:\\\/\\\/secure.gravatar.com\\\/avatar\\\/64ebac40b93f26a154f8a9b5b6fdccfc46f442b26b3dd6756dbff3bf9dc76fd7?s=96&d=mm&r=g\",\"url\":\"https:\\\/\\\/secure.gravatar.com\\\/avatar\\\/64ebac40b93f26a154f8a9b5b6fdccfc46f442b26b3dd6756dbff3bf9dc76fd7?s=96&d=mm&r=g\",\"contentUrl\":\"https:\\\/\\\/secure.gravatar.com\\\/avatar\\\/64ebac40b93f26a154f8a9b5b6fdccfc46f442b26b3dd6756dbff3bf9dc76fd7?s=96&d=mm&r=g\",\"caption\":\"super-news\"},\"url\":\"https:\\\/\\\/super-news.info\\\/es\\\/author\\\/pt\\\/\"}]}<\/script>\n<!-- \/ Yoast SEO plugin. -->","yoast_head_json":{"title":"El Ibex 35 recupera un 35% en un a\u00f1o, cuando se cumple el aniversario de la mayor ca\u00edda de su historia - Super News","robots":{"index":"index","follow":"follow","max-snippet":"max-snippet:-1","max-image-preview":"max-image-preview:large","max-video-preview":"max-video-preview:-1"},"canonical":"https:\/\/super-news.info\/es\/el-ibex-35-recupera-un-35-en-un-ano-cuando-se-cumple-el-aniversario-de-la-mayor-caida-de-su-historia\/","og_locale":"en_US","og_type":"article","og_title":"El Ibex 35 recupera un 35% en un a\u00f1o, cuando se cumple el aniversario de la mayor ca\u00edda de su historia - Super News","og_description":"Gana en la semana un 4,32% y se coloca en m\u00e1ximos anuales MADRID, 12 Mar. (EUROPA PRESS) &#8211; El Ibex 35 celebra este viernes el primer aniversario de la mayor ca\u00edda de su historia, que se anot\u00f3 el 12 de marzo de 2020 ante el temor y la incertidumbre por el avance de la pandemia [&hellip;]","og_url":"https:\/\/super-news.info\/es\/el-ibex-35-recupera-un-35-en-un-ano-cuando-se-cumple-el-aniversario-de-la-mayor-caida-de-su-historia\/","og_site_name":"Super News","article_published_time":"2021-03-13T02:56:47+00:00","article_modified_time":"2021-03-13T02:56:49+00:00","og_image":[{"width":120,"height":80,"url":"https:\/\/super-news.info\/es\/wp-content\/uploads\/sites\/4\/2021\/03\/El-Ibex-35-recupera-un-35-en-un-ano-cuando.jpg","type":"image\/jpeg"}],"author":"super-news","twitter_card":"summary_large_image","twitter_misc":{"Written by":"super-news","Est. reading time":"3 minutes"},"schema":{"@context":"https:\/\/schema.org","@graph":[{"@type":"Article","@id":"https:\/\/super-news.info\/es\/el-ibex-35-recupera-un-35-en-un-ano-cuando-se-cumple-el-aniversario-de-la-mayor-caida-de-su-historia\/#article","isPartOf":{"@id":"https:\/\/super-news.info\/es\/el-ibex-35-recupera-un-35-en-un-ano-cuando-se-cumple-el-aniversario-de-la-mayor-caida-de-su-historia\/"},"author":{"name":"super-news","@id":"https:\/\/super-news.info\/es\/#\/schema\/person\/2d4068cb2f39cd10008c2fce578a7356"},"headline":"El Ibex 35 recupera un 35% en un a\u00f1o, cuando se cumple el aniversario de la mayor ca\u00edda de su historia","datePublished":"2021-03-13T02:56:47+00:00","dateModified":"2021-03-13T02:56:49+00:00","mainEntityOfPage":{"@id":"https:\/\/super-news.info\/es\/el-ibex-35-recupera-un-35-en-un-ano-cuando-se-cumple-el-aniversario-de-la-mayor-caida-de-su-historia\/"},"wordCount":717,"commentCount":0,"image":{"@id":"https:\/\/super-news.info\/es\/el-ibex-35-recupera-un-35-en-un-ano-cuando-se-cumple-el-aniversario-de-la-mayor-caida-de-su-historia\/#primaryimage"},"thumbnailUrl":"https:\/\/super-news.info\/es\/wp-content\/uploads\/sites\/4\/2021\/03\/El-Ibex-35-recupera-un-35-en-un-ano-cuando.jpg","articleSection":["NOTICIAS FINANCIERAS"],"inLanguage":"en-US","potentialAction":[{"@type":"CommentAction","name":"Comment","target":["https:\/\/super-news.info\/es\/el-ibex-35-recupera-un-35-en-un-ano-cuando-se-cumple-el-aniversario-de-la-mayor-caida-de-su-historia\/#respond"]}]},{"@type":"WebPage","@id":"https:\/\/super-news.info\/es\/el-ibex-35-recupera-un-35-en-un-ano-cuando-se-cumple-el-aniversario-de-la-mayor-caida-de-su-historia\/","url":"https:\/\/super-news.info\/es\/el-ibex-35-recupera-un-35-en-un-ano-cuando-se-cumple-el-aniversario-de-la-mayor-caida-de-su-historia\/","name":"El Ibex 35 recupera un 35% en un a\u00f1o, cuando se cumple el aniversario de la mayor ca\u00edda de su historia - Super News","isPartOf":{"@id":"https:\/\/super-news.info\/es\/#website"},"primaryImageOfPage":{"@id":"https:\/\/super-news.info\/es\/el-ibex-35-recupera-un-35-en-un-ano-cuando-se-cumple-el-aniversario-de-la-mayor-caida-de-su-historia\/#primaryimage"},"image":{"@id":"https:\/\/super-news.info\/es\/el-ibex-35-recupera-un-35-en-un-ano-cuando-se-cumple-el-aniversario-de-la-mayor-caida-de-su-historia\/#primaryimage"},"thumbnailUrl":"https:\/\/super-news.info\/es\/wp-content\/uploads\/sites\/4\/2021\/03\/El-Ibex-35-recupera-un-35-en-un-ano-cuando.jpg","datePublished":"2021-03-13T02:56:47+00:00","dateModified":"2021-03-13T02:56:49+00:00","author":{"@id":"https:\/\/super-news.info\/es\/#\/schema\/person\/2d4068cb2f39cd10008c2fce578a7356"},"breadcrumb":{"@id":"https:\/\/super-news.info\/es\/el-ibex-35-recupera-un-35-en-un-ano-cuando-se-cumple-el-aniversario-de-la-mayor-caida-de-su-historia\/#breadcrumb"},"inLanguage":"en-US","potentialAction":[{"@type":"ReadAction","target":["https:\/\/super-news.info\/es\/el-ibex-35-recupera-un-35-en-un-ano-cuando-se-cumple-el-aniversario-de-la-mayor-caida-de-su-historia\/"]}]},{"@type":"ImageObject","inLanguage":"en-US","@id":"https:\/\/super-news.info\/es\/el-ibex-35-recupera-un-35-en-un-ano-cuando-se-cumple-el-aniversario-de-la-mayor-caida-de-su-historia\/#primaryimage","url":"https:\/\/super-news.info\/es\/wp-content\/uploads\/sites\/4\/2021\/03\/El-Ibex-35-recupera-un-35-en-un-ano-cuando.jpg","contentUrl":"https:\/\/super-news.info\/es\/wp-content\/uploads\/sites\/4\/2021\/03\/El-Ibex-35-recupera-un-35-en-un-ano-cuando.jpg","width":120,"height":80,"caption":"El Ibex 35 recupera un 35% en un a\u00f1o, cuando se cumple el aniversario de la mayor ca\u00edda de su historia"},{"@type":"BreadcrumbList","@id":"https:\/\/super-news.info\/es\/el-ibex-35-recupera-un-35-en-un-ano-cuando-se-cumple-el-aniversario-de-la-mayor-caida-de-su-historia\/#breadcrumb","itemListElement":[{"@type":"ListItem","position":1,"name":"\u0413\u043b\u0430\u0432\u043d\u0430\u044f \u0441\u0442\u0440\u0430\u043d\u0438\u0446\u0430","item":"https:\/\/super-news.info\/es\/"},{"@type":"ListItem","position":2,"name":"El Ibex 35 recupera un 35% en un a\u00f1o, cuando se cumple el aniversario de la mayor ca\u00edda de su historia"}]},{"@type":"WebSite","@id":"https:\/\/super-news.info\/es\/#website","url":"https:\/\/super-news.info\/es\/","name":"Super News","description":"Super News Espa\u00f1a","potentialAction":[{"@type":"SearchAction","target":{"@type":"EntryPoint","urlTemplate":"https:\/\/super-news.info\/es\/?s={search_term_string}"},"query-input":{"@type":"PropertyValueSpecification","valueRequired":true,"valueName":"search_term_string"}}],"inLanguage":"en-US"},{"@type":"Person","@id":"https:\/\/super-news.info\/es\/#\/schema\/person\/2d4068cb2f39cd10008c2fce578a7356","name":"super-news","image":{"@type":"ImageObject","inLanguage":"en-US","@id":"https:\/\/secure.gravatar.com\/avatar\/64ebac40b93f26a154f8a9b5b6fdccfc46f442b26b3dd6756dbff3bf9dc76fd7?s=96&d=mm&r=g","url":"https:\/\/secure.gravatar.com\/avatar\/64ebac40b93f26a154f8a9b5b6fdccfc46f442b26b3dd6756dbff3bf9dc76fd7?s=96&d=mm&r=g","contentUrl":"https:\/\/secure.gravatar.com\/avatar\/64ebac40b93f26a154f8a9b5b6fdccfc46f442b26b3dd6756dbff3bf9dc76fd7?s=96&d=mm&r=g","caption":"super-news"},"url":"https:\/\/super-news.info\/es\/author\/pt\/"}]}},"_links":{"self":[{"href":"https:\/\/super-news.info\/es\/wp-json\/wp\/v2\/posts\/13858","targetHints":{"allow":["GET"]}}],"collection":[{"href":"https:\/\/super-news.info\/es\/wp-json\/wp\/v2\/posts"}],"about":[{"href":"https:\/\/super-news.info\/es\/wp-json\/wp\/v2\/types\/post"}],"author":[{"embeddable":true,"href":"https:\/\/super-news.info\/es\/wp-json\/wp\/v2\/users\/2"}],"replies":[{"embeddable":true,"href":"https:\/\/super-news.info\/es\/wp-json\/wp\/v2\/comments?post=13858"}],"version-history":[{"count":1,"href":"https:\/\/super-news.info\/es\/wp-json\/wp\/v2\/posts\/13858\/revisions"}],"predecessor-version":[{"id":13860,"href":"https:\/\/super-news.info\/es\/wp-json\/wp\/v2\/posts\/13858\/revisions\/13860"}],"wp:featuredmedia":[{"embeddable":true,"href":"https:\/\/super-news.info\/es\/wp-json\/wp\/v2\/media\/13859"}],"wp:attachment":[{"href":"https:\/\/super-news.info\/es\/wp-json\/wp\/v2\/media?parent=13858"}],"wp:term":[{"taxonomy":"category","embeddable":true,"href":"https:\/\/super-news.info\/es\/wp-json\/wp\/v2\/categories?post=13858"},{"taxonomy":"post_tag","embeddable":true,"href":"https:\/\/super-news.info\/es\/wp-json\/wp\/v2\/tags?post=13858"}],"curies":[{"name":"wp","href":"https:\/\/api.w.org\/{rel}","templated":true}]}}