{"id":13846,"date":"2021-03-12T05:52:23","date_gmt":"2021-03-12T02:52:23","guid":{"rendered":"https:\/\/super-news.info\/es\/el-psoe-pone-fecha-al-primer-desmontaje-de-la-reforma-laboral-regular-las-subcontratas-antes-del-30-de-junio\/"},"modified":"2021-03-12T05:52:24","modified_gmt":"2021-03-12T02:52:24","slug":"el-psoe-pone-fecha-al-primer-desmontaje-de-la-reforma-laboral-regular-las-subcontratas-antes-del-30-de-junio","status":"publish","type":"post","link":"https:\/\/super-news.info\/es\/el-psoe-pone-fecha-al-primer-desmontaje-de-la-reforma-laboral-regular-las-subcontratas-antes-del-30-de-junio\/","title":{"rendered":"El PSOE pone fecha al primer desmontaje de la reforma laboral: regular las subcontratas antes del 30 de junio"},"content":{"rendered":"<p><\/p>\n<p>     &#13;<br \/>\n     &#13;<\/p>\n<p>Archivo &#8211; El secretario general del Grupo Socialista en el Congreso, Rafael Simancas, y la portavoz del PSOE en el Congreso, Adriana Lastra (c), charlan durante la Junta de Portavoces en la C\u00e1mara Baja, en Madrid (Espa\u00f1a), a 30 de noviembre de 2020. La re &#8211; EUROPA PRESS\/E. Parra. POOL &#8211; Europa Press <\/p>\n<p>MADRID, 11 Mar. (EUROPA PRESS) &#8211;<br \/>\n   El PSOE y ERC han pactado este jueves en el Congreso que el Gobierno regular\u00e1 antes del 30 de junio la prohibici\u00f3n de precarizar las condiciones en una subcontrataci\u00f3n, una de las medidas contempladas en el prometido &#8216;desmontaje&#8217; de la reforma laboral de 2012.<br \/>\n   Estas tareas de derogaci\u00f3n de la reforma laboral est\u00e1n en manos de la ministra de Unidas Podemos, Yolanda D\u00edaz, que este mismo jueves ha convocado a sindicatos y patronal a iniciar las reuniones para iniciar esta derogaci\u00f3n.<br \/>\n   Unidas Podemos ha respaldado este plazo, as\u00ed como el PNV y EH-Bildu, con lo que el texto pactado por el PSOE y ERC ha salido adelante con mayor\u00eda suficiente en la Comisi\u00f3n de Trabajo, Inclusi\u00f3n, Seguridad Social y Migraciones, frente a la oposici\u00f3n del PP, Vox y Ciudadanos.<br \/>\n   Concretamente, el texto aprobado llama al Gobierno a aprobar medidas normativas que permitan asegurar que las condiciones de trabajo en una empresa subcontratada son las mismas que las de la empresa principal<br \/>\n   A esta propuesta del PSOE, los socialistas han pactado con ERC a\u00f1adir la siguiente enmienda, a la que ha tenido acceso Europa Press, poniendo fecha: &#8220;La propuesta normativa en cuesti\u00f3n ser\u00e1 adoptada por parte del Gobierno antes del 30 de junio de 2021&#8221;.<br \/>\n<br \/>\n<!--noindex--><br \/>\n<a href=\"https:\/\/www.europapress.es\/economia\/laboral-00346\/noticia-psoe-pone-fecha-primer-desmontaje-reforma-laboral-regular-subcontratas-antes-30-junio-20210311202940.html\" rel=\"nofollow\">Source link <\/a><br \/>\n<!--\/noindex--><\/p>\n","protected":false},"excerpt":{"rendered":"<p>&#13; &#13; Archivo &#8211; El secretario general del Grupo Socialista en el Congreso, Rafael Simancas, y la portavoz del PSOE en el Congreso, Adriana Lastra (c), charlan durante la Junta de Portavoces en la C\u00e1mara Baja, en Madrid (Espa\u00f1a), a 30 de noviembre de 2020. La re &#8211; EUROPA PRESS\/E. Parra. POOL &#8211; Europa Press [&hellip;]<\/p>\n","protected":false},"author":2,"featured_media":13847,"comment_status":"open","ping_status":"open","sticky":false,"template":"","format":"standard","meta":{"footnotes":""},"categories":[1],"tags":[],"class_list":["post-13846","post","type-post","status-publish","format-standard","has-post-thumbnail","hentry","category-noticias-financieras"],"yoast_head":"<!-- This site is optimized with the Yoast SEO plugin v27.4 - https:\/\/yoast.com\/product\/yoast-seo-wordpress\/ -->\n<title>El PSOE pone fecha al primer desmontaje de la reforma laboral: regular las subcontratas antes del 30 de junio - Super News<\/title>\n<meta name=\"robots\" content=\"index, follow, max-snippet:-1, max-image-preview:large, max-video-preview:-1\" \/>\n<link rel=\"canonical\" href=\"https:\/\/super-news.info\/es\/el-psoe-pone-fecha-al-primer-desmontaje-de-la-reforma-laboral-regular-las-subcontratas-antes-del-30-de-junio\/\" \/>\n<meta property=\"og:locale\" content=\"en_US\" \/>\n<meta property=\"og:type\" content=\"article\" \/>\n<meta property=\"og:title\" content=\"El PSOE pone fecha al primer desmontaje de la reforma laboral: regular las subcontratas antes del 30 de junio - Super News\" \/>\n<meta property=\"og:description\" content=\"&#013; &#013; Archivo &#8211; El secretario general del Grupo Socialista en el Congreso, Rafael Simancas, y la portavoz del PSOE en el Congreso, Adriana Lastra (c), charlan durante la Junta de Portavoces en la C\u00e1mara Baja, en Madrid (Espa\u00f1a), a 30 de noviembre de 2020. La re &#8211; EUROPA PRESS\/E. Parra. POOL &#8211; Europa Press [&hellip;]\" \/>\n<meta property=\"og:url\" content=\"https:\/\/super-news.info\/es\/el-psoe-pone-fecha-al-primer-desmontaje-de-la-reforma-laboral-regular-las-subcontratas-antes-del-30-de-junio\/\" \/>\n<meta property=\"og:site_name\" content=\"Super News\" \/>\n<meta property=\"article:published_time\" content=\"2021-03-12T02:52:23+00:00\" \/>\n<meta property=\"article:modified_time\" content=\"2021-03-12T02:52:24+00:00\" \/>\n<meta property=\"og:image\" content=\"https:\/\/super-news.info\/es\/wp-content\/uploads\/sites\/4\/2021\/03\/El-PSOE-pone-fecha-al-primer-desmontaje-de-la-reforma.jpg\" \/>\n\t<meta property=\"og:image:width\" content=\"120\" \/>\n\t<meta property=\"og:image:height\" content=\"87\" \/>\n\t<meta property=\"og:image:type\" content=\"image\/jpeg\" \/>\n<meta name=\"author\" content=\"super-news\" \/>\n<meta name=\"twitter:card\" content=\"summary_large_image\" \/>\n<meta name=\"twitter:label1\" content=\"Written by\" \/>\n\t<meta name=\"twitter:data1\" content=\"super-news\" \/>\n\t<meta name=\"twitter:label2\" content=\"Est. reading time\" \/>\n\t<meta name=\"twitter:data2\" content=\"1 minute\" \/>\n<script type=\"application\/ld+json\" class=\"yoast-schema-graph\">{\"@context\":\"https:\\\/\\\/schema.org\",\"@graph\":[{\"@type\":\"Article\",\"@id\":\"https:\\\/\\\/super-news.info\\\/es\\\/el-psoe-pone-fecha-al-primer-desmontaje-de-la-reforma-laboral-regular-las-subcontratas-antes-del-30-de-junio\\\/#article\",\"isPartOf\":{\"@id\":\"https:\\\/\\\/super-news.info\\\/es\\\/el-psoe-pone-fecha-al-primer-desmontaje-de-la-reforma-laboral-regular-las-subcontratas-antes-del-30-de-junio\\\/\"},\"author\":{\"name\":\"super-news\",\"@id\":\"https:\\\/\\\/super-news.info\\\/es\\\/#\\\/schema\\\/person\\\/2d4068cb2f39cd10008c2fce578a7356\"},\"headline\":\"El PSOE pone fecha al primer desmontaje de la reforma laboral: regular las subcontratas antes del 30 de junio\",\"datePublished\":\"2021-03-12T02:52:23+00:00\",\"dateModified\":\"2021-03-12T02:52:24+00:00\",\"mainEntityOfPage\":{\"@id\":\"https:\\\/\\\/super-news.info\\\/es\\\/el-psoe-pone-fecha-al-primer-desmontaje-de-la-reforma-laboral-regular-las-subcontratas-antes-del-30-de-junio\\\/\"},\"wordCount\":291,\"commentCount\":0,\"image\":{\"@id\":\"https:\\\/\\\/super-news.info\\\/es\\\/el-psoe-pone-fecha-al-primer-desmontaje-de-la-reforma-laboral-regular-las-subcontratas-antes-del-30-de-junio\\\/#primaryimage\"},\"thumbnailUrl\":\"https:\\\/\\\/super-news.info\\\/es\\\/wp-content\\\/uploads\\\/sites\\\/4\\\/2021\\\/03\\\/El-PSOE-pone-fecha-al-primer-desmontaje-de-la-reforma.jpg\",\"articleSection\":[\"NOTICIAS FINANCIERAS\"],\"inLanguage\":\"en-US\",\"potentialAction\":[{\"@type\":\"CommentAction\",\"name\":\"Comment\",\"target\":[\"https:\\\/\\\/super-news.info\\\/es\\\/el-psoe-pone-fecha-al-primer-desmontaje-de-la-reforma-laboral-regular-las-subcontratas-antes-del-30-de-junio\\\/#respond\"]}]},{\"@type\":\"WebPage\",\"@id\":\"https:\\\/\\\/super-news.info\\\/es\\\/el-psoe-pone-fecha-al-primer-desmontaje-de-la-reforma-laboral-regular-las-subcontratas-antes-del-30-de-junio\\\/\",\"url\":\"https:\\\/\\\/super-news.info\\\/es\\\/el-psoe-pone-fecha-al-primer-desmontaje-de-la-reforma-laboral-regular-las-subcontratas-antes-del-30-de-junio\\\/\",\"name\":\"El PSOE pone fecha al primer desmontaje de la reforma laboral: regular las subcontratas antes del 30 de junio - Super News\",\"isPartOf\":{\"@id\":\"https:\\\/\\\/super-news.info\\\/es\\\/#website\"},\"primaryImageOfPage\":{\"@id\":\"https:\\\/\\\/super-news.info\\\/es\\\/el-psoe-pone-fecha-al-primer-desmontaje-de-la-reforma-laboral-regular-las-subcontratas-antes-del-30-de-junio\\\/#primaryimage\"},\"image\":{\"@id\":\"https:\\\/\\\/super-news.info\\\/es\\\/el-psoe-pone-fecha-al-primer-desmontaje-de-la-reforma-laboral-regular-las-subcontratas-antes-del-30-de-junio\\\/#primaryimage\"},\"thumbnailUrl\":\"https:\\\/\\\/super-news.info\\\/es\\\/wp-content\\\/uploads\\\/sites\\\/4\\\/2021\\\/03\\\/El-PSOE-pone-fecha-al-primer-desmontaje-de-la-reforma.jpg\",\"datePublished\":\"2021-03-12T02:52:23+00:00\",\"dateModified\":\"2021-03-12T02:52:24+00:00\",\"author\":{\"@id\":\"https:\\\/\\\/super-news.info\\\/es\\\/#\\\/schema\\\/person\\\/2d4068cb2f39cd10008c2fce578a7356\"},\"breadcrumb\":{\"@id\":\"https:\\\/\\\/super-news.info\\\/es\\\/el-psoe-pone-fecha-al-primer-desmontaje-de-la-reforma-laboral-regular-las-subcontratas-antes-del-30-de-junio\\\/#breadcrumb\"},\"inLanguage\":\"en-US\",\"potentialAction\":[{\"@type\":\"ReadAction\",\"target\":[\"https:\\\/\\\/super-news.info\\\/es\\\/el-psoe-pone-fecha-al-primer-desmontaje-de-la-reforma-laboral-regular-las-subcontratas-antes-del-30-de-junio\\\/\"]}]},{\"@type\":\"ImageObject\",\"inLanguage\":\"en-US\",\"@id\":\"https:\\\/\\\/super-news.info\\\/es\\\/el-psoe-pone-fecha-al-primer-desmontaje-de-la-reforma-laboral-regular-las-subcontratas-antes-del-30-de-junio\\\/#primaryimage\",\"url\":\"https:\\\/\\\/super-news.info\\\/es\\\/wp-content\\\/uploads\\\/sites\\\/4\\\/2021\\\/03\\\/El-PSOE-pone-fecha-al-primer-desmontaje-de-la-reforma.jpg\",\"contentUrl\":\"https:\\\/\\\/super-news.info\\\/es\\\/wp-content\\\/uploads\\\/sites\\\/4\\\/2021\\\/03\\\/El-PSOE-pone-fecha-al-primer-desmontaje-de-la-reforma.jpg\",\"width\":120,\"height\":87,\"caption\":\"El PSOE pone fecha al primer desmontaje de la reforma laboral: regular las subcontratas antes del 30 de junio\"},{\"@type\":\"BreadcrumbList\",\"@id\":\"https:\\\/\\\/super-news.info\\\/es\\\/el-psoe-pone-fecha-al-primer-desmontaje-de-la-reforma-laboral-regular-las-subcontratas-antes-del-30-de-junio\\\/#breadcrumb\",\"itemListElement\":[{\"@type\":\"ListItem\",\"position\":1,\"name\":\"\u0413\u043b\u0430\u0432\u043d\u0430\u044f \u0441\u0442\u0440\u0430\u043d\u0438\u0446\u0430\",\"item\":\"https:\\\/\\\/super-news.info\\\/es\\\/\"},{\"@type\":\"ListItem\",\"position\":2,\"name\":\"El PSOE pone fecha al primer desmontaje de la reforma laboral: regular las subcontratas antes del 30 de junio\"}]},{\"@type\":\"WebSite\",\"@id\":\"https:\\\/\\\/super-news.info\\\/es\\\/#website\",\"url\":\"https:\\\/\\\/super-news.info\\\/es\\\/\",\"name\":\"Super News\",\"description\":\"Super News Espa\u00f1a\",\"potentialAction\":[{\"@type\":\"SearchAction\",\"target\":{\"@type\":\"EntryPoint\",\"urlTemplate\":\"https:\\\/\\\/super-news.info\\\/es\\\/?s={search_term_string}\"},\"query-input\":{\"@type\":\"PropertyValueSpecification\",\"valueRequired\":true,\"valueName\":\"search_term_string\"}}],\"inLanguage\":\"en-US\"},{\"@type\":\"Person\",\"@id\":\"https:\\\/\\\/super-news.info\\\/es\\\/#\\\/schema\\\/person\\\/2d4068cb2f39cd10008c2fce578a7356\",\"name\":\"super-news\",\"image\":{\"@type\":\"ImageObject\",\"inLanguage\":\"en-US\",\"@id\":\"https:\\\/\\\/secure.gravatar.com\\\/avatar\\\/64ebac40b93f26a154f8a9b5b6fdccfc46f442b26b3dd6756dbff3bf9dc76fd7?s=96&d=mm&r=g\",\"url\":\"https:\\\/\\\/secure.gravatar.com\\\/avatar\\\/64ebac40b93f26a154f8a9b5b6fdccfc46f442b26b3dd6756dbff3bf9dc76fd7?s=96&d=mm&r=g\",\"contentUrl\":\"https:\\\/\\\/secure.gravatar.com\\\/avatar\\\/64ebac40b93f26a154f8a9b5b6fdccfc46f442b26b3dd6756dbff3bf9dc76fd7?s=96&d=mm&r=g\",\"caption\":\"super-news\"},\"url\":\"https:\\\/\\\/super-news.info\\\/es\\\/author\\\/pt\\\/\"}]}<\/script>\n<!-- \/ Yoast SEO plugin. -->","yoast_head_json":{"title":"El PSOE pone fecha al primer desmontaje de la reforma laboral: regular las subcontratas antes del 30 de junio - Super News","robots":{"index":"index","follow":"follow","max-snippet":"max-snippet:-1","max-image-preview":"max-image-preview:large","max-video-preview":"max-video-preview:-1"},"canonical":"https:\/\/super-news.info\/es\/el-psoe-pone-fecha-al-primer-desmontaje-de-la-reforma-laboral-regular-las-subcontratas-antes-del-30-de-junio\/","og_locale":"en_US","og_type":"article","og_title":"El PSOE pone fecha al primer desmontaje de la reforma laboral: regular las subcontratas antes del 30 de junio - Super News","og_description":"&#13; &#13; Archivo &#8211; El secretario general del Grupo Socialista en el Congreso, Rafael Simancas, y la portavoz del PSOE en el Congreso, Adriana Lastra (c), charlan durante la Junta de Portavoces en la C\u00e1mara Baja, en Madrid (Espa\u00f1a), a 30 de noviembre de 2020. La re &#8211; EUROPA PRESS\/E. Parra. POOL &#8211; Europa Press [&hellip;]","og_url":"https:\/\/super-news.info\/es\/el-psoe-pone-fecha-al-primer-desmontaje-de-la-reforma-laboral-regular-las-subcontratas-antes-del-30-de-junio\/","og_site_name":"Super News","article_published_time":"2021-03-12T02:52:23+00:00","article_modified_time":"2021-03-12T02:52:24+00:00","og_image":[{"width":120,"height":87,"url":"https:\/\/super-news.info\/es\/wp-content\/uploads\/sites\/4\/2021\/03\/El-PSOE-pone-fecha-al-primer-desmontaje-de-la-reforma.jpg","type":"image\/jpeg"}],"author":"super-news","twitter_card":"summary_large_image","twitter_misc":{"Written by":"super-news","Est. reading time":"1 minute"},"schema":{"@context":"https:\/\/schema.org","@graph":[{"@type":"Article","@id":"https:\/\/super-news.info\/es\/el-psoe-pone-fecha-al-primer-desmontaje-de-la-reforma-laboral-regular-las-subcontratas-antes-del-30-de-junio\/#article","isPartOf":{"@id":"https:\/\/super-news.info\/es\/el-psoe-pone-fecha-al-primer-desmontaje-de-la-reforma-laboral-regular-las-subcontratas-antes-del-30-de-junio\/"},"author":{"name":"super-news","@id":"https:\/\/super-news.info\/es\/#\/schema\/person\/2d4068cb2f39cd10008c2fce578a7356"},"headline":"El PSOE pone fecha al primer desmontaje de la reforma laboral: regular las subcontratas antes del 30 de junio","datePublished":"2021-03-12T02:52:23+00:00","dateModified":"2021-03-12T02:52:24+00:00","mainEntityOfPage":{"@id":"https:\/\/super-news.info\/es\/el-psoe-pone-fecha-al-primer-desmontaje-de-la-reforma-laboral-regular-las-subcontratas-antes-del-30-de-junio\/"},"wordCount":291,"commentCount":0,"image":{"@id":"https:\/\/super-news.info\/es\/el-psoe-pone-fecha-al-primer-desmontaje-de-la-reforma-laboral-regular-las-subcontratas-antes-del-30-de-junio\/#primaryimage"},"thumbnailUrl":"https:\/\/super-news.info\/es\/wp-content\/uploads\/sites\/4\/2021\/03\/El-PSOE-pone-fecha-al-primer-desmontaje-de-la-reforma.jpg","articleSection":["NOTICIAS FINANCIERAS"],"inLanguage":"en-US","potentialAction":[{"@type":"CommentAction","name":"Comment","target":["https:\/\/super-news.info\/es\/el-psoe-pone-fecha-al-primer-desmontaje-de-la-reforma-laboral-regular-las-subcontratas-antes-del-30-de-junio\/#respond"]}]},{"@type":"WebPage","@id":"https:\/\/super-news.info\/es\/el-psoe-pone-fecha-al-primer-desmontaje-de-la-reforma-laboral-regular-las-subcontratas-antes-del-30-de-junio\/","url":"https:\/\/super-news.info\/es\/el-psoe-pone-fecha-al-primer-desmontaje-de-la-reforma-laboral-regular-las-subcontratas-antes-del-30-de-junio\/","name":"El PSOE pone fecha al primer desmontaje de la reforma laboral: regular las subcontratas antes del 30 de junio - Super News","isPartOf":{"@id":"https:\/\/super-news.info\/es\/#website"},"primaryImageOfPage":{"@id":"https:\/\/super-news.info\/es\/el-psoe-pone-fecha-al-primer-desmontaje-de-la-reforma-laboral-regular-las-subcontratas-antes-del-30-de-junio\/#primaryimage"},"image":{"@id":"https:\/\/super-news.info\/es\/el-psoe-pone-fecha-al-primer-desmontaje-de-la-reforma-laboral-regular-las-subcontratas-antes-del-30-de-junio\/#primaryimage"},"thumbnailUrl":"https:\/\/super-news.info\/es\/wp-content\/uploads\/sites\/4\/2021\/03\/El-PSOE-pone-fecha-al-primer-desmontaje-de-la-reforma.jpg","datePublished":"2021-03-12T02:52:23+00:00","dateModified":"2021-03-12T02:52:24+00:00","author":{"@id":"https:\/\/super-news.info\/es\/#\/schema\/person\/2d4068cb2f39cd10008c2fce578a7356"},"breadcrumb":{"@id":"https:\/\/super-news.info\/es\/el-psoe-pone-fecha-al-primer-desmontaje-de-la-reforma-laboral-regular-las-subcontratas-antes-del-30-de-junio\/#breadcrumb"},"inLanguage":"en-US","potentialAction":[{"@type":"ReadAction","target":["https:\/\/super-news.info\/es\/el-psoe-pone-fecha-al-primer-desmontaje-de-la-reforma-laboral-regular-las-subcontratas-antes-del-30-de-junio\/"]}]},{"@type":"ImageObject","inLanguage":"en-US","@id":"https:\/\/super-news.info\/es\/el-psoe-pone-fecha-al-primer-desmontaje-de-la-reforma-laboral-regular-las-subcontratas-antes-del-30-de-junio\/#primaryimage","url":"https:\/\/super-news.info\/es\/wp-content\/uploads\/sites\/4\/2021\/03\/El-PSOE-pone-fecha-al-primer-desmontaje-de-la-reforma.jpg","contentUrl":"https:\/\/super-news.info\/es\/wp-content\/uploads\/sites\/4\/2021\/03\/El-PSOE-pone-fecha-al-primer-desmontaje-de-la-reforma.jpg","width":120,"height":87,"caption":"El PSOE pone fecha al primer desmontaje de la reforma laboral: regular las subcontratas antes del 30 de junio"},{"@type":"BreadcrumbList","@id":"https:\/\/super-news.info\/es\/el-psoe-pone-fecha-al-primer-desmontaje-de-la-reforma-laboral-regular-las-subcontratas-antes-del-30-de-junio\/#breadcrumb","itemListElement":[{"@type":"ListItem","position":1,"name":"\u0413\u043b\u0430\u0432\u043d\u0430\u044f \u0441\u0442\u0440\u0430\u043d\u0438\u0446\u0430","item":"https:\/\/super-news.info\/es\/"},{"@type":"ListItem","position":2,"name":"El PSOE pone fecha al primer desmontaje de la reforma laboral: regular las subcontratas antes del 30 de junio"}]},{"@type":"WebSite","@id":"https:\/\/super-news.info\/es\/#website","url":"https:\/\/super-news.info\/es\/","name":"Super News","description":"Super News Espa\u00f1a","potentialAction":[{"@type":"SearchAction","target":{"@type":"EntryPoint","urlTemplate":"https:\/\/super-news.info\/es\/?s={search_term_string}"},"query-input":{"@type":"PropertyValueSpecification","valueRequired":true,"valueName":"search_term_string"}}],"inLanguage":"en-US"},{"@type":"Person","@id":"https:\/\/super-news.info\/es\/#\/schema\/person\/2d4068cb2f39cd10008c2fce578a7356","name":"super-news","image":{"@type":"ImageObject","inLanguage":"en-US","@id":"https:\/\/secure.gravatar.com\/avatar\/64ebac40b93f26a154f8a9b5b6fdccfc46f442b26b3dd6756dbff3bf9dc76fd7?s=96&d=mm&r=g","url":"https:\/\/secure.gravatar.com\/avatar\/64ebac40b93f26a154f8a9b5b6fdccfc46f442b26b3dd6756dbff3bf9dc76fd7?s=96&d=mm&r=g","contentUrl":"https:\/\/secure.gravatar.com\/avatar\/64ebac40b93f26a154f8a9b5b6fdccfc46f442b26b3dd6756dbff3bf9dc76fd7?s=96&d=mm&r=g","caption":"super-news"},"url":"https:\/\/super-news.info\/es\/author\/pt\/"}]}},"_links":{"self":[{"href":"https:\/\/super-news.info\/es\/wp-json\/wp\/v2\/posts\/13846","targetHints":{"allow":["GET"]}}],"collection":[{"href":"https:\/\/super-news.info\/es\/wp-json\/wp\/v2\/posts"}],"about":[{"href":"https:\/\/super-news.info\/es\/wp-json\/wp\/v2\/types\/post"}],"author":[{"embeddable":true,"href":"https:\/\/super-news.info\/es\/wp-json\/wp\/v2\/users\/2"}],"replies":[{"embeddable":true,"href":"https:\/\/super-news.info\/es\/wp-json\/wp\/v2\/comments?post=13846"}],"version-history":[{"count":1,"href":"https:\/\/super-news.info\/es\/wp-json\/wp\/v2\/posts\/13846\/revisions"}],"predecessor-version":[{"id":13848,"href":"https:\/\/super-news.info\/es\/wp-json\/wp\/v2\/posts\/13846\/revisions\/13848"}],"wp:featuredmedia":[{"embeddable":true,"href":"https:\/\/super-news.info\/es\/wp-json\/wp\/v2\/media\/13847"}],"wp:attachment":[{"href":"https:\/\/super-news.info\/es\/wp-json\/wp\/v2\/media?parent=13846"}],"wp:term":[{"taxonomy":"category","embeddable":true,"href":"https:\/\/super-news.info\/es\/wp-json\/wp\/v2\/categories?post=13846"},{"taxonomy":"post_tag","embeddable":true,"href":"https:\/\/super-news.info\/es\/wp-json\/wp\/v2\/tags?post=13846"}],"curies":[{"name":"wp","href":"https:\/\/api.w.org\/{rel}","templated":true}]}}