{"id":13834,"date":"2021-03-11T05:50:07","date_gmt":"2021-03-11T02:50:07","guid":{"rendered":"https:\/\/super-news.info\/es\/gobierno-y-agentes-sociales-llegan-a-un-acuerdo-para-el-texto-definitivo-de-la-ley-de-riders\/"},"modified":"2021-03-11T05:50:08","modified_gmt":"2021-03-11T02:50:08","slug":"gobierno-y-agentes-sociales-llegan-a-un-acuerdo-para-el-texto-definitivo-de-la-ley-de-riders","status":"publish","type":"post","link":"https:\/\/super-news.info\/es\/gobierno-y-agentes-sociales-llegan-a-un-acuerdo-para-el-texto-definitivo-de-la-ley-de-riders\/","title":{"rendered":"Gobierno y agentes sociales llegan a un acuerdo para el texto definitivo de la ley de &#8216;riders&#8217;"},"content":{"rendered":"<p>\nMADRID, 10 (EUROPA PRESS)<br \/>\nEl Ministerio de Trabajo y Econom\u00eda Social, CCOO y UGT y las organizaciones empresariales CEOE y Cepyme han alcanzado este mi\u00e9rcoles un acuerdo para regular la situaci\u00f3n laboral de los trabajadores que reparten o distribuyen cualquier producto a trav\u00e9s de plataformas digitales, conocidos como &#8216;riders&#8217;, seg\u00fan han informado las tres partes en un comunicado conjunto.<br \/>\nTrabajo y los agentes sociales han indicado que en el texto acordado se reconoce la presunci\u00f3n de laboralidad de los trabajadores que prestan servicios retribuidos de reparto a trav\u00e9s de empresas que gestionan esta labor mediante una plataforma digital, en l\u00ednea con la sentencia que dict\u00f3 el Tribunal Supremo en septiembre de 2020, en la que establec\u00eda que los repartidores son trabajadores por cuenta ajena y no aut\u00f3nomos.<br \/>\nAdem\u00e1s, el acuerdo, que se circunscribe al colectivo de repartidores, contempla que la representaci\u00f3n legal de los trabajadores deber\u00e1 ser informada de las reglas que encierran los algoritmos y los sistemas de inteligencia artificial que pueden incidir en las condiciones laborales por las que se rigen las plataformas, incluyendo el acceso y mantenimiento del empleo y la elaboraci\u00f3n de perfiles.<br \/>\nEn concreto, el texto dice que se recoger\u00e1 en el Estatuto de los Trabajadores que las empresas deber\u00e1n informar de los par\u00e1metros, reglas e instrucciones en los que se basan los algoritmos o sistemas de inteligencia artificial que afectan a la toma de decisiones que pueden incidir en las condiciones de trabajo, el acceso y el mantenimiento del empleo, incluida la elaboraci\u00f3n de perfiles.<br \/>\nEl texto del acuerdo se\u00f1ala que el Real Decreto-Ley que recoge la norma entrar\u00e1 en vigor a los tres meses de su publicaci\u00f3n en el Bolet\u00edn Oficial del Estado (BOE).<br \/>\nLa vicesecretar\u00eda general de UGT, Cristina Anto\u00f1anzas, ha se\u00f1alado que este acuerdo &#8220;es un primer paso de muchos en un camino que se comienza con el objetivo de seguir avanzando para regular las condiciones laborales de los trabajadores de las plataformas&#8221;.<br \/>\nFuentes de la CEOE han indicado a Europa Press que el acuerdo ha recibido el visto bueno de su Comit\u00e9 Ejecutivo y que en \u00e9l se respeta la confidencialidad del algoritmo.<br \/>\nSORDO HABLA DE &#8220;HITO&#8221; Y PIDE EXTENDERLO A M\u00c1S COLECTIVOS<br \/>\nPor su parte, el secretario general de CCOO, Unai Sordo, ha expresado su satisfacci\u00f3n por el acuerdo alcanzado porque reconoce la condici\u00f3n de trabajadores de las personas que se dedican al reparto en las plataformas digitales.<br \/>\n&#8220;Estas personas tienen que contar con derechos laborales. No son personal aut\u00f3nomo, sino que son trabajadores, y trasladar esto al Estatuto de los Trabajadores es un hito en la regulaci\u00f3n de esta nueva econom\u00eda de plataforma&#8221;, ha subrayado.<br \/>\nEl dirigente de CCOO ha resaltado adem\u00e1s que, mediante este acuerdo, se ha conseguido que se reconozca que las condiciones de trabajo que se fijan a trav\u00e9s de los algoritmos de estas plataformas se pongan a disposici\u00f3n de los representantes de los trabajadores.<br \/>\n&#8220;Es un paso muy importante para regular convenientemente toda esta econom\u00eda de plataforma que hasta ahora se ha utilizado, sobre todo, para precarizar el empleo&#8221;, ha indicado el l\u00edder sindical, que ha a\u00f1adido que este acuerdo sobre los &#8216;riders&#8217; &#8220;tiene que extenderse paulatinamente&#8221; al conjunto de las nuevas relaciones que se dan en las plataformas digitales.<br \/>\nEl pasado mes de septiembre, el Pleno de la Sala Cuarta del Tribunal Supremo declar\u00f3 que la relaci\u00f3n existente entre un repartidor, &#8216;rider&#8217;, y la empresa Glovo tiene naturaleza laboral, por lo que rechaz\u00f3 elevar cuesti\u00f3n prejudicial al Tribunal de Justicia de la Uni\u00f3n Europea.<br \/>\nEl acuerdo llega despu\u00e9s de que el Ministerio que dirige D\u00edaz y los interlocutores sociales hayan trabajado en esta nueva Ley desde, al menos, enero del a\u00f1o pasado, cuando la ministra asegur\u00f3 que la regulaci\u00f3n de la actividad de los &#8216;riders&#8217; de acuerdo a la legislaci\u00f3n laboral iba a hacerse &#8220;con urgencia&#8221;.<\/p>\n<p>\n<!--noindex--><br \/>\n<a href=\"https:\/\/www.europapress.es\/economia\/laboral-00346\/noticia-gobierno-agentes-sociales-llegan-acuerdo-texto-definitivo-ley-riders-20210310205846.html\" rel=\"nofollow\">Source link <\/a><br \/>\n<!--\/noindex--><\/p>\n","protected":false},"excerpt":{"rendered":"<p>MADRID, 10 (EUROPA PRESS) El Ministerio de Trabajo y Econom\u00eda Social, CCOO y UGT y las organizaciones empresariales CEOE y Cepyme han alcanzado este mi\u00e9rcoles un acuerdo para regular la situaci\u00f3n laboral de los trabajadores que reparten o distribuyen cualquier producto a trav\u00e9s de plataformas digitales, conocidos como &#8216;riders&#8217;, seg\u00fan han informado las tres partes [&hellip;]<\/p>\n","protected":false},"author":2,"featured_media":13835,"comment_status":"open","ping_status":"open","sticky":false,"template":"","format":"standard","meta":{"footnotes":""},"categories":[1],"tags":[],"class_list":["post-13834","post","type-post","status-publish","format-standard","has-post-thumbnail","hentry","category-noticias-financieras"],"yoast_head":"<!-- This site is optimized with the Yoast SEO plugin v27.4 - https:\/\/yoast.com\/product\/yoast-seo-wordpress\/ -->\n<title>Gobierno y agentes sociales llegan a un acuerdo para el texto definitivo de la ley de &#039;riders&#039; - Super News<\/title>\n<meta name=\"robots\" content=\"index, follow, max-snippet:-1, max-image-preview:large, max-video-preview:-1\" \/>\n<link rel=\"canonical\" href=\"https:\/\/super-news.info\/es\/gobierno-y-agentes-sociales-llegan-a-un-acuerdo-para-el-texto-definitivo-de-la-ley-de-riders\/\" \/>\n<meta property=\"og:locale\" content=\"en_US\" \/>\n<meta property=\"og:type\" content=\"article\" \/>\n<meta property=\"og:title\" content=\"Gobierno y agentes sociales llegan a un acuerdo para el texto definitivo de la ley de &#039;riders&#039; - Super News\" \/>\n<meta property=\"og:description\" content=\"MADRID, 10 (EUROPA PRESS) El Ministerio de Trabajo y Econom\u00eda Social, CCOO y UGT y las organizaciones empresariales CEOE y Cepyme han alcanzado este mi\u00e9rcoles un acuerdo para regular la situaci\u00f3n laboral de los trabajadores que reparten o distribuyen cualquier producto a trav\u00e9s de plataformas digitales, conocidos como &#8216;riders&#8217;, seg\u00fan han informado las tres partes [&hellip;]\" \/>\n<meta property=\"og:url\" content=\"https:\/\/super-news.info\/es\/gobierno-y-agentes-sociales-llegan-a-un-acuerdo-para-el-texto-definitivo-de-la-ley-de-riders\/\" \/>\n<meta property=\"og:site_name\" content=\"Super News\" \/>\n<meta property=\"article:published_time\" content=\"2021-03-11T02:50:07+00:00\" \/>\n<meta property=\"article:modified_time\" content=\"2021-03-11T02:50:08+00:00\" \/>\n<meta property=\"og:image\" content=\"https:\/\/super-news.info\/es\/wp-content\/uploads\/sites\/4\/2021\/03\/Gobierno-y-agentes-sociales-llegan-a-un-acuerdo-para-el.jpg\" \/>\n\t<meta property=\"og:image:width\" content=\"120\" \/>\n\t<meta property=\"og:image:height\" content=\"80\" \/>\n\t<meta property=\"og:image:type\" content=\"image\/jpeg\" \/>\n<meta name=\"author\" content=\"super-news\" \/>\n<meta name=\"twitter:card\" content=\"summary_large_image\" \/>\n<meta name=\"twitter:label1\" content=\"Written by\" \/>\n\t<meta name=\"twitter:data1\" content=\"super-news\" \/>\n\t<meta name=\"twitter:label2\" content=\"Est. reading time\" \/>\n\t<meta name=\"twitter:data2\" content=\"3 minutes\" \/>\n<script type=\"application\/ld+json\" class=\"yoast-schema-graph\">{\"@context\":\"https:\\\/\\\/schema.org\",\"@graph\":[{\"@type\":\"Article\",\"@id\":\"https:\\\/\\\/super-news.info\\\/es\\\/gobierno-y-agentes-sociales-llegan-a-un-acuerdo-para-el-texto-definitivo-de-la-ley-de-riders\\\/#article\",\"isPartOf\":{\"@id\":\"https:\\\/\\\/super-news.info\\\/es\\\/gobierno-y-agentes-sociales-llegan-a-un-acuerdo-para-el-texto-definitivo-de-la-ley-de-riders\\\/\"},\"author\":{\"name\":\"super-news\",\"@id\":\"https:\\\/\\\/super-news.info\\\/es\\\/#\\\/schema\\\/person\\\/2d4068cb2f39cd10008c2fce578a7356\"},\"headline\":\"Gobierno y agentes sociales llegan a un acuerdo para el texto definitivo de la ley de &#8216;riders&#8217;\",\"datePublished\":\"2021-03-11T02:50:07+00:00\",\"dateModified\":\"2021-03-11T02:50:08+00:00\",\"mainEntityOfPage\":{\"@id\":\"https:\\\/\\\/super-news.info\\\/es\\\/gobierno-y-agentes-sociales-llegan-a-un-acuerdo-para-el-texto-definitivo-de-la-ley-de-riders\\\/\"},\"wordCount\":692,\"commentCount\":0,\"image\":{\"@id\":\"https:\\\/\\\/super-news.info\\\/es\\\/gobierno-y-agentes-sociales-llegan-a-un-acuerdo-para-el-texto-definitivo-de-la-ley-de-riders\\\/#primaryimage\"},\"thumbnailUrl\":\"https:\\\/\\\/super-news.info\\\/es\\\/wp-content\\\/uploads\\\/sites\\\/4\\\/2021\\\/03\\\/Gobierno-y-agentes-sociales-llegan-a-un-acuerdo-para-el.jpg\",\"articleSection\":[\"NOTICIAS FINANCIERAS\"],\"inLanguage\":\"en-US\",\"potentialAction\":[{\"@type\":\"CommentAction\",\"name\":\"Comment\",\"target\":[\"https:\\\/\\\/super-news.info\\\/es\\\/gobierno-y-agentes-sociales-llegan-a-un-acuerdo-para-el-texto-definitivo-de-la-ley-de-riders\\\/#respond\"]}]},{\"@type\":\"WebPage\",\"@id\":\"https:\\\/\\\/super-news.info\\\/es\\\/gobierno-y-agentes-sociales-llegan-a-un-acuerdo-para-el-texto-definitivo-de-la-ley-de-riders\\\/\",\"url\":\"https:\\\/\\\/super-news.info\\\/es\\\/gobierno-y-agentes-sociales-llegan-a-un-acuerdo-para-el-texto-definitivo-de-la-ley-de-riders\\\/\",\"name\":\"Gobierno y agentes sociales llegan a un acuerdo para el texto definitivo de la ley de 'riders' - Super News\",\"isPartOf\":{\"@id\":\"https:\\\/\\\/super-news.info\\\/es\\\/#website\"},\"primaryImageOfPage\":{\"@id\":\"https:\\\/\\\/super-news.info\\\/es\\\/gobierno-y-agentes-sociales-llegan-a-un-acuerdo-para-el-texto-definitivo-de-la-ley-de-riders\\\/#primaryimage\"},\"image\":{\"@id\":\"https:\\\/\\\/super-news.info\\\/es\\\/gobierno-y-agentes-sociales-llegan-a-un-acuerdo-para-el-texto-definitivo-de-la-ley-de-riders\\\/#primaryimage\"},\"thumbnailUrl\":\"https:\\\/\\\/super-news.info\\\/es\\\/wp-content\\\/uploads\\\/sites\\\/4\\\/2021\\\/03\\\/Gobierno-y-agentes-sociales-llegan-a-un-acuerdo-para-el.jpg\",\"datePublished\":\"2021-03-11T02:50:07+00:00\",\"dateModified\":\"2021-03-11T02:50:08+00:00\",\"author\":{\"@id\":\"https:\\\/\\\/super-news.info\\\/es\\\/#\\\/schema\\\/person\\\/2d4068cb2f39cd10008c2fce578a7356\"},\"breadcrumb\":{\"@id\":\"https:\\\/\\\/super-news.info\\\/es\\\/gobierno-y-agentes-sociales-llegan-a-un-acuerdo-para-el-texto-definitivo-de-la-ley-de-riders\\\/#breadcrumb\"},\"inLanguage\":\"en-US\",\"potentialAction\":[{\"@type\":\"ReadAction\",\"target\":[\"https:\\\/\\\/super-news.info\\\/es\\\/gobierno-y-agentes-sociales-llegan-a-un-acuerdo-para-el-texto-definitivo-de-la-ley-de-riders\\\/\"]}]},{\"@type\":\"ImageObject\",\"inLanguage\":\"en-US\",\"@id\":\"https:\\\/\\\/super-news.info\\\/es\\\/gobierno-y-agentes-sociales-llegan-a-un-acuerdo-para-el-texto-definitivo-de-la-ley-de-riders\\\/#primaryimage\",\"url\":\"https:\\\/\\\/super-news.info\\\/es\\\/wp-content\\\/uploads\\\/sites\\\/4\\\/2021\\\/03\\\/Gobierno-y-agentes-sociales-llegan-a-un-acuerdo-para-el.jpg\",\"contentUrl\":\"https:\\\/\\\/super-news.info\\\/es\\\/wp-content\\\/uploads\\\/sites\\\/4\\\/2021\\\/03\\\/Gobierno-y-agentes-sociales-llegan-a-un-acuerdo-para-el.jpg\",\"width\":120,\"height\":80,\"caption\":\"Gobierno y agentes sociales llegan a un acuerdo para el texto definitivo de la ley de 'riders'\"},{\"@type\":\"BreadcrumbList\",\"@id\":\"https:\\\/\\\/super-news.info\\\/es\\\/gobierno-y-agentes-sociales-llegan-a-un-acuerdo-para-el-texto-definitivo-de-la-ley-de-riders\\\/#breadcrumb\",\"itemListElement\":[{\"@type\":\"ListItem\",\"position\":1,\"name\":\"\u0413\u043b\u0430\u0432\u043d\u0430\u044f \u0441\u0442\u0440\u0430\u043d\u0438\u0446\u0430\",\"item\":\"https:\\\/\\\/super-news.info\\\/es\\\/\"},{\"@type\":\"ListItem\",\"position\":2,\"name\":\"Gobierno y agentes sociales llegan a un acuerdo para el texto definitivo de la ley de &#8216;riders&#8217;\"}]},{\"@type\":\"WebSite\",\"@id\":\"https:\\\/\\\/super-news.info\\\/es\\\/#website\",\"url\":\"https:\\\/\\\/super-news.info\\\/es\\\/\",\"name\":\"Super News\",\"description\":\"Super News Espa\u00f1a\",\"potentialAction\":[{\"@type\":\"SearchAction\",\"target\":{\"@type\":\"EntryPoint\",\"urlTemplate\":\"https:\\\/\\\/super-news.info\\\/es\\\/?s={search_term_string}\"},\"query-input\":{\"@type\":\"PropertyValueSpecification\",\"valueRequired\":true,\"valueName\":\"search_term_string\"}}],\"inLanguage\":\"en-US\"},{\"@type\":\"Person\",\"@id\":\"https:\\\/\\\/super-news.info\\\/es\\\/#\\\/schema\\\/person\\\/2d4068cb2f39cd10008c2fce578a7356\",\"name\":\"super-news\",\"image\":{\"@type\":\"ImageObject\",\"inLanguage\":\"en-US\",\"@id\":\"https:\\\/\\\/secure.gravatar.com\\\/avatar\\\/64ebac40b93f26a154f8a9b5b6fdccfc46f442b26b3dd6756dbff3bf9dc76fd7?s=96&d=mm&r=g\",\"url\":\"https:\\\/\\\/secure.gravatar.com\\\/avatar\\\/64ebac40b93f26a154f8a9b5b6fdccfc46f442b26b3dd6756dbff3bf9dc76fd7?s=96&d=mm&r=g\",\"contentUrl\":\"https:\\\/\\\/secure.gravatar.com\\\/avatar\\\/64ebac40b93f26a154f8a9b5b6fdccfc46f442b26b3dd6756dbff3bf9dc76fd7?s=96&d=mm&r=g\",\"caption\":\"super-news\"},\"url\":\"https:\\\/\\\/super-news.info\\\/es\\\/author\\\/pt\\\/\"}]}<\/script>\n<!-- \/ Yoast SEO plugin. -->","yoast_head_json":{"title":"Gobierno y agentes sociales llegan a un acuerdo para el texto definitivo de la ley de 'riders' - Super News","robots":{"index":"index","follow":"follow","max-snippet":"max-snippet:-1","max-image-preview":"max-image-preview:large","max-video-preview":"max-video-preview:-1"},"canonical":"https:\/\/super-news.info\/es\/gobierno-y-agentes-sociales-llegan-a-un-acuerdo-para-el-texto-definitivo-de-la-ley-de-riders\/","og_locale":"en_US","og_type":"article","og_title":"Gobierno y agentes sociales llegan a un acuerdo para el texto definitivo de la ley de 'riders' - Super News","og_description":"MADRID, 10 (EUROPA PRESS) El Ministerio de Trabajo y Econom\u00eda Social, CCOO y UGT y las organizaciones empresariales CEOE y Cepyme han alcanzado este mi\u00e9rcoles un acuerdo para regular la situaci\u00f3n laboral de los trabajadores que reparten o distribuyen cualquier producto a trav\u00e9s de plataformas digitales, conocidos como &#8216;riders&#8217;, seg\u00fan han informado las tres partes [&hellip;]","og_url":"https:\/\/super-news.info\/es\/gobierno-y-agentes-sociales-llegan-a-un-acuerdo-para-el-texto-definitivo-de-la-ley-de-riders\/","og_site_name":"Super News","article_published_time":"2021-03-11T02:50:07+00:00","article_modified_time":"2021-03-11T02:50:08+00:00","og_image":[{"width":120,"height":80,"url":"https:\/\/super-news.info\/es\/wp-content\/uploads\/sites\/4\/2021\/03\/Gobierno-y-agentes-sociales-llegan-a-un-acuerdo-para-el.jpg","type":"image\/jpeg"}],"author":"super-news","twitter_card":"summary_large_image","twitter_misc":{"Written by":"super-news","Est. reading time":"3 minutes"},"schema":{"@context":"https:\/\/schema.org","@graph":[{"@type":"Article","@id":"https:\/\/super-news.info\/es\/gobierno-y-agentes-sociales-llegan-a-un-acuerdo-para-el-texto-definitivo-de-la-ley-de-riders\/#article","isPartOf":{"@id":"https:\/\/super-news.info\/es\/gobierno-y-agentes-sociales-llegan-a-un-acuerdo-para-el-texto-definitivo-de-la-ley-de-riders\/"},"author":{"name":"super-news","@id":"https:\/\/super-news.info\/es\/#\/schema\/person\/2d4068cb2f39cd10008c2fce578a7356"},"headline":"Gobierno y agentes sociales llegan a un acuerdo para el texto definitivo de la ley de &#8216;riders&#8217;","datePublished":"2021-03-11T02:50:07+00:00","dateModified":"2021-03-11T02:50:08+00:00","mainEntityOfPage":{"@id":"https:\/\/super-news.info\/es\/gobierno-y-agentes-sociales-llegan-a-un-acuerdo-para-el-texto-definitivo-de-la-ley-de-riders\/"},"wordCount":692,"commentCount":0,"image":{"@id":"https:\/\/super-news.info\/es\/gobierno-y-agentes-sociales-llegan-a-un-acuerdo-para-el-texto-definitivo-de-la-ley-de-riders\/#primaryimage"},"thumbnailUrl":"https:\/\/super-news.info\/es\/wp-content\/uploads\/sites\/4\/2021\/03\/Gobierno-y-agentes-sociales-llegan-a-un-acuerdo-para-el.jpg","articleSection":["NOTICIAS FINANCIERAS"],"inLanguage":"en-US","potentialAction":[{"@type":"CommentAction","name":"Comment","target":["https:\/\/super-news.info\/es\/gobierno-y-agentes-sociales-llegan-a-un-acuerdo-para-el-texto-definitivo-de-la-ley-de-riders\/#respond"]}]},{"@type":"WebPage","@id":"https:\/\/super-news.info\/es\/gobierno-y-agentes-sociales-llegan-a-un-acuerdo-para-el-texto-definitivo-de-la-ley-de-riders\/","url":"https:\/\/super-news.info\/es\/gobierno-y-agentes-sociales-llegan-a-un-acuerdo-para-el-texto-definitivo-de-la-ley-de-riders\/","name":"Gobierno y agentes sociales llegan a un acuerdo para el texto definitivo de la ley de 'riders' - Super News","isPartOf":{"@id":"https:\/\/super-news.info\/es\/#website"},"primaryImageOfPage":{"@id":"https:\/\/super-news.info\/es\/gobierno-y-agentes-sociales-llegan-a-un-acuerdo-para-el-texto-definitivo-de-la-ley-de-riders\/#primaryimage"},"image":{"@id":"https:\/\/super-news.info\/es\/gobierno-y-agentes-sociales-llegan-a-un-acuerdo-para-el-texto-definitivo-de-la-ley-de-riders\/#primaryimage"},"thumbnailUrl":"https:\/\/super-news.info\/es\/wp-content\/uploads\/sites\/4\/2021\/03\/Gobierno-y-agentes-sociales-llegan-a-un-acuerdo-para-el.jpg","datePublished":"2021-03-11T02:50:07+00:00","dateModified":"2021-03-11T02:50:08+00:00","author":{"@id":"https:\/\/super-news.info\/es\/#\/schema\/person\/2d4068cb2f39cd10008c2fce578a7356"},"breadcrumb":{"@id":"https:\/\/super-news.info\/es\/gobierno-y-agentes-sociales-llegan-a-un-acuerdo-para-el-texto-definitivo-de-la-ley-de-riders\/#breadcrumb"},"inLanguage":"en-US","potentialAction":[{"@type":"ReadAction","target":["https:\/\/super-news.info\/es\/gobierno-y-agentes-sociales-llegan-a-un-acuerdo-para-el-texto-definitivo-de-la-ley-de-riders\/"]}]},{"@type":"ImageObject","inLanguage":"en-US","@id":"https:\/\/super-news.info\/es\/gobierno-y-agentes-sociales-llegan-a-un-acuerdo-para-el-texto-definitivo-de-la-ley-de-riders\/#primaryimage","url":"https:\/\/super-news.info\/es\/wp-content\/uploads\/sites\/4\/2021\/03\/Gobierno-y-agentes-sociales-llegan-a-un-acuerdo-para-el.jpg","contentUrl":"https:\/\/super-news.info\/es\/wp-content\/uploads\/sites\/4\/2021\/03\/Gobierno-y-agentes-sociales-llegan-a-un-acuerdo-para-el.jpg","width":120,"height":80,"caption":"Gobierno y agentes sociales llegan a un acuerdo para el texto definitivo de la ley de 'riders'"},{"@type":"BreadcrumbList","@id":"https:\/\/super-news.info\/es\/gobierno-y-agentes-sociales-llegan-a-un-acuerdo-para-el-texto-definitivo-de-la-ley-de-riders\/#breadcrumb","itemListElement":[{"@type":"ListItem","position":1,"name":"\u0413\u043b\u0430\u0432\u043d\u0430\u044f \u0441\u0442\u0440\u0430\u043d\u0438\u0446\u0430","item":"https:\/\/super-news.info\/es\/"},{"@type":"ListItem","position":2,"name":"Gobierno y agentes sociales llegan a un acuerdo para el texto definitivo de la ley de &#8216;riders&#8217;"}]},{"@type":"WebSite","@id":"https:\/\/super-news.info\/es\/#website","url":"https:\/\/super-news.info\/es\/","name":"Super News","description":"Super News Espa\u00f1a","potentialAction":[{"@type":"SearchAction","target":{"@type":"EntryPoint","urlTemplate":"https:\/\/super-news.info\/es\/?s={search_term_string}"},"query-input":{"@type":"PropertyValueSpecification","valueRequired":true,"valueName":"search_term_string"}}],"inLanguage":"en-US"},{"@type":"Person","@id":"https:\/\/super-news.info\/es\/#\/schema\/person\/2d4068cb2f39cd10008c2fce578a7356","name":"super-news","image":{"@type":"ImageObject","inLanguage":"en-US","@id":"https:\/\/secure.gravatar.com\/avatar\/64ebac40b93f26a154f8a9b5b6fdccfc46f442b26b3dd6756dbff3bf9dc76fd7?s=96&d=mm&r=g","url":"https:\/\/secure.gravatar.com\/avatar\/64ebac40b93f26a154f8a9b5b6fdccfc46f442b26b3dd6756dbff3bf9dc76fd7?s=96&d=mm&r=g","contentUrl":"https:\/\/secure.gravatar.com\/avatar\/64ebac40b93f26a154f8a9b5b6fdccfc46f442b26b3dd6756dbff3bf9dc76fd7?s=96&d=mm&r=g","caption":"super-news"},"url":"https:\/\/super-news.info\/es\/author\/pt\/"}]}},"_links":{"self":[{"href":"https:\/\/super-news.info\/es\/wp-json\/wp\/v2\/posts\/13834","targetHints":{"allow":["GET"]}}],"collection":[{"href":"https:\/\/super-news.info\/es\/wp-json\/wp\/v2\/posts"}],"about":[{"href":"https:\/\/super-news.info\/es\/wp-json\/wp\/v2\/types\/post"}],"author":[{"embeddable":true,"href":"https:\/\/super-news.info\/es\/wp-json\/wp\/v2\/users\/2"}],"replies":[{"embeddable":true,"href":"https:\/\/super-news.info\/es\/wp-json\/wp\/v2\/comments?post=13834"}],"version-history":[{"count":1,"href":"https:\/\/super-news.info\/es\/wp-json\/wp\/v2\/posts\/13834\/revisions"}],"predecessor-version":[{"id":13836,"href":"https:\/\/super-news.info\/es\/wp-json\/wp\/v2\/posts\/13834\/revisions\/13836"}],"wp:featuredmedia":[{"embeddable":true,"href":"https:\/\/super-news.info\/es\/wp-json\/wp\/v2\/media\/13835"}],"wp:attachment":[{"href":"https:\/\/super-news.info\/es\/wp-json\/wp\/v2\/media?parent=13834"}],"wp:term":[{"taxonomy":"category","embeddable":true,"href":"https:\/\/super-news.info\/es\/wp-json\/wp\/v2\/categories?post=13834"},{"taxonomy":"post_tag","embeddable":true,"href":"https:\/\/super-news.info\/es\/wp-json\/wp\/v2\/tags?post=13834"}],"curies":[{"name":"wp","href":"https:\/\/api.w.org\/{rel}","templated":true}]}}