{"id":13822,"date":"2021-03-10T05:47:00","date_gmt":"2021-03-10T02:47:00","guid":{"rendered":"https:\/\/super-news.info\/es\/abalos-dice-que-la-ley-frenara-las-subidas-abusivas-de-alquiler-fomentando-un-parque-publico-de-vivienda\/"},"modified":"2021-03-10T05:47:02","modified_gmt":"2021-03-10T02:47:02","slug":"abalos-dice-que-la-ley-frenara-las-subidas-abusivas-de-alquiler-fomentando-un-parque-publico-de-vivienda","status":"publish","type":"post","link":"https:\/\/super-news.info\/es\/abalos-dice-que-la-ley-frenara-las-subidas-abusivas-de-alquiler-fomentando-un-parque-publico-de-vivienda\/","title":{"rendered":"\u00c1balos dice que la Ley frenar\u00e1 las subidas abusivas de alquiler fomentando un parque p\u00fablico de vivienda"},"content":{"rendered":"<p>\nMADRID, 9 Mar. (EUROPA PRESS) &#8211;<br \/>\n   El ministro de Transportes, Movilidad y Agenda Urbana, Jos\u00e9 Luis \u00c1balos, ha afirmado que la futura Ley de Vivienda pretende atender la situaci\u00f3n de acceso a la vivienda de los colectivos m\u00e1s vulnerables y frenar, &#8220;por supuesto&#8221;, las subidas &#8220;abusivas del alquiler fomentando un parque p\u00fablico de vivienda y prohibiendo la venta de estas viviendas de car\u00e1cter social&#8221;.<br \/>\n   As\u00ed lo ha se\u00f1alado en la sesi\u00f3n de control al Gobierno en el Senado, donde ha aclarado que se est\u00e1 trabajando para dar cumplimiento, &#8220;de la mejor manera posible y como no puede ser de otro modo, a los acuerdos existentes en el seno del Gobierno de coalici\u00f3n&#8221;.<br \/>\n   &#8220;Hay que cumplir con lo que se acuerdo y lo estamos haciendo en este caso para la aprobaci\u00f3n de la Ley por el derecho a la vivienda. Hemos tenido alg\u00fan avance, no ausente de pol\u00e9mica, pero tambi\u00e9n hemos tenido avances importantes, como el alcanzado recientemente en materia de desahucios&#8221;, ha a\u00f1adido.<br \/>\n   \u00c1balos ha resaltado que la vivienda es competencia de las comunidades aut\u00f3nomas, pero que el Estado y el Gobierno &#8220;no pueden sustraerse de hacer efectivo un derecho constitucional&#8221;, como es el del acceso a la vivienda.<br \/>\n   Seg\u00fan el titular del Ministerio, la vivienda es algo que afecta &#8220;a todas las administraciones&#8221;. Es por ello por lo que quiere que la Ley, &#8220;que va a ser la primera de la democracia&#8221; en este sentido, tenga rigor y seguridad jur\u00eddica, &#8220;que sea fuerte y s\u00f3lida y no fr\u00e1gil y por lo tanto no recurrible especialmente por aquellos que les gusta recurrir todo lo que constituye un avance social&#8221;.<br \/>\n   Por otro lado, ha apuntado que se est\u00e1 generando un parque de vivienda social y de alquiler asequible. &#8220;Estamos con el plan que llamamos 20.000, pero con el que ya llevamos 24.000 viviendas comprometidas y que estamos llevando a cabo a trav\u00e9s del Plan Estatal de Vivienda&#8221;, ha a\u00f1adido, tras apuntar que &#8220;no es solo la Ley, sino muchas m\u00e1s actuaciones&#8221;.<br \/>\n<br \/>\n<!--noindex--><br \/>\n<a href=\"https:\/\/www.europapress.es\/economia\/construccion-y-vivienda-00342\/noticia-abalos-dice-ley-frenara-subidas-abusivas-alquiler-fomentando-parque-publico-vivienda-20210309183228.html\" rel=\"nofollow\">Source link <\/a><br \/>\n<!--\/noindex--><\/p>\n","protected":false},"excerpt":{"rendered":"<p>MADRID, 9 Mar. (EUROPA PRESS) &#8211; El ministro de Transportes, Movilidad y Agenda Urbana, Jos\u00e9 Luis \u00c1balos, ha afirmado que la futura Ley de Vivienda pretende atender la situaci\u00f3n de acceso a la vivienda de los colectivos m\u00e1s vulnerables y frenar, &#8220;por supuesto&#8221;, las subidas &#8220;abusivas del alquiler fomentando un parque p\u00fablico de vivienda y [&hellip;]<\/p>\n","protected":false},"author":2,"featured_media":13823,"comment_status":"open","ping_status":"open","sticky":false,"template":"","format":"standard","meta":{"footnotes":""},"categories":[1],"tags":[],"class_list":["post-13822","post","type-post","status-publish","format-standard","has-post-thumbnail","hentry","category-noticias-financieras"],"yoast_head":"<!-- This site is optimized with the Yoast SEO plugin v27.4 - https:\/\/yoast.com\/product\/yoast-seo-wordpress\/ -->\n<title>\u00c1balos dice que la Ley frenar\u00e1 las subidas abusivas de alquiler fomentando un parque p\u00fablico de vivienda - Super News<\/title>\n<meta name=\"robots\" content=\"index, follow, max-snippet:-1, max-image-preview:large, max-video-preview:-1\" \/>\n<link rel=\"canonical\" href=\"https:\/\/super-news.info\/es\/abalos-dice-que-la-ley-frenara-las-subidas-abusivas-de-alquiler-fomentando-un-parque-publico-de-vivienda\/\" \/>\n<meta property=\"og:locale\" content=\"en_US\" \/>\n<meta property=\"og:type\" content=\"article\" \/>\n<meta property=\"og:title\" content=\"\u00c1balos dice que la Ley frenar\u00e1 las subidas abusivas de alquiler fomentando un parque p\u00fablico de vivienda - Super News\" \/>\n<meta property=\"og:description\" content=\"MADRID, 9 Mar. (EUROPA PRESS) &#8211; El ministro de Transportes, Movilidad y Agenda Urbana, Jos\u00e9 Luis \u00c1balos, ha afirmado que la futura Ley de Vivienda pretende atender la situaci\u00f3n de acceso a la vivienda de los colectivos m\u00e1s vulnerables y frenar, &#8220;por supuesto&#8221;, las subidas &#8220;abusivas del alquiler fomentando un parque p\u00fablico de vivienda y [&hellip;]\" \/>\n<meta property=\"og:url\" content=\"https:\/\/super-news.info\/es\/abalos-dice-que-la-ley-frenara-las-subidas-abusivas-de-alquiler-fomentando-un-parque-publico-de-vivienda\/\" \/>\n<meta property=\"og:site_name\" content=\"Super News\" \/>\n<meta property=\"article:published_time\" content=\"2021-03-10T02:47:00+00:00\" \/>\n<meta property=\"article:modified_time\" content=\"2021-03-10T02:47:02+00:00\" \/>\n<meta property=\"og:image\" content=\"https:\/\/super-news.info\/es\/wp-content\/uploads\/sites\/4\/2021\/03\/Abalos-dice-que-la-Ley-frenara-las-subidas-abusivas-de.jpg\" \/>\n\t<meta property=\"og:image:width\" content=\"120\" \/>\n\t<meta property=\"og:image:height\" content=\"80\" \/>\n\t<meta property=\"og:image:type\" content=\"image\/jpeg\" \/>\n<meta name=\"author\" content=\"super-news\" \/>\n<meta name=\"twitter:card\" content=\"summary_large_image\" \/>\n<meta name=\"twitter:label1\" content=\"Written by\" \/>\n\t<meta name=\"twitter:data1\" content=\"super-news\" \/>\n\t<meta name=\"twitter:label2\" content=\"Est. reading time\" \/>\n\t<meta name=\"twitter:data2\" content=\"2 minutes\" \/>\n<script type=\"application\/ld+json\" class=\"yoast-schema-graph\">{\"@context\":\"https:\\\/\\\/schema.org\",\"@graph\":[{\"@type\":\"Article\",\"@id\":\"https:\\\/\\\/super-news.info\\\/es\\\/abalos-dice-que-la-ley-frenara-las-subidas-abusivas-de-alquiler-fomentando-un-parque-publico-de-vivienda\\\/#article\",\"isPartOf\":{\"@id\":\"https:\\\/\\\/super-news.info\\\/es\\\/abalos-dice-que-la-ley-frenara-las-subidas-abusivas-de-alquiler-fomentando-un-parque-publico-de-vivienda\\\/\"},\"author\":{\"name\":\"super-news\",\"@id\":\"https:\\\/\\\/super-news.info\\\/es\\\/#\\\/schema\\\/person\\\/2d4068cb2f39cd10008c2fce578a7356\"},\"headline\":\"\u00c1balos dice que la Ley frenar\u00e1 las subidas abusivas de alquiler fomentando un parque p\u00fablico de vivienda\",\"datePublished\":\"2021-03-10T02:47:00+00:00\",\"dateModified\":\"2021-03-10T02:47:02+00:00\",\"mainEntityOfPage\":{\"@id\":\"https:\\\/\\\/super-news.info\\\/es\\\/abalos-dice-que-la-ley-frenara-las-subidas-abusivas-de-alquiler-fomentando-un-parque-publico-de-vivienda\\\/\"},\"wordCount\":367,\"commentCount\":0,\"image\":{\"@id\":\"https:\\\/\\\/super-news.info\\\/es\\\/abalos-dice-que-la-ley-frenara-las-subidas-abusivas-de-alquiler-fomentando-un-parque-publico-de-vivienda\\\/#primaryimage\"},\"thumbnailUrl\":\"https:\\\/\\\/super-news.info\\\/es\\\/wp-content\\\/uploads\\\/sites\\\/4\\\/2021\\\/03\\\/Abalos-dice-que-la-Ley-frenara-las-subidas-abusivas-de.jpg\",\"articleSection\":[\"NOTICIAS FINANCIERAS\"],\"inLanguage\":\"en-US\",\"potentialAction\":[{\"@type\":\"CommentAction\",\"name\":\"Comment\",\"target\":[\"https:\\\/\\\/super-news.info\\\/es\\\/abalos-dice-que-la-ley-frenara-las-subidas-abusivas-de-alquiler-fomentando-un-parque-publico-de-vivienda\\\/#respond\"]}]},{\"@type\":\"WebPage\",\"@id\":\"https:\\\/\\\/super-news.info\\\/es\\\/abalos-dice-que-la-ley-frenara-las-subidas-abusivas-de-alquiler-fomentando-un-parque-publico-de-vivienda\\\/\",\"url\":\"https:\\\/\\\/super-news.info\\\/es\\\/abalos-dice-que-la-ley-frenara-las-subidas-abusivas-de-alquiler-fomentando-un-parque-publico-de-vivienda\\\/\",\"name\":\"\u00c1balos dice que la Ley frenar\u00e1 las subidas abusivas de alquiler fomentando un parque p\u00fablico de vivienda - Super News\",\"isPartOf\":{\"@id\":\"https:\\\/\\\/super-news.info\\\/es\\\/#website\"},\"primaryImageOfPage\":{\"@id\":\"https:\\\/\\\/super-news.info\\\/es\\\/abalos-dice-que-la-ley-frenara-las-subidas-abusivas-de-alquiler-fomentando-un-parque-publico-de-vivienda\\\/#primaryimage\"},\"image\":{\"@id\":\"https:\\\/\\\/super-news.info\\\/es\\\/abalos-dice-que-la-ley-frenara-las-subidas-abusivas-de-alquiler-fomentando-un-parque-publico-de-vivienda\\\/#primaryimage\"},\"thumbnailUrl\":\"https:\\\/\\\/super-news.info\\\/es\\\/wp-content\\\/uploads\\\/sites\\\/4\\\/2021\\\/03\\\/Abalos-dice-que-la-Ley-frenara-las-subidas-abusivas-de.jpg\",\"datePublished\":\"2021-03-10T02:47:00+00:00\",\"dateModified\":\"2021-03-10T02:47:02+00:00\",\"author\":{\"@id\":\"https:\\\/\\\/super-news.info\\\/es\\\/#\\\/schema\\\/person\\\/2d4068cb2f39cd10008c2fce578a7356\"},\"breadcrumb\":{\"@id\":\"https:\\\/\\\/super-news.info\\\/es\\\/abalos-dice-que-la-ley-frenara-las-subidas-abusivas-de-alquiler-fomentando-un-parque-publico-de-vivienda\\\/#breadcrumb\"},\"inLanguage\":\"en-US\",\"potentialAction\":[{\"@type\":\"ReadAction\",\"target\":[\"https:\\\/\\\/super-news.info\\\/es\\\/abalos-dice-que-la-ley-frenara-las-subidas-abusivas-de-alquiler-fomentando-un-parque-publico-de-vivienda\\\/\"]}]},{\"@type\":\"ImageObject\",\"inLanguage\":\"en-US\",\"@id\":\"https:\\\/\\\/super-news.info\\\/es\\\/abalos-dice-que-la-ley-frenara-las-subidas-abusivas-de-alquiler-fomentando-un-parque-publico-de-vivienda\\\/#primaryimage\",\"url\":\"https:\\\/\\\/super-news.info\\\/es\\\/wp-content\\\/uploads\\\/sites\\\/4\\\/2021\\\/03\\\/Abalos-dice-que-la-Ley-frenara-las-subidas-abusivas-de.jpg\",\"contentUrl\":\"https:\\\/\\\/super-news.info\\\/es\\\/wp-content\\\/uploads\\\/sites\\\/4\\\/2021\\\/03\\\/Abalos-dice-que-la-Ley-frenara-las-subidas-abusivas-de.jpg\",\"width\":120,\"height\":80,\"caption\":\"\u00c1balos dice que la Ley frenar\u00e1 las subidas abusivas de alquiler fomentando un parque p\u00fablico de vivienda\"},{\"@type\":\"BreadcrumbList\",\"@id\":\"https:\\\/\\\/super-news.info\\\/es\\\/abalos-dice-que-la-ley-frenara-las-subidas-abusivas-de-alquiler-fomentando-un-parque-publico-de-vivienda\\\/#breadcrumb\",\"itemListElement\":[{\"@type\":\"ListItem\",\"position\":1,\"name\":\"\u0413\u043b\u0430\u0432\u043d\u0430\u044f \u0441\u0442\u0440\u0430\u043d\u0438\u0446\u0430\",\"item\":\"https:\\\/\\\/super-news.info\\\/es\\\/\"},{\"@type\":\"ListItem\",\"position\":2,\"name\":\"\u00c1balos dice que la Ley frenar\u00e1 las subidas abusivas de alquiler fomentando un parque p\u00fablico de vivienda\"}]},{\"@type\":\"WebSite\",\"@id\":\"https:\\\/\\\/super-news.info\\\/es\\\/#website\",\"url\":\"https:\\\/\\\/super-news.info\\\/es\\\/\",\"name\":\"Super News\",\"description\":\"Super News Espa\u00f1a\",\"potentialAction\":[{\"@type\":\"SearchAction\",\"target\":{\"@type\":\"EntryPoint\",\"urlTemplate\":\"https:\\\/\\\/super-news.info\\\/es\\\/?s={search_term_string}\"},\"query-input\":{\"@type\":\"PropertyValueSpecification\",\"valueRequired\":true,\"valueName\":\"search_term_string\"}}],\"inLanguage\":\"en-US\"},{\"@type\":\"Person\",\"@id\":\"https:\\\/\\\/super-news.info\\\/es\\\/#\\\/schema\\\/person\\\/2d4068cb2f39cd10008c2fce578a7356\",\"name\":\"super-news\",\"image\":{\"@type\":\"ImageObject\",\"inLanguage\":\"en-US\",\"@id\":\"https:\\\/\\\/secure.gravatar.com\\\/avatar\\\/64ebac40b93f26a154f8a9b5b6fdccfc46f442b26b3dd6756dbff3bf9dc76fd7?s=96&d=mm&r=g\",\"url\":\"https:\\\/\\\/secure.gravatar.com\\\/avatar\\\/64ebac40b93f26a154f8a9b5b6fdccfc46f442b26b3dd6756dbff3bf9dc76fd7?s=96&d=mm&r=g\",\"contentUrl\":\"https:\\\/\\\/secure.gravatar.com\\\/avatar\\\/64ebac40b93f26a154f8a9b5b6fdccfc46f442b26b3dd6756dbff3bf9dc76fd7?s=96&d=mm&r=g\",\"caption\":\"super-news\"},\"url\":\"https:\\\/\\\/super-news.info\\\/es\\\/author\\\/pt\\\/\"}]}<\/script>\n<!-- \/ Yoast SEO plugin. -->","yoast_head_json":{"title":"\u00c1balos dice que la Ley frenar\u00e1 las subidas abusivas de alquiler fomentando un parque p\u00fablico de vivienda - Super News","robots":{"index":"index","follow":"follow","max-snippet":"max-snippet:-1","max-image-preview":"max-image-preview:large","max-video-preview":"max-video-preview:-1"},"canonical":"https:\/\/super-news.info\/es\/abalos-dice-que-la-ley-frenara-las-subidas-abusivas-de-alquiler-fomentando-un-parque-publico-de-vivienda\/","og_locale":"en_US","og_type":"article","og_title":"\u00c1balos dice que la Ley frenar\u00e1 las subidas abusivas de alquiler fomentando un parque p\u00fablico de vivienda - Super News","og_description":"MADRID, 9 Mar. (EUROPA PRESS) &#8211; El ministro de Transportes, Movilidad y Agenda Urbana, Jos\u00e9 Luis \u00c1balos, ha afirmado que la futura Ley de Vivienda pretende atender la situaci\u00f3n de acceso a la vivienda de los colectivos m\u00e1s vulnerables y frenar, &#8220;por supuesto&#8221;, las subidas &#8220;abusivas del alquiler fomentando un parque p\u00fablico de vivienda y [&hellip;]","og_url":"https:\/\/super-news.info\/es\/abalos-dice-que-la-ley-frenara-las-subidas-abusivas-de-alquiler-fomentando-un-parque-publico-de-vivienda\/","og_site_name":"Super News","article_published_time":"2021-03-10T02:47:00+00:00","article_modified_time":"2021-03-10T02:47:02+00:00","og_image":[{"width":120,"height":80,"url":"https:\/\/super-news.info\/es\/wp-content\/uploads\/sites\/4\/2021\/03\/Abalos-dice-que-la-Ley-frenara-las-subidas-abusivas-de.jpg","type":"image\/jpeg"}],"author":"super-news","twitter_card":"summary_large_image","twitter_misc":{"Written by":"super-news","Est. reading time":"2 minutes"},"schema":{"@context":"https:\/\/schema.org","@graph":[{"@type":"Article","@id":"https:\/\/super-news.info\/es\/abalos-dice-que-la-ley-frenara-las-subidas-abusivas-de-alquiler-fomentando-un-parque-publico-de-vivienda\/#article","isPartOf":{"@id":"https:\/\/super-news.info\/es\/abalos-dice-que-la-ley-frenara-las-subidas-abusivas-de-alquiler-fomentando-un-parque-publico-de-vivienda\/"},"author":{"name":"super-news","@id":"https:\/\/super-news.info\/es\/#\/schema\/person\/2d4068cb2f39cd10008c2fce578a7356"},"headline":"\u00c1balos dice que la Ley frenar\u00e1 las subidas abusivas de alquiler fomentando un parque p\u00fablico de vivienda","datePublished":"2021-03-10T02:47:00+00:00","dateModified":"2021-03-10T02:47:02+00:00","mainEntityOfPage":{"@id":"https:\/\/super-news.info\/es\/abalos-dice-que-la-ley-frenara-las-subidas-abusivas-de-alquiler-fomentando-un-parque-publico-de-vivienda\/"},"wordCount":367,"commentCount":0,"image":{"@id":"https:\/\/super-news.info\/es\/abalos-dice-que-la-ley-frenara-las-subidas-abusivas-de-alquiler-fomentando-un-parque-publico-de-vivienda\/#primaryimage"},"thumbnailUrl":"https:\/\/super-news.info\/es\/wp-content\/uploads\/sites\/4\/2021\/03\/Abalos-dice-que-la-Ley-frenara-las-subidas-abusivas-de.jpg","articleSection":["NOTICIAS FINANCIERAS"],"inLanguage":"en-US","potentialAction":[{"@type":"CommentAction","name":"Comment","target":["https:\/\/super-news.info\/es\/abalos-dice-que-la-ley-frenara-las-subidas-abusivas-de-alquiler-fomentando-un-parque-publico-de-vivienda\/#respond"]}]},{"@type":"WebPage","@id":"https:\/\/super-news.info\/es\/abalos-dice-que-la-ley-frenara-las-subidas-abusivas-de-alquiler-fomentando-un-parque-publico-de-vivienda\/","url":"https:\/\/super-news.info\/es\/abalos-dice-que-la-ley-frenara-las-subidas-abusivas-de-alquiler-fomentando-un-parque-publico-de-vivienda\/","name":"\u00c1balos dice que la Ley frenar\u00e1 las subidas abusivas de alquiler fomentando un parque p\u00fablico de vivienda - Super News","isPartOf":{"@id":"https:\/\/super-news.info\/es\/#website"},"primaryImageOfPage":{"@id":"https:\/\/super-news.info\/es\/abalos-dice-que-la-ley-frenara-las-subidas-abusivas-de-alquiler-fomentando-un-parque-publico-de-vivienda\/#primaryimage"},"image":{"@id":"https:\/\/super-news.info\/es\/abalos-dice-que-la-ley-frenara-las-subidas-abusivas-de-alquiler-fomentando-un-parque-publico-de-vivienda\/#primaryimage"},"thumbnailUrl":"https:\/\/super-news.info\/es\/wp-content\/uploads\/sites\/4\/2021\/03\/Abalos-dice-que-la-Ley-frenara-las-subidas-abusivas-de.jpg","datePublished":"2021-03-10T02:47:00+00:00","dateModified":"2021-03-10T02:47:02+00:00","author":{"@id":"https:\/\/super-news.info\/es\/#\/schema\/person\/2d4068cb2f39cd10008c2fce578a7356"},"breadcrumb":{"@id":"https:\/\/super-news.info\/es\/abalos-dice-que-la-ley-frenara-las-subidas-abusivas-de-alquiler-fomentando-un-parque-publico-de-vivienda\/#breadcrumb"},"inLanguage":"en-US","potentialAction":[{"@type":"ReadAction","target":["https:\/\/super-news.info\/es\/abalos-dice-que-la-ley-frenara-las-subidas-abusivas-de-alquiler-fomentando-un-parque-publico-de-vivienda\/"]}]},{"@type":"ImageObject","inLanguage":"en-US","@id":"https:\/\/super-news.info\/es\/abalos-dice-que-la-ley-frenara-las-subidas-abusivas-de-alquiler-fomentando-un-parque-publico-de-vivienda\/#primaryimage","url":"https:\/\/super-news.info\/es\/wp-content\/uploads\/sites\/4\/2021\/03\/Abalos-dice-que-la-Ley-frenara-las-subidas-abusivas-de.jpg","contentUrl":"https:\/\/super-news.info\/es\/wp-content\/uploads\/sites\/4\/2021\/03\/Abalos-dice-que-la-Ley-frenara-las-subidas-abusivas-de.jpg","width":120,"height":80,"caption":"\u00c1balos dice que la Ley frenar\u00e1 las subidas abusivas de alquiler fomentando un parque p\u00fablico de vivienda"},{"@type":"BreadcrumbList","@id":"https:\/\/super-news.info\/es\/abalos-dice-que-la-ley-frenara-las-subidas-abusivas-de-alquiler-fomentando-un-parque-publico-de-vivienda\/#breadcrumb","itemListElement":[{"@type":"ListItem","position":1,"name":"\u0413\u043b\u0430\u0432\u043d\u0430\u044f \u0441\u0442\u0440\u0430\u043d\u0438\u0446\u0430","item":"https:\/\/super-news.info\/es\/"},{"@type":"ListItem","position":2,"name":"\u00c1balos dice que la Ley frenar\u00e1 las subidas abusivas de alquiler fomentando un parque p\u00fablico de vivienda"}]},{"@type":"WebSite","@id":"https:\/\/super-news.info\/es\/#website","url":"https:\/\/super-news.info\/es\/","name":"Super News","description":"Super News Espa\u00f1a","potentialAction":[{"@type":"SearchAction","target":{"@type":"EntryPoint","urlTemplate":"https:\/\/super-news.info\/es\/?s={search_term_string}"},"query-input":{"@type":"PropertyValueSpecification","valueRequired":true,"valueName":"search_term_string"}}],"inLanguage":"en-US"},{"@type":"Person","@id":"https:\/\/super-news.info\/es\/#\/schema\/person\/2d4068cb2f39cd10008c2fce578a7356","name":"super-news","image":{"@type":"ImageObject","inLanguage":"en-US","@id":"https:\/\/secure.gravatar.com\/avatar\/64ebac40b93f26a154f8a9b5b6fdccfc46f442b26b3dd6756dbff3bf9dc76fd7?s=96&d=mm&r=g","url":"https:\/\/secure.gravatar.com\/avatar\/64ebac40b93f26a154f8a9b5b6fdccfc46f442b26b3dd6756dbff3bf9dc76fd7?s=96&d=mm&r=g","contentUrl":"https:\/\/secure.gravatar.com\/avatar\/64ebac40b93f26a154f8a9b5b6fdccfc46f442b26b3dd6756dbff3bf9dc76fd7?s=96&d=mm&r=g","caption":"super-news"},"url":"https:\/\/super-news.info\/es\/author\/pt\/"}]}},"_links":{"self":[{"href":"https:\/\/super-news.info\/es\/wp-json\/wp\/v2\/posts\/13822","targetHints":{"allow":["GET"]}}],"collection":[{"href":"https:\/\/super-news.info\/es\/wp-json\/wp\/v2\/posts"}],"about":[{"href":"https:\/\/super-news.info\/es\/wp-json\/wp\/v2\/types\/post"}],"author":[{"embeddable":true,"href":"https:\/\/super-news.info\/es\/wp-json\/wp\/v2\/users\/2"}],"replies":[{"embeddable":true,"href":"https:\/\/super-news.info\/es\/wp-json\/wp\/v2\/comments?post=13822"}],"version-history":[{"count":1,"href":"https:\/\/super-news.info\/es\/wp-json\/wp\/v2\/posts\/13822\/revisions"}],"predecessor-version":[{"id":13824,"href":"https:\/\/super-news.info\/es\/wp-json\/wp\/v2\/posts\/13822\/revisions\/13824"}],"wp:featuredmedia":[{"embeddable":true,"href":"https:\/\/super-news.info\/es\/wp-json\/wp\/v2\/media\/13823"}],"wp:attachment":[{"href":"https:\/\/super-news.info\/es\/wp-json\/wp\/v2\/media?parent=13822"}],"wp:term":[{"taxonomy":"category","embeddable":true,"href":"https:\/\/super-news.info\/es\/wp-json\/wp\/v2\/categories?post=13822"},{"taxonomy":"post_tag","embeddable":true,"href":"https:\/\/super-news.info\/es\/wp-json\/wp\/v2\/tags?post=13822"}],"curies":[{"name":"wp","href":"https:\/\/api.w.org\/{rel}","templated":true}]}}