{"id":13810,"date":"2021-03-09T05:45:01","date_gmt":"2021-03-09T02:45:01","guid":{"rendered":"https:\/\/super-news.info\/es\/el-gobierno-pospone-al-viernes-la-aprobacion-del-paquete-de-11-000-millones-con-fondos-de-ayuda-a-empresas\/"},"modified":"2021-03-09T05:45:02","modified_gmt":"2021-03-09T02:45:02","slug":"el-gobierno-pospone-al-viernes-la-aprobacion-del-paquete-de-11-000-millones-con-fondos-de-ayuda-a-empresas","status":"publish","type":"post","link":"https:\/\/super-news.info\/es\/el-gobierno-pospone-al-viernes-la-aprobacion-del-paquete-de-11-000-millones-con-fondos-de-ayuda-a-empresas\/","title":{"rendered":"El Gobierno pospone al viernes la aprobaci\u00f3n del paquete de 11.000 millones con fondos de ayuda a empresas"},"content":{"rendered":"<p>\nContempla ayudas directas mediante las CCAA, reestructuraci\u00f3n de cr\u00e9ditos ICO con ayuda de la banca y recapitalizaci\u00f3n de empresas<br \/>\n\u00a0\u00a0 MADRID, 8 (EUROPA PRESS)<br \/>\n\u00a0\u00a0 El Gobierno aprobar\u00e1 en un Consejo de Ministros Extraordinario convocado el pr\u00f3ximo vienes el paquete de ayudas p\u00fablicas por importe de 11.000 millones de euros para el sector de la hosteler\u00eda, el turismo y el comercio, que se sustentar\u00e1 a trav\u00e9s de tres fondos de apoyo directo a las empresas, uno con ayudas a empresas afectadas canalizadas por las comunidades aut\u00f3nomas, otro de conversi\u00f3n de cr\u00e9ditos ICO y un tercero de recapitalizaci\u00f3n de empresas medianas, seg\u00fan han confirmado a Europa Press en fuentes gubernamentales.<br \/>\n\u00a0\u00a0 La medida estaba prevista para recibir luz verde este mismo martes tras ultimar los \u00faltimos detalles este fin de semana, pero nuevas demandas reclamadas por Unidas Podemos han retrasado su aprobaci\u00f3n hasta el pr\u00f3ximo viernes, d\u00eda 12.<br \/>\n\u00a0\u00a0 La propia vicepresidenta primera del Gobierno, Carmen Calvo, ha admitido que estaban todav\u00eda trabajando a primera hora de la noche con la intenci\u00f3n de que el paquete de est\u00edmulo fuera aprobado este mismo martes &#8220;y no se retrase ni un momento m\u00e1s&#8221;. &#8220;Siempre me toca estar bregando con todo el mundo&#8221;, ha dicho en declaraciones a la Cadena Ser recogidas por Europa Press.<br \/>\n\u00a0\u00a0 El propio presidente del Gobierno, Pedro S\u00e1nchez, anunci\u00f3 hace unos d\u00edas que pronto ver\u00eda la luz el paquete de ayudas de 11.000 millones para el balance de las empresas de hosteler\u00eda, turismo y peque\u00f1o comercio, pero desavenencias con Unidas Podemos han retrasado la aprobaci\u00f3n hasta finales de semana.<br \/>\n\u00a0\u00a0 Entre otras demandas, desde Unidas Podemos han reclamado que debe incluir al menos una dotaci\u00f3n de 8.000 millones en ayudas directas a las empresas golpeadas por el Covid-19 y plantea como &#8220;crucial&#8221; el &#8220;definir bien&#8221; las caracter\u00edsticas de estas ayudas para llegar &#8220;con eficiencia y rapidez&#8221; al tejido empresarial con problemas de solvencia.<br \/>\n\u00a0\u00a0 En cualquier caso, el Gobierno aprobar\u00e1 en Consejo de Ministros Extraordinario el nuevo paquete dirigido a evitar los problemas de solvencia en las empresas, especialmente las pymes, tras el impacto sufrido por las restricciones de la tercera ola del Covid y despu\u00e9s de que el Gobierno aprobase el a\u00f1o pasado 40.800 millones (5% del PIB) en ayudas directas, principalmente los ERTE, y tenga comprometido hasta la fecha un 2% del PIB en 2021 a este fin.<br \/>\n\u00a0\u00a0 En detalle, el Ejecutivo contempla la creaci\u00f3n de tres fondos cuyas dotaciones configurar\u00e1n el nuevo paquete de 11.000 millones de euros, y que previsiblemente consistir\u00e1n en un fondo canalizado a trav\u00e9s de las comunidades aut\u00f3nomas y dedicado a ayudas directas para aquellas empresas m\u00e1s afectadas por las restricciones de movilidad.<br \/>\n\u00a0\u00a0 Las ayudas de este fondo se sumar\u00e1n a las ya implementadas por las CCAA y las nuevas medidas que las regiones configurar\u00e1n despu\u00e9s de la transferencia realizada por el Estado del fondo Covid-19 de 16.000 millones, a los que se unir\u00e1n los 8.000 millones de euros recibidos del Fondo React-EU este a\u00f1o.<br \/>\n\u00a0\u00a0 Una vez que la Comisi\u00f3n Europea revis\u00f3 el pasado 28 de enero el marco comunitario de ayudas de Estado, el Gobierno est\u00e1 reformando el marco legal existente para poder aumentar los instrumentos y el importe de las ayudas directas a aut\u00f3nomos y empresas afectados por la pandemia del Covid-19.<br \/>\n\u00a0\u00a0 El marco temporal de ayudas de la UE actual permite financiar ayudas a costes fijos de empresas por hasta 800.000 euros, si bien Econom\u00eda tramita la autorizaci\u00f3n con Bruselas para elevar dichas ayudas a 1,8 millones, una cifra relevante, dado el elevado porcentaje de pymes en Espa\u00f1a.<br \/>\n\u00a0\u00a0 De esta forma, las CC.AA. podr\u00e1n acogerse a ese marco para la concesi\u00f3n de ayudas directas dirigidas a financiar costes como los arrendamientos, los gastos de suministro o la formaci\u00f3n, seg\u00fan se\u00f1alaron a Europa Press fuentes del Ejecutivo.<br \/>\nREESTRUCTURACI\u00d3N DE CR\u00c9DITOS ICO Y RECAPITALIZACI\u00d3N DE EMPRESA MEDIANA<br \/>\n\u00a0\u00a0 Un segundo fondo se configurar\u00e1 para la reestructuraci\u00f3n de los m\u00e1s de 120.400 millones de cr\u00e9ditos avalados hasta la fecha por el Instituto de Cr\u00e9dito Oficial (ICO), en un 98% a pymes y aut\u00f3nomos. A este respecto, el Ministerio de Asuntos Econ\u00f3micos podr\u00eda elaborar un protocolo de cara a las reestructuraciones, si bien es previsible que finalmente deje a merced de la banca los procesos de quitas y reestructuraciones. En cualquier caso, las entidades tendr\u00e1n que asumir parte del coste de estas nuevas medidas.<br \/>\n\u00a0\u00a0 El tercer y \u00faltimo fondo ser\u00e1 de recapitalizaci\u00f3n para empresas medianas mediante la empresa p\u00fablica Cofides, en la l\u00ednea del implementado por la SEPI de 10.000 millones de euros para grandes empresas.<br \/>\n\u00a0\u00a0 De esta forma, los instrumentos que ver\u00e1n la luz van en la l\u00ednea de lo que ha dejado entrever Calvi\u00f1o en las \u00faltima semanas e incluir\u00e1n ayudas directas y ayudas a trav\u00e9s de solvencia (quitas de deudas), tal y como reclamaban desde distintos sectores que han apremiado en los \u00faltimos d\u00edas a que no se demorase m\u00e1s la aprobaci\u00f3n.<br \/>\n\u00a0\u00a0 El nuevo paquete de ayudas que ultima el Gobierno se ha configurado tras meses de trabajo principalmente del Ministerio de Asuntos Econ\u00f3micos y Transformaci\u00f3n Digital junto al Banco de Espa\u00f1a y las entidades financieras, as\u00ed como los departamentos de Industria, Comercio y Turismo o Trabajo, ya que tal y como ha asegurado la vicepresidenta tercera del Gobierno, Nadia Calvi\u00f1o, las entidades tienen que seguir teniendo un papel importante en las nuevas medidas y asumir\u00e1n parte del coste de las mismas.<br \/>\n\u00a0\u00a0 En esta l\u00ednea, el Ministerio de Industria, Comercio y Turismo lleva meses trabajando en ayudas directas al considerar que las ayudas implementadas hasta la echa, como la reducci\u00f3n de costes los ERTE, la moratoria del alquiler, los aplazamientos de impuestos o cotizaciones o el Plan Horeca aprobado en diciembre, no eran suficientes para el sector.<\/p>\n<p>\n<!--noindex--><br \/>\n<a href=\"https:\/\/www.europapress.es\/economia\/finanzas-00340\/noticia-gobierno-pospone-viernes-aprobacion-paquete-11000-millones-fondos-ayuda-empresas-20210308224751.html\" rel=\"nofollow\">Source link <\/a><br \/>\n<!--\/noindex--><\/p>\n","protected":false},"excerpt":{"rendered":"<p>Contempla ayudas directas mediante las CCAA, reestructuraci\u00f3n de cr\u00e9ditos ICO con ayuda de la banca y recapitalizaci\u00f3n de empresas \u00a0\u00a0 MADRID, 8 (EUROPA PRESS) \u00a0\u00a0 El Gobierno aprobar\u00e1 en un Consejo de Ministros Extraordinario convocado el pr\u00f3ximo vienes el paquete de ayudas p\u00fablicas por importe de 11.000 millones de euros para el sector de la [&hellip;]<\/p>\n","protected":false},"author":2,"featured_media":13811,"comment_status":"open","ping_status":"open","sticky":false,"template":"","format":"standard","meta":{"footnotes":""},"categories":[1],"tags":[],"class_list":["post-13810","post","type-post","status-publish","format-standard","has-post-thumbnail","hentry","category-noticias-financieras"],"yoast_head":"<!-- This site is optimized with the Yoast SEO plugin v27.4 - https:\/\/yoast.com\/product\/yoast-seo-wordpress\/ -->\n<title>El Gobierno pospone al viernes la aprobaci\u00f3n del paquete de 11.000 millones con fondos de ayuda a empresas - Super News<\/title>\n<meta name=\"robots\" content=\"index, follow, max-snippet:-1, max-image-preview:large, max-video-preview:-1\" \/>\n<link rel=\"canonical\" href=\"https:\/\/super-news.info\/es\/el-gobierno-pospone-al-viernes-la-aprobacion-del-paquete-de-11-000-millones-con-fondos-de-ayuda-a-empresas\/\" \/>\n<meta property=\"og:locale\" content=\"en_US\" \/>\n<meta property=\"og:type\" content=\"article\" \/>\n<meta property=\"og:title\" content=\"El Gobierno pospone al viernes la aprobaci\u00f3n del paquete de 11.000 millones con fondos de ayuda a empresas - Super News\" \/>\n<meta property=\"og:description\" content=\"Contempla ayudas directas mediante las CCAA, reestructuraci\u00f3n de cr\u00e9ditos ICO con ayuda de la banca y recapitalizaci\u00f3n de empresas \u00a0\u00a0 MADRID, 8 (EUROPA PRESS) \u00a0\u00a0 El Gobierno aprobar\u00e1 en un Consejo de Ministros Extraordinario convocado el pr\u00f3ximo vienes el paquete de ayudas p\u00fablicas por importe de 11.000 millones de euros para el sector de la [&hellip;]\" \/>\n<meta property=\"og:url\" content=\"https:\/\/super-news.info\/es\/el-gobierno-pospone-al-viernes-la-aprobacion-del-paquete-de-11-000-millones-con-fondos-de-ayuda-a-empresas\/\" \/>\n<meta property=\"og:site_name\" content=\"Super News\" \/>\n<meta property=\"article:published_time\" content=\"2021-03-09T02:45:01+00:00\" \/>\n<meta property=\"article:modified_time\" content=\"2021-03-09T02:45:02+00:00\" \/>\n<meta property=\"og:image\" content=\"https:\/\/super-news.info\/es\/wp-content\/uploads\/sites\/4\/2021\/03\/El-Gobierno-pospone-al-viernes-la-aprobacion-del-paquete-de.jpg\" \/>\n\t<meta property=\"og:image:width\" content=\"120\" \/>\n\t<meta property=\"og:image:height\" content=\"80\" \/>\n\t<meta property=\"og:image:type\" content=\"image\/jpeg\" \/>\n<meta name=\"author\" content=\"super-news\" \/>\n<meta name=\"twitter:card\" content=\"summary_large_image\" \/>\n<meta name=\"twitter:label1\" content=\"Written by\" \/>\n\t<meta name=\"twitter:data1\" content=\"super-news\" \/>\n\t<meta name=\"twitter:label2\" content=\"Est. reading time\" \/>\n\t<meta name=\"twitter:data2\" content=\"5 minutes\" \/>\n<script type=\"application\/ld+json\" class=\"yoast-schema-graph\">{\"@context\":\"https:\\\/\\\/schema.org\",\"@graph\":[{\"@type\":\"Article\",\"@id\":\"https:\\\/\\\/super-news.info\\\/es\\\/el-gobierno-pospone-al-viernes-la-aprobacion-del-paquete-de-11-000-millones-con-fondos-de-ayuda-a-empresas\\\/#article\",\"isPartOf\":{\"@id\":\"https:\\\/\\\/super-news.info\\\/es\\\/el-gobierno-pospone-al-viernes-la-aprobacion-del-paquete-de-11-000-millones-con-fondos-de-ayuda-a-empresas\\\/\"},\"author\":{\"name\":\"super-news\",\"@id\":\"https:\\\/\\\/super-news.info\\\/es\\\/#\\\/schema\\\/person\\\/2d4068cb2f39cd10008c2fce578a7356\"},\"headline\":\"El Gobierno pospone al viernes la aprobaci\u00f3n del paquete de 11.000 millones con fondos de ayuda a empresas\",\"datePublished\":\"2021-03-09T02:45:01+00:00\",\"dateModified\":\"2021-03-09T02:45:02+00:00\",\"mainEntityOfPage\":{\"@id\":\"https:\\\/\\\/super-news.info\\\/es\\\/el-gobierno-pospone-al-viernes-la-aprobacion-del-paquete-de-11-000-millones-con-fondos-de-ayuda-a-empresas\\\/\"},\"wordCount\":1021,\"commentCount\":0,\"image\":{\"@id\":\"https:\\\/\\\/super-news.info\\\/es\\\/el-gobierno-pospone-al-viernes-la-aprobacion-del-paquete-de-11-000-millones-con-fondos-de-ayuda-a-empresas\\\/#primaryimage\"},\"thumbnailUrl\":\"https:\\\/\\\/super-news.info\\\/es\\\/wp-content\\\/uploads\\\/sites\\\/4\\\/2021\\\/03\\\/El-Gobierno-pospone-al-viernes-la-aprobacion-del-paquete-de.jpg\",\"articleSection\":[\"NOTICIAS FINANCIERAS\"],\"inLanguage\":\"en-US\",\"potentialAction\":[{\"@type\":\"CommentAction\",\"name\":\"Comment\",\"target\":[\"https:\\\/\\\/super-news.info\\\/es\\\/el-gobierno-pospone-al-viernes-la-aprobacion-del-paquete-de-11-000-millones-con-fondos-de-ayuda-a-empresas\\\/#respond\"]}]},{\"@type\":\"WebPage\",\"@id\":\"https:\\\/\\\/super-news.info\\\/es\\\/el-gobierno-pospone-al-viernes-la-aprobacion-del-paquete-de-11-000-millones-con-fondos-de-ayuda-a-empresas\\\/\",\"url\":\"https:\\\/\\\/super-news.info\\\/es\\\/el-gobierno-pospone-al-viernes-la-aprobacion-del-paquete-de-11-000-millones-con-fondos-de-ayuda-a-empresas\\\/\",\"name\":\"El Gobierno pospone al viernes la aprobaci\u00f3n del paquete de 11.000 millones con fondos de ayuda a empresas - Super News\",\"isPartOf\":{\"@id\":\"https:\\\/\\\/super-news.info\\\/es\\\/#website\"},\"primaryImageOfPage\":{\"@id\":\"https:\\\/\\\/super-news.info\\\/es\\\/el-gobierno-pospone-al-viernes-la-aprobacion-del-paquete-de-11-000-millones-con-fondos-de-ayuda-a-empresas\\\/#primaryimage\"},\"image\":{\"@id\":\"https:\\\/\\\/super-news.info\\\/es\\\/el-gobierno-pospone-al-viernes-la-aprobacion-del-paquete-de-11-000-millones-con-fondos-de-ayuda-a-empresas\\\/#primaryimage\"},\"thumbnailUrl\":\"https:\\\/\\\/super-news.info\\\/es\\\/wp-content\\\/uploads\\\/sites\\\/4\\\/2021\\\/03\\\/El-Gobierno-pospone-al-viernes-la-aprobacion-del-paquete-de.jpg\",\"datePublished\":\"2021-03-09T02:45:01+00:00\",\"dateModified\":\"2021-03-09T02:45:02+00:00\",\"author\":{\"@id\":\"https:\\\/\\\/super-news.info\\\/es\\\/#\\\/schema\\\/person\\\/2d4068cb2f39cd10008c2fce578a7356\"},\"breadcrumb\":{\"@id\":\"https:\\\/\\\/super-news.info\\\/es\\\/el-gobierno-pospone-al-viernes-la-aprobacion-del-paquete-de-11-000-millones-con-fondos-de-ayuda-a-empresas\\\/#breadcrumb\"},\"inLanguage\":\"en-US\",\"potentialAction\":[{\"@type\":\"ReadAction\",\"target\":[\"https:\\\/\\\/super-news.info\\\/es\\\/el-gobierno-pospone-al-viernes-la-aprobacion-del-paquete-de-11-000-millones-con-fondos-de-ayuda-a-empresas\\\/\"]}]},{\"@type\":\"ImageObject\",\"inLanguage\":\"en-US\",\"@id\":\"https:\\\/\\\/super-news.info\\\/es\\\/el-gobierno-pospone-al-viernes-la-aprobacion-del-paquete-de-11-000-millones-con-fondos-de-ayuda-a-empresas\\\/#primaryimage\",\"url\":\"https:\\\/\\\/super-news.info\\\/es\\\/wp-content\\\/uploads\\\/sites\\\/4\\\/2021\\\/03\\\/El-Gobierno-pospone-al-viernes-la-aprobacion-del-paquete-de.jpg\",\"contentUrl\":\"https:\\\/\\\/super-news.info\\\/es\\\/wp-content\\\/uploads\\\/sites\\\/4\\\/2021\\\/03\\\/El-Gobierno-pospone-al-viernes-la-aprobacion-del-paquete-de.jpg\",\"width\":120,\"height\":80,\"caption\":\"El Gobierno pospone al viernes la aprobaci\u00f3n del paquete de 11.000 millones con fondos de ayuda a empresas\"},{\"@type\":\"BreadcrumbList\",\"@id\":\"https:\\\/\\\/super-news.info\\\/es\\\/el-gobierno-pospone-al-viernes-la-aprobacion-del-paquete-de-11-000-millones-con-fondos-de-ayuda-a-empresas\\\/#breadcrumb\",\"itemListElement\":[{\"@type\":\"ListItem\",\"position\":1,\"name\":\"\u0413\u043b\u0430\u0432\u043d\u0430\u044f \u0441\u0442\u0440\u0430\u043d\u0438\u0446\u0430\",\"item\":\"https:\\\/\\\/super-news.info\\\/es\\\/\"},{\"@type\":\"ListItem\",\"position\":2,\"name\":\"El Gobierno pospone al viernes la aprobaci\u00f3n del paquete de 11.000 millones con fondos de ayuda a empresas\"}]},{\"@type\":\"WebSite\",\"@id\":\"https:\\\/\\\/super-news.info\\\/es\\\/#website\",\"url\":\"https:\\\/\\\/super-news.info\\\/es\\\/\",\"name\":\"Super News\",\"description\":\"Super News Espa\u00f1a\",\"potentialAction\":[{\"@type\":\"SearchAction\",\"target\":{\"@type\":\"EntryPoint\",\"urlTemplate\":\"https:\\\/\\\/super-news.info\\\/es\\\/?s={search_term_string}\"},\"query-input\":{\"@type\":\"PropertyValueSpecification\",\"valueRequired\":true,\"valueName\":\"search_term_string\"}}],\"inLanguage\":\"en-US\"},{\"@type\":\"Person\",\"@id\":\"https:\\\/\\\/super-news.info\\\/es\\\/#\\\/schema\\\/person\\\/2d4068cb2f39cd10008c2fce578a7356\",\"name\":\"super-news\",\"image\":{\"@type\":\"ImageObject\",\"inLanguage\":\"en-US\",\"@id\":\"https:\\\/\\\/secure.gravatar.com\\\/avatar\\\/64ebac40b93f26a154f8a9b5b6fdccfc46f442b26b3dd6756dbff3bf9dc76fd7?s=96&d=mm&r=g\",\"url\":\"https:\\\/\\\/secure.gravatar.com\\\/avatar\\\/64ebac40b93f26a154f8a9b5b6fdccfc46f442b26b3dd6756dbff3bf9dc76fd7?s=96&d=mm&r=g\",\"contentUrl\":\"https:\\\/\\\/secure.gravatar.com\\\/avatar\\\/64ebac40b93f26a154f8a9b5b6fdccfc46f442b26b3dd6756dbff3bf9dc76fd7?s=96&d=mm&r=g\",\"caption\":\"super-news\"},\"url\":\"https:\\\/\\\/super-news.info\\\/es\\\/author\\\/pt\\\/\"}]}<\/script>\n<!-- \/ Yoast SEO plugin. -->","yoast_head_json":{"title":"El Gobierno pospone al viernes la aprobaci\u00f3n del paquete de 11.000 millones con fondos de ayuda a empresas - Super News","robots":{"index":"index","follow":"follow","max-snippet":"max-snippet:-1","max-image-preview":"max-image-preview:large","max-video-preview":"max-video-preview:-1"},"canonical":"https:\/\/super-news.info\/es\/el-gobierno-pospone-al-viernes-la-aprobacion-del-paquete-de-11-000-millones-con-fondos-de-ayuda-a-empresas\/","og_locale":"en_US","og_type":"article","og_title":"El Gobierno pospone al viernes la aprobaci\u00f3n del paquete de 11.000 millones con fondos de ayuda a empresas - Super News","og_description":"Contempla ayudas directas mediante las CCAA, reestructuraci\u00f3n de cr\u00e9ditos ICO con ayuda de la banca y recapitalizaci\u00f3n de empresas \u00a0\u00a0 MADRID, 8 (EUROPA PRESS) \u00a0\u00a0 El Gobierno aprobar\u00e1 en un Consejo de Ministros Extraordinario convocado el pr\u00f3ximo vienes el paquete de ayudas p\u00fablicas por importe de 11.000 millones de euros para el sector de la [&hellip;]","og_url":"https:\/\/super-news.info\/es\/el-gobierno-pospone-al-viernes-la-aprobacion-del-paquete-de-11-000-millones-con-fondos-de-ayuda-a-empresas\/","og_site_name":"Super News","article_published_time":"2021-03-09T02:45:01+00:00","article_modified_time":"2021-03-09T02:45:02+00:00","og_image":[{"width":120,"height":80,"url":"https:\/\/super-news.info\/es\/wp-content\/uploads\/sites\/4\/2021\/03\/El-Gobierno-pospone-al-viernes-la-aprobacion-del-paquete-de.jpg","type":"image\/jpeg"}],"author":"super-news","twitter_card":"summary_large_image","twitter_misc":{"Written by":"super-news","Est. reading time":"5 minutes"},"schema":{"@context":"https:\/\/schema.org","@graph":[{"@type":"Article","@id":"https:\/\/super-news.info\/es\/el-gobierno-pospone-al-viernes-la-aprobacion-del-paquete-de-11-000-millones-con-fondos-de-ayuda-a-empresas\/#article","isPartOf":{"@id":"https:\/\/super-news.info\/es\/el-gobierno-pospone-al-viernes-la-aprobacion-del-paquete-de-11-000-millones-con-fondos-de-ayuda-a-empresas\/"},"author":{"name":"super-news","@id":"https:\/\/super-news.info\/es\/#\/schema\/person\/2d4068cb2f39cd10008c2fce578a7356"},"headline":"El Gobierno pospone al viernes la aprobaci\u00f3n del paquete de 11.000 millones con fondos de ayuda a empresas","datePublished":"2021-03-09T02:45:01+00:00","dateModified":"2021-03-09T02:45:02+00:00","mainEntityOfPage":{"@id":"https:\/\/super-news.info\/es\/el-gobierno-pospone-al-viernes-la-aprobacion-del-paquete-de-11-000-millones-con-fondos-de-ayuda-a-empresas\/"},"wordCount":1021,"commentCount":0,"image":{"@id":"https:\/\/super-news.info\/es\/el-gobierno-pospone-al-viernes-la-aprobacion-del-paquete-de-11-000-millones-con-fondos-de-ayuda-a-empresas\/#primaryimage"},"thumbnailUrl":"https:\/\/super-news.info\/es\/wp-content\/uploads\/sites\/4\/2021\/03\/El-Gobierno-pospone-al-viernes-la-aprobacion-del-paquete-de.jpg","articleSection":["NOTICIAS FINANCIERAS"],"inLanguage":"en-US","potentialAction":[{"@type":"CommentAction","name":"Comment","target":["https:\/\/super-news.info\/es\/el-gobierno-pospone-al-viernes-la-aprobacion-del-paquete-de-11-000-millones-con-fondos-de-ayuda-a-empresas\/#respond"]}]},{"@type":"WebPage","@id":"https:\/\/super-news.info\/es\/el-gobierno-pospone-al-viernes-la-aprobacion-del-paquete-de-11-000-millones-con-fondos-de-ayuda-a-empresas\/","url":"https:\/\/super-news.info\/es\/el-gobierno-pospone-al-viernes-la-aprobacion-del-paquete-de-11-000-millones-con-fondos-de-ayuda-a-empresas\/","name":"El Gobierno pospone al viernes la aprobaci\u00f3n del paquete de 11.000 millones con fondos de ayuda a empresas - Super News","isPartOf":{"@id":"https:\/\/super-news.info\/es\/#website"},"primaryImageOfPage":{"@id":"https:\/\/super-news.info\/es\/el-gobierno-pospone-al-viernes-la-aprobacion-del-paquete-de-11-000-millones-con-fondos-de-ayuda-a-empresas\/#primaryimage"},"image":{"@id":"https:\/\/super-news.info\/es\/el-gobierno-pospone-al-viernes-la-aprobacion-del-paquete-de-11-000-millones-con-fondos-de-ayuda-a-empresas\/#primaryimage"},"thumbnailUrl":"https:\/\/super-news.info\/es\/wp-content\/uploads\/sites\/4\/2021\/03\/El-Gobierno-pospone-al-viernes-la-aprobacion-del-paquete-de.jpg","datePublished":"2021-03-09T02:45:01+00:00","dateModified":"2021-03-09T02:45:02+00:00","author":{"@id":"https:\/\/super-news.info\/es\/#\/schema\/person\/2d4068cb2f39cd10008c2fce578a7356"},"breadcrumb":{"@id":"https:\/\/super-news.info\/es\/el-gobierno-pospone-al-viernes-la-aprobacion-del-paquete-de-11-000-millones-con-fondos-de-ayuda-a-empresas\/#breadcrumb"},"inLanguage":"en-US","potentialAction":[{"@type":"ReadAction","target":["https:\/\/super-news.info\/es\/el-gobierno-pospone-al-viernes-la-aprobacion-del-paquete-de-11-000-millones-con-fondos-de-ayuda-a-empresas\/"]}]},{"@type":"ImageObject","inLanguage":"en-US","@id":"https:\/\/super-news.info\/es\/el-gobierno-pospone-al-viernes-la-aprobacion-del-paquete-de-11-000-millones-con-fondos-de-ayuda-a-empresas\/#primaryimage","url":"https:\/\/super-news.info\/es\/wp-content\/uploads\/sites\/4\/2021\/03\/El-Gobierno-pospone-al-viernes-la-aprobacion-del-paquete-de.jpg","contentUrl":"https:\/\/super-news.info\/es\/wp-content\/uploads\/sites\/4\/2021\/03\/El-Gobierno-pospone-al-viernes-la-aprobacion-del-paquete-de.jpg","width":120,"height":80,"caption":"El Gobierno pospone al viernes la aprobaci\u00f3n del paquete de 11.000 millones con fondos de ayuda a empresas"},{"@type":"BreadcrumbList","@id":"https:\/\/super-news.info\/es\/el-gobierno-pospone-al-viernes-la-aprobacion-del-paquete-de-11-000-millones-con-fondos-de-ayuda-a-empresas\/#breadcrumb","itemListElement":[{"@type":"ListItem","position":1,"name":"\u0413\u043b\u0430\u0432\u043d\u0430\u044f \u0441\u0442\u0440\u0430\u043d\u0438\u0446\u0430","item":"https:\/\/super-news.info\/es\/"},{"@type":"ListItem","position":2,"name":"El Gobierno pospone al viernes la aprobaci\u00f3n del paquete de 11.000 millones con fondos de ayuda a empresas"}]},{"@type":"WebSite","@id":"https:\/\/super-news.info\/es\/#website","url":"https:\/\/super-news.info\/es\/","name":"Super News","description":"Super News Espa\u00f1a","potentialAction":[{"@type":"SearchAction","target":{"@type":"EntryPoint","urlTemplate":"https:\/\/super-news.info\/es\/?s={search_term_string}"},"query-input":{"@type":"PropertyValueSpecification","valueRequired":true,"valueName":"search_term_string"}}],"inLanguage":"en-US"},{"@type":"Person","@id":"https:\/\/super-news.info\/es\/#\/schema\/person\/2d4068cb2f39cd10008c2fce578a7356","name":"super-news","image":{"@type":"ImageObject","inLanguage":"en-US","@id":"https:\/\/secure.gravatar.com\/avatar\/64ebac40b93f26a154f8a9b5b6fdccfc46f442b26b3dd6756dbff3bf9dc76fd7?s=96&d=mm&r=g","url":"https:\/\/secure.gravatar.com\/avatar\/64ebac40b93f26a154f8a9b5b6fdccfc46f442b26b3dd6756dbff3bf9dc76fd7?s=96&d=mm&r=g","contentUrl":"https:\/\/secure.gravatar.com\/avatar\/64ebac40b93f26a154f8a9b5b6fdccfc46f442b26b3dd6756dbff3bf9dc76fd7?s=96&d=mm&r=g","caption":"super-news"},"url":"https:\/\/super-news.info\/es\/author\/pt\/"}]}},"_links":{"self":[{"href":"https:\/\/super-news.info\/es\/wp-json\/wp\/v2\/posts\/13810","targetHints":{"allow":["GET"]}}],"collection":[{"href":"https:\/\/super-news.info\/es\/wp-json\/wp\/v2\/posts"}],"about":[{"href":"https:\/\/super-news.info\/es\/wp-json\/wp\/v2\/types\/post"}],"author":[{"embeddable":true,"href":"https:\/\/super-news.info\/es\/wp-json\/wp\/v2\/users\/2"}],"replies":[{"embeddable":true,"href":"https:\/\/super-news.info\/es\/wp-json\/wp\/v2\/comments?post=13810"}],"version-history":[{"count":1,"href":"https:\/\/super-news.info\/es\/wp-json\/wp\/v2\/posts\/13810\/revisions"}],"predecessor-version":[{"id":13812,"href":"https:\/\/super-news.info\/es\/wp-json\/wp\/v2\/posts\/13810\/revisions\/13812"}],"wp:featuredmedia":[{"embeddable":true,"href":"https:\/\/super-news.info\/es\/wp-json\/wp\/v2\/media\/13811"}],"wp:attachment":[{"href":"https:\/\/super-news.info\/es\/wp-json\/wp\/v2\/media?parent=13810"}],"wp:term":[{"taxonomy":"category","embeddable":true,"href":"https:\/\/super-news.info\/es\/wp-json\/wp\/v2\/categories?post=13810"},{"taxonomy":"post_tag","embeddable":true,"href":"https:\/\/super-news.info\/es\/wp-json\/wp\/v2\/tags?post=13810"}],"curies":[{"name":"wp","href":"https:\/\/api.w.org\/{rel}","templated":true}]}}