{"id":13798,"date":"2021-03-08T05:43:11","date_gmt":"2021-03-08T02:43:11","guid":{"rendered":"https:\/\/super-news.info\/es\/el-covid-tambien-pasa-factura-a-los-extranjeros-en-espana-su-cifra-de-parados-se-dispara-un-37-en-2020\/"},"modified":"2021-03-08T05:43:12","modified_gmt":"2021-03-08T02:43:12","slug":"el-covid-tambien-pasa-factura-a-los-extranjeros-en-espana-su-cifra-de-parados-se-dispara-un-37-en-2020","status":"publish","type":"post","link":"https:\/\/super-news.info\/es\/el-covid-tambien-pasa-factura-a-los-extranjeros-en-espana-su-cifra-de-parados-se-dispara-un-37-en-2020\/","title":{"rendered":"El Covid tambi\u00e9n pasa factura a los extranjeros en Espa\u00f1a: su cifra de parados se dispara un 37% en 2020"},"content":{"rendered":"<p>\nBuena parte de los inmigrantes trabajan en la hosteler\u00eda y el comercio, dos de los sectores m\u00e1s afectados por la pandemia y con m\u00e1s ERTE<br \/>\n   MADRID, 7 Mar. (EUROPA PRESS) &#8211;<br \/>\n   La crisis que ha provocado la pandemia del Covid tambi\u00e9n ha pasado factura a los extranjeros en Espa\u00f1a: su cifra de parados se ha disparado casi un 37% en 2020, con 227.900 desempleados m\u00e1s que en 2019, seg\u00fan datos de la \u00faltima Encuesta de Poblaci\u00f3n Activa (EPA) recogidos por Europa Press.<br \/>\n   A cierre del a\u00f1o pasado, el Instituto Nacional de Estad\u00edstica (INE) contabilizaba en la EPA un total de 844.600 desempleados extranjeros. En los \u00faltimos tres meses de 2020, los parados no nacionales se incrementaron en casi 40.000 personas respecto al tercer trimestre, casi un 5% m\u00e1s.<br \/>\n   De los 527.900 nuevos parados que se registraron en el a\u00f1o del Covid, cuatro de cada diez eran extranjeros. Su tasa de desempleo se situ\u00f3 al finalizar el a\u00f1o pasado en el 26,58%, casi 6,6 puntos m\u00e1s que a cierre de 2019 y casi el doble que la de los espa\u00f1oles (14,46%).<br \/>\n   Al fuerte incremento del desempleo que experimentaron los extranjeros en 2020 hay que sumar la destrucci\u00f3n de puestos de trabajo: los inmigrantes perdieron 136.200 empleos en 2020 (-5,5%), situ\u00e1ndose su cifra de ocupados en algo m\u00e1s de 2,3 millones de trabajadores.<br \/>\n   Esta destrucci\u00f3n de puestos de trabajo entre los extranjeros fue 3,5 veces inferior a la que sufrieron los espa\u00f1oles, que vieron reducir su n\u00famero de ocupados en 486.400 personas en 2020.<br \/>\n   Por su parte, la estad\u00edstica de paro registrado que elabora el Ministerio de Trabajo en funci\u00f3n de las personas inscritas en las oficinas de empleo contabilizaba al finalizar el mes pasado 590.457 desempleados extranjeros, un 44% m\u00e1s que en febrero de 2020, justo antes de que llegara la pandemia.<br \/>\n   Casi dos de cada tres parados extranjeros incluidos en las listas del antiguo Inem trabajan en el sector servicios, el sector que m\u00e1s incrementado su cifra de inmigrantes en desempleo desde febrero de 2020, tanto en t\u00e9rminos relativos (+47,8%) como absolutos (+121.105 parados extranjeros).<br \/>\n   Trabajo cifra en casi 297.000 personas el n\u00famero de beneficiarios extranjeros de prestaciones por desempleo que hab\u00eda en enero, un 31,7% m\u00e1s que el mismo mes del a\u00f1o anterior. El gasto en el pago de estas prestaciones alcanz\u00f3 los 239,3 millones de euros en enero, un 28,9% m\u00e1s que en igual mes de 2020.<br \/>\nAFECTADOS POR LAS RESTRICCIONES EN HOSTELER\u00cdA Y COMERCIO<br \/>\n   Seg\u00fan datos de la Seguridad Social, los extranjeros dados de altas en el R\u00e9gimen General trabajan, sobre todo, en la hosteler\u00eda y el comercio, dos de las actividades m\u00e1s afectadas por las restricciones administrativas para luchar contra el Covid y con mayor n\u00famero de expedientes de regulaci\u00f3n temporal de empleo (ERTE).<br \/>\n   De los 2.044.669 trabajadores que estaban dados de alta en la Seguridad Social en enero de este a\u00f1o, 1.677.221 estaban inscritos en el R\u00e9gimen General incluyendo en esta cifra los 232.142 ocupados del Sistema Especial Agrario y los 163.525 del R\u00e9gimen Especial del Hogar.<br \/>\n   Dentro del R\u00e9gimen General, algo m\u00e1s de 214.000 extranjeros afiliados trabajaban en la hosteler\u00eda, un 23,1% menos que un a\u00f1o antes, en tanto que 213.511 estaban empleados en el sector del comercio, casi un 3% menos que en enero de 2020.<br \/>\n   En el conjunto del sistema de la Seguridad Social, los trabajadores extranjeros representan en torno a un 10,8% del total. Entre los inmigrantes afiliados, algo m\u00e1s de seis de cada diez proceden de pa\u00edses de fuera de la UE y el resto, de pa\u00edses comunitarios (36,05%).<br \/>\n   Los grupos de cotizantes extranjeros m\u00e1s numerosos, con datos a cierre del mes de enero, son los procedentes de Ruman\u00eda (320.114), Marruecos (258.939), Italia (120.439) y China (97.610).<br \/>\n<br \/>\n<!--noindex--><br \/>\n<a href=\"https:\/\/www.europapress.es\/economia\/laboral-00346\/noticia-covid-tambien-pasa-factura-extranjeros-espana-cifra-parados-dispara-37-2020-20210307111037.html\" rel=\"nofollow\">Source link <\/a><br \/>\n<!--\/noindex--><\/p>\n","protected":false},"excerpt":{"rendered":"<p>Buena parte de los inmigrantes trabajan en la hosteler\u00eda y el comercio, dos de los sectores m\u00e1s afectados por la pandemia y con m\u00e1s ERTE MADRID, 7 Mar. (EUROPA PRESS) &#8211; La crisis que ha provocado la pandemia del Covid tambi\u00e9n ha pasado factura a los extranjeros en Espa\u00f1a: su cifra de parados se ha [&hellip;]<\/p>\n","protected":false},"author":2,"featured_media":13799,"comment_status":"open","ping_status":"open","sticky":false,"template":"","format":"standard","meta":{"footnotes":""},"categories":[1],"tags":[],"class_list":["post-13798","post","type-post","status-publish","format-standard","has-post-thumbnail","hentry","category-noticias-financieras"],"yoast_head":"<!-- This site is optimized with the Yoast SEO plugin v27.4 - https:\/\/yoast.com\/product\/yoast-seo-wordpress\/ -->\n<title>El Covid tambi\u00e9n pasa factura a los extranjeros en Espa\u00f1a: su cifra de parados se dispara un 37% en 2020 - Super News<\/title>\n<meta name=\"robots\" content=\"index, follow, max-snippet:-1, max-image-preview:large, max-video-preview:-1\" \/>\n<link rel=\"canonical\" href=\"https:\/\/super-news.info\/es\/el-covid-tambien-pasa-factura-a-los-extranjeros-en-espana-su-cifra-de-parados-se-dispara-un-37-en-2020\/\" \/>\n<meta property=\"og:locale\" content=\"en_US\" \/>\n<meta property=\"og:type\" content=\"article\" \/>\n<meta property=\"og:title\" content=\"El Covid tambi\u00e9n pasa factura a los extranjeros en Espa\u00f1a: su cifra de parados se dispara un 37% en 2020 - Super News\" \/>\n<meta property=\"og:description\" content=\"Buena parte de los inmigrantes trabajan en la hosteler\u00eda y el comercio, dos de los sectores m\u00e1s afectados por la pandemia y con m\u00e1s ERTE MADRID, 7 Mar. (EUROPA PRESS) &#8211; La crisis que ha provocado la pandemia del Covid tambi\u00e9n ha pasado factura a los extranjeros en Espa\u00f1a: su cifra de parados se ha [&hellip;]\" \/>\n<meta property=\"og:url\" content=\"https:\/\/super-news.info\/es\/el-covid-tambien-pasa-factura-a-los-extranjeros-en-espana-su-cifra-de-parados-se-dispara-un-37-en-2020\/\" \/>\n<meta property=\"og:site_name\" content=\"Super News\" \/>\n<meta property=\"article:published_time\" content=\"2021-03-08T02:43:11+00:00\" \/>\n<meta property=\"article:modified_time\" content=\"2021-03-08T02:43:12+00:00\" \/>\n<meta property=\"og:image\" content=\"https:\/\/super-news.info\/es\/wp-content\/uploads\/sites\/4\/2021\/03\/El-Covid-tambien-pasa-factura-a-los-extranjeros-en-Espana.jpg\" \/>\n\t<meta property=\"og:image:width\" content=\"120\" \/>\n\t<meta property=\"og:image:height\" content=\"80\" \/>\n\t<meta property=\"og:image:type\" content=\"image\/jpeg\" \/>\n<meta name=\"author\" content=\"super-news\" \/>\n<meta name=\"twitter:card\" content=\"summary_large_image\" \/>\n<meta name=\"twitter:label1\" content=\"Written by\" \/>\n\t<meta name=\"twitter:data1\" content=\"super-news\" \/>\n\t<meta name=\"twitter:label2\" content=\"Est. reading time\" \/>\n\t<meta name=\"twitter:data2\" content=\"3 minutes\" \/>\n<script type=\"application\/ld+json\" class=\"yoast-schema-graph\">{\"@context\":\"https:\\\/\\\/schema.org\",\"@graph\":[{\"@type\":\"Article\",\"@id\":\"https:\\\/\\\/super-news.info\\\/es\\\/el-covid-tambien-pasa-factura-a-los-extranjeros-en-espana-su-cifra-de-parados-se-dispara-un-37-en-2020\\\/#article\",\"isPartOf\":{\"@id\":\"https:\\\/\\\/super-news.info\\\/es\\\/el-covid-tambien-pasa-factura-a-los-extranjeros-en-espana-su-cifra-de-parados-se-dispara-un-37-en-2020\\\/\"},\"author\":{\"name\":\"super-news\",\"@id\":\"https:\\\/\\\/super-news.info\\\/es\\\/#\\\/schema\\\/person\\\/2d4068cb2f39cd10008c2fce578a7356\"},\"headline\":\"El Covid tambi\u00e9n pasa factura a los extranjeros en Espa\u00f1a: su cifra de parados se dispara un 37% en 2020\",\"datePublished\":\"2021-03-08T02:43:11+00:00\",\"dateModified\":\"2021-03-08T02:43:12+00:00\",\"mainEntityOfPage\":{\"@id\":\"https:\\\/\\\/super-news.info\\\/es\\\/el-covid-tambien-pasa-factura-a-los-extranjeros-en-espana-su-cifra-de-parados-se-dispara-un-37-en-2020\\\/\"},\"wordCount\":642,\"commentCount\":0,\"image\":{\"@id\":\"https:\\\/\\\/super-news.info\\\/es\\\/el-covid-tambien-pasa-factura-a-los-extranjeros-en-espana-su-cifra-de-parados-se-dispara-un-37-en-2020\\\/#primaryimage\"},\"thumbnailUrl\":\"https:\\\/\\\/super-news.info\\\/es\\\/wp-content\\\/uploads\\\/sites\\\/4\\\/2021\\\/03\\\/El-Covid-tambien-pasa-factura-a-los-extranjeros-en-Espana.jpg\",\"articleSection\":[\"NOTICIAS FINANCIERAS\"],\"inLanguage\":\"en-US\",\"potentialAction\":[{\"@type\":\"CommentAction\",\"name\":\"Comment\",\"target\":[\"https:\\\/\\\/super-news.info\\\/es\\\/el-covid-tambien-pasa-factura-a-los-extranjeros-en-espana-su-cifra-de-parados-se-dispara-un-37-en-2020\\\/#respond\"]}]},{\"@type\":\"WebPage\",\"@id\":\"https:\\\/\\\/super-news.info\\\/es\\\/el-covid-tambien-pasa-factura-a-los-extranjeros-en-espana-su-cifra-de-parados-se-dispara-un-37-en-2020\\\/\",\"url\":\"https:\\\/\\\/super-news.info\\\/es\\\/el-covid-tambien-pasa-factura-a-los-extranjeros-en-espana-su-cifra-de-parados-se-dispara-un-37-en-2020\\\/\",\"name\":\"El Covid tambi\u00e9n pasa factura a los extranjeros en Espa\u00f1a: su cifra de parados se dispara un 37% en 2020 - Super News\",\"isPartOf\":{\"@id\":\"https:\\\/\\\/super-news.info\\\/es\\\/#website\"},\"primaryImageOfPage\":{\"@id\":\"https:\\\/\\\/super-news.info\\\/es\\\/el-covid-tambien-pasa-factura-a-los-extranjeros-en-espana-su-cifra-de-parados-se-dispara-un-37-en-2020\\\/#primaryimage\"},\"image\":{\"@id\":\"https:\\\/\\\/super-news.info\\\/es\\\/el-covid-tambien-pasa-factura-a-los-extranjeros-en-espana-su-cifra-de-parados-se-dispara-un-37-en-2020\\\/#primaryimage\"},\"thumbnailUrl\":\"https:\\\/\\\/super-news.info\\\/es\\\/wp-content\\\/uploads\\\/sites\\\/4\\\/2021\\\/03\\\/El-Covid-tambien-pasa-factura-a-los-extranjeros-en-Espana.jpg\",\"datePublished\":\"2021-03-08T02:43:11+00:00\",\"dateModified\":\"2021-03-08T02:43:12+00:00\",\"author\":{\"@id\":\"https:\\\/\\\/super-news.info\\\/es\\\/#\\\/schema\\\/person\\\/2d4068cb2f39cd10008c2fce578a7356\"},\"breadcrumb\":{\"@id\":\"https:\\\/\\\/super-news.info\\\/es\\\/el-covid-tambien-pasa-factura-a-los-extranjeros-en-espana-su-cifra-de-parados-se-dispara-un-37-en-2020\\\/#breadcrumb\"},\"inLanguage\":\"en-US\",\"potentialAction\":[{\"@type\":\"ReadAction\",\"target\":[\"https:\\\/\\\/super-news.info\\\/es\\\/el-covid-tambien-pasa-factura-a-los-extranjeros-en-espana-su-cifra-de-parados-se-dispara-un-37-en-2020\\\/\"]}]},{\"@type\":\"ImageObject\",\"inLanguage\":\"en-US\",\"@id\":\"https:\\\/\\\/super-news.info\\\/es\\\/el-covid-tambien-pasa-factura-a-los-extranjeros-en-espana-su-cifra-de-parados-se-dispara-un-37-en-2020\\\/#primaryimage\",\"url\":\"https:\\\/\\\/super-news.info\\\/es\\\/wp-content\\\/uploads\\\/sites\\\/4\\\/2021\\\/03\\\/El-Covid-tambien-pasa-factura-a-los-extranjeros-en-Espana.jpg\",\"contentUrl\":\"https:\\\/\\\/super-news.info\\\/es\\\/wp-content\\\/uploads\\\/sites\\\/4\\\/2021\\\/03\\\/El-Covid-tambien-pasa-factura-a-los-extranjeros-en-Espana.jpg\",\"width\":120,\"height\":80,\"caption\":\"El Covid tambi\u00e9n pasa factura a los extranjeros en Espa\u00f1a: su cifra de parados se dispara un 37% en 2020\"},{\"@type\":\"BreadcrumbList\",\"@id\":\"https:\\\/\\\/super-news.info\\\/es\\\/el-covid-tambien-pasa-factura-a-los-extranjeros-en-espana-su-cifra-de-parados-se-dispara-un-37-en-2020\\\/#breadcrumb\",\"itemListElement\":[{\"@type\":\"ListItem\",\"position\":1,\"name\":\"\u0413\u043b\u0430\u0432\u043d\u0430\u044f \u0441\u0442\u0440\u0430\u043d\u0438\u0446\u0430\",\"item\":\"https:\\\/\\\/super-news.info\\\/es\\\/\"},{\"@type\":\"ListItem\",\"position\":2,\"name\":\"El Covid tambi\u00e9n pasa factura a los extranjeros en Espa\u00f1a: su cifra de parados se dispara un 37% en 2020\"}]},{\"@type\":\"WebSite\",\"@id\":\"https:\\\/\\\/super-news.info\\\/es\\\/#website\",\"url\":\"https:\\\/\\\/super-news.info\\\/es\\\/\",\"name\":\"Super News\",\"description\":\"Super News Espa\u00f1a\",\"potentialAction\":[{\"@type\":\"SearchAction\",\"target\":{\"@type\":\"EntryPoint\",\"urlTemplate\":\"https:\\\/\\\/super-news.info\\\/es\\\/?s={search_term_string}\"},\"query-input\":{\"@type\":\"PropertyValueSpecification\",\"valueRequired\":true,\"valueName\":\"search_term_string\"}}],\"inLanguage\":\"en-US\"},{\"@type\":\"Person\",\"@id\":\"https:\\\/\\\/super-news.info\\\/es\\\/#\\\/schema\\\/person\\\/2d4068cb2f39cd10008c2fce578a7356\",\"name\":\"super-news\",\"image\":{\"@type\":\"ImageObject\",\"inLanguage\":\"en-US\",\"@id\":\"https:\\\/\\\/secure.gravatar.com\\\/avatar\\\/64ebac40b93f26a154f8a9b5b6fdccfc46f442b26b3dd6756dbff3bf9dc76fd7?s=96&d=mm&r=g\",\"url\":\"https:\\\/\\\/secure.gravatar.com\\\/avatar\\\/64ebac40b93f26a154f8a9b5b6fdccfc46f442b26b3dd6756dbff3bf9dc76fd7?s=96&d=mm&r=g\",\"contentUrl\":\"https:\\\/\\\/secure.gravatar.com\\\/avatar\\\/64ebac40b93f26a154f8a9b5b6fdccfc46f442b26b3dd6756dbff3bf9dc76fd7?s=96&d=mm&r=g\",\"caption\":\"super-news\"},\"url\":\"https:\\\/\\\/super-news.info\\\/es\\\/author\\\/pt\\\/\"}]}<\/script>\n<!-- \/ Yoast SEO plugin. -->","yoast_head_json":{"title":"El Covid tambi\u00e9n pasa factura a los extranjeros en Espa\u00f1a: su cifra de parados se dispara un 37% en 2020 - Super News","robots":{"index":"index","follow":"follow","max-snippet":"max-snippet:-1","max-image-preview":"max-image-preview:large","max-video-preview":"max-video-preview:-1"},"canonical":"https:\/\/super-news.info\/es\/el-covid-tambien-pasa-factura-a-los-extranjeros-en-espana-su-cifra-de-parados-se-dispara-un-37-en-2020\/","og_locale":"en_US","og_type":"article","og_title":"El Covid tambi\u00e9n pasa factura a los extranjeros en Espa\u00f1a: su cifra de parados se dispara un 37% en 2020 - Super News","og_description":"Buena parte de los inmigrantes trabajan en la hosteler\u00eda y el comercio, dos de los sectores m\u00e1s afectados por la pandemia y con m\u00e1s ERTE MADRID, 7 Mar. (EUROPA PRESS) &#8211; La crisis que ha provocado la pandemia del Covid tambi\u00e9n ha pasado factura a los extranjeros en Espa\u00f1a: su cifra de parados se ha [&hellip;]","og_url":"https:\/\/super-news.info\/es\/el-covid-tambien-pasa-factura-a-los-extranjeros-en-espana-su-cifra-de-parados-se-dispara-un-37-en-2020\/","og_site_name":"Super News","article_published_time":"2021-03-08T02:43:11+00:00","article_modified_time":"2021-03-08T02:43:12+00:00","og_image":[{"width":120,"height":80,"url":"https:\/\/super-news.info\/es\/wp-content\/uploads\/sites\/4\/2021\/03\/El-Covid-tambien-pasa-factura-a-los-extranjeros-en-Espana.jpg","type":"image\/jpeg"}],"author":"super-news","twitter_card":"summary_large_image","twitter_misc":{"Written by":"super-news","Est. reading time":"3 minutes"},"schema":{"@context":"https:\/\/schema.org","@graph":[{"@type":"Article","@id":"https:\/\/super-news.info\/es\/el-covid-tambien-pasa-factura-a-los-extranjeros-en-espana-su-cifra-de-parados-se-dispara-un-37-en-2020\/#article","isPartOf":{"@id":"https:\/\/super-news.info\/es\/el-covid-tambien-pasa-factura-a-los-extranjeros-en-espana-su-cifra-de-parados-se-dispara-un-37-en-2020\/"},"author":{"name":"super-news","@id":"https:\/\/super-news.info\/es\/#\/schema\/person\/2d4068cb2f39cd10008c2fce578a7356"},"headline":"El Covid tambi\u00e9n pasa factura a los extranjeros en Espa\u00f1a: su cifra de parados se dispara un 37% en 2020","datePublished":"2021-03-08T02:43:11+00:00","dateModified":"2021-03-08T02:43:12+00:00","mainEntityOfPage":{"@id":"https:\/\/super-news.info\/es\/el-covid-tambien-pasa-factura-a-los-extranjeros-en-espana-su-cifra-de-parados-se-dispara-un-37-en-2020\/"},"wordCount":642,"commentCount":0,"image":{"@id":"https:\/\/super-news.info\/es\/el-covid-tambien-pasa-factura-a-los-extranjeros-en-espana-su-cifra-de-parados-se-dispara-un-37-en-2020\/#primaryimage"},"thumbnailUrl":"https:\/\/super-news.info\/es\/wp-content\/uploads\/sites\/4\/2021\/03\/El-Covid-tambien-pasa-factura-a-los-extranjeros-en-Espana.jpg","articleSection":["NOTICIAS FINANCIERAS"],"inLanguage":"en-US","potentialAction":[{"@type":"CommentAction","name":"Comment","target":["https:\/\/super-news.info\/es\/el-covid-tambien-pasa-factura-a-los-extranjeros-en-espana-su-cifra-de-parados-se-dispara-un-37-en-2020\/#respond"]}]},{"@type":"WebPage","@id":"https:\/\/super-news.info\/es\/el-covid-tambien-pasa-factura-a-los-extranjeros-en-espana-su-cifra-de-parados-se-dispara-un-37-en-2020\/","url":"https:\/\/super-news.info\/es\/el-covid-tambien-pasa-factura-a-los-extranjeros-en-espana-su-cifra-de-parados-se-dispara-un-37-en-2020\/","name":"El Covid tambi\u00e9n pasa factura a los extranjeros en Espa\u00f1a: su cifra de parados se dispara un 37% en 2020 - Super News","isPartOf":{"@id":"https:\/\/super-news.info\/es\/#website"},"primaryImageOfPage":{"@id":"https:\/\/super-news.info\/es\/el-covid-tambien-pasa-factura-a-los-extranjeros-en-espana-su-cifra-de-parados-se-dispara-un-37-en-2020\/#primaryimage"},"image":{"@id":"https:\/\/super-news.info\/es\/el-covid-tambien-pasa-factura-a-los-extranjeros-en-espana-su-cifra-de-parados-se-dispara-un-37-en-2020\/#primaryimage"},"thumbnailUrl":"https:\/\/super-news.info\/es\/wp-content\/uploads\/sites\/4\/2021\/03\/El-Covid-tambien-pasa-factura-a-los-extranjeros-en-Espana.jpg","datePublished":"2021-03-08T02:43:11+00:00","dateModified":"2021-03-08T02:43:12+00:00","author":{"@id":"https:\/\/super-news.info\/es\/#\/schema\/person\/2d4068cb2f39cd10008c2fce578a7356"},"breadcrumb":{"@id":"https:\/\/super-news.info\/es\/el-covid-tambien-pasa-factura-a-los-extranjeros-en-espana-su-cifra-de-parados-se-dispara-un-37-en-2020\/#breadcrumb"},"inLanguage":"en-US","potentialAction":[{"@type":"ReadAction","target":["https:\/\/super-news.info\/es\/el-covid-tambien-pasa-factura-a-los-extranjeros-en-espana-su-cifra-de-parados-se-dispara-un-37-en-2020\/"]}]},{"@type":"ImageObject","inLanguage":"en-US","@id":"https:\/\/super-news.info\/es\/el-covid-tambien-pasa-factura-a-los-extranjeros-en-espana-su-cifra-de-parados-se-dispara-un-37-en-2020\/#primaryimage","url":"https:\/\/super-news.info\/es\/wp-content\/uploads\/sites\/4\/2021\/03\/El-Covid-tambien-pasa-factura-a-los-extranjeros-en-Espana.jpg","contentUrl":"https:\/\/super-news.info\/es\/wp-content\/uploads\/sites\/4\/2021\/03\/El-Covid-tambien-pasa-factura-a-los-extranjeros-en-Espana.jpg","width":120,"height":80,"caption":"El Covid tambi\u00e9n pasa factura a los extranjeros en Espa\u00f1a: su cifra de parados se dispara un 37% en 2020"},{"@type":"BreadcrumbList","@id":"https:\/\/super-news.info\/es\/el-covid-tambien-pasa-factura-a-los-extranjeros-en-espana-su-cifra-de-parados-se-dispara-un-37-en-2020\/#breadcrumb","itemListElement":[{"@type":"ListItem","position":1,"name":"\u0413\u043b\u0430\u0432\u043d\u0430\u044f \u0441\u0442\u0440\u0430\u043d\u0438\u0446\u0430","item":"https:\/\/super-news.info\/es\/"},{"@type":"ListItem","position":2,"name":"El Covid tambi\u00e9n pasa factura a los extranjeros en Espa\u00f1a: su cifra de parados se dispara un 37% en 2020"}]},{"@type":"WebSite","@id":"https:\/\/super-news.info\/es\/#website","url":"https:\/\/super-news.info\/es\/","name":"Super News","description":"Super News Espa\u00f1a","potentialAction":[{"@type":"SearchAction","target":{"@type":"EntryPoint","urlTemplate":"https:\/\/super-news.info\/es\/?s={search_term_string}"},"query-input":{"@type":"PropertyValueSpecification","valueRequired":true,"valueName":"search_term_string"}}],"inLanguage":"en-US"},{"@type":"Person","@id":"https:\/\/super-news.info\/es\/#\/schema\/person\/2d4068cb2f39cd10008c2fce578a7356","name":"super-news","image":{"@type":"ImageObject","inLanguage":"en-US","@id":"https:\/\/secure.gravatar.com\/avatar\/64ebac40b93f26a154f8a9b5b6fdccfc46f442b26b3dd6756dbff3bf9dc76fd7?s=96&d=mm&r=g","url":"https:\/\/secure.gravatar.com\/avatar\/64ebac40b93f26a154f8a9b5b6fdccfc46f442b26b3dd6756dbff3bf9dc76fd7?s=96&d=mm&r=g","contentUrl":"https:\/\/secure.gravatar.com\/avatar\/64ebac40b93f26a154f8a9b5b6fdccfc46f442b26b3dd6756dbff3bf9dc76fd7?s=96&d=mm&r=g","caption":"super-news"},"url":"https:\/\/super-news.info\/es\/author\/pt\/"}]}},"_links":{"self":[{"href":"https:\/\/super-news.info\/es\/wp-json\/wp\/v2\/posts\/13798","targetHints":{"allow":["GET"]}}],"collection":[{"href":"https:\/\/super-news.info\/es\/wp-json\/wp\/v2\/posts"}],"about":[{"href":"https:\/\/super-news.info\/es\/wp-json\/wp\/v2\/types\/post"}],"author":[{"embeddable":true,"href":"https:\/\/super-news.info\/es\/wp-json\/wp\/v2\/users\/2"}],"replies":[{"embeddable":true,"href":"https:\/\/super-news.info\/es\/wp-json\/wp\/v2\/comments?post=13798"}],"version-history":[{"count":1,"href":"https:\/\/super-news.info\/es\/wp-json\/wp\/v2\/posts\/13798\/revisions"}],"predecessor-version":[{"id":13800,"href":"https:\/\/super-news.info\/es\/wp-json\/wp\/v2\/posts\/13798\/revisions\/13800"}],"wp:featuredmedia":[{"embeddable":true,"href":"https:\/\/super-news.info\/es\/wp-json\/wp\/v2\/media\/13799"}],"wp:attachment":[{"href":"https:\/\/super-news.info\/es\/wp-json\/wp\/v2\/media?parent=13798"}],"wp:term":[{"taxonomy":"category","embeddable":true,"href":"https:\/\/super-news.info\/es\/wp-json\/wp\/v2\/categories?post=13798"},{"taxonomy":"post_tag","embeddable":true,"href":"https:\/\/super-news.info\/es\/wp-json\/wp\/v2\/tags?post=13798"}],"curies":[{"name":"wp","href":"https:\/\/api.w.org\/{rel}","templated":true}]}}