{"id":13792,"date":"2021-03-07T17:41:10","date_gmt":"2021-03-07T14:41:10","guid":{"rendered":"https:\/\/super-news.info\/es\/el-deshielo-de-la-morosidad-congelada-por-las-medidas-de-apoyo-podria-iniciarse-en-marzo\/"},"modified":"2021-03-07T17:41:11","modified_gmt":"2021-03-07T14:41:11","slug":"el-deshielo-de-la-morosidad-congelada-por-las-medidas-de-apoyo-podria-iniciarse-en-marzo","status":"publish","type":"post","link":"https:\/\/super-news.info\/es\/el-deshielo-de-la-morosidad-congelada-por-las-medidas-de-apoyo-podria-iniciarse-en-marzo\/","title":{"rendered":"El deshielo de la morosidad, congelada por las medidas de apoyo, podr\u00eda iniciarse en marzo"},"content":{"rendered":"<p>\nMADRID, 7 Mar. (EUROPA PRESS) &#8211;<br \/>\n   PwC prev\u00e9 que el &#8220;deshielo&#8221; de la morosidad, que se mantiene congelada gracias a las medidas de apoyo puestas en marcha para contener el impacto de la pandemia del coronavirus, comience a producirse a partir de este mes de marzo, cuando se cumple a\u00f1o desde que los clientes comenzaron a acogerse a moratorias y carencias en sus pr\u00e9stamos, en muchos casos con efectos durante un a\u00f1o.<br \/>\n   As\u00ed, aunque muchos pr\u00e9stamos han dejado de pagarse, los niveles oficiales de morosidad de la banca espa\u00f1ola han permanecido contenidos durante los \u00faltimos meses, dibuj\u00e1ndose incluso una suave l\u00ednea descendente, hasta terminar el a\u00f1o en el 4,505%, seg\u00fan los \u00faltimos datos del Banco de Espa\u00f1a.<br \/>\n   Adem\u00e1s, PwC apunta en su reciente informe &#8216;Uni\u00f3n Bancaria, \u00bfuna vacuna contra la crisis?&#8217; que la ausencia de reflejo estad\u00edstico en los pr\u00e9stamos dudosos sugiere que se est\u00e1 produciendo un cierto embalsamiento de las cifras de los deudores en dificultades, con el riesgo de que afloren de golpe a lo largo de 2021 o 2022.<br \/>\n   Seg\u00fan los c\u00e1lculos de la firma, la suma de moratorias y de los pr\u00e9stamos garantizados por el ICO supera los 170.000 millones de euros, el 14% de la inversi\u00f3n crediticia. Al sumar el 9% de los pr\u00e9stamos que actualmente est\u00e1n considerados en riesgo (los ordinarios asignados a los stages 2 y 3), la cifra absoluta de la cartera crediticia que exige atenci\u00f3n por parte de los bancos se dispara hasta los 280.000 millones de euros.<br \/>\n   La consultora explica que el grueso de los pagos asociados a esta &#8216;cartera Covid&#8217; se reactivar\u00e1 previsiblemente entre marzo y septiembre de 2021, pues fue en esos meses de 2020 cuando se solicitaron la mayor\u00eda de las moratorias y de los avales del ICO.<br \/>\n   &#8220;Posiblemente el deshielo comenzar\u00e1 a producirse en marzo de 2021, porque muchos clientes se han acogido a moratorias y carencias en sus pr\u00e9stamos a un a\u00f1o, y fue en ese mes de 2020 cuando se empezaron a solicitar&#8221;, apunta la firma.<br \/>\n   De la misma opini\u00f3n es el socio del \u00e1rea de servicios financieros de Bain &amp; Company, Santiago Casanova, quien calcula que la subida de la morosidad comenzar\u00e1 a verse a partir del pr\u00f3ximo mes. &#8220;Las medidas se pueden seguir extendiendo, pero con las fechas que hay sobre la mesa de fin de moratorias, se empezar\u00e1 a ver una subida en abril&#8221;, ha indicado en declaraciones a Europa Press.<br \/>\n   Estas proyecciones depender\u00e1n de la flexibilidad de las autoridades europeas, que en los \u00faltimos meses se han ido adaptando y tomando decisiones en funci\u00f3n de la evoluci\u00f3n de la situaci\u00f3n.<br \/>\n   Asimismo, PwC se\u00f1ala que la magnitud que alcance el incremento de la morosidad depender\u00e1, en gran medida, de la evoluci\u00f3n de las variables macroecon\u00f3micas, con especial atenci\u00f3n al empleo, que es el indicador m\u00e1s estrechamente interrelacionado con la capacidad de pago de los deudores.<br \/>\n   &#8220;Si el mercado laboral se recupera, el da\u00f1o en el balance de las entidades financieras ser\u00e1 moderado. Sin embargo, la evoluci\u00f3n reciente de la pandemia y las sucesivas medidas de contenci\u00f3n adoptadas para frenarla, con el consiguiente impacto en la actividad econ\u00f3mica, no permiten ser optimistas sobre la morosidad&#8221;, reconoce en su informe.<br \/>\nLA RATIO CRECER\u00c1 AL 7%-8%<br \/>\n   Tambi\u00e9n el gobernador del Banco de Espa\u00f1a, Pablo Hern\u00e1ndez de Cos, ha advertido recientemente de que la tasa de dudosos crecer\u00e1 de forma significativa en los pr\u00f3ximos trimestres, &#8220;incluso en el escenario m\u00e1s benigno&#8221;, por lo que ha instado a las entidades a persistir en la anticipaci\u00f3n de los reconocimientos de los deterioros del cr\u00e9dito, evaluando las necesidades de provisiones de acuerdo con escenarios plausibles y conservadores para los pr\u00f3ximos ejercicios.<br \/>\n   Los bancos est\u00e1n constituyendo progresivamente un colch\u00f3n extraordinario de provisiones (5.000 millones en 2020) en previsi\u00f3n de un empeoramiento de la situaci\u00f3n macroecon\u00f3mica. Seg\u00fan PwC, esto equivale a pensar que la ratio de morosidad crecer\u00e1 hasta el 7,5%. &#8220;\u00bfEs mucho o es poco? Nadie lo sabe, porque depender\u00e1 de c\u00f3mo evolucione la crisis, pero las autoridades supervisoras tienden a pensar que los bancos se han quedado cortos y prev\u00e9n menos problemas de los que cabe esperar en el futuro inmediato&#8221;, advierte la consultora.<br \/>\n   El experto de Bain &amp; Company calcula que la morosidad terminar\u00e1 2021 entre el 7% y el 8%, si bien no descarta que a lo largo de 2022 pueda superar los citados niveles. De su lado, Fitch Ratings situ\u00f3 el pico de morosidad en 2022, en un rango de entre el 6,5% y el 8%, dependiendo del ritmo de recuperaci\u00f3n econ\u00f3mica.<br \/>\n\u00bfM\u00c1S PROVISIONES POR LAS NUEVAS AYUDAS DIRECTAS?<br \/>\n   El Gobierno espa\u00f1ol trabaja en un nuevo programa de apoyo para proporcionar ayudas directas a las empresas afectadas por la crisis, que podr\u00eda materializarse a trav\u00e9s de inyecciones de capital en las compa\u00f1\u00edas o condonaci\u00f3n de la deuda, entre otras medidas.<br \/>\n   En un informe emitido esta semana, Credit Suisse sostiene que la banca espa\u00f1ola tendr\u00e1 que incrementar a\u00fan m\u00e1s las provisiones contra las insolvencias esperadas, tanto si se ampl\u00eda el plazo de vencimiento de los avales ICO como si se produce una condonaci\u00f3n de deuda. &#8220;En cualquiera de estos escenarios, esperamos ver un recargo en las provisiones de cada uno de los bancos espa\u00f1oles&#8221;, ha se\u00f1alado.<br \/>\n   A la espera de conocer los planes del Gobierno para implementar m\u00e1s ayudas para empresas, Credit Suisse eval\u00faa un escenario en el que las entidades deben trabajar con todas las partes implicadas para ampliar el plazo de vencimiento de los pr\u00e9stamos garantizados, lo que implicar\u00eda que cualquier pr\u00e9stamo ICO se tendr\u00eda que definir como reestructurado, siendo necesario realizar un trasvase de los mismos hacia &#8216;Stage 2&#8217;, clasific\u00e1ndolos as\u00ed como &#8216;normales en vigilancia especial&#8217;.<br \/>\n   Si se asume que los bancos mantienen sus ratios de cobertura sin cambios, a pesar de haber migrado pr\u00e1cticamente la totalidad de los ICO a &#8216;Stage 2&#8217;, tendr\u00e1n que realizar un aumento de provisiones, asegura Credit Suisse.<br \/>\n   De la misma opini\u00f3n es Barclays, que en otro informe publicado en los \u00faltimos d\u00edas asegura que una cancelaci\u00f3n de parte de la deuda implicar\u00eda una renegociaci\u00f3n privada que motivar\u00eda un incremento de las provisiones, adem\u00e1s de que podr\u00eda desencadenar acciones legales contra el Gobierno por las p\u00e9rdidas sufridas por los bancos.<br \/>\n   En cualquier caso, Barclays ve &#8220;poco probable&#8221; que el Gobierno instrumente las ayudas directas a empresas mediante quitas de deuda en los cr\u00e9ditos avalados por el ICO, al tiempo que considera que una inyecci\u00f3n de capital directa proporcionar\u00eda a las empresas un alivio sin plantear un desaf\u00edo a la legislaci\u00f3n espa\u00f1ola, facilitando una renegociaci\u00f3n ordenada entre bancos y prestatarios.<br \/>\n<br \/>\n<!--noindex--><br \/>\n<a href=\"https:\/\/www.europapress.es\/economia\/finanzas-00340\/noticia-deshielo-morosidad-congelada-medidas-apoyo-podria-iniciarse-marzo-20210307123640.html\" rel=\"nofollow\">Source link <\/a><br \/>\n<!--\/noindex--><\/p>\n","protected":false},"excerpt":{"rendered":"<p>MADRID, 7 Mar. (EUROPA PRESS) &#8211; PwC prev\u00e9 que el &#8220;deshielo&#8221; de la morosidad, que se mantiene congelada gracias a las medidas de apoyo puestas en marcha para contener el impacto de la pandemia del coronavirus, comience a producirse a partir de este mes de marzo, cuando se cumple a\u00f1o desde que los clientes comenzaron [&hellip;]<\/p>\n","protected":false},"author":2,"featured_media":13793,"comment_status":"open","ping_status":"open","sticky":false,"template":"","format":"standard","meta":{"footnotes":""},"categories":[1],"tags":[],"class_list":["post-13792","post","type-post","status-publish","format-standard","has-post-thumbnail","hentry","category-noticias-financieras"],"yoast_head":"<!-- This site is optimized with the Yoast SEO plugin v27.4 - https:\/\/yoast.com\/product\/yoast-seo-wordpress\/ -->\n<title>El deshielo de la morosidad, congelada por las medidas de apoyo, podr\u00eda iniciarse en marzo - Super News<\/title>\n<meta name=\"robots\" content=\"index, follow, max-snippet:-1, max-image-preview:large, max-video-preview:-1\" \/>\n<link rel=\"canonical\" href=\"https:\/\/super-news.info\/es\/el-deshielo-de-la-morosidad-congelada-por-las-medidas-de-apoyo-podria-iniciarse-en-marzo\/\" \/>\n<meta property=\"og:locale\" content=\"en_US\" \/>\n<meta property=\"og:type\" content=\"article\" \/>\n<meta property=\"og:title\" content=\"El deshielo de la morosidad, congelada por las medidas de apoyo, podr\u00eda iniciarse en marzo - Super News\" \/>\n<meta property=\"og:description\" content=\"MADRID, 7 Mar. (EUROPA PRESS) &#8211; PwC prev\u00e9 que el &#8220;deshielo&#8221; de la morosidad, que se mantiene congelada gracias a las medidas de apoyo puestas en marcha para contener el impacto de la pandemia del coronavirus, comience a producirse a partir de este mes de marzo, cuando se cumple a\u00f1o desde que los clientes comenzaron [&hellip;]\" \/>\n<meta property=\"og:url\" content=\"https:\/\/super-news.info\/es\/el-deshielo-de-la-morosidad-congelada-por-las-medidas-de-apoyo-podria-iniciarse-en-marzo\/\" \/>\n<meta property=\"og:site_name\" content=\"Super News\" \/>\n<meta property=\"article:published_time\" content=\"2021-03-07T14:41:10+00:00\" \/>\n<meta property=\"article:modified_time\" content=\"2021-03-07T14:41:11+00:00\" \/>\n<meta property=\"og:image\" content=\"https:\/\/super-news.info\/es\/wp-content\/uploads\/sites\/4\/2021\/03\/El-deshielo-de-la-morosidad-congelada-por-las-medidas-de.jpg\" \/>\n\t<meta property=\"og:image:width\" content=\"120\" \/>\n\t<meta property=\"og:image:height\" content=\"80\" \/>\n\t<meta property=\"og:image:type\" content=\"image\/jpeg\" \/>\n<meta name=\"author\" content=\"super-news\" \/>\n<meta name=\"twitter:card\" content=\"summary_large_image\" \/>\n<meta name=\"twitter:label1\" content=\"Written by\" \/>\n\t<meta name=\"twitter:data1\" content=\"super-news\" \/>\n\t<meta name=\"twitter:label2\" content=\"Est. reading time\" \/>\n\t<meta name=\"twitter:data2\" content=\"6 minutes\" \/>\n<script type=\"application\/ld+json\" class=\"yoast-schema-graph\">{\"@context\":\"https:\\\/\\\/schema.org\",\"@graph\":[{\"@type\":\"Article\",\"@id\":\"https:\\\/\\\/super-news.info\\\/es\\\/el-deshielo-de-la-morosidad-congelada-por-las-medidas-de-apoyo-podria-iniciarse-en-marzo\\\/#article\",\"isPartOf\":{\"@id\":\"https:\\\/\\\/super-news.info\\\/es\\\/el-deshielo-de-la-morosidad-congelada-por-las-medidas-de-apoyo-podria-iniciarse-en-marzo\\\/\"},\"author\":{\"name\":\"super-news\",\"@id\":\"https:\\\/\\\/super-news.info\\\/es\\\/#\\\/schema\\\/person\\\/2d4068cb2f39cd10008c2fce578a7356\"},\"headline\":\"El deshielo de la morosidad, congelada por las medidas de apoyo, podr\u00eda iniciarse en marzo\",\"datePublished\":\"2021-03-07T14:41:10+00:00\",\"dateModified\":\"2021-03-07T14:41:11+00:00\",\"mainEntityOfPage\":{\"@id\":\"https:\\\/\\\/super-news.info\\\/es\\\/el-deshielo-de-la-morosidad-congelada-por-las-medidas-de-apoyo-podria-iniciarse-en-marzo\\\/\"},\"wordCount\":1168,\"commentCount\":0,\"image\":{\"@id\":\"https:\\\/\\\/super-news.info\\\/es\\\/el-deshielo-de-la-morosidad-congelada-por-las-medidas-de-apoyo-podria-iniciarse-en-marzo\\\/#primaryimage\"},\"thumbnailUrl\":\"https:\\\/\\\/super-news.info\\\/es\\\/wp-content\\\/uploads\\\/sites\\\/4\\\/2021\\\/03\\\/El-deshielo-de-la-morosidad-congelada-por-las-medidas-de.jpg\",\"articleSection\":[\"NOTICIAS FINANCIERAS\"],\"inLanguage\":\"en-US\",\"potentialAction\":[{\"@type\":\"CommentAction\",\"name\":\"Comment\",\"target\":[\"https:\\\/\\\/super-news.info\\\/es\\\/el-deshielo-de-la-morosidad-congelada-por-las-medidas-de-apoyo-podria-iniciarse-en-marzo\\\/#respond\"]}]},{\"@type\":\"WebPage\",\"@id\":\"https:\\\/\\\/super-news.info\\\/es\\\/el-deshielo-de-la-morosidad-congelada-por-las-medidas-de-apoyo-podria-iniciarse-en-marzo\\\/\",\"url\":\"https:\\\/\\\/super-news.info\\\/es\\\/el-deshielo-de-la-morosidad-congelada-por-las-medidas-de-apoyo-podria-iniciarse-en-marzo\\\/\",\"name\":\"El deshielo de la morosidad, congelada por las medidas de apoyo, podr\u00eda iniciarse en marzo - Super News\",\"isPartOf\":{\"@id\":\"https:\\\/\\\/super-news.info\\\/es\\\/#website\"},\"primaryImageOfPage\":{\"@id\":\"https:\\\/\\\/super-news.info\\\/es\\\/el-deshielo-de-la-morosidad-congelada-por-las-medidas-de-apoyo-podria-iniciarse-en-marzo\\\/#primaryimage\"},\"image\":{\"@id\":\"https:\\\/\\\/super-news.info\\\/es\\\/el-deshielo-de-la-morosidad-congelada-por-las-medidas-de-apoyo-podria-iniciarse-en-marzo\\\/#primaryimage\"},\"thumbnailUrl\":\"https:\\\/\\\/super-news.info\\\/es\\\/wp-content\\\/uploads\\\/sites\\\/4\\\/2021\\\/03\\\/El-deshielo-de-la-morosidad-congelada-por-las-medidas-de.jpg\",\"datePublished\":\"2021-03-07T14:41:10+00:00\",\"dateModified\":\"2021-03-07T14:41:11+00:00\",\"author\":{\"@id\":\"https:\\\/\\\/super-news.info\\\/es\\\/#\\\/schema\\\/person\\\/2d4068cb2f39cd10008c2fce578a7356\"},\"breadcrumb\":{\"@id\":\"https:\\\/\\\/super-news.info\\\/es\\\/el-deshielo-de-la-morosidad-congelada-por-las-medidas-de-apoyo-podria-iniciarse-en-marzo\\\/#breadcrumb\"},\"inLanguage\":\"en-US\",\"potentialAction\":[{\"@type\":\"ReadAction\",\"target\":[\"https:\\\/\\\/super-news.info\\\/es\\\/el-deshielo-de-la-morosidad-congelada-por-las-medidas-de-apoyo-podria-iniciarse-en-marzo\\\/\"]}]},{\"@type\":\"ImageObject\",\"inLanguage\":\"en-US\",\"@id\":\"https:\\\/\\\/super-news.info\\\/es\\\/el-deshielo-de-la-morosidad-congelada-por-las-medidas-de-apoyo-podria-iniciarse-en-marzo\\\/#primaryimage\",\"url\":\"https:\\\/\\\/super-news.info\\\/es\\\/wp-content\\\/uploads\\\/sites\\\/4\\\/2021\\\/03\\\/El-deshielo-de-la-morosidad-congelada-por-las-medidas-de.jpg\",\"contentUrl\":\"https:\\\/\\\/super-news.info\\\/es\\\/wp-content\\\/uploads\\\/sites\\\/4\\\/2021\\\/03\\\/El-deshielo-de-la-morosidad-congelada-por-las-medidas-de.jpg\",\"width\":120,\"height\":80,\"caption\":\"El deshielo de la morosidad, congelada por las medidas de apoyo, podr\u00eda iniciarse en marzo\"},{\"@type\":\"BreadcrumbList\",\"@id\":\"https:\\\/\\\/super-news.info\\\/es\\\/el-deshielo-de-la-morosidad-congelada-por-las-medidas-de-apoyo-podria-iniciarse-en-marzo\\\/#breadcrumb\",\"itemListElement\":[{\"@type\":\"ListItem\",\"position\":1,\"name\":\"\u0413\u043b\u0430\u0432\u043d\u0430\u044f \u0441\u0442\u0440\u0430\u043d\u0438\u0446\u0430\",\"item\":\"https:\\\/\\\/super-news.info\\\/es\\\/\"},{\"@type\":\"ListItem\",\"position\":2,\"name\":\"El deshielo de la morosidad, congelada por las medidas de apoyo, podr\u00eda iniciarse en marzo\"}]},{\"@type\":\"WebSite\",\"@id\":\"https:\\\/\\\/super-news.info\\\/es\\\/#website\",\"url\":\"https:\\\/\\\/super-news.info\\\/es\\\/\",\"name\":\"Super News\",\"description\":\"Super News Espa\u00f1a\",\"potentialAction\":[{\"@type\":\"SearchAction\",\"target\":{\"@type\":\"EntryPoint\",\"urlTemplate\":\"https:\\\/\\\/super-news.info\\\/es\\\/?s={search_term_string}\"},\"query-input\":{\"@type\":\"PropertyValueSpecification\",\"valueRequired\":true,\"valueName\":\"search_term_string\"}}],\"inLanguage\":\"en-US\"},{\"@type\":\"Person\",\"@id\":\"https:\\\/\\\/super-news.info\\\/es\\\/#\\\/schema\\\/person\\\/2d4068cb2f39cd10008c2fce578a7356\",\"name\":\"super-news\",\"image\":{\"@type\":\"ImageObject\",\"inLanguage\":\"en-US\",\"@id\":\"https:\\\/\\\/secure.gravatar.com\\\/avatar\\\/64ebac40b93f26a154f8a9b5b6fdccfc46f442b26b3dd6756dbff3bf9dc76fd7?s=96&d=mm&r=g\",\"url\":\"https:\\\/\\\/secure.gravatar.com\\\/avatar\\\/64ebac40b93f26a154f8a9b5b6fdccfc46f442b26b3dd6756dbff3bf9dc76fd7?s=96&d=mm&r=g\",\"contentUrl\":\"https:\\\/\\\/secure.gravatar.com\\\/avatar\\\/64ebac40b93f26a154f8a9b5b6fdccfc46f442b26b3dd6756dbff3bf9dc76fd7?s=96&d=mm&r=g\",\"caption\":\"super-news\"},\"url\":\"https:\\\/\\\/super-news.info\\\/es\\\/author\\\/pt\\\/\"}]}<\/script>\n<!-- \/ Yoast SEO plugin. -->","yoast_head_json":{"title":"El deshielo de la morosidad, congelada por las medidas de apoyo, podr\u00eda iniciarse en marzo - Super News","robots":{"index":"index","follow":"follow","max-snippet":"max-snippet:-1","max-image-preview":"max-image-preview:large","max-video-preview":"max-video-preview:-1"},"canonical":"https:\/\/super-news.info\/es\/el-deshielo-de-la-morosidad-congelada-por-las-medidas-de-apoyo-podria-iniciarse-en-marzo\/","og_locale":"en_US","og_type":"article","og_title":"El deshielo de la morosidad, congelada por las medidas de apoyo, podr\u00eda iniciarse en marzo - Super News","og_description":"MADRID, 7 Mar. (EUROPA PRESS) &#8211; PwC prev\u00e9 que el &#8220;deshielo&#8221; de la morosidad, que se mantiene congelada gracias a las medidas de apoyo puestas en marcha para contener el impacto de la pandemia del coronavirus, comience a producirse a partir de este mes de marzo, cuando se cumple a\u00f1o desde que los clientes comenzaron [&hellip;]","og_url":"https:\/\/super-news.info\/es\/el-deshielo-de-la-morosidad-congelada-por-las-medidas-de-apoyo-podria-iniciarse-en-marzo\/","og_site_name":"Super News","article_published_time":"2021-03-07T14:41:10+00:00","article_modified_time":"2021-03-07T14:41:11+00:00","og_image":[{"width":120,"height":80,"url":"https:\/\/super-news.info\/es\/wp-content\/uploads\/sites\/4\/2021\/03\/El-deshielo-de-la-morosidad-congelada-por-las-medidas-de.jpg","type":"image\/jpeg"}],"author":"super-news","twitter_card":"summary_large_image","twitter_misc":{"Written by":"super-news","Est. reading time":"6 minutes"},"schema":{"@context":"https:\/\/schema.org","@graph":[{"@type":"Article","@id":"https:\/\/super-news.info\/es\/el-deshielo-de-la-morosidad-congelada-por-las-medidas-de-apoyo-podria-iniciarse-en-marzo\/#article","isPartOf":{"@id":"https:\/\/super-news.info\/es\/el-deshielo-de-la-morosidad-congelada-por-las-medidas-de-apoyo-podria-iniciarse-en-marzo\/"},"author":{"name":"super-news","@id":"https:\/\/super-news.info\/es\/#\/schema\/person\/2d4068cb2f39cd10008c2fce578a7356"},"headline":"El deshielo de la morosidad, congelada por las medidas de apoyo, podr\u00eda iniciarse en marzo","datePublished":"2021-03-07T14:41:10+00:00","dateModified":"2021-03-07T14:41:11+00:00","mainEntityOfPage":{"@id":"https:\/\/super-news.info\/es\/el-deshielo-de-la-morosidad-congelada-por-las-medidas-de-apoyo-podria-iniciarse-en-marzo\/"},"wordCount":1168,"commentCount":0,"image":{"@id":"https:\/\/super-news.info\/es\/el-deshielo-de-la-morosidad-congelada-por-las-medidas-de-apoyo-podria-iniciarse-en-marzo\/#primaryimage"},"thumbnailUrl":"https:\/\/super-news.info\/es\/wp-content\/uploads\/sites\/4\/2021\/03\/El-deshielo-de-la-morosidad-congelada-por-las-medidas-de.jpg","articleSection":["NOTICIAS FINANCIERAS"],"inLanguage":"en-US","potentialAction":[{"@type":"CommentAction","name":"Comment","target":["https:\/\/super-news.info\/es\/el-deshielo-de-la-morosidad-congelada-por-las-medidas-de-apoyo-podria-iniciarse-en-marzo\/#respond"]}]},{"@type":"WebPage","@id":"https:\/\/super-news.info\/es\/el-deshielo-de-la-morosidad-congelada-por-las-medidas-de-apoyo-podria-iniciarse-en-marzo\/","url":"https:\/\/super-news.info\/es\/el-deshielo-de-la-morosidad-congelada-por-las-medidas-de-apoyo-podria-iniciarse-en-marzo\/","name":"El deshielo de la morosidad, congelada por las medidas de apoyo, podr\u00eda iniciarse en marzo - Super News","isPartOf":{"@id":"https:\/\/super-news.info\/es\/#website"},"primaryImageOfPage":{"@id":"https:\/\/super-news.info\/es\/el-deshielo-de-la-morosidad-congelada-por-las-medidas-de-apoyo-podria-iniciarse-en-marzo\/#primaryimage"},"image":{"@id":"https:\/\/super-news.info\/es\/el-deshielo-de-la-morosidad-congelada-por-las-medidas-de-apoyo-podria-iniciarse-en-marzo\/#primaryimage"},"thumbnailUrl":"https:\/\/super-news.info\/es\/wp-content\/uploads\/sites\/4\/2021\/03\/El-deshielo-de-la-morosidad-congelada-por-las-medidas-de.jpg","datePublished":"2021-03-07T14:41:10+00:00","dateModified":"2021-03-07T14:41:11+00:00","author":{"@id":"https:\/\/super-news.info\/es\/#\/schema\/person\/2d4068cb2f39cd10008c2fce578a7356"},"breadcrumb":{"@id":"https:\/\/super-news.info\/es\/el-deshielo-de-la-morosidad-congelada-por-las-medidas-de-apoyo-podria-iniciarse-en-marzo\/#breadcrumb"},"inLanguage":"en-US","potentialAction":[{"@type":"ReadAction","target":["https:\/\/super-news.info\/es\/el-deshielo-de-la-morosidad-congelada-por-las-medidas-de-apoyo-podria-iniciarse-en-marzo\/"]}]},{"@type":"ImageObject","inLanguage":"en-US","@id":"https:\/\/super-news.info\/es\/el-deshielo-de-la-morosidad-congelada-por-las-medidas-de-apoyo-podria-iniciarse-en-marzo\/#primaryimage","url":"https:\/\/super-news.info\/es\/wp-content\/uploads\/sites\/4\/2021\/03\/El-deshielo-de-la-morosidad-congelada-por-las-medidas-de.jpg","contentUrl":"https:\/\/super-news.info\/es\/wp-content\/uploads\/sites\/4\/2021\/03\/El-deshielo-de-la-morosidad-congelada-por-las-medidas-de.jpg","width":120,"height":80,"caption":"El deshielo de la morosidad, congelada por las medidas de apoyo, podr\u00eda iniciarse en marzo"},{"@type":"BreadcrumbList","@id":"https:\/\/super-news.info\/es\/el-deshielo-de-la-morosidad-congelada-por-las-medidas-de-apoyo-podria-iniciarse-en-marzo\/#breadcrumb","itemListElement":[{"@type":"ListItem","position":1,"name":"\u0413\u043b\u0430\u0432\u043d\u0430\u044f \u0441\u0442\u0440\u0430\u043d\u0438\u0446\u0430","item":"https:\/\/super-news.info\/es\/"},{"@type":"ListItem","position":2,"name":"El deshielo de la morosidad, congelada por las medidas de apoyo, podr\u00eda iniciarse en marzo"}]},{"@type":"WebSite","@id":"https:\/\/super-news.info\/es\/#website","url":"https:\/\/super-news.info\/es\/","name":"Super News","description":"Super News Espa\u00f1a","potentialAction":[{"@type":"SearchAction","target":{"@type":"EntryPoint","urlTemplate":"https:\/\/super-news.info\/es\/?s={search_term_string}"},"query-input":{"@type":"PropertyValueSpecification","valueRequired":true,"valueName":"search_term_string"}}],"inLanguage":"en-US"},{"@type":"Person","@id":"https:\/\/super-news.info\/es\/#\/schema\/person\/2d4068cb2f39cd10008c2fce578a7356","name":"super-news","image":{"@type":"ImageObject","inLanguage":"en-US","@id":"https:\/\/secure.gravatar.com\/avatar\/64ebac40b93f26a154f8a9b5b6fdccfc46f442b26b3dd6756dbff3bf9dc76fd7?s=96&d=mm&r=g","url":"https:\/\/secure.gravatar.com\/avatar\/64ebac40b93f26a154f8a9b5b6fdccfc46f442b26b3dd6756dbff3bf9dc76fd7?s=96&d=mm&r=g","contentUrl":"https:\/\/secure.gravatar.com\/avatar\/64ebac40b93f26a154f8a9b5b6fdccfc46f442b26b3dd6756dbff3bf9dc76fd7?s=96&d=mm&r=g","caption":"super-news"},"url":"https:\/\/super-news.info\/es\/author\/pt\/"}]}},"_links":{"self":[{"href":"https:\/\/super-news.info\/es\/wp-json\/wp\/v2\/posts\/13792","targetHints":{"allow":["GET"]}}],"collection":[{"href":"https:\/\/super-news.info\/es\/wp-json\/wp\/v2\/posts"}],"about":[{"href":"https:\/\/super-news.info\/es\/wp-json\/wp\/v2\/types\/post"}],"author":[{"embeddable":true,"href":"https:\/\/super-news.info\/es\/wp-json\/wp\/v2\/users\/2"}],"replies":[{"embeddable":true,"href":"https:\/\/super-news.info\/es\/wp-json\/wp\/v2\/comments?post=13792"}],"version-history":[{"count":1,"href":"https:\/\/super-news.info\/es\/wp-json\/wp\/v2\/posts\/13792\/revisions"}],"predecessor-version":[{"id":13794,"href":"https:\/\/super-news.info\/es\/wp-json\/wp\/v2\/posts\/13792\/revisions\/13794"}],"wp:featuredmedia":[{"embeddable":true,"href":"https:\/\/super-news.info\/es\/wp-json\/wp\/v2\/media\/13793"}],"wp:attachment":[{"href":"https:\/\/super-news.info\/es\/wp-json\/wp\/v2\/media?parent=13792"}],"wp:term":[{"taxonomy":"category","embeddable":true,"href":"https:\/\/super-news.info\/es\/wp-json\/wp\/v2\/categories?post=13792"},{"taxonomy":"post_tag","embeddable":true,"href":"https:\/\/super-news.info\/es\/wp-json\/wp\/v2\/tags?post=13792"}],"curies":[{"name":"wp","href":"https:\/\/api.w.org\/{rel}","templated":true}]}}