{"id":13786,"date":"2021-03-07T05:38:04","date_gmt":"2021-03-07T02:38:04","guid":{"rendered":"https:\/\/super-news.info\/es\/yolanda-diaz-aboga-por-el-dialogo-social-para-cambiar-la-economia-y-trabajara-para-modernizar-el-mercado-laboral\/"},"modified":"2021-03-07T05:38:12","modified_gmt":"2021-03-07T02:38:12","slug":"yolanda-diaz-aboga-por-el-dialogo-social-para-cambiar-la-economia-y-trabajara-para-modernizar-el-mercado-laboral","status":"publish","type":"post","link":"https:\/\/super-news.info\/es\/yolanda-diaz-aboga-por-el-dialogo-social-para-cambiar-la-economia-y-trabajara-para-modernizar-el-mercado-laboral\/","title":{"rendered":"Yolanda D\u00edaz aboga por el &#8220;di\u00e1logo social&#8221; para &#8220;cambiar la econom\u00eda&#8221; y trabajar\u00e1 para &#8220;modernizar&#8221; el mercado laboral"},"content":{"rendered":"<p>\nSANTIAGO DE COMPOSTELA, 6 Mar. (EUROPA PRESS) &#8211;<br \/>\n   La ministra de Trabajo y Econom\u00eda Social, Yolanda D\u00edaz, ha reivindicado el &#8220;di\u00e1logo social&#8221; como un modo de &#8220;cambiar la econom\u00eda y las pol\u00edticas sociales&#8221; y ha avanzado que trabajar\u00e1 para &#8220;modernizar&#8221; el mercado laboral y alcanzar un empleo &#8220;digno&#8221; y &#8220;decente&#8221; en el pa\u00eds.<br \/>\n   Antes de asistir a la entrega de los Premios 10 de Marzo en Santiago de Compostela, que han reconocido su trayectoria y la de los sindicalistas \u00c1ngel Cameselle y Xos\u00e9 G\u00f3mez; la ministra ha asegurado que la recepci\u00f3n del galard\u00f3n supone un &#8220;honor&#8221; y la &#8220;enorme responsabilidad&#8221; de estar a la altura de lo que representan los hombres y mujeres que defendieron los derechos laborales. As\u00ed, ha considerado que ejerce como &#8220;cosechadora&#8221; del &#8220;legado&#8221; dejado por estas personas.<br \/>\n   En esta l\u00ednea, Yolanda D\u00edaz ha afirmado que &#8220;la defensa del valor del sindicalismo&#8221; resulta &#8220;imprescindible&#8221; en una democracia. &#8220;Sin personas que defienden los derechos laborales en los centros de trabajo (&#8230;) no hay una democracia fuerte. Necesitamos m\u00e1s sindicalismo&#8221;, ha aseverado.<br \/>\n   Tambi\u00e9n ha explicado que compartir\u00e1 este premio con sus &#8220;compa\u00f1eros del di\u00e1logo social&#8221;, que ha identificado como los secretarios generales de CC.OO., UGT, Unai Sordo y Pepe \u00c1lvarez; y los presidentes de Cepyme y la CEOE, Gerardo Cuerva y Antonio Garamendi.<br \/>\n   De este modo, ha defendido que el di\u00e1logo social es &#8220;un modo de hacer las cosas&#8221; y de &#8220;cambiar la econom\u00eda y las pol\u00edticas sociales&#8221;.<br \/>\n   Asimismo, ha valorado que los sindicalistas &#8220;supiesen estar a la altura de las circunstancias en la peor crisis econ\u00f3mica del pa\u00eds&#8221; y ha destacado que &#8220;todos los institutos y organismos internacionales reconocen a Espa\u00f1a como un pa\u00eds singular en la praxis del di\u00e1logo social&#8221;. &#8220;Mientras hab\u00eda alboroto en el Congreso de los Diputados, los agentes sociales y el Gobierno de Espa\u00f1a trabajaban para mejorar la vida de la gente&#8221;, ha resaltado.<br \/>\n   Adicionalmente, Yolanda D\u00edaz ha se\u00f1alado que el premio se acompa\u00f1a de &#8220;una lucha obrera&#8221; y ha recordado el &#8220;asesinato de dos trabajadores&#8221; y los &#8220;centenares de heridos&#8221; que &#8220;luchaban por un convenio de empresa&#8221; y que le dan nombre.<br \/>\n   As\u00ed las cosas, la ministra ha comprometido que comenzar\u00e1 a trabajar para &#8220;modernizar el mercado de trabajo de Espa\u00f1a&#8221; y continuar la negociaci\u00f3n colectiva con el objetivo de conseguir un empleo &#8220;decente&#8221; y &#8220;digno&#8221; para la ciudadan\u00eda.<br \/>\n<br \/>\n<!--noindex--><br \/>\n<a href=\"https:\/\/www.europapress.es\/galicia\/noticia-yolanda-diaz-aboga-dialogo-social-cambiar-economia-trabajara-modernizar-mercado-laboral-20210306131950.html\" rel=\"nofollow\">Source link <\/a><br \/>\n<!--\/noindex--><\/p>\n","protected":false},"excerpt":{"rendered":"<p>SANTIAGO DE COMPOSTELA, 6 Mar. (EUROPA PRESS) &#8211; La ministra de Trabajo y Econom\u00eda Social, Yolanda D\u00edaz, ha reivindicado el &#8220;di\u00e1logo social&#8221; como un modo de &#8220;cambiar la econom\u00eda y las pol\u00edticas sociales&#8221; y ha avanzado que trabajar\u00e1 para &#8220;modernizar&#8221; el mercado laboral y alcanzar un empleo &#8220;digno&#8221; y &#8220;decente&#8221; en el pa\u00eds. Antes de [&hellip;]<\/p>\n","protected":false},"author":2,"featured_media":13787,"comment_status":"open","ping_status":"open","sticky":false,"template":"","format":"standard","meta":{"footnotes":""},"categories":[1],"tags":[],"class_list":["post-13786","post","type-post","status-publish","format-standard","has-post-thumbnail","hentry","category-noticias-financieras"],"yoast_head":"<!-- This site is optimized with the Yoast SEO plugin v27.4 - https:\/\/yoast.com\/product\/yoast-seo-wordpress\/ -->\n<title>Yolanda D\u00edaz aboga por el &quot;di\u00e1logo social&quot; para &quot;cambiar la econom\u00eda&quot; y trabajar\u00e1 para &quot;modernizar&quot; el mercado laboral - Super News<\/title>\n<meta name=\"robots\" content=\"index, follow, max-snippet:-1, max-image-preview:large, max-video-preview:-1\" \/>\n<link rel=\"canonical\" href=\"https:\/\/super-news.info\/es\/yolanda-diaz-aboga-por-el-dialogo-social-para-cambiar-la-economia-y-trabajara-para-modernizar-el-mercado-laboral\/\" \/>\n<meta property=\"og:locale\" content=\"en_US\" \/>\n<meta property=\"og:type\" content=\"article\" \/>\n<meta property=\"og:title\" content=\"Yolanda D\u00edaz aboga por el &quot;di\u00e1logo social&quot; para &quot;cambiar la econom\u00eda&quot; y trabajar\u00e1 para &quot;modernizar&quot; el mercado laboral - Super News\" \/>\n<meta property=\"og:description\" content=\"SANTIAGO DE COMPOSTELA, 6 Mar. (EUROPA PRESS) &#8211; La ministra de Trabajo y Econom\u00eda Social, Yolanda D\u00edaz, ha reivindicado el &#8220;di\u00e1logo social&#8221; como un modo de &#8220;cambiar la econom\u00eda y las pol\u00edticas sociales&#8221; y ha avanzado que trabajar\u00e1 para &#8220;modernizar&#8221; el mercado laboral y alcanzar un empleo &#8220;digno&#8221; y &#8220;decente&#8221; en el pa\u00eds. Antes de [&hellip;]\" \/>\n<meta property=\"og:url\" content=\"https:\/\/super-news.info\/es\/yolanda-diaz-aboga-por-el-dialogo-social-para-cambiar-la-economia-y-trabajara-para-modernizar-el-mercado-laboral\/\" \/>\n<meta property=\"og:site_name\" content=\"Super News\" \/>\n<meta property=\"article:published_time\" content=\"2021-03-07T02:38:04+00:00\" \/>\n<meta property=\"article:modified_time\" content=\"2021-03-07T02:38:12+00:00\" \/>\n<meta property=\"og:image\" content=\"https:\/\/super-news.info\/es\/wp-content\/uploads\/sites\/4\/2021\/03\/Yolanda-Diaz-aboga-por-el-dialogo-social-para-cambiar-la.jpg\" \/>\n\t<meta property=\"og:image:width\" content=\"120\" \/>\n\t<meta property=\"og:image:height\" content=\"80\" \/>\n\t<meta property=\"og:image:type\" content=\"image\/jpeg\" \/>\n<meta name=\"author\" content=\"super-news\" \/>\n<meta name=\"twitter:card\" content=\"summary_large_image\" \/>\n<meta name=\"twitter:label1\" content=\"Written by\" \/>\n\t<meta name=\"twitter:data1\" content=\"super-news\" \/>\n\t<meta name=\"twitter:label2\" content=\"Est. reading time\" \/>\n\t<meta name=\"twitter:data2\" content=\"2 minutes\" \/>\n<script type=\"application\/ld+json\" class=\"yoast-schema-graph\">{\"@context\":\"https:\\\/\\\/schema.org\",\"@graph\":[{\"@type\":\"Article\",\"@id\":\"https:\\\/\\\/super-news.info\\\/es\\\/yolanda-diaz-aboga-por-el-dialogo-social-para-cambiar-la-economia-y-trabajara-para-modernizar-el-mercado-laboral\\\/#article\",\"isPartOf\":{\"@id\":\"https:\\\/\\\/super-news.info\\\/es\\\/yolanda-diaz-aboga-por-el-dialogo-social-para-cambiar-la-economia-y-trabajara-para-modernizar-el-mercado-laboral\\\/\"},\"author\":{\"name\":\"super-news\",\"@id\":\"https:\\\/\\\/super-news.info\\\/es\\\/#\\\/schema\\\/person\\\/2d4068cb2f39cd10008c2fce578a7356\"},\"headline\":\"Yolanda D\u00edaz aboga por el &#8220;di\u00e1logo social&#8221; para &#8220;cambiar la econom\u00eda&#8221; y trabajar\u00e1 para &#8220;modernizar&#8221; el mercado laboral\",\"datePublished\":\"2021-03-07T02:38:04+00:00\",\"dateModified\":\"2021-03-07T02:38:12+00:00\",\"mainEntityOfPage\":{\"@id\":\"https:\\\/\\\/super-news.info\\\/es\\\/yolanda-diaz-aboga-por-el-dialogo-social-para-cambiar-la-economia-y-trabajara-para-modernizar-el-mercado-laboral\\\/\"},\"wordCount\":438,\"commentCount\":0,\"image\":{\"@id\":\"https:\\\/\\\/super-news.info\\\/es\\\/yolanda-diaz-aboga-por-el-dialogo-social-para-cambiar-la-economia-y-trabajara-para-modernizar-el-mercado-laboral\\\/#primaryimage\"},\"thumbnailUrl\":\"https:\\\/\\\/super-news.info\\\/es\\\/wp-content\\\/uploads\\\/sites\\\/4\\\/2021\\\/03\\\/Yolanda-Diaz-aboga-por-el-dialogo-social-para-cambiar-la.jpg\",\"articleSection\":[\"NOTICIAS FINANCIERAS\"],\"inLanguage\":\"en-US\",\"potentialAction\":[{\"@type\":\"CommentAction\",\"name\":\"Comment\",\"target\":[\"https:\\\/\\\/super-news.info\\\/es\\\/yolanda-diaz-aboga-por-el-dialogo-social-para-cambiar-la-economia-y-trabajara-para-modernizar-el-mercado-laboral\\\/#respond\"]}]},{\"@type\":\"WebPage\",\"@id\":\"https:\\\/\\\/super-news.info\\\/es\\\/yolanda-diaz-aboga-por-el-dialogo-social-para-cambiar-la-economia-y-trabajara-para-modernizar-el-mercado-laboral\\\/\",\"url\":\"https:\\\/\\\/super-news.info\\\/es\\\/yolanda-diaz-aboga-por-el-dialogo-social-para-cambiar-la-economia-y-trabajara-para-modernizar-el-mercado-laboral\\\/\",\"name\":\"Yolanda D\u00edaz aboga por el \\\"di\u00e1logo social\\\" para \\\"cambiar la econom\u00eda\\\" y trabajar\u00e1 para \\\"modernizar\\\" el mercado laboral - Super News\",\"isPartOf\":{\"@id\":\"https:\\\/\\\/super-news.info\\\/es\\\/#website\"},\"primaryImageOfPage\":{\"@id\":\"https:\\\/\\\/super-news.info\\\/es\\\/yolanda-diaz-aboga-por-el-dialogo-social-para-cambiar-la-economia-y-trabajara-para-modernizar-el-mercado-laboral\\\/#primaryimage\"},\"image\":{\"@id\":\"https:\\\/\\\/super-news.info\\\/es\\\/yolanda-diaz-aboga-por-el-dialogo-social-para-cambiar-la-economia-y-trabajara-para-modernizar-el-mercado-laboral\\\/#primaryimage\"},\"thumbnailUrl\":\"https:\\\/\\\/super-news.info\\\/es\\\/wp-content\\\/uploads\\\/sites\\\/4\\\/2021\\\/03\\\/Yolanda-Diaz-aboga-por-el-dialogo-social-para-cambiar-la.jpg\",\"datePublished\":\"2021-03-07T02:38:04+00:00\",\"dateModified\":\"2021-03-07T02:38:12+00:00\",\"author\":{\"@id\":\"https:\\\/\\\/super-news.info\\\/es\\\/#\\\/schema\\\/person\\\/2d4068cb2f39cd10008c2fce578a7356\"},\"breadcrumb\":{\"@id\":\"https:\\\/\\\/super-news.info\\\/es\\\/yolanda-diaz-aboga-por-el-dialogo-social-para-cambiar-la-economia-y-trabajara-para-modernizar-el-mercado-laboral\\\/#breadcrumb\"},\"inLanguage\":\"en-US\",\"potentialAction\":[{\"@type\":\"ReadAction\",\"target\":[\"https:\\\/\\\/super-news.info\\\/es\\\/yolanda-diaz-aboga-por-el-dialogo-social-para-cambiar-la-economia-y-trabajara-para-modernizar-el-mercado-laboral\\\/\"]}]},{\"@type\":\"ImageObject\",\"inLanguage\":\"en-US\",\"@id\":\"https:\\\/\\\/super-news.info\\\/es\\\/yolanda-diaz-aboga-por-el-dialogo-social-para-cambiar-la-economia-y-trabajara-para-modernizar-el-mercado-laboral\\\/#primaryimage\",\"url\":\"https:\\\/\\\/super-news.info\\\/es\\\/wp-content\\\/uploads\\\/sites\\\/4\\\/2021\\\/03\\\/Yolanda-Diaz-aboga-por-el-dialogo-social-para-cambiar-la.jpg\",\"contentUrl\":\"https:\\\/\\\/super-news.info\\\/es\\\/wp-content\\\/uploads\\\/sites\\\/4\\\/2021\\\/03\\\/Yolanda-Diaz-aboga-por-el-dialogo-social-para-cambiar-la.jpg\",\"width\":120,\"height\":80,\"caption\":\"Yolanda D\u00edaz aboga por el \\\"di\u00e1logo social\\\" para \\\"cambiar la econom\u00eda\\\" y trabajar\u00e1 para \\\"modernizar\\\" el mercado laboral\"},{\"@type\":\"BreadcrumbList\",\"@id\":\"https:\\\/\\\/super-news.info\\\/es\\\/yolanda-diaz-aboga-por-el-dialogo-social-para-cambiar-la-economia-y-trabajara-para-modernizar-el-mercado-laboral\\\/#breadcrumb\",\"itemListElement\":[{\"@type\":\"ListItem\",\"position\":1,\"name\":\"\u0413\u043b\u0430\u0432\u043d\u0430\u044f \u0441\u0442\u0440\u0430\u043d\u0438\u0446\u0430\",\"item\":\"https:\\\/\\\/super-news.info\\\/es\\\/\"},{\"@type\":\"ListItem\",\"position\":2,\"name\":\"Yolanda D\u00edaz aboga por el &#8220;di\u00e1logo social&#8221; para &#8220;cambiar la econom\u00eda&#8221; y trabajar\u00e1 para &#8220;modernizar&#8221; el mercado laboral\"}]},{\"@type\":\"WebSite\",\"@id\":\"https:\\\/\\\/super-news.info\\\/es\\\/#website\",\"url\":\"https:\\\/\\\/super-news.info\\\/es\\\/\",\"name\":\"Super News\",\"description\":\"Super News Espa\u00f1a\",\"potentialAction\":[{\"@type\":\"SearchAction\",\"target\":{\"@type\":\"EntryPoint\",\"urlTemplate\":\"https:\\\/\\\/super-news.info\\\/es\\\/?s={search_term_string}\"},\"query-input\":{\"@type\":\"PropertyValueSpecification\",\"valueRequired\":true,\"valueName\":\"search_term_string\"}}],\"inLanguage\":\"en-US\"},{\"@type\":\"Person\",\"@id\":\"https:\\\/\\\/super-news.info\\\/es\\\/#\\\/schema\\\/person\\\/2d4068cb2f39cd10008c2fce578a7356\",\"name\":\"super-news\",\"image\":{\"@type\":\"ImageObject\",\"inLanguage\":\"en-US\",\"@id\":\"https:\\\/\\\/secure.gravatar.com\\\/avatar\\\/64ebac40b93f26a154f8a9b5b6fdccfc46f442b26b3dd6756dbff3bf9dc76fd7?s=96&d=mm&r=g\",\"url\":\"https:\\\/\\\/secure.gravatar.com\\\/avatar\\\/64ebac40b93f26a154f8a9b5b6fdccfc46f442b26b3dd6756dbff3bf9dc76fd7?s=96&d=mm&r=g\",\"contentUrl\":\"https:\\\/\\\/secure.gravatar.com\\\/avatar\\\/64ebac40b93f26a154f8a9b5b6fdccfc46f442b26b3dd6756dbff3bf9dc76fd7?s=96&d=mm&r=g\",\"caption\":\"super-news\"},\"url\":\"https:\\\/\\\/super-news.info\\\/es\\\/author\\\/pt\\\/\"}]}<\/script>\n<!-- \/ Yoast SEO plugin. -->","yoast_head_json":{"title":"Yolanda D\u00edaz aboga por el \"di\u00e1logo social\" para \"cambiar la econom\u00eda\" y trabajar\u00e1 para \"modernizar\" el mercado laboral - Super News","robots":{"index":"index","follow":"follow","max-snippet":"max-snippet:-1","max-image-preview":"max-image-preview:large","max-video-preview":"max-video-preview:-1"},"canonical":"https:\/\/super-news.info\/es\/yolanda-diaz-aboga-por-el-dialogo-social-para-cambiar-la-economia-y-trabajara-para-modernizar-el-mercado-laboral\/","og_locale":"en_US","og_type":"article","og_title":"Yolanda D\u00edaz aboga por el \"di\u00e1logo social\" para \"cambiar la econom\u00eda\" y trabajar\u00e1 para \"modernizar\" el mercado laboral - Super News","og_description":"SANTIAGO DE COMPOSTELA, 6 Mar. (EUROPA PRESS) &#8211; La ministra de Trabajo y Econom\u00eda Social, Yolanda D\u00edaz, ha reivindicado el &#8220;di\u00e1logo social&#8221; como un modo de &#8220;cambiar la econom\u00eda y las pol\u00edticas sociales&#8221; y ha avanzado que trabajar\u00e1 para &#8220;modernizar&#8221; el mercado laboral y alcanzar un empleo &#8220;digno&#8221; y &#8220;decente&#8221; en el pa\u00eds. Antes de [&hellip;]","og_url":"https:\/\/super-news.info\/es\/yolanda-diaz-aboga-por-el-dialogo-social-para-cambiar-la-economia-y-trabajara-para-modernizar-el-mercado-laboral\/","og_site_name":"Super News","article_published_time":"2021-03-07T02:38:04+00:00","article_modified_time":"2021-03-07T02:38:12+00:00","og_image":[{"width":120,"height":80,"url":"https:\/\/super-news.info\/es\/wp-content\/uploads\/sites\/4\/2021\/03\/Yolanda-Diaz-aboga-por-el-dialogo-social-para-cambiar-la.jpg","type":"image\/jpeg"}],"author":"super-news","twitter_card":"summary_large_image","twitter_misc":{"Written by":"super-news","Est. reading time":"2 minutes"},"schema":{"@context":"https:\/\/schema.org","@graph":[{"@type":"Article","@id":"https:\/\/super-news.info\/es\/yolanda-diaz-aboga-por-el-dialogo-social-para-cambiar-la-economia-y-trabajara-para-modernizar-el-mercado-laboral\/#article","isPartOf":{"@id":"https:\/\/super-news.info\/es\/yolanda-diaz-aboga-por-el-dialogo-social-para-cambiar-la-economia-y-trabajara-para-modernizar-el-mercado-laboral\/"},"author":{"name":"super-news","@id":"https:\/\/super-news.info\/es\/#\/schema\/person\/2d4068cb2f39cd10008c2fce578a7356"},"headline":"Yolanda D\u00edaz aboga por el &#8220;di\u00e1logo social&#8221; para &#8220;cambiar la econom\u00eda&#8221; y trabajar\u00e1 para &#8220;modernizar&#8221; el mercado laboral","datePublished":"2021-03-07T02:38:04+00:00","dateModified":"2021-03-07T02:38:12+00:00","mainEntityOfPage":{"@id":"https:\/\/super-news.info\/es\/yolanda-diaz-aboga-por-el-dialogo-social-para-cambiar-la-economia-y-trabajara-para-modernizar-el-mercado-laboral\/"},"wordCount":438,"commentCount":0,"image":{"@id":"https:\/\/super-news.info\/es\/yolanda-diaz-aboga-por-el-dialogo-social-para-cambiar-la-economia-y-trabajara-para-modernizar-el-mercado-laboral\/#primaryimage"},"thumbnailUrl":"https:\/\/super-news.info\/es\/wp-content\/uploads\/sites\/4\/2021\/03\/Yolanda-Diaz-aboga-por-el-dialogo-social-para-cambiar-la.jpg","articleSection":["NOTICIAS FINANCIERAS"],"inLanguage":"en-US","potentialAction":[{"@type":"CommentAction","name":"Comment","target":["https:\/\/super-news.info\/es\/yolanda-diaz-aboga-por-el-dialogo-social-para-cambiar-la-economia-y-trabajara-para-modernizar-el-mercado-laboral\/#respond"]}]},{"@type":"WebPage","@id":"https:\/\/super-news.info\/es\/yolanda-diaz-aboga-por-el-dialogo-social-para-cambiar-la-economia-y-trabajara-para-modernizar-el-mercado-laboral\/","url":"https:\/\/super-news.info\/es\/yolanda-diaz-aboga-por-el-dialogo-social-para-cambiar-la-economia-y-trabajara-para-modernizar-el-mercado-laboral\/","name":"Yolanda D\u00edaz aboga por el \"di\u00e1logo social\" para \"cambiar la econom\u00eda\" y trabajar\u00e1 para \"modernizar\" el mercado laboral - Super News","isPartOf":{"@id":"https:\/\/super-news.info\/es\/#website"},"primaryImageOfPage":{"@id":"https:\/\/super-news.info\/es\/yolanda-diaz-aboga-por-el-dialogo-social-para-cambiar-la-economia-y-trabajara-para-modernizar-el-mercado-laboral\/#primaryimage"},"image":{"@id":"https:\/\/super-news.info\/es\/yolanda-diaz-aboga-por-el-dialogo-social-para-cambiar-la-economia-y-trabajara-para-modernizar-el-mercado-laboral\/#primaryimage"},"thumbnailUrl":"https:\/\/super-news.info\/es\/wp-content\/uploads\/sites\/4\/2021\/03\/Yolanda-Diaz-aboga-por-el-dialogo-social-para-cambiar-la.jpg","datePublished":"2021-03-07T02:38:04+00:00","dateModified":"2021-03-07T02:38:12+00:00","author":{"@id":"https:\/\/super-news.info\/es\/#\/schema\/person\/2d4068cb2f39cd10008c2fce578a7356"},"breadcrumb":{"@id":"https:\/\/super-news.info\/es\/yolanda-diaz-aboga-por-el-dialogo-social-para-cambiar-la-economia-y-trabajara-para-modernizar-el-mercado-laboral\/#breadcrumb"},"inLanguage":"en-US","potentialAction":[{"@type":"ReadAction","target":["https:\/\/super-news.info\/es\/yolanda-diaz-aboga-por-el-dialogo-social-para-cambiar-la-economia-y-trabajara-para-modernizar-el-mercado-laboral\/"]}]},{"@type":"ImageObject","inLanguage":"en-US","@id":"https:\/\/super-news.info\/es\/yolanda-diaz-aboga-por-el-dialogo-social-para-cambiar-la-economia-y-trabajara-para-modernizar-el-mercado-laboral\/#primaryimage","url":"https:\/\/super-news.info\/es\/wp-content\/uploads\/sites\/4\/2021\/03\/Yolanda-Diaz-aboga-por-el-dialogo-social-para-cambiar-la.jpg","contentUrl":"https:\/\/super-news.info\/es\/wp-content\/uploads\/sites\/4\/2021\/03\/Yolanda-Diaz-aboga-por-el-dialogo-social-para-cambiar-la.jpg","width":120,"height":80,"caption":"Yolanda D\u00edaz aboga por el \"di\u00e1logo social\" para \"cambiar la econom\u00eda\" y trabajar\u00e1 para \"modernizar\" el mercado laboral"},{"@type":"BreadcrumbList","@id":"https:\/\/super-news.info\/es\/yolanda-diaz-aboga-por-el-dialogo-social-para-cambiar-la-economia-y-trabajara-para-modernizar-el-mercado-laboral\/#breadcrumb","itemListElement":[{"@type":"ListItem","position":1,"name":"\u0413\u043b\u0430\u0432\u043d\u0430\u044f \u0441\u0442\u0440\u0430\u043d\u0438\u0446\u0430","item":"https:\/\/super-news.info\/es\/"},{"@type":"ListItem","position":2,"name":"Yolanda D\u00edaz aboga por el &#8220;di\u00e1logo social&#8221; para &#8220;cambiar la econom\u00eda&#8221; y trabajar\u00e1 para &#8220;modernizar&#8221; el mercado laboral"}]},{"@type":"WebSite","@id":"https:\/\/super-news.info\/es\/#website","url":"https:\/\/super-news.info\/es\/","name":"Super News","description":"Super News Espa\u00f1a","potentialAction":[{"@type":"SearchAction","target":{"@type":"EntryPoint","urlTemplate":"https:\/\/super-news.info\/es\/?s={search_term_string}"},"query-input":{"@type":"PropertyValueSpecification","valueRequired":true,"valueName":"search_term_string"}}],"inLanguage":"en-US"},{"@type":"Person","@id":"https:\/\/super-news.info\/es\/#\/schema\/person\/2d4068cb2f39cd10008c2fce578a7356","name":"super-news","image":{"@type":"ImageObject","inLanguage":"en-US","@id":"https:\/\/secure.gravatar.com\/avatar\/64ebac40b93f26a154f8a9b5b6fdccfc46f442b26b3dd6756dbff3bf9dc76fd7?s=96&d=mm&r=g","url":"https:\/\/secure.gravatar.com\/avatar\/64ebac40b93f26a154f8a9b5b6fdccfc46f442b26b3dd6756dbff3bf9dc76fd7?s=96&d=mm&r=g","contentUrl":"https:\/\/secure.gravatar.com\/avatar\/64ebac40b93f26a154f8a9b5b6fdccfc46f442b26b3dd6756dbff3bf9dc76fd7?s=96&d=mm&r=g","caption":"super-news"},"url":"https:\/\/super-news.info\/es\/author\/pt\/"}]}},"_links":{"self":[{"href":"https:\/\/super-news.info\/es\/wp-json\/wp\/v2\/posts\/13786","targetHints":{"allow":["GET"]}}],"collection":[{"href":"https:\/\/super-news.info\/es\/wp-json\/wp\/v2\/posts"}],"about":[{"href":"https:\/\/super-news.info\/es\/wp-json\/wp\/v2\/types\/post"}],"author":[{"embeddable":true,"href":"https:\/\/super-news.info\/es\/wp-json\/wp\/v2\/users\/2"}],"replies":[{"embeddable":true,"href":"https:\/\/super-news.info\/es\/wp-json\/wp\/v2\/comments?post=13786"}],"version-history":[{"count":1,"href":"https:\/\/super-news.info\/es\/wp-json\/wp\/v2\/posts\/13786\/revisions"}],"predecessor-version":[{"id":13788,"href":"https:\/\/super-news.info\/es\/wp-json\/wp\/v2\/posts\/13786\/revisions\/13788"}],"wp:featuredmedia":[{"embeddable":true,"href":"https:\/\/super-news.info\/es\/wp-json\/wp\/v2\/media\/13787"}],"wp:attachment":[{"href":"https:\/\/super-news.info\/es\/wp-json\/wp\/v2\/media?parent=13786"}],"wp:term":[{"taxonomy":"category","embeddable":true,"href":"https:\/\/super-news.info\/es\/wp-json\/wp\/v2\/categories?post=13786"},{"taxonomy":"post_tag","embeddable":true,"href":"https:\/\/super-news.info\/es\/wp-json\/wp\/v2\/tags?post=13786"}],"curies":[{"name":"wp","href":"https:\/\/api.w.org\/{rel}","templated":true}]}}